{"id":88114,"date":"2026-07-14T18:58:26","date_gmt":"2026-07-14T21:58:26","guid":{"rendered":"https:\/\/noticiasribeiraopreto.com.br\/index.php\/2026\/07\/14\/festa-do-peao-de-barretos-confirma-show-de-nattan-no-palco-camping\/"},"modified":"2026-07-14T18:58:26","modified_gmt":"2026-07-14T21:58:26","slug":"festa-do-peao-de-barretos-confirma-show-de-nattan-no-palco-camping","status":"publish","type":"post","link":"https:\/\/noticiasribeiraopreto.com.br\/index.php\/2026\/07\/14\/festa-do-peao-de-barretos-confirma-show-de-nattan-no-palco-camping\/","title":{"rendered":"Festa do Pe\u00e3o de Barretos confirma show de Nattan no Palco Camping"},"content":{"rendered":"<div class='code-block code-block-1' style='margin: 8px 0 8px auto; text-align: right; display: block; clear: both;'>\n<p><a href=\"https:\/\/wa.link\/vpicfd\"><img data-recalc-dims=\"1\" class=\"wp-image-4922\" style=\"aspect-ratio: 2.0253164556962027; width: 561px; height: auto;\" src=\"https:\/\/i0.wp.com\/ismaelcolosi.com.br\/wp-content\/uploads\/2023\/11\/grupo-de-empregos-whatsapp-e-facebook-ismael-colosi-vagas.jpg?ssl=1\" alt=\"\" \/><\/a><\/p>\n<!-- \/wp:image -->\n<\/div>\n<p> <br \/>\n<\/p>\n<p>A <strong>Festa do Pe\u00e3o de Barretos<\/strong> confirmou, nesta ter\u00e7a-feira (14), o cantor <strong>Nattan <\/strong>no palco camping no dia 22 de agosto, \u00e0s 16h30, com o projeto &#8220;Nattan no Camping&#8221;. Al\u00e9m dele, <strong>Michel Tel\u00f3<\/strong> tamb\u00e9m j\u00e1 est\u00e1 confirmado no espa\u00e7o.<\/p>\n<p>Conhecido pela intera\u00e7\u00e3o com o p\u00fablico e pelo repert\u00f3rio de sucessos, o artista promete levar ao espa\u00e7o a mesma energia que marca suas apresenta\u00e7\u00f5es pelo pa\u00eds.<\/p>\n<p>O show ser\u00e1 realizado na <strong>\u00e1rea do camping<\/strong>, localizada dentro do Parque do Pe\u00e3o, e \u00e9 voltado aos <strong>h\u00f3spedes que optarem por permanecer no local durante o evento.<\/strong><\/p>\n<figure class=\"wp-block-gallery has-nested-images columns-default is-cropped wp-block-gallery-4 is-layout-flex wp-block-gallery-is-layout-flex\">\n<figure class=\"wp-block-image size-large\"><figcaption class=\"wp-element-caption\">Festa do Pe\u00e3o de Barretos acontece entre os dias 20 e 30 de agosto &#8211; Foto: Andr\u00e9 Monteiro.<\/figcaption><\/figure>\n<figure class=\"wp-block-image size-large\"><img data-recalc-dims=\"1\" loading=\"lazy\" decoding=\"async\" width=\"1024\" height=\"576\" data-id=\"162201\" src=\"https:\/\/i0.wp.com\/www.acidadeon.com\/ribeiraopreto\/wp-content\/uploads\/sites\/3\/2026\/06\/barretos-festa_2026-06-22_13-44-19-1024x576.webp?resize=1024%2C576&#038;ssl=1\" alt=\"Festa do Pe\u00e3o de Barretos acontece entre os dias 20 e 30 de agosto - Foto: Alisson Demetrio.\" class=\"wp-image-162201\" title=\"Festa do Pe\u00e3o de Barretos confirma show de Nattan no Palco Camping 9\" \/><figcaption class=\"wp-element-caption\">Festa do Pe\u00e3o de Barretos acontece entre os dias 20 e 30 de agosto &#8211; Foto: Alisson Demetrio.<\/figcaption><\/figure>\n<\/figure>\n<p class=\"has-text-align-center has-cyan-bluish-gray-background-color has-background\"><em>Receba not\u00edcias do&nbsp;<strong>acidade on Ribeir\u00e3o&nbsp;<\/strong>no WhatsApp e fique por dentro de tudo! Basta acessar o link<a href=\"https:\/\/chat.whatsapp.com\/DfXwcjKVIddHUT3BvnQuPZ?mode=hqctshi\" target=\"_blank\" rel=\"noreferrer noopener\">&nbsp;aqu<\/a>i!<\/em><\/p>\n<h2 class=\"wp-block-heading\"><strong>Nattan \u00e9 mais uma atra\u00e7\u00e3o confirmada na Festa do Pe\u00e3o de Barretos<\/strong><\/h2>\n<p>Ao longo da <strong>71\u00aa edi\u00e7\u00e3o da festa<\/strong>, o palco camping receber\u00e1 <strong>mais de 35 apresenta\u00e7\u00f5es<\/strong>, reunindo artistas de diferentes estilos musicais.<\/p>\n<p>Segundo Pedro Muzeti, diretor cultural da associa\u00e7\u00e3o Os Independentes, a proposta \u00e9 reunir artistas que tenham forte conex\u00e3o com o p\u00fablico e proporcionem experi\u00eancias diferenciadas aos campistas.<\/p>\n<blockquote class=\"wp-block-quote is-layout-flow wp-block-quote-is-layout-flow\">\n<p>&#8220;O p\u00fablico do camping gosta de viver a Festa intensamente e isso inspira a constru\u00e7\u00e3o desse line-up \u00fanico. Procuramos artistas que tenham essa energia, valorizem a intera\u00e7\u00e3o com o p\u00fablico e estejam dispostos a criar apresenta\u00e7\u00f5es exclusivas para esse espa\u00e7o. O Nattan tem todas essas caracter\u00edsticas e temos certeza de que ser\u00e1 um grande momento para os campistas&#8221;, afirma.<\/p>\n<\/blockquote>\n<figure class=\"wp-block-gallery has-nested-images columns-default is-cropped wp-block-gallery-5 is-layout-flex wp-block-gallery-is-layout-flex\">\n<figure class=\"wp-block-image size-large\"><img data-recalc-dims=\"1\" loading=\"lazy\" decoding=\"async\" width=\"1024\" height=\"576\" data-id=\"165862\" src=\"https:\/\/i0.wp.com\/www.acidadeon.com\/ribeiraopreto\/wp-content\/uploads\/sites\/3\/2026\/07\/rainha-barretos-2-1024x576.jpg?resize=1024%2C576&#038;ssl=1\" alt=\"Nattan est\u00e1 confirmado no palco camping em Barretos - Foto: Divulga\u00e7\u00e3o.\" class=\"wp-image-165862\" title=\"Festa do Pe\u00e3o de Barretos confirma show de Nattan no Palco Camping 10\" \/><figcaption class=\"wp-element-caption\">Nattan est\u00e1 confirmado no palco camping em Barretos &#8211; Foto: Divulga\u00e7\u00e3o.<\/figcaption><\/figure>\n<figure class=\"wp-block-image size-large\"><img data-recalc-dims=\"1\" loading=\"lazy\" decoding=\"async\" width=\"1007\" height=\"752\" data-id=\"111005\" src=\"https:\/\/i0.wp.com\/www.acidadeon.com\/ribeiraopreto\/wp-content\/uploads\/sites\/3\/2025\/03\/nattan_2025-03-19_18-46-30_jpg_2025-03-19_18-46-30.webp?resize=1007%2C752&#038;ssl=1\" alt=\"Nattan est\u00e1 confirmado no palco camping em Barretos - Foto: Divulga\u00e7\u00e3o.\" class=\"wp-image-111005\" title=\"Festa do Pe\u00e3o de Barretos confirma show de Nattan no Palco Camping 11\" \/><figcaption class=\"wp-element-caption\">Nattan est\u00e1 confirmado no palco camping em Barretos &#8211; Foto: Divulga\u00e7\u00e3o.<\/figcaption><\/figure>\n<\/figure>\n<h3 class=\"wp-block-heading\"><strong>Como funciona o camping da Festa do Pe\u00e3o de Barretos?<\/strong><\/h3>\n<p><strong>O camping oficial tem capacidade para receber at\u00e9 20 mil pessoas e fica dentro do Parque do Pe\u00e3o<\/strong>. A estrutura oferece op\u00e7\u00f5es de hospedagem para barracas, motorhomes, cont\u00eaineres, cabanas e a Vila Barretos Aura Trip.<\/p>\n<p>Al\u00e9m dos shows exclusivos, os campistas t\u00eam acesso \u00e0 programa\u00e7\u00e3o completa do evento, incluindo rodeios, shows nos demais palcos, feira comercial e pra\u00e7a de alimenta\u00e7\u00e3o.<\/p>\n<p>A Festa do Pe\u00e3o de Barretos ser\u00e1 realizada entre os dias 20 e 30 de agosto. Os ingressos para os shows e os passaportes para o camping est\u00e3o \u00e0 venda de forma online \u2013 <a href=\"https:\/\/barretos.totalacesso.com\/\" target=\"_blank\" data-type=\"link\" data-id=\"https:\/\/barretos.totalacesso.com\/\" rel=\"noreferrer noopener\">clique aqui para acessar<\/a>.<\/p>\n<h2 class=\"wp-block-heading\"><strong>Servi\u00e7o<\/strong><\/h2>\n<p><em>71\u00aa Festa do Pe\u00e3o de Barretos<\/em><\/p>\n<p>Quando: 20 a 30 de agosto de 2026<\/p>\n<p>Local: Parque do Pe\u00e3o \u2013 Barretos<\/p>\n<p>Camping oficial: dentro do Parque do Pe\u00e3o, com acesso exclusivo aos h\u00f3spedes e programa\u00e7\u00e3o pr\u00f3pria de shows<\/p>\n<p>Ingressos: <a href=\"https:\/\/barretos.totalacesso.com\/\" target=\"_blank\" data-type=\"link\" data-id=\"https:\/\/barretos.totalacesso.com\/\" rel=\"noreferrer noopener\">clique aqui<\/a><\/p>\n<p class=\"has-text-align-center has-cyan-bluish-gray-background-color has-background\"><em>Fa\u00e7a uma den\u00fancia ou sugira uma reportagem sobre&nbsp;<strong>Ribeir\u00e3o Preto&nbsp;<\/strong>e regi\u00e3o por meio do WhatsApp do&nbsp;<strong>acidade on Ribeir\u00e3o<\/strong>: (16) 99117-7802.<\/em><\/p>\n<p>O post Festa do Pe\u00e3o de Barretos confirma show de Nattan no Palco Camping apareceu primeiro em ACidade ON Ribeir\u00e3o Preto.<\/p>\n<p><br \/>\n<br \/><a href=\"https:\/\/www.acidadeon.com\/ribeiraopreto\/lazer-e-cultura\/festa-do-peao-de-barretos-confirma-show-de-nattan-no-palco-camping\/\">Link para o texto original aqui <\/a><\/p>\n<!-- CONTENT END 1 -->\n","protected":false},"excerpt":{"rendered":"<p>A Festa do Pe\u00e3o de Barretos confirmou, nesta ter\u00e7a-feira (14), o cantor Nattan no palco camping no dia 22 de agosto, \u00e0s 16h30, com o&#8230;<\/p>\n","protected":false},"author":1,"featured_media":88115,"comment_status":"","ping_status":"","sticky":false,"template":"","format":"standard","meta":{"advanced_seo_description":"","jetpack_seo_html_title":"","jetpack_seo_noindex":false,"jetpack_seo_schema_type":"","_jetpack_newsletter_access":"","_jetpack_dont_email_post_to_subs":false,"_jetpack_newsletter_tier_id":0,"_jetpack_memberships_contains_paywalled_content":false,"_jetpack_feature_clip_id":0,"_jetpack_memberships_contains_paid_content":false,"footnotes":"","jetpack_publicize_message":"","jetpack_publicize_feature_enabled":true,"jetpack_social_post_already_shared":true,"jetpack_social_options":{"image_generator_settings":{"template":"highway","default_image_id":0,"font":"","enabled":false},"version":2},"jetpack_post_was_ever_published":false},"categories":[11],"tags":[3023,7683,1675,2017,7713,2650,3641,360],"class_list":["post-88114","post","type-post","status-publish","format-standard","has-post-thumbnail","hentry","category-noticias-de-ribeirao-preto-sp-e-regiao-ismael-colosi","tag-barretos","tag-camping","tag-confirma","tag-festa","tag-nattan","tag-palco","tag-peao","tag-show"],"jetpack_publicize_connections":[],"jetpack-related-posts":[{"id":88235,"url":"https:\/\/noticiasribeiraopreto.com.br\/index.php\/2026\/07\/16\/festa-do-peao-de-barretos-divulga-programacao-completa-do-palco-camping-veja-atracoes\/","url_meta":{"origin":88114,"position":0},"title":"Festa do Pe\u00e3o de Barretos divulga programa\u00e7\u00e3o completa do palco Camping; Veja atra\u00e7\u00f5es","author":"noticiasribeiraopreto.com.br","date":"16 de July de 2026","format":false,"excerpt":"A 71\u00aa Festa do Pe\u00e3o de Barretos divulgou nessa quarta-feira (16), a programa\u00e7\u00e3o completa de shows do palco Camping. Ao todo, ser\u00e3o mais de 35 apresenta\u00e7\u00f5es, incluindo projetos exclusivos e atra\u00e7\u00f5es in\u00e9ditas no evento para os hospedes do Parque do Pe\u00e3o. Entre os destaques est\u00e3o o projeto \u201cNattan no Camping\u201c,\u2026","rel":"","context":"In &quot;Not\u00edcias de Ribeir\u00e3o Preto-SP e Regi\u00e3o&quot;","block_context":{"text":"Not\u00edcias de Ribeir\u00e3o Preto-SP e Regi\u00e3o","link":"https:\/\/noticiasribeiraopreto.com.br\/index.php\/category\/noticias-de-ribeirao-preto-sp-e-regiao-ismael-colosi\/"},"img":{"alt_text":"","src":"https:\/\/i0.wp.com\/noticiasribeiraopreto.com.br\/wp-content\/uploads\/2026\/07\/barretos-camping.jpg?fit=1200%2C675&ssl=1&resize=350%2C200","width":350,"height":200,"srcset":"https:\/\/i0.wp.com\/noticiasribeiraopreto.com.br\/wp-content\/uploads\/2026\/07\/barretos-camping.jpg?fit=1200%2C675&ssl=1&resize=350%2C200 1x, https:\/\/i0.wp.com\/noticiasribeiraopreto.com.br\/wp-content\/uploads\/2026\/07\/barretos-camping.jpg?fit=1200%2C675&ssl=1&resize=525%2C300 1.5x, https:\/\/i0.wp.com\/noticiasribeiraopreto.com.br\/wp-content\/uploads\/2026\/07\/barretos-camping.jpg?fit=1200%2C675&ssl=1&resize=700%2C400 2x, https:\/\/i0.wp.com\/noticiasribeiraopreto.com.br\/wp-content\/uploads\/2026\/07\/barretos-camping.jpg?fit=1200%2C675&ssl=1&resize=1050%2C600 3x"},"classes":[]},{"id":90277,"url":"https:\/\/noticiasribeiraopreto.com.br\/index.php\/2026\/08\/20\/festa-do-peao-de-barretos-comeca-hoje-veja-o-line-up\/","url_meta":{"origin":88114,"position":1},"title":"Festa do Pe\u00e3o de Barretos come\u00e7a hoje; veja o line-up","author":"noticiasribeiraopreto.com.br","date":"20 de August de 2026","format":false,"excerpt":"A 71\u00aa Festa do Pe\u00e3o de Boiadeiro de Barretos come\u00e7a nesta quinta-feira (20) e segue at\u00e9 30 de agosto no Parque do Pe\u00e3o, em Barretos. Ao longo dos 11 dias, artistas do sertanejo, pagode e ax\u00e9, al\u00e9m de DJs, v\u00e3o se dividir entre os diferentes palcos do evento. Receba not\u00edcias\u2026","rel":"","context":"In &quot;Not\u00edcias de Ribeir\u00e3o Preto-SP e Regi\u00e3o&quot;","block_context":{"text":"Not\u00edcias de Ribeir\u00e3o Preto-SP e Regi\u00e3o","link":"https:\/\/noticiasribeiraopreto.com.br\/index.php\/category\/noticias-de-ribeirao-preto-sp-e-regiao-ismael-colosi\/"},"img":{"alt_text":"","src":"https:\/\/i0.wp.com\/noticiasribeiraopreto.com.br\/wp-content\/uploads\/2026\/08\/WhatsApp-Image-2026-05-03-at-12.59.54_2026-05-03_16-07-05.webp.webp?fit=1200%2C675&ssl=1&resize=350%2C200","width":350,"height":200,"srcset":"https:\/\/i0.wp.com\/noticiasribeiraopreto.com.br\/wp-content\/uploads\/2026\/08\/WhatsApp-Image-2026-05-03-at-12.59.54_2026-05-03_16-07-05.webp.webp?fit=1200%2C675&ssl=1&resize=350%2C200 1x, https:\/\/i0.wp.com\/noticiasribeiraopreto.com.br\/wp-content\/uploads\/2026\/08\/WhatsApp-Image-2026-05-03-at-12.59.54_2026-05-03_16-07-05.webp.webp?fit=1200%2C675&ssl=1&resize=525%2C300 1.5x, https:\/\/i0.wp.com\/noticiasribeiraopreto.com.br\/wp-content\/uploads\/2026\/08\/WhatsApp-Image-2026-05-03-at-12.59.54_2026-05-03_16-07-05.webp.webp?fit=1200%2C675&ssl=1&resize=700%2C400 2x, https:\/\/i0.wp.com\/noticiasribeiraopreto.com.br\/wp-content\/uploads\/2026\/08\/WhatsApp-Image-2026-05-03-at-12.59.54_2026-05-03_16-07-05.webp.webp?fit=1200%2C675&ssl=1&resize=1050%2C600 3x"},"classes":[]},{"id":90458,"url":"https:\/\/noticiasribeiraopreto.com.br\/index.php\/2026\/08\/23\/com-arena-lotada-gusttavo-lima-se-emociona-em-retorno-triunfal-como-embaixador-em-barretos-veja-destaques\/","url_meta":{"origin":88114,"position":2},"title":"Com arena lotada, Gusttavo Lima se emociona em retorno triunfal como embaixador em Barretos; veja destaques","author":"noticiasribeiraopreto.com.br","date":"23 de August de 2026","format":false,"excerpt":"O s\u00e1bado (22) de shows na Festa do Pe\u00e3o de Barretos reservou um dos momentos mais aguardados desta edi\u00e7\u00e3o: o retorno de Gusttavo Lima ao principal palco do sertanejo brasileiro. Embaixador da edi\u00e7\u00e3o de 2026 da festa, o cantor estava ausente desde 2023 e atraiu uma multid\u00e3o na Arena. Al\u00e9m\u2026","rel":"","context":"In &quot;Not\u00edcias de Ribeir\u00e3o Preto-SP e Regi\u00e3o&quot;","block_context":{"text":"Not\u00edcias de Ribeir\u00e3o Preto-SP e Regi\u00e3o","link":"https:\/\/noticiasribeiraopreto.com.br\/index.php\/category\/noticias-de-ribeirao-preto-sp-e-regiao-ismael-colosi\/"},"img":{"alt_text":"","src":"https:\/\/i0.wp.com\/noticiasribeiraopreto.com.br\/wp-content\/uploads\/2026\/08\/WhatsApp-Image-2026-08-23-at-06.18.27.jpeg?fit=1200%2C801&ssl=1&resize=350%2C200","width":350,"height":200,"srcset":"https:\/\/i0.wp.com\/noticiasribeiraopreto.com.br\/wp-content\/uploads\/2026\/08\/WhatsApp-Image-2026-08-23-at-06.18.27.jpeg?fit=1200%2C801&ssl=1&resize=350%2C200 1x, https:\/\/i0.wp.com\/noticiasribeiraopreto.com.br\/wp-content\/uploads\/2026\/08\/WhatsApp-Image-2026-08-23-at-06.18.27.jpeg?fit=1200%2C801&ssl=1&resize=525%2C300 1.5x, https:\/\/i0.wp.com\/noticiasribeiraopreto.com.br\/wp-content\/uploads\/2026\/08\/WhatsApp-Image-2026-08-23-at-06.18.27.jpeg?fit=1200%2C801&ssl=1&resize=700%2C400 2x, https:\/\/i0.wp.com\/noticiasribeiraopreto.com.br\/wp-content\/uploads\/2026\/08\/WhatsApp-Image-2026-08-23-at-06.18.27.jpeg?fit=1200%2C801&ssl=1&resize=1050%2C600 3x"},"classes":[]},{"id":90504,"url":"https:\/\/noticiasribeiraopreto.com.br\/index.php\/2026\/08\/24\/sertanejo-romantico-encerra-primeiro-fim-de-semana-da-festa-do-peao-de-barretos-veja-destaques\/","url_meta":{"origin":88114,"position":3},"title":"Sertanejo rom\u00e2ntico encerra primeiro fim de semana da Festa do Pe\u00e3o de Barretos; veja destaques","author":"noticiasribeiraopreto.com.br","date":"24 de August de 2026","format":false,"excerpt":"A programa\u00e7\u00e3o do primeiro fim de semana da Festa do Pe\u00e3o de Barretos terminou neste domingo (23) ao som do sertanejo rom\u00e2ntico. Ap\u00f3s tr\u00eas noites dominadas por artistas da nova gera\u00e7\u00e3o, nomes do forr\u00f3 e fen\u00f4menos da m\u00fasica atual, Matogrosso & Mathias e Edson & Hudson subiram ao palco da\u2026","rel":"","context":"In &quot;Not\u00edcias de Ribeir\u00e3o Preto-SP e Regi\u00e3o&quot;","block_context":{"text":"Not\u00edcias de Ribeir\u00e3o Preto-SP e Regi\u00e3o","link":"https:\/\/noticiasribeiraopreto.com.br\/index.php\/category\/noticias-de-ribeirao-preto-sp-e-regiao-ismael-colosi\/"},"img":{"alt_text":"","src":"https:\/\/i0.wp.com\/noticiasribeiraopreto.com.br\/wp-content\/uploads\/2026\/08\/foto-49.png?fit=1200%2C675&ssl=1&resize=350%2C200","width":350,"height":200,"srcset":"https:\/\/i0.wp.com\/noticiasribeiraopreto.com.br\/wp-content\/uploads\/2026\/08\/foto-49.png?fit=1200%2C675&ssl=1&resize=350%2C200 1x, https:\/\/i0.wp.com\/noticiasribeiraopreto.com.br\/wp-content\/uploads\/2026\/08\/foto-49.png?fit=1200%2C675&ssl=1&resize=525%2C300 1.5x, https:\/\/i0.wp.com\/noticiasribeiraopreto.com.br\/wp-content\/uploads\/2026\/08\/foto-49.png?fit=1200%2C675&ssl=1&resize=700%2C400 2x, https:\/\/i0.wp.com\/noticiasribeiraopreto.com.br\/wp-content\/uploads\/2026\/08\/foto-49.png?fit=1200%2C675&ssl=1&resize=1050%2C600 3x"},"classes":[]},{"id":88047,"url":"https:\/\/noticiasribeiraopreto.com.br\/index.php\/2026\/07\/13\/michel-telo-e-o-primeiro-nome-confirmado-do-palco-camping-da-festa-do-peao-de-barretos\/","url_meta":{"origin":88114,"position":4},"title":"Michel Tel\u00f3 \u00e9 o primeiro nome confirmado do Palco Camping da Festa do Pe\u00e3o de Barretos","author":"noticiasribeiraopreto.com.br","date":"13 de July de 2026","format":false,"excerpt":"O cantor Michel Tel\u00f3 \u00e9 o primeiro artista confirmado a se apresentar no palco camping da edi\u00e7\u00e3o 71\u00aa Festa do Pe\u00e3o de Barretos. A apresenta\u00e7\u00e3o est\u00e1 marcada para o dia 29 de agosto, a partir das 16h30, com o projeto \u201cSertanejinho do Tel\u00f3\u201c. De acordo com a organiza\u00e7\u00e3o, o show\u2026","rel":"","context":"In &quot;Not\u00edcias de Ribeir\u00e3o Preto-SP e Regi\u00e3o&quot;","block_context":{"text":"Not\u00edcias de Ribeir\u00e3o Preto-SP e Regi\u00e3o","link":"https:\/\/noticiasribeiraopreto.com.br\/index.php\/category\/noticias-de-ribeirao-preto-sp-e-regiao-ismael-colosi\/"},"img":{"alt_text":"","src":"https:\/\/i0.wp.com\/noticiasribeiraopreto.com.br\/wp-content\/uploads\/2026\/07\/michel-telo-1.jpg?fit=1200%2C675&ssl=1&resize=350%2C200","width":350,"height":200,"srcset":"https:\/\/i0.wp.com\/noticiasribeiraopreto.com.br\/wp-content\/uploads\/2026\/07\/michel-telo-1.jpg?fit=1200%2C675&ssl=1&resize=350%2C200 1x, https:\/\/i0.wp.com\/noticiasribeiraopreto.com.br\/wp-content\/uploads\/2026\/07\/michel-telo-1.jpg?fit=1200%2C675&ssl=1&resize=525%2C300 1.5x, https:\/\/i0.wp.com\/noticiasribeiraopreto.com.br\/wp-content\/uploads\/2026\/07\/michel-telo-1.jpg?fit=1200%2C675&ssl=1&resize=700%2C400 2x, https:\/\/i0.wp.com\/noticiasribeiraopreto.com.br\/wp-content\/uploads\/2026\/07\/michel-telo-1.jpg?fit=1200%2C675&ssl=1&resize=1050%2C600 3x"},"classes":[]},{"id":90367,"url":"https:\/\/noticiasribeiraopreto.com.br\/index.php\/2026\/08\/21\/panda-e-matheus-kauan-abrem-shows-da-festa-do-peao-de-barretos-com-arena-lotada-e-surpresa-de-ana-castela-veja-destaque\/","url_meta":{"origin":88114,"position":5},"title":"Panda e Matheus &amp; Kauan abrem shows da Festa do Pe\u00e3o de Barretos com arena lotada e surpresa de Ana Castela; veja destaques","author":"noticiasribeiraopreto.com.br","date":"21 de August de 2026","format":false,"excerpt":"Com o Parque do Pe\u00e3o lotado, Panda e Matheus & Kauan abriram, na noite desta quinta-feira (20), a programa\u00e7\u00e3o de shows da 71\u00aa Festa do Pe\u00e3o de Barretos, em Barretos. Panda foi o primeiro a subir ao Palco Est\u00e1dio e fez sua estreia solo na principal arena da festa. Em\u2026","rel":"","context":"In &quot;Not\u00edcias de Ribeir\u00e3o Preto-SP e Regi\u00e3o&quot;","block_context":{"text":"Not\u00edcias de Ribeir\u00e3o Preto-SP e Regi\u00e3o","link":"https:\/\/noticiasribeiraopreto.com.br\/index.php\/category\/noticias-de-ribeirao-preto-sp-e-regiao-ismael-colosi\/"},"img":{"alt_text":"","src":"https:\/\/i0.wp.com\/noticiasribeiraopreto.com.br\/wp-content\/uploads\/2026\/08\/foto-44.png?fit=1200%2C675&ssl=1&resize=350%2C200","width":350,"height":200,"srcset":"https:\/\/i0.wp.com\/noticiasribeiraopreto.com.br\/wp-content\/uploads\/2026\/08\/foto-44.png?fit=1200%2C675&ssl=1&resize=350%2C200 1x, https:\/\/i0.wp.com\/noticiasribeiraopreto.com.br\/wp-content\/uploads\/2026\/08\/foto-44.png?fit=1200%2C675&ssl=1&resize=525%2C300 1.5x, https:\/\/i0.wp.com\/noticiasribeiraopreto.com.br\/wp-content\/uploads\/2026\/08\/foto-44.png?fit=1200%2C675&ssl=1&resize=700%2C400 2x, https:\/\/i0.wp.com\/noticiasribeiraopreto.com.br\/wp-content\/uploads\/2026\/08\/foto-44.png?fit=1200%2C675&ssl=1&resize=1050%2C600 3x"},"classes":[]}],"jetpack_sharing_enabled":true,"jetpack_shortlink":"https:\/\/wp.me\/peQAOb-mVc","jetpack_featured_media_url":"https:\/\/i0.wp.com\/noticiasribeiraopreto.com.br\/wp-content\/uploads\/2026\/07\/rainha-barretos-3.jpg?fit=1200%2C675&ssl=1","_links":{"self":[{"href":"https:\/\/noticiasribeiraopreto.com.br\/index.php\/wp-json\/wp\/v2\/posts\/88114","targetHints":{"allow":["GET"]}}],"collection":[{"href":"https:\/\/noticiasribeiraopreto.com.br\/index.php\/wp-json\/wp\/v2\/posts"}],"about":[{"href":"https:\/\/noticiasribeiraopreto.com.br\/index.php\/wp-json\/wp\/v2\/types\/post"}],"author":[{"embeddable":true,"href":"https:\/\/noticiasribeiraopreto.com.br\/index.php\/wp-json\/wp\/v2\/users\/1"}],"replies":[{"embeddable":true,"href":"https:\/\/noticiasribeiraopreto.com.br\/index.php\/wp-json\/wp\/v2\/comments?post=88114"}],"version-history":[{"count":0,"href":"https:\/\/noticiasribeiraopreto.com.br\/index.php\/wp-json\/wp\/v2\/posts\/88114\/revisions"}],"wp:featuredmedia":[{"embeddable":true,"href":"https:\/\/noticiasribeiraopreto.com.br\/index.php\/wp-json\/wp\/v2\/media\/88115"}],"wp:attachment":[{"href":"https:\/\/noticiasribeiraopreto.com.br\/index.php\/wp-json\/wp\/v2\/media?parent=88114"}],"wp:term":[{"taxonomy":"category","embeddable":true,"href":"https:\/\/noticiasribeiraopreto.com.br\/index.php\/wp-json\/wp\/v2\/categories?post=88114"},{"taxonomy":"post_tag","embeddable":true,"href":"https:\/\/noticiasribeiraopreto.com.br\/index.php\/wp-json\/wp\/v2\/tags?post=88114"}],"curies":[{"name":"wp","href":"https:\/\/api.w.org\/{rel}","templated":true}]}}