{"id":88159,"date":"2026-07-15T13:07:20","date_gmt":"2026-07-15T16:07:20","guid":{"rendered":"https:\/\/noticiasribeiraopreto.com.br\/index.php\/2026\/07\/15\/papo-joao-rock-confirma-3a-edicao-com-programacao-gratuita-em-ribeirao-preto\/"},"modified":"2026-07-15T13:07:20","modified_gmt":"2026-07-15T16:07:20","slug":"papo-joao-rock-confirma-3a-edicao-com-programacao-gratuita-em-ribeirao-preto","status":"publish","type":"post","link":"https:\/\/noticiasribeiraopreto.com.br\/index.php\/2026\/07\/15\/papo-joao-rock-confirma-3a-edicao-com-programacao-gratuita-em-ribeirao-preto\/","title":{"rendered":"Papo Jo\u00e3o\u00a0Rock\u00a0confirma 3\u00aa edi\u00e7\u00e3o com programa\u00e7\u00e3o gratuita em Ribeir\u00e3o Preto"},"content":{"rendered":"<div class='code-block code-block-1' style='margin: 8px 0 8px auto; text-align: right; display: block; clear: both;'>\n<p><a href=\"https:\/\/wa.link\/vpicfd\"><img data-recalc-dims=\"1\" class=\"wp-image-4922\" style=\"aspect-ratio: 2.0253164556962027; width: 561px; height: auto;\" src=\"https:\/\/i0.wp.com\/ismaelcolosi.com.br\/wp-content\/uploads\/2023\/11\/grupo-de-empregos-whatsapp-e-facebook-ismael-colosi-vagas.jpg?ssl=1\" alt=\"\" \/><\/a><\/p>\n<!-- \/wp:image -->\n<\/div>\n<p> <br \/>\n<\/p>\n<p>O <strong>Jo\u00e3o\u00a0Rock\u00a0<\/strong>confirma a <strong>terceira edi\u00e7\u00e3o consecutiva do Papo Jo\u00e3o\u00a0Rock<\/strong>, iniciativa que amplia a experi\u00eancia do festival ao promover encontros dedicados \u00e0 <strong>m\u00fasica<\/strong>, <strong>cultura<\/strong>, <strong>moda<\/strong>, <strong>empreendedorismo<\/strong>, <strong>comportamento <\/strong>e <strong>economia criativa. <\/strong><\/p>\n<p>Marcada para os <strong>dias 29 e 30 de julho<\/strong>, a programa\u00e7\u00e3o acontece das <strong>19h \u00e0s 22h<\/strong>, no <strong>Open Mall do Shopping Iguatemi Ribeir\u00e3o Preto<\/strong>, com <strong>entrada gratuita mediante inscri\u00e7\u00e3o pr\u00e9via.<\/strong><\/p>\n<p class=\"has-text-align-center has-small-font-size\"><em>Receba not\u00edcias do\u00a0<strong>acidade on Ribeir\u00e3o\u00a0<\/strong>no WhatsApp e fique por dentro de tudo! Basta acessar o link<a href=\"https:\/\/chat.whatsapp.com\/DfXwcjKVIddHUT3BvnQuPZ?mode=hqctshi\" target=\"_blank\" rel=\"noreferrer noopener\">\u00a0aqu<\/a>i!<\/em><\/p>\n<p>Com o tema &#8220;Celebrando os Diferentes Brasis&#8221;, o projeto contar\u00e1 com pain\u00e9is e pocket shows que convidam o p\u00fablico a refletir sobre diferentes express\u00f5es da cultura brasileira. <strong>A programa\u00e7\u00e3o completa ser\u00e1 divulgada em breve.<\/strong><\/p>\n<blockquote class=\"wp-block-quote is-layout-flow wp-block-quote-is-layout-flow\">\n<p>&#8220;<em>A cada edi\u00e7\u00e3o, percebemos que o p\u00fablico valoriza ainda mais as experi\u00eancias. O Papo Jo\u00e3o\u00a0Rock\u00a0surge para atender esse desejo, antecipar a expectativa pelo festival e promover conversas sobre temas relevantes e inspiradores, enriquecendo a viv\u00eancia do evento<\/em>&#8220;, afirma Vanessa Toledo, l\u00edder do Papo Jo\u00e3o\u00a0Rock.<\/p>\n<\/blockquote>\n<figure class=\"wp-block-gallery has-nested-images columns-default is-cropped wp-block-gallery-1 is-layout-flex wp-block-gallery-is-layout-flex\">\n<figure class=\"wp-block-image size-large\"><figcaption class=\"wp-element-caption\"> Foto: Divulga\u00e7\u00e3o<\/figcaption><\/figure>\n<figure class=\"wp-block-image size-large\"><img data-recalc-dims=\"1\" loading=\"lazy\" decoding=\"async\" width=\"1024\" height=\"683\" data-id=\"119160\" src=\"https:\/\/i0.wp.com\/www.acidadeon.com\/ribeiraopreto\/wp-content\/uploads\/sites\/3\/2025\/06\/papo-joao-rock_2025-06-06_20-21-27-1024x683.webp?resize=1024%2C683&#038;ssl=1\" alt=\"Papo Jo\u00e3o Rock acontece de 10 a 12 de junho, no Shopping Iguatemi Ribeir\u00e3o Preto - Cr\u00e9dito: NK Audiovisual\" class=\"wp-image-119160\" title=\"Papo Jo\u00e3o\u00a0Rock\u00a0confirma 3\u00aa edi\u00e7\u00e3o com programa\u00e7\u00e3o gratuita em Ribeir\u00e3o Preto 2\" \/><figcaption class=\"wp-element-caption\">Cr\u00e9dito: NK Audiovisual<\/figcaption><\/figure>\n<figure class=\"wp-block-image size-large\"><img data-recalc-dims=\"1\" loading=\"lazy\" decoding=\"async\" width=\"1024\" height=\"576\" data-id=\"115642\" src=\"https:\/\/i0.wp.com\/www.acidadeon.com\/ribeiraopreto\/wp-content\/uploads\/sites\/3\/2025\/05\/Design-sem-nome_2025-05-06_13-03-53-1024x576.webp?resize=1024%2C576&#038;ssl=1\" alt=\"Jo\u00e3o Rock 2026 acontece no dia 1\u00ba de agosto - Foto: Divulga\u00e7\u00e3o\/Jo\u00e3o Rock\" class=\"wp-image-115642\" title=\"Papo Jo\u00e3o\u00a0Rock\u00a0confirma 3\u00aa edi\u00e7\u00e3o com programa\u00e7\u00e3o gratuita em Ribeir\u00e3o Preto 3\" \/><figcaption class=\"wp-element-caption\"> Foto: Divulga\u00e7\u00e3o\/Jo\u00e3o Rock<\/figcaption><\/figure>\n<\/figure>\n<h3 class=\"wp-block-heading\">Como participar do Papo Jo\u00e3o Rock?<\/h3>\n<p>As inscri\u00e7\u00f5es ser\u00e3o gratuitas e estar\u00e3o dispon\u00edveis em breve no site (<a href=\"https:\/\/www.joaorock.com.br\/\" target=\"_blank\" rel=\"noreferrer noopener\">clique aqui<\/a>), na aba \u201cPapo Jo\u00e3o&nbsp;Rock\u201d. As vagas s\u00e3o limitadas \u00e0 capacidade do espa\u00e7o.<\/p>\n<p><strong>Servi\u00e7o<\/strong><br \/><strong>Papo Jo\u00e3o\u00a0Rock\u00a0Ribeir\u00e3o Preto<\/strong><\/p>\n<p><strong>Data:\u00a0<\/strong>29 e 30 de julho<br \/><strong>Hor\u00e1rio:<\/strong>\u00a0das 19h \u00e0s 22h<br \/><strong>Local:\u00a0<\/strong>Shopping Iguatemi Ribeir\u00e3o Preto (Av. Luiz Eduardo Toledo Prado, 900)<\/p>\n<p><em>Entrada gratuita. Vagas limitadas.<\/em><\/p>\n<p class=\"has-text-align-center has-small-font-size\"><em>Fa\u00e7a uma den\u00fancia ou sugira uma reportagem sobre\u00a0<strong>Ribeir\u00e3o Preto\u00a0<\/strong>e regi\u00e3o por meio do WhatsApp do\u00a0<strong>acidade on Ribeir\u00e3o<\/strong>: (16) 99117-7802.<\/em><\/p>\n<p>O post Papo Jo\u00e3o\u00a0Rock\u00a0confirma 3\u00aa edi\u00e7\u00e3o com programa\u00e7\u00e3o gratuita em Ribeir\u00e3o Preto apareceu primeiro em ACidade ON Ribeir\u00e3o Preto.<\/p>\n<p><br \/>\n<br \/><a href=\"https:\/\/www.acidadeon.com\/ribeiraopreto\/joao-rock\/papo-joao-rock-confirma-3a-edicao-com-programacao-gratuita-em-ribeirao-preto\/\">Link para o texto original aqui <\/a><\/p>\n<!-- CONTENT END 1 -->\n","protected":false},"excerpt":{"rendered":"<p>O Jo\u00e3o\u00a0Rock\u00a0confirma a terceira edi\u00e7\u00e3o consecutiva do Papo Jo\u00e3o\u00a0Rock, iniciativa que amplia a experi\u00eancia do festival ao promover encontros dedicados \u00e0 m\u00fasica, cultura, moda, empreendedorismo,&#8230;<\/p>\n","protected":false},"author":1,"featured_media":88160,"comment_status":"","ping_status":"","sticky":false,"template":"","format":"standard","meta":{"advanced_seo_description":"","jetpack_seo_html_title":"","jetpack_seo_noindex":false,"jetpack_seo_schema_type":"","_jetpack_newsletter_access":"","_jetpack_dont_email_post_to_subs":false,"_jetpack_newsletter_tier_id":0,"_jetpack_memberships_contains_paywalled_content":false,"_jetpack_feature_clip_id":0,"_jetpack_memberships_contains_paid_content":false,"footnotes":"","jetpack_publicize_message":"","jetpack_publicize_feature_enabled":true,"jetpack_social_post_already_shared":true,"jetpack_social_options":{"image_generator_settings":{"template":"highway","default_image_id":0,"font":"","enabled":false},"version":2},"jetpack_post_was_ever_published":false},"categories":[11],"tags":[7301,139,343,7733,7732,27,70,26],"class_list":["post-88159","post","type-post","status-publish","format-standard","has-post-thumbnail","hentry","category-noticias-de-ribeirao-preto-sp-e-regiao-ismael-colosi","tag-3a","tag-edicao","tag-gratuita","tag-joaorockconfirma","tag-papo","tag-preto","tag-programacao","tag-ribeirao"],"jetpack_publicize_connections":[],"jetpack-related-posts":[{"id":88622,"url":"https:\/\/noticiasribeiraopreto.com.br\/index.php\/2026\/07\/22\/papo-joao-rock-promove-debates-gratuitos-em-ribeirao-preto-veja-a-programacao\/","url_meta":{"origin":88159,"position":0},"title":"Papo Jo\u00e3o Rock promove debates gratuitos em Ribeir\u00e3o Preto; veja a programa\u00e7\u00e3o","author":"noticiasribeiraopreto.com.br","date":"22 de July de 2026","format":false,"excerpt":"A terceira edi\u00e7\u00e3o do Papo Jo\u00e3o Rock ser\u00e1 realizada nos dias 29 e 30 de julho, no Open Mall do Shopping Iguatemi Ribeir\u00e3o Preto. O projeto de extens\u00e3o cultural do festival oferece uma programa\u00e7\u00e3o gratuita com debates sobre m\u00fasica, comportamento, moda, economia criativa e cultura brasileira, al\u00e9m de pocket shows.\u2026","rel":"","context":"In &quot;Not\u00edcias de Ribeir\u00e3o Preto-SP e Regi\u00e3o&quot;","block_context":{"text":"Not\u00edcias de Ribeir\u00e3o Preto-SP e Regi\u00e3o","link":"https:\/\/noticiasribeiraopreto.com.br\/index.php\/category\/noticias-de-ribeirao-preto-sp-e-regiao-ismael-colosi\/"},"img":{"alt_text":"","src":"https:\/\/i0.wp.com\/noticiasribeiraopreto.com.br\/wp-content\/uploads\/2026\/07\/link-2.jpg?fit=1200%2C800&ssl=1&resize=350%2C200","width":350,"height":200,"srcset":"https:\/\/i0.wp.com\/noticiasribeiraopreto.com.br\/wp-content\/uploads\/2026\/07\/link-2.jpg?fit=1200%2C800&ssl=1&resize=350%2C200 1x, https:\/\/i0.wp.com\/noticiasribeiraopreto.com.br\/wp-content\/uploads\/2026\/07\/link-2.jpg?fit=1200%2C800&ssl=1&resize=525%2C300 1.5x, https:\/\/i0.wp.com\/noticiasribeiraopreto.com.br\/wp-content\/uploads\/2026\/07\/link-2.jpg?fit=1200%2C800&ssl=1&resize=700%2C400 2x, https:\/\/i0.wp.com\/noticiasribeiraopreto.com.br\/wp-content\/uploads\/2026\/07\/link-2.jpg?fit=1200%2C800&ssl=1&resize=1050%2C600 3x"},"classes":[]},{"id":69461,"url":"https:\/\/noticiasribeiraopreto.com.br\/index.php\/2025\/05\/06\/papo-joao-rock-confirma-atracoes-em-debate-sobre-cultura-e-musica\/","url_meta":{"origin":88159,"position":1},"title":"Papo Jo\u00e3o Rock confirma atra\u00e7\u00f5es em debate sobre cultura e m\u00fasica","author":"noticiasribeiraopreto.com.br","date":"6 de May de 2025","format":false,"excerpt":"Na pr\u00f3xima ter\u00e7a-feira (13), a partir das 18h, acontece a primeira edi\u00e7\u00e3o do Papo Jo\u00e3o Rock S\u00e3o Paulo. O encontro ser\u00e1 realizado no Centro Cultural Banco do Brasil (CCBB SP), na capital, e prop\u00f5e reflex\u00f5es sobre m\u00fasica, comportamento, experi\u00eancias e transforma\u00e7\u00e3o social. O tema do debate \u00e9 \u201cCl\u00e1ssico x Novo\u2026","rel":"","context":"In &quot;Not\u00edcias de Ribeir\u00e3o Preto-SP e Regi\u00e3o&quot;","block_context":{"text":"Not\u00edcias de Ribeir\u00e3o Preto-SP e Regi\u00e3o","link":"https:\/\/noticiasribeiraopreto.com.br\/index.php\/category\/noticias-de-ribeirao-preto-sp-e-regiao-ismael-colosi\/"},"img":{"alt_text":"","src":"https:\/\/i0.wp.com\/noticiasribeiraopreto.com.br\/wp-content\/uploads\/2025\/05\/Design-sem-nome-4_2025-05-06_13-34-39.webp.webp?fit=1200%2C675&ssl=1&resize=350%2C200","width":350,"height":200,"srcset":"https:\/\/i0.wp.com\/noticiasribeiraopreto.com.br\/wp-content\/uploads\/2025\/05\/Design-sem-nome-4_2025-05-06_13-34-39.webp.webp?fit=1200%2C675&ssl=1&resize=350%2C200 1x, https:\/\/i0.wp.com\/noticiasribeiraopreto.com.br\/wp-content\/uploads\/2025\/05\/Design-sem-nome-4_2025-05-06_13-34-39.webp.webp?fit=1200%2C675&ssl=1&resize=525%2C300 1.5x, https:\/\/i0.wp.com\/noticiasribeiraopreto.com.br\/wp-content\/uploads\/2025\/05\/Design-sem-nome-4_2025-05-06_13-34-39.webp.webp?fit=1200%2C675&ssl=1&resize=700%2C400 2x, https:\/\/i0.wp.com\/noticiasribeiraopreto.com.br\/wp-content\/uploads\/2025\/05\/Design-sem-nome-4_2025-05-06_13-34-39.webp.webp?fit=1200%2C675&ssl=1&resize=1050%2C600 3x"},"classes":[]},{"id":88981,"url":"https:\/\/noticiasribeiraopreto.com.br\/index.php\/2026\/07\/28\/papo-joao-rock-acontece-nesta-quarta-e-quinta-feira-em-ribeirao-preto\/","url_meta":{"origin":88159,"position":2},"title":"Papo Jo\u00e3o Rock acontece nesta quarta e quinta-feira em Ribeir\u00e3o Preto","author":"noticiasribeiraopreto.com.br","date":"28 de July de 2026","format":false,"excerpt":"OPapo Jo\u00e3o Rock come\u00e7a nesta quarta-feira (29) e segue na quinta-feira (30), no Open Mall do Shopping Iguatemi Ribeir\u00e3o Preto, em frente \u00e0 Tok&Stok. Em sua terceira edi\u00e7\u00e3o, a iniciativa de extens\u00e3o cultural do Festival Jo\u00e3o Rock vai promover pain\u00e9is e apresenta\u00e7\u00f5es musicais nos dois dias, das 19h \u00e0s 22h,\u2026","rel":"","context":"In &quot;Not\u00edcias de Ribeir\u00e3o Preto-SP e Regi\u00e3o&quot;","block_context":{"text":"Not\u00edcias de Ribeir\u00e3o Preto-SP e Regi\u00e3o","link":"https:\/\/noticiasribeiraopreto.com.br\/index.php\/category\/noticias-de-ribeirao-preto-sp-e-regiao-ismael-colosi\/"},"img":{"alt_text":"","src":"https:\/\/i0.wp.com\/noticiasribeiraopreto.com.br\/wp-content\/uploads\/2026\/07\/papo-joao-rock-1024x683.jpeg?fit=1024%2C683&ssl=1&resize=350%2C200","width":350,"height":200,"srcset":"https:\/\/i0.wp.com\/noticiasribeiraopreto.com.br\/wp-content\/uploads\/2026\/07\/papo-joao-rock-1024x683.jpeg?fit=1024%2C683&ssl=1&resize=350%2C200 1x, https:\/\/i0.wp.com\/noticiasribeiraopreto.com.br\/wp-content\/uploads\/2026\/07\/papo-joao-rock-1024x683.jpeg?fit=1024%2C683&ssl=1&resize=525%2C300 1.5x, https:\/\/i0.wp.com\/noticiasribeiraopreto.com.br\/wp-content\/uploads\/2026\/07\/papo-joao-rock-1024x683.jpeg?fit=1024%2C683&ssl=1&resize=700%2C400 2x"},"classes":[]},{"id":89120,"url":"https:\/\/noticiasribeiraopreto.com.br\/index.php\/2026\/07\/30\/joao-rock-abre-debates-sobre-identidade-brasileira-e-diversidade-em-ribeirao\/","url_meta":{"origin":88159,"position":3},"title":"Jo\u00e3o Rock abre debates sobre identidade brasileira e diversidade em Ribeir\u00e3o","author":"noticiasribeiraopreto.com.br","date":"30 de July de 2026","format":false,"excerpt":"A terceira edi\u00e7\u00e3o do Papo Jo\u00e3o Rock come\u00e7ou na noite de ter\u00e7a-feira (29), no Shopping Iguatemi, zona Sul de Ribeir\u00e3o Preto, com debates sobre cultura, m\u00fasica, moda e identidade brasileira. O evento integra a programa\u00e7\u00e3o que antecede o Jo\u00e3o Rock 2026 e re\u00fane convidados para discutir temas ligados \u00e0 diversidade\u2026","rel":"","context":"In &quot;Not\u00edcias de Ribeir\u00e3o Preto-SP e Regi\u00e3o&quot;","block_context":{"text":"Not\u00edcias de Ribeir\u00e3o Preto-SP e Regi\u00e3o","link":"https:\/\/noticiasribeiraopreto.com.br\/index.php\/category\/noticias-de-ribeirao-preto-sp-e-regiao-ismael-colosi\/"},"img":{"alt_text":"","src":"https:\/\/i0.wp.com\/noticiasribeiraopreto.com.br\/wp-content\/uploads\/2026\/07\/joao-rock-2.jpg?fit=1200%2C675&ssl=1&resize=350%2C200","width":350,"height":200,"srcset":"https:\/\/i0.wp.com\/noticiasribeiraopreto.com.br\/wp-content\/uploads\/2026\/07\/joao-rock-2.jpg?fit=1200%2C675&ssl=1&resize=350%2C200 1x, https:\/\/i0.wp.com\/noticiasribeiraopreto.com.br\/wp-content\/uploads\/2026\/07\/joao-rock-2.jpg?fit=1200%2C675&ssl=1&resize=525%2C300 1.5x, https:\/\/i0.wp.com\/noticiasribeiraopreto.com.br\/wp-content\/uploads\/2026\/07\/joao-rock-2.jpg?fit=1200%2C675&ssl=1&resize=700%2C400 2x, https:\/\/i0.wp.com\/noticiasribeiraopreto.com.br\/wp-content\/uploads\/2026\/07\/joao-rock-2.jpg?fit=1200%2C675&ssl=1&resize=1050%2C600 3x"},"classes":[]},{"id":68670,"url":"https:\/\/noticiasribeiraopreto.com.br\/index.php\/2025\/04\/27\/titi-muller-participa-do-papo-joao-rock-sobre-musica-cultura-e-sociedade\/","url_meta":{"origin":88159,"position":4},"title":"Titi M\u00fcller participa do Papo Jo\u00e3o Rock sobre m\u00fasica, cultura e sociedade","author":"noticiasribeiraopreto.com.br","date":"27 de April de 2025","format":false,"excerpt":"A atriz e apresentadora Titi M\u00fcller estar\u00e1 \u00e0 frente de um dos eventos que comp\u00f5em a programa\u00e7\u00e3o do Festival Jo\u00e3o Rock 2025. O Papo Jo\u00e3o Rock, que vai acontecer em S\u00e3o Paulo e Ribeir\u00e3o Preto, tem como objetivo ampliar as discuss\u00f5es sobre m\u00fasica, cultura e sociedade, promovendo um espa\u00e7o de\u2026","rel":"","context":"In &quot;Not\u00edcias de Ribeir\u00e3o Preto-SP e Regi\u00e3o&quot;","block_context":{"text":"Not\u00edcias de Ribeir\u00e3o Preto-SP e Regi\u00e3o","link":"https:\/\/noticiasribeiraopreto.com.br\/index.php\/category\/noticias-de-ribeirao-preto-sp-e-regiao-ismael-colosi\/"},"img":{"alt_text":"","src":"https:\/\/i0.wp.com\/noticiasribeiraopreto.com.br\/wp-content\/uploads\/2025\/04\/Copia-de-Copia-de-Copia-de-TAMANHO-EXATO-PARA-FOTOS-NO-SISTEMA-NOVO-21_2025-04-27_20-37-00.webp.webp?fit=1200%2C675&ssl=1&resize=350%2C200","width":350,"height":200,"srcset":"https:\/\/i0.wp.com\/noticiasribeiraopreto.com.br\/wp-content\/uploads\/2025\/04\/Copia-de-Copia-de-Copia-de-TAMANHO-EXATO-PARA-FOTOS-NO-SISTEMA-NOVO-21_2025-04-27_20-37-00.webp.webp?fit=1200%2C675&ssl=1&resize=350%2C200 1x, https:\/\/i0.wp.com\/noticiasribeiraopreto.com.br\/wp-content\/uploads\/2025\/04\/Copia-de-Copia-de-Copia-de-TAMANHO-EXATO-PARA-FOTOS-NO-SISTEMA-NOVO-21_2025-04-27_20-37-00.webp.webp?fit=1200%2C675&ssl=1&resize=525%2C300 1.5x, https:\/\/i0.wp.com\/noticiasribeiraopreto.com.br\/wp-content\/uploads\/2025\/04\/Copia-de-Copia-de-Copia-de-TAMANHO-EXATO-PARA-FOTOS-NO-SISTEMA-NOVO-21_2025-04-27_20-37-00.webp.webp?fit=1200%2C675&ssl=1&resize=700%2C400 2x, https:\/\/i0.wp.com\/noticiasribeiraopreto.com.br\/wp-content\/uploads\/2025\/04\/Copia-de-Copia-de-Copia-de-TAMANHO-EXATO-PARA-FOTOS-NO-SISTEMA-NOVO-21_2025-04-27_20-37-00.webp.webp?fit=1200%2C675&ssl=1&resize=1050%2C600 3x"},"classes":[]},{"id":71512,"url":"https:\/\/noticiasribeiraopreto.com.br\/index.php\/2025\/06\/06\/cultura-comportamento-e-lifestyle-sao-temas-do-papo-joao-rock-em-ribeirao-preto\/","url_meta":{"origin":88159,"position":5},"title":"Cultura, comportamento e lifestyle s\u00e3o temas do Papo Jo\u00e3o Rock em Ribeir\u00e3o Preto","author":"noticiasribeiraopreto.com.br","date":"6 de June de 2025","format":false,"excerpt":"Come\u00e7a na pr\u00f3xima ter\u00e7a-feira (10), a segunda edi\u00e7\u00e3o do Papo Jo\u00e3o Rock no Shopping Iguatemi, em Ribeir\u00e3o Preto. O projeto que prop\u00f5e ampliar o di\u00e1logo sobre cultura, comportamento e transforma\u00e7\u00e3o social, tendo a m\u00fasica como ponto de partida. O evento segue at\u00e9 quinta-feira (12) e conta com entrada gratuita, mediante\u2026","rel":"","context":"In &quot;Not\u00edcias de Ribeir\u00e3o Preto-SP e Regi\u00e3o&quot;","block_context":{"text":"Not\u00edcias de Ribeir\u00e3o Preto-SP e Regi\u00e3o","link":"https:\/\/noticiasribeiraopreto.com.br\/index.php\/category\/noticias-de-ribeirao-preto-sp-e-regiao-ismael-colosi\/"},"img":{"alt_text":"","src":"https:\/\/i0.wp.com\/noticiasribeiraopreto.com.br\/wp-content\/uploads\/2025\/06\/papo-joao-rock_2025-06-06_20-21-27.webp.webp?fit=1200%2C800&ssl=1&resize=350%2C200","width":350,"height":200,"srcset":"https:\/\/i0.wp.com\/noticiasribeiraopreto.com.br\/wp-content\/uploads\/2025\/06\/papo-joao-rock_2025-06-06_20-21-27.webp.webp?fit=1200%2C800&ssl=1&resize=350%2C200 1x, https:\/\/i0.wp.com\/noticiasribeiraopreto.com.br\/wp-content\/uploads\/2025\/06\/papo-joao-rock_2025-06-06_20-21-27.webp.webp?fit=1200%2C800&ssl=1&resize=525%2C300 1.5x, https:\/\/i0.wp.com\/noticiasribeiraopreto.com.br\/wp-content\/uploads\/2025\/06\/papo-joao-rock_2025-06-06_20-21-27.webp.webp?fit=1200%2C800&ssl=1&resize=700%2C400 2x, https:\/\/i0.wp.com\/noticiasribeiraopreto.com.br\/wp-content\/uploads\/2025\/06\/papo-joao-rock_2025-06-06_20-21-27.webp.webp?fit=1200%2C800&ssl=1&resize=1050%2C600 3x"},"classes":[]}],"jetpack_sharing_enabled":true,"jetpack_shortlink":"https:\/\/wp.me\/peQAOb-mVV","jetpack_featured_media_url":"https:\/\/i0.wp.com\/noticiasribeiraopreto.com.br\/wp-content\/uploads\/2026\/07\/papo-joao-rock-1024x683.jpg?fit=1024%2C683&ssl=1","_links":{"self":[{"href":"https:\/\/noticiasribeiraopreto.com.br\/index.php\/wp-json\/wp\/v2\/posts\/88159","targetHints":{"allow":["GET"]}}],"collection":[{"href":"https:\/\/noticiasribeiraopreto.com.br\/index.php\/wp-json\/wp\/v2\/posts"}],"about":[{"href":"https:\/\/noticiasribeiraopreto.com.br\/index.php\/wp-json\/wp\/v2\/types\/post"}],"author":[{"embeddable":true,"href":"https:\/\/noticiasribeiraopreto.com.br\/index.php\/wp-json\/wp\/v2\/users\/1"}],"replies":[{"embeddable":true,"href":"https:\/\/noticiasribeiraopreto.com.br\/index.php\/wp-json\/wp\/v2\/comments?post=88159"}],"version-history":[{"count":0,"href":"https:\/\/noticiasribeiraopreto.com.br\/index.php\/wp-json\/wp\/v2\/posts\/88159\/revisions"}],"wp:featuredmedia":[{"embeddable":true,"href":"https:\/\/noticiasribeiraopreto.com.br\/index.php\/wp-json\/wp\/v2\/media\/88160"}],"wp:attachment":[{"href":"https:\/\/noticiasribeiraopreto.com.br\/index.php\/wp-json\/wp\/v2\/media?parent=88159"}],"wp:term":[{"taxonomy":"category","embeddable":true,"href":"https:\/\/noticiasribeiraopreto.com.br\/index.php\/wp-json\/wp\/v2\/categories?post=88159"},{"taxonomy":"post_tag","embeddable":true,"href":"https:\/\/noticiasribeiraopreto.com.br\/index.php\/wp-json\/wp\/v2\/tags?post=88159"}],"curies":[{"name":"wp","href":"https:\/\/api.w.org\/{rel}","templated":true}]}}