{"id":88166,"date":"2026-07-15T13:19:36","date_gmt":"2026-07-15T16:19:36","guid":{"rendered":"https:\/\/noticiasribeiraopreto.com.br\/index.php\/2026\/07\/15\/hc-de-ribeirao-preto-inicia-protocolo-para-avaliar-se-estudante-atropelado-tem-morte-encefalica\/"},"modified":"2026-07-15T13:19:36","modified_gmt":"2026-07-15T16:19:36","slug":"hc-de-ribeirao-preto-inicia-protocolo-para-avaliar-se-estudante-atropelado-tem-morte-encefalica","status":"publish","type":"post","link":"https:\/\/noticiasribeiraopreto.com.br\/index.php\/2026\/07\/15\/hc-de-ribeirao-preto-inicia-protocolo-para-avaliar-se-estudante-atropelado-tem-morte-encefalica\/","title":{"rendered":"HC de Ribeir\u00e3o Preto inicia protocolo para avaliar se estudante atropelado tem morte encef\u00e1lica"},"content":{"rendered":"<div class='code-block code-block-1' style='margin: 8px 0 8px auto; text-align: right; display: block; clear: both;'>\n<p><a href=\"https:\/\/wa.link\/vpicfd\"><img data-recalc-dims=\"1\" class=\"wp-image-4922\" style=\"aspect-ratio: 2.0253164556962027; width: 561px; height: auto;\" src=\"https:\/\/i0.wp.com\/ismaelcolosi.com.br\/wp-content\/uploads\/2023\/11\/grupo-de-empregos-whatsapp-e-facebook-ismael-colosi-vagas.jpg?ssl=1\" alt=\"\" \/><\/a><\/p>\n<!-- \/wp:image -->\n<\/div>\n<p> <br \/>\n<\/p>\n<p><strong>O Hospital das Cl\u00ednicas (HC) de Ribeir\u00e3o Preto iniciou nesta quarta-feira (15) o protocolo para avaliar eventual morte encef\u00e1lica do estudante Nathan Pereira Marques, de 15 anos. Ele est\u00e1 internado desde segunda-feira (13), ap\u00f3s ser atropelado de bicicleta pelo motorista de um carro, em&nbsp;Prad\u00f3polis. <\/strong><\/p>\n<p><strong>Leia mais: Engavetamento entre duas carretas, uma van e um carro deixa dois feridos na Anhanguera<\/strong><\/p>\n<p>Segundo o <strong>hospital<\/strong>, <mark style=\"background-color:#fcb900\" class=\"has-inline-color has-black-color\">durante esta quarta ser\u00e3o realizadas as avalia\u00e7\u00f5es t\u00e9cnicas previstas no protocolo, o que inclui testes neurol\u00f3gicos na v\u00edtima.<\/mark><\/p>\n<p>O motorista, identificado como Magno de Brito da Silva, de 51 anos, foi submetido ao teste do baf\u00f4metro e constatado estado de embriaguez. Ele foi preso em flagrante e teve a pris\u00e3o convertida em preventiva. <\/p>\n<figure class=\"wp-block-image\"><figcaption class=\"wp-element-caption\">Ciclista de 15 anos foi atropelado em Prad\u00f3polis, cidade na regi\u00e3o de Ribeir\u00e3o Preto &#8211; Imagem: C\u00e2mera de seguran\u00e7a<\/figcaption><\/figure>\n<h2 class=\"wp-block-heading\">O caso<\/h2>\n<p>Conforme o boletim de ocorr\u00eancia (BO), os policiais constataram que o motorista do carro havia deixado o local ap\u00f3s o atropelamento do jovem, na rua Eliot\u00e9rio Pizarro, no Jardim Paulista.<\/p>\n<p>Ap\u00f3s a ocorr\u00eancia, equipes da PM realizaram dilig\u00eancias e\u00a0localizaram o ve\u00edculo envolvido no atropelamento estacionado na garagem da resid\u00eancia do autor. O motorista, no entanto,\u00a0n\u00e3o estava no im\u00f3vel\u00a0no momento da chegada dos policiais.<\/p>\n<p>Mais tarde, conforme as informa\u00e7\u00f5es do BO, o condutor se apresentou \u00e0 base da Pol\u00edcia Militar, onde foi submetido ao teste etil\u00f4metro. Segundo o registro, o aparelho aferiu o \u00edndice de 0,6 mg\/L de \u00e1lcool por litro de ar alveolar, o que configurou crime de tr\u00e2nsito.<\/p>\n<figure class=\"wp-block-gallery has-nested-images columns-default is-cropped wp-block-gallery-5 is-layout-flex wp-block-gallery-is-layout-flex\">\n<figure class=\"wp-block-image size-large\"><img data-recalc-dims=\"1\" loading=\"lazy\" decoding=\"async\" width=\"1024\" height=\"576\" data-id=\"165652\" src=\"https:\/\/i0.wp.com\/www.acidadeon.com\/ribeiraopreto\/wp-content\/uploads\/sites\/3\/2026\/07\/Motorista-suspeito-de-embriaguez-e-preso-apos-atropelar-ciclista-1-1024x576.jpeg?resize=1024%2C576&#038;ssl=1\" alt=\"hc de ribeir\u00e3o preto\" class=\"wp-image-165652\" title=\"HC de Ribeir\u00e3o Preto inicia protocolo para avaliar se estudante atropelado tem morte encef\u00e1lica 12\" \/><figcaption class=\"wp-element-caption\">Imagem: C\u00e2mera de seguran\u00e7a<\/figcaption><\/figure>\n<figure class=\"wp-block-image size-large\"><img data-recalc-dims=\"1\" loading=\"lazy\" decoding=\"async\" width=\"1024\" height=\"574\" data-id=\"165653\" src=\"https:\/\/i0.wp.com\/www.acidadeon.com\/ribeiraopreto\/wp-content\/uploads\/sites\/3\/2026\/07\/Motorista-suspeito-de-embriaguez-e-preso-apos-atropelar-ciclista-2-1024x574.jpeg?resize=1024%2C574&#038;ssl=1\" alt=\"hc de ribeir\u00e3o preto\" class=\"wp-image-165653\" title=\"HC de Ribeir\u00e3o Preto inicia protocolo para avaliar se estudante atropelado tem morte encef\u00e1lica 13\" \/><figcaption class=\"wp-element-caption\">Imagem: C\u00e2mera de seguran\u00e7a<\/figcaption><\/figure>\n<\/figure>\n<p><strong>Aten\u00e7\u00e3o: Inmet emite novo alerta para Ribeir\u00e3o Preto e regi\u00e3o; Confira  <\/strong><\/p>\n<p>O motorista foi preso em flagrante e encaminhado \u00e0 Delegacia da Jaboticabal. Em depoimento, ele confessou aos policiais que consumiu \u00e1lcool antes de dirigir\u00a0e que\u00a0conduzia o ve\u00edculo com excesso de velocidade.<\/p>\n<p>Ele ainda alegou que, ap\u00f3s o acidente, permaneceu no local, mas que se sentiu obrigado a se retirar ap\u00f3s ser\u00a0amea\u00e7ado de morte\u00a0e\u00a0ser agredido com um soco no rosto\u00a0ap\u00f3s uma multid\u00e3o se formar.<\/p>\n<p>A ocorr\u00eancia foi registrada como\u00a0les\u00e3o corporal culposa na dire\u00e7\u00e3o de ve\u00edculo automotor\u00a0e\u00a0fuga do local do acidente. Ap\u00f3s o registro, o homem foi encaminhado para a Cadeia P\u00fablica de Prad\u00f3polis.<\/p>\n<h2 class=\"wp-block-heading\">Veja tamb\u00e9m!<\/h2>\n<h3 class=\"wp-block-heading\">For\u00e7a-tarefa faz buscas em Ribeir\u00e3o Preto contra fraude bilion\u00e1ria em ICMS<\/h3>\n<figure class=\"wp-block-image\"><img data-recalc-dims=\"1\" height=\"425\" width=\"768\" decoding=\"async\" src=\"https:\/\/i0.wp.com\/www.acidadeon.com\/ribeiraopreto\/wp-content\/uploads\/sites\/3\/2026\/02\/49233463317_7efb4d77e5_b_2026-02-13_13-40-41-e1770990197938-768x425.webp?resize=768%2C425&#038;ssl=1\" alt=\"viaturas do baep\" title=\"HC de Ribeir\u00e3o Preto inicia protocolo para avaliar se estudante atropelado tem morte encef\u00e1lica 14\"><figcaption class=\"wp-element-caption\">Baep tamb\u00e9m participa da opera\u00e7\u00e3o &#8211; Foto de arquivo: Governo do Estado de S\u00e3o Paulo<\/figcaption><\/figure>\n<p><strong>Uma for\u00e7a-tarefa deflagrou nesta quarta-feira (15) a opera\u00e7\u00e3o Distrato contra um esquema de comercializa\u00e7\u00e3o de cr\u00e9ditos de ICMS falsos, os quais seriam usados por empresas para reduzir indevidamente o imposto no estado de S\u00e3o Paulo.<\/strong><\/p>\n<p>Segundo informa\u00e7\u00f5es,\u00a0<mark><mark style=\"background-color:#fcb900\" class=\"has-inline-color has-black-color\">foram identificados cr\u00e9ditos irregulares em 752 empresas e o valor sonegado supera R$ 3,8 bilh\u00f5es.<\/mark><\/mark><\/p>\n<p>Est\u00e3o sendo cumpridos\u00a0<strong>38 mandados de busca e apreens\u00e3o<\/strong>, expedidos pela 1\u00aa Vara de Crimes Tribut\u00e1rios, Organiza\u00e7\u00e3o Criminosa e Lavagem de Bens e Valores da Capital, nas\u00a0<mark><mark style=\"background-color:#fcb900\" class=\"has-inline-color has-black-color\">cidades de S\u00e3o Paulo, Campinas, Jundia\u00ed, Ribeir\u00e3o Preto, no estado paulista, al\u00e9m de Londrina e Camb\u00e9, no Paran\u00e1.<\/mark><\/mark><\/p>\n<p>A for\u00e7a-tarefa \u00e9 composta pela Secretaria da Fazenda e Planejamento do Estado de S\u00e3o Paulo (Sefaz-SP), Minist\u00e9rio P\u00fablico de S\u00e3o Paulo (MP-SP) e a Procuradoria Geral do Estado (PGE-SP), com apoio das Pol\u00edcias Civil e Militar.<\/p>\n<h2 class=\"wp-block-heading\">Como funcionava o esquema de fraude bilion\u00e1ria<\/h2>\n<p>As investiga\u00e7\u00f5es apontam que escrit\u00f3rios de advocacia e consultorias ofereciam a empresas paulistas cr\u00e9ditos tribut\u00e1rios com des\u00e1gio. Esses cr\u00e9ditos, segundo as autoridades, eram apresentados como supostos \u201cplanejamentos tribut\u00e1rios\u201d, como se os cr\u00e9ditos tivessem sido regularmente autorizados.<\/p>\n<blockquote class=\"wp-block-quote is-layout-flow wp-block-quote-is-layout-flow\">\n<p>\u201cAp\u00f3s o acordo, o contribuinte deixava de recolher integralmente o ICMS e repassava aos intermediadores honor\u00e1rios de \u00eaxito que podiam chegar a 70% do valor dos cr\u00e9ditos utilizados \u2014 ou seja, recursos que deveriam ser destinados aos cofres p\u00fablicos eram desviados para os estelionat\u00e1rios. Os cr\u00e9ditos negociados n\u00e3o possu\u00edam autoriza\u00e7\u00e3o administrativa e estavam vinculados a empresas inaptas, massas falidas ou opera\u00e7\u00f5es sem lastro econ\u00f4mico real. Para dar apar\u00eancia de legalidade ao esquema, os investigados teriam recorrido a contratos, procura\u00e7\u00f5es, ap\u00f3lices e at\u00e9 a documentos fict\u00edcios atribu\u00eddos \u00e0 pr\u00f3pria administra\u00e7\u00e3o tribut\u00e1ria\u201d<\/p>\n<\/blockquote>\n<p>As investiga\u00e7\u00f5es devem prosseguir, conforme an\u00e1lise do material apreendido na opera\u00e7\u00e3o.<\/p>\n<p>O post HC de Ribeir\u00e3o Preto inicia protocolo para avaliar se estudante atropelado tem morte encef\u00e1lica apareceu primeiro em ACidade ON Ribeir\u00e3o Preto.<\/p>\n<p><br \/>\n<br \/><a href=\"https:\/\/www.acidadeon.com\/ribeiraopreto\/cotidiano\/hc-de-ribeirao-preto-inicia-protocolo-para-avaliar-se-estudante-atropelado-tem-morte-encefalica\/\">Link para o texto original aqui <\/a><\/p>\n<!-- CONTENT END 1 -->\n","protected":false},"excerpt":{"rendered":"<p>O Hospital das Cl\u00ednicas (HC) de Ribeir\u00e3o Preto iniciou nesta quarta-feira (15) o protocolo para avaliar eventual morte encef\u00e1lica do estudante Nathan Pereira Marques, de&#8230;<\/p>\n","protected":false},"author":1,"featured_media":88167,"comment_status":"","ping_status":"","sticky":false,"template":"","format":"standard","meta":{"advanced_seo_description":"","jetpack_seo_html_title":"","jetpack_seo_noindex":false,"jetpack_seo_schema_type":"","_jetpack_newsletter_access":"","_jetpack_dont_email_post_to_subs":false,"_jetpack_newsletter_tier_id":0,"_jetpack_memberships_contains_paywalled_content":false,"_jetpack_feature_clip_id":0,"_jetpack_memberships_contains_paid_content":false,"footnotes":"","jetpack_publicize_message":"","jetpack_publicize_feature_enabled":true,"jetpack_social_post_already_shared":true,"jetpack_social_options":{"image_generator_settings":{"template":"highway","default_image_id":0,"font":"","enabled":false},"version":2},"jetpack_post_was_ever_published":false},"categories":[11],"tags":[867,7597,6248,1378,7735,1951,558,71,27,6247,26,162],"class_list":["post-88166","post","type-post","status-publish","format-standard","has-post-thumbnail","hentry","category-noticias-de-ribeirao-preto-sp-e-regiao-ismael-colosi","tag-atropelado","tag-avaliar","tag-encefalica","tag-estudante","tag-hc-de-ribeirao-preto","tag-inicia","tag-morte","tag-para","tag-preto","tag-protocolo","tag-ribeirao","tag-tem"],"jetpack_publicize_connections":[],"jetpack-related-posts":[{"id":88191,"url":"https:\/\/noticiasribeiraopreto.com.br\/index.php\/2026\/07\/15\/estudante-de-15-anos-atropelado-no-interior-de-sp-tem-morte-encefalica-confirmada\/","url_meta":{"origin":88166,"position":0},"title":"Estudante de 15 anos atropelado no interior de SP tem morte encef\u00e1lica confirmada","author":"noticiasribeiraopreto.com.br","date":"15 de July de 2026","format":false,"excerpt":"O Hospital das Cl\u00ednicas de Ribeir\u00e3o Preto confirmou, na tarde desta quarta-feira (15), que o estudante Nathan Pereira Marques, de 15 anos, teve morte encef\u00e1cila. O jovem foi atropelado de bicicleta por um ve\u00edculo em Prad\u00f3polis, cidade na regi\u00e3o de Ribeir\u00e3o Preto, na \u00faltima segunda-feira (13). Segundo o HC-RP, o\u2026","rel":"","context":"In &quot;Not\u00edcias de Ribeir\u00e3o Preto-SP e Regi\u00e3o&quot;","block_context":{"text":"Not\u00edcias de Ribeir\u00e3o Preto-SP e Regi\u00e3o","link":"https:\/\/noticiasribeiraopreto.com.br\/index.php\/category\/noticias-de-ribeirao-preto-sp-e-regiao-ismael-colosi\/"},"img":{"alt_text":"","src":"https:\/\/i0.wp.com\/noticiasribeiraopreto.com.br\/wp-content\/uploads\/2026\/07\/nathan.jpg?fit=1200%2C774&ssl=1&resize=350%2C200","width":350,"height":200,"srcset":"https:\/\/i0.wp.com\/noticiasribeiraopreto.com.br\/wp-content\/uploads\/2026\/07\/nathan.jpg?fit=1200%2C774&ssl=1&resize=350%2C200 1x, https:\/\/i0.wp.com\/noticiasribeiraopreto.com.br\/wp-content\/uploads\/2026\/07\/nathan.jpg?fit=1200%2C774&ssl=1&resize=525%2C300 1.5x, https:\/\/i0.wp.com\/noticiasribeiraopreto.com.br\/wp-content\/uploads\/2026\/07\/nathan.jpg?fit=1200%2C774&ssl=1&resize=700%2C400 2x, https:\/\/i0.wp.com\/noticiasribeiraopreto.com.br\/wp-content\/uploads\/2026\/07\/nathan.jpg?fit=1200%2C774&ssl=1&resize=1050%2C600 3x"},"classes":[]},{"id":88203,"url":"https:\/\/noticiasribeiraopreto.com.br\/index.php\/2026\/07\/16\/hc-confirma-morte-de-adolescente-atropelado-por-motorista-em-pradopolis\/","url_meta":{"origin":88166,"position":1},"title":"HC confirma morte de adolescente atropelado por motorista em Prad\u00f3polis","author":"noticiasribeiraopreto.com.br","date":"16 de July de 2026","format":false,"excerpt":"\r \r \r 16 de julho de 2026 08:54 \r Compartilhar0 Protocolo de morte encef\u00e1lica foi encerrado na tarde desta quarta-feira (15) e, segundo o hospital, a familia foi comunicada O estudante Nathan Pereira Marques, de 15 anos, morreu na tarde desta quarta-feira (15) ap\u00f3s ficar dois dias internado no\u2026","rel":"","context":"In &quot;Not\u00edcias de Ribeir\u00e3o Preto-SP e Regi\u00e3o&quot;","block_context":{"text":"Not\u00edcias de Ribeir\u00e3o Preto-SP e Regi\u00e3o","link":"https:\/\/noticiasribeiraopreto.com.br\/index.php\/category\/noticias-de-ribeirao-preto-sp-e-regiao-ismael-colosi\/"},"img":{"alt_text":"","src":"https:\/\/i0.wp.com\/noticiasribeiraopreto.com.br\/wp-content\/uploads\/2026\/07\/menino-pradopolis-1.jpg?fit=800%2C500&ssl=1&resize=350%2C200","width":350,"height":200,"srcset":"https:\/\/i0.wp.com\/noticiasribeiraopreto.com.br\/wp-content\/uploads\/2026\/07\/menino-pradopolis-1.jpg?fit=800%2C500&ssl=1&resize=350%2C200 1x, https:\/\/i0.wp.com\/noticiasribeiraopreto.com.br\/wp-content\/uploads\/2026\/07\/menino-pradopolis-1.jpg?fit=800%2C500&ssl=1&resize=525%2C300 1.5x, https:\/\/i0.wp.com\/noticiasribeiraopreto.com.br\/wp-content\/uploads\/2026\/07\/menino-pradopolis-1.jpg?fit=800%2C500&ssl=1&resize=700%2C400 2x"},"classes":[]},{"id":64223,"url":"https:\/\/noticiasribeiraopreto.com.br\/index.php\/2025\/03\/05\/hospital-interrompe-protocolo-de-morte-encefalica-de-jogador-de-ribeirao-preto\/","url_meta":{"origin":88166,"position":2},"title":"Hospital interrompe protocolo de morte encef\u00e1lica de jogador de Ribeir\u00e3o Preto","author":"noticiasribeiraopreto.com.br","date":"5 de March de 2025","format":false,"excerpt":"O Hospital Municipal Dr. Waldemar Tebaldi, em Americana, onde est\u00e1 internado o atleta Pedro Severino, informou que interrompeu o protocolo de morte encef\u00e1lica devido \u00e0 presen\u00e7a de reflexo de tosse no paciente. O comunicado, emitido na tarde desta quarta-feira (5), esclareceu que o jovem seguir\u00e1 com seda\u00e7\u00e3o, ventila\u00e7\u00e3o mec\u00e2nica, uso\u2026","rel":"","context":"In &quot;Not\u00edcias de Ribeir\u00e3o Preto-SP e Regi\u00e3o&quot;","block_context":{"text":"Not\u00edcias de Ribeir\u00e3o Preto-SP e Regi\u00e3o","link":"https:\/\/noticiasribeiraopreto.com.br\/index.php\/category\/noticias-de-ribeirao-preto-sp-e-regiao-ismael-colosi\/"},"img":{"alt_text":"","src":"https:\/\/i0.wp.com\/noticiasribeiraopreto.com.br\/wp-content\/uploads\/2025\/03\/Molde-Midiass-8_2025-03-04_17-03-50_jpg_2025-03-04_17-03-50.webp.webp?fit=960%2C539&ssl=1&resize=350%2C200","width":350,"height":200,"srcset":"https:\/\/i0.wp.com\/noticiasribeiraopreto.com.br\/wp-content\/uploads\/2025\/03\/Molde-Midiass-8_2025-03-04_17-03-50_jpg_2025-03-04_17-03-50.webp.webp?fit=960%2C539&ssl=1&resize=350%2C200 1x, https:\/\/i0.wp.com\/noticiasribeiraopreto.com.br\/wp-content\/uploads\/2025\/03\/Molde-Midiass-8_2025-03-04_17-03-50_jpg_2025-03-04_17-03-50.webp.webp?fit=960%2C539&ssl=1&resize=525%2C300 1.5x, https:\/\/i0.wp.com\/noticiasribeiraopreto.com.br\/wp-content\/uploads\/2025\/03\/Molde-Midiass-8_2025-03-04_17-03-50_jpg_2025-03-04_17-03-50.webp.webp?fit=960%2C539&ssl=1&resize=700%2C400 2x"},"classes":[]},{"id":64193,"url":"https:\/\/noticiasribeiraopreto.com.br\/index.php\/2025\/03\/04\/hospital-inicia-procedimentos-para-confirmar-morte-cerebral-de-jogador-emprestado-do-botafogo-ao-bragantino\/","url_meta":{"origin":88166,"position":3},"title":"Hospital inicia procedimentos para confirmar morte cerebral de jogador emprestado do Botafogo ao Bragantino","author":"noticiasribeiraopreto.com.br","date":"4 de March de 2025","format":false,"excerpt":"O Hospital Municipal Dr. Waldemar Tebaldi informou que abriu um procedimento para a confirma\u00e7\u00e3o de morte encef\u00e1lica do atacante Pedro Severino, de Ribeir\u00e3o Preto. O jovem, de 19 anos, foi v\u00edtima de um acidente na rodovia Anhanguera (SP-330), na manh\u00e3 desta ter\u00e7a-feira (4). De acordo com a nota, a decis\u00e3o\u2026","rel":"","context":"In &quot;Not\u00edcias de Ribeir\u00e3o Preto-SP e Regi\u00e3o&quot;","block_context":{"text":"Not\u00edcias de Ribeir\u00e3o Preto-SP e Regi\u00e3o","link":"https:\/\/noticiasribeiraopreto.com.br\/index.php\/category\/noticias-de-ribeirao-preto-sp-e-regiao-ismael-colosi\/"},"img":{"alt_text":"","src":"https:\/\/i0.wp.com\/noticiasribeiraopreto.com.br\/wp-content\/uploads\/2025\/03\/PEDRO_2025-03-04_14-47-44_jpg_2025-03-04_14-47-44.webp.webp?fit=1200%2C699&ssl=1&resize=350%2C200","width":350,"height":200,"srcset":"https:\/\/i0.wp.com\/noticiasribeiraopreto.com.br\/wp-content\/uploads\/2025\/03\/PEDRO_2025-03-04_14-47-44_jpg_2025-03-04_14-47-44.webp.webp?fit=1200%2C699&ssl=1&resize=350%2C200 1x, https:\/\/i0.wp.com\/noticiasribeiraopreto.com.br\/wp-content\/uploads\/2025\/03\/PEDRO_2025-03-04_14-47-44_jpg_2025-03-04_14-47-44.webp.webp?fit=1200%2C699&ssl=1&resize=525%2C300 1.5x, https:\/\/i0.wp.com\/noticiasribeiraopreto.com.br\/wp-content\/uploads\/2025\/03\/PEDRO_2025-03-04_14-47-44_jpg_2025-03-04_14-47-44.webp.webp?fit=1200%2C699&ssl=1&resize=700%2C400 2x, https:\/\/i0.wp.com\/noticiasribeiraopreto.com.br\/wp-content\/uploads\/2025\/03\/PEDRO_2025-03-04_14-47-44_jpg_2025-03-04_14-47-44.webp.webp?fit=1200%2C699&ssl=1&resize=1050%2C600 3x"},"classes":[]},{"id":64239,"url":"https:\/\/noticiasribeiraopreto.com.br\/index.php\/2025\/03\/06\/hospital-interrompe-protocolo-de-morte-encefalica-de-jogador-do-sub-20-do-bragantino\/","url_meta":{"origin":88166,"position":4},"title":"Hospital Interrompe Protocolo de Morte Encef\u00e1lica de Jogador do Sub-20 do Bragantino","author":"noticiasribeiraopreto.com.br","date":"6 de March de 2025","format":false,"excerpt":"Na manh\u00e3 de 5 de mar\u00e7o de 2025, um hospital na regi\u00e3o de Campinas interrompeu o protocolo de morte encef\u00e1lica de um jogador do Sub-20 do Bragantino. Inicialmente, uma s\u00e9rie de exames rigorosos havia sido iniciada para confirmar a aus\u00eancia de atividade cerebral, mas a equipe m\u00e9dica optou por suspender\u2026","rel":"","context":"In &quot;Not\u00edcias de Ribeir\u00e3o Preto-SP e Regi\u00e3o&quot;","block_context":{"text":"Not\u00edcias de Ribeir\u00e3o Preto-SP e Regi\u00e3o","link":"https:\/\/noticiasribeiraopreto.com.br\/index.php\/category\/noticias-de-ribeirao-preto-sp-e-regiao-ismael-colosi\/"},"img":{"alt_text":"","src":"https:\/\/i0.wp.com\/noticiasribeiraopreto.com.br\/wp-content\/uploads\/2025\/03\/Pedro-Severino-1.jpg?fit=1200%2C675&ssl=1&resize=350%2C200","width":350,"height":200,"srcset":"https:\/\/i0.wp.com\/noticiasribeiraopreto.com.br\/wp-content\/uploads\/2025\/03\/Pedro-Severino-1.jpg?fit=1200%2C675&ssl=1&resize=350%2C200 1x, https:\/\/i0.wp.com\/noticiasribeiraopreto.com.br\/wp-content\/uploads\/2025\/03\/Pedro-Severino-1.jpg?fit=1200%2C675&ssl=1&resize=525%2C300 1.5x, https:\/\/i0.wp.com\/noticiasribeiraopreto.com.br\/wp-content\/uploads\/2025\/03\/Pedro-Severino-1.jpg?fit=1200%2C675&ssl=1&resize=700%2C400 2x, https:\/\/i0.wp.com\/noticiasribeiraopreto.com.br\/wp-content\/uploads\/2025\/03\/Pedro-Severino-1.jpg?fit=1200%2C675&ssl=1&resize=1050%2C600 3x"},"classes":[]},{"id":65950,"url":"https:\/\/noticiasribeiraopreto.com.br\/index.php\/2025\/03\/26\/vitima-de-acidente-na-rodovia-candido-portinari-tem-morte-encefalica-em-ribeirao-preto\/","url_meta":{"origin":88166,"position":5},"title":"V\u00edtima de acidente na rodovia C\u00e2ndido Portinari tem morte encef\u00e1lica em Ribeir\u00e3o Preto","author":"noticiasribeiraopreto.com.br","date":"26 de March de 2025","format":false,"excerpt":"Uma das v\u00edtimas de acidente com quatro ve\u00edculos no \u00faltimo s\u00e1bado (22), no km 323 da rodovia C\u00e2ndido Portinari (SP-334), em Jardin\u00f3polis, na regi\u00e3o de Ribeir\u00e3o Preto, teve morte encef\u00e1lica no Hospital das Cl\u00ednicas \u2013 Unidade de Emerg\u00eancia (HC-UE). Segundo o boletim de ocorr\u00eancias (BO), Bruno de Souza Maeira Gomes\u2026","rel":"","context":"In &quot;Not\u00edcias de Ribeir\u00e3o Preto-SP e Regi\u00e3o&quot;","block_context":{"text":"Not\u00edcias de Ribeir\u00e3o Preto-SP e Regi\u00e3o","link":"https:\/\/noticiasribeiraopreto.com.br\/index.php\/category\/noticias-de-ribeirao-preto-sp-e-regiao-ismael-colosi\/"},"img":{"alt_text":"","src":"https:\/\/i0.wp.com\/noticiasribeiraopreto.com.br\/wp-content\/uploads\/2025\/03\/policia_rodoviaria_1200x675_01042022100400_x1x.jpg?fit=1200%2C675&ssl=1&resize=350%2C200","width":350,"height":200,"srcset":"https:\/\/i0.wp.com\/noticiasribeiraopreto.com.br\/wp-content\/uploads\/2025\/03\/policia_rodoviaria_1200x675_01042022100400_x1x.jpg?fit=1200%2C675&ssl=1&resize=350%2C200 1x, https:\/\/i0.wp.com\/noticiasribeiraopreto.com.br\/wp-content\/uploads\/2025\/03\/policia_rodoviaria_1200x675_01042022100400_x1x.jpg?fit=1200%2C675&ssl=1&resize=525%2C300 1.5x, https:\/\/i0.wp.com\/noticiasribeiraopreto.com.br\/wp-content\/uploads\/2025\/03\/policia_rodoviaria_1200x675_01042022100400_x1x.jpg?fit=1200%2C675&ssl=1&resize=700%2C400 2x, https:\/\/i0.wp.com\/noticiasribeiraopreto.com.br\/wp-content\/uploads\/2025\/03\/policia_rodoviaria_1200x675_01042022100400_x1x.jpg?fit=1200%2C675&ssl=1&resize=1050%2C600 3x"},"classes":[]}],"jetpack_sharing_enabled":true,"jetpack_shortlink":"https:\/\/wp.me\/peQAOb-mW2","jetpack_featured_media_url":"https:\/\/i0.wp.com\/noticiasribeiraopreto.com.br\/wp-content\/uploads\/2026\/07\/hc-ue_2025-12-19_12-56-48.webp.webp?fit=1024%2C576&ssl=1","_links":{"self":[{"href":"https:\/\/noticiasribeiraopreto.com.br\/index.php\/wp-json\/wp\/v2\/posts\/88166","targetHints":{"allow":["GET"]}}],"collection":[{"href":"https:\/\/noticiasribeiraopreto.com.br\/index.php\/wp-json\/wp\/v2\/posts"}],"about":[{"href":"https:\/\/noticiasribeiraopreto.com.br\/index.php\/wp-json\/wp\/v2\/types\/post"}],"author":[{"embeddable":true,"href":"https:\/\/noticiasribeiraopreto.com.br\/index.php\/wp-json\/wp\/v2\/users\/1"}],"replies":[{"embeddable":true,"href":"https:\/\/noticiasribeiraopreto.com.br\/index.php\/wp-json\/wp\/v2\/comments?post=88166"}],"version-history":[{"count":0,"href":"https:\/\/noticiasribeiraopreto.com.br\/index.php\/wp-json\/wp\/v2\/posts\/88166\/revisions"}],"wp:featuredmedia":[{"embeddable":true,"href":"https:\/\/noticiasribeiraopreto.com.br\/index.php\/wp-json\/wp\/v2\/media\/88167"}],"wp:attachment":[{"href":"https:\/\/noticiasribeiraopreto.com.br\/index.php\/wp-json\/wp\/v2\/media?parent=88166"}],"wp:term":[{"taxonomy":"category","embeddable":true,"href":"https:\/\/noticiasribeiraopreto.com.br\/index.php\/wp-json\/wp\/v2\/categories?post=88166"},{"taxonomy":"post_tag","embeddable":true,"href":"https:\/\/noticiasribeiraopreto.com.br\/index.php\/wp-json\/wp\/v2\/tags?post=88166"}],"curies":[{"name":"wp","href":"https:\/\/api.w.org\/{rel}","templated":true}]}}