{"id":88193,"date":"2026-07-15T19:24:06","date_gmt":"2026-07-15T22:24:06","guid":{"rendered":"https:\/\/noticiasribeiraopreto.com.br\/index.php\/2026\/07\/15\/sessao-de-caldos-caldo-de-mandioca-com-andrea-vitaliano\/"},"modified":"2026-07-15T19:24:06","modified_gmt":"2026-07-15T22:24:06","slug":"sessao-de-caldos-caldo-de-mandioca-com-andrea-vitaliano","status":"publish","type":"post","link":"https:\/\/noticiasribeiraopreto.com.br\/index.php\/2026\/07\/15\/sessao-de-caldos-caldo-de-mandioca-com-andrea-vitaliano\/","title":{"rendered":"Sess\u00e3o de Caldos: caldo de mandioca com Andr\u00e9a Vitaliano"},"content":{"rendered":"<div class='code-block code-block-1' style='margin: 8px 0 8px auto; text-align: right; display: block; clear: both;'>\n<p><a href=\"https:\/\/wa.link\/vpicfd\"><img data-recalc-dims=\"1\" class=\"wp-image-4922\" style=\"aspect-ratio: 2.0253164556962027; width: 561px; height: auto;\" src=\"https:\/\/i0.wp.com\/ismaelcolosi.com.br\/wp-content\/uploads\/2023\/11\/grupo-de-empregos-whatsapp-e-facebook-ismael-colosi-vagas.jpg?ssl=1\" alt=\"\" \/><\/a><\/p>\n<!-- \/wp:image -->\n<\/div>\n<p> <br \/>\n<\/p>\n<p>Com a chegada das temperaturas mais baixas, os pratos quentes (caldos) ganham espa\u00e7o nas mesas e se tornam os grandes protagonistas das refei\u00e7\u00f5es em fam\u00edlia. Al\u00e9m de aquecerem o corpo, eles tamb\u00e9m ajudam a criar momentos de conviv\u00eancia e conforto, especialmente durante o inverno. Pensando nisso, o quadro <strong>Momento da Fam\u00edlia<\/strong> apresentou uma receita que re\u00fane praticidade, sabor e ingredientes acess\u00edveis: um delicioso <strong>caldo de mandioca com lingui\u00e7a toscana<\/strong>, ideal para quem busca uma refei\u00e7\u00e3o completa, cremosa e f\u00e1cil de preparar.<\/p>\n<h2 class=\"wp-block-heading\"><strong>Para confraternizar<\/strong><\/h2>\n<figure class=\"wp-block-image size-large\"><figcaption class=\"wp-element-caption\">Sess\u00e3o de Caldos: caldo de mandioca com Andr\u00e9a Vitaliano &#8211; Cr\u00e9dito: Divulga\u00e7\u00e3o<\/figcaption><\/figure>\n<p>A receita \u00e9 uma \u00f3tima op\u00e7\u00e3o tanto para o almo\u00e7o quanto para o jantar e mostra que n\u00e3o \u00e9 preciso recorrer a preparos complicados para servir um prato cheio de sabor. Com poucos ingredientes e um modo de preparo simples, o caldo conquista pela textura aveludada e pelo sabor marcante da combina\u00e7\u00e3o entre a mandioca e a lingui\u00e7a toscana.<\/p>\n<p>O primeiro passo \u00e9 cozinhar a mandioca at\u00e9 que ela fique bem macia. Um detalhe importante \u00e9 n\u00e3o descartar a \u00e1gua do cozimento, j\u00e1 que ela concentra parte do sabor e do amido liberado pela raiz durante o preparo. Depois de cozida, a mandioca deve ser reservada junto com essa \u00e1gua, que ser\u00e1 utilizada mais adiante para dar cremosidade ao caldo.<\/p>\n<p>Enquanto a mandioca cozinha, come\u00e7a o preparo da lingui\u00e7a toscana. Ela deve ser retirada da pele e levada \u00e0 panela para fritar at\u00e9 ficar bem dourada. Esse processo \u00e9 essencial para real\u00e7ar o sabor da carne e criar uma base rica para a receita. Ap\u00f3s a lingui\u00e7a atingir o ponto ideal, entram em cena ingredientes que deixam o refogado ainda mais arom\u00e1tico: alho, cebola, molho de tomate, salsinha e cebolinha. A combina\u00e7\u00e3o forma uma mistura cheia de sabor, que se integra perfeitamente \u00e0 cremosidade da mandioca.<\/p>\n<p>Na sequ\u00eancia, a mandioca cozida \u00e9 batida no liquidificador juntamente com a \u00e1gua do cozimento, formando um creme homog\u00eaneo e encorpado. Essa etapa garante a consist\u00eancia caracter\u00edstica do caldo e dispensa o uso de espessantes ou ingredientes adicionais. Depois de batido, o creme \u00e9 incorporado ao refogado de lingui\u00e7a, sendo misturado lentamente at\u00e9 que todos os sabores estejam completamente integrados.<\/p>\n<h3 class=\"wp-block-heading\"><strong>Perfeito para dias frios<\/strong><\/h3>\n<p>O resultado \u00e9 um caldo extremamente cremoso, nutritivo e reconfortante, perfeito para os dias mais frios do ano. A receita pode ser servida logo ap\u00f3s o preparo e ainda permite diferentes acompanhamentos, como torradas, p\u00e3o franc\u00eas, queijo ralado, cheiro-verde fresco ou at\u00e9 um fio de azeite para finalizar. S\u00e3o pequenos detalhes que tornam a experi\u00eancia ainda mais especial e permitem adaptar o prato ao gosto de cada fam\u00edlia.<\/p>\n<figure class=\"wp-block-image size-large\"><img data-recalc-dims=\"1\" loading=\"lazy\" decoding=\"async\" width=\"1024\" height=\"576\" src=\"https:\/\/i0.wp.com\/www.acidadeon.com\/ribeiraopreto\/wp-content\/uploads\/sites\/3\/2026\/07\/Foto-4-1-1024x576.png?resize=1024%2C576&#038;ssl=1\" alt=\"Foto 4 1\" class=\"wp-image-166079\" title=\"Sess\u00e3o de Caldos: caldo de mandioca com Andr\u00e9a Vitaliano 19\" \/><figcaption class=\"wp-element-caption\">Sess\u00e3o de Caldos: caldo de mandioca com Andr\u00e9a Vitaliano &#8211; Cr\u00e9dito: Divulga\u00e7\u00e3o<\/figcaption><\/figure>\n<p>Durante o preparo, outro destaque foi a qualidade da mandioca produzida em <strong>Brodowski<\/strong>, munic\u00edpio reconhecido pela tradi\u00e7\u00e3o no cultivo da raiz. Segundo os produtores, a mandioca da regi\u00e3o possui caracter\u00edsticas que favorecem o cozimento r\u00e1pido e garantem uma textura mais macia, fatores que fazem toda a diferen\u00e7a em receitas como caldos, sopas, pur\u00eas e escondidinhos. Al\u00e9m de reduzir o tempo de preparo, essa qualidade proporciona um resultado final ainda mais cremoso e saboroso.<\/p>\n<p>Al\u00e9m do sabor, a mandioca tamb\u00e9m chama a aten\u00e7\u00e3o pelo seu valor nutricional. Rica em carboidratos, ela \u00e9 uma importante fonte de energia e, quando combinada \u00e0 prote\u00edna da lingui\u00e7a e aos temperos frescos, resulta em uma refei\u00e7\u00e3o equilibrada e bastante satisfat\u00f3ria para os dias de inverno. A receita mostra como ingredientes simples e tradicionais da culin\u00e1ria brasileira podem se transformar em pratos completos, capazes de agradar diferentes paladares.<\/p>\n<figure class=\"wp-block-image size-large\"><img data-recalc-dims=\"1\" loading=\"lazy\" decoding=\"async\" width=\"1024\" height=\"576\" src=\"https:\/\/i0.wp.com\/www.acidadeon.com\/ribeiraopreto\/wp-content\/uploads\/sites\/3\/2026\/07\/Foto-3-1-1024x576.png?resize=1024%2C576&#038;ssl=1\" alt=\"Foto 3 1\" class=\"wp-image-166073\" title=\"Sess\u00e3o de Caldos: caldo de mandioca com Andr\u00e9a Vitaliano 20\" \/><figcaption class=\"wp-element-caption\">Sess\u00e3o de Caldos: caldo de mandioca com Andr\u00e9a Vitaliano &#8211; Cr\u00e9dito: Divulga\u00e7\u00e3o<\/figcaption><\/figure>\n<p>A proposta do quadro <strong><a href=\"https:\/\/www.youtube.com\/@momentodafamilia\" target=\"_blank\" rel=\"noreferrer noopener\">Momento da Fam\u00edlia<\/a><\/strong> \u00e9 justamente valorizar esse tipo de culin\u00e1ria: receitas f\u00e1ceis de fazer, com ingredientes encontrados facilmente nos mercados e que cabem no or\u00e7amento. Mais do que ensinar o passo a passo, o quadro busca incentivar momentos de conviv\u00eancia ao redor da mesa, mostrando que cozinhar tamb\u00e9m pode ser uma forma de reunir familiares e amigos.<\/p>\n<p>Em uma \u00e9poca do ano em que as temperaturas mais baixas convidam a permanecer em casa, receitas como o caldo de mandioca com lingui\u00e7a toscana surgem como excelentes alternativas para aquecer o corpo e criar boas lembran\u00e7as. Pr\u00e1tico, econ\u00f4mico e cheio de sabor, o prato representa a ess\u00eancia da culin\u00e1ria afetiva brasileira: simples no preparo, mas rico em tradi\u00e7\u00e3o, conforto e carinho. \u00c9 uma sugest\u00e3o perfeita para transformar qualquer refei\u00e7\u00e3o em um momento especial compartilhado com quem se ama.<\/p>\n<h3 class=\"wp-block-heading\"><strong>Ingredientes<\/strong><\/h3>\n<ul class=\"wp-block-list\">\n<li>Mandioca cozida<\/li>\n<li>\u00c1gua do cozimento da mandioca<\/li>\n<li>Lingui\u00e7a toscana<\/li>\n<li>Alho<\/li>\n<li>Cebola<\/li>\n<li>Molho de tomate<\/li>\n<li>Salsinha<\/li>\n<li>Cebolinha<\/li>\n<li>\u00d3leo<\/li>\n<\/ul>\n<h3 class=\"wp-block-heading\"><strong>Modo de preparo<\/strong><\/h3>\n<ol start=\"1\" class=\"wp-block-list\">\n<li>Cozinhe a mandioca e reserve a \u00e1gua do cozimento.<\/li>\n<li>Frite a lingui\u00e7a toscana at\u00e9 dourar.<\/li>\n<li>Acrescente o alho e a cebola e refogue.<\/li>\n<li>Adicione o molho de tomate, a salsinha e a cebolinha.<\/li>\n<li>Bata a mandioca com a \u00e1gua do cozimento at\u00e9 obter um creme.<\/li>\n<li>Misture o creme ao refogado e cozinhe por mais alguns minutos.<\/li>\n<li>Sirva bem quente e aproveite.<\/li>\n<\/ol>\n<p>Links<\/p>\n<p>Site: <a href=\"https:\/\/www.youtube.com\/redirect?event=channel_description&amp;redir_token=QUFFLUhqbWJqOVJ4MXBubXIyQ0dtc0JVc0FDVUZNRE9ZZ3xBQ3Jtc0tuLXNPR1VEN3VRRV84dzV6RkpUSmMzUzV1cXZUNUhoUkJ4VHNVYXZZU01uZWt3d0d5NzlxTXVwanpiblpCa1JfamhaWGJGeVNRMmpWMnh2aHlFU1RfZ3RlcU43ZjFEcThfN0dZelg1Wi0tVWtJbTdjTQ&amp;q=https%3A%2F%2Fwww.familiaprever.com.br%2F\" target=\"_blank\" rel=\"noreferrer noopener\">familiaprever.com.br<\/a><\/p>\n<p>Instagram: <a href=\"https:\/\/www.youtube.com\/redirect?event=channel_description&amp;redir_token=QUFFLUhqbVo3MjRWcWlMbHNNSWMzdkZsS3NOQXVlTkNBUXxBQ3Jtc0ttWDVCOTlNTkh1MHVpNzMwQ29BUXoyMDlwNkQ0LUtJUGJVUTF2Q0E4Wjk1NTk1c0hxbk80d0VyRE1FUEtmZEpucjNhaDE4bFA1ZGljdHpqRWRBcWFtOFEwalRlbzcwYmxXY2JOZ0RSNm1rTEo1NjRrRQ&amp;q=https%3A%2F%2Fwww.instagram.com%2Fprevercamposeliseos%2F\" target=\"_blank\" rel=\"noreferrer noopener\">instagram.com\/prevercamposeliseos<\/a><\/p>\n<p>Twitter: <a href=\"https:\/\/www.youtube.com\/redirect?event=channel_description&amp;redir_token=QUFFLUhqbGEzWTBYTnRSLXFMSzl6NVZDSE41Y0xYNzZwd3xBQ3Jtc0trdHlDajNpaUswYnp3T3RyZkw2Ujd0OUJFLWNrcktvX05PeFNpWVk2QTVFNHVpTzM3U3RiQjFhU2tHTUZWbGxBMlZsc2V5WTUyaklpWFRXM0E2cFRNZ0xYUG1tQllWYVo2azU1S3NNVlRVS3JteGNZZw&amp;q=https%3A%2F%2Ftwitter.com%2Ffamiliaprever\" target=\"_blank\" rel=\"noreferrer noopener\">twitter.com\/familiaprever<\/a><\/p>\n<p>Facebook: <a href=\"https:\/\/www.youtube.com\/redirect?event=channel_description&amp;redir_token=QUFFLUhqa2luQnFib0VieXpYNXBEQWVwWmwwWlRZZjRmZ3xBQ3Jtc0trTHp3ZTU2dFh1dzRWZEd0SHpnQXhjMjVnSUd0X0ZRQTFqTDBJVU04Njc4b1oxeml0NzJSdG1JVHVnM3kwdFU0UlllQmdzc0x3ZEdvbXNYTUxyeUZtUlVvcU50eUJOUko1VUJKZF9tLXhNWUQxTzZkUQ&amp;q=https%3A%2F%2Fwww.facebook.com%2FFamiliaPrever%2F\" target=\"_blank\" rel=\"noreferrer noopener\">facebook.com\/FamiliaPrever<\/a><\/p>\n<p>Linkedin: <a href=\"https:\/\/www.youtube.com\/redirect?event=channel_description&amp;redir_token=QUFFLUhqbjBnWl9JRnZsSDMzWUVfMmlJcmJ4aXJHWmhJZ3xBQ3Jtc0tuYlpYMVM2TFZ6ZnJnMElsVGhFazd3UEItWEduSldIOFQyVVFWemdxQUVGSWhQTW9ZMzlON005dDl6T2NUNUtFamNpSURSUUZJeXRPanZxWlV6aDVFcFNLOWlUQlR0SGJ2SC1VeE5KS19xRVhlV0V5dw&amp;q=https%3A%2F%2Fwww.linkedin.com%2Fcompany%2Ffamiliaprever%2F\" target=\"_blank\" rel=\"noreferrer noopener\">linkedin.com\/company\/familiaprever<\/a><\/p>\n<h3 class=\"wp-block-heading\"><strong>LEIA MAIS &#8211; Doa\u00e7\u00e3o de sangue mobiliza fi\u00e9is e salva vidas<\/strong><\/h3>\n<p>O post Sess\u00e3o de Caldos: caldo de mandioca com Andr\u00e9a Vitaliano apareceu primeiro em ACidade ON Ribeir\u00e3o Preto.<\/p>\n<p><script async src=\"https:\/\/platform.twitter.com\/widgets.js\" charset=\"utf-8\"><\/script><script async src=\"\/\/www.instagram.com\/embed.js\"><\/script><br \/>\n<br \/><br \/>\n<br \/><a href=\"https:\/\/www.acidadeon.com\/ribeiraopreto\/conteudo-patrocinado\/momento-da-familia\/sessao-de-caldos-caldo-de-mandioca-com-andrea-vitaliano\/\">Link para o texto original aqui <\/a><\/p>\n<!-- CONTENT END 1 -->\n","protected":false},"excerpt":{"rendered":"<p>Com a chegada das temperaturas mais baixas, os pratos quentes (caldos) ganham espa\u00e7o nas mesas e se tornam os grandes protagonistas das refei\u00e7\u00f5es em fam\u00edlia&#8230;.<\/p>\n","protected":false},"author":1,"featured_media":88194,"comment_status":"","ping_status":"","sticky":false,"template":"","format":"standard","meta":{"advanced_seo_description":"","jetpack_seo_html_title":"","jetpack_seo_noindex":false,"jetpack_seo_schema_type":"","_jetpack_newsletter_access":"","_jetpack_dont_email_post_to_subs":false,"_jetpack_newsletter_tier_id":0,"_jetpack_memberships_contains_paywalled_content":false,"_jetpack_feature_clip_id":0,"_jetpack_memberships_contains_paid_content":false,"footnotes":"","jetpack_publicize_message":"","jetpack_publicize_feature_enabled":true,"jetpack_social_post_already_shared":true,"jetpack_social_options":{"image_generator_settings":{"template":"highway","default_image_id":0,"font":"","enabled":false},"version":2},"jetpack_post_was_ever_published":false},"categories":[11],"tags":[7754,7755,7753,536,4759,7756],"class_list":["post-88193","post","type-post","status-publish","format-standard","has-post-thumbnail","hentry","category-noticias-de-ribeirao-preto-sp-e-regiao-ismael-colosi","tag-andrea","tag-caldo","tag-caldos","tag-mandioca","tag-sessao","tag-vitaliano"],"jetpack_publicize_connections":[],"jetpack-related-posts":[{"id":88317,"url":"https:\/\/noticiasribeiraopreto.com.br\/index.php\/2026\/07\/17\/aprenda-caldo-de-feijao-com-calabresa-e-bacon\/","url_meta":{"origin":88193,"position":0},"title":"Aprenda caldo de feij\u00e3o com calabresa e bacon","author":"noticiasribeiraopreto.com.br","date":"17 de July de 2026","format":false,"excerpt":"Com a chegada das temperaturas mais baixas, nada melhor do que apostar em receitas que aquecem o corpo, proporcionam conforto e transformam qualquer refei\u00e7\u00e3o em um momento especial. Os caldos s\u00e3o grandes protagonistas dessa \u00e9poca do ano por serem pr\u00e1ticos, nutritivos, econ\u00f4micos e extremamente vers\u00e1teis. Pensando nisso, a s\u00e9rie especial\u2026","rel":"","context":"In &quot;Not\u00edcias de Ribeir\u00e3o Preto-SP e Regi\u00e3o&quot;","block_context":{"text":"Not\u00edcias de Ribeir\u00e3o Preto-SP e Regi\u00e3o","link":"https:\/\/noticiasribeiraopreto.com.br\/index.php\/category\/noticias-de-ribeirao-preto-sp-e-regiao-ismael-colosi\/"},"img":{"alt_text":"","src":"https:\/\/i0.wp.com\/noticiasribeiraopreto.com.br\/wp-content\/uploads\/2026\/07\/capa-CALDO-DE-FEIJAO-COM-CALABRESA.png?fit=902%2C508&ssl=1&resize=350%2C200","width":350,"height":200,"srcset":"https:\/\/i0.wp.com\/noticiasribeiraopreto.com.br\/wp-content\/uploads\/2026\/07\/capa-CALDO-DE-FEIJAO-COM-CALABRESA.png?fit=902%2C508&ssl=1&resize=350%2C200 1x, https:\/\/i0.wp.com\/noticiasribeiraopreto.com.br\/wp-content\/uploads\/2026\/07\/capa-CALDO-DE-FEIJAO-COM-CALABRESA.png?fit=902%2C508&ssl=1&resize=525%2C300 1.5x, https:\/\/i0.wp.com\/noticiasribeiraopreto.com.br\/wp-content\/uploads\/2026\/07\/capa-CALDO-DE-FEIJAO-COM-CALABRESA.png?fit=902%2C508&ssl=1&resize=700%2C400 2x"},"classes":[]},{"id":88308,"url":"https:\/\/noticiasribeiraopreto.com.br\/index.php\/2026\/07\/17\/aprenda-a-fazer-caldo-de-palmito-com-frango\/","url_meta":{"origin":88193,"position":1},"title":"Aprenda a fazer caldo de palmito com frango","author":"noticiasribeiraopreto.com.br","date":"17 de July de 2026","format":false,"excerpt":"Os dias mais frios do ano s\u00e3o um convite para preparar receitas que proporcionam aconchego, sabor e momentos especiais ao lado de quem se ama. Pensando nisso, a s\u00e9rie especial de caldos do Momento da Fam\u00edlia apresenta mais uma op\u00e7\u00e3o pr\u00e1tica e deliciosa para o inverno: o caldo de palmito\u2026","rel":"","context":"In &quot;Not\u00edcias de Ribeir\u00e3o Preto-SP e Regi\u00e3o&quot;","block_context":{"text":"Not\u00edcias de Ribeir\u00e3o Preto-SP e Regi\u00e3o","link":"https:\/\/noticiasribeiraopreto.com.br\/index.php\/category\/noticias-de-ribeirao-preto-sp-e-regiao-ismael-colosi\/"},"img":{"alt_text":"","src":"https:\/\/i0.wp.com\/noticiasribeiraopreto.com.br\/wp-content\/uploads\/2026\/07\/capa-CALDO-DE-PALMITO.png?fit=902%2C508&ssl=1&resize=350%2C200","width":350,"height":200,"srcset":"https:\/\/i0.wp.com\/noticiasribeiraopreto.com.br\/wp-content\/uploads\/2026\/07\/capa-CALDO-DE-PALMITO.png?fit=902%2C508&ssl=1&resize=350%2C200 1x, https:\/\/i0.wp.com\/noticiasribeiraopreto.com.br\/wp-content\/uploads\/2026\/07\/capa-CALDO-DE-PALMITO.png?fit=902%2C508&ssl=1&resize=525%2C300 1.5x, https:\/\/i0.wp.com\/noticiasribeiraopreto.com.br\/wp-content\/uploads\/2026\/07\/capa-CALDO-DE-PALMITO.png?fit=902%2C508&ssl=1&resize=700%2C400 2x"},"classes":[]},{"id":88321,"url":"https:\/\/noticiasribeiraopreto.com.br\/index.php\/2026\/07\/17\/aprenda-a-fazer-um-delicioso-caldo-de-cabotia\/","url_meta":{"origin":88193,"position":2},"title":"Aprenda a fazer um delicioso caldo de caboti\u00e1","author":"noticiasribeiraopreto.com.br","date":"17 de July de 2026","format":false,"excerpt":"A s\u00e9rie especial de caldos do Momento da Fam\u00edlia chega ao fim com uma receita que re\u00fane sabor, praticidade e aquele toque de aconchego t\u00edpico dos dias frios. Para encerrar essa sele\u00e7\u00e3o de pratos preparados especialmente para o inverno, a apresentadora escolheu um de seus favoritos: o tradicional caldo de\u2026","rel":"","context":"In &quot;Not\u00edcias de Ribeir\u00e3o Preto-SP e Regi\u00e3o&quot;","block_context":{"text":"Not\u00edcias de Ribeir\u00e3o Preto-SP e Regi\u00e3o","link":"https:\/\/noticiasribeiraopreto.com.br\/index.php\/category\/noticias-de-ribeirao-preto-sp-e-regiao-ismael-colosi\/"},"img":{"alt_text":"","src":"https:\/\/i0.wp.com\/noticiasribeiraopreto.com.br\/wp-content\/uploads\/2026\/07\/Foto-2-3.png?fit=1200%2C675&ssl=1&resize=350%2C200","width":350,"height":200,"srcset":"https:\/\/i0.wp.com\/noticiasribeiraopreto.com.br\/wp-content\/uploads\/2026\/07\/Foto-2-3.png?fit=1200%2C675&ssl=1&resize=350%2C200 1x, https:\/\/i0.wp.com\/noticiasribeiraopreto.com.br\/wp-content\/uploads\/2026\/07\/Foto-2-3.png?fit=1200%2C675&ssl=1&resize=525%2C300 1.5x, https:\/\/i0.wp.com\/noticiasribeiraopreto.com.br\/wp-content\/uploads\/2026\/07\/Foto-2-3.png?fit=1200%2C675&ssl=1&resize=700%2C400 2x, https:\/\/i0.wp.com\/noticiasribeiraopreto.com.br\/wp-content\/uploads\/2026\/07\/Foto-2-3.png?fit=1200%2C675&ssl=1&resize=1050%2C600 3x"},"classes":[]},{"id":88319,"url":"https:\/\/noticiasribeiraopreto.com.br\/index.php\/2026\/07\/17\/aprenda-a-preparar-um-caldo-de-espinafre-nutritivo\/","url_meta":{"origin":88193,"position":3},"title":"Aprenda a preparar um caldo de espinafre nutritivo","author":"noticiasribeiraopreto.com.br","date":"17 de July de 2026","format":false,"excerpt":"Nada melhor do que um caldo quentinho para aquecer os dias frios e reunir a fam\u00edlia \u00e0 mesa. No Momento da Fam\u00edlia, a receita da vez \u00e9 o delicioso caldo de espinafre, uma op\u00e7\u00e3o que combina praticidade, sabor e muito valor nutricional. Cremoso, leve e f\u00e1cil de preparar, esse prato\u2026","rel":"","context":"In &quot;Not\u00edcias de Ribeir\u00e3o Preto-SP e Regi\u00e3o&quot;","block_context":{"text":"Not\u00edcias de Ribeir\u00e3o Preto-SP e Regi\u00e3o","link":"https:\/\/noticiasribeiraopreto.com.br\/index.php\/category\/noticias-de-ribeirao-preto-sp-e-regiao-ismael-colosi\/"},"img":{"alt_text":"","src":"https:\/\/i0.wp.com\/noticiasribeiraopreto.com.br\/wp-content\/uploads\/2026\/07\/capa-CALDO-DE-ESPINAFRE.png?fit=902%2C508&ssl=1&resize=350%2C200","width":350,"height":200,"srcset":"https:\/\/i0.wp.com\/noticiasribeiraopreto.com.br\/wp-content\/uploads\/2026\/07\/capa-CALDO-DE-ESPINAFRE.png?fit=902%2C508&ssl=1&resize=350%2C200 1x, https:\/\/i0.wp.com\/noticiasribeiraopreto.com.br\/wp-content\/uploads\/2026\/07\/capa-CALDO-DE-ESPINAFRE.png?fit=902%2C508&ssl=1&resize=525%2C300 1.5x, https:\/\/i0.wp.com\/noticiasribeiraopreto.com.br\/wp-content\/uploads\/2026\/07\/capa-CALDO-DE-ESPINAFRE.png?fit=902%2C508&ssl=1&resize=700%2C400 2x"},"classes":[]},{"id":88239,"url":"https:\/\/noticiasribeiraopreto.com.br\/index.php\/2026\/07\/16\/grupo-uniprev-prever-celebra-65-anos-de-historia\/","url_meta":{"origin":88193,"position":4},"title":"Grupo Uniprev Prever celebra 65 anos de hist\u00f3ria","author":"noticiasribeiraopreto.com.br","date":"16 de July de 2026","format":false,"excerpt":"O que realmente importa? Grupo Uniprev Prever celebra 65 anos de hist\u00f3ria marcada pelo cuidado com as pessoas O que realmente importa? Para o Grupo Uniprev Prever, a resposta est\u00e1 na constru\u00e7\u00e3o de uma hist\u00f3ria baseada em paci\u00eancia, respeito, trabalho e compromisso com as pessoas. Ao completar 65 anos de\u2026","rel":"","context":"In &quot;Not\u00edcias de Ribeir\u00e3o Preto-SP e Regi\u00e3o&quot;","block_context":{"text":"Not\u00edcias de Ribeir\u00e3o Preto-SP e Regi\u00e3o","link":"https:\/\/noticiasribeiraopreto.com.br\/index.php\/category\/noticias-de-ribeirao-preto-sp-e-regiao-ismael-colosi\/"},"img":{"alt_text":"","src":"https:\/\/i0.wp.com\/noticiasribeiraopreto.com.br\/wp-content\/uploads\/2026\/07\/capa-aniversario-1.png?fit=1200%2C675&ssl=1&resize=350%2C200","width":350,"height":200,"srcset":"https:\/\/i0.wp.com\/noticiasribeiraopreto.com.br\/wp-content\/uploads\/2026\/07\/capa-aniversario-1.png?fit=1200%2C675&ssl=1&resize=350%2C200 1x, https:\/\/i0.wp.com\/noticiasribeiraopreto.com.br\/wp-content\/uploads\/2026\/07\/capa-aniversario-1.png?fit=1200%2C675&ssl=1&resize=525%2C300 1.5x, https:\/\/i0.wp.com\/noticiasribeiraopreto.com.br\/wp-content\/uploads\/2026\/07\/capa-aniversario-1.png?fit=1200%2C675&ssl=1&resize=700%2C400 2x, https:\/\/i0.wp.com\/noticiasribeiraopreto.com.br\/wp-content\/uploads\/2026\/07\/capa-aniversario-1.png?fit=1200%2C675&ssl=1&resize=1050%2C600 3x"},"classes":[]},{"id":84422,"url":"https:\/\/noticiasribeiraopreto.com.br\/index.php\/2026\/04\/09\/carpaccio-de-pera-com-andrea-vitaliano\/","url_meta":{"origin":88193,"position":5},"title":"Carpaccio de Pera com Andr\u00e9a Vitaliano","author":"noticiasribeiraopreto.com.br","date":"9 de April de 2026","format":false,"excerpt":"Ler o resumo da not\u00edcia O programa Momento da Fam\u00edlia apresentou receita de Carpaccio de Pera criada por Andr\u00e9a Vitaliano. O prato combina peras fatiadas finamente com r\u00facula, castanhas-de-caju, parmes\u00e3o e molho italiano. A prepara\u00e7\u00e3o sugere disp\u00f4r as fatias de pera em formato de c\u00edrculo ou leque para apresenta\u00e7\u00e3o elegante.\u2026","rel":"","context":"In &quot;Not\u00edcias de Ribeir\u00e3o Preto-SP e Regi\u00e3o&quot;","block_context":{"text":"Not\u00edcias de Ribeir\u00e3o Preto-SP e Regi\u00e3o","link":"https:\/\/noticiasribeiraopreto.com.br\/index.php\/category\/noticias-de-ribeirao-preto-sp-e-regiao-ismael-colosi\/"},"img":{"alt_text":"","src":"https:\/\/i0.wp.com\/noticiasribeiraopreto.com.br\/wp-content\/uploads\/2026\/04\/capa-RECEITA-CARPACCIO-DE-PERA-ALTA_2026-04-09_13-11-53.webp.webp?fit=1114%2C628&ssl=1&resize=350%2C200","width":350,"height":200,"srcset":"https:\/\/i0.wp.com\/noticiasribeiraopreto.com.br\/wp-content\/uploads\/2026\/04\/capa-RECEITA-CARPACCIO-DE-PERA-ALTA_2026-04-09_13-11-53.webp.webp?fit=1114%2C628&ssl=1&resize=350%2C200 1x, https:\/\/i0.wp.com\/noticiasribeiraopreto.com.br\/wp-content\/uploads\/2026\/04\/capa-RECEITA-CARPACCIO-DE-PERA-ALTA_2026-04-09_13-11-53.webp.webp?fit=1114%2C628&ssl=1&resize=525%2C300 1.5x, https:\/\/i0.wp.com\/noticiasribeiraopreto.com.br\/wp-content\/uploads\/2026\/04\/capa-RECEITA-CARPACCIO-DE-PERA-ALTA_2026-04-09_13-11-53.webp.webp?fit=1114%2C628&ssl=1&resize=700%2C400 2x, https:\/\/i0.wp.com\/noticiasribeiraopreto.com.br\/wp-content\/uploads\/2026\/04\/capa-RECEITA-CARPACCIO-DE-PERA-ALTA_2026-04-09_13-11-53.webp.webp?fit=1114%2C628&ssl=1&resize=1050%2C600 3x"},"classes":[]}],"jetpack_sharing_enabled":true,"jetpack_shortlink":"https:\/\/wp.me\/peQAOb-mWt","jetpack_featured_media_url":"https:\/\/i0.wp.com\/noticiasribeiraopreto.com.br\/wp-content\/uploads\/2026\/07\/capa-aniversario.png?fit=1920%2C1080&ssl=1","_links":{"self":[{"href":"https:\/\/noticiasribeiraopreto.com.br\/index.php\/wp-json\/wp\/v2\/posts\/88193","targetHints":{"allow":["GET"]}}],"collection":[{"href":"https:\/\/noticiasribeiraopreto.com.br\/index.php\/wp-json\/wp\/v2\/posts"}],"about":[{"href":"https:\/\/noticiasribeiraopreto.com.br\/index.php\/wp-json\/wp\/v2\/types\/post"}],"author":[{"embeddable":true,"href":"https:\/\/noticiasribeiraopreto.com.br\/index.php\/wp-json\/wp\/v2\/users\/1"}],"replies":[{"embeddable":true,"href":"https:\/\/noticiasribeiraopreto.com.br\/index.php\/wp-json\/wp\/v2\/comments?post=88193"}],"version-history":[{"count":0,"href":"https:\/\/noticiasribeiraopreto.com.br\/index.php\/wp-json\/wp\/v2\/posts\/88193\/revisions"}],"wp:featuredmedia":[{"embeddable":true,"href":"https:\/\/noticiasribeiraopreto.com.br\/index.php\/wp-json\/wp\/v2\/media\/88194"}],"wp:attachment":[{"href":"https:\/\/noticiasribeiraopreto.com.br\/index.php\/wp-json\/wp\/v2\/media?parent=88193"}],"wp:term":[{"taxonomy":"category","embeddable":true,"href":"https:\/\/noticiasribeiraopreto.com.br\/index.php\/wp-json\/wp\/v2\/categories?post=88193"},{"taxonomy":"post_tag","embeddable":true,"href":"https:\/\/noticiasribeiraopreto.com.br\/index.php\/wp-json\/wp\/v2\/tags?post=88193"}],"curies":[{"name":"wp","href":"https:\/\/api.w.org\/{rel}","templated":true}]}}