{"id":88205,"date":"2026-07-16T08:58:49","date_gmt":"2026-07-16T11:58:49","guid":{"rendered":"https:\/\/noticiasribeiraopreto.com.br\/index.php\/2026\/07\/16\/camara-instala-cpi-do-palestra\/"},"modified":"2026-07-16T08:58:49","modified_gmt":"2026-07-16T11:58:49","slug":"camara-instala-cpi-do-palestra","status":"publish","type":"post","link":"https:\/\/noticiasribeiraopreto.com.br\/index.php\/2026\/07\/16\/camara-instala-cpi-do-palestra\/","title":{"rendered":"C\u00e2mara instala CPI do Palestra"},"content":{"rendered":"<div class='code-block code-block-1' style='margin: 8px 0 8px auto; text-align: right; display: block; clear: both;'>\n<p><a href=\"https:\/\/wa.link\/vpicfd\"><img data-recalc-dims=\"1\" class=\"wp-image-4922\" style=\"aspect-ratio: 2.0253164556962027; width: 561px; height: auto;\" src=\"https:\/\/i0.wp.com\/ismaelcolosi.com.br\/wp-content\/uploads\/2023\/11\/grupo-de-empregos-whatsapp-e-facebook-ismael-colosi-vagas.jpg?ssl=1\" alt=\"\" \/><\/a><\/p>\n<!-- \/wp:image -->\n<\/div>\n<p> <br \/>\n<\/p>\n<div>\n<p class=\"p1\"><i>Comiss\u00e3o investiga porque tombamento provis\u00f3rio do clube em 2024 pelo Conppac foi anulado em abril deste ano pelo pr\u00f3prio conselho<\/i><\/p>\n<p>A C\u00e2mara de Vereadores instalou, nesta quarta-feira, 15 de julho, Comiss\u00e3o Parlamentar de Inqu\u00e9rito (CPI) para apurar os fatos, circunst\u00e2ncias, procedimentos, legalidade, transpar\u00eancia e eventual responsabilidade relacionados \u00e0 venda do Clube Palestra It\u00e1lia de Ribeir\u00e3o Preto. A iniciativa partiu de Rangel Scandiuzzi (PSD)<\/p>\n<p>Ele ser\u00e1 o presidente da CPI, que contar\u00e1 tamb\u00e9m com o vice Franco Ferro (PP) e o relator Sargento Lopes (PL). O requerimento que autorizou a instala\u00e7\u00e3o da comiss\u00e3o foi aprovado no dia 8. O trio ter\u00e1 prazo inicial de 120 dias para apresentar relat\u00f3rio, com possibilidade de prorroga\u00e7\u00e3o.<\/p>\n<figure id=\"attachment_470520\" aria-describedby=\"caption-attachment-470520\" style=\"width: 300px\" class=\"wp-caption alignright\"><figcaption id=\"caption-attachment-470520\" class=\"wp-caption-text\">Julia Rechi\/C\u00e2mara\u2028Franco Ferro, Rangel Scandiuzzi e Sargento Lopes: CPI instalada ontem decidiu convocar ex e atual presidente do Conppac e secret\u00e1ria de Cultura<\/figcaption><\/figure>\n<p>A CPI decidiu que vai enviar of\u00edcio ao Conselho de Preserva\u00e7\u00e3o do Patrim\u00f4nio Art\u00edstico e Cultural (Conppac) de Ribeir\u00e3o Preto para que disponibilize os documentos com os tr\u00e2mites e justificativas para o tombamento provis\u00f3rio do clube, feito em 2024.<\/p>\n<p>Tamb\u00e9m solicitar\u00e1 os documentos que justificaram o destombamento em abril deste ano. O ex-presidente do colegiado na \u00e9poca, o advogado Lucas Gabriel Pereira; a atual presidente Nat\u00e1lia Barbosa Hetem e a secretaria municipal de Cultura e Turismo, Maria Eug\u00eania Biffi, tamb\u00e9m ser\u00e3o chamados a depor.<\/p>\n<p>O clube foi vendido, recentemente, por R$ 6,75 milh\u00f5es para as construtoras DZ Empreendimentos Imobili\u00e1rios, de S\u00e3o Paulo, e Golden Business, de Ribeir\u00e3o Preto. A compra foi anunciada no dia 30 de junho e prev\u00ea o pagamento a vista de R$ 2 milh\u00f5es e o restante em 30 parcelas mensais no valor de R$ 157,5 mil cada, com corre\u00e7\u00e3o inflacion\u00e1ria.<\/p>\n<p>Ao anunciar a compra, os empreendedores disseram que o clube dever\u00e1 ser revitalizado. No documento que criou a CPI, Rangel Scandiuzzi afirma que um dos objetivos ser\u00e1 investigar porque o tombamento provis\u00f3rio do Palestra It\u00e1lia como Patrim\u00f4nio Hist\u00f3rico e Cultural, feito em 2024 pelo Conppac, foi anulado em abril deste ano pelo pr\u00f3prio colegiado.<\/p>\n<p>Na ocasi\u00e3o, o presidente, do Palestra It\u00e1lia, Ruy Gianota, pediu, por meio de oficio, que a prefeitura de Ribeir\u00e3o Preto e o Conppac tombassem o im\u00f3vel. A CPI tamb\u00e9m quer saber se o processo obedeceu rigorosamente \u00e0s normas de preserva\u00e7\u00e3o do patrim\u00f4nio hist\u00f3rico, cultural e arquitet\u00f4nico.<span class=\"Apple-converted-space\">\u00a0 <\/span><\/p>\n<p>Por fim, vai analisar eventual conflito de interesses, desvio de finalidade, v\u00edcio procedimental ou qualquer outra irregularidade administrativa relacionada aos processos de venda e de destombamento do im\u00f3vel. O Tribuna conversou com o ex-presidente do Conppac, o advogado Lucas Gabriel Pereira, respons\u00e1vel pelo colegiado na \u00e9poca do tombamento e do destombamento.<\/p>\n<p>Lucas Gabriel afirmou que todos os procedimentos seguiram integralmente a legisla\u00e7\u00e3o e est\u00e3o nos autos do processo. Localizado na rua Padre Euclides, nos Campos El\u00edseos, Zona Norte, o clube tem um quarteir\u00e3o de extens\u00e3o, o equivalente a 19 mil metros quadrados de \u00e1rea. Abrange ainda as ruas Capit\u00e3o Salom\u00e3o e Sergipe. Conta com sala para hidromassagem, piscinas, campos de futebol, bar, \u00e1rea externa infantil e sal\u00e3o de festas.<\/p>\n<p>Em seu auge, nas d\u00e9cadas de 1970 e 1980, chegou a ter oito mil s\u00f3cios, mas em 2024 tinha apenas 500, somando contribuintes e aqueles com t\u00edtulos remidos. A agremia\u00e7\u00e3o marcou a hist\u00f3ria do munic\u00edpio por ter sido o principal ponto de encontro e lazer para as fam\u00edlias de oper\u00e1rios que atuavam nas ind\u00fastrias locais ao longo do s\u00e9culo passado.<\/p>\n<p>O Palestra It\u00e1lia enfrentava graves problemas financeiros. Entre eles, d\u00e9bitos com funcion\u00e1rios que foram dispensados durante o per\u00edodo de decad\u00eancia do clube entre 2007 e 2009. Em 2021, quando teve seu patrim\u00f4nio avaliado em R$ 17 milh\u00f5es, foi colocado a leil\u00e3o por duas vezes pela Justi\u00e7a de Ribeir\u00e3o Preto para quita\u00e7\u00e3o das d\u00edvidas fiscais e trabalhistas. Entretanto, na \u00e9poca, n\u00e3o houve interessados.<span class=\"Apple-converted-space\">\u00a0 <\/span><\/p>\n<p>Em 2024, o presidente Ruy Gianota chegou a pedir, por meio de oficio, que a prefeitura de Ribeir\u00e3o Preto e o Conppac tombassem o clube como patrim\u00f4nio hist\u00f3rico e cultural. Na \u00e9poca, o tombamento provis\u00f3rio chegou a ser feito, mas o processo n\u00e3o prosseguiu, a decis\u00e3o foi revista e anulada pelo pr\u00f3prio colegiado.<\/p>\n<p>O clube, fundado em 1917 por imigrantes italianos, tem valor hist\u00f3rico para a cidade e para os descendentes de trabalhadores que vieram da It\u00e1lia para fugir da guerra e da fome. Em 23 de novembro de 1964, o ent\u00e3o prefeito Welson Gasparini (Arena, na \u00e9poca) deu ao Palestra o t\u00edtulo de utilidade p\u00fablica municipal.<\/p>\n<div style=\"background-color: #f4f4f5; border: 1px solid #d4d4d8; padding: 15px; margin: 20px 0; border-radius: 6px; font-family: sans-serif; line-height: 1.5;\">\n    <span style=\"color: #27272a;\">Inscreva-se em nosso Canal no Whatsapp e fique por dentro de tudo que acontece na regi\u00e3o. <\/span><br \/>\n    <a href=\"https:\/\/whatsapp.com\/channel\/0029VanuE2o7z4kYjo0XVS3u\" target=\"_blank\" rel=\"noopener noreferrer\" style=\"color: #16a34a; font-weight: bold; text-decoration: underline;\">Clique Aqui!<\/a>\n<\/div>\n<\/div>\n<p><br \/>\n<br \/><a href=\"https:\/\/www.tribunaribeirao.com.br\/camara-instala-cpi-do-palestra\/\">Texto original daqui <\/a><\/p>\n<!-- CONTENT END 1 -->\n","protected":false},"excerpt":{"rendered":"<p>Comiss\u00e3o investiga porque tombamento provis\u00f3rio do clube em 2024 pelo Conppac foi anulado em abril deste ano pelo pr\u00f3prio conselho A C\u00e2mara de Vereadores instalou,&#8230;<\/p>\n","protected":false},"author":1,"featured_media":88206,"comment_status":"","ping_status":"","sticky":false,"template":"","format":"standard","meta":{"advanced_seo_description":"","jetpack_seo_html_title":"","jetpack_seo_noindex":false,"jetpack_seo_schema_type":"","_jetpack_newsletter_access":"","_jetpack_dont_email_post_to_subs":false,"_jetpack_newsletter_tier_id":0,"_jetpack_memberships_contains_paywalled_content":false,"_jetpack_feature_clip_id":0,"_jetpack_memberships_contains_paid_content":false,"footnotes":"","jetpack_publicize_message":"","jetpack_publicize_feature_enabled":true,"jetpack_social_post_already_shared":true,"jetpack_social_options":{"image_generator_settings":{"template":"highway","default_image_id":0,"font":"","enabled":false},"version":2},"jetpack_post_was_ever_published":false},"categories":[11],"tags":[154,2115,2114,4790],"class_list":["post-88205","post","type-post","status-publish","format-standard","has-post-thumbnail","hentry","category-noticias-de-ribeirao-preto-sp-e-regiao-ismael-colosi","tag-camara","tag-cpi","tag-instala","tag-palestra"],"jetpack_publicize_connections":[],"jetpack-related-posts":[{"id":82156,"url":"https:\/\/noticiasribeiraopreto.com.br\/index.php\/2026\/02\/05\/camara-de-brodowski-instala-cpi-para-apurar-investimentos-do-sisprev-no-banco-master\/","url_meta":{"origin":88205,"position":0},"title":"C\u00e2mara de Brodowski instala CPI para apurar investimentos do Sisprev no Banco Master","author":"noticiasribeiraopreto.com.br","date":"5 de February de 2026","format":false,"excerpt":"\r \r \r 5 de fevereiro de 2026 13:55 \r Compartilhar0 A C\u00e2mara Municipal de Brodowski instalou uma Comiss\u00e3o Parlamentar de Inqu\u00e9rito (CPI) para investigar investimentos de cerca de R$ 15 milh\u00f5es realizados pelo Instituto de Previd\u00eancia dos Servidores P\u00fablicos do Munic\u00edpio (Sisprev) junto ao Banco Master. A defini\u00e7\u00e3o dos\u2026","rel":"","context":"In &quot;Not\u00edcias de Ribeir\u00e3o Preto-SP e Regi\u00e3o&quot;","block_context":{"text":"Not\u00edcias de Ribeir\u00e3o Preto-SP e Regi\u00e3o","link":"https:\/\/noticiasribeiraopreto.com.br\/index.php\/category\/noticias-de-ribeirao-preto-sp-e-regiao-ismael-colosi\/"},"img":{"alt_text":"","src":"https:\/\/i0.wp.com\/noticiasribeiraopreto.com.br\/wp-content\/uploads\/2026\/02\/Sisprev-Bro-1.jpeg?fit=618%2C420&ssl=1&resize=350%2C200","width":350,"height":200,"srcset":"https:\/\/i0.wp.com\/noticiasribeiraopreto.com.br\/wp-content\/uploads\/2026\/02\/Sisprev-Bro-1.jpeg?fit=618%2C420&ssl=1&resize=350%2C200 1x, https:\/\/i0.wp.com\/noticiasribeiraopreto.com.br\/wp-content\/uploads\/2026\/02\/Sisprev-Bro-1.jpeg?fit=618%2C420&ssl=1&resize=525%2C300 1.5x"},"classes":[]},{"id":87921,"url":"https:\/\/noticiasribeiraopreto.com.br\/index.php\/2026\/07\/11\/cpi-investiga-venda-do-palestra-italia\/","url_meta":{"origin":88205,"position":1},"title":"CPI investiga venda do Palestra It\u00e1lia","author":"noticiasribeiraopreto.com.br","date":"11 de July de 2026","format":false,"excerpt":"A C\u00e2mara de Vereadores vai instalar Comiss\u00e3o Parlamentar de Inqu\u00e9rito (CPI) para apurar os fatos, circunst\u00e2ncias, procedimentos, legalidade, transpar\u00eancia e eventual responsabilidade relacionados \u00e0 venda do Clube Palestra It\u00e1lia de Ribeir\u00e3o Preto. A iniciativa partiu de Rangel Scandiuzzi (PSD). O requerimento que autorizou a instala\u00e7\u00e3o da comiss\u00e3o foi aprovado na\u2026","rel":"","context":"In &quot;Not\u00edcias de Ribeir\u00e3o Preto-SP e Regi\u00e3o&quot;","block_context":{"text":"Not\u00edcias de Ribeir\u00e3o Preto-SP e Regi\u00e3o","link":"https:\/\/noticiasribeiraopreto.com.br\/index.php\/category\/noticias-de-ribeirao-preto-sp-e-regiao-ismael-colosi\/"},"img":{"alt_text":"","src":"https:\/\/i0.wp.com\/noticiasribeiraopreto.com.br\/wp-content\/uploads\/2026\/07\/Palestra-Alfredo-Risk-scaled.jpg?fit=1200%2C675&ssl=1&resize=350%2C200","width":350,"height":200,"srcset":"https:\/\/i0.wp.com\/noticiasribeiraopreto.com.br\/wp-content\/uploads\/2026\/07\/Palestra-Alfredo-Risk-scaled.jpg?fit=1200%2C675&ssl=1&resize=350%2C200 1x, https:\/\/i0.wp.com\/noticiasribeiraopreto.com.br\/wp-content\/uploads\/2026\/07\/Palestra-Alfredo-Risk-scaled.jpg?fit=1200%2C675&ssl=1&resize=525%2C300 1.5x, https:\/\/i0.wp.com\/noticiasribeiraopreto.com.br\/wp-content\/uploads\/2026\/07\/Palestra-Alfredo-Risk-scaled.jpg?fit=1200%2C675&ssl=1&resize=700%2C400 2x, https:\/\/i0.wp.com\/noticiasribeiraopreto.com.br\/wp-content\/uploads\/2026\/07\/Palestra-Alfredo-Risk-scaled.jpg?fit=1200%2C675&ssl=1&resize=1050%2C600 3x"},"classes":[]},{"id":89754,"url":"https:\/\/noticiasribeiraopreto.com.br\/index.php\/2026\/08\/11\/cpi-do-palestra-ouve-tres-pessoas\/","url_meta":{"origin":88205,"position":2},"title":"CPI do Palestra ouve tr\u00eas pessoas","author":"noticiasribeiraopreto.com.br","date":"11 de August de 2026","format":false,"excerpt":"Lucas Gabriel Pereira afirmou que o tombamento e o destombamento do Palestra It\u00e1lia foram regulares e obedeceram \u00e0 legisla\u00e7\u00e3o A Comiss\u00e3o Parlamentar de Inqu\u00e9rito (CPI) instalada na C\u00e2mara de Ribeir\u00e3o Preto para apurar os fatos, circunst\u00e2ncias, procedimentos, legalidade, transpar\u00eancia e eventual responsabilidade relacionados \u00e0 venda do Clube Palestra It\u00e1lia ouviu\u2026","rel":"","context":"In &quot;Not\u00edcias de Ribeir\u00e3o Preto-SP e Regi\u00e3o&quot;","block_context":{"text":"Not\u00edcias de Ribeir\u00e3o Preto-SP e Regi\u00e3o","link":"https:\/\/noticiasribeiraopreto.com.br\/index.php\/category\/noticias-de-ribeirao-preto-sp-e-regiao-ismael-colosi\/"},"img":{"alt_text":"","src":"https:\/\/i0.wp.com\/noticiasribeiraopreto.com.br\/wp-content\/uploads\/2026\/08\/palestra-scaled.jpg?fit=750%2C500&ssl=1&resize=350%2C200","width":350,"height":200,"srcset":"https:\/\/i0.wp.com\/noticiasribeiraopreto.com.br\/wp-content\/uploads\/2026\/08\/palestra-scaled.jpg?fit=750%2C500&ssl=1&resize=350%2C200 1x, https:\/\/i0.wp.com\/noticiasribeiraopreto.com.br\/wp-content\/uploads\/2026\/08\/palestra-scaled.jpg?fit=750%2C500&ssl=1&resize=525%2C300 1.5x, https:\/\/i0.wp.com\/noticiasribeiraopreto.com.br\/wp-content\/uploads\/2026\/08\/palestra-scaled.jpg?fit=750%2C500&ssl=1&resize=700%2C400 2x"},"classes":[]},{"id":15544,"url":"https:\/\/noticiasribeiraopreto.com.br\/index.php\/2023\/12\/13\/senado-instala-cpi-para-investigar-afundamento-do-solo-em-maceio\/","url_meta":{"origin":88205,"position":3},"title":"Senado instala CPI para investigar afundamento do solo em Macei\u00f3 \u2013 Folha de Ribeir\u00e3o","author":"noticiasribeiraopreto.com.br","date":"13 de December de 2023","format":false,"excerpt":"O Senado instalou nesta quarta-feira (13) a comiss\u00e3o parlamentar de inqu\u00e9rito (CPI) para investigar os danos ambientais causados em Macei\u00f3 (AL) pela empresa petroqu\u00edmica Braskem. Diversos bairros da cidade sofrem\u00a0com danos estruturais em ruas e edif\u00edcios. Os integrantes do colegiado aprovaram o senador Omar Aziz (PSD-AM) como presidente e o\u2026","rel":"","context":"In &quot;Not\u00edcias de Ribeir\u00e3o Preto-SP e Regi\u00e3o&quot;","block_context":{"text":"Not\u00edcias de Ribeir\u00e3o Preto-SP e Regi\u00e3o","link":"https:\/\/noticiasribeiraopreto.com.br\/index.php\/category\/noticias-de-ribeirao-preto-sp-e-regiao-ismael-colosi\/"},"img":{"alt_text":"","src":"","width":0,"height":0},"classes":[]},{"id":90130,"url":"https:\/\/noticiasribeiraopreto.com.br\/index.php\/2026\/08\/17\/empresas-convocadas-para-cpi-da-iluminacao-publica-nao-comparecem-a-reuniao\/","url_meta":{"origin":88205,"position":4},"title":"Empresas convocadas para CPI da ilumina\u00e7\u00e3o p\u00fablica n\u00e3o comparecem a reuni\u00e3o","author":"noticiasribeiraopreto.com.br","date":"17 de August de 2026","format":false,"excerpt":"As empresas convocadas para prestar esclarecimentos \u00e0 Comiss\u00e3o Parlamentar de Inqu\u00e9rito (CPI) que investiga a parceria p\u00fablico-privada (PPP) da ilumina\u00e7\u00e3o p\u00fablica de Ribeir\u00e3o Preto n\u00e3o compareceram \u00e0 reuni\u00e3o realizada nesta segunda-feira (17). A comiss\u00e3o pretendia ouvir representantes das prestadoras de servi\u00e7os ligadas ao Cons\u00f3rcio Conecta. Foram convocadas as empresas AB\u2026","rel":"","context":"In &quot;Not\u00edcias de Ribeir\u00e3o Preto-SP e Regi\u00e3o&quot;","block_context":{"text":"Not\u00edcias de Ribeir\u00e3o Preto-SP e Regi\u00e3o","link":"https:\/\/noticiasribeiraopreto.com.br\/index.php\/category\/noticias-de-ribeirao-preto-sp-e-regiao-ismael-colosi\/"},"img":{"alt_text":"","src":"https:\/\/i0.wp.com\/noticiasribeiraopreto.com.br\/wp-content\/uploads\/2026\/08\/baixa-umidade-4.png?fit=1200%2C675&ssl=1&resize=350%2C200","width":350,"height":200,"srcset":"https:\/\/i0.wp.com\/noticiasribeiraopreto.com.br\/wp-content\/uploads\/2026\/08\/baixa-umidade-4.png?fit=1200%2C675&ssl=1&resize=350%2C200 1x, https:\/\/i0.wp.com\/noticiasribeiraopreto.com.br\/wp-content\/uploads\/2026\/08\/baixa-umidade-4.png?fit=1200%2C675&ssl=1&resize=525%2C300 1.5x, https:\/\/i0.wp.com\/noticiasribeiraopreto.com.br\/wp-content\/uploads\/2026\/08\/baixa-umidade-4.png?fit=1200%2C675&ssl=1&resize=700%2C400 2x, https:\/\/i0.wp.com\/noticiasribeiraopreto.com.br\/wp-content\/uploads\/2026\/08\/baixa-umidade-4.png?fit=1200%2C675&ssl=1&resize=1050%2C600 3x"},"classes":[]},{"id":86879,"url":"https:\/\/noticiasribeiraopreto.com.br\/index.php\/2026\/06\/23\/empresa-responsavel-pela-iluminacao-publica-de-ribeirao-pede-reajuste-milionario-durante-cpi\/","url_meta":{"origin":88205,"position":5},"title":"Empresa respons\u00e1vel pela ilumina\u00e7\u00e3o p\u00fablica de Ribeir\u00e3o pede reajuste milion\u00e1rio durante CPI","author":"noticiasribeiraopreto.com.br","date":"23 de June de 2026","format":false,"excerpt":"A C\u00e2mara Municipal de Ribeir\u00e3o Preto realizou, nesta segunda-feira (22), uma reuni\u00e3o da Comiss\u00e3o Parlamentar de Inqu\u00e9rito (CPI) que investiga poss\u00edveis irregularidades no contrato da ilumina\u00e7\u00e3o p\u00fablica da cidade, administrado pelo Cons\u00f3rcio Conecta. Durante o encontro, os parlamentares questionaram a qualidade dos servi\u00e7os prestados pelo cons\u00f3rcio, as condi\u00e7\u00f5es de trabalho\u2026","rel":"","context":"In &quot;Not\u00edcias de Ribeir\u00e3o Preto-SP e Regi\u00e3o&quot;","block_context":{"text":"Not\u00edcias de Ribeir\u00e3o Preto-SP e Regi\u00e3o","link":"https:\/\/noticiasribeiraopreto.com.br\/index.php\/category\/noticias-de-ribeirao-preto-sp-e-regiao-ismael-colosi\/"},"img":{"alt_text":"","src":"https:\/\/i0.wp.com\/noticiasribeiraopreto.com.br\/wp-content\/uploads\/2026\/06\/CPI-iluminacao-publica_2026-06-23_14-55-06.webp.webp?fit=1200%2C675&ssl=1&resize=350%2C200","width":350,"height":200,"srcset":"https:\/\/i0.wp.com\/noticiasribeiraopreto.com.br\/wp-content\/uploads\/2026\/06\/CPI-iluminacao-publica_2026-06-23_14-55-06.webp.webp?fit=1200%2C675&ssl=1&resize=350%2C200 1x, https:\/\/i0.wp.com\/noticiasribeiraopreto.com.br\/wp-content\/uploads\/2026\/06\/CPI-iluminacao-publica_2026-06-23_14-55-06.webp.webp?fit=1200%2C675&ssl=1&resize=525%2C300 1.5x, https:\/\/i0.wp.com\/noticiasribeiraopreto.com.br\/wp-content\/uploads\/2026\/06\/CPI-iluminacao-publica_2026-06-23_14-55-06.webp.webp?fit=1200%2C675&ssl=1&resize=700%2C400 2x, https:\/\/i0.wp.com\/noticiasribeiraopreto.com.br\/wp-content\/uploads\/2026\/06\/CPI-iluminacao-publica_2026-06-23_14-55-06.webp.webp?fit=1200%2C675&ssl=1&resize=1050%2C600 3x"},"classes":[]}],"jetpack_sharing_enabled":true,"jetpack_shortlink":"https:\/\/wp.me\/peQAOb-mWF","jetpack_featured_media_url":"https:\/\/i0.wp.com\/noticiasribeiraopreto.com.br\/wp-content\/uploads\/2026\/07\/Palestra-Pal-Alfredo-Risk-scaled.jpg?fit=1200%2C675&ssl=1","_links":{"self":[{"href":"https:\/\/noticiasribeiraopreto.com.br\/index.php\/wp-json\/wp\/v2\/posts\/88205","targetHints":{"allow":["GET"]}}],"collection":[{"href":"https:\/\/noticiasribeiraopreto.com.br\/index.php\/wp-json\/wp\/v2\/posts"}],"about":[{"href":"https:\/\/noticiasribeiraopreto.com.br\/index.php\/wp-json\/wp\/v2\/types\/post"}],"author":[{"embeddable":true,"href":"https:\/\/noticiasribeiraopreto.com.br\/index.php\/wp-json\/wp\/v2\/users\/1"}],"replies":[{"embeddable":true,"href":"https:\/\/noticiasribeiraopreto.com.br\/index.php\/wp-json\/wp\/v2\/comments?post=88205"}],"version-history":[{"count":0,"href":"https:\/\/noticiasribeiraopreto.com.br\/index.php\/wp-json\/wp\/v2\/posts\/88205\/revisions"}],"wp:featuredmedia":[{"embeddable":true,"href":"https:\/\/noticiasribeiraopreto.com.br\/index.php\/wp-json\/wp\/v2\/media\/88206"}],"wp:attachment":[{"href":"https:\/\/noticiasribeiraopreto.com.br\/index.php\/wp-json\/wp\/v2\/media?parent=88205"}],"wp:term":[{"taxonomy":"category","embeddable":true,"href":"https:\/\/noticiasribeiraopreto.com.br\/index.php\/wp-json\/wp\/v2\/categories?post=88205"},{"taxonomy":"post_tag","embeddable":true,"href":"https:\/\/noticiasribeiraopreto.com.br\/index.php\/wp-json\/wp\/v2\/tags?post=88205"}],"curies":[{"name":"wp","href":"https:\/\/api.w.org\/{rel}","templated":true}]}}