{"id":88211,"date":"2026-07-16T09:35:05","date_gmt":"2026-07-16T12:35:05","guid":{"rendered":"https:\/\/noticiasribeiraopreto.com.br\/index.php\/2026\/07\/16\/cidade-a-100-km-de-ribeirao-preto-registra-a-menor-umidade-do-brasil\/"},"modified":"2026-07-16T09:35:05","modified_gmt":"2026-07-16T12:35:05","slug":"cidade-a-100-km-de-ribeirao-preto-registra-a-menor-umidade-do-brasil","status":"publish","type":"post","link":"https:\/\/noticiasribeiraopreto.com.br\/index.php\/2026\/07\/16\/cidade-a-100-km-de-ribeirao-preto-registra-a-menor-umidade-do-brasil\/","title":{"rendered":"Cidade a 100 km de Ribeir\u00e3o Preto registra a menor umidade do Brasil"},"content":{"rendered":"<div class='code-block code-block-1' style='margin: 8px 0 8px auto; text-align: right; display: block; clear: both;'>\n<p><a href=\"https:\/\/wa.link\/vpicfd\"><img data-recalc-dims=\"1\" class=\"wp-image-4922\" style=\"aspect-ratio: 2.0253164556962027; width: 561px; height: auto;\" src=\"https:\/\/i0.wp.com\/ismaelcolosi.com.br\/wp-content\/uploads\/2023\/11\/grupo-de-empregos-whatsapp-e-facebook-ismael-colosi-vagas.jpg?ssl=1\" alt=\"\" \/><\/a><\/p>\n<!-- \/wp:image -->\n<\/div>\n<p> <br \/>\n<\/p>\n<p><strong>O munic\u00edpio de Ituverava, a 100 quil\u00f4metros de Ribeir\u00e3o Preto, registrou nesta quarta-feira (15) o menor \u00edndice de umidade relativa do ar do pa\u00eds, segundo o&nbsp;<a href=\"https:\/\/portal.inmet.gov.br\/\" target=\"_blank\" rel=\"noreferrer noopener\">Inmet (Instituto Nacional de Meteorologia)<\/a>.<\/strong><\/p>\n<p class=\"has-cyan-bluish-gray-background-color has-background\"><em>Receba not\u00edcias do&nbsp;<strong>acidade on Ribeir\u00e3o&nbsp;<\/strong>no WhatsApp e fique por dentro de tudo! Basta acessar o link<a href=\"https:\/\/chat.whatsapp.com\/DfXwcjKVIddHUT3BvnQuPZ?mode=hqctshi\" target=\"_blank\" rel=\"noreferrer noopener\">&nbsp;aqu<\/a>i!<\/em><\/p>\n<p>De acordo com os&nbsp;<strong>dados<\/strong>,&nbsp;<mark><mark style=\"background-color:#fcb900\" class=\"has-inline-color has-black-color\">a umidade chegou a 17% em Ituverava.<\/mark><\/mark>&nbsp;O&nbsp;<strong>\u00edndice ideal&nbsp;<\/strong>\u00e9&nbsp;<strong>acima&nbsp;<\/strong>de&nbsp;<strong>60%<\/strong>, recomendado pela&nbsp;<strong>OMS (Organiza\u00e7\u00e3o Mundial de&nbsp;Sa\u00fade)<\/strong>, segundo a&nbsp;<strong><a href=\"https:\/\/www.climatempo.com.br\/\" target=\"_blank\" rel=\"noreferrer noopener\"><strong>Climatempo<\/strong><\/a><\/strong>.<\/p>\n<p>Na regi\u00e3o de Ribeir\u00e3o, Bebedouro tamb\u00e9m aparece entre as dez menores umidades desta quarta com \u00edndice de 20%. <\/p>\n<figure class=\"wp-block-image\"><figcaption class=\"wp-element-caption\">Reprodu\u00e7\u00e3o \/ Inmet<\/figcaption><\/figure>\n<h2 class=\"wp-block-heading\">Veranico<\/h2>\n<p>Um bloqueio atmosf\u00e9rico impede o avan\u00e7o de instabilidades e esse padr\u00e3o com grande varia\u00e7\u00e3o de temperatura favorece a ocorr\u00eancia de veranico em parte do Sudeste nos pr\u00f3ximos dias, de acordo com a Climatempo.<\/p>\n<p>A Climatempo explica que o veranico \u00e9 um fen\u00f4meno caracterizado por dias consecutivos de tempo seco, predom\u00ednio de sol e temperaturas acima da m\u00e9dia para a \u00e9poca do ano. Neste per\u00edodo \u00e9 preciso aten\u00e7\u00e3o em rela\u00e7\u00e3o \u00e0 queda da umidade relativa do ar.<\/p>\n<p>No interior paulista a previs\u00e3o \u00e9 de tardes cada vez mais quentes e manh\u00e3s com temperaturas mais amenas. <\/p>\n<figure class=\"wp-block-gallery has-nested-images columns-default is-cropped wp-block-gallery-1 is-layout-flex wp-block-gallery-is-layout-flex\">\n<figure class=\"wp-block-image size-large\"><img data-recalc-dims=\"1\" loading=\"lazy\" decoding=\"async\" width=\"1024\" height=\"731\" data-id=\"159678\" src=\"https:\/\/i0.wp.com\/www.acidadeon.com\/ribeiraopreto\/wp-content\/uploads\/sites\/3\/2026\/06\/sol_2026-06-05_13-43-46-1024x731.webp?resize=1024%2C731&#038;ssl=1\" alt=\"cidade\" class=\"wp-image-159678\" title=\"Cidade a 100 km de Ribeir\u00e3o Preto registra a menor umidade do Brasil 2\" \/><figcaption class=\"wp-element-caption\">Foto: C\u00f3digo19<\/figcaption><\/figure>\n<figure class=\"wp-block-image size-large\"><img data-recalc-dims=\"1\" loading=\"lazy\" decoding=\"async\" width=\"1024\" height=\"472\" data-id=\"159511\" src=\"https:\/\/i0.wp.com\/www.acidadeon.com\/ribeiraopreto\/wp-content\/uploads\/sites\/3\/2026\/06\/WhatsApp-Image-2026-06-04-at-08.32.38_2026-06-04_11-42-41-1024x472.webp?resize=1024%2C472&#038;ssl=1\" alt=\"cidade\" class=\"wp-image-159511\" title=\"Cidade a 100 km de Ribeir\u00e3o Preto registra a menor umidade do Brasil 3\" \/><figcaption class=\"wp-element-caption\">Foto: Ricardo Canaveze<\/figcaption><\/figure>\n<figure class=\"wp-block-image size-large\"><img data-recalc-dims=\"1\" loading=\"lazy\" decoding=\"async\" width=\"1024\" height=\"768\" data-id=\"140006\" src=\"https:\/\/i0.wp.com\/www.acidadeon.com\/ribeiraopreto\/wp-content\/uploads\/sites\/3\/2025\/12\/WhatsApp-Image-2025-12-21-at-09.19.41_2025-12-21_12-58-45-1024x768.webp?resize=1024%2C768&#038;ssl=1\" alt=\"cidade\" class=\"wp-image-140006\" title=\"Cidade a 100 km de Ribeir\u00e3o Preto registra a menor umidade do Brasil 4\" \/><figcaption class=\"wp-element-caption\">Foto: Ricardo Canaveze<\/figcaption><\/figure>\n<\/figure>\n<h3 class=\"wp-block-heading\">Veja dicas para se proteger da baixa umidade:<\/h3>\n<ul class=\"wp-block-list\">\n<li>Beba \u00e1gua! N\u00e3o substitua \u00e1gua por bebidas alco\u00f3licas<\/li>\n<li>Use soro fisiol\u00f3gico nos olhos e narinas<\/li>\n<li>Umede\u00e7a o ambiente com toalhas molhadas e recipientes com \u00e1gua<\/li>\n<li>Evite objetos que acumulem poeira, como tapetes, cortinas, pel\u00facias etc<\/li>\n<li>Evite fazer exerc\u00edcios f\u00edsicos quando o ar estiver muito seco<\/li>\n<li>Evite acender fogueiras ou realizar qualquer tipo de queimada<\/li>\n<\/ul>\n<p>Fonte: Defesa Civil do Estado de S\u00e3o Paulo<\/p>\n<p class=\"has-cyan-bluish-gray-background-color has-background\"><em>Fa\u00e7a uma den\u00fancia ou sugira uma reportagem sobre&nbsp;<strong>Ribeir\u00e3o Preto&nbsp;<\/strong>e regi\u00e3o por meio do WhatsApp do&nbsp;<strong>acidade on Ribeir\u00e3o<\/strong>: (16) 99117-7802.<\/em><\/p>\n<p>O post Cidade a 100 km de Ribeir\u00e3o Preto registra a menor umidade do Brasil apareceu primeiro em ACidade ON Ribeir\u00e3o Preto.<\/p>\n<p><br \/>\n<br \/><a href=\"https:\/\/www.acidadeon.com\/ribeiraopreto\/cotidiano\/cidade-a-100-km-de-ribeirao-preto-registra-a-menor-umidade-do-brasil\/\">Link para o texto original aqui <\/a><\/p>\n<!-- CONTENT END 1 -->\n","protected":false},"excerpt":{"rendered":"<p>O munic\u00edpio de Ituverava, a 100 quil\u00f4metros de Ribeir\u00e3o Preto, registrou nesta quarta-feira (15) o menor \u00edndice de umidade relativa do ar do pa\u00eds, segundo&#8230;<\/p>\n","protected":false},"author":1,"featured_media":88212,"comment_status":"","ping_status":"","sticky":false,"template":"","format":"standard","meta":{"advanced_seo_description":"","jetpack_seo_html_title":"","jetpack_seo_noindex":false,"jetpack_seo_schema_type":"","_jetpack_newsletter_access":"","_jetpack_dont_email_post_to_subs":false,"_jetpack_newsletter_tier_id":0,"_jetpack_memberships_contains_paywalled_content":false,"_jetpack_feature_clip_id":0,"_jetpack_memberships_contains_paid_content":false,"footnotes":"","jetpack_publicize_message":"","jetpack_publicize_feature_enabled":true,"jetpack_social_post_already_shared":true,"jetpack_social_options":{"image_generator_settings":{"template":"highway","default_image_id":0,"font":"","enabled":false},"version":2},"jetpack_post_was_ever_published":false},"categories":[11],"tags":[137,273,842,27,1267,26,6456,1304],"class_list":["post-88211","post","type-post","status-publish","format-standard","has-post-thumbnail","hentry","category-noticias-de-ribeirao-preto-sp-e-regiao-ismael-colosi","tag-brasil","tag-cidade","tag-menor","tag-preto","tag-registra","tag-ribeirao","tag-ribeirao-preto","tag-umidade"],"jetpack_publicize_connections":[],"jetpack-related-posts":[{"id":87937,"url":"https:\/\/noticiasribeiraopreto.com.br\/index.php\/2026\/07\/11\/cidade-do-interior-de-sp-registra-menor-umidade-do-brasil-veja-ranking\/","url_meta":{"origin":88211,"position":0},"title":"Cidade do interior de SP registra menor umidade do Brasil; Veja ranking","author":"noticiasribeiraopreto.com.br","date":"11 de July de 2026","format":false,"excerpt":"O munic\u00edpio de S\u00e3o Sim\u00e3o, cidade na regi\u00e3o de Ribeir\u00e3o Preto, registrou a menor umidade relativa do ar do Brasil, com apenas 15%, segundo dados do Instituto Nacional de Meteorologia (Inmet). O \u00edndice foi registrado na tarde de sexta-feira (10) e colocou o munic\u00edpio em estado de alerta, pr\u00f3ximo do\u2026","rel":"","context":"In &quot;Not\u00edcias de Ribeir\u00e3o Preto-SP e Regi\u00e3o&quot;","block_context":{"text":"Not\u00edcias de Ribeir\u00e3o Preto-SP e Regi\u00e3o","link":"https:\/\/noticiasribeiraopreto.com.br\/index.php\/category\/noticias-de-ribeirao-preto-sp-e-regiao-ismael-colosi\/"},"img":{"alt_text":"","src":"https:\/\/i0.wp.com\/noticiasribeiraopreto.com.br\/wp-content\/uploads\/2026\/07\/onda-de-calor-2.jpg?fit=1200%2C800&ssl=1&resize=350%2C200","width":350,"height":200,"srcset":"https:\/\/i0.wp.com\/noticiasribeiraopreto.com.br\/wp-content\/uploads\/2026\/07\/onda-de-calor-2.jpg?fit=1200%2C800&ssl=1&resize=350%2C200 1x, https:\/\/i0.wp.com\/noticiasribeiraopreto.com.br\/wp-content\/uploads\/2026\/07\/onda-de-calor-2.jpg?fit=1200%2C800&ssl=1&resize=525%2C300 1.5x, https:\/\/i0.wp.com\/noticiasribeiraopreto.com.br\/wp-content\/uploads\/2026\/07\/onda-de-calor-2.jpg?fit=1200%2C800&ssl=1&resize=700%2C400 2x, https:\/\/i0.wp.com\/noticiasribeiraopreto.com.br\/wp-content\/uploads\/2026\/07\/onda-de-calor-2.jpg?fit=1200%2C800&ssl=1&resize=1050%2C600 3x"},"classes":[]},{"id":90150,"url":"https:\/\/noticiasribeiraopreto.com.br\/index.php\/2026\/08\/18\/cidade-a-80-quilometros-de-ribeirao-preto-registra-a-menor-umidade-de-sp\/","url_meta":{"origin":88211,"position":1},"title":"Cidade a 80 quil\u00f4metros de Ribeir\u00e3o Preto registra a menor umidade de SP","author":"noticiasribeiraopreto.com.br","date":"18 de August de 2026","format":false,"excerpt":"O munic\u00edpio de Franca, a 80 quil\u00f4metros de Ribeir\u00e3o Preto, registrou nesta segunda-feira (17) o menor \u00edndice de umidade relativa do ar do estado de S\u00e3o Paulo, segundo o\u00a0Inmet (Instituto Nacional de Meteorologia). De acordo com os dados, a umidade chegou a 16% em Franca. O \u00edndice ideal \u00e9 acima\u2026","rel":"","context":"In &quot;Not\u00edcias de Ribeir\u00e3o Preto-SP e Regi\u00e3o&quot;","block_context":{"text":"Not\u00edcias de Ribeir\u00e3o Preto-SP e Regi\u00e3o","link":"https:\/\/noticiasribeiraopreto.com.br\/index.php\/category\/noticias-de-ribeirao-preto-sp-e-regiao-ismael-colosi\/"},"img":{"alt_text":"","src":"https:\/\/i0.wp.com\/noticiasribeiraopreto.com.br\/wp-content\/uploads\/2026\/07\/franca_igreja_1024x576_23112020165815_2026-07-10_12-52-29.webp.webp?fit=1200%2C675&ssl=1&resize=350%2C200","width":350,"height":200,"srcset":"https:\/\/i0.wp.com\/noticiasribeiraopreto.com.br\/wp-content\/uploads\/2026\/07\/franca_igreja_1024x576_23112020165815_2026-07-10_12-52-29.webp.webp?fit=1200%2C675&ssl=1&resize=350%2C200 1x, https:\/\/i0.wp.com\/noticiasribeiraopreto.com.br\/wp-content\/uploads\/2026\/07\/franca_igreja_1024x576_23112020165815_2026-07-10_12-52-29.webp.webp?fit=1200%2C675&ssl=1&resize=525%2C300 1.5x, https:\/\/i0.wp.com\/noticiasribeiraopreto.com.br\/wp-content\/uploads\/2026\/07\/franca_igreja_1024x576_23112020165815_2026-07-10_12-52-29.webp.webp?fit=1200%2C675&ssl=1&resize=700%2C400 2x, https:\/\/i0.wp.com\/noticiasribeiraopreto.com.br\/wp-content\/uploads\/2026\/07\/franca_igreja_1024x576_23112020165815_2026-07-10_12-52-29.webp.webp?fit=1200%2C675&ssl=1&resize=1050%2C600 3x"},"classes":[]},{"id":77077,"url":"https:\/\/noticiasribeiraopreto.com.br\/index.php\/2025\/09\/11\/ribeirao-preto-registra-a-menor-umidade-do-brasil-veja-previsao\/","url_meta":{"origin":88211,"position":2},"title":"Ribeir\u00e3o Preto registra a menor umidade do Brasil; Veja previs\u00e3o","author":"noticiasribeiraopreto.com.br","date":"11 de September de 2025","format":false,"excerpt":"Ribeir\u00e3o Preto foi a cidade com o menor \u00edndice de umidade relativa do ar do Brasil nesta quarta-feira (10). Segundo a Climatempo, o n\u00edvel chegou a 6% no aeroporto Leite Lopes, no fim da tarde. Nesta quinta-feira (11) o ar seco ainda favorece a queda da umidade relativa do ar.\u2026","rel":"","context":"In &quot;Not\u00edcias de Ribeir\u00e3o Preto-SP e Regi\u00e3o&quot;","block_context":{"text":"Not\u00edcias de Ribeir\u00e3o Preto-SP e Regi\u00e3o","link":"https:\/\/noticiasribeiraopreto.com.br\/index.php\/category\/noticias-de-ribeirao-preto-sp-e-regiao-ismael-colosi\/"},"img":{"alt_text":"","src":"https:\/\/i0.wp.com\/noticiasribeiraopreto.com.br\/wp-content\/uploads\/2025\/08\/WhatsApp-Image-2024-06-14-at-09.30.18-1_2024-06-14_12-31-08_jpeg_2024-06-14_12-31-08.webp.webp?fit=1200%2C553&ssl=1&resize=350%2C200","width":350,"height":200,"srcset":"https:\/\/i0.wp.com\/noticiasribeiraopreto.com.br\/wp-content\/uploads\/2025\/08\/WhatsApp-Image-2024-06-14-at-09.30.18-1_2024-06-14_12-31-08_jpeg_2024-06-14_12-31-08.webp.webp?fit=1200%2C553&ssl=1&resize=350%2C200 1x, https:\/\/i0.wp.com\/noticiasribeiraopreto.com.br\/wp-content\/uploads\/2025\/08\/WhatsApp-Image-2024-06-14-at-09.30.18-1_2024-06-14_12-31-08_jpeg_2024-06-14_12-31-08.webp.webp?fit=1200%2C553&ssl=1&resize=525%2C300 1.5x, https:\/\/i0.wp.com\/noticiasribeiraopreto.com.br\/wp-content\/uploads\/2025\/08\/WhatsApp-Image-2024-06-14-at-09.30.18-1_2024-06-14_12-31-08_jpeg_2024-06-14_12-31-08.webp.webp?fit=1200%2C553&ssl=1&resize=700%2C400 2x, https:\/\/i0.wp.com\/noticiasribeiraopreto.com.br\/wp-content\/uploads\/2025\/08\/WhatsApp-Image-2024-06-14-at-09.30.18-1_2024-06-14_12-31-08_jpeg_2024-06-14_12-31-08.webp.webp?fit=1200%2C553&ssl=1&resize=1050%2C600 3x"},"classes":[]},{"id":52842,"url":"https:\/\/noticiasribeiraopreto.com.br\/index.php\/2024\/06\/13\/cidade-a-120-quilometros-de-ribeirao-preto-registra-menor-umidade-do-brasil\/","url_meta":{"origin":88211,"position":3},"title":"Cidade a 120 quil\u00f4metros de Ribeir\u00e3o Preto registra menor umidade do Brasil","author":"noticiasribeiraopreto.com.br","date":"13 de June de 2024","format":false,"excerpt":"A menor taxa de umidade relativa do ar do Brasil foi registrada em um munic\u00edpio a 120 quil\u00f4metros de Ribeir\u00e3o Preto, na tarde desta quarta-feira (12). Segundo dados do Inmet (Instituto Nacional de Meteorologia), Barretos anotou 14% de umidade do ar \u00e0s 18h, \u00edndice considerado des\u00e9rtico. Para efeito de compara\u00e7\u00e3o,\u2026","rel":"","context":"In &quot;Not\u00edcias de Ribeir\u00e3o Preto-SP e Regi\u00e3o&quot;","block_context":{"text":"Not\u00edcias de Ribeir\u00e3o Preto-SP e Regi\u00e3o","link":"https:\/\/noticiasribeiraopreto.com.br\/index.php\/category\/noticias-de-ribeirao-preto-sp-e-regiao-ismael-colosi\/"},"img":{"alt_text":"","src":"https:\/\/i0.wp.com\/noticiasribeiraopreto.com.br\/wp-content\/uploads\/2024\/06\/ribeirao_preto_1024x576_16102020221204.jpg?fit=1024%2C576&ssl=1&resize=350%2C200","width":350,"height":200,"srcset":"https:\/\/i0.wp.com\/noticiasribeiraopreto.com.br\/wp-content\/uploads\/2024\/06\/ribeirao_preto_1024x576_16102020221204.jpg?fit=1024%2C576&ssl=1&resize=350%2C200 1x, https:\/\/i0.wp.com\/noticiasribeiraopreto.com.br\/wp-content\/uploads\/2024\/06\/ribeirao_preto_1024x576_16102020221204.jpg?fit=1024%2C576&ssl=1&resize=525%2C300 1.5x, https:\/\/i0.wp.com\/noticiasribeiraopreto.com.br\/wp-content\/uploads\/2024\/06\/ribeirao_preto_1024x576_16102020221204.jpg?fit=1024%2C576&ssl=1&resize=700%2C400 2x"},"classes":[]},{"id":88233,"url":"https:\/\/noticiasribeiraopreto.com.br\/index.php\/2026\/07\/16\/regiao-de-ribeirao-preto-tem-1o-caso-de-gripe-aviaria-em-ave-silvestre-de-sp-em-2026\/","url_meta":{"origin":88211,"position":4},"title":"Regi\u00e3o de Ribeir\u00e3o Preto tem 1\u00ba caso de gripe avi\u00e1ria em ave silvestre de SP em 2026","author":"noticiasribeiraopreto.com.br","date":"16 de July de 2026","format":false,"excerpt":"A regi\u00e3o de Ribeir\u00e3o Preto registrou o 1\u00ba caso positivo de gripe avi\u00e1ria em ave silvestre do estado de S\u00e3o Paulo. Receba not\u00edcias do\u00a0acidade on Ribeir\u00e3o\u00a0no WhatsApp e fique por dentro de tudo! Basta acessar o link\u00a0aqui! O Laborat\u00f3rio Federal de Defesa Agropecu\u00e1ria (LFDA-SP) confirmou, nesta quarta-feira (15), o caso\u2026","rel":"","context":"In &quot;Not\u00edcias de Ribeir\u00e3o Preto-SP e Regi\u00e3o&quot;","block_context":{"text":"Not\u00edcias de Ribeir\u00e3o Preto-SP e Regi\u00e3o","link":"https:\/\/noticiasribeiraopreto.com.br\/index.php\/category\/noticias-de-ribeirao-preto-sp-e-regiao-ismael-colosi\/"},"img":{"alt_text":"","src":"https:\/\/i0.wp.com\/noticiasribeiraopreto.com.br\/wp-content\/uploads\/2026\/07\/WhatsApp-Image-2026-07-16-at-12.23.41.jpeg?fit=1200%2C675&ssl=1&resize=350%2C200","width":350,"height":200,"srcset":"https:\/\/i0.wp.com\/noticiasribeiraopreto.com.br\/wp-content\/uploads\/2026\/07\/WhatsApp-Image-2026-07-16-at-12.23.41.jpeg?fit=1200%2C675&ssl=1&resize=350%2C200 1x, https:\/\/i0.wp.com\/noticiasribeiraopreto.com.br\/wp-content\/uploads\/2026\/07\/WhatsApp-Image-2026-07-16-at-12.23.41.jpeg?fit=1200%2C675&ssl=1&resize=525%2C300 1.5x, https:\/\/i0.wp.com\/noticiasribeiraopreto.com.br\/wp-content\/uploads\/2026\/07\/WhatsApp-Image-2026-07-16-at-12.23.41.jpeg?fit=1200%2C675&ssl=1&resize=700%2C400 2x, https:\/\/i0.wp.com\/noticiasribeiraopreto.com.br\/wp-content\/uploads\/2026\/07\/WhatsApp-Image-2026-07-16-at-12.23.41.jpeg?fit=1200%2C675&ssl=1&resize=1050%2C600 3x"},"classes":[]},{"id":55133,"url":"https:\/\/noticiasribeiraopreto.com.br\/index.php\/2024\/07\/29\/cidade-da-regiao-de-ribeirao-preto-registrou-menor-umidade-do-ar-do-brasil\/","url_meta":{"origin":88211,"position":5},"title":"Cidade da regi\u00e3o de Ribeir\u00e3o Preto registrou menor umidade do ar do Brasil","author":"noticiasribeiraopreto.com.br","date":"29 de July de 2024","format":false,"excerpt":"A umidade do ar em Barretos, cidade na regi\u00e3o de Ribeir\u00e3o Preto, foi a menor do Brasil, juntamente, com a cidade de \u00c1gua Clara, no Mato Grosso do Sul, de acordo com informa\u00e7\u00f5es da EPTV. As duas cidades registram, nesta segunda-feira (29), o \u00edndice de 13%, quando o ideal \u00e9\u2026","rel":"","context":"In &quot;Not\u00edcias de Ribeir\u00e3o Preto-SP e Regi\u00e3o&quot;","block_context":{"text":"Not\u00edcias de Ribeir\u00e3o Preto-SP e Regi\u00e3o","link":"https:\/\/noticiasribeiraopreto.com.br\/index.php\/category\/noticias-de-ribeirao-preto-sp-e-regiao-ismael-colosi\/"},"img":{"alt_text":"","src":"https:\/\/i0.wp.com\/noticiasribeiraopreto.com.br\/wp-content\/uploads\/2024\/07\/Copia-de-Copia-de-TAMANHO-EXATO-PARA-FOTOS-NO-SISTEMA-NOVO-5_2024-07-18_23-18-12_png_2024-07-18_23-18-12.webp.webp?fit=1200%2C675&ssl=1&resize=350%2C200","width":350,"height":200,"srcset":"https:\/\/i0.wp.com\/noticiasribeiraopreto.com.br\/wp-content\/uploads\/2024\/07\/Copia-de-Copia-de-TAMANHO-EXATO-PARA-FOTOS-NO-SISTEMA-NOVO-5_2024-07-18_23-18-12_png_2024-07-18_23-18-12.webp.webp?fit=1200%2C675&ssl=1&resize=350%2C200 1x, https:\/\/i0.wp.com\/noticiasribeiraopreto.com.br\/wp-content\/uploads\/2024\/07\/Copia-de-Copia-de-TAMANHO-EXATO-PARA-FOTOS-NO-SISTEMA-NOVO-5_2024-07-18_23-18-12_png_2024-07-18_23-18-12.webp.webp?fit=1200%2C675&ssl=1&resize=525%2C300 1.5x, https:\/\/i0.wp.com\/noticiasribeiraopreto.com.br\/wp-content\/uploads\/2024\/07\/Copia-de-Copia-de-TAMANHO-EXATO-PARA-FOTOS-NO-SISTEMA-NOVO-5_2024-07-18_23-18-12_png_2024-07-18_23-18-12.webp.webp?fit=1200%2C675&ssl=1&resize=700%2C400 2x, https:\/\/i0.wp.com\/noticiasribeiraopreto.com.br\/wp-content\/uploads\/2024\/07\/Copia-de-Copia-de-TAMANHO-EXATO-PARA-FOTOS-NO-SISTEMA-NOVO-5_2024-07-18_23-18-12_png_2024-07-18_23-18-12.webp.webp?fit=1200%2C675&ssl=1&resize=1050%2C600 3x"},"classes":[]}],"jetpack_sharing_enabled":true,"jetpack_shortlink":"https:\/\/wp.me\/peQAOb-mWL","jetpack_featured_media_url":"https:\/\/i0.wp.com\/noticiasribeiraopreto.com.br\/wp-content\/uploads\/2026\/07\/ITUVERAVA_2025-06-25_11-04-54.webp.webp?fit=1200%2C784&ssl=1","_links":{"self":[{"href":"https:\/\/noticiasribeiraopreto.com.br\/index.php\/wp-json\/wp\/v2\/posts\/88211","targetHints":{"allow":["GET"]}}],"collection":[{"href":"https:\/\/noticiasribeiraopreto.com.br\/index.php\/wp-json\/wp\/v2\/posts"}],"about":[{"href":"https:\/\/noticiasribeiraopreto.com.br\/index.php\/wp-json\/wp\/v2\/types\/post"}],"author":[{"embeddable":true,"href":"https:\/\/noticiasribeiraopreto.com.br\/index.php\/wp-json\/wp\/v2\/users\/1"}],"replies":[{"embeddable":true,"href":"https:\/\/noticiasribeiraopreto.com.br\/index.php\/wp-json\/wp\/v2\/comments?post=88211"}],"version-history":[{"count":0,"href":"https:\/\/noticiasribeiraopreto.com.br\/index.php\/wp-json\/wp\/v2\/posts\/88211\/revisions"}],"wp:featuredmedia":[{"embeddable":true,"href":"https:\/\/noticiasribeiraopreto.com.br\/index.php\/wp-json\/wp\/v2\/media\/88212"}],"wp:attachment":[{"href":"https:\/\/noticiasribeiraopreto.com.br\/index.php\/wp-json\/wp\/v2\/media?parent=88211"}],"wp:term":[{"taxonomy":"category","embeddable":true,"href":"https:\/\/noticiasribeiraopreto.com.br\/index.php\/wp-json\/wp\/v2\/categories?post=88211"},{"taxonomy":"post_tag","embeddable":true,"href":"https:\/\/noticiasribeiraopreto.com.br\/index.php\/wp-json\/wp\/v2\/tags?post=88211"}],"curies":[{"name":"wp","href":"https:\/\/api.w.org\/{rel}","templated":true}]}}