{"id":88227,"date":"2026-07-16T13:46:54","date_gmt":"2026-07-16T16:46:54","guid":{"rendered":"https:\/\/noticiasribeiraopreto.com.br\/index.php\/2026\/07\/16\/padre-e-indiciado-pelos-crimes-de-importunacao-sexual-e-estupro-de-vulneravel-em-ribeirao\/"},"modified":"2026-07-16T13:46:54","modified_gmt":"2026-07-16T16:46:54","slug":"padre-e-indiciado-pelos-crimes-de-importunacao-sexual-e-estupro-de-vulneravel-em-ribeirao","status":"publish","type":"post","link":"https:\/\/noticiasribeiraopreto.com.br\/index.php\/2026\/07\/16\/padre-e-indiciado-pelos-crimes-de-importunacao-sexual-e-estupro-de-vulneravel-em-ribeirao\/","title":{"rendered":"Padre \u00e9 indiciado pelos crimes de importuna\u00e7\u00e3o sexual e estupro de vulner\u00e1vel em Ribeir\u00e3o"},"content":{"rendered":"<div class='code-block code-block-1' style='margin: 8px 0 8px auto; text-align: right; display: block; clear: both;'>\n<p><a href=\"https:\/\/wa.link\/vpicfd\"><img data-recalc-dims=\"1\" class=\"wp-image-4922\" style=\"aspect-ratio: 2.0253164556962027; width: 561px; height: auto;\" src=\"https:\/\/i0.wp.com\/ismaelcolosi.com.br\/wp-content\/uploads\/2023\/11\/grupo-de-empregos-whatsapp-e-facebook-ismael-colosi-vagas.jpg?ssl=1\" alt=\"\" \/><\/a><\/p>\n<!-- \/wp:image -->\n<\/div>\n<p> <br \/>\n<\/p>\n<p>A <strong>Delegacia da Mulher (DDM) de Ribeir\u00e3o Preto<\/strong> indiciou, na semana passada, o<strong> padre M\u00e1rio Reis da Silveira<\/strong> pelos crimes de importuna\u00e7\u00e3o sexual e estupro de vulner\u00e1vel.<\/p>\n<p>Isso significa que, para a <strong>Pol\u00edcia Civil<\/strong>, com base nas provas coletadas durante a investiga\u00e7\u00e3o, h\u00e1 elementos suficientes para apontar o religioso como prov\u00e1vel autor dos crimes apurados \u2013 <strong>o que n\u00e3o representa uma condena\u00e7\u00e3o.<\/strong><\/p>\n<p>De acordo com a apura\u00e7\u00e3o da <strong>EPTV<\/strong>, o indiciamento aconteceu depois que a investiga\u00e7\u00e3o <mark style=\"background-color:#fcb900\" class=\"has-inline-color\">concluiu que as provas reunidas at\u00e9 o momento apontam o religioso como prov\u00e1vel autor dos crimes apurados<\/mark>.<\/p>\n<p>As den\u00fancias envolvem supostas v\u00edtimas que atuaram como coroinhas na <strong>Par\u00f3quia Senhor Bom Jesus do Bonfim<\/strong>, no distrito de <strong>Bonfim Paulista<\/strong>, ao longo dos \u00faltimos 20 anos.<\/p>\n<p>Ap\u00f3s a conclus\u00e3o do inqu\u00e9rito, o caso ser\u00e1 encaminhado ao<strong> Minist\u00e9rio P\u00fablico (MP)<\/strong>, que analisar\u00e1 as provas e decidir\u00e1 se apresenta a den\u00fancia \u00e0 Justi\u00e7a.<\/p>\n<div class=\"wp-block-image\">\n<figure class=\"aligncenter size-large\"><figcaption class=\"wp-element-caption\">M\u00e1rio Reis da Silveira &#8211; Imagem: Reprodu\u00e7\u00e3o \/ EPTV<\/figcaption><\/figure>\n<\/div>\n<p class=\"has-text-align-center has-cyan-bluish-gray-background-color has-background\"><em>Receba not\u00edcias do&nbsp;<strong>acidade on Ribeir\u00e3o&nbsp;<\/strong>no WhatsApp e fique por dentro de tudo! Basta acessar o link<a href=\"https:\/\/chat.whatsapp.com\/DfXwcjKVIddHUT3BvnQuPZ?mode=hqctshi\" target=\"_blank\" rel=\"noreferrer noopener\">&nbsp;aqu<\/a>i!<\/em><\/p>\n<h2 class=\"wp-block-heading\"><strong>O que levou ao indiciamento do padre?<\/strong><\/h2>\n<p>Conforme as informa\u00e7\u00f5es, a investiga\u00e7\u00e3o reuniu <strong>depoimentos de v\u00edtimas <\/strong>que relataram supostos <mark style=\"background-color:#fcb900\" class=\"has-inline-color\">epis\u00f3dios de car\u00edcias, toques e beijos inadequados quando ainda eram crian\u00e7as ou adolescentes e atuavam como coroinhas na par\u00f3quia.<\/mark><\/p>\n<p>Al\u00e9m dos relatos, a <strong>Pol\u00edcia Civil <\/strong>tamb\u00e9m realizou per\u00edcia nos celulares apreendidos com o padre. <mark style=\"background-color:#fcb900\" class=\"has-inline-color\">Conforme fontes ouvidas pela <strong>EPTV <\/strong>na DDM, foram encontradas trocas de mensagens e de fotos de cunho \u00edntimo com menores de idade.<\/mark><\/p>\n<p>Ainda segundo a apura\u00e7\u00e3o, <mark style=\"background-color:#fcb900\" class=\"has-inline-color\">parte das v\u00edtimas relata fatos ocorridos h\u00e1 v\u00e1rios anos<\/mark>, enquanto outras apontam comportamentos considerados inadequados em per\u00edodo mais recente.<\/p>\n<p>Um computador do padre tamb\u00e9m foi apreendido. O material extra\u00eddo do equipamento chegou \u00e0 Delegacia de Defesa da Mulher nesta quarta-feira (15) e <strong>ser\u00e1 analisado para verificar se h\u00e1 novos elementos que possam integrar a investiga\u00e7\u00e3o.<\/strong><\/p>\n<figure class=\"wp-block-gallery has-nested-images columns-default is-cropped wp-block-gallery-2 is-layout-flex wp-block-gallery-is-layout-flex\">\n<figure class=\"wp-block-image size-large\"><img data-recalc-dims=\"1\" loading=\"lazy\" decoding=\"async\" width=\"1024\" height=\"462\" data-id=\"160229\" src=\"https:\/\/i0.wp.com\/www.acidadeon.com\/ribeiraopreto\/wp-content\/uploads\/sites\/3\/2026\/06\/denuncia_2026-06-09_13-30-19-1024x462.webp?resize=1024%2C462&#038;ssl=1\" alt=\"Homem afirma ter sido assediado por padre - Imagem: Reprodu\u00e7\u00e3o \/ EPTV\" class=\"wp-image-160229\" title=\"Padre \u00e9 indiciado pelos crimes de importuna\u00e7\u00e3o sexual e estupro de vulner\u00e1vel em Ribeir\u00e3o 5\" \/><figcaption class=\"wp-element-caption\">Homem afirma ter sido assediado por padre &#8211; Imagem: Reprodu\u00e7\u00e3o \/ EPTV<\/figcaption><\/figure>\n<figure class=\"wp-block-image size-large\"><img data-recalc-dims=\"1\" loading=\"lazy\" decoding=\"async\" width=\"1024\" height=\"714\" data-id=\"160215\" src=\"https:\/\/i0.wp.com\/www.acidadeon.com\/ribeiraopreto\/wp-content\/uploads\/sites\/3\/2026\/06\/padre_2026-06-09_13-06-58-1024x714.webp?resize=1024%2C714&#038;ssl=1\" alt=\"O padre M\u00e1rio Reis da Silveira - Imagem: Reprodu\u00e7\u00e3o\" class=\"wp-image-160215\" title=\"Padre \u00e9 indiciado pelos crimes de importuna\u00e7\u00e3o sexual e estupro de vulner\u00e1vel em Ribeir\u00e3o 6\" \/><figcaption class=\"wp-element-caption\">O padre M\u00e1rio Reis da Silveira &#8211; Imagem: Reprodu\u00e7\u00e3o<\/figcaption><\/figure>\n<\/figure>\n<h3 class=\"wp-block-heading\"><strong>Padre nega as acusa\u00e7\u00f5es<\/strong><\/h3>\n<p>Ainda de acordo com a apura\u00e7\u00e3o da EPTV, o padre M\u00e1rio Reis da Silveira foi interrogado de forma remota na semana passada. A informa\u00e7\u00e3o obtida pela reportagem \u00e9 de que o religioso negou as acusa\u00e7\u00f5es durante o depoimento.<\/p>\n<p>A defesa do padre e a Diocese Metropolitana de Ribeir\u00e3o Preto n\u00e3o se manifestaram at\u00e9 a publica\u00e7\u00e3o desse texto.<\/p>\n<p>Silveira est\u00e1 afastado das fun\u00e7\u00f5es na Par\u00f3quia Senhor Bom Jesus do Bonfim desde mar\u00e7o deste ano.<\/p>\n<div class=\"wp-block-image\">\n<figure class=\"aligncenter size-large\"><img data-recalc-dims=\"1\" loading=\"lazy\" decoding=\"async\" width=\"1024\" height=\"576\" src=\"https:\/\/i0.wp.com\/www.acidadeon.com\/ribeiraopreto\/wp-content\/uploads\/sites\/3\/2026\/07\/padre--1024x576.jpg?resize=1024%2C576&#038;ssl=1\" alt=\"O padre M\u00e1rio Reis da Silveira - Imagem: Reprodu\u00e7\u00e3o \/ EPTV\" class=\"wp-image-166243\" title=\"Padre \u00e9 indiciado pelos crimes de importuna\u00e7\u00e3o sexual e estupro de vulner\u00e1vel em Ribeir\u00e3o 7\" \/><figcaption class=\"wp-element-caption\">O padre M\u00e1rio Reis da Silveira &#8211; Imagem: Reprodu\u00e7\u00e3o \/ EPTV<\/figcaption><\/figure>\n<\/div>\n<p><em>*Com informa\u00e7\u00f5es da EPTV<\/em><\/p>\n<p class=\"has-text-align-center has-cyan-bluish-gray-background-color has-background\"><em>Fa\u00e7a uma den\u00fancia ou sugira uma reportagem sobre&nbsp;<strong>Ribeir\u00e3o Preto&nbsp;<\/strong>e regi\u00e3o por meio do WhatsApp do&nbsp;<strong>acidade on Ribeir\u00e3o<\/strong>: (16) 99117-7802.<\/em><\/p>\n<\/p>\n<p>O post Padre \u00e9 indiciado pelos crimes de importuna\u00e7\u00e3o sexual e estupro de vulner\u00e1vel em Ribeir\u00e3o apareceu primeiro em ACidade ON Ribeir\u00e3o Preto.<\/p>\n<p><br \/>\n<br \/><a href=\"https:\/\/www.acidadeon.com\/ribeiraopreto\/cotidiano\/padre-e-indiciado-pelos-crimes-de-importunacao-sexual-e-estupro-de-vulneravel-em-ribeirao\/\">Link para o texto original aqui <\/a><\/p>\n<!-- CONTENT END 1 -->\n","protected":false},"excerpt":{"rendered":"<p>A Delegacia da Mulher (DDM) de Ribeir\u00e3o Preto indiciou, na semana passada, o padre M\u00e1rio Reis da Silveira pelos crimes de importuna\u00e7\u00e3o sexual e estupro&#8230;<\/p>\n","protected":false},"author":1,"featured_media":88228,"comment_status":"","ping_status":"","sticky":false,"template":"","format":"standard","meta":{"advanced_seo_description":"","jetpack_seo_html_title":"","jetpack_seo_noindex":false,"jetpack_seo_schema_type":"","_jetpack_newsletter_access":"","_jetpack_dont_email_post_to_subs":false,"_jetpack_newsletter_tier_id":0,"_jetpack_memberships_contains_paywalled_content":false,"_jetpack_feature_clip_id":0,"_jetpack_memberships_contains_paid_content":false,"footnotes":"","jetpack_publicize_message":"","jetpack_publicize_feature_enabled":true,"jetpack_social_post_already_shared":true,"jetpack_social_options":{"image_generator_settings":{"template":"highway","default_image_id":0,"font":"","enabled":false},"version":2},"jetpack_post_was_ever_published":false},"categories":[11],"tags":[3561,1830,7764,5117,3006,2426,26,1561,2490],"class_list":["post-88227","post","type-post","status-publish","format-standard","has-post-thumbnail","hentry","category-noticias-de-ribeirao-preto-sp-e-regiao-ismael-colosi","tag-crimes","tag-estupro","tag-importunacao","tag-indiciado","tag-padre","tag-pelos","tag-ribeirao","tag-sexual","tag-vulneravel"],"jetpack_publicize_connections":[],"jetpack-related-posts":[{"id":88249,"url":"https:\/\/noticiasribeiraopreto.com.br\/index.php\/2026\/07\/16\/padre-e-indiciado-por-estupro-de-vulneravel-e-importunacao-sexual-em-bonfim-paulista-sp\/","url_meta":{"origin":88227,"position":0},"title":"Padre \u00e9 indiciado por estupro de vulner\u00e1vel e importuna\u00e7\u00e3o sexual em Bonfim Paulista (SP)","author":"noticiasribeiraopreto.com.br","date":"16 de July de 2026","format":false,"excerpt":"\r \r \r 16 de julho de 2026 20:15 \r Compartilhar0 O padre M\u00e1rio Reis da Silveira, da Par\u00f3quia Senhor Bom Jesus do Bonfim, de Bonfim Paulista (SP), foi indiciado pela DDM (Delegacia de Defesa da Mulher) pelos crimes de estupro de vulner\u00e1vel e importuna\u00e7\u00e3o sexual. Segundo a Pol\u00edcia Civil,\u2026","rel":"","context":"In &quot;Not\u00edcias de Ribeir\u00e3o Preto-SP e Regi\u00e3o&quot;","block_context":{"text":"Not\u00edcias de Ribeir\u00e3o Preto-SP e Regi\u00e3o","link":"https:\/\/noticiasribeiraopreto.com.br\/index.php\/category\/noticias-de-ribeirao-preto-sp-e-regiao-ismael-colosi\/"},"img":{"alt_text":"","src":"https:\/\/i0.wp.com\/noticiasribeiraopreto.com.br\/wp-content\/uploads\/2026\/07\/WhatsApp-Image-2026-07-16-at-17.04.40.jpeg?fit=484%2C413&ssl=1&resize=350%2C200","width":350,"height":200},"classes":[]},{"id":89987,"url":"https:\/\/noticiasribeiraopreto.com.br\/index.php\/2026\/08\/14\/policia-pede-prisao-preventiva-de-padre-de-bonfim-paulista\/","url_meta":{"origin":88227,"position":1},"title":"Pol\u00edcia pede pris\u00e3o preventiva de padre de Bonfim Paulista","author":"noticiasribeiraopreto.com.br","date":"14 de August de 2026","format":false,"excerpt":"\r Com a conclus\u00e3o do inqu\u00e9rito, padre M\u00e1rio Reis foi indiciado por estupro de vulner\u00e1vel e importuna\u00e7\u00e3o sexual; pedido de pris\u00e3o ser\u00e1 analisado pela Justi\u00e7a\r \r 14 de agosto de 2026 12:42 \r Compartilhar0 | Por: Adalberto Luque | A Pol\u00edcia Civil concluiu o inqu\u00e9rito que investigava o padre M\u00e1rio\u2026","rel":"","context":"In &quot;Not\u00edcias de Ribeir\u00e3o Preto-SP e Regi\u00e3o&quot;","block_context":{"text":"Not\u00edcias de Ribeir\u00e3o Preto-SP e Regi\u00e3o","link":"https:\/\/noticiasribeiraopreto.com.br\/index.php\/category\/noticias-de-ribeirao-preto-sp-e-regiao-ismael-colosi\/"},"img":{"alt_text":"","src":"https:\/\/i0.wp.com\/noticiasribeiraopreto.com.br\/wp-content\/uploads\/2026\/08\/14-ago-2026-padremarioreis1.jpg?fit=484%2C413&ssl=1&resize=350%2C200","width":350,"height":200},"classes":[]},{"id":90190,"url":"https:\/\/noticiasribeiraopreto.com.br\/index.php\/2026\/08\/18\/justica-nega-prisao-preventiva-de-padre-investigado-por-crimes-sexuais-contra-coroinhas\/","url_meta":{"origin":88227,"position":2},"title":"Justi\u00e7a nega pris\u00e3o preventiva de padre investigado por crimes sexuais contra coroinhas","author":"noticiasribeiraopreto.com.br","date":"18 de August de 2026","format":false,"excerpt":"A Justi\u00e7a negou o pedido de pris\u00e3o preventiva do padre M\u00e1rio Reis da Silveira, afastado da Par\u00f3quia Senhor Bom Jesus do Bonfim, no distrito de Bonfim Paulista, em Ribeir\u00e3o Preto. A Pol\u00edcia Civil investiga o religioso por suspeita de crimes sexuais contra coroinhas. A decis\u00e3o seguiu a manifesta\u00e7\u00e3o do Minist\u00e9rio\u2026","rel":"","context":"In &quot;Not\u00edcias de Ribeir\u00e3o Preto-SP e Regi\u00e3o&quot;","block_context":{"text":"Not\u00edcias de Ribeir\u00e3o Preto-SP e Regi\u00e3o","link":"https:\/\/noticiasribeiraopreto.com.br\/index.php\/category\/noticias-de-ribeirao-preto-sp-e-regiao-ismael-colosi\/"},"img":{"alt_text":"","src":"https:\/\/i0.wp.com\/noticiasribeiraopreto.com.br\/wp-content\/uploads\/2026\/07\/padre_2026-06-09_13-06-58.webp.webp?fit=1200%2C837&ssl=1&resize=350%2C200","width":350,"height":200,"srcset":"https:\/\/i0.wp.com\/noticiasribeiraopreto.com.br\/wp-content\/uploads\/2026\/07\/padre_2026-06-09_13-06-58.webp.webp?fit=1200%2C837&ssl=1&resize=350%2C200 1x, https:\/\/i0.wp.com\/noticiasribeiraopreto.com.br\/wp-content\/uploads\/2026\/07\/padre_2026-06-09_13-06-58.webp.webp?fit=1200%2C837&ssl=1&resize=525%2C300 1.5x, https:\/\/i0.wp.com\/noticiasribeiraopreto.com.br\/wp-content\/uploads\/2026\/07\/padre_2026-06-09_13-06-58.webp.webp?fit=1200%2C837&ssl=1&resize=700%2C400 2x, https:\/\/i0.wp.com\/noticiasribeiraopreto.com.br\/wp-content\/uploads\/2026\/07\/padre_2026-06-09_13-06-58.webp.webp?fit=1200%2C837&ssl=1&resize=1050%2C600 3x"},"classes":[]},{"id":18758,"url":"https:\/\/noticiasribeiraopreto.com.br\/index.php\/2023\/12\/20\/idoso-e-preso-por-trafico-de-mulheres-e-estupro-de-vulneravel-na-regiao\/","url_meta":{"origin":88227,"position":3},"title":"Idoso \u00e9 preso por tr\u00e1fico de mulheres e estupro de vulner\u00e1vel na regi\u00e3o","author":"noticiasribeiraopreto.com.br","date":"20 de December de 2023","format":false,"excerpt":"Funcion\u00e1rio p\u00fablico aposentado explorava sexualmente pelo menos quatro mulheres e uma adolescente 20 de dezembro de 2023 | 16:3820 de dezembro de 2023 | 16:39 2Por: Adalberto LuqueUm funcion\u00e1rio p\u00fablico aposentado de 61 anos foi preso, na manh\u00e3 desta ter\u00e7a-feira (20), em Batatais. Ele \u00e9 investigado por tr\u00e1fico de mulheres,\u2026","rel":"","context":"In &quot;Not\u00edcias de Ribeir\u00e3o Preto-SP e Regi\u00e3o&quot;","block_context":{"text":"Not\u00edcias de Ribeir\u00e3o Preto-SP e Regi\u00e3o","link":"https:\/\/noticiasribeiraopreto.com.br\/index.php\/category\/noticias-de-ribeirao-preto-sp-e-regiao-ismael-colosi\/"},"img":{"alt_text":"","src":"https:\/\/i0.wp.com\/noticiasribeiraopreto.com.br\/wp-content\/uploads\/2023\/12\/00-20-dez-2023-exploracao-sexual-batatais-foto-google-street-reproducao-scaled.jpg?fit=1000%2C561&ssl=1&resize=350%2C200","width":350,"height":200,"srcset":"https:\/\/i0.wp.com\/noticiasribeiraopreto.com.br\/wp-content\/uploads\/2023\/12\/00-20-dez-2023-exploracao-sexual-batatais-foto-google-street-reproducao-scaled.jpg?fit=1000%2C561&ssl=1&resize=350%2C200 1x, https:\/\/i0.wp.com\/noticiasribeiraopreto.com.br\/wp-content\/uploads\/2023\/12\/00-20-dez-2023-exploracao-sexual-batatais-foto-google-street-reproducao-scaled.jpg?fit=1000%2C561&ssl=1&resize=525%2C300 1.5x, https:\/\/i0.wp.com\/noticiasribeiraopreto.com.br\/wp-content\/uploads\/2023\/12\/00-20-dez-2023-exploracao-sexual-batatais-foto-google-street-reproducao-scaled.jpg?fit=1000%2C561&ssl=1&resize=700%2C400 2x"},"classes":[]},{"id":89998,"url":"https:\/\/noticiasribeiraopreto.com.br\/index.php\/2026\/08\/14\/policia-pede-prisao-de-padre-suspeito-de-crimes-sexuais-contra-coroinhas-em-ribeirao\/","url_meta":{"origin":88227,"position":4},"title":"Pol\u00edcia pede pris\u00e3o de padre suspeito de crimes sexuais contra coroinhas em Ribeir\u00e3o","author":"noticiasribeiraopreto.com.br","date":"14 de August de 2026","format":false,"excerpt":"A Pol\u00edcia Civil pediu nesta quinta-feira (13) \u00e0 Justi\u00e7a a pris\u00e3o preventiva do padre M\u00e1rio Reis da Silveira, investigado por crimes sexuais contra coroinhas em Bonfim Paulista, distrito de Ribeir\u00e3o Preto. O religioso deixou as atividades da igreja em mar\u00e7o, ap\u00f3s o surgimento das den\u00fancias. O inqu\u00e9rito, conduzido pela Delegacia\u2026","rel":"","context":"In &quot;Not\u00edcias de Ribeir\u00e3o Preto-SP e Regi\u00e3o&quot;","block_context":{"text":"Not\u00edcias de Ribeir\u00e3o Preto-SP e Regi\u00e3o","link":"https:\/\/noticiasribeiraopreto.com.br\/index.php\/category\/noticias-de-ribeirao-preto-sp-e-regiao-ismael-colosi\/"},"img":{"alt_text":"","src":"https:\/\/i0.wp.com\/noticiasribeiraopreto.com.br\/wp-content\/uploads\/2026\/08\/padre-.jpg?fit=1200%2C675&ssl=1&resize=350%2C200","width":350,"height":200,"srcset":"https:\/\/i0.wp.com\/noticiasribeiraopreto.com.br\/wp-content\/uploads\/2026\/08\/padre-.jpg?fit=1200%2C675&ssl=1&resize=350%2C200 1x, https:\/\/i0.wp.com\/noticiasribeiraopreto.com.br\/wp-content\/uploads\/2026\/08\/padre-.jpg?fit=1200%2C675&ssl=1&resize=525%2C300 1.5x, https:\/\/i0.wp.com\/noticiasribeiraopreto.com.br\/wp-content\/uploads\/2026\/08\/padre-.jpg?fit=1200%2C675&ssl=1&resize=700%2C400 2x, https:\/\/i0.wp.com\/noticiasribeiraopreto.com.br\/wp-content\/uploads\/2026\/08\/padre-.jpg?fit=1200%2C675&ssl=1&resize=1050%2C600 3x"},"classes":[]},{"id":36225,"url":"https:\/\/noticiasribeiraopreto.com.br\/index.php\/2024\/02\/08\/beijo-roubado-no-carnaval-e-crime-de-assedio-veja-o-que-diz-advogado\/","url_meta":{"origin":88227,"position":5},"title":"Beijo roubado no Carnaval \u00e9 crime de ass\u00e9dio? Veja o que diz advogado","author":"noticiasribeiraopreto.com.br","date":"8 de February de 2024","format":false,"excerpt":"Muitas atitudes que eram \u201ccomuns\u201d em \u00e9pocas anteriores durante o Carnaval, como o beijo roubado, por exemplo, seja repentino ou de forma mais agressiva como segurar pelos bra\u00e7os, s\u00e3o consideradas crime. O advogado Adolfo Angelotti explica que dependendo de como for o beijo roubado, o crime pode passar de importuna\u00e7\u00e3o\u2026","rel":"","context":"In &quot;Not\u00edcias de Ribeir\u00e3o Preto-SP e Regi\u00e3o&quot;","block_context":{"text":"Not\u00edcias de Ribeir\u00e3o Preto-SP e Regi\u00e3o","link":"https:\/\/noticiasribeiraopreto.com.br\/index.php\/category\/noticias-de-ribeirao-preto-sp-e-regiao-ismael-colosi\/"},"img":{"alt_text":"","src":"https:\/\/i0.wp.com\/noticiasribeiraopreto.com.br\/wp-content\/uploads\/2024\/02\/barraca-do-beijo.jpg?fit=512%2C768&ssl=1&resize=350%2C200","width":350,"height":200},"classes":[]}],"jetpack_sharing_enabled":true,"jetpack_shortlink":"https:\/\/wp.me\/peQAOb-mX1","jetpack_featured_media_url":"https:\/\/i0.wp.com\/noticiasribeiraopreto.com.br\/wp-content\/uploads\/2026\/07\/padre_2026-06-09_13-06-58.webp.webp?fit=1200%2C837&ssl=1","_links":{"self":[{"href":"https:\/\/noticiasribeiraopreto.com.br\/index.php\/wp-json\/wp\/v2\/posts\/88227","targetHints":{"allow":["GET"]}}],"collection":[{"href":"https:\/\/noticiasribeiraopreto.com.br\/index.php\/wp-json\/wp\/v2\/posts"}],"about":[{"href":"https:\/\/noticiasribeiraopreto.com.br\/index.php\/wp-json\/wp\/v2\/types\/post"}],"author":[{"embeddable":true,"href":"https:\/\/noticiasribeiraopreto.com.br\/index.php\/wp-json\/wp\/v2\/users\/1"}],"replies":[{"embeddable":true,"href":"https:\/\/noticiasribeiraopreto.com.br\/index.php\/wp-json\/wp\/v2\/comments?post=88227"}],"version-history":[{"count":0,"href":"https:\/\/noticiasribeiraopreto.com.br\/index.php\/wp-json\/wp\/v2\/posts\/88227\/revisions"}],"wp:featuredmedia":[{"embeddable":true,"href":"https:\/\/noticiasribeiraopreto.com.br\/index.php\/wp-json\/wp\/v2\/media\/88228"}],"wp:attachment":[{"href":"https:\/\/noticiasribeiraopreto.com.br\/index.php\/wp-json\/wp\/v2\/media?parent=88227"}],"wp:term":[{"taxonomy":"category","embeddable":true,"href":"https:\/\/noticiasribeiraopreto.com.br\/index.php\/wp-json\/wp\/v2\/categories?post=88227"},{"taxonomy":"post_tag","embeddable":true,"href":"https:\/\/noticiasribeiraopreto.com.br\/index.php\/wp-json\/wp\/v2\/tags?post=88227"}],"curies":[{"name":"wp","href":"https:\/\/api.w.org\/{rel}","templated":true}]}}