{"id":88235,"date":"2026-07-16T14:08:04","date_gmt":"2026-07-16T17:08:04","guid":{"rendered":"https:\/\/noticiasribeiraopreto.com.br\/index.php\/2026\/07\/16\/festa-do-peao-de-barretos-divulga-programacao-completa-do-palco-camping-veja-atracoes\/"},"modified":"2026-07-16T14:08:04","modified_gmt":"2026-07-16T17:08:04","slug":"festa-do-peao-de-barretos-divulga-programacao-completa-do-palco-camping-veja-atracoes","status":"publish","type":"post","link":"https:\/\/noticiasribeiraopreto.com.br\/index.php\/2026\/07\/16\/festa-do-peao-de-barretos-divulga-programacao-completa-do-palco-camping-veja-atracoes\/","title":{"rendered":"Festa do Pe\u00e3o de Barretos divulga programa\u00e7\u00e3o completa do palco Camping; Veja atra\u00e7\u00f5es"},"content":{"rendered":"<div class='code-block code-block-1' style='margin: 8px 0 8px auto; text-align: right; display: block; clear: both;'>\n<p><a href=\"https:\/\/wa.link\/vpicfd\"><img data-recalc-dims=\"1\" class=\"wp-image-4922\" style=\"aspect-ratio: 2.0253164556962027; width: 561px; height: auto;\" src=\"https:\/\/i0.wp.com\/ismaelcolosi.com.br\/wp-content\/uploads\/2023\/11\/grupo-de-empregos-whatsapp-e-facebook-ismael-colosi-vagas.jpg?ssl=1\" alt=\"\" \/><\/a><\/p>\n<!-- \/wp:image -->\n<\/div>\n<p> <br \/>\n<\/p>\n<p>A <strong>71\u00aa Festa do Pe\u00e3o de Barretos<\/strong> divulgou nessa quarta-feira (16), a <strong>programa\u00e7\u00e3o completa de shows do palco Camping<\/strong>. Ao todo, ser\u00e3o <strong>mais de 35 apresenta\u00e7\u00f5es<\/strong>, incluindo projetos exclusivos e atra\u00e7\u00f5es in\u00e9ditas no evento para os hospedes do <strong>Parque do Pe\u00e3o<\/strong>.<\/p>\n<p>Entre os destaques est\u00e3o o projeto &#8220;<strong>Nattan no Camping<\/strong>&#8220;, no dia 22 de agosto, e o &#8220;<strong>Sertanejinho do Tel\u00f3<\/strong>&#8220;, comandado por Michel Tel\u00f3, no dia 29.<\/p>\n<p><mark style=\"background-color:#fcb900\" class=\"has-inline-color\">Al\u00e9m desses, Turma do Pagode, Felipe Ara\u00fajo, Bruninho e Davi, Guilherme e Benuto e Us Agroboy tamb\u00e9m est\u00e3o confirmados no palco \u2013 veja abaixo.<\/mark><\/p>\n<p>Segundo <strong>Pedro Muzeti<\/strong>, diretor cultural da Festa do Pe\u00e3o de Barretos, a proposta \u00e9 oferecer entretenimento e servi\u00e7os durante todo o per\u00edodo de hospedagem.<\/p>\n<blockquote class=\"wp-block-quote is-layout-flow wp-block-quote-is-layout-flow\">\n<p>&#8220;A ideia \u00e9 ter divers\u00e3o e servi\u00e7os de qualidade o tempo todo para os h\u00f3spedes. Estamos com uma programa\u00e7\u00e3o com grandes artistas em performances exclusivas para o espa\u00e7o, adaptadas para o camping do Barret\u00e3o&#8221;, afirma.<\/p>\n<\/blockquote>\n<figure class=\"wp-block-gallery has-nested-images columns-default is-cropped wp-block-gallery-7 is-layout-flex wp-block-gallery-is-layout-flex\">\n<figure class=\"wp-block-image size-large\"><figcaption class=\"wp-element-caption\">Michel Tel\u00f3 foi o primeiro artista confirmado no palco Camping &#8211; Foto: reprodu\u00e7\u00e3o\/ redes sociais.<\/figcaption><\/figure>\n<figure class=\"wp-block-image size-large\"><img data-recalc-dims=\"1\" loading=\"lazy\" decoding=\"async\" width=\"1024\" height=\"576\" data-id=\"165863\" src=\"https:\/\/i0.wp.com\/www.acidadeon.com\/ribeiraopreto\/wp-content\/uploads\/sites\/3\/2026\/07\/rainha-barretos-3-1024x576.jpg?resize=1024%2C576&#038;ssl=1\" alt=\"Nattan est\u00e1 confirmado no palco Camping em Barretos - Foto: Divulga\u00e7\u00e3o.\" class=\"wp-image-165863\" title=\"Festa do Pe\u00e3o de Barretos divulga programa\u00e7\u00e3o completa do palco Camping; Veja atra\u00e7\u00f5es 21\" \/><figcaption class=\"wp-element-caption\">Nattan est\u00e1 confirmado no palco Camping em Barretos &#8211; Foto: Divulga\u00e7\u00e3o.<\/figcaption><\/figure>\n<\/figure>\n<p class=\"has-text-align-center has-cyan-bluish-gray-background-color has-background\"><em>Receba not\u00edcias do&nbsp;<strong>acidade on Ribeir\u00e3o&nbsp;<\/strong>no WhatsApp e fique por dentro de tudo! Basta acessar o link<a href=\"https:\/\/chat.whatsapp.com\/DfXwcjKVIddHUT3BvnQuPZ?mode=hqctshi\" target=\"_blank\" rel=\"noreferrer noopener\">&nbsp;aqu<\/a>i!<\/em><\/p>\n<h2 class=\"wp-block-heading\"><strong>Confira a programa\u00e7\u00e3o do palco Camping<\/strong><\/h2>\n<ul class=\"wp-block-list\">\n<li><strong>20 de agosto (quinta-feira):<\/strong> DJ Thomazini, Luana Magalh\u00e3es, Marcos Ferreira e Augusto e Atilio;<\/li>\n<li><strong>21 de agosto (sexta-feira):<\/strong> DJ Thomazini, Clube da Viola, Vini e Lucas e Resenha da Muierada;<\/li>\n<li><strong>22 de agosto (s\u00e1bado):<\/strong> Trio Remelexo, Moagem Camping (Em\u00edlio e Eduardo, Jo\u00e3o Pedro e Cristiano e Jo\u00e3o Neves) e Nattan no Camping;<\/li>\n<li><strong>23 de agosto (domingo):<\/strong> Barbara Kush, Jeninho e Vitor e Franco;<\/li>\n<li><strong>24 de agosto (segunda-feira): <\/strong>Diogo Viola e Carlinhos, Z\u00e9 D\u00e1vila e Fabiano, Estela Blanco e Ruan e Leandro;<\/li>\n<li><strong>25 de agosto (ter\u00e7a-feira):<\/strong> Open Farra, Turma do Pagode e convidados;<\/li>\n<li><strong>26 de agosto (quarta-feira):<\/strong> DJ Thomazini, Duda Bertelli, Rol\u00ea 019 (Kaique e Felipe, Fiorela e Guilherme e Benuto) e Felipe e Benjamin;<\/li>\n<li><strong>27 de agosto (quinta-feira):<\/strong> DJ Thomazini, Junior e Cesar, Bruninho e Davi, Us Agroboy e o projeto &#8220;Uma por Ano&#8221;;<\/li>\n<li><strong>28 de agosto (sexta-feira):<\/strong> DJ Thomazini, Alex e Medina, Felipe Ara\u00fajo, Kleo Dibah e Rafael e DJ Jiraya;<\/li>\n<li><strong>29 de agosto (s\u00e1bado): <\/strong>DJ Thomazini, Bar das Braba, Fiduma e Jeca e Michel Tel\u00f3.<\/li>\n<\/ul>\n<figure class=\"wp-block-gallery has-nested-images columns-default is-cropped wp-block-gallery-8 is-layout-flex wp-block-gallery-is-layout-flex\">\n<figure class=\"wp-block-image size-large\"><img data-recalc-dims=\"1\" loading=\"lazy\" decoding=\"async\" width=\"1024\" height=\"682\" data-id=\"126869\" src=\"https:\/\/i0.wp.com\/www.acidadeon.com\/ribeiraopreto\/wp-content\/uploads\/sites\/3\/2025\/08\/68a8870073d2d-1024x682.webp?resize=1024%2C682&#038;ssl=1\" alt=\"Festa do Pe\u00e3o de Barretos - Foto: Alisson Demetrio.\" class=\"wp-image-126869\" title=\"Festa do Pe\u00e3o de Barretos divulga programa\u00e7\u00e3o completa do palco Camping; Veja atra\u00e7\u00f5es 22\" \/><figcaption class=\"wp-element-caption\">Festa do Pe\u00e3o de Barretos &#8211; Foto: Alisson Demetrio.<\/figcaption><\/figure>\n<figure class=\"wp-block-image size-large\"><img data-recalc-dims=\"1\" loading=\"lazy\" decoding=\"async\" width=\"1024\" height=\"683\" data-id=\"126947\" src=\"https:\/\/i0.wp.com\/www.acidadeon.com\/ribeiraopreto\/wp-content\/uploads\/sites\/3\/2025\/08\/68ab3ac081043-1024x683.webp?resize=1024%2C683&#038;ssl=1\" alt=\"Festa do Pe\u00e3o de Barretos - Foto: Andr\u00e9 Monteiro.\" class=\"wp-image-126947\" title=\"Festa do Pe\u00e3o de Barretos divulga programa\u00e7\u00e3o completa do palco Camping; Veja atra\u00e7\u00f5es 23\" \/><figcaption class=\"wp-element-caption\">Festa do Pe\u00e3o de Barretos &#8211; Foto: Andr\u00e9 Monteiro.<\/figcaption><\/figure>\n<\/figure>\n<h2 class=\"wp-block-heading\"><strong>Estrutura do camping da Festa do Pe\u00e3o de Barretos<\/strong><\/h2>\n<p>Com capacidade para receber at\u00e9 <strong>20 mil pessoas<\/strong>, o camping oficial oferece op\u00e7\u00f5es de hospedagem para barracas, motorhomes, containers, cabanas e a Vila Barretos Aura Trip, que disponibiliza barracas j\u00e1 montadas.<\/p>\n<p>O espa\u00e7o conta com <strong>banheiros, incluindo unidades climatizadas, pontos de energia, \u00e1reas de conviv\u00eancia, seguran\u00e7a, mercearia, supermercado, sal\u00e3o de beleza e outros servi\u00e7os.<\/strong><\/p>\n<p>O passaporte garante acesso ao <strong>Parque do Pe\u00e3o <\/strong>e a toda a <strong>programa\u00e7\u00e3o da Festa do Pe\u00e3o de Barretos<\/strong>, incluindo rodeios, shows, Feira Comercial e atra\u00e7\u00f5es gastron\u00f4micas. Os ingressos para o camping s\u00e3o vendidos exclusivamente pelo site oficial da festa (<a href=\"https:\/\/barretos.totalacesso.com\/\" target=\"_blank\" data-type=\"link\" data-id=\"https:\/\/barretos.totalacesso.com\/\" rel=\"noreferrer noopener\">clique aqui<\/a>).<\/p>\n<h2 class=\"wp-block-heading\"><strong>Servi\u00e7o<\/strong><\/h2>\n<p><em>71\u00aa Festa do Pe\u00e3o de Barretos<\/em><\/p>\n<p>Quando: 20 a 30 de agosto de 2026<\/p>\n<p>Local: Parque do Pe\u00e3o \u2013 Barretos<\/p>\n<p>Camping oficial: dentro do Parque do Pe\u00e3o, com acesso exclusivo aos h\u00f3spedes e programa\u00e7\u00e3o pr\u00f3pria de shows<\/p>\n<p>Ingressos:&nbsp;<a href=\"https:\/\/barretos.totalacesso.com\/\" target=\"_blank\" rel=\"noreferrer noopener\">clique aqui<\/a><\/p>\n<figure class=\"wp-block-gallery has-nested-images columns-default is-cropped wp-block-gallery-9 is-layout-flex wp-block-gallery-is-layout-flex\">\n<figure class=\"wp-block-image size-large\"><img data-recalc-dims=\"1\" loading=\"lazy\" decoding=\"async\" width=\"1024\" height=\"684\" data-id=\"126574\" src=\"https:\/\/i0.wp.com\/www.acidadeon.com\/ribeiraopreto\/wp-content\/uploads\/sites\/3\/2025\/08\/rodeio-de-barretos-projeta-competidores-brasileiros-para-carreira-milionaria-nos-estados-unidos-165411-1024x684.webp?resize=1024%2C684&#038;ssl=1\" alt=\"Festa do Pe\u00e3o de Barretos - Foto: Andr\u00e9 Monteiro \/ Os Independentes.\" class=\"wp-image-126574\" title=\"Festa do Pe\u00e3o de Barretos divulga programa\u00e7\u00e3o completa do palco Camping; Veja atra\u00e7\u00f5es 24\" \/><figcaption class=\"wp-element-caption\">Festa do Pe\u00e3o de Barretos &#8211; Foto: Andr\u00e9 Monteiro \/ Os Independentes.<\/figcaption><\/figure>\n<figure class=\"wp-block-image size-large\"><img data-recalc-dims=\"1\" loading=\"lazy\" decoding=\"async\" width=\"1024\" height=\"575\" data-id=\"65577\" src=\"https:\/\/i0.wp.com\/www.acidadeon.com\/ribeiraopreto\/wp-content\/uploads\/sites\/3\/2024\/01\/parque-do-peao-1024x575.jpeg?resize=1024%2C575&#038;ssl=1\" alt=\"Festa do Pe\u00e3o de Barretos - Foto: Alisson Dem\u00e9trio\/ Divulga\u00e7\u00e3o.\" class=\"wp-image-65577\" title=\"Festa do Pe\u00e3o de Barretos divulga programa\u00e7\u00e3o completa do palco Camping; Veja atra\u00e7\u00f5es 25\" \/><figcaption class=\"wp-element-caption\">Festa do Pe\u00e3o de Barretos &#8211; Foto: Alisson Dem\u00e9trio\/ Divulga\u00e7\u00e3o.<\/figcaption><\/figure>\n<\/figure>\n<p class=\"has-text-align-center has-cyan-bluish-gray-background-color has-background\"><em>Fa\u00e7a uma den\u00fancia ou sugira uma reportagem sobre&nbsp;<strong>Ribeir\u00e3o Preto&nbsp;<\/strong>e regi\u00e3o por meio do WhatsApp do&nbsp;<strong>acidade on Ribeir\u00e3o<\/strong>: (16) 99117-7802.<\/em><\/p>\n<\/p>\n<p>O post Festa do Pe\u00e3o de Barretos divulga programa\u00e7\u00e3o completa do palco Camping; Veja atra\u00e7\u00f5es apareceu primeiro em ACidade ON Ribeir\u00e3o Preto.<\/p>\n<p><br \/>\n<br \/><a href=\"https:\/\/www.acidadeon.com\/ribeiraopreto\/lazer-e-cultura\/festa-do-peao-de-barretos-divulga-programacao-completa-do-palco-camping-veja-atracoes\/\">Link para o texto original aqui <\/a><\/p>\n<!-- CONTENT END 1 -->\n","protected":false},"excerpt":{"rendered":"<p>A 71\u00aa Festa do Pe\u00e3o de Barretos divulgou nessa quarta-feira (16), a programa\u00e7\u00e3o completa de shows do palco Camping. Ao todo, ser\u00e3o mais de 35&#8230;<\/p>\n","protected":false},"author":1,"featured_media":88236,"comment_status":"","ping_status":"","sticky":false,"template":"","format":"standard","meta":{"advanced_seo_description":"","jetpack_seo_html_title":"","jetpack_seo_noindex":false,"jetpack_seo_schema_type":"","_jetpack_newsletter_access":"","_jetpack_dont_email_post_to_subs":false,"_jetpack_newsletter_tier_id":0,"_jetpack_memberships_contains_paywalled_content":false,"_jetpack_feature_clip_id":0,"_jetpack_memberships_contains_paid_content":false,"footnotes":"","jetpack_publicize_message":"","jetpack_publicize_feature_enabled":true,"jetpack_social_post_already_shared":true,"jetpack_social_options":{"image_generator_settings":{"template":"highway","default_image_id":0,"font":"","enabled":false},"version":2},"jetpack_post_was_ever_published":false},"categories":[11],"tags":[1677,3023,7683,1528,1250,2017,7181,2650,7769,3641,70,48],"class_list":["post-88235","post","type-post","status-publish","format-standard","has-post-thumbnail","hentry","category-noticias-de-ribeirao-preto-sp-e-regiao-ismael-colosi","tag-atracoes","tag-barretos","tag-camping","tag-completa","tag-divulga","tag-festa","tag-festa-do-peao-de-barretos","tag-palco","tag-palco-camping","tag-peao","tag-programacao","tag-veja"],"jetpack_publicize_connections":[],"jetpack-related-posts":[{"id":88047,"url":"https:\/\/noticiasribeiraopreto.com.br\/index.php\/2026\/07\/13\/michel-telo-e-o-primeiro-nome-confirmado-do-palco-camping-da-festa-do-peao-de-barretos\/","url_meta":{"origin":88235,"position":0},"title":"Michel Tel\u00f3 \u00e9 o primeiro nome confirmado do Palco Camping da Festa do Pe\u00e3o de Barretos","author":"noticiasribeiraopreto.com.br","date":"13 de July de 2026","format":false,"excerpt":"O cantor Michel Tel\u00f3 \u00e9 o primeiro artista confirmado a se apresentar no palco camping da edi\u00e7\u00e3o 71\u00aa Festa do Pe\u00e3o de Barretos. A apresenta\u00e7\u00e3o est\u00e1 marcada para o dia 29 de agosto, a partir das 16h30, com o projeto \u201cSertanejinho do Tel\u00f3\u201c. De acordo com a organiza\u00e7\u00e3o, o show\u2026","rel":"","context":"In &quot;Not\u00edcias de Ribeir\u00e3o Preto-SP e Regi\u00e3o&quot;","block_context":{"text":"Not\u00edcias de Ribeir\u00e3o Preto-SP e Regi\u00e3o","link":"https:\/\/noticiasribeiraopreto.com.br\/index.php\/category\/noticias-de-ribeirao-preto-sp-e-regiao-ismael-colosi\/"},"img":{"alt_text":"","src":"https:\/\/i0.wp.com\/noticiasribeiraopreto.com.br\/wp-content\/uploads\/2026\/07\/michel-telo-1.jpg?fit=1200%2C675&ssl=1&resize=350%2C200","width":350,"height":200,"srcset":"https:\/\/i0.wp.com\/noticiasribeiraopreto.com.br\/wp-content\/uploads\/2026\/07\/michel-telo-1.jpg?fit=1200%2C675&ssl=1&resize=350%2C200 1x, https:\/\/i0.wp.com\/noticiasribeiraopreto.com.br\/wp-content\/uploads\/2026\/07\/michel-telo-1.jpg?fit=1200%2C675&ssl=1&resize=525%2C300 1.5x, https:\/\/i0.wp.com\/noticiasribeiraopreto.com.br\/wp-content\/uploads\/2026\/07\/michel-telo-1.jpg?fit=1200%2C675&ssl=1&resize=700%2C400 2x, https:\/\/i0.wp.com\/noticiasribeiraopreto.com.br\/wp-content\/uploads\/2026\/07\/michel-telo-1.jpg?fit=1200%2C675&ssl=1&resize=1050%2C600 3x"},"classes":[]},{"id":88114,"url":"https:\/\/noticiasribeiraopreto.com.br\/index.php\/2026\/07\/14\/festa-do-peao-de-barretos-confirma-show-de-nattan-no-palco-camping\/","url_meta":{"origin":88235,"position":1},"title":"Festa do Pe\u00e3o de Barretos confirma show de Nattan no Palco Camping","author":"noticiasribeiraopreto.com.br","date":"14 de July de 2026","format":false,"excerpt":"A Festa do Pe\u00e3o de Barretos confirmou, nesta ter\u00e7a-feira (14), o cantor Nattan no palco camping no dia 22 de agosto, \u00e0s 16h30, com o projeto \u201cNattan no Camping\u201d. Al\u00e9m dele, Michel Tel\u00f3 tamb\u00e9m j\u00e1 est\u00e1 confirmado no espa\u00e7o. Conhecido pela intera\u00e7\u00e3o com o p\u00fablico e pelo repert\u00f3rio de sucessos,\u2026","rel":"","context":"In &quot;Not\u00edcias de Ribeir\u00e3o Preto-SP e Regi\u00e3o&quot;","block_context":{"text":"Not\u00edcias de Ribeir\u00e3o Preto-SP e Regi\u00e3o","link":"https:\/\/noticiasribeiraopreto.com.br\/index.php\/category\/noticias-de-ribeirao-preto-sp-e-regiao-ismael-colosi\/"},"img":{"alt_text":"","src":"https:\/\/i0.wp.com\/noticiasribeiraopreto.com.br\/wp-content\/uploads\/2026\/07\/rainha-barretos-3.jpg?fit=1200%2C675&ssl=1&resize=350%2C200","width":350,"height":200,"srcset":"https:\/\/i0.wp.com\/noticiasribeiraopreto.com.br\/wp-content\/uploads\/2026\/07\/rainha-barretos-3.jpg?fit=1200%2C675&ssl=1&resize=350%2C200 1x, https:\/\/i0.wp.com\/noticiasribeiraopreto.com.br\/wp-content\/uploads\/2026\/07\/rainha-barretos-3.jpg?fit=1200%2C675&ssl=1&resize=525%2C300 1.5x, https:\/\/i0.wp.com\/noticiasribeiraopreto.com.br\/wp-content\/uploads\/2026\/07\/rainha-barretos-3.jpg?fit=1200%2C675&ssl=1&resize=700%2C400 2x, https:\/\/i0.wp.com\/noticiasribeiraopreto.com.br\/wp-content\/uploads\/2026\/07\/rainha-barretos-3.jpg?fit=1200%2C675&ssl=1&resize=1050%2C600 3x"},"classes":[]},{"id":90277,"url":"https:\/\/noticiasribeiraopreto.com.br\/index.php\/2026\/08\/20\/festa-do-peao-de-barretos-comeca-hoje-veja-o-line-up\/","url_meta":{"origin":88235,"position":2},"title":"Festa do Pe\u00e3o de Barretos come\u00e7a hoje; veja o line-up","author":"noticiasribeiraopreto.com.br","date":"20 de August de 2026","format":false,"excerpt":"A 71\u00aa Festa do Pe\u00e3o de Boiadeiro de Barretos come\u00e7a nesta quinta-feira (20) e segue at\u00e9 30 de agosto no Parque do Pe\u00e3o, em Barretos. Ao longo dos 11 dias, artistas do sertanejo, pagode e ax\u00e9, al\u00e9m de DJs, v\u00e3o se dividir entre os diferentes palcos do evento. Receba not\u00edcias\u2026","rel":"","context":"In &quot;Not\u00edcias de Ribeir\u00e3o Preto-SP e Regi\u00e3o&quot;","block_context":{"text":"Not\u00edcias de Ribeir\u00e3o Preto-SP e Regi\u00e3o","link":"https:\/\/noticiasribeiraopreto.com.br\/index.php\/category\/noticias-de-ribeirao-preto-sp-e-regiao-ismael-colosi\/"},"img":{"alt_text":"","src":"https:\/\/i0.wp.com\/noticiasribeiraopreto.com.br\/wp-content\/uploads\/2026\/08\/WhatsApp-Image-2026-05-03-at-12.59.54_2026-05-03_16-07-05.webp.webp?fit=1200%2C675&ssl=1&resize=350%2C200","width":350,"height":200,"srcset":"https:\/\/i0.wp.com\/noticiasribeiraopreto.com.br\/wp-content\/uploads\/2026\/08\/WhatsApp-Image-2026-05-03-at-12.59.54_2026-05-03_16-07-05.webp.webp?fit=1200%2C675&ssl=1&resize=350%2C200 1x, https:\/\/i0.wp.com\/noticiasribeiraopreto.com.br\/wp-content\/uploads\/2026\/08\/WhatsApp-Image-2026-05-03-at-12.59.54_2026-05-03_16-07-05.webp.webp?fit=1200%2C675&ssl=1&resize=525%2C300 1.5x, https:\/\/i0.wp.com\/noticiasribeiraopreto.com.br\/wp-content\/uploads\/2026\/08\/WhatsApp-Image-2026-05-03-at-12.59.54_2026-05-03_16-07-05.webp.webp?fit=1200%2C675&ssl=1&resize=700%2C400 2x, https:\/\/i0.wp.com\/noticiasribeiraopreto.com.br\/wp-content\/uploads\/2026\/08\/WhatsApp-Image-2026-05-03-at-12.59.54_2026-05-03_16-07-05.webp.webp?fit=1200%2C675&ssl=1&resize=1050%2C600 3x"},"classes":[]},{"id":90504,"url":"https:\/\/noticiasribeiraopreto.com.br\/index.php\/2026\/08\/24\/sertanejo-romantico-encerra-primeiro-fim-de-semana-da-festa-do-peao-de-barretos-veja-destaques\/","url_meta":{"origin":88235,"position":3},"title":"Sertanejo rom\u00e2ntico encerra primeiro fim de semana da Festa do Pe\u00e3o de Barretos; veja destaques","author":"noticiasribeiraopreto.com.br","date":"24 de August de 2026","format":false,"excerpt":"A programa\u00e7\u00e3o do primeiro fim de semana da Festa do Pe\u00e3o de Barretos terminou neste domingo (23) ao som do sertanejo rom\u00e2ntico. Ap\u00f3s tr\u00eas noites dominadas por artistas da nova gera\u00e7\u00e3o, nomes do forr\u00f3 e fen\u00f4menos da m\u00fasica atual, Matogrosso & Mathias e Edson & Hudson subiram ao palco da\u2026","rel":"","context":"In &quot;Not\u00edcias de Ribeir\u00e3o Preto-SP e Regi\u00e3o&quot;","block_context":{"text":"Not\u00edcias de Ribeir\u00e3o Preto-SP e Regi\u00e3o","link":"https:\/\/noticiasribeiraopreto.com.br\/index.php\/category\/noticias-de-ribeirao-preto-sp-e-regiao-ismael-colosi\/"},"img":{"alt_text":"","src":"https:\/\/i0.wp.com\/noticiasribeiraopreto.com.br\/wp-content\/uploads\/2026\/08\/foto-49.png?fit=1200%2C675&ssl=1&resize=350%2C200","width":350,"height":200,"srcset":"https:\/\/i0.wp.com\/noticiasribeiraopreto.com.br\/wp-content\/uploads\/2026\/08\/foto-49.png?fit=1200%2C675&ssl=1&resize=350%2C200 1x, https:\/\/i0.wp.com\/noticiasribeiraopreto.com.br\/wp-content\/uploads\/2026\/08\/foto-49.png?fit=1200%2C675&ssl=1&resize=525%2C300 1.5x, https:\/\/i0.wp.com\/noticiasribeiraopreto.com.br\/wp-content\/uploads\/2026\/08\/foto-49.png?fit=1200%2C675&ssl=1&resize=700%2C400 2x, https:\/\/i0.wp.com\/noticiasribeiraopreto.com.br\/wp-content\/uploads\/2026\/08\/foto-49.png?fit=1200%2C675&ssl=1&resize=1050%2C600 3x"},"classes":[]},{"id":90315,"url":"https:\/\/noticiasribeiraopreto.com.br\/index.php\/2026\/08\/20\/panda-e-matheus-kauan-inauguram-festa-do-peao-de-barretos-de-2026-veja-destaques\/","url_meta":{"origin":88235,"position":4},"title":"Panda e Matheus &amp; Kauan inauguram Festa do Pe\u00e3o de Barretos de 2026; veja destaques","author":"noticiasribeiraopreto.com.br","date":"20 de August de 2026","format":false,"excerpt":"Panda e Matheus & Kauan inauguram, nesta quinta-feira (20), a programa\u00e7\u00e3o musical da 71\u00aa Festa do Pe\u00e3o de Boiadeiro de Barretos. Os artistas se apresentam no Palco Est\u00e1dio, principal espa\u00e7o de shows do Parque do Pe\u00e3o. Receba not\u00edcias do\u00a0acidade on Ribeir\u00e3o\u00a0no WhatsApp e fique por dentro de tudo! Basta acessar\u2026","rel":"","context":"In &quot;Not\u00edcias de Ribeir\u00e3o Preto-SP e Regi\u00e3o&quot;","block_context":{"text":"Not\u00edcias de Ribeir\u00e3o Preto-SP e Regi\u00e3o","link":"https:\/\/noticiasribeiraopreto.com.br\/index.php\/category\/noticias-de-ribeirao-preto-sp-e-regiao-ismael-colosi\/"},"img":{"alt_text":"","src":"https:\/\/i0.wp.com\/noticiasribeiraopreto.com.br\/wp-content\/uploads\/2026\/08\/matheus-e-kauan_2025-08-25_13-20-22.webp.webp?fit=1075%2C826&ssl=1&resize=350%2C200","width":350,"height":200,"srcset":"https:\/\/i0.wp.com\/noticiasribeiraopreto.com.br\/wp-content\/uploads\/2026\/08\/matheus-e-kauan_2025-08-25_13-20-22.webp.webp?fit=1075%2C826&ssl=1&resize=350%2C200 1x, https:\/\/i0.wp.com\/noticiasribeiraopreto.com.br\/wp-content\/uploads\/2026\/08\/matheus-e-kauan_2025-08-25_13-20-22.webp.webp?fit=1075%2C826&ssl=1&resize=525%2C300 1.5x, https:\/\/i0.wp.com\/noticiasribeiraopreto.com.br\/wp-content\/uploads\/2026\/08\/matheus-e-kauan_2025-08-25_13-20-22.webp.webp?fit=1075%2C826&ssl=1&resize=700%2C400 2x, https:\/\/i0.wp.com\/noticiasribeiraopreto.com.br\/wp-content\/uploads\/2026\/08\/matheus-e-kauan_2025-08-25_13-20-22.webp.webp?fit=1075%2C826&ssl=1&resize=1050%2C600 3x"},"classes":[]},{"id":90742,"url":"https:\/\/noticiasribeiraopreto.com.br\/index.php\/2026\/08\/28\/fotos-bruno-marrone-gustavo-mioto-e-rionegro-solimoes-comandam-a-quinta-feira-na-festa-do-peao-de-barretos\/","url_meta":{"origin":88235,"position":5},"title":"FOTOS: Bruno &amp; Marrone, Gustavo Mioto e Rionegro &amp; Solim\u00f5es comandam a quinta-feira na Festa do Pe\u00e3o de Barretos","author":"noticiasribeiraopreto.com.br","date":"28 de August de 2026","format":false,"excerpt":"A \u00faltima quinta-feira da 71\u00aa edi\u00e7\u00e3o da Festa do Pe\u00e3o de Barretos teve grandes nomes da m\u00fasica sertaneja. Bruno & Marrone, Gustavo Mioto e Rionegro & Solim\u00f5es comandaram os shows no Palco Est\u00e1dio \u2013 veja as fotos abaixo. Veja a galeria de fotos Festa do Pe\u00e3o de Barretos, na noite\u2026","rel":"","context":"In &quot;Not\u00edcias de Ribeir\u00e3o Preto-SP e Regi\u00e3o&quot;","block_context":{"text":"Not\u00edcias de Ribeir\u00e3o Preto-SP e Regi\u00e3o","link":"https:\/\/noticiasribeiraopreto.com.br\/index.php\/category\/noticias-de-ribeirao-preto-sp-e-regiao-ismael-colosi\/"},"img":{"alt_text":"","src":"https:\/\/i0.wp.com\/noticiasribeiraopreto.com.br\/wp-content\/uploads\/2026\/08\/festa-peao-barretos-13.jpeg?fit=1200%2C800&ssl=1&resize=350%2C200","width":350,"height":200,"srcset":"https:\/\/i0.wp.com\/noticiasribeiraopreto.com.br\/wp-content\/uploads\/2026\/08\/festa-peao-barretos-13.jpeg?fit=1200%2C800&ssl=1&resize=350%2C200 1x, https:\/\/i0.wp.com\/noticiasribeiraopreto.com.br\/wp-content\/uploads\/2026\/08\/festa-peao-barretos-13.jpeg?fit=1200%2C800&ssl=1&resize=525%2C300 1.5x, https:\/\/i0.wp.com\/noticiasribeiraopreto.com.br\/wp-content\/uploads\/2026\/08\/festa-peao-barretos-13.jpeg?fit=1200%2C800&ssl=1&resize=700%2C400 2x, https:\/\/i0.wp.com\/noticiasribeiraopreto.com.br\/wp-content\/uploads\/2026\/08\/festa-peao-barretos-13.jpeg?fit=1200%2C800&ssl=1&resize=1050%2C600 3x"},"classes":[]}],"jetpack_sharing_enabled":true,"jetpack_shortlink":"https:\/\/wp.me\/peQAOb-mX9","jetpack_featured_media_url":"https:\/\/i0.wp.com\/noticiasribeiraopreto.com.br\/wp-content\/uploads\/2026\/07\/barretos-camping.jpg?fit=1200%2C675&ssl=1","_links":{"self":[{"href":"https:\/\/noticiasribeiraopreto.com.br\/index.php\/wp-json\/wp\/v2\/posts\/88235","targetHints":{"allow":["GET"]}}],"collection":[{"href":"https:\/\/noticiasribeiraopreto.com.br\/index.php\/wp-json\/wp\/v2\/posts"}],"about":[{"href":"https:\/\/noticiasribeiraopreto.com.br\/index.php\/wp-json\/wp\/v2\/types\/post"}],"author":[{"embeddable":true,"href":"https:\/\/noticiasribeiraopreto.com.br\/index.php\/wp-json\/wp\/v2\/users\/1"}],"replies":[{"embeddable":true,"href":"https:\/\/noticiasribeiraopreto.com.br\/index.php\/wp-json\/wp\/v2\/comments?post=88235"}],"version-history":[{"count":0,"href":"https:\/\/noticiasribeiraopreto.com.br\/index.php\/wp-json\/wp\/v2\/posts\/88235\/revisions"}],"wp:featuredmedia":[{"embeddable":true,"href":"https:\/\/noticiasribeiraopreto.com.br\/index.php\/wp-json\/wp\/v2\/media\/88236"}],"wp:attachment":[{"href":"https:\/\/noticiasribeiraopreto.com.br\/index.php\/wp-json\/wp\/v2\/media?parent=88235"}],"wp:term":[{"taxonomy":"category","embeddable":true,"href":"https:\/\/noticiasribeiraopreto.com.br\/index.php\/wp-json\/wp\/v2\/categories?post=88235"},{"taxonomy":"post_tag","embeddable":true,"href":"https:\/\/noticiasribeiraopreto.com.br\/index.php\/wp-json\/wp\/v2\/tags?post=88235"}],"curies":[{"name":"wp","href":"https:\/\/api.w.org\/{rel}","templated":true}]}}