{"id":88243,"date":"2026-07-16T17:56:52","date_gmt":"2026-07-16T20:56:52","guid":{"rendered":"https:\/\/noticiasribeiraopreto.com.br\/index.php\/2026\/07\/16\/motorista-de-aplicativo-desaparece-apos-corrida-para-ribeirao-preto\/"},"modified":"2026-07-16T17:56:52","modified_gmt":"2026-07-16T20:56:52","slug":"motorista-de-aplicativo-desaparece-apos-corrida-para-ribeirao-preto","status":"publish","type":"post","link":"https:\/\/noticiasribeiraopreto.com.br\/index.php\/2026\/07\/16\/motorista-de-aplicativo-desaparece-apos-corrida-para-ribeirao-preto\/","title":{"rendered":"Motorista de aplicativo desaparece ap\u00f3s corrida para Ribeir\u00e3o Preto"},"content":{"rendered":"<div class='code-block code-block-1' style='margin: 8px 0 8px auto; text-align: right; display: block; clear: both;'>\n<p><a href=\"https:\/\/wa.link\/vpicfd\"><img data-recalc-dims=\"1\" class=\"wp-image-4922\" style=\"aspect-ratio: 2.0253164556962027; width: 561px; height: auto;\" src=\"https:\/\/i0.wp.com\/ismaelcolosi.com.br\/wp-content\/uploads\/2023\/11\/grupo-de-empregos-whatsapp-e-facebook-ismael-colosi-vagas.jpg?ssl=1\" alt=\"\" \/><\/a><\/p>\n<!-- \/wp:image -->\n<\/div>\n<p> <br \/>\n<\/p>\n<p>A <strong>Pol\u00edcia Civil <\/strong>investiga o desaparecimento do motorista de aplicativo <strong>Jos\u00e9 Edson da Silva<\/strong>, de 42 anos, morador de Sert\u00e3ozinho.<strong> Segundo o boletim de ocorr\u00eancia<\/strong>, ele saiu de casa na manh\u00e3 de ter\u00e7a-feira (14) para trabalhar em Ribeir\u00e3o Preto e, desde ent\u00e3o, <strong>n\u00e3o manteve contato com a fam\u00edlia<\/strong>.<\/p>\n<p>De acordo com o relato da esposa \u00e0 pol\u00edcia, Jos\u00e9 Edson exercia atividade como motorista de aplicativo e costumava fazer corridas em Ribeir\u00e3o Preto. Ela informou que tentou contato diversas vezes por telefone, mas o aparelho permaneceu desligado. <\/p>\n<p>Como ele n\u00e3o tinha o h\u00e1bito de ficar longos per\u00edodos sem se comunicar, a fam\u00edlia registrou o desaparecimento.<\/p>\n<div class=\"wp-block-image\">\n<figure class=\"aligncenter size-large\"><figcaption class=\"wp-element-caption\">Motorista de aplicativo desaparecido &#8211; Foto: Arquivo pessoal<\/figcaption><\/figure>\n<\/div>\n<p class=\"has-text-align-center has-small-font-size\"><em>Receba not\u00edcias do\u00a0<strong>acidade on Ribeir\u00e3o\u00a0<\/strong>no WhatsApp e fique por dentro de tudo! Basta acessar o link<a href=\"https:\/\/chat.whatsapp.com\/DfXwcjKVIddHUT3BvnQuPZ?mode=hqctshi\" target=\"_blank\" rel=\"noreferrer noopener\">\u00a0aqu<\/a>i!<\/em><\/p>\n<h2 class=\"wp-block-heading\">Carro foi encontrado com adolescentes<\/h2>\n<p>Na quarta-feira (15), a Pol\u00edcia Militar localizou o ve\u00edculo utilizado por Jos\u00e9 Edson, um <strong>Hyundai HB20 branco<\/strong>, em Ribeir\u00e3o Preto. O carro estava com tr\u00eas adolescentes.<\/p>\n<p>Conforme o boletim de ocorr\u00eancia, os adolescentes afirmaram que compraram o autom\u00f3vel em uma biqueira por <strong>R$ 1,5 mil<\/strong>. Eles prestaram depoimento e foram liberados. A Pol\u00edcia Civil informou que, at\u00e9 o momento, n\u00e3o encontrou ind\u00edcios de participa\u00e7\u00e3o dos adolescentes em eventual crime contra o motorista.<\/p>\n<figure class=\"wp-block-gallery has-nested-images columns-default is-cropped wp-block-gallery-2 is-layout-flex wp-block-gallery-is-layout-flex\">\n<figure class=\"wp-block-image size-large\"><img data-recalc-dims=\"1\" loading=\"lazy\" decoding=\"async\" width=\"1024\" height=\"768\" data-id=\"152198\" src=\"https:\/\/i0.wp.com\/www.acidadeon.com\/ribeiraopreto\/wp-content\/uploads\/sites\/3\/2026\/04\/WhatsApp-Image-2026-04-13-at-10.04.17_2026-04-13_13-04-41-1024x768.webp?resize=1024%2C768&#038;ssl=1\" alt=\"Central de Pol\u00edcia Judici\u00e1ria de Ribeir\u00e3o Preto - Foto - Ricardo Canaveze.\" class=\"wp-image-152198\" title=\"Motorista de aplicativo desaparece ap\u00f3s corrida para Ribeir\u00e3o Preto 7\" \/><figcaption class=\"wp-element-caption\">Foto &#8211; Ricardo Canaveze.<\/figcaption><\/figure>\n<figure class=\"wp-block-image size-large\"><img data-recalc-dims=\"1\" loading=\"lazy\" decoding=\"async\" width=\"1024\" height=\"684\" data-id=\"153736\" src=\"https:\/\/i0.wp.com\/www.acidadeon.com\/ribeiraopreto\/wp-content\/uploads\/sites\/3\/2026\/04\/policia-civil_2026-04-27_13-17-14-1024x684.webp?resize=1024%2C684&#038;ssl=1\" alt=\"Mulher morre ap\u00f3s agress\u00f5es do ex-companheiro - Foto: divulga\u00e7\u00e3o\/ Governo de SP.\" class=\"wp-image-153736\" title=\"Motorista de aplicativo desaparece ap\u00f3s corrida para Ribeir\u00e3o Preto 8\" \/><figcaption class=\"wp-element-caption\"> Foto: divulga\u00e7\u00e3o\/ Governo de SP.<\/figcaption><\/figure>\n<\/figure>\n<p>O boletim tamb\u00e9m registra que o ve\u00edculo foi apreendido e devolvido ao propriet\u00e1rio ap\u00f3s a localiza\u00e7\u00e3o. A investiga\u00e7\u00e3o segue sob responsabilidade da Delegacia de Investiga\u00e7\u00f5es sobre Pessoas Desaparecidas (DHPP\/Deinter 3).<\/p>\n<hr class=\"wp-block-separator has-alpha-channel-opacity\" \/>\n<p class=\"has-text-align-center has-small-font-size\"><em>Fa\u00e7a uma den\u00fancia ou sugira uma reportagem sobre\u00a0<strong>Ribeir\u00e3o Preto\u00a0<\/strong>e regi\u00e3o por meio do WhatsApp do\u00a0<strong>acidade on Ribeir\u00e3o<\/strong>: (16) 99117-7802.<\/em><\/p>\n<\/p>\n<p class=\"has-text-align-center has-small-font-size\"><\/p>\n<h2 class=\"wp-block-heading\"><mark style=\"background-color:#ffffff\" class=\"has-inline-color has-white-color\">motorista<\/mark><\/h2>\n<\/p>\n<p>O post Motorista de aplicativo desaparece ap\u00f3s corrida para Ribeir\u00e3o Preto apareceu primeiro em ACidade ON Ribeir\u00e3o Preto.<\/p>\n<p><br \/>\n<br \/><a href=\"https:\/\/www.acidadeon.com\/ribeiraopreto\/cotidiano\/motorista-de-aplicativo-desaparece-apos-corrida-para-ribeirao-preto\/\">Link para o texto original aqui <\/a><\/p>\n<!-- CONTENT END 1 -->\n","protected":false},"excerpt":{"rendered":"<p>A Pol\u00edcia Civil investiga o desaparecimento do motorista de aplicativo Jos\u00e9 Edson da Silva, de 42 anos, morador de Sert\u00e3ozinho. Segundo o boletim de ocorr\u00eancia,&#8230;<\/p>\n","protected":false},"author":1,"featured_media":88244,"comment_status":"","ping_status":"","sticky":false,"template":"","format":"standard","meta":{"advanced_seo_description":"","jetpack_seo_html_title":"","jetpack_seo_noindex":false,"jetpack_seo_schema_type":"","_jetpack_newsletter_access":"","_jetpack_dont_email_post_to_subs":false,"_jetpack_newsletter_tier_id":0,"_jetpack_memberships_contains_paywalled_content":false,"_jetpack_feature_clip_id":0,"_jetpack_memberships_contains_paid_content":false,"footnotes":"","jetpack_publicize_message":"","jetpack_publicize_feature_enabled":true,"jetpack_social_post_already_shared":true,"jetpack_social_options":{"image_generator_settings":{"template":"highway","default_image_id":0,"font":"","enabled":false},"version":2},"jetpack_post_was_ever_published":false},"categories":[11],"tags":[320,37,788,393,319,71,27,26],"class_list":["post-88243","post","type-post","status-publish","format-standard","has-post-thumbnail","hentry","category-noticias-de-ribeirao-preto-sp-e-regiao-ismael-colosi","tag-aplicativo","tag-apos","tag-corrida","tag-desaparece","tag-motorista","tag-para","tag-preto","tag-ribeirao"],"jetpack_publicize_connections":[],"jetpack-related-posts":[{"id":88433,"url":"https:\/\/noticiasribeiraopreto.com.br\/index.php\/2026\/07\/19\/quem-era-o-motorista-de-aplicativo-morto-durante-corrida-em-ribeirao-preto\/","url_meta":{"origin":88243,"position":0},"title":"Quem era o motorista de aplicativo morto durante corrida em Ribeir\u00e3o Preto","author":"noticiasribeiraopreto.com.br","date":"19 de July de 2026","format":false,"excerpt":"O motorista de aplicativo Jos\u00e9 Edson da Silva, de 43 anos, morto por tr\u00eas adolescentes durante uma corrida em Ribeir\u00e3o Preto, trabalhava com transporte de passageiros h\u00e1 cerca de tr\u00eas anos para complementar a renda da fam\u00edlia. Ele era morador de Sert\u00e3ozinho, casado h\u00e1 15 anos e pai de dois\u2026","rel":"","context":"In &quot;Not\u00edcias de Ribeir\u00e3o Preto-SP e Regi\u00e3o&quot;","block_context":{"text":"Not\u00edcias de Ribeir\u00e3o Preto-SP e Regi\u00e3o","link":"https:\/\/noticiasribeiraopreto.com.br\/index.php\/category\/noticias-de-ribeirao-preto-sp-e-regiao-ismael-colosi\/"},"img":{"alt_text":"","src":"https:\/\/i0.wp.com\/noticiasribeiraopreto.com.br\/wp-content\/uploads\/2026\/07\/1784500304_agenda-cultural-2.png?fit=1200%2C675&ssl=1&resize=350%2C200","width":350,"height":200,"srcset":"https:\/\/i0.wp.com\/noticiasribeiraopreto.com.br\/wp-content\/uploads\/2026\/07\/1784500304_agenda-cultural-2.png?fit=1200%2C675&ssl=1&resize=350%2C200 1x, https:\/\/i0.wp.com\/noticiasribeiraopreto.com.br\/wp-content\/uploads\/2026\/07\/1784500304_agenda-cultural-2.png?fit=1200%2C675&ssl=1&resize=525%2C300 1.5x, https:\/\/i0.wp.com\/noticiasribeiraopreto.com.br\/wp-content\/uploads\/2026\/07\/1784500304_agenda-cultural-2.png?fit=1200%2C675&ssl=1&resize=700%2C400 2x, https:\/\/i0.wp.com\/noticiasribeiraopreto.com.br\/wp-content\/uploads\/2026\/07\/1784500304_agenda-cultural-2.png?fit=1200%2C675&ssl=1&resize=1050%2C600 3x"},"classes":[]},{"id":88450,"url":"https:\/\/noticiasribeiraopreto.com.br\/index.php\/2026\/07\/20\/motociclista-bate-na-traseira-de-carro-estacionado-na-zona-sul-de-ribeirao-preto-video\/","url_meta":{"origin":88243,"position":1},"title":"Motociclista bate na traseira de carro estacionado na zona Sul de Ribeir\u00e3o Preto; V\u00eddeo","author":"noticiasribeiraopreto.com.br","date":"20 de July de 2026","format":false,"excerpt":"Ver essa foto no Instagram Um post compartilhado por acidade on Ribeir\u00e3o (@acidadeonribeirao) Um motociclista bateu na traseira de um carro estacionado na zona Sul de Ribeir\u00e3o Preto. A colis\u00e3o ocorreu na \u00faltima sexta-feira (17), na rua Dr. Francisco Augusto C\u00e9sar, no Jardim Iraj\u00e1. Receba not\u00edcias do\u00a0acidade on Ribeir\u00e3o\u00a0no WhatsApp\u2026","rel":"","context":"In &quot;Not\u00edcias de Ribeir\u00e3o Preto-SP e Regi\u00e3o&quot;","block_context":{"text":"Not\u00edcias de Ribeir\u00e3o Preto-SP e Regi\u00e3o","link":"https:\/\/noticiasribeiraopreto.com.br\/index.php\/category\/noticias-de-ribeirao-preto-sp-e-regiao-ismael-colosi\/"},"img":{"alt_text":"","src":"https:\/\/i0.wp.com\/noticiasribeiraopreto.com.br\/wp-content\/uploads\/2026\/07\/moto-1.jpg?fit=1200%2C652&ssl=1&resize=350%2C200","width":350,"height":200,"srcset":"https:\/\/i0.wp.com\/noticiasribeiraopreto.com.br\/wp-content\/uploads\/2026\/07\/moto-1.jpg?fit=1200%2C652&ssl=1&resize=350%2C200 1x, https:\/\/i0.wp.com\/noticiasribeiraopreto.com.br\/wp-content\/uploads\/2026\/07\/moto-1.jpg?fit=1200%2C652&ssl=1&resize=525%2C300 1.5x, https:\/\/i0.wp.com\/noticiasribeiraopreto.com.br\/wp-content\/uploads\/2026\/07\/moto-1.jpg?fit=1200%2C652&ssl=1&resize=700%2C400 2x, https:\/\/i0.wp.com\/noticiasribeiraopreto.com.br\/wp-content\/uploads\/2026\/07\/moto-1.jpg?fit=1200%2C652&ssl=1&resize=1050%2C600 3x"},"classes":[]},{"id":88332,"url":"https:\/\/noticiasribeiraopreto.com.br\/index.php\/2026\/07\/17\/corpo-de-motorista-de-aplicativo-e-encontrado-no-rio-pardo-em-ribeirao-preto\/","url_meta":{"origin":88243,"position":2},"title":"Corpo de motorista de aplicativo \u00e9 encontrado no Rio Pardo em Ribeir\u00e3o Preto","author":"noticiasribeiraopreto.com.br","date":"17 de July de 2026","format":false,"excerpt":"\r \r \r 17 de julho de 2026 16:33 \r Compartilhar0 O corpo do motorista de aplicativo, Jos\u00e9 Edson da Silva, de 43 anos, foi encontrado pelas equipes do Corpo de Bombeiros na tarde desta sexta-feira (17) no Rio Pardo, que fica no complexo Ribeir\u00e3o Verde, na zona leste de\u2026","rel":"","context":"In &quot;Not\u00edcias de Ribeir\u00e3o Preto-SP e Regi\u00e3o&quot;","block_context":{"text":"Not\u00edcias de Ribeir\u00e3o Preto-SP e Regi\u00e3o","link":"https:\/\/noticiasribeiraopreto.com.br\/index.php\/category\/noticias-de-ribeirao-preto-sp-e-regiao-ismael-colosi\/"},"img":{"alt_text":"","src":"https:\/\/i0.wp.com\/noticiasribeiraopreto.com.br\/wp-content\/uploads\/2026\/07\/WhatsApp-Image-2026-07-17-at-15.10.15-scaled.jpeg?fit=1040%2C780&ssl=1&resize=350%2C200","width":350,"height":200,"srcset":"https:\/\/i0.wp.com\/noticiasribeiraopreto.com.br\/wp-content\/uploads\/2026\/07\/WhatsApp-Image-2026-07-17-at-15.10.15-scaled.jpeg?fit=1040%2C780&ssl=1&resize=350%2C200 1x, https:\/\/i0.wp.com\/noticiasribeiraopreto.com.br\/wp-content\/uploads\/2026\/07\/WhatsApp-Image-2026-07-17-at-15.10.15-scaled.jpeg?fit=1040%2C780&ssl=1&resize=525%2C300 1.5x, https:\/\/i0.wp.com\/noticiasribeiraopreto.com.br\/wp-content\/uploads\/2026\/07\/WhatsApp-Image-2026-07-17-at-15.10.15-scaled.jpeg?fit=1040%2C780&ssl=1&resize=700%2C400 2x"},"classes":[]},{"id":88390,"url":"https:\/\/noticiasribeiraopreto.com.br\/index.php\/2026\/07\/18\/ultimo-adeus-familiares-e-amigos-se-despedem-de-motorista-de-aplicativo\/","url_meta":{"origin":88243,"position":3},"title":"\u00daltimo adeus: Familiares e amigos se despedem de motorista de aplicativo","author":"noticiasribeiraopreto.com.br","date":"18 de July de 2026","format":false,"excerpt":"Carreata com homenagem ao motorista de aplicativo, v\u00edtima de latroc\u00ednio em Ribeir\u00e3o Preto, saiu com destino a Sert\u00e3ozinho onde v\u00edtima foi enterrada na tarde deste s\u00e1bado (18) Uma \u00faltima homenagem para o motorista de aplicativo, Jos\u00e9 Edson da Silva, de 43 anos, foi realizada na tarde deste s\u00e1bado (18) por\u2026","rel":"","context":"In &quot;Not\u00edcias de Ribeir\u00e3o Preto-SP e Regi\u00e3o&quot;","block_context":{"text":"Not\u00edcias de Ribeir\u00e3o Preto-SP e Regi\u00e3o","link":"https:\/\/noticiasribeiraopreto.com.br\/index.php\/category\/noticias-de-ribeirao-preto-sp-e-regiao-ismael-colosi\/"},"img":{"alt_text":"","src":"https:\/\/i0.wp.com\/noticiasribeiraopreto.com.br\/wp-content\/uploads\/2026\/07\/motorista-aplicativo-capa-scaled.jpeg?fit=1040%2C780&ssl=1&resize=350%2C200","width":350,"height":200,"srcset":"https:\/\/i0.wp.com\/noticiasribeiraopreto.com.br\/wp-content\/uploads\/2026\/07\/motorista-aplicativo-capa-scaled.jpeg?fit=1040%2C780&ssl=1&resize=350%2C200 1x, https:\/\/i0.wp.com\/noticiasribeiraopreto.com.br\/wp-content\/uploads\/2026\/07\/motorista-aplicativo-capa-scaled.jpeg?fit=1040%2C780&ssl=1&resize=525%2C300 1.5x, https:\/\/i0.wp.com\/noticiasribeiraopreto.com.br\/wp-content\/uploads\/2026\/07\/motorista-aplicativo-capa-scaled.jpeg?fit=1040%2C780&ssl=1&resize=700%2C400 2x"},"classes":[]},{"id":84841,"url":"https:\/\/noticiasribeiraopreto.com.br\/index.php\/2026\/04\/16\/motorista-de-aplicativo-desaparece-apos-sair-para-corrida-com-destino-a-ribeirao-preto\/","url_meta":{"origin":88243,"position":4},"title":"Motorista de aplicativo desaparece ap\u00f3s sair para corrida com destino a Ribeir\u00e3o Preto","author":"noticiasribeiraopreto.com.br","date":"16 de April de 2026","format":false,"excerpt":"Ler o resumo da not\u00edcia \r Carro foi encontrado abandonado em Uberl\u00e2ndia (MG) na manh\u00e3 de quarta-feira (15), a 280 km de Ribeir\u00e3o Preto.\r Ve\u00edculo estava com a chave na igni\u00e7\u00e3o em uma rua da cidade.\r A PM localizou nota fiscal de chip de celular comprado no s\u00e1bado (11) em\u2026","rel":"","context":"In &quot;Not\u00edcias de Ribeir\u00e3o Preto-SP e Regi\u00e3o&quot;","block_context":{"text":"Not\u00edcias de Ribeir\u00e3o Preto-SP e Regi\u00e3o","link":"https:\/\/noticiasribeiraopreto.com.br\/index.php\/category\/noticias-de-ribeirao-preto-sp-e-regiao-ismael-colosi\/"},"img":{"alt_text":"","src":"https:\/\/i0.wp.com\/noticiasribeiraopreto.com.br\/wp-content\/uploads\/2026\/04\/WhatsApp-Image-2026-04-16-at-11.45.09_2026-04-16_14-45-25.webp.webp?fit=1200%2C675&ssl=1&resize=350%2C200","width":350,"height":200,"srcset":"https:\/\/i0.wp.com\/noticiasribeiraopreto.com.br\/wp-content\/uploads\/2026\/04\/WhatsApp-Image-2026-04-16-at-11.45.09_2026-04-16_14-45-25.webp.webp?fit=1200%2C675&ssl=1&resize=350%2C200 1x, https:\/\/i0.wp.com\/noticiasribeiraopreto.com.br\/wp-content\/uploads\/2026\/04\/WhatsApp-Image-2026-04-16-at-11.45.09_2026-04-16_14-45-25.webp.webp?fit=1200%2C675&ssl=1&resize=525%2C300 1.5x, https:\/\/i0.wp.com\/noticiasribeiraopreto.com.br\/wp-content\/uploads\/2026\/04\/WhatsApp-Image-2026-04-16-at-11.45.09_2026-04-16_14-45-25.webp.webp?fit=1200%2C675&ssl=1&resize=700%2C400 2x, https:\/\/i0.wp.com\/noticiasribeiraopreto.com.br\/wp-content\/uploads\/2026\/04\/WhatsApp-Image-2026-04-16-at-11.45.09_2026-04-16_14-45-25.webp.webp?fit=1200%2C675&ssl=1&resize=1050%2C600 3x"},"classes":[]},{"id":88293,"url":"https:\/\/noticiasribeiraopreto.com.br\/index.php\/2026\/07\/17\/adolescentes-confessam-morte-de-motorista-de-aplicativo-desaparecido-em-ribeirao-preto\/","url_meta":{"origin":88243,"position":5},"title":"Adolescentes confessam morte de motorista de aplicativo desaparecido em Ribeir\u00e3o Preto","author":"noticiasribeiraopreto.com.br","date":"17 de July de 2026","format":false,"excerpt":"Os tr\u00eas adolescentes encontrados com o carro do motorista de aplicativo Jos\u00e9 Edson da Silva, de 43 anos, confessaram ter matado a v\u00edtima. A informa\u00e7\u00e3o foi confirmada pela Pol\u00edcia Civil na manh\u00e3 desta sexta-feira (17). Segundo apura\u00e7\u00e3o da CBN Ribeir\u00e3o, os adolescentes, de 13, 14 e 16 anos, prestaram um\u2026","rel":"","context":"In &quot;Not\u00edcias de Ribeir\u00e3o Preto-SP e Regi\u00e3o&quot;","block_context":{"text":"Not\u00edcias de Ribeir\u00e3o Preto-SP e Regi\u00e3o","link":"https:\/\/noticiasribeiraopreto.com.br\/index.php\/category\/noticias-de-ribeirao-preto-sp-e-regiao-ismael-colosi\/"},"img":{"alt_text":"","src":"https:\/\/i0.wp.com\/noticiasribeiraopreto.com.br\/wp-content\/uploads\/2026\/07\/1784301348_agenda-cultural-2.png?fit=1200%2C675&ssl=1&resize=350%2C200","width":350,"height":200,"srcset":"https:\/\/i0.wp.com\/noticiasribeiraopreto.com.br\/wp-content\/uploads\/2026\/07\/1784301348_agenda-cultural-2.png?fit=1200%2C675&ssl=1&resize=350%2C200 1x, https:\/\/i0.wp.com\/noticiasribeiraopreto.com.br\/wp-content\/uploads\/2026\/07\/1784301348_agenda-cultural-2.png?fit=1200%2C675&ssl=1&resize=525%2C300 1.5x, https:\/\/i0.wp.com\/noticiasribeiraopreto.com.br\/wp-content\/uploads\/2026\/07\/1784301348_agenda-cultural-2.png?fit=1200%2C675&ssl=1&resize=700%2C400 2x, https:\/\/i0.wp.com\/noticiasribeiraopreto.com.br\/wp-content\/uploads\/2026\/07\/1784301348_agenda-cultural-2.png?fit=1200%2C675&ssl=1&resize=1050%2C600 3x"},"classes":[]}],"jetpack_sharing_enabled":true,"jetpack_shortlink":"https:\/\/wp.me\/peQAOb-mXh","jetpack_featured_media_url":"https:\/\/i0.wp.com\/noticiasribeiraopreto.com.br\/wp-content\/uploads\/2026\/07\/agenda-cultural-2.png?fit=1200%2C675&ssl=1","_links":{"self":[{"href":"https:\/\/noticiasribeiraopreto.com.br\/index.php\/wp-json\/wp\/v2\/posts\/88243","targetHints":{"allow":["GET"]}}],"collection":[{"href":"https:\/\/noticiasribeiraopreto.com.br\/index.php\/wp-json\/wp\/v2\/posts"}],"about":[{"href":"https:\/\/noticiasribeiraopreto.com.br\/index.php\/wp-json\/wp\/v2\/types\/post"}],"author":[{"embeddable":true,"href":"https:\/\/noticiasribeiraopreto.com.br\/index.php\/wp-json\/wp\/v2\/users\/1"}],"replies":[{"embeddable":true,"href":"https:\/\/noticiasribeiraopreto.com.br\/index.php\/wp-json\/wp\/v2\/comments?post=88243"}],"version-history":[{"count":0,"href":"https:\/\/noticiasribeiraopreto.com.br\/index.php\/wp-json\/wp\/v2\/posts\/88243\/revisions"}],"wp:featuredmedia":[{"embeddable":true,"href":"https:\/\/noticiasribeiraopreto.com.br\/index.php\/wp-json\/wp\/v2\/media\/88244"}],"wp:attachment":[{"href":"https:\/\/noticiasribeiraopreto.com.br\/index.php\/wp-json\/wp\/v2\/media?parent=88243"}],"wp:term":[{"taxonomy":"category","embeddable":true,"href":"https:\/\/noticiasribeiraopreto.com.br\/index.php\/wp-json\/wp\/v2\/categories?post=88243"},{"taxonomy":"post_tag","embeddable":true,"href":"https:\/\/noticiasribeiraopreto.com.br\/index.php\/wp-json\/wp\/v2\/tags?post=88243"}],"curies":[{"name":"wp","href":"https:\/\/api.w.org\/{rel}","templated":true}]}}