{"id":88276,"date":"2026-07-17T07:53:28","date_gmt":"2026-07-17T10:53:28","guid":{"rendered":"https:\/\/noticiasribeiraopreto.com.br\/index.php\/2026\/07\/17\/ricardo-silva-entrega-uniforme-de-inverno\/"},"modified":"2026-07-17T07:53:28","modified_gmt":"2026-07-17T10:53:28","slug":"ricardo-silva-entrega-uniforme-de-inverno","status":"publish","type":"post","link":"https:\/\/noticiasribeiraopreto.com.br\/index.php\/2026\/07\/17\/ricardo-silva-entrega-uniforme-de-inverno\/","title":{"rendered":"Ricardo Silva entrega \u2028uniforme de inverno"},"content":{"rendered":"<div class='code-block code-block-1' style='margin: 8px 0 8px auto; text-align: right; display: block; clear: both;'>\n<p><a href=\"https:\/\/wa.link\/vpicfd\"><img data-recalc-dims=\"1\" class=\"wp-image-4922\" style=\"aspect-ratio: 2.0253164556962027; width: 561px; height: auto;\" src=\"https:\/\/i0.wp.com\/ismaelcolosi.com.br\/wp-content\/uploads\/2023\/11\/grupo-de-empregos-whatsapp-e-facebook-ismael-colosi-vagas.jpg?ssl=1\" alt=\"\" \/><\/a><\/p>\n<!-- \/wp:image -->\n<\/div>\n<p> <br \/>\n<\/p>\n<div>\n<p class=\"p1\"><i>Fam\u00edlias que ainda n\u00e3o receberam as pe\u00e7as podem buscar os agasalhos diretamente nas escolas municipais at\u00e9 o retorno das aulas<\/i><\/p>\n<p>O prefeito Ricardo Silva (PSD) entregou na quarta-feira, 15d e julho, os uniformes de inverno para alunos da Escola Municipal de Educa\u00e7\u00e3o Infantil Florianete de Oliveira Guimar\u00e3es, na Vila Albertina, na Zona Norte, e anunciou que os kits j\u00e1 est\u00e3o dispon\u00edveis para retirada em todas as unidades da rede de ensino de Ribeir\u00e3o Preto.<\/p>\n<p>As fam\u00edlias que ainda n\u00e3o receberam os uniformes podem procurar a unidade onde o estudante est\u00e1 matriculado durante o recesso escolar, de segunda a sexta-feira, das oito \u00e0s 12 horas e das 13 \u00e0s 17 horas. A retirada tamb\u00e9m poder\u00e1 ser feita ap\u00f3s o retorno das aulas, na pr\u00f3xima quinta-feira, 23 de julho.<\/p>\n<p>A distribui\u00e7\u00e3o dos kits \u00e0s unidades escolares teve in\u00edcio em junho, antes mesmo da chegada do inverno, permitindo que grande parte dos estudantes recebesse as pe\u00e7as antecipadamente. Ao todo, aproximadamente 50 mil alunos da Educa\u00e7\u00e3o Infantil e do Ensino Fundamental ser\u00e3o beneficiados.<\/p>\n<p>Cada kit \u00e9 composto por uma cal\u00e7a e uma blusa de frio. A empresa Triunfo Com\u00e9rcio e Importa\u00e7\u00e3o Ktda, de Blumenau b(SC), venceu o preg\u00e3o eletr\u00f4nico n\u00famero 024\/2026 por R$ 4.089.122,10, valor 36,32% abaixo dos R$ 6.421.476,60 previstos em edital, R$ 2.332.354,50 a menos.<\/p>\n<p>No total, foram produzidas 54.558 pe\u00e7as. Cada jaqueta custou R$ 44,25 e a cal\u00e7a saiu por R$ 30,70 a unidades. \u201cNosso compromisso \u00e9 garantir que nenhum aluno fique sem o uniforme de inverno. Sabemos da import\u00e2ncia desse apoio para as fam\u00edlias e queremos que todas as crian\u00e7as estejam protegidas e acolhidas\u201d.<br \/><br \/>O secret\u00e1rio municipal de Educa\u00e7\u00e3o, Christian Viana Oliveira, ressaltou o planejamento da a\u00e7\u00e3o para que os uniformes chegassem \u00e0s escolas antes do per\u00edodo de baixas temperaturas.<\/p>\n<p>\u201cPlanejamos a distribui\u00e7\u00e3o para que as pe\u00e7as come\u00e7assem a chegar nas escolas antes mesmo do inverno, permitindo que os estudantes pudessem utiliz\u00e1-las desde os primeiros dias de frio\u201d, disse o secret\u00e1rio.<\/p>\n<p>Cerca de 50 mil estudantes de 146 escolas da rede municipal de ensino de Ribeir\u00e3o Preto est\u00e3o em recesso desde o dia 8, conforme o calend\u00e1rio do ano letivo de 2026. O per\u00edodo de f\u00e9rias segue at\u00e9 o dia 20. O terceiro bimestre ter\u00e1 in\u00edcio em 21 de julho, quando tamb\u00e9m ser\u00e1 realizado o Congresso Municipal da Educa\u00e7\u00e3o.<\/p>\n<p>No dia 22, professores, gestores escolares e demais profissionais da rede participam do Planejamento Pedag\u00f3gico para o 2\u00ba Semestre. Os alunos retornam \u00e0s aulas em 23 de julho. Durante o recesso, a Secretaria de Educa\u00e7\u00e3o manteve o atendimento \u00e0s crian\u00e7as da educa\u00e7\u00e3o infantil.<\/p>\n<p>S\u00e3o 22 unidades polo da rede municipal e nas 30 escolas conveniadas participantes. Durante o per\u00edodo de inscri\u00e7\u00f5es, realizado entre 3 e 17 de junho, foram cadastrados 4.736 crian\u00e7as, sendo 2.565 nas unidades polo da rede municipal e 2.171 nas escolas conveniadas.<\/p>\n<div style=\"background-color: #f4f4f5; border: 1px solid #d4d4d8; padding: 15px; margin: 20px 0; border-radius: 6px; font-family: sans-serif; line-height: 1.5;\">\n    <span style=\"color: #27272a;\">Inscreva-se em nosso Canal no Whatsapp e fique por dentro de tudo que acontece na regi\u00e3o. <\/span><br \/>\n    <a href=\"https:\/\/whatsapp.com\/channel\/0029VanuE2o7z4kYjo0XVS3u\" target=\"_blank\" rel=\"noopener noreferrer\" style=\"color: #16a34a; font-weight: bold; text-decoration: underline;\">Clique Aqui!<\/a>\n<\/div>\n<\/div>\n<p><br \/>\n<br \/><a href=\"https:\/\/www.tribunaribeirao.com.br\/ricardo-silva-entrega-uniforme-de-inverno\/\">Texto original daqui <\/a><\/p>\n<!-- CONTENT END 1 -->\n","protected":false},"excerpt":{"rendered":"<p>Fam\u00edlias que ainda n\u00e3o receberam as pe\u00e7as podem buscar os agasalhos diretamente nas escolas municipais at\u00e9 o retorno das aulas O prefeito Ricardo Silva (PSD)&#8230;<\/p>\n","protected":false},"author":1,"featured_media":88277,"comment_status":"","ping_status":"","sticky":false,"template":"","format":"standard","meta":{"advanced_seo_description":"","jetpack_seo_html_title":"","jetpack_seo_noindex":false,"jetpack_seo_schema_type":"","_jetpack_newsletter_access":"","_jetpack_dont_email_post_to_subs":false,"_jetpack_newsletter_tier_id":0,"_jetpack_memberships_contains_paywalled_content":false,"_jetpack_feature_clip_id":0,"_jetpack_memberships_contains_paid_content":false,"footnotes":"","jetpack_publicize_message":"","jetpack_publicize_feature_enabled":true,"jetpack_social_post_already_shared":true,"jetpack_social_options":{"image_generator_settings":{"template":"highway","default_image_id":0,"font":"","enabled":false},"version":2},"jetpack_post_was_ever_published":false},"categories":[11],"tags":[1398,7064,3406,42,3708],"class_list":["post-88276","post","type-post","status-publish","format-standard","has-post-thumbnail","hentry","category-noticias-de-ribeirao-preto-sp-e-regiao-ismael-colosi","tag-entrega","tag-inverno","tag-ricardo","tag-silva","tag-uniforme"],"jetpack_publicize_connections":[],"jetpack-related-posts":[{"id":88632,"url":"https:\/\/noticiasribeiraopreto.com.br\/index.php\/2026\/07\/23\/alunos-voltam-do-recesso-escolar\/","url_meta":{"origin":88276,"position":0},"title":"Alunos voltam do\u2028 recesso escolar","author":"noticiasribeiraopreto.com.br","date":"23 de July de 2026","format":false,"excerpt":"Nesta quarta-feira (22), professores, gestores escolares e demais profissionais da rede participaram de planejamento pedag\u00f3gico para o segundo semestre Cerca de 50 mil estudantes de 146 escolas da rede municipal de ensino de Ribeir\u00e3o Preto retornam do recesso escolar nesta quinta-feira, 23 de julho, conforme o calend\u00e1rio do ano letivo\u2026","rel":"","context":"In &quot;Not\u00edcias de Ribeir\u00e3o Preto-SP e Regi\u00e3o&quot;","block_context":{"text":"Not\u00edcias de Ribeir\u00e3o Preto-SP e Regi\u00e3o","link":"https:\/\/noticiasribeiraopreto.com.br\/index.php\/category\/noticias-de-ribeirao-preto-sp-e-regiao-ismael-colosi\/"},"img":{"alt_text":"","src":"https:\/\/i0.wp.com\/noticiasribeiraopreto.com.br\/wp-content\/uploads\/2026\/07\/AulaRP-Fernando-Gonzaga-1-scaled.jpg?fit=1170%2C780&ssl=1&resize=350%2C200","width":350,"height":200,"srcset":"https:\/\/i0.wp.com\/noticiasribeiraopreto.com.br\/wp-content\/uploads\/2026\/07\/AulaRP-Fernando-Gonzaga-1-scaled.jpg?fit=1170%2C780&ssl=1&resize=350%2C200 1x, https:\/\/i0.wp.com\/noticiasribeiraopreto.com.br\/wp-content\/uploads\/2026\/07\/AulaRP-Fernando-Gonzaga-1-scaled.jpg?fit=1170%2C780&ssl=1&resize=525%2C300 1.5x, https:\/\/i0.wp.com\/noticiasribeiraopreto.com.br\/wp-content\/uploads\/2026\/07\/AulaRP-Fernando-Gonzaga-1-scaled.jpg?fit=1170%2C780&ssl=1&resize=700%2C400 2x, https:\/\/i0.wp.com\/noticiasribeiraopreto.com.br\/wp-content\/uploads\/2026\/07\/AulaRP-Fernando-Gonzaga-1-scaled.jpg?fit=1170%2C780&ssl=1&resize=1050%2C600 3x"},"classes":[]},{"id":70649,"url":"https:\/\/noticiasribeiraopreto.com.br\/index.php\/2025\/05\/28\/educacao-vai-investir-r-6-milhoes-em-uniformes-de-inverno\/","url_meta":{"origin":88276,"position":1},"title":"Educa\u00e7\u00e3o vai investir R$ 6 milh\u00f5es em uniformes de inverno","author":"noticiasribeiraopreto.com.br","date":"28 de May de 2025","format":false,"excerpt":"28 de maio de 2025 16:112 Compartilhar0 A Secretaria Municipal de Educa\u00e7\u00e3o de Ribeir\u00e3o Preto vai comprar 55.677 uniformes de inverno para os cerca de 50 mil alunos matriculados nas 142 escolas municipais. O edital, na modalidade Preg\u00e3o Eletr\u00f4nico foi publicado na segunda-feira, 26 de maio no Di\u00e1rio Oficial do\u2026","rel":"","context":"In &quot;Not\u00edcias de Ribeir\u00e3o Preto-SP e Regi\u00e3o&quot;","block_context":{"text":"Not\u00edcias de Ribeir\u00e3o Preto-SP e Regi\u00e3o","link":"https:\/\/noticiasribeiraopreto.com.br\/index.php\/category\/noticias-de-ribeirao-preto-sp-e-regiao-ismael-colosi\/"},"img":{"alt_text":"","src":"https:\/\/i0.wp.com\/noticiasribeiraopreto.com.br\/wp-content\/uploads\/2025\/05\/AulaRP-Guilherme-Sircili-3-scaled.jpg?fit=750%2C500&ssl=1&resize=350%2C200","width":350,"height":200,"srcset":"https:\/\/i0.wp.com\/noticiasribeiraopreto.com.br\/wp-content\/uploads\/2025\/05\/AulaRP-Guilherme-Sircili-3-scaled.jpg?fit=750%2C500&ssl=1&resize=350%2C200 1x, https:\/\/i0.wp.com\/noticiasribeiraopreto.com.br\/wp-content\/uploads\/2025\/05\/AulaRP-Guilherme-Sircili-3-scaled.jpg?fit=750%2C500&ssl=1&resize=525%2C300 1.5x, https:\/\/i0.wp.com\/noticiasribeiraopreto.com.br\/wp-content\/uploads\/2025\/05\/AulaRP-Guilherme-Sircili-3-scaled.jpg?fit=750%2C500&ssl=1&resize=700%2C400 2x"},"classes":[]},{"id":88863,"url":"https:\/\/noticiasribeiraopreto.com.br\/index.php\/2026\/07\/26\/ribeirao-preto-suspende-aulas-em-escolas-municipais-nesta-segunda-apos-estragos-de-temporal\/","url_meta":{"origin":88276,"position":2},"title":"Ribeir\u00e3o Preto suspende aulas em escolas municipais nesta segunda ap\u00f3s estragos de temporal","author":"noticiasribeiraopreto.com.br","date":"26 de July de 2026","format":false,"excerpt":"O temporal que atingiu Ribeir\u00e3o Preto na madrugada da \u00faltima sexta-feira (24) provocou estragos na infraestrutura de unidades escolares e a Secretaria Municipal de Educa\u00e7\u00e3o suspendeu as aulas nesta segunda-feira (27). Receba not\u00edcias do\u00a0acidade on Ribeir\u00e3o\u00a0no WhatsApp e fique por dentro de tudo! Basta acessar o link\u00a0aqui! Segundo a pasta,\u2026","rel":"","context":"In &quot;Not\u00edcias de Ribeir\u00e3o Preto-SP e Regi\u00e3o&quot;","block_context":{"text":"Not\u00edcias de Ribeir\u00e3o Preto-SP e Regi\u00e3o","link":"https:\/\/noticiasribeiraopreto.com.br\/index.php\/category\/noticias-de-ribeirao-preto-sp-e-regiao-ismael-colosi\/"},"img":{"alt_text":"","src":"https:\/\/i0.wp.com\/noticiasribeiraopreto.com.br\/wp-content\/uploads\/2026\/07\/escola.jpg?fit=1200%2C798&ssl=1&resize=350%2C200","width":350,"height":200,"srcset":"https:\/\/i0.wp.com\/noticiasribeiraopreto.com.br\/wp-content\/uploads\/2026\/07\/escola.jpg?fit=1200%2C798&ssl=1&resize=350%2C200 1x, https:\/\/i0.wp.com\/noticiasribeiraopreto.com.br\/wp-content\/uploads\/2026\/07\/escola.jpg?fit=1200%2C798&ssl=1&resize=525%2C300 1.5x, https:\/\/i0.wp.com\/noticiasribeiraopreto.com.br\/wp-content\/uploads\/2026\/07\/escola.jpg?fit=1200%2C798&ssl=1&resize=700%2C400 2x, https:\/\/i0.wp.com\/noticiasribeiraopreto.com.br\/wp-content\/uploads\/2026\/07\/escola.jpg?fit=1200%2C798&ssl=1&resize=1050%2C600 3x"},"classes":[]},{"id":88640,"url":"https:\/\/noticiasribeiraopreto.com.br\/index.php\/2026\/07\/23\/volta-as-aulas-acontece-hoje-para-quase-50-mil-alunos-da-rede-municipal\/","url_meta":{"origin":88276,"position":3},"title":"Volta \u00e0s aulas acontece hoje para quase 50 mil alunos da rede municipal","author":"noticiasribeiraopreto.com.br","date":"23 de July de 2026","format":false,"excerpt":"As aulas na rede municipal de ensino de Ribeir\u00e3o Preto retornam nesta quinta-feira (23), para aproximadamente 50 mil estudantes da Educa\u00e7\u00e3o Infantil e do Ensino Fundamental. O in\u00edcio do segundo semestre chega com novidades voltadas ao fortalecimento da aprendizagem, \u00e0 promo\u00e7\u00e3o de um ambiente escolar mais seguro e ao acolhimento\u2026","rel":"","context":"In &quot;Not\u00edcias de Ribeir\u00e3o Preto-SP e Regi\u00e3o&quot;","block_context":{"text":"Not\u00edcias de Ribeir\u00e3o Preto-SP e Regi\u00e3o","link":"https:\/\/noticiasribeiraopreto.com.br\/index.php\/category\/noticias-de-ribeirao-preto-sp-e-regiao-ismael-colosi\/"},"img":{"alt_text":"","src":"https:\/\/i0.wp.com\/noticiasribeiraopreto.com.br\/wp-content\/uploads\/2026\/07\/professor_auxiliar_foto_fernando_gonzaga.jpeg?fit=1200%2C800&ssl=1&resize=350%2C200","width":350,"height":200,"srcset":"https:\/\/i0.wp.com\/noticiasribeiraopreto.com.br\/wp-content\/uploads\/2026\/07\/professor_auxiliar_foto_fernando_gonzaga.jpeg?fit=1200%2C800&ssl=1&resize=350%2C200 1x, https:\/\/i0.wp.com\/noticiasribeiraopreto.com.br\/wp-content\/uploads\/2026\/07\/professor_auxiliar_foto_fernando_gonzaga.jpeg?fit=1200%2C800&ssl=1&resize=525%2C300 1.5x, https:\/\/i0.wp.com\/noticiasribeiraopreto.com.br\/wp-content\/uploads\/2026\/07\/professor_auxiliar_foto_fernando_gonzaga.jpeg?fit=1200%2C800&ssl=1&resize=700%2C400 2x, https:\/\/i0.wp.com\/noticiasribeiraopreto.com.br\/wp-content\/uploads\/2026\/07\/professor_auxiliar_foto_fernando_gonzaga.jpeg?fit=1200%2C800&ssl=1&resize=1050%2C600 3x"},"classes":[]},{"id":34989,"url":"https:\/\/noticiasribeiraopreto.com.br\/index.php\/2024\/02\/04\/aulas-voltam-nesta-segunda-feira-5\/","url_meta":{"origin":88276,"position":4},"title":"Aulas voltam nesta segunda-feira, 5 \u00a0","author":"noticiasribeiraopreto.com.br","date":"4 de February de 2024","format":false,"excerpt":"O ano letivo da rede municipal de ensino de Ribeir\u00e3o Preto ter\u00e1 in\u00edcio nesta segunda-feira, 5 de fevereiro, para todos os cerca de 50 mil alunos da educa\u00e7\u00e3o infantil, ensino fundamental, educa\u00e7\u00e3o especial, educa\u00e7\u00e3o de jovens e adultos e ensino profissionalizante. \u201cTodas as nossas escolas est\u00e3o prontas para mais um\u2026","rel":"","context":"In &quot;Not\u00edcias de Ribeir\u00e3o Preto-SP e Regi\u00e3o&quot;","block_context":{"text":"Not\u00edcias de Ribeir\u00e3o Preto-SP e Regi\u00e3o","link":"https:\/\/noticiasribeiraopreto.com.br\/index.php\/category\/noticias-de-ribeirao-preto-sp-e-regiao-ismael-colosi\/"},"img":{"alt_text":"","src":"https:\/\/i0.wp.com\/noticiasribeiraopreto.com.br\/wp-content\/uploads\/2024\/02\/AulaRP-Guilherme-Sircili-scaled.jpg?fit=967%2C645&ssl=1&resize=350%2C200","width":350,"height":200,"srcset":"https:\/\/i0.wp.com\/noticiasribeiraopreto.com.br\/wp-content\/uploads\/2024\/02\/AulaRP-Guilherme-Sircili-scaled.jpg?fit=967%2C645&ssl=1&resize=350%2C200 1x, https:\/\/i0.wp.com\/noticiasribeiraopreto.com.br\/wp-content\/uploads\/2024\/02\/AulaRP-Guilherme-Sircili-scaled.jpg?fit=967%2C645&ssl=1&resize=525%2C300 1.5x, https:\/\/i0.wp.com\/noticiasribeiraopreto.com.br\/wp-content\/uploads\/2024\/02\/AulaRP-Guilherme-Sircili-scaled.jpg?fit=967%2C645&ssl=1&resize=700%2C400 2x"},"classes":[]},{"id":88951,"url":"https:\/\/noticiasribeiraopreto.com.br\/index.php\/2026\/07\/28\/tres-escolas-ainda-aguardam-liberacao-para-retorno-das-aulas-apos-temporal\/","url_meta":{"origin":88276,"position":5},"title":"Tr\u00eas escolas ainda aguardam libera\u00e7\u00e3o para retorno das aulas ap\u00f3s temporal","author":"noticiasribeiraopreto.com.br","date":"28 de July de 2026","format":false,"excerpt":"Das 14 escolas da rede municipal que n\u00e3o conseguiram receber alunos na segunda-feira (27), tr\u00eas ainda permanecem interditadas e aguardam libera\u00e7\u00e3o. As demais j\u00e1 receberam os alunos na manh\u00e3 de hoje (28).Permanecem aguardando libera\u00e7\u00e3o:* EMEF Prof. Eduardo Romualdo de Souza;* EMEI \u00c1urea Aparecida Braghetto Machado;* EEI Nagibe El Khouri LianA\u2026","rel":"","context":"In &quot;Not\u00edcias de Ribeir\u00e3o Preto-SP e Regi\u00e3o&quot;","block_context":{"text":"Not\u00edcias de Ribeir\u00e3o Preto-SP e Regi\u00e3o","link":"https:\/\/noticiasribeiraopreto.com.br\/index.php\/category\/noticias-de-ribeirao-preto-sp-e-regiao-ismael-colosi\/"},"img":{"alt_text":"","src":"https:\/\/i0.wp.com\/noticiasribeiraopreto.com.br\/wp-content\/uploads\/2026\/07\/cabelo_maluco_escola_municipal_12.jpg?fit=1200%2C800&ssl=1&resize=350%2C200","width":350,"height":200,"srcset":"https:\/\/i0.wp.com\/noticiasribeiraopreto.com.br\/wp-content\/uploads\/2026\/07\/cabelo_maluco_escola_municipal_12.jpg?fit=1200%2C800&ssl=1&resize=350%2C200 1x, https:\/\/i0.wp.com\/noticiasribeiraopreto.com.br\/wp-content\/uploads\/2026\/07\/cabelo_maluco_escola_municipal_12.jpg?fit=1200%2C800&ssl=1&resize=525%2C300 1.5x, https:\/\/i0.wp.com\/noticiasribeiraopreto.com.br\/wp-content\/uploads\/2026\/07\/cabelo_maluco_escola_municipal_12.jpg?fit=1200%2C800&ssl=1&resize=700%2C400 2x, https:\/\/i0.wp.com\/noticiasribeiraopreto.com.br\/wp-content\/uploads\/2026\/07\/cabelo_maluco_escola_municipal_12.jpg?fit=1200%2C800&ssl=1&resize=1050%2C600 3x"},"classes":[]}],"jetpack_sharing_enabled":true,"jetpack_shortlink":"https:\/\/wp.me\/peQAOb-mXO","jetpack_featured_media_url":"https:\/\/i0.wp.com\/noticiasribeiraopreto.com.br\/wp-content\/uploads\/2026\/07\/AulaRP-Fernando-Gonzaga-scaled.jpg?fit=1170%2C780&ssl=1","_links":{"self":[{"href":"https:\/\/noticiasribeiraopreto.com.br\/index.php\/wp-json\/wp\/v2\/posts\/88276","targetHints":{"allow":["GET"]}}],"collection":[{"href":"https:\/\/noticiasribeiraopreto.com.br\/index.php\/wp-json\/wp\/v2\/posts"}],"about":[{"href":"https:\/\/noticiasribeiraopreto.com.br\/index.php\/wp-json\/wp\/v2\/types\/post"}],"author":[{"embeddable":true,"href":"https:\/\/noticiasribeiraopreto.com.br\/index.php\/wp-json\/wp\/v2\/users\/1"}],"replies":[{"embeddable":true,"href":"https:\/\/noticiasribeiraopreto.com.br\/index.php\/wp-json\/wp\/v2\/comments?post=88276"}],"version-history":[{"count":0,"href":"https:\/\/noticiasribeiraopreto.com.br\/index.php\/wp-json\/wp\/v2\/posts\/88276\/revisions"}],"wp:featuredmedia":[{"embeddable":true,"href":"https:\/\/noticiasribeiraopreto.com.br\/index.php\/wp-json\/wp\/v2\/media\/88277"}],"wp:attachment":[{"href":"https:\/\/noticiasribeiraopreto.com.br\/index.php\/wp-json\/wp\/v2\/media?parent=88276"}],"wp:term":[{"taxonomy":"category","embeddable":true,"href":"https:\/\/noticiasribeiraopreto.com.br\/index.php\/wp-json\/wp\/v2\/categories?post=88276"},{"taxonomy":"post_tag","embeddable":true,"href":"https:\/\/noticiasribeiraopreto.com.br\/index.php\/wp-json\/wp\/v2\/tags?post=88276"}],"curies":[{"name":"wp","href":"https:\/\/api.w.org\/{rel}","templated":true}]}}