{"id":88280,"date":"2026-07-17T08:09:49","date_gmt":"2026-07-17T11:09:49","guid":{"rendered":"https:\/\/noticiasribeiraopreto.com.br\/index.php\/2026\/07\/17\/veranico-comeca-e-eleva-temperaturas-veja-previsao-para-ribeirao-preto-no-fim-de-semana\/"},"modified":"2026-07-17T08:09:49","modified_gmt":"2026-07-17T11:09:49","slug":"veranico-comeca-e-eleva-temperaturas-veja-previsao-para-ribeirao-preto-no-fim-de-semana","status":"publish","type":"post","link":"https:\/\/noticiasribeiraopreto.com.br\/index.php\/2026\/07\/17\/veranico-comeca-e-eleva-temperaturas-veja-previsao-para-ribeirao-preto-no-fim-de-semana\/","title":{"rendered":"Veranico come\u00e7a e eleva temperaturas; Veja previs\u00e3o para Ribeir\u00e3o Preto no fim de semana"},"content":{"rendered":"<div class='code-block code-block-1' style='margin: 8px 0 8px auto; text-align: right; display: block; clear: both;'>\n<p><a href=\"https:\/\/wa.link\/vpicfd\"><img data-recalc-dims=\"1\" class=\"wp-image-4922\" style=\"aspect-ratio: 2.0253164556962027; width: 561px; height: auto;\" src=\"https:\/\/i0.wp.com\/ismaelcolosi.com.br\/wp-content\/uploads\/2023\/11\/grupo-de-empregos-whatsapp-e-facebook-ismael-colosi-vagas.jpg?ssl=1\" alt=\"\" \/><\/a><\/p>\n<!-- \/wp:image -->\n<\/div>\n<p> <br \/>\n<\/p>\n<p><strong>O estado de S\u00e3o Paulo inicia nesta sexta-feira (17) um per\u00edodo de veranico, com temperaturas entre 3\u00b0C e 5\u00b0C acima da m\u00e9dia para julho. Ribeir\u00e3o Preto e regi\u00e3o est\u00e3o na \u00e1rea definida como veranico, que tem previs\u00e3o de se estender at\u00e9 o dia 24 de julho. <\/strong><\/p>\n<p class=\"has-cyan-bluish-gray-background-color has-background\"><em>Receba not\u00edcias do&nbsp;<strong>acidade on Ribeir\u00e3o&nbsp;<\/strong>no WhatsApp e fique por dentro de tudo! Basta acessar o link<a href=\"https:\/\/chat.whatsapp.com\/DfXwcjKVIddHUT3BvnQuPZ?mode=hqctshi\" target=\"_blank\" rel=\"noreferrer noopener\">&nbsp;aqu<\/a>i!<\/em><\/p>\n<h2 class=\"wp-block-heading\">Veranico come\u00e7a nesta sexta<\/h2>\n<p>Segundo a <a href=\"https:\/\/www.climatempo.com.br\/\" data-type=\"link\" data-id=\"https:\/\/www.climatempo.com.br\/\" target=\"_blank\" rel=\"noopener\"><strong>Climatempo<\/strong><\/a>, a influ\u00eancia de um <strong>bloqueio atmosf\u00e9rico<\/strong> e um <strong>sistema de alta press\u00e3o<\/strong> sobre o Atl\u00e2ntico Sul mant\u00e9m o <strong>tempo est\u00e1vel<\/strong> em praticamente toda a <strong>regi\u00e3o<\/strong>.<\/p>\n<blockquote class=\"wp-block-quote is-layout-flow wp-block-quote-is-layout-flow\">\n<p>\u201cO predom\u00ednio \u00e9 de sol entre poucas nuvens, sem previs\u00e3o de chuva significativa. As manh\u00e3s continuam amenas e durante a tarde, as temperaturas sobem rapidamente, favorecendo grande amplitude t\u00e9rmica\u201d, explica a meteorologista L\u00edvia Caetano.<\/p>\n<\/blockquote>\n<p>A umidade relativa do ar permanece baixa na metade norte paulista, onde os \u00edndices podem atingir entre 20% e 30%.<\/p>\n<figure class=\"wp-block-gallery has-nested-images columns-default is-cropped wp-block-gallery-1 is-layout-flex wp-block-gallery-is-layout-flex\">\n<figure class=\"wp-block-image size-large\"><figcaption class=\"wp-element-caption\">Foto: Ricardo Canaveze<\/figcaption><\/figure>\n<figure class=\"wp-block-image size-large\"><img data-recalc-dims=\"1\" loading=\"lazy\" decoding=\"async\" width=\"1024\" height=\"768\" data-id=\"143407\" src=\"https:\/\/i0.wp.com\/www.acidadeon.com\/ribeiraopreto\/wp-content\/uploads\/sites\/3\/2026\/01\/tempo-ribeirao-preto-7_2026-01-25_12-45-08-1024x768.webp?resize=1024%2C768&#038;ssl=1\" alt=\"veranico\" class=\"wp-image-143407\" title=\"Veranico come\u00e7a e eleva temperaturas; Veja previs\u00e3o para Ribeir\u00e3o Preto no fim de semana 2\" \/><figcaption class=\"wp-element-caption\">Foto: Ricardo Canaveze<\/figcaption><\/figure>\n<figure class=\"wp-block-image size-large\"><img data-recalc-dims=\"1\" loading=\"lazy\" decoding=\"async\" width=\"1024\" height=\"768\" data-id=\"137629\" src=\"https:\/\/i0.wp.com\/www.acidadeon.com\/ribeiraopreto\/wp-content\/uploads\/sites\/3\/2025\/11\/Imagem-do-WhatsApp-de-2025-11-29-as-09.35.19_292b2918_2025-11-29_12-44-19-1024x768.webp?resize=1024%2C768&#038;ssl=1\" alt=\"veranico\" class=\"wp-image-137629\" title=\"Veranico come\u00e7a e eleva temperaturas; Veja previs\u00e3o para Ribeir\u00e3o Preto no fim de semana 3\" \/><figcaption class=\"wp-element-caption\">Foto: Ricardo Canaveze<\/figcaption><\/figure>\n<figure class=\"wp-block-image size-large\"><img data-recalc-dims=\"1\" loading=\"lazy\" decoding=\"async\" width=\"1024\" height=\"643\" data-id=\"136520\" src=\"https:\/\/i0.wp.com\/www.acidadeon.com\/ribeiraopreto\/wp-content\/uploads\/sites\/3\/2025\/11\/WhatsApp-Image-2025-11-19-at-06.53.12_2025-11-20_11-27-41-e1763638097782-1024x643.webp?resize=1024%2C643&#038;ssl=1\" alt=\"veranico\" class=\"wp-image-136520\" title=\"Veranico come\u00e7a e eleva temperaturas; Veja previs\u00e3o para Ribeir\u00e3o Preto no fim de semana 4\" \/><figcaption class=\"wp-element-caption\">Foto: Ricardo Canaveze<\/figcaption><\/figure>\n<figure class=\"wp-block-image size-large\"><img data-recalc-dims=\"1\" loading=\"lazy\" decoding=\"async\" width=\"1024\" height=\"461\" data-id=\"122174\" src=\"https:\/\/i0.wp.com\/www.acidadeon.com\/ribeiraopreto\/wp-content\/uploads\/sites\/3\/2025\/07\/WhatsApp-Image-2025-07-11-at-06.44.02_2025-07-11_09-53-52-1024x461.webp?resize=1024%2C461&#038;ssl=1\" alt=\"veranico\" class=\"wp-image-122174\" title=\"Veranico come\u00e7a e eleva temperaturas; Veja previs\u00e3o para Ribeir\u00e3o Preto no fim de semana 5\" \/><figcaption class=\"wp-element-caption\">Foto: Ricardo Canaveze<\/figcaption><\/figure>\n<\/figure>\n<h2 class=\"wp-block-heading\">Confira a previs\u00e3o em Ribeir\u00e3o Preto:<\/h2>\n<ul class=\"wp-block-list\">\n<li><strong>Sexta-feira (17)<\/strong><\/li>\n<\/ul>\n<p>13\u00b0C \/&nbsp; 26\u00b0C<br \/>Chuva: 0 mm<br \/>Umidade do ar: 35% \/ 71%<\/p>\n<ul class=\"wp-block-list\">\n<li><strong>S\u00e1bado (18)<\/strong><\/li>\n<\/ul>\n<p>13\u00b0C \/&nbsp; 27\u00b0C<br \/>Chuva: 0 mm<br \/>Umidade do ar: 36% \/ 75%<\/p>\n<ul class=\"wp-block-list\">\n<li><strong>Domingo (19)<\/strong><\/li>\n<\/ul>\n<p>14\u00b0C \/&nbsp; 28\u00b0C<br \/>Chuva: 0 mm<br \/>Umidade do ar: 35% \/ 76%<\/p>\n<p>Fonte: Climatempo<\/p>\n<p class=\"has-cyan-bluish-gray-background-color has-background\"><em>Fa\u00e7a uma den\u00fancia ou sugira uma reportagem sobre&nbsp;<strong>Ribeir\u00e3o Preto&nbsp;<\/strong>e regi\u00e3o por meio do WhatsApp do&nbsp;<strong>acidade on Ribeir\u00e3o<\/strong>: (16) 99117-7802.<\/em><\/p>\n<p>O post Veranico come\u00e7a e eleva temperaturas; Veja previs\u00e3o para Ribeir\u00e3o Preto no fim de semana apareceu primeiro em ACidade ON Ribeir\u00e3o Preto.<\/p>\n<p><br \/>\n<br \/><a href=\"https:\/\/www.acidadeon.com\/ribeiraopreto\/cotidiano\/veranico-comeca-e-eleva-temperaturas-veja-previsao-para-ribeirao-preto-no-fim-de-semana\/\">Link para o texto original aqui <\/a><\/p>\n<!-- CONTENT END 1 -->\n","protected":false},"excerpt":{"rendered":"<p>O estado de S\u00e3o Paulo inicia nesta sexta-feira (17) um per\u00edodo de veranico, com temperaturas entre 3\u00b0C e 5\u00b0C acima da m\u00e9dia para julho. Ribeir\u00e3o&#8230;<\/p>\n","protected":false},"author":1,"featured_media":88281,"comment_status":"","ping_status":"","sticky":false,"template":"","format":"standard","meta":{"advanced_seo_description":"","jetpack_seo_html_title":"","jetpack_seo_noindex":false,"jetpack_seo_schema_type":"","_jetpack_newsletter_access":"","_jetpack_dont_email_post_to_subs":false,"_jetpack_newsletter_tier_id":0,"_jetpack_memberships_contains_paywalled_content":false,"_jetpack_feature_clip_id":0,"_jetpack_memberships_contains_paid_content":false,"footnotes":"","jetpack_publicize_message":"","jetpack_publicize_feature_enabled":true,"jetpack_social_post_already_shared":true,"jetpack_social_options":{"image_generator_settings":{"template":"highway","default_image_id":0,"font":"","enabled":false},"version":2},"jetpack_post_was_ever_published":false},"categories":[11],"tags":[206,1960,125,71,27,350,26,126,2047,48,7758],"class_list":["post-88280","post","type-post","status-publish","format-standard","has-post-thumbnail","hentry","category-noticias-de-ribeirao-preto-sp-e-regiao-ismael-colosi","tag-comeca","tag-eleva","tag-fim","tag-para","tag-preto","tag-previsao","tag-ribeirao","tag-semana","tag-temperaturas","tag-veja","tag-veranico"],"jetpack_publicize_connections":[],"jetpack-related-posts":[{"id":75819,"url":"https:\/\/noticiasribeiraopreto.com.br\/index.php\/2025\/08\/15\/veranico-no-interior-de-sp-temperaturas-podem-chegar-a-35-c\/","url_meta":{"origin":88280,"position":0},"title":"Veranico no interior de SP: temperaturas podem chegar a 35\u202f\u00b0C","author":"noticiasribeiraopreto.com.br","date":"15 de August de 2025","format":false,"excerpt":"Ap\u00f3s um per\u00edodo de temperaturas mais baixas, o interior de S\u00e3o Paulo se prepara para enfrentar um novo veranico, com temperaturas muito acima da m\u00e9dia para o inverno, a partir da pr\u00f3xima quarta-feira (20). De acordo com a Climatempo, o per\u00edodo n\u00e3o ser\u00e1 classificado como onda de calor, no entanto,\u2026","rel":"","context":"In &quot;Not\u00edcias de Ribeir\u00e3o Preto-SP e Regi\u00e3o&quot;","block_context":{"text":"Not\u00edcias de Ribeir\u00e3o Preto-SP e Regi\u00e3o","link":"https:\/\/noticiasribeiraopreto.com.br\/index.php\/category\/noticias-de-ribeirao-preto-sp-e-regiao-ismael-colosi\/"},"img":{"alt_text":"","src":"https:\/\/i0.wp.com\/noticiasribeiraopreto.com.br\/wp-content\/uploads\/2025\/08\/WhatsApp-Image-2025-08-15-at-06.23.01_2025-08-15_10-04-02-1024x576.webp.webp?fit=1024%2C576&ssl=1&resize=350%2C200","width":350,"height":200,"srcset":"https:\/\/i0.wp.com\/noticiasribeiraopreto.com.br\/wp-content\/uploads\/2025\/08\/WhatsApp-Image-2025-08-15-at-06.23.01_2025-08-15_10-04-02-1024x576.webp.webp?fit=1024%2C576&ssl=1&resize=350%2C200 1x, https:\/\/i0.wp.com\/noticiasribeiraopreto.com.br\/wp-content\/uploads\/2025\/08\/WhatsApp-Image-2025-08-15-at-06.23.01_2025-08-15_10-04-02-1024x576.webp.webp?fit=1024%2C576&ssl=1&resize=525%2C300 1.5x, https:\/\/i0.wp.com\/noticiasribeiraopreto.com.br\/wp-content\/uploads\/2025\/08\/WhatsApp-Image-2025-08-15-at-06.23.01_2025-08-15_10-04-02-1024x576.webp.webp?fit=1024%2C576&ssl=1&resize=700%2C400 2x"},"classes":[]},{"id":88201,"url":"https:\/\/noticiasribeiraopreto.com.br\/index.php\/2026\/07\/16\/veranico-no-interior-de-sp-veja-a-previsao-para-os-proximos-dias\/","url_meta":{"origin":88280,"position":1},"title":"Veranico no interior de SP? Veja a previs\u00e3o para os pr\u00f3ximos dias","author":"noticiasribeiraopreto.com.br","date":"16 de July de 2026","format":false,"excerpt":"Uma grande diferen\u00e7a entre as temperaturas da manh\u00e3 e da tarde deve marcar os pr\u00f3ximos dias em parte do interior do Brasil, segundo a Climatempo. Receba not\u00edcias do\u00a0acidade on Ribeir\u00e3o\u00a0no WhatsApp e fique por dentro de tudo! Basta acessar o link\u00a0aqui! Conforme a meteorologia, um bloqueio atmosf\u00e9rico impede o avan\u00e7o\u2026","rel":"","context":"In &quot;Not\u00edcias de Ribeir\u00e3o Preto-SP e Regi\u00e3o&quot;","block_context":{"text":"Not\u00edcias de Ribeir\u00e3o Preto-SP e Regi\u00e3o","link":"https:\/\/noticiasribeiraopreto.com.br\/index.php\/category\/noticias-de-ribeirao-preto-sp-e-regiao-ismael-colosi\/"},"img":{"alt_text":"","src":"https:\/\/i0.wp.com\/noticiasribeiraopreto.com.br\/wp-content\/uploads\/2026\/07\/WhatsApp-Image-2026-07-10-at-06.25.58_2026-07-10_10-04-57.webp.webp?fit=1200%2C553&ssl=1&resize=350%2C200","width":350,"height":200,"srcset":"https:\/\/i0.wp.com\/noticiasribeiraopreto.com.br\/wp-content\/uploads\/2026\/07\/WhatsApp-Image-2026-07-10-at-06.25.58_2026-07-10_10-04-57.webp.webp?fit=1200%2C553&ssl=1&resize=350%2C200 1x, https:\/\/i0.wp.com\/noticiasribeiraopreto.com.br\/wp-content\/uploads\/2026\/07\/WhatsApp-Image-2026-07-10-at-06.25.58_2026-07-10_10-04-57.webp.webp?fit=1200%2C553&ssl=1&resize=525%2C300 1.5x, https:\/\/i0.wp.com\/noticiasribeiraopreto.com.br\/wp-content\/uploads\/2026\/07\/WhatsApp-Image-2026-07-10-at-06.25.58_2026-07-10_10-04-57.webp.webp?fit=1200%2C553&ssl=1&resize=700%2C400 2x, https:\/\/i0.wp.com\/noticiasribeiraopreto.com.br\/wp-content\/uploads\/2026\/07\/WhatsApp-Image-2026-07-10-at-06.25.58_2026-07-10_10-04-57.webp.webp?fit=1200%2C553&ssl=1&resize=1050%2C600 3x"},"classes":[]},{"id":89878,"url":"https:\/\/noticiasribeiraopreto.com.br\/index.php\/2026\/08\/12\/veranico-semana-pode-terminar-com-temperatura-de-35c-em-ribeirao-preto\/","url_meta":{"origin":88280,"position":2},"title":"Veranico: Semana pode terminar com temperatura de 35\u00b0C em Ribeir\u00e3o Preto","author":"noticiasribeiraopreto.com.br","date":"12 de August de 2026","format":false,"excerpt":"A semana tem previs\u00e3o de terminar com temperatura m\u00e1xima de 35\u00b0C em Ribeir\u00e3o Preto. Segundo a Climatempo, uma massa de ar muito quente deve se expandir pelo estado de S\u00e3o Paulo nos pr\u00f3ximos dias. Esse per\u00edodo de calor excepcional, previsto entre os dias 12 e 19 de agosto, com temperaturas\u2026","rel":"","context":"In &quot;Not\u00edcias de Ribeir\u00e3o Preto-SP e Regi\u00e3o&quot;","block_context":{"text":"Not\u00edcias de Ribeir\u00e3o Preto-SP e Regi\u00e3o","link":"https:\/\/noticiasribeiraopreto.com.br\/index.php\/category\/noticias-de-ribeirao-preto-sp-e-regiao-ismael-colosi\/"},"img":{"alt_text":"","src":"https:\/\/i0.wp.com\/noticiasribeiraopreto.com.br\/wp-content\/uploads\/2026\/08\/Veranico-no-BR-de-12-a-19-ago-2026.webp.webp?fit=1200%2C675&ssl=1&resize=350%2C200","width":350,"height":200,"srcset":"https:\/\/i0.wp.com\/noticiasribeiraopreto.com.br\/wp-content\/uploads\/2026\/08\/Veranico-no-BR-de-12-a-19-ago-2026.webp.webp?fit=1200%2C675&ssl=1&resize=350%2C200 1x, https:\/\/i0.wp.com\/noticiasribeiraopreto.com.br\/wp-content\/uploads\/2026\/08\/Veranico-no-BR-de-12-a-19-ago-2026.webp.webp?fit=1200%2C675&ssl=1&resize=525%2C300 1.5x, https:\/\/i0.wp.com\/noticiasribeiraopreto.com.br\/wp-content\/uploads\/2026\/08\/Veranico-no-BR-de-12-a-19-ago-2026.webp.webp?fit=1200%2C675&ssl=1&resize=700%2C400 2x, https:\/\/i0.wp.com\/noticiasribeiraopreto.com.br\/wp-content\/uploads\/2026\/08\/Veranico-no-BR-de-12-a-19-ago-2026.webp.webp?fit=1200%2C675&ssl=1&resize=1050%2C600 3x"},"classes":[]},{"id":89323,"url":"https:\/\/noticiasribeiraopreto.com.br\/index.php\/2026\/08\/03\/veranico-faz-as-temperaturas-subirem-entre-3c-e-5c-no-estado-de-sp-veja-ate-quando\/","url_meta":{"origin":88280,"position":3},"title":"Veranico faz as temperaturas subirem entre 3\u00b0C e 5\u00b0C no estado de SP; Veja at\u00e9 quando","author":"noticiasribeiraopreto.com.br","date":"3 de August de 2026","format":false,"excerpt":"O estado de S\u00e3o Paulo entra em um novo per\u00edodo de veranico a partir desta segunda-feira (3). De acordo com a Climatempo, as temperaturas devem ficar entre 3\u00b0C e 5\u00b0C acima da m\u00e9dia, o que \u00e9 considerado calor intenso. Este \u00e9 o segundo epis\u00f3dio registrado no inverno de 2026 \u2014\u2026","rel":"","context":"In &quot;Not\u00edcias de Ribeir\u00e3o Preto-SP e Regi\u00e3o&quot;","block_context":{"text":"Not\u00edcias de Ribeir\u00e3o Preto-SP e Regi\u00e3o","link":"https:\/\/noticiasribeiraopreto.com.br\/index.php\/category\/noticias-de-ribeirao-preto-sp-e-regiao-ismael-colosi\/"},"img":{"alt_text":"","src":"https:\/\/i0.wp.com\/noticiasribeiraopreto.com.br\/wp-content\/uploads\/2026\/08\/WhatsApp-Image-2026-08-03-at-11.31.26.jpeg?fit=1200%2C675&ssl=1&resize=350%2C200","width":350,"height":200,"srcset":"https:\/\/i0.wp.com\/noticiasribeiraopreto.com.br\/wp-content\/uploads\/2026\/08\/WhatsApp-Image-2026-08-03-at-11.31.26.jpeg?fit=1200%2C675&ssl=1&resize=350%2C200 1x, https:\/\/i0.wp.com\/noticiasribeiraopreto.com.br\/wp-content\/uploads\/2026\/08\/WhatsApp-Image-2026-08-03-at-11.31.26.jpeg?fit=1200%2C675&ssl=1&resize=525%2C300 1.5x, https:\/\/i0.wp.com\/noticiasribeiraopreto.com.br\/wp-content\/uploads\/2026\/08\/WhatsApp-Image-2026-08-03-at-11.31.26.jpeg?fit=1200%2C675&ssl=1&resize=700%2C400 2x, https:\/\/i0.wp.com\/noticiasribeiraopreto.com.br\/wp-content\/uploads\/2026\/08\/WhatsApp-Image-2026-08-03-at-11.31.26.jpeg?fit=1200%2C675&ssl=1&resize=1050%2C600 3x"},"classes":[]},{"id":88378,"url":"https:\/\/noticiasribeiraopreto.com.br\/index.php\/2026\/07\/18\/inverno-fake-veranico-traz-calorao-de-33c-ao-interior-de-sp\/","url_meta":{"origin":88280,"position":4},"title":"Inverno fake? Veranico traz calor\u00e3o de 33\u00b0C ao interior de SP","author":"noticiasribeiraopreto.com.br","date":"18 de July de 2026","format":false,"excerpt":"Os moradores de Ribeir\u00e3o Preto e cidades do interior de S\u00e3o Paulo enfrentam dias de calor e tempo seco em pleno m\u00eas de julho. Um forte veranico alterou as caracter\u00edsticas t\u00edpicas do inverno no interior de S\u00e3o Paulo, o que eleva as temperaturas a patamares observados normalmente no ver\u00e3o. Os\u2026","rel":"","context":"In &quot;Not\u00edcias de Ribeir\u00e3o Preto-SP e Regi\u00e3o&quot;","block_context":{"text":"Not\u00edcias de Ribeir\u00e3o Preto-SP e Regi\u00e3o","link":"https:\/\/noticiasribeiraopreto.com.br\/index.php\/category\/noticias-de-ribeirao-preto-sp-e-regiao-ismael-colosi\/"},"img":{"alt_text":"","src":"https:\/\/i0.wp.com\/noticiasribeiraopreto.com.br\/wp-content\/uploads\/2026\/07\/calor-2_2024-10-08_20-08-44_jpeg_2024-10-08_20-08-44-1024x683.webp.webp?fit=1024%2C683&ssl=1&resize=350%2C200","width":350,"height":200,"srcset":"https:\/\/i0.wp.com\/noticiasribeiraopreto.com.br\/wp-content\/uploads\/2026\/07\/calor-2_2024-10-08_20-08-44_jpeg_2024-10-08_20-08-44-1024x683.webp.webp?fit=1024%2C683&ssl=1&resize=350%2C200 1x, https:\/\/i0.wp.com\/noticiasribeiraopreto.com.br\/wp-content\/uploads\/2026\/07\/calor-2_2024-10-08_20-08-44_jpeg_2024-10-08_20-08-44-1024x683.webp.webp?fit=1024%2C683&ssl=1&resize=525%2C300 1.5x, https:\/\/i0.wp.com\/noticiasribeiraopreto.com.br\/wp-content\/uploads\/2026\/07\/calor-2_2024-10-08_20-08-44_jpeg_2024-10-08_20-08-44-1024x683.webp.webp?fit=1024%2C683&ssl=1&resize=700%2C400 2x"},"classes":[]},{"id":75874,"url":"https:\/\/noticiasribeiraopreto.com.br\/index.php\/2025\/08\/17\/domingo-sera-de-sol-e-calor-em-ribeirao-preto-veranico-chega-nesta-semana\/","url_meta":{"origin":88280,"position":5},"title":"Domingo ser\u00e1 de sol e calor em Ribeir\u00e3o Preto; Veranico chega nesta semana","author":"noticiasribeiraopreto.com.br","date":"17 de August de 2025","format":false,"excerpt":"O domingo (17) em Ribeir\u00e3o Preto ser\u00e1 ensolarado, com poucas nuvens e sem previs\u00e3o de chuva. Apesar da m\u00ednima de 16 \u00b0C, as temperaturas devem subir ao longo do dia e alcan\u00e7ar os 31 \u00b0C durante a tarde, segundo a Climatempo. A umidade relativa do ar varia entre 25% e\u2026","rel":"","context":"In &quot;Not\u00edcias de Ribeir\u00e3o Preto-SP e Regi\u00e3o&quot;","block_context":{"text":"Not\u00edcias de Ribeir\u00e3o Preto-SP e Regi\u00e3o","link":"https:\/\/noticiasribeiraopreto.com.br\/index.php\/category\/noticias-de-ribeirao-preto-sp-e-regiao-ismael-colosi\/"},"img":{"alt_text":"","src":"https:\/\/i0.wp.com\/noticiasribeiraopreto.com.br\/wp-content\/uploads\/2025\/08\/Imagem-do-WhatsApp-de-2025-08-10-as-09.21.15_9b79cfee_2025-08-10_12-29-12.webp.webp?fit=1200%2C675&ssl=1&resize=350%2C200","width":350,"height":200,"srcset":"https:\/\/i0.wp.com\/noticiasribeiraopreto.com.br\/wp-content\/uploads\/2025\/08\/Imagem-do-WhatsApp-de-2025-08-10-as-09.21.15_9b79cfee_2025-08-10_12-29-12.webp.webp?fit=1200%2C675&ssl=1&resize=350%2C200 1x, https:\/\/i0.wp.com\/noticiasribeiraopreto.com.br\/wp-content\/uploads\/2025\/08\/Imagem-do-WhatsApp-de-2025-08-10-as-09.21.15_9b79cfee_2025-08-10_12-29-12.webp.webp?fit=1200%2C675&ssl=1&resize=525%2C300 1.5x, https:\/\/i0.wp.com\/noticiasribeiraopreto.com.br\/wp-content\/uploads\/2025\/08\/Imagem-do-WhatsApp-de-2025-08-10-as-09.21.15_9b79cfee_2025-08-10_12-29-12.webp.webp?fit=1200%2C675&ssl=1&resize=700%2C400 2x, https:\/\/i0.wp.com\/noticiasribeiraopreto.com.br\/wp-content\/uploads\/2025\/08\/Imagem-do-WhatsApp-de-2025-08-10-as-09.21.15_9b79cfee_2025-08-10_12-29-12.webp.webp?fit=1200%2C675&ssl=1&resize=1050%2C600 3x"},"classes":[]}],"jetpack_sharing_enabled":true,"jetpack_shortlink":"https:\/\/wp.me\/peQAOb-mXS","jetpack_featured_media_url":"https:\/\/i0.wp.com\/noticiasribeiraopreto.com.br\/wp-content\/uploads\/2026\/07\/WhatsApp-Image-2026-07-16-at-10.49.36.jpeg?fit=1600%2C900&ssl=1","_links":{"self":[{"href":"https:\/\/noticiasribeiraopreto.com.br\/index.php\/wp-json\/wp\/v2\/posts\/88280","targetHints":{"allow":["GET"]}}],"collection":[{"href":"https:\/\/noticiasribeiraopreto.com.br\/index.php\/wp-json\/wp\/v2\/posts"}],"about":[{"href":"https:\/\/noticiasribeiraopreto.com.br\/index.php\/wp-json\/wp\/v2\/types\/post"}],"author":[{"embeddable":true,"href":"https:\/\/noticiasribeiraopreto.com.br\/index.php\/wp-json\/wp\/v2\/users\/1"}],"replies":[{"embeddable":true,"href":"https:\/\/noticiasribeiraopreto.com.br\/index.php\/wp-json\/wp\/v2\/comments?post=88280"}],"version-history":[{"count":0,"href":"https:\/\/noticiasribeiraopreto.com.br\/index.php\/wp-json\/wp\/v2\/posts\/88280\/revisions"}],"wp:featuredmedia":[{"embeddable":true,"href":"https:\/\/noticiasribeiraopreto.com.br\/index.php\/wp-json\/wp\/v2\/media\/88281"}],"wp:attachment":[{"href":"https:\/\/noticiasribeiraopreto.com.br\/index.php\/wp-json\/wp\/v2\/media?parent=88280"}],"wp:term":[{"taxonomy":"category","embeddable":true,"href":"https:\/\/noticiasribeiraopreto.com.br\/index.php\/wp-json\/wp\/v2\/categories?post=88280"},{"taxonomy":"post_tag","embeddable":true,"href":"https:\/\/noticiasribeiraopreto.com.br\/index.php\/wp-json\/wp\/v2\/tags?post=88280"}],"curies":[{"name":"wp","href":"https:\/\/api.w.org\/{rel}","templated":true}]}}