{"id":88293,"date":"2026-07-17T12:15:46","date_gmt":"2026-07-17T15:15:46","guid":{"rendered":"https:\/\/noticiasribeiraopreto.com.br\/index.php\/2026\/07\/17\/adolescentes-confessam-morte-de-motorista-de-aplicativo-desaparecido-em-ribeirao-preto\/"},"modified":"2026-07-17T12:15:46","modified_gmt":"2026-07-17T15:15:46","slug":"adolescentes-confessam-morte-de-motorista-de-aplicativo-desaparecido-em-ribeirao-preto","status":"publish","type":"post","link":"https:\/\/noticiasribeiraopreto.com.br\/index.php\/2026\/07\/17\/adolescentes-confessam-morte-de-motorista-de-aplicativo-desaparecido-em-ribeirao-preto\/","title":{"rendered":"Adolescentes confessam morte de motorista de aplicativo desaparecido em Ribeir\u00e3o Preto"},"content":{"rendered":"<div class='code-block code-block-1' style='margin: 8px 0 8px auto; text-align: right; display: block; clear: both;'>\n<p><a href=\"https:\/\/wa.link\/vpicfd\"><img data-recalc-dims=\"1\" class=\"wp-image-4922\" style=\"aspect-ratio: 2.0253164556962027; width: 561px; height: auto;\" src=\"https:\/\/i0.wp.com\/ismaelcolosi.com.br\/wp-content\/uploads\/2023\/11\/grupo-de-empregos-whatsapp-e-facebook-ismael-colosi-vagas.jpg?ssl=1\" alt=\"\" \/><\/a><\/p>\n<!-- \/wp:image -->\n<\/div>\n<p> <br \/>\n<\/p>\n<p><strong>Os tr\u00eas adolescentes encontrados com o carro do motorista de aplicativo Jos\u00e9 Edson da Silva, de 43 anos, confessaram ter matado a v\u00edtima<\/strong>. A informa\u00e7\u00e3o foi confirmada pela <strong>Pol\u00edcia Civil <\/strong>na manh\u00e3 desta sexta-feira (17).<\/p>\n<p>Segundo apura\u00e7\u00e3o da <strong>CBN Ribeir\u00e3o<\/strong>, os adolescentes, de 13, 14 e 16 anos, prestaram um novo depoimento e relataram que solicitaram uma corrida no<strong> bairro Ribeir\u00e3o Verde<\/strong> com a inten\u00e7\u00e3o de <strong>roubar o ve\u00edculo.<\/strong><\/p>\n<p><mark style=\"background-color:#fcb900\" class=\"has-inline-color\">Ainda conforme as informa\u00e7\u00f5es, os adolescentes relataram que o motorista de aplicativo teria sido morto por esganadura e indicaram o local onde o corpo teria sido deixado, <strong>em uma \u00e1rea pr\u00f3xima ao Rio Pardo<\/strong>.<\/mark><\/p>\n<p>O <strong>Corpo de Bombeiros<\/strong> foi acionado para realizar as buscas pelo corpo no local indicado pelos adolescentes.<\/p>\n<figure class=\"wp-block-gallery has-nested-images columns-default is-cropped wp-block-gallery-1 is-layout-flex wp-block-gallery-is-layout-flex\">\n<figure class=\"wp-block-image size-large\"><figcaption class=\"wp-element-caption\">Foto: Arquivo pessoal<\/figcaption><\/figure>\n<figure class=\"wp-block-image size-large\"><img data-recalc-dims=\"1\" loading=\"lazy\" decoding=\"async\" width=\"1024\" height=\"576\" data-id=\"166275\" src=\"https:\/\/i0.wp.com\/www.acidadeon.com\/ribeiraopreto\/wp-content\/uploads\/sites\/3\/2026\/07\/agenda-cultural-2-1024x576.png?resize=1024%2C576&#038;ssl=1\" alt=\"Motorista de aplicativo estava desaparecido - Foto: Arquivo pessoal\" class=\"wp-image-166275\" title=\"Adolescentes confessam morte de motorista de aplicativo desaparecido em Ribeir\u00e3o Preto 4\" \/><figcaption class=\"wp-element-caption\">Foto: Arquivo pessoal<\/figcaption><\/figure>\n<\/figure>\n<p class=\"has-text-align-center has-cyan-bluish-gray-background-color has-background\"><em>Receba not\u00edcias do&nbsp;<strong>acidade on Ribeir\u00e3o&nbsp;<\/strong>no WhatsApp e fique por dentro de tudo! Basta acessar o link<a href=\"https:\/\/chat.whatsapp.com\/DfXwcjKVIddHUT3BvnQuPZ?mode=hqctshi\" target=\"_blank\" rel=\"noreferrer noopener\">&nbsp;aqu<\/a>i!<\/em><\/p>\n<h2 class=\"wp-block-heading\"><strong>Motorista de aplicativo estava desaparecido<\/strong><\/h2>\n<p>Jos\u00e9 Edson da Silva desapareceu na ter\u00e7a-feira (14), ap\u00f3s sair de Sert\u00e3ozinho, para trabalhar como motorista de aplicativo em Ribeir\u00e3o Preto. A fam\u00edlia registrou o desaparecimento depois que ele n\u00e3o respondeu mais aos contatos.<\/p>\n<p>Na quarta-feira (15), o Hyundai HB20 branco utilizado pelo motorista foi localizado pela Pol\u00edcia Militar em Ribeir\u00e3o Preto com os tr\u00eas adolescentes. Na ocasi\u00e3o, eles disseram que haviam comprado o ve\u00edculo em uma biqueira, por R$ 1,5 mil. <\/p>\n<p>Em novo depoimento, por\u00e9m, eles confessaram envolvimento no crime, segundo a pol\u00edcia.<\/p>\n<p><em>*Com informa\u00e7\u00f5es de F\u00e1bio Marchiselli, da r\u00e1dio CBN Ribeir\u00e3o<\/em><\/p>\n<figure class=\"wp-block-gallery has-nested-images columns-default is-cropped wp-block-gallery-2 is-layout-flex wp-block-gallery-is-layout-flex\">\n<figure class=\"wp-block-image size-large\"><img data-recalc-dims=\"1\" loading=\"lazy\" decoding=\"async\" width=\"1024\" height=\"684\" data-id=\"153736\" src=\"https:\/\/i0.wp.com\/www.acidadeon.com\/ribeiraopreto\/wp-content\/uploads\/sites\/3\/2026\/04\/policia-civil_2026-04-27_13-17-14-1024x684.webp?resize=1024%2C684&#038;ssl=1\" alt=\"Adolescentes confessam morte de motorista de aplicativo - Foto: divulga\u00e7\u00e3o\/ Governo de SP.\" class=\"wp-image-153736\" title=\"Adolescentes confessam morte de motorista de aplicativo desaparecido em Ribeir\u00e3o Preto 5\" \/><figcaption class=\"wp-element-caption\">Adolescentes confessam morte de motorista de aplicativo &#8211; Foto: divulga\u00e7\u00e3o\/ Governo de SP.<\/figcaption><\/figure>\n<figure class=\"wp-block-image size-large\"><img data-recalc-dims=\"1\" loading=\"lazy\" decoding=\"async\" width=\"1024\" height=\"768\" data-id=\"152198\" src=\"https:\/\/i0.wp.com\/www.acidadeon.com\/ribeiraopreto\/wp-content\/uploads\/sites\/3\/2026\/04\/WhatsApp-Image-2026-04-13-at-10.04.17_2026-04-13_13-04-41-1024x768.webp?resize=1024%2C768&#038;ssl=1\" alt=\"Adolescentes confessam morte de motorista de aplicativo - Foto: Ricardo Canaveze.\" class=\"wp-image-152198\" title=\"Adolescentes confessam morte de motorista de aplicativo desaparecido em Ribeir\u00e3o Preto 6\" \/><figcaption class=\"wp-element-caption\">Adolescentes confessam morte de motorista de aplicativo &#8211; Foto: Ricardo Canaveze.<\/figcaption><\/figure>\n<\/figure>\n<p class=\"has-text-align-center has-cyan-bluish-gray-background-color has-background\"><em>Fa\u00e7a uma den\u00fancia ou sugira uma reportagem sobre&nbsp;<strong>Ribeir\u00e3o Preto&nbsp;<\/strong>e regi\u00e3o por meio do WhatsApp do&nbsp;<strong>acidade on Ribeir\u00e3o<\/strong>: (16) 99117-7802.<\/em><\/p>\n<\/p>\n<p>O post Adolescentes confessam morte de motorista de aplicativo desaparecido em Ribeir\u00e3o Preto apareceu primeiro em ACidade ON Ribeir\u00e3o Preto.<\/p>\n<p><br \/>\n<br \/><a href=\"https:\/\/www.acidadeon.com\/ribeiraopreto\/cotidiano\/adolescentes-confessam-morte-de-motorista-de-aplicativo-desaparecido-em-ribeirao-preto\/\">Link para o texto original aqui <\/a><\/p>\n<!-- CONTENT END 1 -->\n","protected":false},"excerpt":{"rendered":"<p>Os tr\u00eas adolescentes encontrados com o carro do motorista de aplicativo Jos\u00e9 Edson da Silva, de 43 anos, confessaram ter matado a v\u00edtima. A informa\u00e7\u00e3o&#8230;<\/p>\n","protected":false},"author":1,"featured_media":88294,"comment_status":"","ping_status":"","sticky":false,"template":"","format":"standard","meta":{"advanced_seo_description":"","jetpack_seo_html_title":"","jetpack_seo_noindex":false,"jetpack_seo_schema_type":"","_jetpack_newsletter_access":"","_jetpack_dont_email_post_to_subs":false,"_jetpack_newsletter_tier_id":0,"_jetpack_memberships_contains_paywalled_content":false,"_jetpack_feature_clip_id":0,"_jetpack_memberships_contains_paid_content":false,"footnotes":"","jetpack_publicize_message":"","jetpack_publicize_feature_enabled":true,"jetpack_social_post_already_shared":true,"jetpack_social_options":{"image_generator_settings":{"template":"highway","default_image_id":0,"font":"","enabled":false},"version":2},"jetpack_post_was_ever_published":false},"categories":[11],"tags":[2483,320,7781,1529,558,319,7780,27,26],"class_list":["post-88293","post","type-post","status-publish","format-standard","has-post-thumbnail","hentry","category-noticias-de-ribeirao-preto-sp-e-regiao-ismael-colosi","tag-adolescentes","tag-aplicativo","tag-confessam","tag-desaparecido","tag-morte","tag-motorista","tag-motorista-de-aplicativo","tag-preto","tag-ribeirao"],"jetpack_publicize_connections":[],"jetpack-related-posts":[{"id":88301,"url":"https:\/\/noticiasribeiraopreto.com.br\/index.php\/2026\/07\/17\/adolescentes-confessam-o-assassinato-de-motorista-de-aplicativo\/","url_meta":{"origin":88293,"position":0},"title":"Adolescentes confessam o assassinato de motorista de aplicativo","author":"noticiasribeiraopreto.com.br","date":"17 de July de 2026","format":false,"excerpt":"Tr\u00eas adolescentes, de 13, 14 e 16 anos,\u00a0foram apreendidos na manh\u00e3 desta sexta-feira (17) pelo assassinato do motorista de aplicativo Edson da Silva, de 43 anos. O crime aconteceu ter\u00e7a-feira (14).O trio mirim estava no bairro Ribeir\u00e3o Verde quando foi solicitada uma corrida por aplicativo \u2013 com o objetivo de\u2026","rel":"","context":"In &quot;Not\u00edcias de Ribeir\u00e3o Preto-SP e Regi\u00e3o&quot;","block_context":{"text":"Not\u00edcias de Ribeir\u00e3o Preto-SP e Regi\u00e3o","link":"https:\/\/noticiasribeiraopreto.com.br\/index.php\/category\/noticias-de-ribeirao-preto-sp-e-regiao-ismael-colosi\/"},"img":{"alt_text":"","src":"https:\/\/i0.wp.com\/noticiasribeiraopreto.com.br\/wp-content\/uploads\/2026\/07\/mulher-e-ameacada-por-namorado-dentro-da-delegacia.jpeg?fit=1040%2C780&ssl=1&resize=350%2C200","width":350,"height":200,"srcset":"https:\/\/i0.wp.com\/noticiasribeiraopreto.com.br\/wp-content\/uploads\/2026\/07\/mulher-e-ameacada-por-namorado-dentro-da-delegacia.jpeg?fit=1040%2C780&ssl=1&resize=350%2C200 1x, https:\/\/i0.wp.com\/noticiasribeiraopreto.com.br\/wp-content\/uploads\/2026\/07\/mulher-e-ameacada-por-namorado-dentro-da-delegacia.jpeg?fit=1040%2C780&ssl=1&resize=525%2C300 1.5x, https:\/\/i0.wp.com\/noticiasribeiraopreto.com.br\/wp-content\/uploads\/2026\/07\/mulher-e-ameacada-por-namorado-dentro-da-delegacia.jpeg?fit=1040%2C780&ssl=1&resize=700%2C400 2x"},"classes":[]},{"id":88310,"url":"https:\/\/noticiasribeiraopreto.com.br\/index.php\/2026\/07\/17\/adolescentes-confessam-matar-e-roubar-motorista-de-aplicativo-em-ribeirao-preto\/","url_meta":{"origin":88293,"position":1},"title":"Adolescentes confessam matar e roubar motorista de aplicativo em Ribeir\u00e3o Preto","author":"noticiasribeiraopreto.com.br","date":"17 de July de 2026","format":false,"excerpt":"\r \r \r 17 de julho de 2026 14:2217 de julho de 2026 14:25 \r Compartilhar0 Os tr\u00eas adolescentes, de 13, 14 e 16 anos, encontrados com o carro do motorista de aplicativo Jos\u00e9 Edson da Silva, de 43 anos, confessaram para Pol\u00edcia Civil ter matado e roubado o ve\u00edculo\u2026","rel":"","context":"In &quot;Not\u00edcias de Ribeir\u00e3o Preto-SP e Regi\u00e3o&quot;","block_context":{"text":"Not\u00edcias de Ribeir\u00e3o Preto-SP e Regi\u00e3o","link":"https:\/\/noticiasribeiraopreto.com.br\/index.php\/category\/noticias-de-ribeirao-preto-sp-e-regiao-ismael-colosi\/"},"img":{"alt_text":"","src":"https:\/\/i0.wp.com\/www.tribunaribeirao.com.br\/wp-content\/uploads\/2026\/07\/WhatsApp-Image-2026-07-17-at-11.57.09-300x200.jpeg?resize=350%2C200&ssl=1","width":350,"height":200},"classes":[]},{"id":88312,"url":"https:\/\/noticiasribeiraopreto.com.br\/index.php\/2026\/07\/17\/foi-atraves-de-um-golpe-conhecido-como-mata-leao-diz-delegado-sobre-morte-de-motorista-de-aplicativo\/","url_meta":{"origin":88293,"position":2},"title":"\u2018Foi atrav\u00e9s de um golpe conhecido como mata-le\u00e3o\u2019, diz delegado sobre morte de motorista de aplicativo","author":"noticiasribeiraopreto.com.br","date":"17 de July de 2026","format":false,"excerpt":"O motorista de aplicativo Jos\u00e9 Edson da Silva, de 43 anos, teria sido atacado com um golpe conhecido como \u201cmata-le\u00e3o\u201d dentro do pr\u00f3prio carro antes de ter o corpo jogado no Rio Pardo, em Ribeir\u00e3o Preto. A informa\u00e7\u00e3o foi divulgada pelo delegado Andr\u00e9 Baldocchi, em entrevista \u00e0 EPTV, concedida ap\u00f3s\u2026","rel":"","context":"In &quot;Not\u00edcias de Ribeir\u00e3o Preto-SP e Regi\u00e3o&quot;","block_context":{"text":"Not\u00edcias de Ribeir\u00e3o Preto-SP e Regi\u00e3o","link":"https:\/\/noticiasribeiraopreto.com.br\/index.php\/category\/noticias-de-ribeirao-preto-sp-e-regiao-ismael-colosi\/"},"img":{"alt_text":"","src":"https:\/\/i0.wp.com\/noticiasribeiraopreto.com.br\/wp-content\/uploads\/2026\/07\/roubo-3.jpg?fit=1200%2C675&ssl=1&resize=350%2C200","width":350,"height":200,"srcset":"https:\/\/i0.wp.com\/noticiasribeiraopreto.com.br\/wp-content\/uploads\/2026\/07\/roubo-3.jpg?fit=1200%2C675&ssl=1&resize=350%2C200 1x, https:\/\/i0.wp.com\/noticiasribeiraopreto.com.br\/wp-content\/uploads\/2026\/07\/roubo-3.jpg?fit=1200%2C675&ssl=1&resize=525%2C300 1.5x, https:\/\/i0.wp.com\/noticiasribeiraopreto.com.br\/wp-content\/uploads\/2026\/07\/roubo-3.jpg?fit=1200%2C675&ssl=1&resize=700%2C400 2x, https:\/\/i0.wp.com\/noticiasribeiraopreto.com.br\/wp-content\/uploads\/2026\/07\/roubo-3.jpg?fit=1200%2C675&ssl=1&resize=1050%2C600 3x"},"classes":[]},{"id":88683,"url":"https:\/\/noticiasribeiraopreto.com.br\/index.php\/2026\/07\/23\/certidao-de-obito-de-motorista-de-aplicativo-contradiz-versao-de-adolescentes-a-policia\/","url_meta":{"origin":88293,"position":3},"title":"Certid\u00e3o de \u00f3bito de motorista de aplicativo contradiz vers\u00e3o de adolescentes \u00e0 pol\u00edcia","author":"noticiasribeiraopreto.com.br","date":"23 de July de 2026","format":false,"excerpt":"A certid\u00e3o de \u00f3bito do motorista de aplicativo Jos\u00e9 Edson da Silva, de 43 anos, aponta traumatismo craniano como causa da morte. A informa\u00e7\u00e3o diverge da vers\u00e3o apresentada por tr\u00eas adolescentes investigados pelo crime, que relataram \u00e0 Pol\u00edcia Civil ter matado a v\u00edtima por meio de um golpe conhecido como\u2026","rel":"","context":"In &quot;Not\u00edcias de Ribeir\u00e3o Preto-SP e Regi\u00e3o&quot;","block_context":{"text":"Not\u00edcias de Ribeir\u00e3o Preto-SP e Regi\u00e3o","link":"https:\/\/noticiasribeiraopreto.com.br\/index.php\/category\/noticias-de-ribeirao-preto-sp-e-regiao-ismael-colosi\/"},"img":{"alt_text":"","src":"https:\/\/i0.wp.com\/noticiasribeiraopreto.com.br\/wp-content\/uploads\/2026\/07\/1784845855_agenda-cultural-2.png?fit=1200%2C675&ssl=1&resize=350%2C200","width":350,"height":200,"srcset":"https:\/\/i0.wp.com\/noticiasribeiraopreto.com.br\/wp-content\/uploads\/2026\/07\/1784845855_agenda-cultural-2.png?fit=1200%2C675&ssl=1&resize=350%2C200 1x, https:\/\/i0.wp.com\/noticiasribeiraopreto.com.br\/wp-content\/uploads\/2026\/07\/1784845855_agenda-cultural-2.png?fit=1200%2C675&ssl=1&resize=525%2C300 1.5x, https:\/\/i0.wp.com\/noticiasribeiraopreto.com.br\/wp-content\/uploads\/2026\/07\/1784845855_agenda-cultural-2.png?fit=1200%2C675&ssl=1&resize=700%2C400 2x, https:\/\/i0.wp.com\/noticiasribeiraopreto.com.br\/wp-content\/uploads\/2026\/07\/1784845855_agenda-cultural-2.png?fit=1200%2C675&ssl=1&resize=1050%2C600 3x"},"classes":[]},{"id":88433,"url":"https:\/\/noticiasribeiraopreto.com.br\/index.php\/2026\/07\/19\/quem-era-o-motorista-de-aplicativo-morto-durante-corrida-em-ribeirao-preto\/","url_meta":{"origin":88293,"position":4},"title":"Quem era o motorista de aplicativo morto durante corrida em Ribeir\u00e3o Preto","author":"noticiasribeiraopreto.com.br","date":"19 de July de 2026","format":false,"excerpt":"O motorista de aplicativo Jos\u00e9 Edson da Silva, de 43 anos, morto por tr\u00eas adolescentes durante uma corrida em Ribeir\u00e3o Preto, trabalhava com transporte de passageiros h\u00e1 cerca de tr\u00eas anos para complementar a renda da fam\u00edlia. Ele era morador de Sert\u00e3ozinho, casado h\u00e1 15 anos e pai de dois\u2026","rel":"","context":"In &quot;Not\u00edcias de Ribeir\u00e3o Preto-SP e Regi\u00e3o&quot;","block_context":{"text":"Not\u00edcias de Ribeir\u00e3o Preto-SP e Regi\u00e3o","link":"https:\/\/noticiasribeiraopreto.com.br\/index.php\/category\/noticias-de-ribeirao-preto-sp-e-regiao-ismael-colosi\/"},"img":{"alt_text":"","src":"https:\/\/i0.wp.com\/noticiasribeiraopreto.com.br\/wp-content\/uploads\/2026\/07\/1784500304_agenda-cultural-2.png?fit=1200%2C675&ssl=1&resize=350%2C200","width":350,"height":200,"srcset":"https:\/\/i0.wp.com\/noticiasribeiraopreto.com.br\/wp-content\/uploads\/2026\/07\/1784500304_agenda-cultural-2.png?fit=1200%2C675&ssl=1&resize=350%2C200 1x, https:\/\/i0.wp.com\/noticiasribeiraopreto.com.br\/wp-content\/uploads\/2026\/07\/1784500304_agenda-cultural-2.png?fit=1200%2C675&ssl=1&resize=525%2C300 1.5x, https:\/\/i0.wp.com\/noticiasribeiraopreto.com.br\/wp-content\/uploads\/2026\/07\/1784500304_agenda-cultural-2.png?fit=1200%2C675&ssl=1&resize=700%2C400 2x, https:\/\/i0.wp.com\/noticiasribeiraopreto.com.br\/wp-content\/uploads\/2026\/07\/1784500304_agenda-cultural-2.png?fit=1200%2C675&ssl=1&resize=1050%2C600 3x"},"classes":[]},{"id":88450,"url":"https:\/\/noticiasribeiraopreto.com.br\/index.php\/2026\/07\/20\/motociclista-bate-na-traseira-de-carro-estacionado-na-zona-sul-de-ribeirao-preto-video\/","url_meta":{"origin":88293,"position":5},"title":"Motociclista bate na traseira de carro estacionado na zona Sul de Ribeir\u00e3o Preto; V\u00eddeo","author":"noticiasribeiraopreto.com.br","date":"20 de July de 2026","format":false,"excerpt":"Ver essa foto no Instagram Um post compartilhado por acidade on Ribeir\u00e3o (@acidadeonribeirao) Um motociclista bateu na traseira de um carro estacionado na zona Sul de Ribeir\u00e3o Preto. A colis\u00e3o ocorreu na \u00faltima sexta-feira (17), na rua Dr. Francisco Augusto C\u00e9sar, no Jardim Iraj\u00e1. Receba not\u00edcias do\u00a0acidade on Ribeir\u00e3o\u00a0no WhatsApp\u2026","rel":"","context":"In &quot;Not\u00edcias de Ribeir\u00e3o Preto-SP e Regi\u00e3o&quot;","block_context":{"text":"Not\u00edcias de Ribeir\u00e3o Preto-SP e Regi\u00e3o","link":"https:\/\/noticiasribeiraopreto.com.br\/index.php\/category\/noticias-de-ribeirao-preto-sp-e-regiao-ismael-colosi\/"},"img":{"alt_text":"","src":"https:\/\/i0.wp.com\/noticiasribeiraopreto.com.br\/wp-content\/uploads\/2026\/07\/moto-1.jpg?fit=1200%2C652&ssl=1&resize=350%2C200","width":350,"height":200,"srcset":"https:\/\/i0.wp.com\/noticiasribeiraopreto.com.br\/wp-content\/uploads\/2026\/07\/moto-1.jpg?fit=1200%2C652&ssl=1&resize=350%2C200 1x, https:\/\/i0.wp.com\/noticiasribeiraopreto.com.br\/wp-content\/uploads\/2026\/07\/moto-1.jpg?fit=1200%2C652&ssl=1&resize=525%2C300 1.5x, https:\/\/i0.wp.com\/noticiasribeiraopreto.com.br\/wp-content\/uploads\/2026\/07\/moto-1.jpg?fit=1200%2C652&ssl=1&resize=700%2C400 2x, https:\/\/i0.wp.com\/noticiasribeiraopreto.com.br\/wp-content\/uploads\/2026\/07\/moto-1.jpg?fit=1200%2C652&ssl=1&resize=1050%2C600 3x"},"classes":[]}],"jetpack_sharing_enabled":true,"jetpack_shortlink":"https:\/\/wp.me\/peQAOb-mY5","jetpack_featured_media_url":"https:\/\/i0.wp.com\/noticiasribeiraopreto.com.br\/wp-content\/uploads\/2026\/07\/1784301348_agenda-cultural-2.png?fit=1200%2C675&ssl=1","_links":{"self":[{"href":"https:\/\/noticiasribeiraopreto.com.br\/index.php\/wp-json\/wp\/v2\/posts\/88293","targetHints":{"allow":["GET"]}}],"collection":[{"href":"https:\/\/noticiasribeiraopreto.com.br\/index.php\/wp-json\/wp\/v2\/posts"}],"about":[{"href":"https:\/\/noticiasribeiraopreto.com.br\/index.php\/wp-json\/wp\/v2\/types\/post"}],"author":[{"embeddable":true,"href":"https:\/\/noticiasribeiraopreto.com.br\/index.php\/wp-json\/wp\/v2\/users\/1"}],"replies":[{"embeddable":true,"href":"https:\/\/noticiasribeiraopreto.com.br\/index.php\/wp-json\/wp\/v2\/comments?post=88293"}],"version-history":[{"count":0,"href":"https:\/\/noticiasribeiraopreto.com.br\/index.php\/wp-json\/wp\/v2\/posts\/88293\/revisions"}],"wp:featuredmedia":[{"embeddable":true,"href":"https:\/\/noticiasribeiraopreto.com.br\/index.php\/wp-json\/wp\/v2\/media\/88294"}],"wp:attachment":[{"href":"https:\/\/noticiasribeiraopreto.com.br\/index.php\/wp-json\/wp\/v2\/media?parent=88293"}],"wp:term":[{"taxonomy":"category","embeddable":true,"href":"https:\/\/noticiasribeiraopreto.com.br\/index.php\/wp-json\/wp\/v2\/categories?post=88293"},{"taxonomy":"post_tag","embeddable":true,"href":"https:\/\/noticiasribeiraopreto.com.br\/index.php\/wp-json\/wp\/v2\/tags?post=88293"}],"curies":[{"name":"wp","href":"https:\/\/api.w.org\/{rel}","templated":true}]}}