{"id":88301,"date":"2026-07-17T13:19:38","date_gmt":"2026-07-17T16:19:38","guid":{"rendered":"https:\/\/noticiasribeiraopreto.com.br\/index.php\/2026\/07\/17\/adolescentes-confessam-o-assassinato-de-motorista-de-aplicativo\/"},"modified":"2026-07-17T13:19:38","modified_gmt":"2026-07-17T16:19:38","slug":"adolescentes-confessam-o-assassinato-de-motorista-de-aplicativo","status":"publish","type":"post","link":"https:\/\/noticiasribeiraopreto.com.br\/index.php\/2026\/07\/17\/adolescentes-confessam-o-assassinato-de-motorista-de-aplicativo\/","title":{"rendered":"Adolescentes confessam o assassinato de motorista de aplicativo"},"content":{"rendered":"<div class='code-block code-block-1' style='margin: 8px 0 8px auto; text-align: right; display: block; clear: both;'>\n<p><a href=\"https:\/\/wa.link\/vpicfd\"><img data-recalc-dims=\"1\" class=\"wp-image-4922\" style=\"aspect-ratio: 2.0253164556962027; width: 561px; height: auto;\" src=\"https:\/\/i0.wp.com\/ismaelcolosi.com.br\/wp-content\/uploads\/2023\/11\/grupo-de-empregos-whatsapp-e-facebook-ismael-colosi-vagas.jpg?ssl=1\" alt=\"\" \/><\/a><\/p>\n<!-- \/wp:image -->\n<\/div>\n<p> <br \/>\n<\/p>\n<div data-td-block-uid=\"tdi_142\">\n<div class=\"tdb-block-inner td-fix-index\">\n<p><strong>Tr\u00eas adolescentes, de 13, 14 e 16 anos,<\/strong>\u00a0foram apreendidos na manh\u00e3 desta sexta-feira (17)<strong> pelo assassinato do motorista de aplicativo Edson da Silva<\/strong>, de 43 anos. <strong>O crime aconteceu ter\u00e7a-feira (14).<\/strong><\/p>\n<p>O trio mirim estava no bairro Ribeir\u00e3o Verde quando foi solicitada uma corrida por aplicativo \u2013 com o objetivo de roubar o carro. Em seguida \u00e0 chegada do motorista no local, <strong>o bando assassinou a v\u00edtima, que teria sido arremessada pr\u00f3xima ao Rio Pardo, em seguida.<\/strong><\/p>\n<p>Ainda na data do crime, o<strong>s tr\u00eas sujeitos foram localizados em posse do carro da v\u00edtima<\/strong>. Foram abordados e alegaram, incialmente, a<strong> compra do ve\u00edculo por R$ 1.5 mil.<\/strong><\/p>\n<p>Mesmo diante da afirmativa, os tr\u00eas foram conduzidos \u00e0 delegacia, mas <strong>foram liberados em seguida aos respectivos depoimentos.<\/strong><\/p>\n<p>Por\u00e9m, diante do decorrer das investiga\u00e7\u00f5es pela <strong>DIG (Delegacia de Investiga\u00e7\u00f5es Gerais)<\/strong>, os agentes competentes apuraram a participa\u00e7\u00e3o dos adolescentes no crime. <strong>Os tr\u00eas foram apreendidos e devem dar entrada na Funda\u00e7\u00e3o Casa.<\/strong><\/p>\n<p>Edson era de Sert\u00e3ozinho, na regi\u00e3o metropolitana de Ribeir\u00e3o Preto, e estava desaparecido desde ter\u00e7a-feira.<\/p>\n<p>\u00a0<\/p>\n<\/div>\n<\/div>\n<p><br \/>\n<br \/><a href=\"https:\/\/thmais.com.br\/cidades\/ribeirao-preto\/adolescentes-confessam-o-assassinato-de-motorista-de-aplicativo\/\">Link para o texto original aqui <\/a><\/p>\n<!-- CONTENT END 1 -->\n","protected":false},"excerpt":{"rendered":"<p>Tr\u00eas adolescentes, de 13, 14 e 16 anos,\u00a0foram apreendidos na manh\u00e3 desta sexta-feira (17) pelo assassinato do motorista de aplicativo Edson da Silva, de 43&#8230;<\/p>\n","protected":false},"author":1,"featured_media":88302,"comment_status":"","ping_status":"","sticky":false,"template":"","format":"standard","meta":{"advanced_seo_description":"","jetpack_seo_html_title":"","jetpack_seo_noindex":false,"jetpack_seo_schema_type":"","_jetpack_newsletter_access":"","_jetpack_dont_email_post_to_subs":false,"_jetpack_newsletter_tier_id":0,"_jetpack_memberships_contains_paywalled_content":false,"_jetpack_feature_clip_id":0,"_jetpack_memberships_contains_paid_content":false,"footnotes":"","jetpack_publicize_message":"","jetpack_publicize_feature_enabled":true,"jetpack_social_post_already_shared":true,"jetpack_social_options":{"image_generator_settings":{"template":"highway","default_image_id":0,"font":"","enabled":false},"version":2},"jetpack_post_was_ever_published":false},"categories":[11],"tags":[2483,320,6023,7781,319,4686,20,6456],"class_list":["post-88301","post","type-post","status-publish","format-standard","has-post-thumbnail","hentry","category-noticias-de-ribeirao-preto-sp-e-regiao-ismael-colosi","tag-adolescentes","tag-aplicativo","tag-assassinato","tag-confessam","tag-motorista","tag-noticias","tag-policia","tag-ribeirao-preto"],"jetpack_publicize_connections":[],"jetpack-related-posts":[{"id":88293,"url":"https:\/\/noticiasribeiraopreto.com.br\/index.php\/2026\/07\/17\/adolescentes-confessam-morte-de-motorista-de-aplicativo-desaparecido-em-ribeirao-preto\/","url_meta":{"origin":88301,"position":0},"title":"Adolescentes confessam morte de motorista de aplicativo desaparecido em Ribeir\u00e3o Preto","author":"noticiasribeiraopreto.com.br","date":"17 de July de 2026","format":false,"excerpt":"Os tr\u00eas adolescentes encontrados com o carro do motorista de aplicativo Jos\u00e9 Edson da Silva, de 43 anos, confessaram ter matado a v\u00edtima. A informa\u00e7\u00e3o foi confirmada pela Pol\u00edcia Civil na manh\u00e3 desta sexta-feira (17). Segundo apura\u00e7\u00e3o da CBN Ribeir\u00e3o, os adolescentes, de 13, 14 e 16 anos, prestaram um\u2026","rel":"","context":"In &quot;Not\u00edcias de Ribeir\u00e3o Preto-SP e Regi\u00e3o&quot;","block_context":{"text":"Not\u00edcias de Ribeir\u00e3o Preto-SP e Regi\u00e3o","link":"https:\/\/noticiasribeiraopreto.com.br\/index.php\/category\/noticias-de-ribeirao-preto-sp-e-regiao-ismael-colosi\/"},"img":{"alt_text":"","src":"https:\/\/i0.wp.com\/noticiasribeiraopreto.com.br\/wp-content\/uploads\/2026\/07\/1784301348_agenda-cultural-2.png?fit=1200%2C675&ssl=1&resize=350%2C200","width":350,"height":200,"srcset":"https:\/\/i0.wp.com\/noticiasribeiraopreto.com.br\/wp-content\/uploads\/2026\/07\/1784301348_agenda-cultural-2.png?fit=1200%2C675&ssl=1&resize=350%2C200 1x, https:\/\/i0.wp.com\/noticiasribeiraopreto.com.br\/wp-content\/uploads\/2026\/07\/1784301348_agenda-cultural-2.png?fit=1200%2C675&ssl=1&resize=525%2C300 1.5x, https:\/\/i0.wp.com\/noticiasribeiraopreto.com.br\/wp-content\/uploads\/2026\/07\/1784301348_agenda-cultural-2.png?fit=1200%2C675&ssl=1&resize=700%2C400 2x, https:\/\/i0.wp.com\/noticiasribeiraopreto.com.br\/wp-content\/uploads\/2026\/07\/1784301348_agenda-cultural-2.png?fit=1200%2C675&ssl=1&resize=1050%2C600 3x"},"classes":[]},{"id":88310,"url":"https:\/\/noticiasribeiraopreto.com.br\/index.php\/2026\/07\/17\/adolescentes-confessam-matar-e-roubar-motorista-de-aplicativo-em-ribeirao-preto\/","url_meta":{"origin":88301,"position":1},"title":"Adolescentes confessam matar e roubar motorista de aplicativo em Ribeir\u00e3o Preto","author":"noticiasribeiraopreto.com.br","date":"17 de July de 2026","format":false,"excerpt":"\r \r \r 17 de julho de 2026 14:2217 de julho de 2026 14:25 \r Compartilhar0 Os tr\u00eas adolescentes, de 13, 14 e 16 anos, encontrados com o carro do motorista de aplicativo Jos\u00e9 Edson da Silva, de 43 anos, confessaram para Pol\u00edcia Civil ter matado e roubado o ve\u00edculo\u2026","rel":"","context":"In &quot;Not\u00edcias de Ribeir\u00e3o Preto-SP e Regi\u00e3o&quot;","block_context":{"text":"Not\u00edcias de Ribeir\u00e3o Preto-SP e Regi\u00e3o","link":"https:\/\/noticiasribeiraopreto.com.br\/index.php\/category\/noticias-de-ribeirao-preto-sp-e-regiao-ismael-colosi\/"},"img":{"alt_text":"","src":"https:\/\/i0.wp.com\/www.tribunaribeirao.com.br\/wp-content\/uploads\/2026\/07\/WhatsApp-Image-2026-07-17-at-11.57.09-300x200.jpeg?resize=350%2C200&ssl=1","width":350,"height":200},"classes":[]},{"id":88440,"url":"https:\/\/noticiasribeiraopreto.com.br\/index.php\/2026\/07\/20\/o-que-se-sabe-ate-agora-sobre-o-latrocinio-contra-motorista-de-aplicativo-em-ribeirao-preto\/","url_meta":{"origin":88301,"position":2},"title":"O que se sabe, at\u00e9 agora, sobre o latroc\u00ednio contra motorista de aplicativo em Ribeir\u00e3o Preto","author":"noticiasribeiraopreto.com.br","date":"20 de July de 2026","format":false,"excerpt":"Era ter\u00e7a-feira (14) quando o motorista de aplicativo, Jos\u00e9 Edson da Silva, atendeu um pedido de corrida com partida do bairro Ribeir\u00e3o Verde, localizado na zona Leste da cidade. No local, tr\u00eas adolescentes, de 13, 14 e 16 anos, aguardavam o trabalhador.Entraram no carro e, em seguida, anunciaram um assalto.\u2026","rel":"","context":"In &quot;Not\u00edcias de Ribeir\u00e3o Preto-SP e Regi\u00e3o&quot;","block_context":{"text":"Not\u00edcias de Ribeir\u00e3o Preto-SP e Regi\u00e3o","link":"https:\/\/noticiasribeiraopreto.com.br\/index.php\/category\/noticias-de-ribeirao-preto-sp-e-regiao-ismael-colosi\/"},"img":{"alt_text":"","src":"https:\/\/i0.wp.com\/noticiasribeiraopreto.com.br\/wp-content\/uploads\/2026\/07\/WhatsApp-Image-2026-07-20-at-07.27.15.jpeg?fit=753%2C707&ssl=1&resize=350%2C200","width":350,"height":200,"srcset":"https:\/\/i0.wp.com\/noticiasribeiraopreto.com.br\/wp-content\/uploads\/2026\/07\/WhatsApp-Image-2026-07-20-at-07.27.15.jpeg?fit=753%2C707&ssl=1&resize=350%2C200 1x, https:\/\/i0.wp.com\/noticiasribeiraopreto.com.br\/wp-content\/uploads\/2026\/07\/WhatsApp-Image-2026-07-20-at-07.27.15.jpeg?fit=753%2C707&ssl=1&resize=525%2C300 1.5x, https:\/\/i0.wp.com\/noticiasribeiraopreto.com.br\/wp-content\/uploads\/2026\/07\/WhatsApp-Image-2026-07-20-at-07.27.15.jpeg?fit=753%2C707&ssl=1&resize=700%2C400 2x"},"classes":[]},{"id":88683,"url":"https:\/\/noticiasribeiraopreto.com.br\/index.php\/2026\/07\/23\/certidao-de-obito-de-motorista-de-aplicativo-contradiz-versao-de-adolescentes-a-policia\/","url_meta":{"origin":88301,"position":3},"title":"Certid\u00e3o de \u00f3bito de motorista de aplicativo contradiz vers\u00e3o de adolescentes \u00e0 pol\u00edcia","author":"noticiasribeiraopreto.com.br","date":"23 de July de 2026","format":false,"excerpt":"A certid\u00e3o de \u00f3bito do motorista de aplicativo Jos\u00e9 Edson da Silva, de 43 anos, aponta traumatismo craniano como causa da morte. A informa\u00e7\u00e3o diverge da vers\u00e3o apresentada por tr\u00eas adolescentes investigados pelo crime, que relataram \u00e0 Pol\u00edcia Civil ter matado a v\u00edtima por meio de um golpe conhecido como\u2026","rel":"","context":"In &quot;Not\u00edcias de Ribeir\u00e3o Preto-SP e Regi\u00e3o&quot;","block_context":{"text":"Not\u00edcias de Ribeir\u00e3o Preto-SP e Regi\u00e3o","link":"https:\/\/noticiasribeiraopreto.com.br\/index.php\/category\/noticias-de-ribeirao-preto-sp-e-regiao-ismael-colosi\/"},"img":{"alt_text":"","src":"https:\/\/i0.wp.com\/noticiasribeiraopreto.com.br\/wp-content\/uploads\/2026\/07\/1784845855_agenda-cultural-2.png?fit=1200%2C675&ssl=1&resize=350%2C200","width":350,"height":200,"srcset":"https:\/\/i0.wp.com\/noticiasribeiraopreto.com.br\/wp-content\/uploads\/2026\/07\/1784845855_agenda-cultural-2.png?fit=1200%2C675&ssl=1&resize=350%2C200 1x, https:\/\/i0.wp.com\/noticiasribeiraopreto.com.br\/wp-content\/uploads\/2026\/07\/1784845855_agenda-cultural-2.png?fit=1200%2C675&ssl=1&resize=525%2C300 1.5x, https:\/\/i0.wp.com\/noticiasribeiraopreto.com.br\/wp-content\/uploads\/2026\/07\/1784845855_agenda-cultural-2.png?fit=1200%2C675&ssl=1&resize=700%2C400 2x, https:\/\/i0.wp.com\/noticiasribeiraopreto.com.br\/wp-content\/uploads\/2026\/07\/1784845855_agenda-cultural-2.png?fit=1200%2C675&ssl=1&resize=1050%2C600 3x"},"classes":[]},{"id":88477,"url":"https:\/\/noticiasribeiraopreto.com.br\/index.php\/2026\/07\/20\/adolescentes-que-mataram-motorista-de-aplicativo-vao-responder-por-ato-infracional\/","url_meta":{"origin":88301,"position":4},"title":"Adolescentes que mataram motorista de aplicativo v\u00e3o responder por ato infracional","author":"noticiasribeiraopreto.com.br","date":"20 de July de 2026","format":false,"excerpt":"Os tr\u00eas adolescentes, de 13, 14 e 16 anos, que confessaram o assassinato do motorista de aplicativo Jos\u00e9 Edson da Silva, em Ribeir\u00e3o Preto, v\u00e3o responder por ato infracional an\u00e1logo a latroc\u00ednio, crime de roubo seguido de morte, al\u00e9m de oculta\u00e7\u00e3o de cad\u00e1ver. A Justi\u00e7a determinou a interna\u00e7\u00e3o provis\u00f3ria dos\u2026","rel":"","context":"In &quot;Not\u00edcias de Ribeir\u00e3o Preto-SP e Regi\u00e3o&quot;","block_context":{"text":"Not\u00edcias de Ribeir\u00e3o Preto-SP e Regi\u00e3o","link":"https:\/\/noticiasribeiraopreto.com.br\/index.php\/category\/noticias-de-ribeirao-preto-sp-e-regiao-ismael-colosi\/"},"img":{"alt_text":"","src":"https:\/\/i0.wp.com\/noticiasribeiraopreto.com.br\/wp-content\/uploads\/2026\/07\/1784573877_agenda-cultural-2.png?fit=1200%2C675&ssl=1&resize=350%2C200","width":350,"height":200,"srcset":"https:\/\/i0.wp.com\/noticiasribeiraopreto.com.br\/wp-content\/uploads\/2026\/07\/1784573877_agenda-cultural-2.png?fit=1200%2C675&ssl=1&resize=350%2C200 1x, https:\/\/i0.wp.com\/noticiasribeiraopreto.com.br\/wp-content\/uploads\/2026\/07\/1784573877_agenda-cultural-2.png?fit=1200%2C675&ssl=1&resize=525%2C300 1.5x, https:\/\/i0.wp.com\/noticiasribeiraopreto.com.br\/wp-content\/uploads\/2026\/07\/1784573877_agenda-cultural-2.png?fit=1200%2C675&ssl=1&resize=700%2C400 2x, https:\/\/i0.wp.com\/noticiasribeiraopreto.com.br\/wp-content\/uploads\/2026\/07\/1784573877_agenda-cultural-2.png?fit=1200%2C675&ssl=1&resize=1050%2C600 3x"},"classes":[]},{"id":88433,"url":"https:\/\/noticiasribeiraopreto.com.br\/index.php\/2026\/07\/19\/quem-era-o-motorista-de-aplicativo-morto-durante-corrida-em-ribeirao-preto\/","url_meta":{"origin":88301,"position":5},"title":"Quem era o motorista de aplicativo morto durante corrida em Ribeir\u00e3o Preto","author":"noticiasribeiraopreto.com.br","date":"19 de July de 2026","format":false,"excerpt":"O motorista de aplicativo Jos\u00e9 Edson da Silva, de 43 anos, morto por tr\u00eas adolescentes durante uma corrida em Ribeir\u00e3o Preto, trabalhava com transporte de passageiros h\u00e1 cerca de tr\u00eas anos para complementar a renda da fam\u00edlia. Ele era morador de Sert\u00e3ozinho, casado h\u00e1 15 anos e pai de dois\u2026","rel":"","context":"In &quot;Not\u00edcias de Ribeir\u00e3o Preto-SP e Regi\u00e3o&quot;","block_context":{"text":"Not\u00edcias de Ribeir\u00e3o Preto-SP e Regi\u00e3o","link":"https:\/\/noticiasribeiraopreto.com.br\/index.php\/category\/noticias-de-ribeirao-preto-sp-e-regiao-ismael-colosi\/"},"img":{"alt_text":"","src":"https:\/\/i0.wp.com\/noticiasribeiraopreto.com.br\/wp-content\/uploads\/2026\/07\/1784500304_agenda-cultural-2.png?fit=1200%2C675&ssl=1&resize=350%2C200","width":350,"height":200,"srcset":"https:\/\/i0.wp.com\/noticiasribeiraopreto.com.br\/wp-content\/uploads\/2026\/07\/1784500304_agenda-cultural-2.png?fit=1200%2C675&ssl=1&resize=350%2C200 1x, https:\/\/i0.wp.com\/noticiasribeiraopreto.com.br\/wp-content\/uploads\/2026\/07\/1784500304_agenda-cultural-2.png?fit=1200%2C675&ssl=1&resize=525%2C300 1.5x, https:\/\/i0.wp.com\/noticiasribeiraopreto.com.br\/wp-content\/uploads\/2026\/07\/1784500304_agenda-cultural-2.png?fit=1200%2C675&ssl=1&resize=700%2C400 2x, https:\/\/i0.wp.com\/noticiasribeiraopreto.com.br\/wp-content\/uploads\/2026\/07\/1784500304_agenda-cultural-2.png?fit=1200%2C675&ssl=1&resize=1050%2C600 3x"},"classes":[]}],"jetpack_sharing_enabled":true,"jetpack_shortlink":"https:\/\/wp.me\/peQAOb-mYd","jetpack_featured_media_url":"https:\/\/i0.wp.com\/noticiasribeiraopreto.com.br\/wp-content\/uploads\/2026\/07\/mulher-e-ameacada-por-namorado-dentro-da-delegacia.jpeg?fit=1040%2C780&ssl=1","_links":{"self":[{"href":"https:\/\/noticiasribeiraopreto.com.br\/index.php\/wp-json\/wp\/v2\/posts\/88301","targetHints":{"allow":["GET"]}}],"collection":[{"href":"https:\/\/noticiasribeiraopreto.com.br\/index.php\/wp-json\/wp\/v2\/posts"}],"about":[{"href":"https:\/\/noticiasribeiraopreto.com.br\/index.php\/wp-json\/wp\/v2\/types\/post"}],"author":[{"embeddable":true,"href":"https:\/\/noticiasribeiraopreto.com.br\/index.php\/wp-json\/wp\/v2\/users\/1"}],"replies":[{"embeddable":true,"href":"https:\/\/noticiasribeiraopreto.com.br\/index.php\/wp-json\/wp\/v2\/comments?post=88301"}],"version-history":[{"count":0,"href":"https:\/\/noticiasribeiraopreto.com.br\/index.php\/wp-json\/wp\/v2\/posts\/88301\/revisions"}],"wp:featuredmedia":[{"embeddable":true,"href":"https:\/\/noticiasribeiraopreto.com.br\/index.php\/wp-json\/wp\/v2\/media\/88302"}],"wp:attachment":[{"href":"https:\/\/noticiasribeiraopreto.com.br\/index.php\/wp-json\/wp\/v2\/media?parent=88301"}],"wp:term":[{"taxonomy":"category","embeddable":true,"href":"https:\/\/noticiasribeiraopreto.com.br\/index.php\/wp-json\/wp\/v2\/categories?post=88301"},{"taxonomy":"post_tag","embeddable":true,"href":"https:\/\/noticiasribeiraopreto.com.br\/index.php\/wp-json\/wp\/v2\/tags?post=88301"}],"curies":[{"name":"wp","href":"https:\/\/api.w.org\/{rel}","templated":true}]}}