{"id":88368,"date":"2026-07-18T11:27:13","date_gmt":"2026-07-18T14:27:13","guid":{"rendered":"https:\/\/noticiasribeiraopreto.com.br\/index.php\/2026\/07\/18\/ribeirao-preto-intensifica-acoes-de-prevencao-ao-sarampo\/"},"modified":"2026-07-18T11:27:13","modified_gmt":"2026-07-18T14:27:13","slug":"ribeirao-preto-intensifica-acoes-de-prevencao-ao-sarampo","status":"publish","type":"post","link":"https:\/\/noticiasribeiraopreto.com.br\/index.php\/2026\/07\/18\/ribeirao-preto-intensifica-acoes-de-prevencao-ao-sarampo\/","title":{"rendered":"Ribeir\u00e3o Preto intensifica a\u00e7\u00f5es de preven\u00e7\u00e3o ao sarampo"},"content":{"rendered":"<div class='code-block code-block-1' style='margin: 8px 0 8px auto; text-align: right; display: block; clear: both;'>\n<p><a href=\"https:\/\/wa.link\/vpicfd\"><img data-recalc-dims=\"1\" class=\"wp-image-4922\" style=\"aspect-ratio: 2.0253164556962027; width: 561px; height: auto;\" src=\"https:\/\/i0.wp.com\/ismaelcolosi.com.br\/wp-content\/uploads\/2023\/11\/grupo-de-empregos-whatsapp-e-facebook-ismael-colosi-vagas.jpg?ssl=1\" alt=\"\" \/><\/a><\/p>\n<!-- \/wp:image -->\n<\/div>\n<p> <br \/>\n<\/p>\n<div>\n<p>A <strong>Prefeitura de Ribeir\u00e3o Preto,<\/strong> por meio da Secretaria Municipal da Sa\u00fade, <strong>refor\u00e7ou as medidas de preven\u00e7\u00e3o e vigil\u00e2ncia contra o sarampo<\/strong>. Embora a cidade<strong> n\u00e3o registre casos confirmados desde 2020, a confirma\u00e7\u00e3o de ocorr\u00eancias no estado de S\u00e3o Paulo e o per\u00edodo de f\u00e9rias escolares, quando aumenta o fluxo de viagens nacionais e internacionais<\/strong>, levaram a Vigil\u00e2ncia em Sa\u00fade a intensificar as a\u00e7\u00f5es de monitoramento.<\/p>\n<p><strong>As medidas envolvem cinco frentes de atua\u00e7\u00e3o.<\/strong> A primeira \u00e9 a busca ativa e convoca\u00e7\u00e3o de crian\u00e7as menores de cinco anos com a vacina\u00e7\u00e3o em atraso, grupo mais suscet\u00edvel \u00e0s complica\u00e7\u00f5es da doen\u00e7a.<\/p>\n<p>A Secretaria da Sa\u00fade tamb\u00e9m encaminhou orienta\u00e7\u00f5es \u00e0s Comiss\u00f5es de Controle de Infec\u00e7\u00e3o Hospitalar (CCIHs) e aos Servi\u00e7os Especializados em Engenharia de Seguran\u00e7a e Medicina do Trabalho (SESMTs), <strong>refor\u00e7ando a necessidade de conferir e atualizar a vacina\u00e7\u00e3o dos profissionais da sa\u00fade.<\/strong><\/p>\n<p>Outra a\u00e7\u00e3o foi o envio de alerta \u00e0 rede de sa\u00fade para ampliar a identifica\u00e7\u00e3o precoce de casos suspeitos, refor\u00e7ando os protocolos de notifica\u00e7\u00e3o imediata, investiga\u00e7\u00e3o e isolamento dos pacientes.<\/p>\n<p>Al\u00e9m disso, <strong>todas as unidades de sa\u00fade foram orientadas a verificar a caderneta de vacina\u00e7\u00e3o durante os atendimentos,<\/strong> aproveitando cada contato com o paciente para atualizar as doses em atraso.<\/p>\n<p>\u201cO sarampo \u00e9 uma doen\u00e7a extremamente contagiosa. Se a cobertura vacinal diminuir, aumenta o risco de o v\u00edrus voltar a circular em uma cidade que est\u00e1 h\u00e1 anos sem registrar casos. Por isso, cada atendimento \u00e9 uma oportunidade de conferir a caderneta e garantir que a vacina\u00e7\u00e3o esteja em dia. A vacina continua sendo a forma mais eficaz de prote\u00e7\u00e3o\u201d, destaca a subsecret\u00e1ria de Vigil\u00e2ncia em Sa\u00fade, Luzia Marcia Romanholi Passos.<\/p>\n<p>A Secretaria Municipal da Sa\u00fade mant\u00e9m a vacina\u00e7\u00e3o de rotina em todas as unidades com sala de vacina e realiza monitoramento epidemiol\u00f3gico permanente para detectar rapidamente qualquer caso suspeito e impedir a circula\u00e7\u00e3o do v\u00edrus.<\/p>\n<h2>Esquema de vacina\u00e7\u00e3o<\/h2>\n<p>A prote\u00e7\u00e3o contra o sarampo \u00e9 feita pela <strong>vacina tr\u00edplice viral,<\/strong> que tamb\u00e9m protege contra caxumba e rub\u00e9ola. O imunizante est\u00e1 dispon\u00edvel gratuitamente nas 39 salas de vacina\u00e7\u00e3o do munic\u00edpio e segue o calend\u00e1rio do Minist\u00e9rio da Sa\u00fade:<\/p>\n<p><strong>Crian\u00e7as:<\/strong> primeira dose aos 12 meses (tr\u00edplice viral) e segunda dose aos 15 meses (tetra viral, que tamb\u00e9m protege contra a varicela);<br \/><strong>Pessoas de 1 a 29 anos:<\/strong> duas doses ao longo da vida;<br \/><strong>Pessoas de 30 a 59 anos:<\/strong> uma dose;<br \/><strong>Trabalhadores da sa\u00fade:<\/strong> duas doses, independentemente da idade.<\/p>\n<p>Quem tem d\u00favidas sobre o hist\u00f3rico de vacina\u00e7\u00e3o deve procurar a unidade de sa\u00fade mais pr\u00f3xima com a caderneta de vacina\u00e7\u00e3o. Na aus\u00eancia do comprovante, a recomenda\u00e7\u00e3o \u00e9 atualizar o esquema vacinal, conforme orienta\u00e7\u00e3o dos profissionais de sa\u00fade.<\/p>\n<\/div>\n<p><br \/>\n<br \/><a href=\"https:\/\/thmais.com.br\/cidades\/ribeirao-preto\/ribeirao-preto-intensifica-acoes-de-prevencao-ao-sarampo\/\">Link para o texto original aqui <\/a><\/p>\n<!-- CONTENT END 1 -->\n","protected":false},"excerpt":{"rendered":"<p>A Prefeitura de Ribeir\u00e3o Preto, por meio da Secretaria Municipal da Sa\u00fade, refor\u00e7ou as medidas de preven\u00e7\u00e3o e vigil\u00e2ncia contra o sarampo. Embora a cidade&#8230;<\/p>\n","protected":false},"author":1,"featured_media":88369,"comment_status":"","ping_status":"","sticky":false,"template":"","format":"standard","meta":{"advanced_seo_description":"","jetpack_seo_html_title":"","jetpack_seo_noindex":false,"jetpack_seo_schema_type":"","_jetpack_newsletter_access":"","_jetpack_dont_email_post_to_subs":false,"_jetpack_newsletter_tier_id":0,"_jetpack_memberships_contains_paywalled_content":false,"_jetpack_feature_clip_id":0,"_jetpack_memberships_contains_paid_content":false,"footnotes":"","jetpack_publicize_message":"","jetpack_publicize_feature_enabled":true,"jetpack_social_post_already_shared":true,"jetpack_social_options":{"image_generator_settings":{"template":"highway","default_image_id":0,"font":"","enabled":false},"version":2},"jetpack_post_was_ever_published":false},"categories":[11],"tags":[1459,6499,4686,27,1444,26,6456,7828],"class_list":["post-88368","post","type-post","status-publish","format-standard","has-post-thumbnail","hentry","category-noticias-de-ribeirao-preto-sp-e-regiao-ismael-colosi","tag-acoes","tag-intensifica","tag-noticias","tag-preto","tag-prevencao","tag-ribeirao","tag-ribeirao-preto","tag-sarampo"],"jetpack_publicize_connections":[],"jetpack-related-posts":[{"id":89707,"url":"https:\/\/noticiasribeiraopreto.com.br\/index.php\/2026\/08\/10\/secretaria-da-saude-reforca-importancia-da-vacinacao-contra-o-sarampo-em-ribeirao-preto\/","url_meta":{"origin":88368,"position":0},"title":"Secretaria da Sa\u00fade refor\u00e7a import\u00e2ncia da vacina\u00e7\u00e3o contra o sarampo em Ribeir\u00e3o Preto","author":"noticiasribeiraopreto.com.br","date":"10 de August de 2026","format":false,"excerpt":"A Prefeitura de Ribeir\u00e3o Preto, por meio da Secretaria Municipal da Sa\u00fade, refor\u00e7a a import\u00e2ncia de manter a vacina\u00e7\u00e3o contra o sarampo em dia. No munic\u00edpio, um levantamento da Vigil\u00e2ncia em Sa\u00fade identificou 31.551 pessoas entre 5 e 29 anos e 3.888 crian\u00e7as menores de 5 anos que ainda n\u00e3o\u2026","rel":"","context":"In &quot;Not\u00edcias de Ribeir\u00e3o Preto-SP e Regi\u00e3o&quot;","block_context":{"text":"Not\u00edcias de Ribeir\u00e3o Preto-SP e Regi\u00e3o","link":"https:\/\/noticiasribeiraopreto.com.br\/index.php\/category\/noticias-de-ribeirao-preto-sp-e-regiao-ismael-colosi\/"},"img":{"alt_text":"","src":"https:\/\/i0.wp.com\/noticiasribeiraopreto.com.br\/wp-content\/uploads\/2026\/08\/dia_d_vacinacao_01_02_26_-_foto_fernando_gonzaga_14.jpg?fit=1200%2C800&ssl=1&resize=350%2C200","width":350,"height":200,"srcset":"https:\/\/i0.wp.com\/noticiasribeiraopreto.com.br\/wp-content\/uploads\/2026\/08\/dia_d_vacinacao_01_02_26_-_foto_fernando_gonzaga_14.jpg?fit=1200%2C800&ssl=1&resize=350%2C200 1x, https:\/\/i0.wp.com\/noticiasribeiraopreto.com.br\/wp-content\/uploads\/2026\/08\/dia_d_vacinacao_01_02_26_-_foto_fernando_gonzaga_14.jpg?fit=1200%2C800&ssl=1&resize=525%2C300 1.5x, https:\/\/i0.wp.com\/noticiasribeiraopreto.com.br\/wp-content\/uploads\/2026\/08\/dia_d_vacinacao_01_02_26_-_foto_fernando_gonzaga_14.jpg?fit=1200%2C800&ssl=1&resize=700%2C400 2x, https:\/\/i0.wp.com\/noticiasribeiraopreto.com.br\/wp-content\/uploads\/2026\/08\/dia_d_vacinacao_01_02_26_-_foto_fernando_gonzaga_14.jpg?fit=1200%2C800&ssl=1&resize=1050%2C600 3x"},"classes":[]},{"id":85299,"url":"https:\/\/noticiasribeiraopreto.com.br\/index.php\/2026\/04\/28\/prefeitura-intensifica-acoes-de-prevencao-contra-acidentes-de-trabalho-ano-passado-56-morreram\/","url_meta":{"origin":88368,"position":1},"title":"Prefeitura intensifica a\u00e7\u00f5es de preven\u00e7\u00e3o contra acidentes de trabalho; Ano passado, 56 morreram &#8211; THMais","author":"noticiasribeiraopreto.com.br","date":"28 de April de 2026","format":false,"excerpt":"A Prefeitura de Ribeir\u00e3o Preto, atrav\u00e9s da Secretaria de Sa\u00fade, vem ampliando as a\u00e7\u00f5es de preven\u00e7\u00e3o contra acidentes de trabalho, durante a campanha Abril Verde, de preven\u00e7\u00e3o e orienta\u00e7\u00e3o para ambientes de trabalho mais seguros e saud\u00e1veis. Nesta ter\u00e7a-feira (28), as atividades de preven\u00e7\u00e3o s\u00e3o intensificadas em celebra\u00e7\u00e3o ao Dia\u2026","rel":"","context":"In &quot;Not\u00edcias de Ribeir\u00e3o Preto-SP e Regi\u00e3o&quot;","block_context":{"text":"Not\u00edcias de Ribeir\u00e3o Preto-SP e Regi\u00e3o","link":"https:\/\/noticiasribeiraopreto.com.br\/index.php\/category\/noticias-de-ribeirao-preto-sp-e-regiao-ismael-colosi\/"},"img":{"alt_text":"","src":"https:\/\/i0.wp.com\/noticiasribeiraopreto.com.br\/wp-content\/uploads\/2026\/04\/abril_verde-_cerest-1024x683.png?fit=1024%2C683&ssl=1&resize=350%2C200","width":350,"height":200,"srcset":"https:\/\/i0.wp.com\/noticiasribeiraopreto.com.br\/wp-content\/uploads\/2026\/04\/abril_verde-_cerest-1024x683.png?fit=1024%2C683&ssl=1&resize=350%2C200 1x, https:\/\/i0.wp.com\/noticiasribeiraopreto.com.br\/wp-content\/uploads\/2026\/04\/abril_verde-_cerest-1024x683.png?fit=1024%2C683&ssl=1&resize=525%2C300 1.5x, https:\/\/i0.wp.com\/noticiasribeiraopreto.com.br\/wp-content\/uploads\/2026\/04\/abril_verde-_cerest-1024x683.png?fit=1024%2C683&ssl=1&resize=700%2C400 2x"},"classes":[]},{"id":88517,"url":"https:\/\/noticiasribeiraopreto.com.br\/index.php\/2026\/07\/21\/saude-de-ribeirao-preto-promove-vacinacao-em-9-postos-sem-agendamento-veja-quando\/","url_meta":{"origin":88368,"position":2},"title":"Sa\u00fade de Ribeir\u00e3o Preto promove vacina\u00e7\u00e3o em 9 postos sem agendamento; Veja quando","author":"noticiasribeiraopreto.com.br","date":"21 de July de 2026","format":false,"excerpt":"A Secretaria Municipal da Sa\u00fade de Ribeir\u00e3o Preto ir\u00e1 realizar uma a\u00e7\u00e3o especial de vacina\u00e7\u00e3o em nove unidades da rede b\u00e1sica no pr\u00f3ximo s\u00e1bado (25), das 8h \u00e0s 16h30. Receba not\u00edcias do\u00a0acidade on Ribeir\u00e3o\u00a0no WhatsApp e fique por dentro de tudo! Basta acessar o link\u00a0aqui! Segundo a Sa\u00fade, todas as\u2026","rel":"","context":"In &quot;Not\u00edcias de Ribeir\u00e3o Preto-SP e Regi\u00e3o&quot;","block_context":{"text":"Not\u00edcias de Ribeir\u00e3o Preto-SP e Regi\u00e3o","link":"https:\/\/noticiasribeiraopreto.com.br\/index.php\/category\/noticias-de-ribeirao-preto-sp-e-regiao-ismael-colosi\/"},"img":{"alt_text":"","src":"https:\/\/i0.wp.com\/noticiasribeiraopreto.com.br\/wp-content\/uploads\/2026\/07\/dia_d_vacinacao_01_02_26_-_foto_fernando_gonzaga_14.jpg?fit=1200%2C800&ssl=1&resize=350%2C200","width":350,"height":200,"srcset":"https:\/\/i0.wp.com\/noticiasribeiraopreto.com.br\/wp-content\/uploads\/2026\/07\/dia_d_vacinacao_01_02_26_-_foto_fernando_gonzaga_14.jpg?fit=1200%2C800&ssl=1&resize=350%2C200 1x, https:\/\/i0.wp.com\/noticiasribeiraopreto.com.br\/wp-content\/uploads\/2026\/07\/dia_d_vacinacao_01_02_26_-_foto_fernando_gonzaga_14.jpg?fit=1200%2C800&ssl=1&resize=525%2C300 1.5x, https:\/\/i0.wp.com\/noticiasribeiraopreto.com.br\/wp-content\/uploads\/2026\/07\/dia_d_vacinacao_01_02_26_-_foto_fernando_gonzaga_14.jpg?fit=1200%2C800&ssl=1&resize=700%2C400 2x, https:\/\/i0.wp.com\/noticiasribeiraopreto.com.br\/wp-content\/uploads\/2026\/07\/dia_d_vacinacao_01_02_26_-_foto_fernando_gonzaga_14.jpg?fit=1200%2C800&ssl=1&resize=1050%2C600 3x"},"classes":[]},{"id":85711,"url":"https:\/\/noticiasribeiraopreto.com.br\/index.php\/2026\/05\/15\/saude-registra-queda-nas-notificacoes-de-hepatite-a-apos-reforco-das-acoes-de-monitoramento-e-prevencao\/","url_meta":{"origin":88368,"position":3},"title":"Sa\u00fade registra queda nas notifica\u00e7\u00f5es de hepatite A ap\u00f3s refor\u00e7o das a\u00e7\u00f5es de monitoramento e preven\u00e7\u00e3o &#8211; THMais","author":"noticiasribeiraopreto.com.br","date":"15 de May de 2026","format":false,"excerpt":"A Prefeitura de Ribeir\u00e3o Preto, por meio da Secretaria Municipal da Sa\u00fade, informa que os casos notificados de hepatite A no munic\u00edpio apresentam tend\u00eancia de queda nas \u00faltimas semanas, ap\u00f3s o pico registrado no in\u00edcio de abril. Apesar da redu\u00e7\u00e3o, a pasta mant\u00e9m o monitoramento cont\u00ednuo da doen\u00e7a e refor\u00e7a\u2026","rel":"","context":"In &quot;Not\u00edcias de Ribeir\u00e3o Preto-SP e Regi\u00e3o&quot;","block_context":{"text":"Not\u00edcias de Ribeir\u00e3o Preto-SP e Regi\u00e3o","link":"https:\/\/noticiasribeiraopreto.com.br\/index.php\/category\/noticias-de-ribeirao-preto-sp-e-regiao-ismael-colosi\/"},"img":{"alt_text":"","src":"https:\/\/i0.wp.com\/noticiasribeiraopreto.com.br\/wp-content\/uploads\/2026\/05\/quedahepatite_02.jpg?fit=1000%2C666&ssl=1&resize=350%2C200","width":350,"height":200,"srcset":"https:\/\/i0.wp.com\/noticiasribeiraopreto.com.br\/wp-content\/uploads\/2026\/05\/quedahepatite_02.jpg?fit=1000%2C666&ssl=1&resize=350%2C200 1x, https:\/\/i0.wp.com\/noticiasribeiraopreto.com.br\/wp-content\/uploads\/2026\/05\/quedahepatite_02.jpg?fit=1000%2C666&ssl=1&resize=525%2C300 1.5x, https:\/\/i0.wp.com\/noticiasribeiraopreto.com.br\/wp-content\/uploads\/2026\/05\/quedahepatite_02.jpg?fit=1000%2C666&ssl=1&resize=700%2C400 2x"},"classes":[]},{"id":26616,"url":"https:\/\/noticiasribeiraopreto.com.br\/index.php\/2024\/01\/10\/saude-investiga-morte-de-crianca-por-dengue-no-hc-de-ribeirao-preto\/","url_meta":{"origin":88368,"position":4},"title":"Sa\u00fade investiga morte de crian\u00e7a por dengue no HC de Ribeir\u00e3o Preto","author":"noticiasribeiraopreto.com.br","date":"10 de January de 2024","format":false,"excerpt":"A Secretaria da Sa\u00fade de Brodowski, na regi\u00e3o de Ribeir\u00e3o Preto, investiga a morte de uma crian\u00e7a de apenas 7 anos por dengue hemorr\u00e1gica. A v\u00edtima estava internada no Hospital das Cl\u00ednicas de Ribeir\u00e3o Preto. A cidade est\u00e1 em alerta por causa da doen\u00e7a, j\u00e1 que foram confirmados mais de\u2026","rel":"","context":"In &quot;Not\u00edcias de Ribeir\u00e3o Preto-SP e Regi\u00e3o&quot;","block_context":{"text":"Not\u00edcias de Ribeir\u00e3o Preto-SP e Regi\u00e3o","link":"https:\/\/noticiasribeiraopreto.com.br\/index.php\/category\/noticias-de-ribeirao-preto-sp-e-regiao-ismael-colosi\/"},"img":{"alt_text":"","src":"https:\/\/i0.wp.com\/noticiasribeiraopreto.com.br\/wp-content\/uploads\/2024\/01\/mosquito-213805_1280.jpg?fit=1200%2C800&ssl=1&resize=350%2C200","width":350,"height":200,"srcset":"https:\/\/i0.wp.com\/noticiasribeiraopreto.com.br\/wp-content\/uploads\/2024\/01\/mosquito-213805_1280.jpg?fit=1200%2C800&ssl=1&resize=350%2C200 1x, https:\/\/i0.wp.com\/noticiasribeiraopreto.com.br\/wp-content\/uploads\/2024\/01\/mosquito-213805_1280.jpg?fit=1200%2C800&ssl=1&resize=525%2C300 1.5x, https:\/\/i0.wp.com\/noticiasribeiraopreto.com.br\/wp-content\/uploads\/2024\/01\/mosquito-213805_1280.jpg?fit=1200%2C800&ssl=1&resize=700%2C400 2x, https:\/\/i0.wp.com\/noticiasribeiraopreto.com.br\/wp-content\/uploads\/2024\/01\/mosquito-213805_1280.jpg?fit=1200%2C800&ssl=1&resize=1050%2C600 3x"},"classes":[]},{"id":82198,"url":"https:\/\/noticiasribeiraopreto.com.br\/index.php\/2026\/02\/07\/saude-de-ribeirao-preto-alerta-para-aumento-de-casos-de-hepatite-a\/","url_meta":{"origin":88368,"position":5},"title":"Sa\u00fade de Ribeir\u00e3o Preto alerta para aumento de casos de Hepatite A","author":"noticiasribeiraopreto.com.br","date":"7 de February de 2026","format":false,"excerpt":"A Secretaria Municipal de Sa\u00fade de Ribeir\u00e3o Preto informou, nesta sexta-feira (6), que intensificou as a\u00e7\u00f5es de preven\u00e7\u00e3o, vigil\u00e2ncia e controle da Hepatite A ap\u00f3s a confirma\u00e7\u00e3o de 32 casos da doen\u00e7a no m\u00eas de janeiro. A pasta disse que, como medida imediata, orientou todas as unidades a realizarem a\u2026","rel":"","context":"In &quot;Not\u00edcias de Ribeir\u00e3o Preto-SP e Regi\u00e3o&quot;","block_context":{"text":"Not\u00edcias de Ribeir\u00e3o Preto-SP e Regi\u00e3o","link":"https:\/\/noticiasribeiraopreto.com.br\/index.php\/category\/noticias-de-ribeirao-preto-sp-e-regiao-ismael-colosi\/"},"img":{"alt_text":"","src":"https:\/\/i0.wp.com\/noticiasribeiraopreto.com.br\/wp-content\/uploads\/2026\/02\/palace-49_2026-02-06_21-20-40.webp.webp?fit=1200%2C675&ssl=1&resize=350%2C200","width":350,"height":200,"srcset":"https:\/\/i0.wp.com\/noticiasribeiraopreto.com.br\/wp-content\/uploads\/2026\/02\/palace-49_2026-02-06_21-20-40.webp.webp?fit=1200%2C675&ssl=1&resize=350%2C200 1x, https:\/\/i0.wp.com\/noticiasribeiraopreto.com.br\/wp-content\/uploads\/2026\/02\/palace-49_2026-02-06_21-20-40.webp.webp?fit=1200%2C675&ssl=1&resize=525%2C300 1.5x, https:\/\/i0.wp.com\/noticiasribeiraopreto.com.br\/wp-content\/uploads\/2026\/02\/palace-49_2026-02-06_21-20-40.webp.webp?fit=1200%2C675&ssl=1&resize=700%2C400 2x, https:\/\/i0.wp.com\/noticiasribeiraopreto.com.br\/wp-content\/uploads\/2026\/02\/palace-49_2026-02-06_21-20-40.webp.webp?fit=1200%2C675&ssl=1&resize=1050%2C600 3x"},"classes":[]}],"jetpack_sharing_enabled":true,"jetpack_shortlink":"https:\/\/wp.me\/peQAOb-mZi","jetpack_featured_media_url":"https:\/\/i0.wp.com\/noticiasribeiraopreto.com.br\/wp-content\/uploads\/2026\/07\/WhatsApp-Image-2026-07-17-at-13.37.08.jpeg?fit=1600%2C1064&ssl=1","_links":{"self":[{"href":"https:\/\/noticiasribeiraopreto.com.br\/index.php\/wp-json\/wp\/v2\/posts\/88368","targetHints":{"allow":["GET"]}}],"collection":[{"href":"https:\/\/noticiasribeiraopreto.com.br\/index.php\/wp-json\/wp\/v2\/posts"}],"about":[{"href":"https:\/\/noticiasribeiraopreto.com.br\/index.php\/wp-json\/wp\/v2\/types\/post"}],"author":[{"embeddable":true,"href":"https:\/\/noticiasribeiraopreto.com.br\/index.php\/wp-json\/wp\/v2\/users\/1"}],"replies":[{"embeddable":true,"href":"https:\/\/noticiasribeiraopreto.com.br\/index.php\/wp-json\/wp\/v2\/comments?post=88368"}],"version-history":[{"count":0,"href":"https:\/\/noticiasribeiraopreto.com.br\/index.php\/wp-json\/wp\/v2\/posts\/88368\/revisions"}],"wp:featuredmedia":[{"embeddable":true,"href":"https:\/\/noticiasribeiraopreto.com.br\/index.php\/wp-json\/wp\/v2\/media\/88369"}],"wp:attachment":[{"href":"https:\/\/noticiasribeiraopreto.com.br\/index.php\/wp-json\/wp\/v2\/media?parent=88368"}],"wp:term":[{"taxonomy":"category","embeddable":true,"href":"https:\/\/noticiasribeiraopreto.com.br\/index.php\/wp-json\/wp\/v2\/categories?post=88368"},{"taxonomy":"post_tag","embeddable":true,"href":"https:\/\/noticiasribeiraopreto.com.br\/index.php\/wp-json\/wp\/v2\/tags?post=88368"}],"curies":[{"name":"wp","href":"https:\/\/api.w.org\/{rel}","templated":true}]}}