{"id":88390,"date":"2026-07-18T18:33:31","date_gmt":"2026-07-18T21:33:31","guid":{"rendered":"https:\/\/noticiasribeiraopreto.com.br\/index.php\/2026\/07\/18\/ultimo-adeus-familiares-e-amigos-se-despedem-de-motorista-de-aplicativo\/"},"modified":"2026-07-18T18:33:31","modified_gmt":"2026-07-18T21:33:31","slug":"ultimo-adeus-familiares-e-amigos-se-despedem-de-motorista-de-aplicativo","status":"publish","type":"post","link":"https:\/\/noticiasribeiraopreto.com.br\/index.php\/2026\/07\/18\/ultimo-adeus-familiares-e-amigos-se-despedem-de-motorista-de-aplicativo\/","title":{"rendered":"\u00daltimo adeus: Familiares e amigos se despedem de motorista de aplicativo"},"content":{"rendered":"<div class='code-block code-block-1' style='margin: 8px 0 8px auto; text-align: right; display: block; clear: both;'>\n<p><a href=\"https:\/\/wa.link\/vpicfd\"><img data-recalc-dims=\"1\" class=\"wp-image-4922\" style=\"aspect-ratio: 2.0253164556962027; width: 561px; height: auto;\" src=\"https:\/\/i0.wp.com\/ismaelcolosi.com.br\/wp-content\/uploads\/2023\/11\/grupo-de-empregos-whatsapp-e-facebook-ismael-colosi-vagas.jpg?ssl=1\" alt=\"\" \/><\/a><\/p>\n<!-- \/wp:image -->\n<\/div>\n<p> <br \/>\n<\/p>\n<div>\n<p><em>Carreata com homenagem ao motorista de aplicativo, v\u00edtima de latroc\u00ednio em Ribeir\u00e3o Preto, saiu com destino a Sert\u00e3ozinho onde v\u00edtima foi enterrada na tarde deste s\u00e1bado (18)<\/em><\/p>\n<p>Uma \u00faltima homenagem para o motorista de aplicativo, Jos\u00e9 Edson da Silva, de 43 anos, foi realizada na tarde deste s\u00e1bado (18) por familiares, amigos e colegas de profiss\u00e3o em Sert\u00e3ozinho. A carreata at\u00e9 o vel\u00f3rio foi marcada pelos aplausos, buzina\u00e7os e pedidos de justi\u00e7a de pessoas quem ainda tentam entender a trag\u00e9dia que abalou a regi\u00e3o.<\/p>\n<p>Jos\u00e9 \u00c9dson foi roubado e morto por tr\u00eas adolescentes, de 13, 14 e 16 anos, ap\u00f3s solicitarem uma corrida por um aplicativo para o complexo Ribeir\u00e3o Verde, em Ribeir\u00e3o Preto, na \u00faltima ter\u00e7a-feira (14). Os jovens confessaram \u00e0 pol\u00edcia que solicitaram a corrida para roubarem o carro do motorista, mas no trajeto imobilizaram a v\u00edtima com um golpe do tipo mata-le\u00e3o e depois abandonaram o corpo dele no Rio Pardo, tamb\u00e9m no bairro Ribeir\u00e3o Verde.<\/p>\n<p>Na tarde da \u00faltima sexta-feira (17), o corpo do motorista foi encontrado pelas equipes dos bombeiros no local indicado pelos adolescentes e depois foi encaminhado para o IML (Instituto M\u00e9dico Legal) para saber se ele morreu por causa do golpe aplicado pelos adolescentes ou se afogado porque a pol\u00edcia suspeita que o motorista possa ter sido jogado ainda vivo no rio.<\/p>\n<p>Os tr\u00eas adolescentes foram encaminhados \u00e0 Funda\u00e7\u00e3o Casa e como s\u00e3o menores de 18 anos, n\u00e3o respondem por crime, mas por ato infracional an\u00e1logo a latroc\u00ednio, que \u00e9 o roubo seguido de morte, e oculta\u00e7\u00e3o de cad\u00e1ver.<\/p>\n<p><\/p>\n<p>De acordo com o delegado da DIG (Delegacia de Investiga\u00e7\u00f5es Gerais), Andr\u00e9 Baldochi, o adolescente de 13 anos teria chamado o carro por um aplicativo usando a conta do padrasto e no trajeto ap\u00f3s o embarque, houve o an\u00fancio do roubo. Al\u00e9m disso, a suspeita da pol\u00edcia \u00e9 de que o jovem de 16 anos tenha aplicado um mata-le\u00e3o na v\u00edtima.<\/p>\n<p>Os adolescentes ainda usaram os cart\u00f5es da v\u00edtima ap\u00f3s o crime e um dos pagamentos, segundo o delegado, foi em um posto de combust\u00edveis onde abasteceram o ve\u00edculo do motorista.<\/p>\n<p>A corrida<br \/>Ainda de acordo com Baldochi, a corrida chamada pelos tr\u00eas adolescentes come\u00e7ou em uma rua do Jardim Salgado Filho, Zona Norte de Ribeir\u00e3o Preto.<\/p>\n<p>O destino era um restaurante a aproximadamente 600 metros de dist\u00e2ncia, mas no meio do caminho os passageiros teriam indicado um ponto de parada. O trecho do Rio Pardo em que o corpo foi deixado fica a menos de cinco quil\u00f4metros da regi\u00e3o.<\/p>\n<p>O Minist\u00e9rio P\u00fablico do Estado de S\u00e3o Paulo (MPSP) informou que o caso corre em segredo de Justi\u00e7a. Jos\u00e9 Edson trabalhava cadastrado como motorista da 99. Em nota, a empresa lamentou o caso e disse que se solidariza com a fam\u00edlia.<\/p>\n<p>\u201cAssim que o relato foi registrado em sua Central de Seguran\u00e7a, uma equipe especializada foi designada e busca contato com familiares do Jos\u00e9 Edson da Silva para oferecer acolhimento e informa\u00e7\u00f5es para o acionamento do seguro, que inclui atendimento psicol\u00f3gico e suporte para despesas funer\u00e1rias. A empresa segue \u00e0 disposi\u00e7\u00e3o para colaborar com as autoridades, se necess\u00e1rio\u201d, diz o texto.<\/p>\n<p><img data-recalc-dims=\"1\" loading=\"lazy\" decoding=\"async\" class=\"alignnone wp-image-470874 size-large lazyload\" src=\"https:\/\/i0.wp.com\/www.tribunaribeirao.com.br\/wp-content\/uploads\/2026\/07\/motorista-aplicativo-04-768x1024.jpeg?resize=768%2C1024&#038;ssl=1\" alt=\"\" width=\"768\" height=\"1024\" srcset=\"https:\/\/www.tribunaribeirao.com.br\/wp-content\/uploads\/2026\/07\/motorista-aplicativo-04-768x1024.jpeg 768w, https:\/\/www.tribunaribeirao.com.br\/wp-content\/uploads\/2026\/07\/motorista-aplicativo-04-225x300.jpeg 225w, https:\/\/www.tribunaribeirao.com.br\/wp-content\/uploads\/2026\/07\/motorista-aplicativo-04-1152x1536.jpeg 1152w, https:\/\/www.tribunaribeirao.com.br\/wp-content\/uploads\/2026\/07\/motorista-aplicativo-04-960x1280.jpeg 960w, https:\/\/www.tribunaribeirao.com.br\/wp-content\/uploads\/2026\/07\/motorista-aplicativo-04-300x400.jpeg 300w, https:\/\/www.tribunaribeirao.com.br\/wp-content\/uploads\/2026\/07\/motorista-aplicativo-04-585x780.jpeg 585w, https:\/\/www.tribunaribeirao.com.br\/wp-content\/uploads\/2026\/07\/motorista-aplicativo-04-scaled.jpeg 900w\" data-sizes=\"(max-width: 768px) 100vw, 768px\" style=\"--smush-placeholder-width: 768px; --smush-placeholder-aspect-ratio: 768\/1024;\"\/><\/p>\n<p>O motorista<br \/>Jos\u00e9 Edson era evang\u00e9lico e casado h\u00e1 15 anos com a auxiliar de cozinha, Cristiane Ferreira dos Santos, com quem tinha dois filhos de 11 e 13 anos. H\u00e1 tr\u00eas anos trabalhava como motorista de aplicativo para aumentar a renda da fam\u00edlia.<\/p>\n<p>A cunhada, Ros\u00e2ngela Ferreira dos Santos, conta que na \u00e9poca da safra de cana-de-a\u00e7\u00facar ele tamb\u00e9m atuava em usinas na regi\u00e3o em vagas abertas temporariamente.<\/p>\n<p>A parente afirma que os filhos, principalmente o mais novo, eram muito apegados ao pai e desde o desaparecimento a fam\u00edlia tentou disfar\u00e7ar a gravidade da situa\u00e7\u00e3o para os dois meninos.<\/p>\n<p>Ros\u00e2ngela tamb\u00e9m disse que a fam\u00edlia temia pela seguran\u00e7a dele, desde que come\u00e7ou a fazer corridas em Ribeir\u00e3o Preto.<\/p>\n<div style=\"background-color: #f4f4f5; border: 1px solid #d4d4d8; padding: 15px; margin: 20px 0; border-radius: 6px; font-family: sans-serif; line-height: 1.5;\">\n    <span style=\"color: #27272a;\">Inscreva-se em nosso Canal no Whatsapp e fique por dentro de tudo que acontece na regi\u00e3o. <\/span><br \/>\n    <a href=\"https:\/\/whatsapp.com\/channel\/0029VanuE2o7z4kYjo0XVS3u\" target=\"_blank\" rel=\"noopener noreferrer\" style=\"color: #16a34a; font-weight: bold; text-decoration: underline;\">Clique Aqui!<\/a>\n<\/div>\n<\/div>\n<p><br \/>\n<br \/><a href=\"https:\/\/www.tribunaribeirao.com.br\/ultimo-adeus-familiares-e-amigos-se-despedem-de-motorista-de-aplicativo\/\">Texto original daqui <\/a><\/p>\n<!-- CONTENT END 1 -->\n","protected":false},"excerpt":{"rendered":"<p>Carreata com homenagem ao motorista de aplicativo, v\u00edtima de latroc\u00ednio em Ribeir\u00e3o Preto, saiu com destino a Sert\u00e3ozinho onde v\u00edtima foi enterrada na tarde deste&#8230;<\/p>\n","protected":false},"author":1,"featured_media":88391,"comment_status":"","ping_status":"","sticky":false,"template":"","format":"standard","meta":{"advanced_seo_description":"","jetpack_seo_html_title":"","jetpack_seo_noindex":false,"jetpack_seo_schema_type":"","_jetpack_newsletter_access":"","_jetpack_dont_email_post_to_subs":false,"_jetpack_newsletter_tier_id":0,"_jetpack_memberships_contains_paywalled_content":false,"_jetpack_feature_clip_id":0,"_jetpack_memberships_contains_paid_content":false,"footnotes":"","jetpack_publicize_message":"","jetpack_publicize_feature_enabled":true,"jetpack_social_post_already_shared":true,"jetpack_social_options":{"image_generator_settings":{"template":"highway","default_image_id":0,"font":"","enabled":false},"version":2},"jetpack_post_was_ever_published":false},"categories":[11],"tags":[7466,2847,320,7839,7838,319,1977],"class_list":["post-88390","post","type-post","status-publish","format-standard","has-post-thumbnail","hentry","category-noticias-de-ribeirao-preto-sp-e-regiao-ismael-colosi","tag-adeus","tag-amigos","tag-aplicativo","tag-despedem","tag-familiares","tag-motorista","tag-ultimo"],"jetpack_publicize_connections":[],"jetpack-related-posts":[{"id":88560,"url":"https:\/\/noticiasribeiraopreto.com.br\/index.php\/2026\/07\/21\/laudo-contesta-versao-de-adolescentes-na-morte-de-jose-edson\/","url_meta":{"origin":88390,"position":0},"title":"Laudo contesta vers\u00e3o de adolescentes na morte de Jos\u00e9 Edson","author":"noticiasribeiraopreto.com.br","date":"21 de July de 2026","format":false,"excerpt":"\r \r \r 21 de julho de 2026 18:31 \r Compartilhar0 Certid\u00e3o de \u00f3bito aponta traumatismo craniano como causa da morte de motorista de aplicativoA informa\u00e7\u00e3o \u00e9 diferente da vers\u00e3o apresentada pelos tr\u00eas adolescentes suspeitos do crime A certid\u00e3o de \u00f3bito do motorista de aplicativo, Jos\u00e9 Edson da Silva, de\u2026","rel":"","context":"In &quot;Not\u00edcias de Ribeir\u00e3o Preto-SP e Regi\u00e3o&quot;","block_context":{"text":"Not\u00edcias de Ribeir\u00e3o Preto-SP e Regi\u00e3o","link":"https:\/\/noticiasribeiraopreto.com.br\/index.php\/category\/noticias-de-ribeirao-preto-sp-e-regiao-ismael-colosi\/"},"img":{"alt_text":"","src":"https:\/\/i0.wp.com\/noticiasribeiraopreto.com.br\/wp-content\/uploads\/2026\/07\/motorista-aplic.jpeg?fit=860%2C622&ssl=1&resize=350%2C200","width":350,"height":200,"srcset":"https:\/\/i0.wp.com\/noticiasribeiraopreto.com.br\/wp-content\/uploads\/2026\/07\/motorista-aplic.jpeg?fit=860%2C622&ssl=1&resize=350%2C200 1x, https:\/\/i0.wp.com\/noticiasribeiraopreto.com.br\/wp-content\/uploads\/2026\/07\/motorista-aplic.jpeg?fit=860%2C622&ssl=1&resize=525%2C300 1.5x, https:\/\/i0.wp.com\/noticiasribeiraopreto.com.br\/wp-content\/uploads\/2026\/07\/motorista-aplic.jpeg?fit=860%2C622&ssl=1&resize=700%2C400 2x"},"classes":[]},{"id":88440,"url":"https:\/\/noticiasribeiraopreto.com.br\/index.php\/2026\/07\/20\/o-que-se-sabe-ate-agora-sobre-o-latrocinio-contra-motorista-de-aplicativo-em-ribeirao-preto\/","url_meta":{"origin":88390,"position":1},"title":"O que se sabe, at\u00e9 agora, sobre o latroc\u00ednio contra motorista de aplicativo em Ribeir\u00e3o Preto","author":"noticiasribeiraopreto.com.br","date":"20 de July de 2026","format":false,"excerpt":"Era ter\u00e7a-feira (14) quando o motorista de aplicativo, Jos\u00e9 Edson da Silva, atendeu um pedido de corrida com partida do bairro Ribeir\u00e3o Verde, localizado na zona Leste da cidade. No local, tr\u00eas adolescentes, de 13, 14 e 16 anos, aguardavam o trabalhador.Entraram no carro e, em seguida, anunciaram um assalto.\u2026","rel":"","context":"In &quot;Not\u00edcias de Ribeir\u00e3o Preto-SP e Regi\u00e3o&quot;","block_context":{"text":"Not\u00edcias de Ribeir\u00e3o Preto-SP e Regi\u00e3o","link":"https:\/\/noticiasribeiraopreto.com.br\/index.php\/category\/noticias-de-ribeirao-preto-sp-e-regiao-ismael-colosi\/"},"img":{"alt_text":"","src":"https:\/\/i0.wp.com\/noticiasribeiraopreto.com.br\/wp-content\/uploads\/2026\/07\/WhatsApp-Image-2026-07-20-at-07.27.15.jpeg?fit=753%2C707&ssl=1&resize=350%2C200","width":350,"height":200,"srcset":"https:\/\/i0.wp.com\/noticiasribeiraopreto.com.br\/wp-content\/uploads\/2026\/07\/WhatsApp-Image-2026-07-20-at-07.27.15.jpeg?fit=753%2C707&ssl=1&resize=350%2C200 1x, https:\/\/i0.wp.com\/noticiasribeiraopreto.com.br\/wp-content\/uploads\/2026\/07\/WhatsApp-Image-2026-07-20-at-07.27.15.jpeg?fit=753%2C707&ssl=1&resize=525%2C300 1.5x, https:\/\/i0.wp.com\/noticiasribeiraopreto.com.br\/wp-content\/uploads\/2026\/07\/WhatsApp-Image-2026-07-20-at-07.27.15.jpeg?fit=753%2C707&ssl=1&resize=700%2C400 2x"},"classes":[]},{"id":88433,"url":"https:\/\/noticiasribeiraopreto.com.br\/index.php\/2026\/07\/19\/quem-era-o-motorista-de-aplicativo-morto-durante-corrida-em-ribeirao-preto\/","url_meta":{"origin":88390,"position":2},"title":"Quem era o motorista de aplicativo morto durante corrida em Ribeir\u00e3o Preto","author":"noticiasribeiraopreto.com.br","date":"19 de July de 2026","format":false,"excerpt":"O motorista de aplicativo Jos\u00e9 Edson da Silva, de 43 anos, morto por tr\u00eas adolescentes durante uma corrida em Ribeir\u00e3o Preto, trabalhava com transporte de passageiros h\u00e1 cerca de tr\u00eas anos para complementar a renda da fam\u00edlia. Ele era morador de Sert\u00e3ozinho, casado h\u00e1 15 anos e pai de dois\u2026","rel":"","context":"In &quot;Not\u00edcias de Ribeir\u00e3o Preto-SP e Regi\u00e3o&quot;","block_context":{"text":"Not\u00edcias de Ribeir\u00e3o Preto-SP e Regi\u00e3o","link":"https:\/\/noticiasribeiraopreto.com.br\/index.php\/category\/noticias-de-ribeirao-preto-sp-e-regiao-ismael-colosi\/"},"img":{"alt_text":"","src":"https:\/\/i0.wp.com\/noticiasribeiraopreto.com.br\/wp-content\/uploads\/2026\/07\/1784500304_agenda-cultural-2.png?fit=1200%2C675&ssl=1&resize=350%2C200","width":350,"height":200,"srcset":"https:\/\/i0.wp.com\/noticiasribeiraopreto.com.br\/wp-content\/uploads\/2026\/07\/1784500304_agenda-cultural-2.png?fit=1200%2C675&ssl=1&resize=350%2C200 1x, https:\/\/i0.wp.com\/noticiasribeiraopreto.com.br\/wp-content\/uploads\/2026\/07\/1784500304_agenda-cultural-2.png?fit=1200%2C675&ssl=1&resize=525%2C300 1.5x, https:\/\/i0.wp.com\/noticiasribeiraopreto.com.br\/wp-content\/uploads\/2026\/07\/1784500304_agenda-cultural-2.png?fit=1200%2C675&ssl=1&resize=700%2C400 2x, https:\/\/i0.wp.com\/noticiasribeiraopreto.com.br\/wp-content\/uploads\/2026\/07\/1784500304_agenda-cultural-2.png?fit=1200%2C675&ssl=1&resize=1050%2C600 3x"},"classes":[]},{"id":88332,"url":"https:\/\/noticiasribeiraopreto.com.br\/index.php\/2026\/07\/17\/corpo-de-motorista-de-aplicativo-e-encontrado-no-rio-pardo-em-ribeirao-preto\/","url_meta":{"origin":88390,"position":3},"title":"Corpo de motorista de aplicativo \u00e9 encontrado no Rio Pardo em Ribeir\u00e3o Preto","author":"noticiasribeiraopreto.com.br","date":"17 de July de 2026","format":false,"excerpt":"\r \r \r 17 de julho de 2026 16:33 \r Compartilhar0 O corpo do motorista de aplicativo, Jos\u00e9 Edson da Silva, de 43 anos, foi encontrado pelas equipes do Corpo de Bombeiros na tarde desta sexta-feira (17) no Rio Pardo, que fica no complexo Ribeir\u00e3o Verde, na zona leste de\u2026","rel":"","context":"In &quot;Not\u00edcias de Ribeir\u00e3o Preto-SP e Regi\u00e3o&quot;","block_context":{"text":"Not\u00edcias de Ribeir\u00e3o Preto-SP e Regi\u00e3o","link":"https:\/\/noticiasribeiraopreto.com.br\/index.php\/category\/noticias-de-ribeirao-preto-sp-e-regiao-ismael-colosi\/"},"img":{"alt_text":"","src":"https:\/\/i0.wp.com\/noticiasribeiraopreto.com.br\/wp-content\/uploads\/2026\/07\/WhatsApp-Image-2026-07-17-at-15.10.15-scaled.jpeg?fit=1040%2C780&ssl=1&resize=350%2C200","width":350,"height":200,"srcset":"https:\/\/i0.wp.com\/noticiasribeiraopreto.com.br\/wp-content\/uploads\/2026\/07\/WhatsApp-Image-2026-07-17-at-15.10.15-scaled.jpeg?fit=1040%2C780&ssl=1&resize=350%2C200 1x, https:\/\/i0.wp.com\/noticiasribeiraopreto.com.br\/wp-content\/uploads\/2026\/07\/WhatsApp-Image-2026-07-17-at-15.10.15-scaled.jpeg?fit=1040%2C780&ssl=1&resize=525%2C300 1.5x, https:\/\/i0.wp.com\/noticiasribeiraopreto.com.br\/wp-content\/uploads\/2026\/07\/WhatsApp-Image-2026-07-17-at-15.10.15-scaled.jpeg?fit=1040%2C780&ssl=1&resize=700%2C400 2x"},"classes":[]},{"id":88450,"url":"https:\/\/noticiasribeiraopreto.com.br\/index.php\/2026\/07\/20\/motociclista-bate-na-traseira-de-carro-estacionado-na-zona-sul-de-ribeirao-preto-video\/","url_meta":{"origin":88390,"position":4},"title":"Motociclista bate na traseira de carro estacionado na zona Sul de Ribeir\u00e3o Preto; V\u00eddeo","author":"noticiasribeiraopreto.com.br","date":"20 de July de 2026","format":false,"excerpt":"Ver essa foto no Instagram Um post compartilhado por acidade on Ribeir\u00e3o (@acidadeonribeirao) Um motociclista bateu na traseira de um carro estacionado na zona Sul de Ribeir\u00e3o Preto. A colis\u00e3o ocorreu na \u00faltima sexta-feira (17), na rua Dr. Francisco Augusto C\u00e9sar, no Jardim Iraj\u00e1. Receba not\u00edcias do\u00a0acidade on Ribeir\u00e3o\u00a0no WhatsApp\u2026","rel":"","context":"In &quot;Not\u00edcias de Ribeir\u00e3o Preto-SP e Regi\u00e3o&quot;","block_context":{"text":"Not\u00edcias de Ribeir\u00e3o Preto-SP e Regi\u00e3o","link":"https:\/\/noticiasribeiraopreto.com.br\/index.php\/category\/noticias-de-ribeirao-preto-sp-e-regiao-ismael-colosi\/"},"img":{"alt_text":"","src":"https:\/\/i0.wp.com\/noticiasribeiraopreto.com.br\/wp-content\/uploads\/2026\/07\/moto-1.jpg?fit=1200%2C652&ssl=1&resize=350%2C200","width":350,"height":200,"srcset":"https:\/\/i0.wp.com\/noticiasribeiraopreto.com.br\/wp-content\/uploads\/2026\/07\/moto-1.jpg?fit=1200%2C652&ssl=1&resize=350%2C200 1x, https:\/\/i0.wp.com\/noticiasribeiraopreto.com.br\/wp-content\/uploads\/2026\/07\/moto-1.jpg?fit=1200%2C652&ssl=1&resize=525%2C300 1.5x, https:\/\/i0.wp.com\/noticiasribeiraopreto.com.br\/wp-content\/uploads\/2026\/07\/moto-1.jpg?fit=1200%2C652&ssl=1&resize=700%2C400 2x, https:\/\/i0.wp.com\/noticiasribeiraopreto.com.br\/wp-content\/uploads\/2026\/07\/moto-1.jpg?fit=1200%2C652&ssl=1&resize=1050%2C600 3x"},"classes":[]},{"id":88326,"url":"https:\/\/noticiasribeiraopreto.com.br\/index.php\/2026\/07\/17\/corpo-de-motorista-de-aplicativo-desaparecido-e-localizado-no-rio-pardo\/","url_meta":{"origin":88390,"position":5},"title":"Corpo de motorista de aplicativo desaparecido \u00e9 localizado no Rio Pardo","author":"noticiasribeiraopreto.com.br","date":"17 de July de 2026","format":false,"excerpt":"O Corpo de Bombeiros encontrou, na tarde desta sexta-feira (17), o corpo do motorista de aplicativo Jos\u00e9 Edson da Silva, de 42 anos, no Rio Pardo, em Ribeir\u00e3o Preto. A equipe iniciou as buscas no trecho indicado pela Pol\u00edcia Civil. No segundo mergulho, cerca de 15 minutos ap\u00f3s o in\u00edcio\u2026","rel":"","context":"In &quot;Not\u00edcias de Ribeir\u00e3o Preto-SP e Regi\u00e3o&quot;","block_context":{"text":"Not\u00edcias de Ribeir\u00e3o Preto-SP e Regi\u00e3o","link":"https:\/\/noticiasribeiraopreto.com.br\/index.php\/category\/noticias-de-ribeirao-preto-sp-e-regiao-ismael-colosi\/"},"img":{"alt_text":"","src":"https:\/\/i0.wp.com\/noticiasribeiraopreto.com.br\/wp-content\/uploads\/2026\/07\/WhatsApp-Image-2026-07-17-at-15.00.37-1.jpeg?fit=1200%2C900&ssl=1&resize=350%2C200","width":350,"height":200,"srcset":"https:\/\/i0.wp.com\/noticiasribeiraopreto.com.br\/wp-content\/uploads\/2026\/07\/WhatsApp-Image-2026-07-17-at-15.00.37-1.jpeg?fit=1200%2C900&ssl=1&resize=350%2C200 1x, https:\/\/i0.wp.com\/noticiasribeiraopreto.com.br\/wp-content\/uploads\/2026\/07\/WhatsApp-Image-2026-07-17-at-15.00.37-1.jpeg?fit=1200%2C900&ssl=1&resize=525%2C300 1.5x, https:\/\/i0.wp.com\/noticiasribeiraopreto.com.br\/wp-content\/uploads\/2026\/07\/WhatsApp-Image-2026-07-17-at-15.00.37-1.jpeg?fit=1200%2C900&ssl=1&resize=700%2C400 2x, https:\/\/i0.wp.com\/noticiasribeiraopreto.com.br\/wp-content\/uploads\/2026\/07\/WhatsApp-Image-2026-07-17-at-15.00.37-1.jpeg?fit=1200%2C900&ssl=1&resize=1050%2C600 3x"},"classes":[]}],"jetpack_sharing_enabled":true,"jetpack_shortlink":"https:\/\/wp.me\/peQAOb-mZE","jetpack_featured_media_url":"https:\/\/i0.wp.com\/noticiasribeiraopreto.com.br\/wp-content\/uploads\/2026\/07\/motorista-aplicativo-capa-scaled.jpeg?fit=1040%2C780&ssl=1","_links":{"self":[{"href":"https:\/\/noticiasribeiraopreto.com.br\/index.php\/wp-json\/wp\/v2\/posts\/88390","targetHints":{"allow":["GET"]}}],"collection":[{"href":"https:\/\/noticiasribeiraopreto.com.br\/index.php\/wp-json\/wp\/v2\/posts"}],"about":[{"href":"https:\/\/noticiasribeiraopreto.com.br\/index.php\/wp-json\/wp\/v2\/types\/post"}],"author":[{"embeddable":true,"href":"https:\/\/noticiasribeiraopreto.com.br\/index.php\/wp-json\/wp\/v2\/users\/1"}],"replies":[{"embeddable":true,"href":"https:\/\/noticiasribeiraopreto.com.br\/index.php\/wp-json\/wp\/v2\/comments?post=88390"}],"version-history":[{"count":0,"href":"https:\/\/noticiasribeiraopreto.com.br\/index.php\/wp-json\/wp\/v2\/posts\/88390\/revisions"}],"wp:featuredmedia":[{"embeddable":true,"href":"https:\/\/noticiasribeiraopreto.com.br\/index.php\/wp-json\/wp\/v2\/media\/88391"}],"wp:attachment":[{"href":"https:\/\/noticiasribeiraopreto.com.br\/index.php\/wp-json\/wp\/v2\/media?parent=88390"}],"wp:term":[{"taxonomy":"category","embeddable":true,"href":"https:\/\/noticiasribeiraopreto.com.br\/index.php\/wp-json\/wp\/v2\/categories?post=88390"},{"taxonomy":"post_tag","embeddable":true,"href":"https:\/\/noticiasribeiraopreto.com.br\/index.php\/wp-json\/wp\/v2\/tags?post=88390"}],"curies":[{"name":"wp","href":"https:\/\/api.w.org\/{rel}","templated":true}]}}