{"id":88426,"date":"2026-07-19T17:30:32","date_gmt":"2026-07-19T20:30:32","guid":{"rendered":"https:\/\/noticiasribeiraopreto.com.br\/index.php\/2026\/07\/19\/rapper-de-ribeirao-e-selecionado-para-intercambio-artistico-em-mocambique\/"},"modified":"2026-07-19T17:30:32","modified_gmt":"2026-07-19T20:30:32","slug":"rapper-de-ribeirao-e-selecionado-para-intercambio-artistico-em-mocambique","status":"publish","type":"post","link":"https:\/\/noticiasribeiraopreto.com.br\/index.php\/2026\/07\/19\/rapper-de-ribeirao-e-selecionado-para-intercambio-artistico-em-mocambique\/","title":{"rendered":"Rapper de Ribeir\u00e3o \u00e9 selecionado para interc\u00e2mbio art\u00edstico em Mo\u00e7ambique"},"content":{"rendered":"<div class='code-block code-block-1' style='margin: 8px 0 8px auto; text-align: right; display: block; clear: both;'>\n<p><a href=\"https:\/\/wa.link\/vpicfd\"><img data-recalc-dims=\"1\" class=\"wp-image-4922\" style=\"aspect-ratio: 2.0253164556962027; width: 561px; height: auto;\" src=\"https:\/\/i0.wp.com\/ismaelcolosi.com.br\/wp-content\/uploads\/2023\/11\/grupo-de-empregos-whatsapp-e-facebook-ismael-colosi-vagas.jpg?ssl=1\" alt=\"\" \/><\/a><\/p>\n<!-- \/wp:image -->\n<\/div>\n<p> <br \/>\n<\/p>\n<p>O <strong>rapper, produtor cultural e pesquisador Vinicius Preto<\/strong> foi <strong>contemplado<\/strong> pela <strong>Bolsa Funarte<\/strong> (Funda\u00e7\u00e3o Nacional de Artes) de <strong>Mobilidade Art\u00edstica Internacional<\/strong> para partir em novembro para uma <strong>imers\u00e3o art\u00edstica<\/strong> em <strong>Maputo<\/strong>, <strong>capital<\/strong> de <strong>Mo\u00e7ambique<\/strong>.<\/p>\n<p><mark style=\"background-color:#fcb900\" class=\"has-inline-color\">O artista de <strong>Ribeir\u00e3o Preto<\/strong> parte para a \u00c1frica, para uma imers\u00e3o voltada \u00e0 troca de experi\u00eancias culturais, pesquisas, grava\u00e7\u00f5es e encontros com artistas locais.<\/mark><\/p>\n<figure class=\"wp-block-gallery has-nested-images columns-default is-cropped wp-block-gallery-1 is-layout-flex wp-block-gallery-is-layout-flex\">\n<figure class=\"wp-block-image size-large\"><figcaption class=\"wp-element-caption\">Rapper de Ribeir\u00e3o Preto \u00e9 selecionado pela Funarte para interc\u00e2mbio art\u00edstico em Mo\u00e7ambique &#8211; Foto: divulga\u00e7\u00e3o. <\/figcaption><\/figure>\n<figure class=\"wp-block-image size-large\"><img data-recalc-dims=\"1\" loading=\"lazy\" decoding=\"async\" width=\"1024\" height=\"548\" data-id=\"166340\" src=\"https:\/\/i0.wp.com\/www.acidadeon.com\/ribeiraopreto\/wp-content\/uploads\/sites\/3\/2026\/07\/capa-rapper-ribeirao-preto-em-mocambique-1024x548.jpeg?resize=1024%2C548&#038;ssl=1\" alt=\"rapper\" class=\"wp-image-166340\" title=\"Rapper de Ribeir\u00e3o \u00e9 selecionado para interc\u00e2mbio art\u00edstico em Mo\u00e7ambique 2\" \/><figcaption class=\"wp-element-caption\">Rapper de Ribeir\u00e3o Preto \u00e9 selecionado pela Funarte para interc\u00e2mbio art\u00edstico em Mo\u00e7ambique &#8211; Foto: divulga\u00e7\u00e3o. <\/figcaption><\/figure>\n<\/figure>\n<p class=\"has-cyan-bluish-gray-background-color has-background\"><em>Receba not\u00edcias do&nbsp;<strong>acidade on Ribeir\u00e3o&nbsp;<\/strong>no WhatsApp e fique por dentro de tudo! Basta acessar o link<a href=\"https:\/\/chat.whatsapp.com\/DfXwcjKVIddHUT3BvnQuPZ?mode=hqctshi\" target=\"_blank\" rel=\"noreferrer noopener\">&nbsp;aqu<\/a>i!<\/em><\/p>\n<h2 class=\"wp-block-heading\"><strong>Conex\u00e3o do rapper com artistas de Mo\u00e7ambique <\/strong><\/h2>\n<p>Vinicius j\u00e1 mant\u00e9m parcerias com artistas da cena mo\u00e7ambicana, como Tchembino, Leumer AKA Kharrymbo e IMBLGK. A imers\u00e3o dar\u00e1 origem ao projeto &#8220;Vinicius Preto: Da Quebrada \u00e0 Di\u00e1spora: Interc\u00e2mbio do Rap Brasileiro com Mo\u00e7ambique&#8221;.<\/p>\n<blockquote class=\"wp-block-quote is-layout-flow wp-block-quote-is-layout-flow\">\n<p>\u201cA m\u00fasica sempre foi uma ponte entre territ\u00f3rios e hist\u00f3rias. Estar em Mo\u00e7ambique representa a oportunidade de aprofundar conex\u00f5es que j\u00e1 venho construindo h\u00e1 anos atrav\u00e9s da arte e do hip-hop\u201d, afirma o artista.<\/p>\n<\/blockquote>\n<p>O projeto prev\u00ea uma s\u00e9rie de entregas, incluindo a produ\u00e7\u00e3o de m\u00fasicas in\u00e9ditas, registros audiovisuais, videoclipes e estudos que ser\u00e3o compartilhados com o p\u00fablico ap\u00f3s o retorno do artista ao Brasil.<\/p>\n<h2 class=\"wp-block-heading\"><strong>Sobre o artista<\/strong><\/h2>\n<p>Historiador, produtor cultural e Fundador do Zamba Rap Clube (2010), Vinicius Preto possui uma discografia, com mais de 70 m\u00fasicas lan\u00e7adas. Alguns dos destaques da carreira do rapper s\u00e3o o \u00e1lbum &#8220;Canto Negro (2019)&#8221;, o EP &#8220;Flores, Votos e Balas (2022)&#8221; e o recente projeto &#8220;Blues in Rap (2025)&#8221;.<\/p>\n<figure class=\"wp-block-gallery has-nested-images columns-default is-cropped wp-block-gallery-2 is-layout-flex wp-block-gallery-is-layout-flex\">\n<figure class=\"wp-block-image size-large\"><img data-recalc-dims=\"1\" loading=\"lazy\" decoding=\"async\" width=\"1024\" height=\"576\" data-id=\"166345\" src=\"https:\/\/i0.wp.com\/www.acidadeon.com\/ribeiraopreto\/wp-content\/uploads\/sites\/3\/2026\/07\/Rapper-de-Ribeirao-Preto-e-selecionado-para-intercambio-em-Mocambique-1024x576.jpeg?resize=1024%2C576&#038;ssl=1\" alt=\"rapper\" class=\"wp-image-166345\" title=\"Rapper de Ribeir\u00e3o \u00e9 selecionado para interc\u00e2mbio art\u00edstico em Mo\u00e7ambique 3\" \/><figcaption class=\"wp-element-caption\">\u00c1lbum &#8220;Canto Negro (2019)&#8221; &#8211; Imagem: divulga\u00e7\u00e3o.<\/figcaption><\/figure>\n<figure class=\"wp-block-image size-large\"><img data-recalc-dims=\"1\" loading=\"lazy\" decoding=\"async\" width=\"1024\" height=\"576\" data-id=\"166344\" src=\"https:\/\/i0.wp.com\/www.acidadeon.com\/ribeiraopreto\/wp-content\/uploads\/sites\/3\/2026\/07\/Rapper-de-Ribeirao-Preto-e-selecionado-para-intercambio-em-Mocambique-2-1024x576.jpeg?resize=1024%2C576&#038;ssl=1\" alt=\"rapper\" class=\"wp-image-166344\" title=\"Rapper de Ribeir\u00e3o \u00e9 selecionado para interc\u00e2mbio art\u00edstico em Mo\u00e7ambique 4\" \/><figcaption class=\"wp-element-caption\">EP &#8220;Flores, Votos e Balas (2022)&#8221; &#8211; Imagem: divulga\u00e7\u00e3o.<\/figcaption><\/figure>\n<figure class=\"wp-block-image size-large\"><img data-recalc-dims=\"1\" loading=\"lazy\" decoding=\"async\" width=\"1024\" height=\"576\" data-id=\"166343\" src=\"https:\/\/i0.wp.com\/www.acidadeon.com\/ribeiraopreto\/wp-content\/uploads\/sites\/3\/2026\/07\/Rapper-de-Ribeirao-Preto-e-selecionado-para-intercambio-em-Mocambique-3-1024x576.jpeg?resize=1024%2C576&#038;ssl=1\" alt=\"rapper\" class=\"wp-image-166343\" title=\"Rapper de Ribeir\u00e3o \u00e9 selecionado para interc\u00e2mbio art\u00edstico em Mo\u00e7ambique 5\" \/><figcaption class=\"wp-element-caption\">Projeto &#8220;Blues in Rap (2025)&#8221;<br \/> &#8211; Imagem: divulga\u00e7\u00e3o.<\/figcaption><\/figure>\n<\/figure>\n<p class=\"has-cyan-bluish-gray-background-color has-background\"><em>Fa\u00e7a uma den\u00fancia ou sugira uma reportagem sobre&nbsp;<strong>Ribeir\u00e3o Preto&nbsp;<\/strong>e regi\u00e3o por meio do WhatsApp do&nbsp;<strong>acidade on Ribeir\u00e3o<\/strong>: (16) 99117-7802.<\/em><\/p>\n<p>O post Rapper de Ribeir\u00e3o \u00e9 selecionado para interc\u00e2mbio art\u00edstico em Mo\u00e7ambique apareceu primeiro em ACidade ON Ribeir\u00e3o Preto.<\/p>\n<p><br \/>\n<br \/><a href=\"https:\/\/www.acidadeon.com\/ribeiraopreto\/lazer-e-cultura\/rapper-de-ribeirao-e-selecionado-para-intercambio-artistico-em-mocambique\/\">Link para o texto original aqui <\/a><\/p>\n<!-- CONTENT END 1 -->\n","protected":false},"excerpt":{"rendered":"<p>O rapper, produtor cultural e pesquisador Vinicius Preto foi contemplado pela Bolsa Funarte (Funda\u00e7\u00e3o Nacional de Artes) de Mobilidade Art\u00edstica Internacional para partir em novembro&#8230;<\/p>\n","protected":false},"author":1,"featured_media":88427,"comment_status":"","ping_status":"","sticky":false,"template":"","format":"standard","meta":{"advanced_seo_description":"","jetpack_seo_html_title":"","jetpack_seo_noindex":false,"jetpack_seo_schema_type":"","_jetpack_newsletter_access":"","_jetpack_dont_email_post_to_subs":false,"_jetpack_newsletter_tier_id":0,"_jetpack_memberships_contains_paywalled_content":false,"_jetpack_feature_clip_id":0,"_jetpack_memberships_contains_paid_content":false,"footnotes":"","jetpack_publicize_message":"","jetpack_publicize_feature_enabled":true,"jetpack_social_post_already_shared":true,"jetpack_social_options":{"image_generator_settings":{"template":"highway","default_image_id":0,"font":"","enabled":false},"version":2},"jetpack_post_was_ever_published":false},"categories":[11],"tags":[3418,7856,7857,71,7854,26,7855],"class_list":["post-88426","post","type-post","status-publish","format-standard","has-post-thumbnail","hentry","category-noticias-de-ribeirao-preto-sp-e-regiao-ismael-colosi","tag-artistico","tag-intercambio","tag-mocambique","tag-para","tag-rapper","tag-ribeirao","tag-selecionado"],"jetpack_publicize_connections":[],"jetpack-related-posts":[{"id":89872,"url":"https:\/\/noticiasribeiraopreto.com.br\/index.php\/2026\/08\/12\/projeto-promove-imersao-artistica-com-atividades-gratuitas-em-ribeirao-preto\/","url_meta":{"origin":88426,"position":0},"title":"Projeto promove imers\u00e3o art\u00edstica com atividades gratuitas em Ribeir\u00e3o Preto","author":"noticiasribeiraopreto.com.br","date":"12 de August de 2026","format":false,"excerpt":"O Centro Cultural Cer\u00e2mica S\u00e3o Luiz sedia at\u00e9 o m\u00eas de dezembro o projeto \u201cVivenciar a VivaCidade\u201d, em Ribeir\u00e3o Preto. A iniciativa busca realizar 33 atividades programadas e prop\u00f5e unir forma\u00e7\u00e3o art\u00edstica, apresenta\u00e7\u00f5es e resgate hist\u00f3rico e patrimonial. O projeto, que teve in\u00edcio em mar\u00e7o, promove o interc\u00e2mbio entre os\u2026","rel":"","context":"In &quot;Not\u00edcias de Ribeir\u00e3o Preto-SP e Regi\u00e3o&quot;","block_context":{"text":"Not\u00edcias de Ribeir\u00e3o Preto-SP e Regi\u00e3o","link":"https:\/\/noticiasribeiraopreto.com.br\/index.php\/category\/noticias-de-ribeirao-preto-sp-e-regiao-ismael-colosi\/"},"img":{"alt_text":"","src":"https:\/\/i0.wp.com\/noticiasribeiraopreto.com.br\/wp-content\/uploads\/2026\/08\/Projeto-Vivenciar-a-VivaCidade-promove-imersao-artistica-com-atividades-gratuitas-em-Ribeirao-Preto.jpeg?fit=1200%2C675&ssl=1&resize=350%2C200","width":350,"height":200,"srcset":"https:\/\/i0.wp.com\/noticiasribeiraopreto.com.br\/wp-content\/uploads\/2026\/08\/Projeto-Vivenciar-a-VivaCidade-promove-imersao-artistica-com-atividades-gratuitas-em-Ribeirao-Preto.jpeg?fit=1200%2C675&ssl=1&resize=350%2C200 1x, https:\/\/i0.wp.com\/noticiasribeiraopreto.com.br\/wp-content\/uploads\/2026\/08\/Projeto-Vivenciar-a-VivaCidade-promove-imersao-artistica-com-atividades-gratuitas-em-Ribeirao-Preto.jpeg?fit=1200%2C675&ssl=1&resize=525%2C300 1.5x, https:\/\/i0.wp.com\/noticiasribeiraopreto.com.br\/wp-content\/uploads\/2026\/08\/Projeto-Vivenciar-a-VivaCidade-promove-imersao-artistica-com-atividades-gratuitas-em-Ribeirao-Preto.jpeg?fit=1200%2C675&ssl=1&resize=700%2C400 2x, https:\/\/i0.wp.com\/noticiasribeiraopreto.com.br\/wp-content\/uploads\/2026\/08\/Projeto-Vivenciar-a-VivaCidade-promove-imersao-artistica-com-atividades-gratuitas-em-Ribeirao-Preto.jpeg?fit=1200%2C675&ssl=1&resize=1050%2C600 3x"},"classes":[]},{"id":83077,"url":"https:\/\/noticiasribeiraopreto.com.br\/index.php\/2026\/03\/08\/ribeirao-tera-evento-inedito-voltado-a-arte-e-a-literatura-negra\/","url_meta":{"origin":88426,"position":1},"title":"Ribeir\u00e3o ter\u00e1 evento in\u00e9dito voltado \u00e0 arte e \u00e0 literatura negra","author":"noticiasribeiraopreto.com.br","date":"8 de March de 2026","format":false,"excerpt":"\r \r \r 8 de mar\u00e7o de 2026 11:337 de mar\u00e7o de 2026 21:23 \r Compartilhar0 O Instituto Plural de Educa\u00e7\u00e3o e Cidadania Vila Bela apresentou, no \u00faltimo dia 26 de fevereiro, detalhes da programa\u00e7\u00e3o da Jornada Art\u00edstica e Liter\u00e1ria por Uma Educa\u00e7\u00e3o Plural, que ocorrer\u00e1 de 18 a 22\u2026","rel":"","context":"In &quot;Not\u00edcias de Ribeir\u00e3o Preto-SP e Regi\u00e3o&quot;","block_context":{"text":"Not\u00edcias de Ribeir\u00e3o Preto-SP e Regi\u00e3o","link":"https:\/\/noticiasribeiraopreto.com.br\/index.php\/category\/noticias-de-ribeirao-preto-sp-e-regiao-ismael-colosi\/"},"img":{"alt_text":"","src":"https:\/\/i0.wp.com\/noticiasribeiraopreto.com.br\/wp-content\/uploads\/2026\/03\/2-jornada_afro-1-scaled.jpeg?fit=1170%2C780&ssl=1&resize=350%2C200","width":350,"height":200,"srcset":"https:\/\/i0.wp.com\/noticiasribeiraopreto.com.br\/wp-content\/uploads\/2026\/03\/2-jornada_afro-1-scaled.jpeg?fit=1170%2C780&ssl=1&resize=350%2C200 1x, https:\/\/i0.wp.com\/noticiasribeiraopreto.com.br\/wp-content\/uploads\/2026\/03\/2-jornada_afro-1-scaled.jpeg?fit=1170%2C780&ssl=1&resize=525%2C300 1.5x, https:\/\/i0.wp.com\/noticiasribeiraopreto.com.br\/wp-content\/uploads\/2026\/03\/2-jornada_afro-1-scaled.jpeg?fit=1170%2C780&ssl=1&resize=700%2C400 2x, https:\/\/i0.wp.com\/noticiasribeiraopreto.com.br\/wp-content\/uploads\/2026\/03\/2-jornada_afro-1-scaled.jpeg?fit=1170%2C780&ssl=1&resize=1050%2C600 3x"},"classes":[]},{"id":74643,"url":"https:\/\/noticiasribeiraopreto.com.br\/index.php\/2025\/07\/26\/cultura-abre-inscricoes-para-festival-de-teatro-de-ribeirao\/","url_meta":{"origin":88426,"position":2},"title":"Cultura abre inscri\u00e7\u00f5es para Festival de Teatro de Ribeir\u00e3o","author":"noticiasribeiraopreto.com.br","date":"26 de July de 2025","format":false,"excerpt":"26 de julho de 2025 09:4225 de julho de 2025 23:457 Compartilhar0 A prefeitura de Ribeir\u00e3o Preto, por meio da Secretaria Municipal da Cultura e Turismo, anuncia a abertura das inscri\u00e7\u00f5es para a nona edi\u00e7\u00e3o do Festival Nacional de Teatro de Ribeir\u00e3o Preto, que ser\u00e1 realizada de 12 a 21\u2026","rel":"","context":"In &quot;Not\u00edcias de Ribeir\u00e3o Preto-SP e Regi\u00e3o&quot;","block_context":{"text":"Not\u00edcias de Ribeir\u00e3o Preto-SP e Regi\u00e3o","link":"https:\/\/noticiasribeiraopreto.com.br\/index.php\/category\/noticias-de-ribeirao-preto-sp-e-regiao-ismael-colosi\/"},"img":{"alt_text":"","src":"https:\/\/i0.wp.com\/noticiasribeiraopreto.com.br\/wp-content\/uploads\/2025\/07\/TeatroRPsite.jpg?fit=1000%2C666&ssl=1&resize=350%2C200","width":350,"height":200,"srcset":"https:\/\/i0.wp.com\/noticiasribeiraopreto.com.br\/wp-content\/uploads\/2025\/07\/TeatroRPsite.jpg?fit=1000%2C666&ssl=1&resize=350%2C200 1x, https:\/\/i0.wp.com\/noticiasribeiraopreto.com.br\/wp-content\/uploads\/2025\/07\/TeatroRPsite.jpg?fit=1000%2C666&ssl=1&resize=525%2C300 1.5x, https:\/\/i0.wp.com\/noticiasribeiraopreto.com.br\/wp-content\/uploads\/2025\/07\/TeatroRPsite.jpg?fit=1000%2C666&ssl=1&resize=700%2C400 2x"},"classes":[]},{"id":58398,"url":"https:\/\/noticiasribeiraopreto.com.br\/index.php\/2024\/09\/26\/estudantes-de-escola-publica-de-ribeirao-participam-de-intercambio-no-exterior\/","url_meta":{"origin":88426,"position":3},"title":"Estudantes de escola p\u00fablica de Ribeir\u00e3o participam de interc\u00e2mbio no exterior","author":"noticiasribeiraopreto.com.br","date":"26 de September de 2024","format":false,"excerpt":"O programa in\u00e9dito de interc\u00e2mbio do Governo do Estado de S\u00e3o Paulo, levar\u00e1 estudantes da rede estadual para Austr\u00e1lia, Canad\u00e1, Nova Zel\u00e2ndia e Reino Unido na primeira turma do Prontos pro Mundo. Na regi\u00e3o de Ribeir\u00e3o Preto, s\u00e3o 16 estudantes selecionados. O interc\u00e2mbio ter\u00e1 dura\u00e7\u00e3o de tr\u00eas meses, ser\u00e1 100%\u2026","rel":"","context":"In &quot;Not\u00edcias de Ribeir\u00e3o Preto-SP e Regi\u00e3o&quot;","block_context":{"text":"Not\u00edcias de Ribeir\u00e3o Preto-SP e Regi\u00e3o","link":"https:\/\/noticiasribeiraopreto.com.br\/index.php\/category\/noticias-de-ribeirao-preto-sp-e-regiao-ismael-colosi\/"},"img":{"alt_text":"","src":"https:\/\/i0.wp.com\/noticiasribeiraopreto.com.br\/wp-content\/uploads\/2024\/09\/Copia-de-Copia-de-Copia-de-TAMANHO-EXATO-PARA-FOTOS-NO-SISTEMA-NOVO-46_2024-09-26_14-52-20_png_2024-09-26_14-52-20.webp.webp?fit=1200%2C675&ssl=1&resize=350%2C200","width":350,"height":200,"srcset":"https:\/\/i0.wp.com\/noticiasribeiraopreto.com.br\/wp-content\/uploads\/2024\/09\/Copia-de-Copia-de-Copia-de-TAMANHO-EXATO-PARA-FOTOS-NO-SISTEMA-NOVO-46_2024-09-26_14-52-20_png_2024-09-26_14-52-20.webp.webp?fit=1200%2C675&ssl=1&resize=350%2C200 1x, https:\/\/i0.wp.com\/noticiasribeiraopreto.com.br\/wp-content\/uploads\/2024\/09\/Copia-de-Copia-de-Copia-de-TAMANHO-EXATO-PARA-FOTOS-NO-SISTEMA-NOVO-46_2024-09-26_14-52-20_png_2024-09-26_14-52-20.webp.webp?fit=1200%2C675&ssl=1&resize=525%2C300 1.5x, https:\/\/i0.wp.com\/noticiasribeiraopreto.com.br\/wp-content\/uploads\/2024\/09\/Copia-de-Copia-de-Copia-de-TAMANHO-EXATO-PARA-FOTOS-NO-SISTEMA-NOVO-46_2024-09-26_14-52-20_png_2024-09-26_14-52-20.webp.webp?fit=1200%2C675&ssl=1&resize=700%2C400 2x, https:\/\/i0.wp.com\/noticiasribeiraopreto.com.br\/wp-content\/uploads\/2024\/09\/Copia-de-Copia-de-Copia-de-TAMANHO-EXATO-PARA-FOTOS-NO-SISTEMA-NOVO-46_2024-09-26_14-52-20_png_2024-09-26_14-52-20.webp.webp?fit=1200%2C675&ssl=1&resize=1050%2C600 3x"},"classes":[]},{"id":89274,"url":"https:\/\/noticiasribeiraopreto.com.br\/index.php\/2026\/08\/02\/era-uma-vez-brasil-revela-estudantes-selecionados-para-intercambio\/","url_meta":{"origin":88426,"position":4},"title":"\u201cEra Uma Vez\u2026 Brasil\u201d revela estudantes selecionados para interc\u00e2mbio","author":"noticiasribeiraopreto.com.br","date":"2 de August de 2026","format":false,"excerpt":"Depois de meses investigando a hist\u00f3ria do Brasil, criando narrativas e transformando pesquisas em imagens, estudantes da rede p\u00fablica de Ribeir\u00e3o Preto, Serrana e Brodowski conhecer\u00e3o, no dia 4 de agosto, o desfecho de uma das etapas mais aguardadas do projeto \u201cEra Uma Vez\u2026 Brasil\u201d: a escolha dos 11 estudantes\u2026","rel":"","context":"In &quot;Not\u00edcias de Ribeir\u00e3o Preto-SP e Regi\u00e3o&quot;","block_context":{"text":"Not\u00edcias de Ribeir\u00e3o Preto-SP e Regi\u00e3o","link":"https:\/\/noticiasribeiraopreto.com.br\/index.php\/category\/noticias-de-ribeirao-preto-sp-e-regiao-ismael-colosi\/"},"img":{"alt_text":"","src":"https:\/\/i0.wp.com\/noticiasribeiraopreto.com.br\/wp-content\/uploads\/2026\/08\/1-scaled.jpg?fit=1040%2C780&ssl=1&resize=350%2C200","width":350,"height":200,"srcset":"https:\/\/i0.wp.com\/noticiasribeiraopreto.com.br\/wp-content\/uploads\/2026\/08\/1-scaled.jpg?fit=1040%2C780&ssl=1&resize=350%2C200 1x, https:\/\/i0.wp.com\/noticiasribeiraopreto.com.br\/wp-content\/uploads\/2026\/08\/1-scaled.jpg?fit=1040%2C780&ssl=1&resize=525%2C300 1.5x, https:\/\/i0.wp.com\/noticiasribeiraopreto.com.br\/wp-content\/uploads\/2026\/08\/1-scaled.jpg?fit=1040%2C780&ssl=1&resize=700%2C400 2x"},"classes":[]},{"id":39702,"url":"https:\/\/noticiasribeiraopreto.com.br\/index.php\/2024\/02\/27\/alunos-da-regiao-de-ribeirao-preto-passam-por-seletiva-para-intercambio\/","url_meta":{"origin":88426,"position":5},"title":"Alunos da regi\u00e3o de Ribeir\u00e3o Preto passam por seletiva para interc\u00e2mbio","author":"noticiasribeiraopreto.com.br","date":"27 de February de 2024","format":false,"excerpt":"O programa \u201cProntos pro Mundo\u201d do Governo do Estado de S\u00e3o Paulo selecionou 1.497 alunos da regi\u00e3o de Ribeir\u00e3o Preto para participarem de aulas intensivas de ingl\u00eas como prepara\u00e7\u00e3o para disputarem uma vaga para fazer interc\u00e2mbio em 2025. Dos 72 mil estudantes selecionados em todo estado, apenas 1.000 ser\u00e3o beneficiados\u2026","rel":"","context":"In &quot;Not\u00edcias de Ribeir\u00e3o Preto-SP e Regi\u00e3o&quot;","block_context":{"text":"Not\u00edcias de Ribeir\u00e3o Preto-SP e Regi\u00e3o","link":"https:\/\/noticiasribeiraopreto.com.br\/index.php\/category\/noticias-de-ribeirao-preto-sp-e-regiao-ismael-colosi\/"},"img":{"alt_text":"","src":"https:\/\/i0.wp.com\/noticiasribeiraopreto.com.br\/wp-content\/uploads\/2024\/02\/Copia-de-Copia-de-TAMANHO-EXATO-PARA-FOTOS-NO-SISTEMA-NOVO-17-1.jpg?fit=1200%2C675&ssl=1&resize=350%2C200","width":350,"height":200,"srcset":"https:\/\/i0.wp.com\/noticiasribeiraopreto.com.br\/wp-content\/uploads\/2024\/02\/Copia-de-Copia-de-TAMANHO-EXATO-PARA-FOTOS-NO-SISTEMA-NOVO-17-1.jpg?fit=1200%2C675&ssl=1&resize=350%2C200 1x, https:\/\/i0.wp.com\/noticiasribeiraopreto.com.br\/wp-content\/uploads\/2024\/02\/Copia-de-Copia-de-TAMANHO-EXATO-PARA-FOTOS-NO-SISTEMA-NOVO-17-1.jpg?fit=1200%2C675&ssl=1&resize=525%2C300 1.5x, https:\/\/i0.wp.com\/noticiasribeiraopreto.com.br\/wp-content\/uploads\/2024\/02\/Copia-de-Copia-de-TAMANHO-EXATO-PARA-FOTOS-NO-SISTEMA-NOVO-17-1.jpg?fit=1200%2C675&ssl=1&resize=700%2C400 2x, https:\/\/i0.wp.com\/noticiasribeiraopreto.com.br\/wp-content\/uploads\/2024\/02\/Copia-de-Copia-de-TAMANHO-EXATO-PARA-FOTOS-NO-SISTEMA-NOVO-17-1.jpg?fit=1200%2C675&ssl=1&resize=1050%2C600 3x"},"classes":[]}],"jetpack_sharing_enabled":true,"jetpack_shortlink":"https:\/\/wp.me\/peQAOb-n0e","jetpack_featured_media_url":"https:\/\/i0.wp.com\/noticiasribeiraopreto.com.br\/wp-content\/uploads\/2026\/07\/capa-rapper-ribeirao-preto-em-mocambique.jpeg?fit=1600%2C856&ssl=1","_links":{"self":[{"href":"https:\/\/noticiasribeiraopreto.com.br\/index.php\/wp-json\/wp\/v2\/posts\/88426","targetHints":{"allow":["GET"]}}],"collection":[{"href":"https:\/\/noticiasribeiraopreto.com.br\/index.php\/wp-json\/wp\/v2\/posts"}],"about":[{"href":"https:\/\/noticiasribeiraopreto.com.br\/index.php\/wp-json\/wp\/v2\/types\/post"}],"author":[{"embeddable":true,"href":"https:\/\/noticiasribeiraopreto.com.br\/index.php\/wp-json\/wp\/v2\/users\/1"}],"replies":[{"embeddable":true,"href":"https:\/\/noticiasribeiraopreto.com.br\/index.php\/wp-json\/wp\/v2\/comments?post=88426"}],"version-history":[{"count":0,"href":"https:\/\/noticiasribeiraopreto.com.br\/index.php\/wp-json\/wp\/v2\/posts\/88426\/revisions"}],"wp:featuredmedia":[{"embeddable":true,"href":"https:\/\/noticiasribeiraopreto.com.br\/index.php\/wp-json\/wp\/v2\/media\/88427"}],"wp:attachment":[{"href":"https:\/\/noticiasribeiraopreto.com.br\/index.php\/wp-json\/wp\/v2\/media?parent=88426"}],"wp:term":[{"taxonomy":"category","embeddable":true,"href":"https:\/\/noticiasribeiraopreto.com.br\/index.php\/wp-json\/wp\/v2\/categories?post=88426"},{"taxonomy":"post_tag","embeddable":true,"href":"https:\/\/noticiasribeiraopreto.com.br\/index.php\/wp-json\/wp\/v2\/tags?post=88426"}],"curies":[{"name":"wp","href":"https:\/\/api.w.org\/{rel}","templated":true}]}}