{"id":88430,"date":"2026-07-19T17:39:38","date_gmt":"2026-07-19T20:39:38","guid":{"rendered":"https:\/\/noticiasribeiraopreto.com.br\/index.php\/2026\/07\/19\/defesa-civil-emite-alerta-apos-umidade-do-ar-ficar-abaixo-de-30-veja-regioes-afetadas\/"},"modified":"2026-07-19T17:39:38","modified_gmt":"2026-07-19T20:39:38","slug":"defesa-civil-emite-alerta-apos-umidade-do-ar-ficar-abaixo-de-30-veja-regioes-afetadas","status":"publish","type":"post","link":"https:\/\/noticiasribeiraopreto.com.br\/index.php\/2026\/07\/19\/defesa-civil-emite-alerta-apos-umidade-do-ar-ficar-abaixo-de-30-veja-regioes-afetadas\/","title":{"rendered":"Defesa Civil emite alerta ap\u00f3s umidade do ar ficar abaixo de 30%; Veja regi\u00f5es afetadas"},"content":{"rendered":"<div class='code-block code-block-1' style='margin: 8px 0 8px auto; text-align: right; display: block; clear: both;'>\n<p><a href=\"https:\/\/wa.link\/vpicfd\"><img data-recalc-dims=\"1\" class=\"wp-image-4922\" style=\"aspect-ratio: 2.0253164556962027; width: 561px; height: auto;\" src=\"https:\/\/i0.wp.com\/ismaelcolosi.com.br\/wp-content\/uploads\/2023\/11\/grupo-de-empregos-whatsapp-e-facebook-ismael-colosi-vagas.jpg?ssl=1\" alt=\"\" \/><\/a><\/p>\n<!-- \/wp:image -->\n<\/div>\n<p> <br \/>\n<\/p>\n<p>A <strong>Defesa Civil do Estado de S\u00e3o Paulo<\/strong> emitiu uma <strong>s\u00e9rie de alertas via SMS <\/strong>para moradores do <strong>interior paulista<\/strong> neste domingo (19) ap\u00f3s a <strong>umidade relativa do ar ficar abaixo de 30%<\/strong> em diversas regi\u00f5es.<\/p>\n<p>Entre as \u00e1reas atingidas est\u00e3o munic\u00edpios pr\u00f3ximos a <strong>Ribeir\u00e3o Preto<\/strong>, <strong>Barretos <\/strong>e <strong>Prad\u00f3polis<\/strong>, al\u00e9m de outras cidades do estado \u2013 veja logo abaixo.<\/p>\n<figure class=\"wp-block-gallery has-nested-images columns-default is-cropped wp-block-gallery-5 is-layout-flex wp-block-gallery-is-layout-flex\">\n<figure class=\"wp-block-image size-large\"><img data-recalc-dims=\"1\" loading=\"lazy\" decoding=\"async\" width=\"1024\" height=\"576\" data-id=\"129549\" src=\"https:\/\/i0.wp.com\/www.acidadeon.com\/ribeiraopreto\/wp-content\/uploads\/sites\/3\/2025\/09\/Copia-de-Copia-de-Copia-de-TAMANHO-EXATO-PARA-FOTOS-NO-SISTEMA-NOVO-2025-09-18T151603.958_2025-09-18_18-16-10-1024x576.webp?resize=1024%2C576&#038;ssl=1\" alt=\"Defesa Civil alerta para baixa umidade do ar no interior de SP - Imagem: Marcelo Fontes\n\" class=\"wp-image-129549\" title=\"Defesa Civil emite alerta ap\u00f3s umidade do ar ficar abaixo de 30%; Veja regi\u00f5es afetadas 10\" \/><figcaption class=\"wp-element-caption\">Defesa Civil alerta para baixa umidade do ar no interior de SP &#8211; Imagem: Marcelo Fontes<\/figcaption><\/figure>\n<figure class=\"wp-block-image size-large\"><img data-recalc-dims=\"1\" loading=\"lazy\" decoding=\"async\" width=\"1024\" height=\"461\" data-id=\"120923\" src=\"https:\/\/i0.wp.com\/www.acidadeon.com\/ribeiraopreto\/wp-content\/uploads\/sites\/3\/2025\/06\/WhatsApp-Image-2025-06-26-at-11.22.54_2025-06-26_14-39-57-1024x461.webp?resize=1024%2C461&#038;ssl=1\" alt=\"Defesa Civil alerta para baixa umidade do ar no interior de SP - Imagem: Ricardo Canaveze.\n\" class=\"wp-image-120923\" title=\"Defesa Civil emite alerta ap\u00f3s umidade do ar ficar abaixo de 30%; Veja regi\u00f5es afetadas 11\" \/><figcaption class=\"wp-element-caption\">Defesa Civil alerta para baixa umidade do ar no interior de SP &#8211; Imagem: Ricardo Canaveze.<\/figcaption><\/figure>\n<\/figure>\n<p class=\"has-text-align-center has-cyan-bluish-gray-background-color has-background\"><em>Receba not\u00edcias do&nbsp;<strong>acidade on Ribeir\u00e3o&nbsp;<\/strong>no WhatsApp e fique por dentro de tudo! Basta acessar o link<a href=\"https:\/\/chat.whatsapp.com\/DfXwcjKVIddHUT3BvnQuPZ?mode=hqctshi\" target=\"_blank\" rel=\"noreferrer noopener\">&nbsp;aqu<\/a>i!<\/em><\/p>\n<h2 class=\"wp-block-heading\"><strong>Quais regi\u00f5es est\u00e3o em alerta?<\/strong><\/h2>\n<p>Os primeiros avisos foram enviados por volta das <strong>14h10<\/strong> para <strong>regi\u00f5es entre Jales e Jos\u00e9 Bonif\u00e1cio, Barretos e Ariranha e Prad\u00f3polis e Ribeir\u00e3o Preto.<\/strong><\/p>\n<p><mark style=\"background-color:#fcb900\" class=\"has-inline-color\">As mensagens orientaram a popula\u00e7\u00e3o a refor\u00e7ar a hidrata\u00e7\u00e3o e evitar atividades f\u00edsicas ao ar livre nos hor\u00e1rios de maior calor e baixa umidade.<\/mark><\/p>\n<p>Por volta das <strong>14h20<\/strong>, o alerta tamb\u00e9m foi emitido para outras regi\u00f5es do <strong>interior<\/strong>, <strong>como \u00e1reas entre Itapira e Mogi Gua\u00e7u e Ibitinga e Barra Bonita<\/strong>, ap\u00f3s o monitoramento apontar \u00edndices de umidade abaixo dos n\u00edveis recomendados.<\/p>\n<p>Na <strong>regi\u00e3o Metropolitana de S\u00e3o Paulo<\/strong>, tamb\u00e9m foi identificado umidade do ar abaixo de 30% e, \u00e0s <strong>14h28<\/strong>, emitiu alerta via SMS para a popula\u00e7\u00e3o da regi\u00e3o e de munic\u00edpios vizinhos.<\/p>\n<div class=\"wp-block-image\">\n<figure class=\"aligncenter size-full\"><figcaption class=\"wp-element-caption\">Interior de SP recebe alerta para baixa umidade do ar &#8211; Foto: C\u00f3digo19<\/figcaption><\/figure>\n<\/div>\n<h2 class=\"wp-block-heading\"><strong>Tempo seco deve continuar em SP<\/strong><\/h2>\n<p>Segundo a<strong> Defesa Civil<\/strong>, a baixa umidade \u00e9 consequ\u00eancia de um <strong>bloqueio atmosf\u00e9rico que mant\u00e9m o tempo seco em grande parte do Estado de S\u00e3o Paulo<\/strong>. <mark style=\"background-color:#fcb900\" class=\"has-inline-color\">A condi\u00e7\u00e3o favorece um per\u00edodo de temperaturas acima da m\u00e9dia para esta \u00e9poca do ano, conhecido como <strong>veranico<\/strong>.<\/mark><\/p>\n<p>A previs\u00e3o \u00e9 que <strong>o cen\u00e1rio continue nos pr\u00f3ximos dias<\/strong>, com manh\u00e3s mais frias e tardes mais quentes e secas. Nos per\u00edodos de maior aquecimento, a umidade pode voltar a atingir n\u00edveis cr\u00edticos em diversas cidades paulistas.<\/p>\n<h2 class=\"wp-block-heading\"><strong>Baixa umidade aumenta risco de inc\u00eandios<\/strong><\/h2>\n<p>Al\u00e9m dos impactos \u00e0 sa\u00fade, a combina\u00e7\u00e3o de tempo seco, baixa umidade e vegeta\u00e7\u00e3o ressecada <strong>aumenta o risco de inc\u00eandios em \u00e1reas de vegeta\u00e7\u00e3o<\/strong>.<\/p>\n<p>A<strong> Defesa Civil <\/strong>refor\u00e7a a orienta\u00e7\u00e3o para que a popula\u00e7\u00e3o evite queimadas e n\u00e3o descarte materiais como bitucas de cigarro em locais com vegeta\u00e7\u00e3o seca.<\/p>\n<p>A recomenda\u00e7\u00e3o durante per\u00edodos de <strong>baixa umidade<\/strong> \u00e9 manter a hidrata\u00e7\u00e3o, evitar exerc\u00edcios f\u00edsicos ao ar livre nos hor\u00e1rios mais quentes, reduzir a exposi\u00e7\u00e3o ao sol e, quando poss\u00edvel, umidificar os ambientes.<\/p>\n<figure class=\"wp-block-image size-large\"><img data-recalc-dims=\"1\" loading=\"lazy\" decoding=\"async\" width=\"1024\" height=\"576\" src=\"https:\/\/i0.wp.com\/www.acidadeon.com\/ribeiraopreto\/wp-content\/uploads\/sites\/3\/2024\/07\/Copia-de-Copia-de-TAMANHO-EXATO-PARA-FOTOS-NO-SISTEMA-NOVO-1_2024-08-01_00-38-03_png_2024-08-01_00-38-03-1024x576.webp?resize=1024%2C576&#038;ssl=1\" alt=\"Baixa umidade coloca Ribeir\u00e3o Preto em alerta - Foto: Freepik\" class=\"wp-image-89377\" title=\"Defesa Civil emite alerta ap\u00f3s umidade do ar ficar abaixo de 30%; Veja regi\u00f5es afetadas 13\" \/><figcaption class=\"wp-element-caption\">Baixa umidade coloca Ribeir\u00e3o Preto em alerta &#8211; Foto: Freepik<\/figcaption><\/figure>\n<p class=\"has-text-align-center has-cyan-bluish-gray-background-color has-background\"><em>Fa\u00e7a uma den\u00fancia ou sugira uma reportagem sobre&nbsp;<strong>Ribeir\u00e3o Preto&nbsp;<\/strong>e regi\u00e3o por meio do WhatsApp do&nbsp;<strong>acidade on Ribeir\u00e3o<\/strong>: (16) 99117-7802.<\/em><\/p>\n<\/p>\n<p>O post Defesa Civil emite alerta ap\u00f3s umidade do ar ficar abaixo de 30%; Veja regi\u00f5es afetadas apareceu primeiro em ACidade ON Ribeir\u00e3o Preto.<\/p>\n<p><br \/>\n<br \/><a href=\"https:\/\/www.acidadeon.com\/ribeiraopreto\/cotidiano\/defesa-civil-emite-alerta-apos-umidade-do-ar-ficar-abaixo-de-30-veja-regioes-afetadas\/\">Link para o texto original aqui <\/a><\/p>\n<!-- CONTENT END 1 -->\n","protected":false},"excerpt":{"rendered":"<p>A Defesa Civil do Estado de S\u00e3o Paulo emitiu uma s\u00e9rie de alertas via SMS para moradores do interior paulista neste domingo (19) ap\u00f3s a&#8230;<\/p>\n","protected":false},"author":1,"featured_media":88431,"comment_status":"","ping_status":"","sticky":false,"template":"","format":"standard","meta":{"advanced_seo_description":"","jetpack_seo_html_title":"","jetpack_seo_noindex":false,"jetpack_seo_schema_type":"","_jetpack_newsletter_access":"","_jetpack_dont_email_post_to_subs":false,"_jetpack_newsletter_tier_id":0,"_jetpack_memberships_contains_paywalled_content":false,"_jetpack_feature_clip_id":0,"_jetpack_memberships_contains_paid_content":false,"footnotes":"","jetpack_publicize_message":"","jetpack_publicize_feature_enabled":true,"jetpack_social_post_already_shared":true,"jetpack_social_options":{"image_generator_settings":{"template":"highway","default_image_id":0,"font":"","enabled":false},"version":2},"jetpack_post_was_ever_published":false},"categories":[11],"tags":[7859,382,163,37,450,544,5915,1471,3022,1304,48],"class_list":["post-88430","post","type-post","status-publish","format-standard","has-post-thumbnail","hentry","category-noticias-de-ribeirao-preto-sp-e-regiao-ismael-colosi","tag-abaixo","tag-afetadas","tag-alerta","tag-apos","tag-civil","tag-defesa","tag-emite","tag-ficar","tag-regioes","tag-umidade","tag-veja"],"jetpack_publicize_connections":[],"jetpack-related-posts":[{"id":90071,"url":"https:\/\/noticiasribeiraopreto.com.br\/index.php\/2026\/08\/16\/defesa-civil-emite-alerta-apos-umidade-cair-abaixo-de-30-veja-regioes-atingidas\/","url_meta":{"origin":88430,"position":0},"title":"Defesa Civil emite alerta ap\u00f3s umidade cair abaixo de 30%; Veja regi\u00f5es atingidas","author":"noticiasribeiraopreto.com.br","date":"16 de August de 2026","format":false,"excerpt":"A Defesa Civil do Estado de S\u00e3o Paulo emitiu diversos alertas para baixa umidade do ar neste domingo (16) para diferentes regi\u00f5es do estado de S\u00e3o Paulo. De acordo com o \u00f3rg\u00e3o, os alertas foram enviados por SMS \u00e0 popula\u00e7\u00e3o das \u00e1reas atingidas, onde os \u00edndices ficaram abaixo de 30%\u2026","rel":"","context":"In &quot;Not\u00edcias de Ribeir\u00e3o Preto-SP e Regi\u00e3o&quot;","block_context":{"text":"Not\u00edcias de Ribeir\u00e3o Preto-SP e Regi\u00e3o","link":"https:\/\/noticiasribeiraopreto.com.br\/index.php\/category\/noticias-de-ribeirao-preto-sp-e-regiao-ismael-colosi\/"},"img":{"alt_text":"","src":"https:\/\/i0.wp.com\/noticiasribeiraopreto.com.br\/wp-content\/uploads\/2026\/08\/baixa-umidade.jpg?fit=1200%2C675&ssl=1&resize=350%2C200","width":350,"height":200,"srcset":"https:\/\/i0.wp.com\/noticiasribeiraopreto.com.br\/wp-content\/uploads\/2026\/08\/baixa-umidade.jpg?fit=1200%2C675&ssl=1&resize=350%2C200 1x, https:\/\/i0.wp.com\/noticiasribeiraopreto.com.br\/wp-content\/uploads\/2026\/08\/baixa-umidade.jpg?fit=1200%2C675&ssl=1&resize=525%2C300 1.5x, https:\/\/i0.wp.com\/noticiasribeiraopreto.com.br\/wp-content\/uploads\/2026\/08\/baixa-umidade.jpg?fit=1200%2C675&ssl=1&resize=700%2C400 2x, https:\/\/i0.wp.com\/noticiasribeiraopreto.com.br\/wp-content\/uploads\/2026\/08\/baixa-umidade.jpg?fit=1200%2C675&ssl=1&resize=1050%2C600 3x"},"classes":[]},{"id":57342,"url":"https:\/\/noticiasribeiraopreto.com.br\/index.php\/2024\/08\/29\/defesa-civil-emite-alerta-para-risco-de-incendios-no-estado-de-sp\/","url_meta":{"origin":88430,"position":1},"title":"Defesa Civil emite alerta para risco de inc\u00eandios no estado de SP","author":"noticiasribeiraopreto.com.br","date":"29 de August de 2024","format":false,"excerpt":"A Defesa Civil\u00a0publicou um alerta para o risco elevado de inc\u00eandios em quase todo o estado de S\u00e3o Paulo nos pr\u00f3ximos dias. Segundo o \u00f3rg\u00e3o, por meio do Centro de Gerenciamento de Emerg\u00eancias (CGE), entre esta sexta-feira (30) e domingo (1\u00ba), as temperaturas devem voltar a subir e a umidade\u2026","rel":"","context":"In &quot;Not\u00edcias de Ribeir\u00e3o Preto-SP e Regi\u00e3o&quot;","block_context":{"text":"Not\u00edcias de Ribeir\u00e3o Preto-SP e Regi\u00e3o","link":"https:\/\/noticiasribeiraopreto.com.br\/index.php\/category\/noticias-de-ribeirao-preto-sp-e-regiao-ismael-colosi\/"},"img":{"alt_text":"","src":"https:\/\/i0.wp.com\/noticiasribeiraopreto.com.br\/wp-content\/uploads\/2024\/08\/FOGO_2024-08-23_15-53-56_jpg_2024-08-23_15-53-56.webp.webp?fit=1200%2C664&ssl=1&resize=350%2C200","width":350,"height":200,"srcset":"https:\/\/i0.wp.com\/noticiasribeiraopreto.com.br\/wp-content\/uploads\/2024\/08\/FOGO_2024-08-23_15-53-56_jpg_2024-08-23_15-53-56.webp.webp?fit=1200%2C664&ssl=1&resize=350%2C200 1x, https:\/\/i0.wp.com\/noticiasribeiraopreto.com.br\/wp-content\/uploads\/2024\/08\/FOGO_2024-08-23_15-53-56_jpg_2024-08-23_15-53-56.webp.webp?fit=1200%2C664&ssl=1&resize=525%2C300 1.5x, https:\/\/i0.wp.com\/noticiasribeiraopreto.com.br\/wp-content\/uploads\/2024\/08\/FOGO_2024-08-23_15-53-56_jpg_2024-08-23_15-53-56.webp.webp?fit=1200%2C664&ssl=1&resize=700%2C400 2x, https:\/\/i0.wp.com\/noticiasribeiraopreto.com.br\/wp-content\/uploads\/2024\/08\/FOGO_2024-08-23_15-53-56_jpg_2024-08-23_15-53-56.webp.webp?fit=1200%2C664&ssl=1&resize=1050%2C600 3x"},"classes":[]},{"id":89289,"url":"https:\/\/noticiasribeiraopreto.com.br\/index.php\/2026\/08\/02\/defesa-civil-emite-alerta-para-sete-regioes-de-sp-veja-quais-e-por-que\/","url_meta":{"origin":88430,"position":2},"title":"Defesa Civil emite alerta para sete regi\u00f5es de SP; veja quais e por qu\u00ea","author":"noticiasribeiraopreto.com.br","date":"2 de August de 2026","format":false,"excerpt":"A Defesa Civil do Estado de S\u00e3o Paulo emitiu, na tarde deste domingo (2), alertas via SMS para moradores de sete regi\u00f5es paulistas ap\u00f3s identificar \u00edndices de umidade relativa do ar abaixo de 30%. A regi\u00e3o de Ribeir\u00e3o Preto est\u00e1 entre as \u00e1reas que receberam o aviso, que orienta a\u2026","rel":"","context":"In &quot;Not\u00edcias de Ribeir\u00e3o Preto-SP e Regi\u00e3o&quot;","block_context":{"text":"Not\u00edcias de Ribeir\u00e3o Preto-SP e Regi\u00e3o","link":"https:\/\/noticiasribeiraopreto.com.br\/index.php\/category\/noticias-de-ribeirao-preto-sp-e-regiao-ismael-colosi\/"},"img":{"alt_text":"","src":"https:\/\/i0.wp.com\/noticiasribeiraopreto.com.br\/wp-content\/uploads\/2026\/08\/defesa-civil_2026-02-18_13-47-27.webp.webp?fit=1200%2C800&ssl=1&resize=350%2C200","width":350,"height":200,"srcset":"https:\/\/i0.wp.com\/noticiasribeiraopreto.com.br\/wp-content\/uploads\/2026\/08\/defesa-civil_2026-02-18_13-47-27.webp.webp?fit=1200%2C800&ssl=1&resize=350%2C200 1x, https:\/\/i0.wp.com\/noticiasribeiraopreto.com.br\/wp-content\/uploads\/2026\/08\/defesa-civil_2026-02-18_13-47-27.webp.webp?fit=1200%2C800&ssl=1&resize=525%2C300 1.5x, https:\/\/i0.wp.com\/noticiasribeiraopreto.com.br\/wp-content\/uploads\/2026\/08\/defesa-civil_2026-02-18_13-47-27.webp.webp?fit=1200%2C800&ssl=1&resize=700%2C400 2x, https:\/\/i0.wp.com\/noticiasribeiraopreto.com.br\/wp-content\/uploads\/2026\/08\/defesa-civil_2026-02-18_13-47-27.webp.webp?fit=1200%2C800&ssl=1&resize=1050%2C600 3x"},"classes":[]},{"id":79151,"url":"https:\/\/noticiasribeiraopreto.com.br\/index.php\/2025\/10\/25\/inmet-emite-alerta-de-perigo-potencial-para-o-interior-de-sp-confira-regioes-afetadas\/","url_meta":{"origin":88430,"position":3},"title":"Inmet emite alerta de perigo potencial para o interior de SP; Confira regi\u00f5es afetadas","author":"noticiasribeiraopreto.com.br","date":"25 de October de 2025","format":false,"excerpt":"O Inmet (Instituto Nacional de Meteorologia) emitiu um novo alerta de perigo potencial para abaixa umidade do ar no interior de S\u00e3o Paulo neste s\u00e1bado (25). De acordo com o \u00f3rg\u00e3o, a umidade relativa do ar pode variar entre 20% e 30% em diferentes regi\u00f5es. Apesar de baixo, o Inmet\u2026","rel":"","context":"In &quot;Not\u00edcias de Ribeir\u00e3o Preto-SP e Regi\u00e3o&quot;","block_context":{"text":"Not\u00edcias de Ribeir\u00e3o Preto-SP e Regi\u00e3o","link":"https:\/\/noticiasribeiraopreto.com.br\/index.php\/category\/noticias-de-ribeirao-preto-sp-e-regiao-ismael-colosi\/"},"img":{"alt_text":"","src":"https:\/\/i0.wp.com\/noticiasribeiraopreto.com.br\/wp-content\/uploads\/2025\/10\/20230711_174150-scaled.jpg?fit=1200%2C540&ssl=1&resize=350%2C200","width":350,"height":200,"srcset":"https:\/\/i0.wp.com\/noticiasribeiraopreto.com.br\/wp-content\/uploads\/2025\/10\/20230711_174150-scaled.jpg?fit=1200%2C540&ssl=1&resize=350%2C200 1x, https:\/\/i0.wp.com\/noticiasribeiraopreto.com.br\/wp-content\/uploads\/2025\/10\/20230711_174150-scaled.jpg?fit=1200%2C540&ssl=1&resize=525%2C300 1.5x, https:\/\/i0.wp.com\/noticiasribeiraopreto.com.br\/wp-content\/uploads\/2025\/10\/20230711_174150-scaled.jpg?fit=1200%2C540&ssl=1&resize=700%2C400 2x, https:\/\/i0.wp.com\/noticiasribeiraopreto.com.br\/wp-content\/uploads\/2025\/10\/20230711_174150-scaled.jpg?fit=1200%2C540&ssl=1&resize=1050%2C600 3x"},"classes":[]},{"id":57672,"url":"https:\/\/noticiasribeiraopreto.com.br\/index.php\/2024\/09\/06\/alerta-de-emergencia-para-incendios-no-interior-de-sp-e-estendido-veja-regioes\/","url_meta":{"origin":88430,"position":4},"title":"Alerta de emerg\u00eancia para inc\u00eandios no interior de SP \u00e9 estendido; Veja regi\u00f5es","author":"noticiasribeiraopreto.com.br","date":"6 de September de 2024","format":false,"excerpt":"Com temperaturas chegando aos 39\u00baC e baixos \u00edndices de unidade do ar, a Defesa Civil prorrogou o alerta de risco elevado para inc\u00eandios no interior de S\u00e3o Paulo at\u00e9 a pr\u00f3xima ter\u00e7a-feira (10). Conforme o Centro de Gerenciamento de Emerg\u00eancias (CGE), nos pr\u00f3ximos dias as regi\u00f5es norte, noroeste e oeste\u2026","rel":"","context":"In &quot;Not\u00edcias de Ribeir\u00e3o Preto-SP e Regi\u00e3o&quot;","block_context":{"text":"Not\u00edcias de Ribeir\u00e3o Preto-SP e Regi\u00e3o","link":"https:\/\/noticiasribeiraopreto.com.br\/index.php\/category\/noticias-de-ribeirao-preto-sp-e-regiao-ismael-colosi\/"},"img":{"alt_text":"","src":"https:\/\/i0.wp.com\/noticiasribeiraopreto.com.br\/wp-content\/uploads\/2024\/09\/51398024488_2b7ffe5e90_k-e1725551190532-1536x906-1_2024-09-06_21-04-11_jpg_2024-09-06_21-04-11.webp.webp?fit=1200%2C708&ssl=1&resize=350%2C200","width":350,"height":200,"srcset":"https:\/\/i0.wp.com\/noticiasribeiraopreto.com.br\/wp-content\/uploads\/2024\/09\/51398024488_2b7ffe5e90_k-e1725551190532-1536x906-1_2024-09-06_21-04-11_jpg_2024-09-06_21-04-11.webp.webp?fit=1200%2C708&ssl=1&resize=350%2C200 1x, https:\/\/i0.wp.com\/noticiasribeiraopreto.com.br\/wp-content\/uploads\/2024\/09\/51398024488_2b7ffe5e90_k-e1725551190532-1536x906-1_2024-09-06_21-04-11_jpg_2024-09-06_21-04-11.webp.webp?fit=1200%2C708&ssl=1&resize=525%2C300 1.5x, https:\/\/i0.wp.com\/noticiasribeiraopreto.com.br\/wp-content\/uploads\/2024\/09\/51398024488_2b7ffe5e90_k-e1725551190532-1536x906-1_2024-09-06_21-04-11_jpg_2024-09-06_21-04-11.webp.webp?fit=1200%2C708&ssl=1&resize=700%2C400 2x, https:\/\/i0.wp.com\/noticiasribeiraopreto.com.br\/wp-content\/uploads\/2024\/09\/51398024488_2b7ffe5e90_k-e1725551190532-1536x906-1_2024-09-06_21-04-11_jpg_2024-09-06_21-04-11.webp.webp?fit=1200%2C708&ssl=1&resize=1050%2C600 3x"},"classes":[]},{"id":87718,"url":"https:\/\/noticiasribeiraopreto.com.br\/index.php\/2026\/07\/08\/defesa-civil-emite-alerta-de-emergencia-para-incendios-no-interior-de-sp\/","url_meta":{"origin":88430,"position":5},"title":"Defesa Civil emite alerta de emerg\u00eancia para inc\u00eandios no interior de SP","author":"noticiasribeiraopreto.com.br","date":"8 de July de 2026","format":false,"excerpt":"A Defesa Civil de S\u00e3o Paulo emitiu uma alerta de emerg\u00eancia para inc\u00eandios no interior de S\u00e3o Paulo. Receba not\u00edcias do\u00a0acidade on Ribeir\u00e3o\u00a0no WhatsApp e fique por dentro de tudo! Basta acessar o link\u00a0aqui! Segundo o \u00f3rg\u00e3o, o pico do alerta \u00e9 para s\u00e1bado (11), nas regi\u00f5es de Ribeir\u00e3o Preto,\u2026","rel":"","context":"In &quot;Not\u00edcias de Ribeir\u00e3o Preto-SP e Regi\u00e3o&quot;","block_context":{"text":"Not\u00edcias de Ribeir\u00e3o Preto-SP e Regi\u00e3o","link":"https:\/\/noticiasribeiraopreto.com.br\/index.php\/category\/noticias-de-ribeirao-preto-sp-e-regiao-ismael-colosi\/"},"img":{"alt_text":"","src":"https:\/\/i0.wp.com\/noticiasribeiraopreto.com.br\/wp-content\/uploads\/2026\/07\/a.ok_.monitoraincendios_2025-08-24_12-57-49.webp.webp?fit=1200%2C799&ssl=1&resize=350%2C200","width":350,"height":200,"srcset":"https:\/\/i0.wp.com\/noticiasribeiraopreto.com.br\/wp-content\/uploads\/2026\/07\/a.ok_.monitoraincendios_2025-08-24_12-57-49.webp.webp?fit=1200%2C799&ssl=1&resize=350%2C200 1x, https:\/\/i0.wp.com\/noticiasribeiraopreto.com.br\/wp-content\/uploads\/2026\/07\/a.ok_.monitoraincendios_2025-08-24_12-57-49.webp.webp?fit=1200%2C799&ssl=1&resize=525%2C300 1.5x, https:\/\/i0.wp.com\/noticiasribeiraopreto.com.br\/wp-content\/uploads\/2026\/07\/a.ok_.monitoraincendios_2025-08-24_12-57-49.webp.webp?fit=1200%2C799&ssl=1&resize=700%2C400 2x, https:\/\/i0.wp.com\/noticiasribeiraopreto.com.br\/wp-content\/uploads\/2026\/07\/a.ok_.monitoraincendios_2025-08-24_12-57-49.webp.webp?fit=1200%2C799&ssl=1&resize=1050%2C600 3x"},"classes":[]}],"jetpack_sharing_enabled":true,"jetpack_shortlink":"https:\/\/wp.me\/peQAOb-n0i","jetpack_featured_media_url":"https:\/\/i0.wp.com\/noticiasribeiraopreto.com.br\/wp-content\/uploads\/2026\/07\/alerta-defesa.jpg?fit=1200%2C675&ssl=1","_links":{"self":[{"href":"https:\/\/noticiasribeiraopreto.com.br\/index.php\/wp-json\/wp\/v2\/posts\/88430","targetHints":{"allow":["GET"]}}],"collection":[{"href":"https:\/\/noticiasribeiraopreto.com.br\/index.php\/wp-json\/wp\/v2\/posts"}],"about":[{"href":"https:\/\/noticiasribeiraopreto.com.br\/index.php\/wp-json\/wp\/v2\/types\/post"}],"author":[{"embeddable":true,"href":"https:\/\/noticiasribeiraopreto.com.br\/index.php\/wp-json\/wp\/v2\/users\/1"}],"replies":[{"embeddable":true,"href":"https:\/\/noticiasribeiraopreto.com.br\/index.php\/wp-json\/wp\/v2\/comments?post=88430"}],"version-history":[{"count":0,"href":"https:\/\/noticiasribeiraopreto.com.br\/index.php\/wp-json\/wp\/v2\/posts\/88430\/revisions"}],"wp:featuredmedia":[{"embeddable":true,"href":"https:\/\/noticiasribeiraopreto.com.br\/index.php\/wp-json\/wp\/v2\/media\/88431"}],"wp:attachment":[{"href":"https:\/\/noticiasribeiraopreto.com.br\/index.php\/wp-json\/wp\/v2\/media?parent=88430"}],"wp:term":[{"taxonomy":"category","embeddable":true,"href":"https:\/\/noticiasribeiraopreto.com.br\/index.php\/wp-json\/wp\/v2\/categories?post=88430"},{"taxonomy":"post_tag","embeddable":true,"href":"https:\/\/noticiasribeiraopreto.com.br\/index.php\/wp-json\/wp\/v2\/tags?post=88430"}],"curies":[{"name":"wp","href":"https:\/\/api.w.org\/{rel}","templated":true}]}}