{"id":88440,"date":"2026-07-20T07:35:48","date_gmt":"2026-07-20T10:35:48","guid":{"rendered":"https:\/\/noticiasribeiraopreto.com.br\/index.php\/2026\/07\/20\/o-que-se-sabe-ate-agora-sobre-o-latrocinio-contra-motorista-de-aplicativo-em-ribeirao-preto\/"},"modified":"2026-07-20T07:35:48","modified_gmt":"2026-07-20T10:35:48","slug":"o-que-se-sabe-ate-agora-sobre-o-latrocinio-contra-motorista-de-aplicativo-em-ribeirao-preto","status":"publish","type":"post","link":"https:\/\/noticiasribeiraopreto.com.br\/index.php\/2026\/07\/20\/o-que-se-sabe-ate-agora-sobre-o-latrocinio-contra-motorista-de-aplicativo-em-ribeirao-preto\/","title":{"rendered":"O que se sabe, at\u00e9 agora, sobre o latroc\u00ednio contra motorista de aplicativo em Ribeir\u00e3o Preto"},"content":{"rendered":"<div class='code-block code-block-1' style='margin: 8px 0 8px auto; text-align: right; display: block; clear: both;'>\n<p><a href=\"https:\/\/wa.link\/vpicfd\"><img data-recalc-dims=\"1\" class=\"wp-image-4922\" style=\"aspect-ratio: 2.0253164556962027; width: 561px; height: auto;\" src=\"https:\/\/i0.wp.com\/ismaelcolosi.com.br\/wp-content\/uploads\/2023\/11\/grupo-de-empregos-whatsapp-e-facebook-ismael-colosi-vagas.jpg?ssl=1\" alt=\"\" \/><\/a><\/p>\n<!-- \/wp:image -->\n<\/div>\n<p> <br \/>\n<\/p>\n<div>\n<p>Era<strong> ter\u00e7a-feira (14)<\/strong> quando o motorista de aplicativo, <strong>Jos\u00e9 Edson da Silva,<\/strong> atendeu um pedido de corrida com partida do <strong>bairro Ribeir\u00e3o Verde<\/strong>, localizado na zona Leste da cidade. No local,<strong> tr\u00eas adolescentes, de 13, 14 e 16 anos, aguardavam o trabalhador.<\/strong><\/p>\n<p>Entraram no carro e, em seguida, <strong>anunciaram um assalto<\/strong>. A corrida havia sido solicitada com a<strong> inten\u00e7\u00e3o do crime, e assim ocorreu conforme o planejado pelos bandidos mirins.<\/strong><\/p>\n<p>Durante o crime, <strong>Edson sofreu um mata-le\u00e3o e, por consequ\u00eancia do golpe, perdeu a consci\u00eancia.<\/strong> Neste momento, os adolescentes <strong>descartaram a v\u00edtima no Rio Pardo.<\/strong><\/p>\n<p><strong>Ainda na ter\u00e7a-feira (14)<\/strong>, os adolescentes passaram a ostentar o ve\u00edculo roubado e, sob o status do desaparecimento de Jos\u00e9 Edson, estes<strong> foram abordados pela Pol\u00edcia Militar em posse do carro HB20.<\/strong><\/p>\n<p>Indagados sobre a propriedade do ve\u00edculo, inicialmente o trio bandido afirmou <strong>ter adquirido o carro em uma biqueira por R$ 1.5 mil.<\/strong> Em seguida aos depoimentos, <strong>os tr\u00eas menores foram liberados.<\/strong><\/p>\n<p>A fam\u00edlia teve acesso ao ve\u00edculo posteriormente, ainda quando<strong> o caso era tratado por desaparecimento, e marcas de sangue espalhadas pelo carro<\/strong> trouxeram o amargor da desesperan\u00e7a. A Per\u00edcia coletou materiais e o caso continuou em investiga\u00e7\u00e3o.<\/p>\n<p>Agentes competentes da DIG (Delegacia de Investiga\u00e7\u00f5es Gerais) concluiram na sexta-feira (17) que o desaparecimento de Jos\u00e9 Edson havia envolvimento dos tr\u00eas adolescentes interrogados no in\u00edcio da semana.<\/p>\n<p>Diante da constata\u00e7\u00e3o, os<strong> jovens foram apreendidos e novamente questionados sobre o caso<\/strong>. Desta vez, assumiram o assalto seguido de morte e indicaram a localiza\u00e7\u00e3o do corpo do trabalhador.<\/p>\n<p>Na mesma tarde, uma equipe do Corpo de Bombeiros mergulhou no ponto de descarte do corpo e localizaram Jos\u00e9 Edson sem vida. O cad\u00e1ver foi levado ao IML (Instituto M\u00e9dico Legal).<\/p>\n<p>Na data seguinte, s\u00e1bado (18), acontece o vel\u00f3rio. Em Sert\u00e3ozinho, a homenagem p\u00f3stuma reuniu diversas pessoas e foi marcada por protestos e pedidos por justi\u00e7a.<\/p>\n<p>Os tr\u00eas bandidos foram detidos e encaminhados \u00e0 Funda\u00e7\u00e3o Casa.<\/p>\n<p>\u00a0<\/p>\n<p>\u00a0<\/p>\n<p>\u00a0<\/p>\n<p>\u00a0<\/p>\n<\/div>\n<p><br \/>\n<br \/><a href=\"https:\/\/thmais.com.br\/cidades\/ribeirao-preto\/o-que-se-sabe-ate-agora-sobre-o-latrocinio-contra-motorista-de-aplicativo-em-ribeirao-preto\/\">Link para o texto original aqui <\/a><\/p>\n<!-- CONTENT END 1 -->\n","protected":false},"excerpt":{"rendered":"<p>Era ter\u00e7a-feira (14) quando o motorista de aplicativo, Jos\u00e9 Edson da Silva, atendeu um pedido de corrida com partida do bairro Ribeir\u00e3o Verde, localizado na&#8230;<\/p>\n","protected":false},"author":1,"featured_media":88441,"comment_status":"","ping_status":"","sticky":false,"template":"","format":"standard","meta":{"advanced_seo_description":"","jetpack_seo_html_title":"","jetpack_seo_noindex":false,"jetpack_seo_schema_type":"","_jetpack_newsletter_access":"","_jetpack_dont_email_post_to_subs":false,"_jetpack_newsletter_tier_id":0,"_jetpack_memberships_contains_paywalled_content":false,"_jetpack_feature_clip_id":0,"_jetpack_memberships_contains_paid_content":false,"footnotes":"","jetpack_publicize_message":"","jetpack_publicize_feature_enabled":true,"jetpack_social_post_already_shared":true,"jetpack_social_options":{"image_generator_settings":{"template":"highway","default_image_id":0,"font":"","enabled":false},"version":2},"jetpack_post_was_ever_published":false},"categories":[11],"tags":[414,320,103,109,2270,319,7780,27,26,6456,1854,468],"class_list":["post-88440","post","type-post","status-publish","format-standard","has-post-thumbnail","hentry","category-noticias-de-ribeirao-preto-sp-e-regiao-ismael-colosi","tag-agora","tag-aplicativo","tag-ate","tag-contra","tag-latrocinio","tag-motorista","tag-motorista-de-aplicativo","tag-preto","tag-ribeirao","tag-ribeirao-preto","tag-sabe","tag-sobre"],"jetpack_publicize_connections":[],"jetpack-related-posts":[{"id":88243,"url":"https:\/\/noticiasribeiraopreto.com.br\/index.php\/2026\/07\/16\/motorista-de-aplicativo-desaparece-apos-corrida-para-ribeirao-preto\/","url_meta":{"origin":88440,"position":0},"title":"Motorista de aplicativo desaparece ap\u00f3s corrida para Ribeir\u00e3o Preto","author":"noticiasribeiraopreto.com.br","date":"16 de July de 2026","format":false,"excerpt":"A Pol\u00edcia Civil investiga o desaparecimento do motorista de aplicativo Jos\u00e9 Edson da Silva, de 42 anos, morador de Sert\u00e3ozinho. Segundo o boletim de ocorr\u00eancia, ele saiu de casa na manh\u00e3 de ter\u00e7a-feira (14) para trabalhar em Ribeir\u00e3o Preto e, desde ent\u00e3o, n\u00e3o manteve contato com a fam\u00edlia. De acordo\u2026","rel":"","context":"In &quot;Not\u00edcias de Ribeir\u00e3o Preto-SP e Regi\u00e3o&quot;","block_context":{"text":"Not\u00edcias de Ribeir\u00e3o Preto-SP e Regi\u00e3o","link":"https:\/\/noticiasribeiraopreto.com.br\/index.php\/category\/noticias-de-ribeirao-preto-sp-e-regiao-ismael-colosi\/"},"img":{"alt_text":"","src":"https:\/\/i0.wp.com\/noticiasribeiraopreto.com.br\/wp-content\/uploads\/2026\/07\/agenda-cultural-2.png?fit=1200%2C675&ssl=1&resize=350%2C200","width":350,"height":200,"srcset":"https:\/\/i0.wp.com\/noticiasribeiraopreto.com.br\/wp-content\/uploads\/2026\/07\/agenda-cultural-2.png?fit=1200%2C675&ssl=1&resize=350%2C200 1x, https:\/\/i0.wp.com\/noticiasribeiraopreto.com.br\/wp-content\/uploads\/2026\/07\/agenda-cultural-2.png?fit=1200%2C675&ssl=1&resize=525%2C300 1.5x, https:\/\/i0.wp.com\/noticiasribeiraopreto.com.br\/wp-content\/uploads\/2026\/07\/agenda-cultural-2.png?fit=1200%2C675&ssl=1&resize=700%2C400 2x, https:\/\/i0.wp.com\/noticiasribeiraopreto.com.br\/wp-content\/uploads\/2026\/07\/agenda-cultural-2.png?fit=1200%2C675&ssl=1&resize=1050%2C600 3x"},"classes":[]},{"id":88301,"url":"https:\/\/noticiasribeiraopreto.com.br\/index.php\/2026\/07\/17\/adolescentes-confessam-o-assassinato-de-motorista-de-aplicativo\/","url_meta":{"origin":88440,"position":1},"title":"Adolescentes confessam o assassinato de motorista de aplicativo","author":"noticiasribeiraopreto.com.br","date":"17 de July de 2026","format":false,"excerpt":"Tr\u00eas adolescentes, de 13, 14 e 16 anos,\u00a0foram apreendidos na manh\u00e3 desta sexta-feira (17) pelo assassinato do motorista de aplicativo Edson da Silva, de 43 anos. O crime aconteceu ter\u00e7a-feira (14).O trio mirim estava no bairro Ribeir\u00e3o Verde quando foi solicitada uma corrida por aplicativo \u2013 com o objetivo de\u2026","rel":"","context":"In &quot;Not\u00edcias de Ribeir\u00e3o Preto-SP e Regi\u00e3o&quot;","block_context":{"text":"Not\u00edcias de Ribeir\u00e3o Preto-SP e Regi\u00e3o","link":"https:\/\/noticiasribeiraopreto.com.br\/index.php\/category\/noticias-de-ribeirao-preto-sp-e-regiao-ismael-colosi\/"},"img":{"alt_text":"","src":"https:\/\/i0.wp.com\/noticiasribeiraopreto.com.br\/wp-content\/uploads\/2026\/07\/mulher-e-ameacada-por-namorado-dentro-da-delegacia.jpeg?fit=1040%2C780&ssl=1&resize=350%2C200","width":350,"height":200,"srcset":"https:\/\/i0.wp.com\/noticiasribeiraopreto.com.br\/wp-content\/uploads\/2026\/07\/mulher-e-ameacada-por-namorado-dentro-da-delegacia.jpeg?fit=1040%2C780&ssl=1&resize=350%2C200 1x, https:\/\/i0.wp.com\/noticiasribeiraopreto.com.br\/wp-content\/uploads\/2026\/07\/mulher-e-ameacada-por-namorado-dentro-da-delegacia.jpeg?fit=1040%2C780&ssl=1&resize=525%2C300 1.5x, https:\/\/i0.wp.com\/noticiasribeiraopreto.com.br\/wp-content\/uploads\/2026\/07\/mulher-e-ameacada-por-namorado-dentro-da-delegacia.jpeg?fit=1040%2C780&ssl=1&resize=700%2C400 2x"},"classes":[]},{"id":88683,"url":"https:\/\/noticiasribeiraopreto.com.br\/index.php\/2026\/07\/23\/certidao-de-obito-de-motorista-de-aplicativo-contradiz-versao-de-adolescentes-a-policia\/","url_meta":{"origin":88440,"position":2},"title":"Certid\u00e3o de \u00f3bito de motorista de aplicativo contradiz vers\u00e3o de adolescentes \u00e0 pol\u00edcia","author":"noticiasribeiraopreto.com.br","date":"23 de July de 2026","format":false,"excerpt":"A certid\u00e3o de \u00f3bito do motorista de aplicativo Jos\u00e9 Edson da Silva, de 43 anos, aponta traumatismo craniano como causa da morte. A informa\u00e7\u00e3o diverge da vers\u00e3o apresentada por tr\u00eas adolescentes investigados pelo crime, que relataram \u00e0 Pol\u00edcia Civil ter matado a v\u00edtima por meio de um golpe conhecido como\u2026","rel":"","context":"In &quot;Not\u00edcias de Ribeir\u00e3o Preto-SP e Regi\u00e3o&quot;","block_context":{"text":"Not\u00edcias de Ribeir\u00e3o Preto-SP e Regi\u00e3o","link":"https:\/\/noticiasribeiraopreto.com.br\/index.php\/category\/noticias-de-ribeirao-preto-sp-e-regiao-ismael-colosi\/"},"img":{"alt_text":"","src":"https:\/\/i0.wp.com\/noticiasribeiraopreto.com.br\/wp-content\/uploads\/2026\/07\/1784845855_agenda-cultural-2.png?fit=1200%2C675&ssl=1&resize=350%2C200","width":350,"height":200,"srcset":"https:\/\/i0.wp.com\/noticiasribeiraopreto.com.br\/wp-content\/uploads\/2026\/07\/1784845855_agenda-cultural-2.png?fit=1200%2C675&ssl=1&resize=350%2C200 1x, https:\/\/i0.wp.com\/noticiasribeiraopreto.com.br\/wp-content\/uploads\/2026\/07\/1784845855_agenda-cultural-2.png?fit=1200%2C675&ssl=1&resize=525%2C300 1.5x, https:\/\/i0.wp.com\/noticiasribeiraopreto.com.br\/wp-content\/uploads\/2026\/07\/1784845855_agenda-cultural-2.png?fit=1200%2C675&ssl=1&resize=700%2C400 2x, https:\/\/i0.wp.com\/noticiasribeiraopreto.com.br\/wp-content\/uploads\/2026\/07\/1784845855_agenda-cultural-2.png?fit=1200%2C675&ssl=1&resize=1050%2C600 3x"},"classes":[]},{"id":88390,"url":"https:\/\/noticiasribeiraopreto.com.br\/index.php\/2026\/07\/18\/ultimo-adeus-familiares-e-amigos-se-despedem-de-motorista-de-aplicativo\/","url_meta":{"origin":88440,"position":3},"title":"\u00daltimo adeus: Familiares e amigos se despedem de motorista de aplicativo","author":"noticiasribeiraopreto.com.br","date":"18 de July de 2026","format":false,"excerpt":"Carreata com homenagem ao motorista de aplicativo, v\u00edtima de latroc\u00ednio em Ribeir\u00e3o Preto, saiu com destino a Sert\u00e3ozinho onde v\u00edtima foi enterrada na tarde deste s\u00e1bado (18) Uma \u00faltima homenagem para o motorista de aplicativo, Jos\u00e9 Edson da Silva, de 43 anos, foi realizada na tarde deste s\u00e1bado (18) por\u2026","rel":"","context":"In &quot;Not\u00edcias de Ribeir\u00e3o Preto-SP e Regi\u00e3o&quot;","block_context":{"text":"Not\u00edcias de Ribeir\u00e3o Preto-SP e Regi\u00e3o","link":"https:\/\/noticiasribeiraopreto.com.br\/index.php\/category\/noticias-de-ribeirao-preto-sp-e-regiao-ismael-colosi\/"},"img":{"alt_text":"","src":"https:\/\/i0.wp.com\/noticiasribeiraopreto.com.br\/wp-content\/uploads\/2026\/07\/motorista-aplicativo-capa-scaled.jpeg?fit=1040%2C780&ssl=1&resize=350%2C200","width":350,"height":200,"srcset":"https:\/\/i0.wp.com\/noticiasribeiraopreto.com.br\/wp-content\/uploads\/2026\/07\/motorista-aplicativo-capa-scaled.jpeg?fit=1040%2C780&ssl=1&resize=350%2C200 1x, https:\/\/i0.wp.com\/noticiasribeiraopreto.com.br\/wp-content\/uploads\/2026\/07\/motorista-aplicativo-capa-scaled.jpeg?fit=1040%2C780&ssl=1&resize=525%2C300 1.5x, https:\/\/i0.wp.com\/noticiasribeiraopreto.com.br\/wp-content\/uploads\/2026\/07\/motorista-aplicativo-capa-scaled.jpeg?fit=1040%2C780&ssl=1&resize=700%2C400 2x"},"classes":[]},{"id":88293,"url":"https:\/\/noticiasribeiraopreto.com.br\/index.php\/2026\/07\/17\/adolescentes-confessam-morte-de-motorista-de-aplicativo-desaparecido-em-ribeirao-preto\/","url_meta":{"origin":88440,"position":4},"title":"Adolescentes confessam morte de motorista de aplicativo desaparecido em Ribeir\u00e3o Preto","author":"noticiasribeiraopreto.com.br","date":"17 de July de 2026","format":false,"excerpt":"Os tr\u00eas adolescentes encontrados com o carro do motorista de aplicativo Jos\u00e9 Edson da Silva, de 43 anos, confessaram ter matado a v\u00edtima. A informa\u00e7\u00e3o foi confirmada pela Pol\u00edcia Civil na manh\u00e3 desta sexta-feira (17). Segundo apura\u00e7\u00e3o da CBN Ribeir\u00e3o, os adolescentes, de 13, 14 e 16 anos, prestaram um\u2026","rel":"","context":"In &quot;Not\u00edcias de Ribeir\u00e3o Preto-SP e Regi\u00e3o&quot;","block_context":{"text":"Not\u00edcias de Ribeir\u00e3o Preto-SP e Regi\u00e3o","link":"https:\/\/noticiasribeiraopreto.com.br\/index.php\/category\/noticias-de-ribeirao-preto-sp-e-regiao-ismael-colosi\/"},"img":{"alt_text":"","src":"https:\/\/i0.wp.com\/noticiasribeiraopreto.com.br\/wp-content\/uploads\/2026\/07\/1784301348_agenda-cultural-2.png?fit=1200%2C675&ssl=1&resize=350%2C200","width":350,"height":200,"srcset":"https:\/\/i0.wp.com\/noticiasribeiraopreto.com.br\/wp-content\/uploads\/2026\/07\/1784301348_agenda-cultural-2.png?fit=1200%2C675&ssl=1&resize=350%2C200 1x, https:\/\/i0.wp.com\/noticiasribeiraopreto.com.br\/wp-content\/uploads\/2026\/07\/1784301348_agenda-cultural-2.png?fit=1200%2C675&ssl=1&resize=525%2C300 1.5x, https:\/\/i0.wp.com\/noticiasribeiraopreto.com.br\/wp-content\/uploads\/2026\/07\/1784301348_agenda-cultural-2.png?fit=1200%2C675&ssl=1&resize=700%2C400 2x, https:\/\/i0.wp.com\/noticiasribeiraopreto.com.br\/wp-content\/uploads\/2026\/07\/1784301348_agenda-cultural-2.png?fit=1200%2C675&ssl=1&resize=1050%2C600 3x"},"classes":[]},{"id":88312,"url":"https:\/\/noticiasribeiraopreto.com.br\/index.php\/2026\/07\/17\/foi-atraves-de-um-golpe-conhecido-como-mata-leao-diz-delegado-sobre-morte-de-motorista-de-aplicativo\/","url_meta":{"origin":88440,"position":5},"title":"\u2018Foi atrav\u00e9s de um golpe conhecido como mata-le\u00e3o\u2019, diz delegado sobre morte de motorista de aplicativo","author":"noticiasribeiraopreto.com.br","date":"17 de July de 2026","format":false,"excerpt":"O motorista de aplicativo Jos\u00e9 Edson da Silva, de 43 anos, teria sido atacado com um golpe conhecido como \u201cmata-le\u00e3o\u201d dentro do pr\u00f3prio carro antes de ter o corpo jogado no Rio Pardo, em Ribeir\u00e3o Preto. A informa\u00e7\u00e3o foi divulgada pelo delegado Andr\u00e9 Baldocchi, em entrevista \u00e0 EPTV, concedida ap\u00f3s\u2026","rel":"","context":"In &quot;Not\u00edcias de Ribeir\u00e3o Preto-SP e Regi\u00e3o&quot;","block_context":{"text":"Not\u00edcias de Ribeir\u00e3o Preto-SP e Regi\u00e3o","link":"https:\/\/noticiasribeiraopreto.com.br\/index.php\/category\/noticias-de-ribeirao-preto-sp-e-regiao-ismael-colosi\/"},"img":{"alt_text":"","src":"https:\/\/i0.wp.com\/noticiasribeiraopreto.com.br\/wp-content\/uploads\/2026\/07\/roubo-3.jpg?fit=1200%2C675&ssl=1&resize=350%2C200","width":350,"height":200,"srcset":"https:\/\/i0.wp.com\/noticiasribeiraopreto.com.br\/wp-content\/uploads\/2026\/07\/roubo-3.jpg?fit=1200%2C675&ssl=1&resize=350%2C200 1x, https:\/\/i0.wp.com\/noticiasribeiraopreto.com.br\/wp-content\/uploads\/2026\/07\/roubo-3.jpg?fit=1200%2C675&ssl=1&resize=525%2C300 1.5x, https:\/\/i0.wp.com\/noticiasribeiraopreto.com.br\/wp-content\/uploads\/2026\/07\/roubo-3.jpg?fit=1200%2C675&ssl=1&resize=700%2C400 2x, https:\/\/i0.wp.com\/noticiasribeiraopreto.com.br\/wp-content\/uploads\/2026\/07\/roubo-3.jpg?fit=1200%2C675&ssl=1&resize=1050%2C600 3x"},"classes":[]}],"jetpack_sharing_enabled":true,"jetpack_shortlink":"https:\/\/wp.me\/peQAOb-n0s","jetpack_featured_media_url":"https:\/\/i0.wp.com\/noticiasribeiraopreto.com.br\/wp-content\/uploads\/2026\/07\/WhatsApp-Image-2026-07-20-at-07.27.15.jpeg?fit=753%2C707&ssl=1","_links":{"self":[{"href":"https:\/\/noticiasribeiraopreto.com.br\/index.php\/wp-json\/wp\/v2\/posts\/88440","targetHints":{"allow":["GET"]}}],"collection":[{"href":"https:\/\/noticiasribeiraopreto.com.br\/index.php\/wp-json\/wp\/v2\/posts"}],"about":[{"href":"https:\/\/noticiasribeiraopreto.com.br\/index.php\/wp-json\/wp\/v2\/types\/post"}],"author":[{"embeddable":true,"href":"https:\/\/noticiasribeiraopreto.com.br\/index.php\/wp-json\/wp\/v2\/users\/1"}],"replies":[{"embeddable":true,"href":"https:\/\/noticiasribeiraopreto.com.br\/index.php\/wp-json\/wp\/v2\/comments?post=88440"}],"version-history":[{"count":0,"href":"https:\/\/noticiasribeiraopreto.com.br\/index.php\/wp-json\/wp\/v2\/posts\/88440\/revisions"}],"wp:featuredmedia":[{"embeddable":true,"href":"https:\/\/noticiasribeiraopreto.com.br\/index.php\/wp-json\/wp\/v2\/media\/88441"}],"wp:attachment":[{"href":"https:\/\/noticiasribeiraopreto.com.br\/index.php\/wp-json\/wp\/v2\/media?parent=88440"}],"wp:term":[{"taxonomy":"category","embeddable":true,"href":"https:\/\/noticiasribeiraopreto.com.br\/index.php\/wp-json\/wp\/v2\/categories?post=88440"},{"taxonomy":"post_tag","embeddable":true,"href":"https:\/\/noticiasribeiraopreto.com.br\/index.php\/wp-json\/wp\/v2\/tags?post=88440"}],"curies":[{"name":"wp","href":"https:\/\/api.w.org\/{rel}","templated":true}]}}