{"id":88465,"date":"2026-07-20T13:39:41","date_gmt":"2026-07-20T16:39:41","guid":{"rendered":"https:\/\/noticiasribeiraopreto.com.br\/index.php\/2026\/07\/20\/vereador-quer-a-distribuicao-gratuita-de-mounjaro-em-ribeirao-preto-entenda\/"},"modified":"2026-07-20T13:39:41","modified_gmt":"2026-07-20T16:39:41","slug":"vereador-quer-a-distribuicao-gratuita-de-mounjaro-em-ribeirao-preto-entenda","status":"publish","type":"post","link":"https:\/\/noticiasribeiraopreto.com.br\/index.php\/2026\/07\/20\/vereador-quer-a-distribuicao-gratuita-de-mounjaro-em-ribeirao-preto-entenda\/","title":{"rendered":"Vereador quer a distribui\u00e7\u00e3o gratuita de Mounjaro em Ribeir\u00e3o Preto; Entenda"},"content":{"rendered":"<div class='code-block code-block-1' style='margin: 8px 0 8px auto; text-align: right; display: block; clear: both;'>\n<p><a href=\"https:\/\/wa.link\/vpicfd\"><img data-recalc-dims=\"1\" class=\"wp-image-4922\" style=\"aspect-ratio: 2.0253164556962027; width: 561px; height: auto;\" src=\"https:\/\/i0.wp.com\/ismaelcolosi.com.br\/wp-content\/uploads\/2023\/11\/grupo-de-empregos-whatsapp-e-facebook-ismael-colosi-vagas.jpg?ssl=1\" alt=\"\" \/><\/a><\/p>\n<!-- \/wp:image -->\n<\/div>\n<p> <br \/>\n<\/p>\n<div>\n<p>Uma Indica\u00e7\u00e3o <strong>apresentada pelo vereador Danilo Scochi (MDB) em 15 de julho<\/strong> sugere a<strong> distribui\u00e7\u00e3o gratuita de Mounjaro visando o tratamento de pacientes com obesidade grave e diabetes mellitus tipo 2,<\/strong> em Ribeir\u00e3o Preto.<\/p>\n<p>O texto, N\u00b02348\/2026<strong>, prop\u00f5e estudos entre a administra\u00e7\u00e3o municipal e \u00f3rg\u00e3os competentes de sa\u00fade visando a implanta\u00e7\u00e3o do \u201cPrograma Municipal de Tratamento da Obesidade Grave e do Diabetes Mellitus Tipo 2<\/strong>\u201d, contemplando a possibilidade de distribui\u00e7\u00e3o gratuita do medicamento.<\/p>\n<p>O documento ressalta que, caso a proposta seja executada pela administra\u00e7\u00e3o, <strong>o Mounjaro ser\u00e1 distribu\u00eddo somente \u201caos pacientes que preencham crit\u00e9rios cl\u00ednicos previamente estabelecidos, sempre mediante prescri\u00e7\u00e3o m\u00e9dica, protocolos assistenciais e acompanhamento multiprofissional<\/strong>\u201d.<\/p>\n<p>Como argumento, o vereador afirma<strong> o impacto positivo da aplica\u00e7\u00e3o da subst\u00e2ncia, comprovado por publica\u00e7\u00f5es cl\u00ednicas e cient\u00edficas,<\/strong> como redu\u00e7\u00e3o do peso e o controle metab\u00f3lico.<\/p>\n<p>\u201cDiversos estudos cl\u00ednicos publicados em peri\u00f3dicos cient\u00edficos de elevado impacto demonstram que pacientes tratados com tirzepatida podem alcan\u00e7ar redu\u00e7\u00f5es de peso clinicamente relevantes, al\u00e9m de apresentar melhora importante no controle metab\u00f3lico do diabetes tipo 2, reduzindo significativamente o risco de complica\u00e7\u00f5es futuras\u201d, destaca o vereador respons\u00e1vel.<\/p>\n<p>\u201cCumpre ressaltar que a presente Indica\u00e7\u00e3o <strong>n\u00e3o pretende criar obriga\u00e7\u00e3o imediata de fornecimento do medicamento, tampouco substituir as compet\u00eancias t\u00e9cnicas dos \u00f3rg\u00e3os respons\u00e1veis pela incorpora\u00e7\u00e3o de tecnologias em sa\u00fade<\/strong>\u201d, complementa.<\/p>\n<p>Indagada pelo jornalismo do TH+ Portal, a Secretaria de Sa\u00fade afirmou que o assunto<strong> j\u00e1 havia sido discutido em uma reuni\u00e3o no ano passado, por\u00e9m conclu\u00edram ser invi\u00e1vel a proposta pelo custo consequente.<\/strong><\/p>\n<h2>O que \u00e9 o Mounjaro?<\/h2>\n<p>\u00c9 um <strong>medicamento injet\u00e1vel de uso semanal<\/strong>, desenvolvido pela farmac\u00eautica americana Eli Lilly, indicado principalmente para o <strong>tratamento de diabetes tipo 2 e, mais recentemente, tamb\u00e9m aprovado para o controle cr\u00f4nico do peso em adultos com obesidade ou sobrepeso<\/strong> com comorbidades.<\/p>\n<p>\u00a0<\/p>\n<p>\u00a0<\/p>\n<p>\u00a0<\/p>\n<\/div>\n<p><br \/>\n<br \/><a href=\"https:\/\/thmais.com.br\/noticias\/vereador-quer-a-distribuicao-gratuita-de-mounjaro-em-ribeirao-preto-entenda\/\">Link para o texto original aqui <\/a><\/p>\n<!-- CONTENT END 1 -->\n","protected":false},"excerpt":{"rendered":"<p>Uma Indica\u00e7\u00e3o apresentada pelo vereador Danilo Scochi (MDB) em 15 de julho sugere a distribui\u00e7\u00e3o gratuita de Mounjaro visando o tratamento de pacientes com obesidade&#8230;<\/p>\n","protected":false},"author":1,"featured_media":88466,"comment_status":"","ping_status":"","sticky":false,"template":"","format":"standard","meta":{"advanced_seo_description":"","jetpack_seo_html_title":"","jetpack_seo_noindex":false,"jetpack_seo_schema_type":"","_jetpack_newsletter_access":"","_jetpack_dont_email_post_to_subs":false,"_jetpack_newsletter_tier_id":0,"_jetpack_memberships_contains_paywalled_content":false,"_jetpack_feature_clip_id":0,"_jetpack_memberships_contains_paid_content":false,"footnotes":"","jetpack_publicize_message":"","jetpack_publicize_feature_enabled":true,"jetpack_social_post_already_shared":true,"jetpack_social_options":{"image_generator_settings":{"template":"highway","default_image_id":0,"font":"","enabled":false},"version":2},"jetpack_post_was_ever_published":false},"categories":[11],"tags":[6668,2435,33,343,7871,27,796,26,6456,158,1792],"class_list":["post-88465","post","type-post","status-publish","format-standard","has-post-thumbnail","hentry","category-noticias-de-ribeirao-preto-sp-e-regiao-ismael-colosi","tag-danilo-scochi","tag-distribuicao","tag-entenda","tag-gratuita","tag-mounjaro","tag-preto","tag-quer","tag-ribeirao","tag-ribeirao-preto","tag-saude","tag-vereador"],"jetpack_publicize_connections":[],"jetpack-related-posts":[{"id":67658,"url":"https:\/\/noticiasribeiraopreto.com.br\/index.php\/2025\/04\/16\/anvisa-restringe-venda-de-canetas-emagrecedoras-veja-o-que-muda\/","url_meta":{"origin":88465,"position":0},"title":"Anvisa restringe venda de canetas emagrecedoras; veja o que muda","author":"noticiasribeiraopreto.com.br","date":"16 de April de 2025","format":false,"excerpt":"Nesta quarta-feira (16), a Diretoria Colegiada da Anvisa aprovou novas regras para a prescri\u00e7\u00e3o e a dispensa\u00e7\u00e3o de medicamentos agonistas do receptor GLP-1. Com a nova medida, se torna obrigat\u00f3ria a reten\u00e7\u00e3o de receita m\u00e9dica para a venda desses medicamentos. Entre os medicamentos afetados est\u00e3o semaglutida, liraglutida, dulaglutida, exenatida, tirzepatida\u2026","rel":"","context":"In &quot;Not\u00edcias de Ribeir\u00e3o Preto-SP e Regi\u00e3o&quot;","block_context":{"text":"Not\u00edcias de Ribeir\u00e3o Preto-SP e Regi\u00e3o","link":"https:\/\/noticiasribeiraopreto.com.br\/index.php\/category\/noticias-de-ribeirao-preto-sp-e-regiao-ismael-colosi\/"},"img":{"alt_text":"","src":"https:\/\/i0.wp.com\/noticiasribeiraopreto.com.br\/wp-content\/uploads\/2025\/04\/high-angle-diabetic-woman-checking-her-glucose-level_2025-04-16_23-31-08_jpg_2025-04-16_23-31-11-scaled.webp.webp?fit=1200%2C798&ssl=1&resize=350%2C200","width":350,"height":200,"srcset":"https:\/\/i0.wp.com\/noticiasribeiraopreto.com.br\/wp-content\/uploads\/2025\/04\/high-angle-diabetic-woman-checking-her-glucose-level_2025-04-16_23-31-08_jpg_2025-04-16_23-31-11-scaled.webp.webp?fit=1200%2C798&ssl=1&resize=350%2C200 1x, https:\/\/i0.wp.com\/noticiasribeiraopreto.com.br\/wp-content\/uploads\/2025\/04\/high-angle-diabetic-woman-checking-her-glucose-level_2025-04-16_23-31-08_jpg_2025-04-16_23-31-11-scaled.webp.webp?fit=1200%2C798&ssl=1&resize=525%2C300 1.5x, https:\/\/i0.wp.com\/noticiasribeiraopreto.com.br\/wp-content\/uploads\/2025\/04\/high-angle-diabetic-woman-checking-her-glucose-level_2025-04-16_23-31-08_jpg_2025-04-16_23-31-11-scaled.webp.webp?fit=1200%2C798&ssl=1&resize=700%2C400 2x, https:\/\/i0.wp.com\/noticiasribeiraopreto.com.br\/wp-content\/uploads\/2025\/04\/high-angle-diabetic-woman-checking-her-glucose-level_2025-04-16_23-31-08_jpg_2025-04-16_23-31-11-scaled.webp.webp?fit=1200%2C798&ssl=1&resize=1050%2C600 3x"},"classes":[]},{"id":71791,"url":"https:\/\/noticiasribeiraopreto.com.br\/index.php\/2025\/06\/10\/mounjaro-e-aprovado-contra-a-obesidade\/","url_meta":{"origin":88465,"position":1},"title":"Mounjaro \u00e9 aprovado contra a obesidade","author":"noticiasribeiraopreto.com.br","date":"10 de June de 2025","format":false,"excerpt":"A Ag\u00eancia Nacional de Vigil\u00e2ncia Sanit\u00e1ria (Anvisa) aprovou nesta segunda-feira, 9 de junho, o uso da tirzepatida no tratamento da obesidade no Brasil. Sua prescri\u00e7\u00e3o com essa finalidade era considerada off label. Comercializado sob o nome Mounjaro, o medicamento estava, at\u00e9 ent\u00e3o, autorizado oficialmente no pa\u00eds apenas para o tratamento\u2026","rel":"","context":"In &quot;Not\u00edcias de Ribeir\u00e3o Preto-SP e Regi\u00e3o&quot;","block_context":{"text":"Not\u00edcias de Ribeir\u00e3o Preto-SP e Regi\u00e3o","link":"https:\/\/noticiasribeiraopreto.com.br\/index.php\/category\/noticias-de-ribeirao-preto-sp-e-regiao-ismael-colosi\/"},"img":{"alt_text":"","src":"https:\/\/i0.wp.com\/noticiasribeiraopreto.com.br\/wp-content\/uploads\/2025\/06\/Mounjaro-George-Frey-File-Photo-Reuters-scaled.jpg?fit=800%2C479&ssl=1&resize=350%2C200","width":350,"height":200,"srcset":"https:\/\/i0.wp.com\/noticiasribeiraopreto.com.br\/wp-content\/uploads\/2025\/06\/Mounjaro-George-Frey-File-Photo-Reuters-scaled.jpg?fit=800%2C479&ssl=1&resize=350%2C200 1x, https:\/\/i0.wp.com\/noticiasribeiraopreto.com.br\/wp-content\/uploads\/2025\/06\/Mounjaro-George-Frey-File-Photo-Reuters-scaled.jpg?fit=800%2C479&ssl=1&resize=525%2C300 1.5x, https:\/\/i0.wp.com\/noticiasribeiraopreto.com.br\/wp-content\/uploads\/2025\/06\/Mounjaro-George-Frey-File-Photo-Reuters-scaled.jpg?fit=800%2C479&ssl=1&resize=700%2C400 2x"},"classes":[]},{"id":89613,"url":"https:\/\/noticiasribeiraopreto.com.br\/index.php\/2026\/08\/08\/nova-geracao-de-medicamentos-contra-obesidade-e-tema-de-palestra-em-ribeirao-preto\/","url_meta":{"origin":88465,"position":2},"title":"Nova gera\u00e7\u00e3o de medicamentos contra obesidade \u00e9 tema de palestra em Ribeir\u00e3o Preto","author":"noticiasribeiraopreto.com.br","date":"8 de August de 2026","format":false,"excerpt":"A nova gera\u00e7\u00e3o de medicamentos contra a obesidade, como Ozempic, Wegovy e Mounjaro, \u00e9 tema de uma palestra gratuita voltada para m\u00e9dicos, em Ribeir\u00e3o Preto. O encontro tem o objetivo de atualizar os profissionais que desejam aprofundar seus conhecimentos no manejo da doen\u00e7a. Receba not\u00edcias do\u00a0acidade on Ribeir\u00e3o\u00a0no WhatsApp e\u2026","rel":"","context":"In &quot;Not\u00edcias de Ribeir\u00e3o Preto-SP e Regi\u00e3o&quot;","block_context":{"text":"Not\u00edcias de Ribeir\u00e3o Preto-SP e Regi\u00e3o","link":"https:\/\/noticiasribeiraopreto.com.br\/index.php\/category\/noticias-de-ribeirao-preto-sp-e-regiao-ismael-colosi\/"},"img":{"alt_text":"","src":"https:\/\/i0.wp.com\/noticiasribeiraopreto.com.br\/wp-content\/uploads\/2026\/08\/canetas-emagrecedoras-2.jpg?fit=1108%2C768&ssl=1&resize=350%2C200","width":350,"height":200,"srcset":"https:\/\/i0.wp.com\/noticiasribeiraopreto.com.br\/wp-content\/uploads\/2026\/08\/canetas-emagrecedoras-2.jpg?fit=1108%2C768&ssl=1&resize=350%2C200 1x, https:\/\/i0.wp.com\/noticiasribeiraopreto.com.br\/wp-content\/uploads\/2026\/08\/canetas-emagrecedoras-2.jpg?fit=1108%2C768&ssl=1&resize=525%2C300 1.5x, https:\/\/i0.wp.com\/noticiasribeiraopreto.com.br\/wp-content\/uploads\/2026\/08\/canetas-emagrecedoras-2.jpg?fit=1108%2C768&ssl=1&resize=700%2C400 2x, https:\/\/i0.wp.com\/noticiasribeiraopreto.com.br\/wp-content\/uploads\/2026\/08\/canetas-emagrecedoras-2.jpg?fit=1108%2C768&ssl=1&resize=1050%2C600 3x"},"classes":[]},{"id":82622,"url":"https:\/\/noticiasribeiraopreto.com.br\/index.php\/2026\/02\/21\/anvisa-apreende-lotes-falsos-de-mounjaro-e-botox\/","url_meta":{"origin":88465,"position":3},"title":"Anvisa apreende lotes falsos de Mounjaro e botox","author":"noticiasribeiraopreto.com.br","date":"21 de February de 2026","format":false,"excerpt":"A Ag\u00eancia Nacional de Vigil\u00e2ncia Sanit\u00e1ria (Anvisa) apreendeu, nesta sexta-feira (20), lotes falsos do medicamento Mounjaro e de toxina botul\u00ednica (botox) durante a\u00e7\u00e3o de fiscaliza\u00e7\u00e3o em todo o pa\u00eds. A medida tamb\u00e9m proibiu o armazenamento, a comercializa\u00e7\u00e3o, a distribui\u00e7\u00e3o, a importa\u00e7\u00e3o e o consumo dos produtos identificados como irregulares. Segundo\u2026","rel":"","context":"In &quot;Not\u00edcias de Ribeir\u00e3o Preto-SP e Regi\u00e3o&quot;","block_context":{"text":"Not\u00edcias de Ribeir\u00e3o Preto-SP e Regi\u00e3o","link":"https:\/\/noticiasribeiraopreto.com.br\/index.php\/category\/noticias-de-ribeirao-preto-sp-e-regiao-ismael-colosi\/"},"img":{"alt_text":"","src":"https:\/\/i0.wp.com\/noticiasribeiraopreto.com.br\/wp-content\/uploads\/2025\/08\/high-angle-diabetic-woman-checking-her-glucose-level_2025-04-16_23-31-08_jpg_2025-04-16_23-31-11-1024x681.webp.webp?fit=1024%2C681&ssl=1&resize=350%2C200","width":350,"height":200,"srcset":"https:\/\/i0.wp.com\/noticiasribeiraopreto.com.br\/wp-content\/uploads\/2025\/08\/high-angle-diabetic-woman-checking-her-glucose-level_2025-04-16_23-31-08_jpg_2025-04-16_23-31-11-1024x681.webp.webp?fit=1024%2C681&ssl=1&resize=350%2C200 1x, https:\/\/i0.wp.com\/noticiasribeiraopreto.com.br\/wp-content\/uploads\/2025\/08\/high-angle-diabetic-woman-checking-her-glucose-level_2025-04-16_23-31-08_jpg_2025-04-16_23-31-11-1024x681.webp.webp?fit=1024%2C681&ssl=1&resize=525%2C300 1.5x, https:\/\/i0.wp.com\/noticiasribeiraopreto.com.br\/wp-content\/uploads\/2025\/08\/high-angle-diabetic-woman-checking-her-glucose-level_2025-04-16_23-31-08_jpg_2025-04-16_23-31-11-1024x681.webp.webp?fit=1024%2C681&ssl=1&resize=700%2C400 2x"},"classes":[]},{"id":71729,"url":"https:\/\/noticiasribeiraopreto.com.br\/index.php\/2025\/06\/09\/anvisa-aprova-uso-de-mounjaro-para-perda-de-peso-entenda\/","url_meta":{"origin":88465,"position":4},"title":"Anvisa aprova uso de Mounjaro para perda de peso; Entenda","author":"noticiasribeiraopreto.com.br","date":"9 de June de 2025","format":false,"excerpt":"A Anvisa (Ag\u00eancia Nacional de Vigil\u00e2ncia Sanit\u00e1ria) autorizou o uso do Mounjaro, medicamento que tem como princ\u00edpio ativo a tirzepatida, no tratamento da obesidade. O rem\u00e9dio injet\u00e1vel integra o grupo das chamadas \u201ccanetas emagrecedoras\u201c, que j\u00e1 inclui op\u00e7\u00f5es como Ozempic, Wegovy (semaglutida) e Saxenda (liraglutida) \u2013 no Brasil, o f\u00e1rmaco\u2026","rel":"","context":"In &quot;Not\u00edcias de Ribeir\u00e3o Preto-SP e Regi\u00e3o&quot;","block_context":{"text":"Not\u00edcias de Ribeir\u00e3o Preto-SP e Regi\u00e3o","link":"https:\/\/noticiasribeiraopreto.com.br\/index.php\/category\/noticias-de-ribeirao-preto-sp-e-regiao-ismael-colosi\/"},"img":{"alt_text":"","src":"https:\/\/i0.wp.com\/noticiasribeiraopreto.com.br\/wp-content\/uploads\/2025\/04\/high-angle-diabetic-woman-checking-her-glucose-level_2025-04-16_23-31-08_jpg_2025-04-16_23-31-11-scaled.webp.webp?fit=1200%2C798&ssl=1&resize=350%2C200","width":350,"height":200,"srcset":"https:\/\/i0.wp.com\/noticiasribeiraopreto.com.br\/wp-content\/uploads\/2025\/04\/high-angle-diabetic-woman-checking-her-glucose-level_2025-04-16_23-31-08_jpg_2025-04-16_23-31-11-scaled.webp.webp?fit=1200%2C798&ssl=1&resize=350%2C200 1x, https:\/\/i0.wp.com\/noticiasribeiraopreto.com.br\/wp-content\/uploads\/2025\/04\/high-angle-diabetic-woman-checking-her-glucose-level_2025-04-16_23-31-08_jpg_2025-04-16_23-31-11-scaled.webp.webp?fit=1200%2C798&ssl=1&resize=525%2C300 1.5x, https:\/\/i0.wp.com\/noticiasribeiraopreto.com.br\/wp-content\/uploads\/2025\/04\/high-angle-diabetic-woman-checking-her-glucose-level_2025-04-16_23-31-08_jpg_2025-04-16_23-31-11-scaled.webp.webp?fit=1200%2C798&ssl=1&resize=700%2C400 2x, https:\/\/i0.wp.com\/noticiasribeiraopreto.com.br\/wp-content\/uploads\/2025\/04\/high-angle-diabetic-woman-checking-her-glucose-level_2025-04-16_23-31-08_jpg_2025-04-16_23-31-11-scaled.webp.webp?fit=1200%2C798&ssl=1&resize=1050%2C600 3x"},"classes":[]},{"id":90955,"url":"https:\/\/noticiasribeiraopreto.com.br\/index.php\/2026\/09\/02\/vereadores-rejeitam-veto-a-canetas-emagrecedoras\/","url_meta":{"origin":88465,"position":5},"title":"Vereadores rejeitam veto \u2028a canetas emagrecedoras","author":"noticiasribeiraopreto.com.br","date":"2 de September de 2026","format":false,"excerpt":"\r \r \r 2 de setembro de 2026 07:39 \r Compartilhar0 Por vinte votos, a C\u00e2mara de Vereadores rejeitou, na sess\u00e3o de segunda-feira, 31 de agosto, o veto do prefeito Ricardo Silva (PSD) ao projeto de lei que institui, em Ribeir\u00e3o Preto, a pol\u00edtica p\u00fablica para atender pacientes com diabetes\u2026","rel":"","context":"In &quot;Not\u00edcias de Ribeir\u00e3o Preto-SP e Regi\u00e3o&quot;","block_context":{"text":"Not\u00edcias de Ribeir\u00e3o Preto-SP e Regi\u00e3o","link":"https:\/\/noticiasribeiraopreto.com.br\/index.php\/category\/noticias-de-ribeirao-preto-sp-e-regiao-ismael-colosi\/"},"img":{"alt_text":"","src":"https:\/\/i0.wp.com\/noticiasribeiraopreto.com.br\/wp-content\/uploads\/2026\/09\/CanetasRP-Rafa-Neddermeyer-Ag.Br_.jpg?fit=1170%2C700&ssl=1&resize=350%2C200","width":350,"height":200,"srcset":"https:\/\/i0.wp.com\/noticiasribeiraopreto.com.br\/wp-content\/uploads\/2026\/09\/CanetasRP-Rafa-Neddermeyer-Ag.Br_.jpg?fit=1170%2C700&ssl=1&resize=350%2C200 1x, https:\/\/i0.wp.com\/noticiasribeiraopreto.com.br\/wp-content\/uploads\/2026\/09\/CanetasRP-Rafa-Neddermeyer-Ag.Br_.jpg?fit=1170%2C700&ssl=1&resize=525%2C300 1.5x, https:\/\/i0.wp.com\/noticiasribeiraopreto.com.br\/wp-content\/uploads\/2026\/09\/CanetasRP-Rafa-Neddermeyer-Ag.Br_.jpg?fit=1170%2C700&ssl=1&resize=700%2C400 2x, https:\/\/i0.wp.com\/noticiasribeiraopreto.com.br\/wp-content\/uploads\/2026\/09\/CanetasRP-Rafa-Neddermeyer-Ag.Br_.jpg?fit=1170%2C700&ssl=1&resize=1050%2C600 3x"},"classes":[]}],"jetpack_sharing_enabled":true,"jetpack_shortlink":"https:\/\/wp.me\/peQAOb-n0R","jetpack_featured_media_url":"https:\/\/i0.wp.com\/noticiasribeiraopreto.com.br\/wp-content\/uploads\/2026\/07\/mounjaro-thmais.jpg?fit=547%2C365&ssl=1","_links":{"self":[{"href":"https:\/\/noticiasribeiraopreto.com.br\/index.php\/wp-json\/wp\/v2\/posts\/88465","targetHints":{"allow":["GET"]}}],"collection":[{"href":"https:\/\/noticiasribeiraopreto.com.br\/index.php\/wp-json\/wp\/v2\/posts"}],"about":[{"href":"https:\/\/noticiasribeiraopreto.com.br\/index.php\/wp-json\/wp\/v2\/types\/post"}],"author":[{"embeddable":true,"href":"https:\/\/noticiasribeiraopreto.com.br\/index.php\/wp-json\/wp\/v2\/users\/1"}],"replies":[{"embeddable":true,"href":"https:\/\/noticiasribeiraopreto.com.br\/index.php\/wp-json\/wp\/v2\/comments?post=88465"}],"version-history":[{"count":0,"href":"https:\/\/noticiasribeiraopreto.com.br\/index.php\/wp-json\/wp\/v2\/posts\/88465\/revisions"}],"wp:featuredmedia":[{"embeddable":true,"href":"https:\/\/noticiasribeiraopreto.com.br\/index.php\/wp-json\/wp\/v2\/media\/88466"}],"wp:attachment":[{"href":"https:\/\/noticiasribeiraopreto.com.br\/index.php\/wp-json\/wp\/v2\/media?parent=88465"}],"wp:term":[{"taxonomy":"category","embeddable":true,"href":"https:\/\/noticiasribeiraopreto.com.br\/index.php\/wp-json\/wp\/v2\/categories?post=88465"},{"taxonomy":"post_tag","embeddable":true,"href":"https:\/\/noticiasribeiraopreto.com.br\/index.php\/wp-json\/wp\/v2\/tags?post=88465"}],"curies":[{"name":"wp","href":"https:\/\/api.w.org\/{rel}","templated":true}]}}