{"id":88469,"date":"2026-07-20T13:54:21","date_gmt":"2026-07-20T16:54:21","guid":{"rendered":"https:\/\/noticiasribeiraopreto.com.br\/index.php\/2026\/07\/20\/novo-remedio-para-tipo-agressivo-de-linfoma-e-aprovado-pela-anvisa\/"},"modified":"2026-07-20T13:54:21","modified_gmt":"2026-07-20T16:54:21","slug":"novo-remedio-para-tipo-agressivo-de-linfoma-e-aprovado-pela-anvisa","status":"publish","type":"post","link":"https:\/\/noticiasribeiraopreto.com.br\/index.php\/2026\/07\/20\/novo-remedio-para-tipo-agressivo-de-linfoma-e-aprovado-pela-anvisa\/","title":{"rendered":"Novo rem\u00e9dio para tipo agressivo de linfoma \u00e9 aprovado pela Anvisa"},"content":{"rendered":"<div class='code-block code-block-1' style='margin: 8px 0 8px auto; text-align: right; display: block; clear: both;'>\n<p><a href=\"https:\/\/wa.link\/vpicfd\"><img data-recalc-dims=\"1\" class=\"wp-image-4922\" style=\"aspect-ratio: 2.0253164556962027; width: 561px; height: auto;\" src=\"https:\/\/i0.wp.com\/ismaelcolosi.com.br\/wp-content\/uploads\/2023\/11\/grupo-de-empregos-whatsapp-e-facebook-ismael-colosi-vagas.jpg?ssl=1\" alt=\"\" \/><\/a><\/p>\n<!-- \/wp:image -->\n<\/div>\n<p> <br \/>\n<\/p>\n<p>A Ag\u00eancia Nacional de Vigil\u00e2ncia Sanit\u00e1ria (Anvisa) aprovou o registro do medicamento <strong>Columvi (glofitamabe)<\/strong> para o tratamento de pacientes adultos com <strong>linfoma difuso de grandes c\u00e9lulas B n\u00e3o especificado (LDGCB NOS)<\/strong> recidivante ou refrat\u00e1rio. <\/p>\n<p>A decis\u00e3o foi publicada nesta segunda-feira (20) no <em>Di\u00e1rio Oficial da Uni\u00e3o<\/em>.<\/p>\n<h2 class=\"wp-block-heading\">Novo rem\u00e9dio<\/h2>\n<p>Desenvolvido pela farmac\u00eautica Roche, o medicamento deve ser administrado em combina\u00e7\u00e3o com <strong>gencitabina e oxaliplatina<\/strong>. A indica\u00e7\u00e3o contempla pacientes que tiveram retorno da doen\u00e7a ou n\u00e3o responderam aos tratamentos anteriores e que n\u00e3o apresentam condi\u00e7\u00f5es cl\u00ednicas para realizar o <strong>transplante aut\u00f3logo de c\u00e9lulas-tronco (TACT)<\/strong>.<\/p>\n<figure class=\"wp-block-gallery has-nested-images columns-default is-cropped wp-block-gallery-1 is-layout-flex wp-block-gallery-is-layout-flex\">\n<figure class=\"wp-block-image size-large\"><figcaption class=\"wp-element-caption\">Foto: Magnific<\/figcaption><\/figure>\n<figure class=\"wp-block-image size-large\"><img data-recalc-dims=\"1\" loading=\"lazy\" decoding=\"async\" width=\"1024\" height=\"683\" data-id=\"166715\" src=\"https:\/\/i0.wp.com\/www.acidadeon.com\/ribeiraopreto\/wp-content\/uploads\/sites\/3\/2026\/07\/closeup-shot-female-holding-syringe-1024x683.jpg?resize=1024%2C683&#038;ssl=1\" alt=\"closeup shot female holding syringe\" class=\"wp-image-166715\" title=\"Novo rem\u00e9dio para tipo agressivo de linfoma \u00e9 aprovado pela Anvisa 2\" \/><figcaption class=\"wp-element-caption\">Foto: Magnific<\/figcaption><\/figure>\n<\/figure>\n<p>Segundo a Anvisa, o registro amplia as alternativas de tratamento para pacientes com esse tipo de c\u00e2ncer hematol\u00f3gico.<\/p>\n<p>Em nota, a ag\u00eancia afirmou que o medicamento representa uma inova\u00e7\u00e3o na oncologia hematol\u00f3gica por utilizar um anticorpo biespec\u00edfico capaz de direcionar o sistema imunol\u00f3gico para combater c\u00e9lulas tumorais.<\/p>\n<p class=\"has-text-align-center has-small-font-size\"><em>Receba not\u00edcias do\u00a0<strong>acidade on Ribeir\u00e3o\u00a0<\/strong>no WhatsApp e fique por dentro de tudo! Basta acessar o link<a href=\"https:\/\/chat.whatsapp.com\/DfXwcjKVIddHUT3BvnQuPZ?mode=hqctshi\" target=\"_blank\" rel=\"noreferrer noopener\">\u00a0aqu<\/a>i!<\/em><\/p>\n<h2 class=\"wp-block-heading\">O que \u00e9 o linfoma difuso de grandes c\u00e9lulas B?<\/h2>\n<p>O <strong>linfoma difuso de grandes c\u00e9lulas B<\/strong> \u00e9 um dos subtipos mais frequentes de <strong>linfoma n\u00e3o Hodgkin agressivo<\/strong>. A doen\u00e7a apresenta crescimento r\u00e1pido e exige tratamento imediato, principalmente nos casos em que reaparece ap\u00f3s a terapia inicial ou n\u00e3o responde aos tratamentos convencionais.<\/p>\n<p>De acordo com a Roche, cerca de <strong>4 mil pessoas recebem esse diagn\u00f3stico por ano no Brasil<\/strong>.<\/p>\n<div class=\"wp-block-image\">\n<figure class=\"aligncenter size-large\"><img data-recalc-dims=\"1\" loading=\"lazy\" decoding=\"async\" width=\"1024\" height=\"783\" src=\"https:\/\/i0.wp.com\/www.acidadeon.com\/ribeiraopreto\/wp-content\/uploads\/sites\/3\/2026\/07\/doctor-holding-syringe-close-up-1024x783.jpg?resize=1024%2C783&#038;ssl=1\" alt=\"Novo medicamento aprovado pela Anvisa - Foto: Magnific\" class=\"wp-image-166716\" title=\"Novo rem\u00e9dio para tipo agressivo de linfoma \u00e9 aprovado pela Anvisa 3\" \/><figcaption class=\"wp-element-caption\">Novo medicamento aprovado pela Anvisa &#8211; Foto: Magnific<\/figcaption><\/figure>\n<\/div>\n<h2 class=\"wp-block-heading\">Como funciona o tratamento?<\/h2>\n<p>O Columvi (glofitamabe) possui aplica\u00e7\u00e3o intravenosa e pode ser administrado em ambiente ambulatorial, sem necessidade de interna\u00e7\u00e3o.<\/p>\n<p>O protocolo prev\u00ea <strong>12 ciclos de tratamento<\/strong>, com dura\u00e7\u00e3o fixa de aproximadamente <strong>8,3 meses<\/strong>.<\/p>\n<p>Segundo a fabricante, um estudo cl\u00ednico internacional publicado em novembro de 2024 na revista cient\u00edfica <em>The Lancet<\/em> apontou <strong>redu\u00e7\u00e3o de 41% no risco de morte<\/strong> em compara\u00e7\u00e3o ao tratamento convencional.<\/p>\n<p>A pesquisa tamb\u00e9m registrou <strong>remiss\u00e3o completa da doen\u00e7a em 50,3% dos pacientes<\/strong> tratados com o novo esquema terap\u00eautico, ante <strong>22%<\/strong> no grupo comparativo. Al\u00e9m disso, os resultados indicaram <strong>redu\u00e7\u00e3o de 63% no risco de progress\u00e3o da doen\u00e7a<\/strong>, conforme dados apresentados pela Roche.<\/p>\n<hr class=\"wp-block-separator has-alpha-channel-opacity\" \/>\n<p class=\"has-text-align-center has-small-font-size\"><em>Fa\u00e7a uma den\u00fancia ou sugira uma reportagem sobre\u00a0<strong>Ribeir\u00e3o Preto\u00a0<\/strong>e regi\u00e3o por meio do WhatsApp do\u00a0<strong>acidade on Ribeir\u00e3o<\/strong>: (16) 99117-7802.<\/em><\/p>\n<\/p>\n<p>O post Novo rem\u00e9dio para tipo agressivo de linfoma \u00e9 aprovado pela Anvisa apareceu primeiro em ACidade ON Ribeir\u00e3o Preto.<\/p>\n<p><br \/>\n<br \/><a href=\"https:\/\/www.acidadeon.com\/ribeiraopreto\/cotidiano\/novo-remedio-para-tipo-agressivo-de-linfoma-e-aprovado-pela-anvisa\/\">Link para o texto original aqui <\/a><\/p>\n<!-- CONTENT END 1 -->\n","protected":false},"excerpt":{"rendered":"<p>A Ag\u00eancia Nacional de Vigil\u00e2ncia Sanit\u00e1ria (Anvisa) aprovou o registro do medicamento Columvi (glofitamabe) para o tratamento de pacientes adultos com linfoma difuso de grandes&#8230;<\/p>\n","protected":false},"author":1,"featured_media":86701,"comment_status":"","ping_status":"","sticky":false,"template":"","format":"standard","meta":{"advanced_seo_description":"","jetpack_seo_html_title":"","jetpack_seo_noindex":false,"jetpack_seo_schema_type":"","_jetpack_newsletter_access":"","_jetpack_dont_email_post_to_subs":false,"_jetpack_newsletter_tier_id":0,"_jetpack_memberships_contains_paywalled_content":false,"_jetpack_feature_clip_id":0,"_jetpack_memberships_contains_paid_content":false,"footnotes":"","jetpack_publicize_message":"","jetpack_publicize_feature_enabled":true,"jetpack_social_post_already_shared":true,"jetpack_social_options":{"image_generator_settings":{"template":"highway","default_image_id":0,"font":"","enabled":false},"version":2},"jetpack_post_was_ever_published":false},"categories":[11],"tags":[7873,1436,730,7874,381,71,188,2070,688],"class_list":["post-88469","post","type-post","status-publish","format-standard","has-post-thumbnail","hentry","category-noticias-de-ribeirao-preto-sp-e-regiao-ismael-colosi","tag-agressivo","tag-anvisa","tag-aprovado","tag-linfoma","tag-novo","tag-para","tag-pela","tag-remedio","tag-tipo"],"jetpack_publicize_connections":[],"jetpack-related-posts":[{"id":42017,"url":"https:\/\/noticiasribeiraopreto.com.br\/index.php\/2024\/03\/12\/usp-inicia-teste-contra-o-cancer\/","url_meta":{"origin":88469,"position":0},"title":"USP inicia teste contra o c\u00e2ncer\u00a0","author":"noticiasribeiraopreto.com.br","date":"12 de March de 2024","format":false,"excerpt":"12 de mar\u00e7o de 2024 | 15:0012 de mar\u00e7o de 2024 | 9:27 0Com informa\u00e7\u00f5es de Carlos Fioravanti \u00a0(Revista Fapesp)\u00a0\u00a0Come\u00e7a na pr\u00f3xima sexta-feira, 15 de mar\u00e7o, o estudo cl\u00ednico com o uso de terapia CAR-T conduzido pelo Hemocentro de Ribeir\u00e3o Preto, em parceria com o Hospital das Cl\u00ednicas da Faculdade\u2026","rel":"","context":"In &quot;Not\u00edcias de Ribeir\u00e3o Preto-SP e Regi\u00e3o&quot;","block_context":{"text":"Not\u00edcias de Ribeir\u00e3o Preto-SP e Regi\u00e3o","link":"https:\/\/noticiasribeiraopreto.com.br\/index.php\/category\/noticias-de-ribeirao-preto-sp-e-regiao-ismael-colosi\/"},"img":{"alt_text":"","src":"https:\/\/i0.wp.com\/noticiasribeiraopreto.com.br\/wp-content\/uploads\/2024\/03\/Linfoma-Nut-Guilherme-Sircili-scaled.jpg?fit=1000%2C585&ssl=1&resize=350%2C200","width":350,"height":200,"srcset":"https:\/\/i0.wp.com\/noticiasribeiraopreto.com.br\/wp-content\/uploads\/2024\/03\/Linfoma-Nut-Guilherme-Sircili-scaled.jpg?fit=1000%2C585&ssl=1&resize=350%2C200 1x, https:\/\/i0.wp.com\/noticiasribeiraopreto.com.br\/wp-content\/uploads\/2024\/03\/Linfoma-Nut-Guilherme-Sircili-scaled.jpg?fit=1000%2C585&ssl=1&resize=525%2C300 1.5x, https:\/\/i0.wp.com\/noticiasribeiraopreto.com.br\/wp-content\/uploads\/2024\/03\/Linfoma-Nut-Guilherme-Sircili-scaled.jpg?fit=1000%2C585&ssl=1&resize=700%2C400 2x"},"classes":[]},{"id":25501,"url":"https:\/\/noticiasribeiraopreto.com.br\/index.php\/2024\/01\/07\/entenda-como-funciona-a-terapia-celular-car-t-cell-contra-o-cancer\/","url_meta":{"origin":88469,"position":1},"title":"Entenda como funciona a terapia celular CAR-T Cell contra o c\u00e2ncer\u00a0","author":"noticiasribeiraopreto.com.br","date":"7 de January de 2024","format":false,"excerpt":"A terapia celular CAR-T Cell tem obtido resultado importante no tratamento de alguns tipos de c\u00e2ncer, por meio da reprograma\u00e7\u00e3o das c\u00e9lulas de defesa do corpo. A tecnologia celular CAR-T \u00e9 um tipo de imunoterapia que utiliza linf\u00f3citos T, c\u00e9lulas do sistema imunol\u00f3gico respons\u00e1veis por combater agentes patog\u00eanicos e c\u00e9lulas\u2026","rel":"","context":"In &quot;Not\u00edcias de Ribeir\u00e3o Preto-SP e Regi\u00e3o&quot;","block_context":{"text":"Not\u00edcias de Ribeir\u00e3o Preto-SP e Regi\u00e3o","link":"https:\/\/noticiasribeiraopreto.com.br\/index.php\/category\/noticias-de-ribeirao-preto-sp-e-regiao-ismael-colosi\/"},"img":{"alt_text":"","src":"https:\/\/i0.wp.com\/noticiasribeiraopreto.com.br\/wp-content\/uploads\/2024\/01\/2-cancer-foto-2-antes_depois-scaled.jpg?fit=1000%2C598&ssl=1&resize=350%2C200","width":350,"height":200,"srcset":"https:\/\/i0.wp.com\/noticiasribeiraopreto.com.br\/wp-content\/uploads\/2024\/01\/2-cancer-foto-2-antes_depois-scaled.jpg?fit=1000%2C598&ssl=1&resize=350%2C200 1x, https:\/\/i0.wp.com\/noticiasribeiraopreto.com.br\/wp-content\/uploads\/2024\/01\/2-cancer-foto-2-antes_depois-scaled.jpg?fit=1000%2C598&ssl=1&resize=525%2C300 1.5x, https:\/\/i0.wp.com\/noticiasribeiraopreto.com.br\/wp-content\/uploads\/2024\/01\/2-cancer-foto-2-antes_depois-scaled.jpg?fit=1000%2C598&ssl=1&resize=700%2C400 2x"},"classes":[]},{"id":42294,"url":"https:\/\/noticiasribeiraopreto.com.br\/index.php\/2024\/03\/13\/entenda-como-funciona-a-terapia-celular-contra-o-cancer-do-hc-de-ribeirao\/","url_meta":{"origin":88469,"position":2},"title":"Entenda como funciona a terapia celular contra o c\u00e2ncer do HC de Ribeir\u00e3o","author":"noticiasribeiraopreto.com.br","date":"13 de March de 2024","format":false,"excerpt":"O Hospital das Cl\u00ednicas de Ribeir\u00e3o Preto come\u00e7a nesta sexta-feira (15) os testes sobre o tratamento celular contra o c\u00e2ncer. Na primeira etapa, o tratamento com c\u00e9lulas CAR-T ser\u00e1 aplicado em quatro pacientes com linfoma e leucemia. O tratamento com c\u00e9lulas CAR-T foi desenvolvido em 2017 nos Estados Unidos e,\u2026","rel":"","context":"In &quot;Not\u00edcias de Ribeir\u00e3o Preto-SP e Regi\u00e3o&quot;","block_context":{"text":"Not\u00edcias de Ribeir\u00e3o Preto-SP e Regi\u00e3o","link":"https:\/\/noticiasribeiraopreto.com.br\/index.php\/category\/noticias-de-ribeirao-preto-sp-e-regiao-ismael-colosi\/"},"img":{"alt_text":"","src":"https:\/\/i0.wp.com\/noticiasribeiraopreto.com.br\/wp-content\/uploads\/2024\/03\/AnyConv.com__celula-cart.webp.webp?fit=1200%2C630&ssl=1&resize=350%2C200","width":350,"height":200,"srcset":"https:\/\/i0.wp.com\/noticiasribeiraopreto.com.br\/wp-content\/uploads\/2024\/03\/AnyConv.com__celula-cart.webp.webp?fit=1200%2C630&ssl=1&resize=350%2C200 1x, https:\/\/i0.wp.com\/noticiasribeiraopreto.com.br\/wp-content\/uploads\/2024\/03\/AnyConv.com__celula-cart.webp.webp?fit=1200%2C630&ssl=1&resize=525%2C300 1.5x, https:\/\/i0.wp.com\/noticiasribeiraopreto.com.br\/wp-content\/uploads\/2024\/03\/AnyConv.com__celula-cart.webp.webp?fit=1200%2C630&ssl=1&resize=700%2C400 2x, https:\/\/i0.wp.com\/noticiasribeiraopreto.com.br\/wp-content\/uploads\/2024\/03\/AnyConv.com__celula-cart.webp.webp?fit=1200%2C630&ssl=1&resize=1050%2C600 3x"},"classes":[]},{"id":89055,"url":"https:\/\/noticiasribeiraopreto.com.br\/index.php\/2026\/07\/29\/anvisa-aprova-5-novas-canetas-emagrecedoras-veja-quais\/","url_meta":{"origin":88469,"position":3},"title":"Anvisa aprova 5 novas canetas emagrecedoras; veja quais","author":"noticiasribeiraopreto.com.br","date":"29 de July de 2026","format":false,"excerpt":"A Anvisa (Ag\u00eancia Nacional de Vigil\u00e2ncia Sanit\u00e1ria) aprovou o registro de cinco novas canetas de semaglutida, indicadas para o tratamento de pacientes adultos com diabetes mellitus tipo 2, sem controle suficiente. Popularmente, esses medicamentos s\u00e3o chamados de canetas emagrecedoras porque ajudam na perda de peso. Receba not\u00edcias do\u00a0acidade on Ribeir\u00e3o\u00a0no\u2026","rel":"","context":"In &quot;Not\u00edcias de Ribeir\u00e3o Preto-SP e Regi\u00e3o&quot;","block_context":{"text":"Not\u00edcias de Ribeir\u00e3o Preto-SP e Regi\u00e3o","link":"https:\/\/noticiasribeiraopreto.com.br\/index.php\/category\/noticias-de-ribeirao-preto-sp-e-regiao-ismael-colosi\/"},"img":{"alt_text":"","src":"https:\/\/i0.wp.com\/noticiasribeiraopreto.com.br\/wp-content\/uploads\/2026\/07\/caneta.jpg?fit=1170%2C700&ssl=1&resize=350%2C200","width":350,"height":200,"srcset":"https:\/\/i0.wp.com\/noticiasribeiraopreto.com.br\/wp-content\/uploads\/2026\/07\/caneta.jpg?fit=1170%2C700&ssl=1&resize=350%2C200 1x, https:\/\/i0.wp.com\/noticiasribeiraopreto.com.br\/wp-content\/uploads\/2026\/07\/caneta.jpg?fit=1170%2C700&ssl=1&resize=525%2C300 1.5x, https:\/\/i0.wp.com\/noticiasribeiraopreto.com.br\/wp-content\/uploads\/2026\/07\/caneta.jpg?fit=1170%2C700&ssl=1&resize=700%2C400 2x, https:\/\/i0.wp.com\/noticiasribeiraopreto.com.br\/wp-content\/uploads\/2026\/07\/caneta.jpg?fit=1170%2C700&ssl=1&resize=1050%2C600 3x"},"classes":[]},{"id":47573,"url":"https:\/\/noticiasribeiraopreto.com.br\/index.php\/2024\/04\/26\/entenda-o-que-e-wegovy-remedio-injetavel-para-obesidade-que-sera-vendido-no-brasil\/","url_meta":{"origin":88469,"position":4},"title":"Entenda o que \u00e9 Wegovy, rem\u00e9dio injet\u00e1vel para obesidade que ser\u00e1 vendido no Brasil","author":"noticiasribeiraopreto.com.br","date":"26 de April de 2024","format":false,"excerpt":"Come\u00e7a a ser vendido no segundo semestre o medicamento Wegovy, que tem como princ\u00edpio ativo a semaglutida e \u00e9 indicado para tratar a obesidade e o sobrepeso. O an\u00fancio sobre a chegada do rem\u00e9dio ao Brasil foi realizado na quinta-feira (25), pela farmac\u00eautica Novo Nordisk, fabricante do produto. O Wegovy\u2026","rel":"","context":"In &quot;Not\u00edcias de Ribeir\u00e3o Preto-SP e Regi\u00e3o&quot;","block_context":{"text":"Not\u00edcias de Ribeir\u00e3o Preto-SP e Regi\u00e3o","link":"https:\/\/noticiasribeiraopreto.com.br\/index.php\/category\/noticias-de-ribeirao-preto-sp-e-regiao-ismael-colosi\/"},"img":{"alt_text":"","src":"https:\/\/i0.wp.com\/noticiasribeiraopreto.com.br\/wp-content\/uploads\/2024\/04\/AnyConv.com__WEGOVY.webp.webp?fit=1200%2C801&ssl=1&resize=350%2C200","width":350,"height":200,"srcset":"https:\/\/i0.wp.com\/noticiasribeiraopreto.com.br\/wp-content\/uploads\/2024\/04\/AnyConv.com__WEGOVY.webp.webp?fit=1200%2C801&ssl=1&resize=350%2C200 1x, https:\/\/i0.wp.com\/noticiasribeiraopreto.com.br\/wp-content\/uploads\/2024\/04\/AnyConv.com__WEGOVY.webp.webp?fit=1200%2C801&ssl=1&resize=525%2C300 1.5x, https:\/\/i0.wp.com\/noticiasribeiraopreto.com.br\/wp-content\/uploads\/2024\/04\/AnyConv.com__WEGOVY.webp.webp?fit=1200%2C801&ssl=1&resize=700%2C400 2x, https:\/\/i0.wp.com\/noticiasribeiraopreto.com.br\/wp-content\/uploads\/2024\/04\/AnyConv.com__WEGOVY.webp.webp?fit=1200%2C801&ssl=1&resize=1050%2C600 3x"},"classes":[]},{"id":15247,"url":"https:\/\/noticiasribeiraopreto.com.br\/index.php\/2023\/12\/13\/remedio-contra-parkinson-produzido-pela-fiocruz-vira-referencia-nacional\/","url_meta":{"origin":88469,"position":5},"title":"Rem\u00e9dio contra Parkinson produzido pela Fiocruz vira refer\u00eancia nacional","author":"noticiasribeiraopreto.com.br","date":"13 de December de 2023","format":false,"excerpt":"Utilizado para o tratamento da doen\u00e7a de Parkinson, o medicamento dicloridrato de pramipexol, produzido pelo Instituto de Tecnologia em F\u00e1rmacos (Farmanguinhos) da Funda\u00e7\u00e3o Oswaldo Cruz (Fiocruz), passou a ser refer\u00eancia nacional para qualquer laborat\u00f3rio que tenha interesse em produzi-lo no Brasil, conforme divulgou a institui\u00e7\u00e3o. A fabrica\u00e7\u00e3o \u00e9 permitida nas\u2026","rel":"","context":"In &quot;Not\u00edcias de Ribeir\u00e3o Preto-SP e Regi\u00e3o&quot;","block_context":{"text":"Not\u00edcias de Ribeir\u00e3o Preto-SP e Regi\u00e3o","link":"https:\/\/noticiasribeiraopreto.com.br\/index.php\/category\/noticias-de-ribeirao-preto-sp-e-regiao-ismael-colosi\/"},"img":{"alt_text":"","src":"https:\/\/i0.wp.com\/noticiasribeiraopreto.com.br\/wp-content\/uploads\/2023\/12\/Parkinson.jpg?fit=780%2C500&ssl=1&resize=350%2C200","width":350,"height":200,"srcset":"https:\/\/i0.wp.com\/noticiasribeiraopreto.com.br\/wp-content\/uploads\/2023\/12\/Parkinson.jpg?fit=780%2C500&ssl=1&resize=350%2C200 1x, https:\/\/i0.wp.com\/noticiasribeiraopreto.com.br\/wp-content\/uploads\/2023\/12\/Parkinson.jpg?fit=780%2C500&ssl=1&resize=525%2C300 1.5x, https:\/\/i0.wp.com\/noticiasribeiraopreto.com.br\/wp-content\/uploads\/2023\/12\/Parkinson.jpg?fit=780%2C500&ssl=1&resize=700%2C400 2x"},"classes":[]}],"jetpack_sharing_enabled":true,"jetpack_shortlink":"https:\/\/wp.me\/peQAOb-n0V","jetpack_featured_media_url":"https:\/\/i0.wp.com\/noticiasribeiraopreto.com.br\/wp-content\/uploads\/2026\/06\/0d7a5833.webp.webp?fit=1170%2C700&ssl=1","_links":{"self":[{"href":"https:\/\/noticiasribeiraopreto.com.br\/index.php\/wp-json\/wp\/v2\/posts\/88469","targetHints":{"allow":["GET"]}}],"collection":[{"href":"https:\/\/noticiasribeiraopreto.com.br\/index.php\/wp-json\/wp\/v2\/posts"}],"about":[{"href":"https:\/\/noticiasribeiraopreto.com.br\/index.php\/wp-json\/wp\/v2\/types\/post"}],"author":[{"embeddable":true,"href":"https:\/\/noticiasribeiraopreto.com.br\/index.php\/wp-json\/wp\/v2\/users\/1"}],"replies":[{"embeddable":true,"href":"https:\/\/noticiasribeiraopreto.com.br\/index.php\/wp-json\/wp\/v2\/comments?post=88469"}],"version-history":[{"count":0,"href":"https:\/\/noticiasribeiraopreto.com.br\/index.php\/wp-json\/wp\/v2\/posts\/88469\/revisions"}],"wp:featuredmedia":[{"embeddable":true,"href":"https:\/\/noticiasribeiraopreto.com.br\/index.php\/wp-json\/wp\/v2\/media\/86701"}],"wp:attachment":[{"href":"https:\/\/noticiasribeiraopreto.com.br\/index.php\/wp-json\/wp\/v2\/media?parent=88469"}],"wp:term":[{"taxonomy":"category","embeddable":true,"href":"https:\/\/noticiasribeiraopreto.com.br\/index.php\/wp-json\/wp\/v2\/categories?post=88469"},{"taxonomy":"post_tag","embeddable":true,"href":"https:\/\/noticiasribeiraopreto.com.br\/index.php\/wp-json\/wp\/v2\/tags?post=88469"}],"curies":[{"name":"wp","href":"https:\/\/api.w.org\/{rel}","templated":true}]}}