{"id":88490,"date":"2026-07-20T18:01:57","date_gmt":"2026-07-20T21:01:57","guid":{"rendered":"https:\/\/noticiasribeiraopreto.com.br\/index.php\/2026\/07\/20\/relatorio-final-da-queda-do-aviao-da-voepass-sera-divulgado-nesta-quinta\/"},"modified":"2026-07-20T18:01:57","modified_gmt":"2026-07-20T21:01:57","slug":"relatorio-final-da-queda-do-aviao-da-voepass-sera-divulgado-nesta-quinta","status":"publish","type":"post","link":"https:\/\/noticiasribeiraopreto.com.br\/index.php\/2026\/07\/20\/relatorio-final-da-queda-do-aviao-da-voepass-sera-divulgado-nesta-quinta\/","title":{"rendered":"Relat\u00f3rio final da queda do avi\u00e3o da Voepass ser\u00e1 divulgado nesta quinta"},"content":{"rendered":"<div class='code-block code-block-1' style='margin: 8px 0 8px auto; text-align: right; display: block; clear: both;'>\n<p><a href=\"https:\/\/wa.link\/vpicfd\"><img data-recalc-dims=\"1\" class=\"wp-image-4922\" style=\"aspect-ratio: 2.0253164556962027; width: 561px; height: auto;\" src=\"https:\/\/i0.wp.com\/ismaelcolosi.com.br\/wp-content\/uploads\/2023\/11\/grupo-de-empregos-whatsapp-e-facebook-ismael-colosi-vagas.jpg?ssl=1\" alt=\"\" \/><\/a><\/p>\n<!-- \/wp:image -->\n<\/div>\n<p> <br \/>\n<\/p>\n<p>O <strong><a href=\"https:\/\/www2.fab.mil.br\/cenipa\/\" data-type=\"link\" data-id=\"https:\/\/www2.fab.mil.br\/cenipa\/\" target=\"_blank\" rel=\"noreferrer noopener\">Centro de Investiga\u00e7\u00e3o e Preven\u00e7\u00e3o de Acidentes Aeron\u00e1uticos (Cenipa)<\/a><\/strong> <strong>concluiu a investiga\u00e7\u00e3o do acidente a\u00e9reo da Voepass<\/strong>, empresa que tinha sede em Ribeir\u00e3o Preto, que matou 62 pessoas, em Vinhedo, no interior de S\u00e3o Paulo, <strong>e o relat\u00f3rio final ser\u00e1 divulgado nesta quinta-feira (23), \u00e0s 17h, em Bras\u00edlia<\/strong>.<\/p>\n<p>A informa\u00e7\u00e3o foi divulgada pela <strong><a href=\"https:\/\/www.fab.mil.br\/\" data-type=\"link\" data-id=\"https:\/\/www.fab.mil.br\/\" target=\"_blank\" rel=\"noopener\">For\u00e7a A\u00e9rea Brasileira (FAB)<\/a><\/strong> nesta segunda-feira (20). Segundo o \u00f3rg\u00e3o, o chefe do Cenipa, <strong>o<\/strong> <strong>brigadeiro do ar Alexandre Avellar Leal<\/strong>, e <strong>os investigadores respons\u00e1veis<\/strong> prestar\u00e3o esclarecimentos sobre a apura\u00e7\u00e3o.<\/p>\n<p>O relat\u00f3rio n\u00e3o aponta quem \u00e9 o respons\u00e1vel pelo acidente. A apura\u00e7\u00e3o das poss\u00edveis responsabilidades \u00e9 feita em uma<strong> investiga\u00e7\u00e3o da Pol\u00edcia Federal<\/strong>, que est\u00e1 em fase final.<\/p>\n<p>Na semana passada, um relat\u00f3rio parcial foi revelado pela jornalista <strong>M\u00f4nica Bergamo<\/strong>, colunista do <strong>jornal Folha de S.Paulo<\/strong>, e apontou que a queda do avi\u00e3o foi causada por um conjunto de <strong>falhas de pilotos<\/strong>, <strong>da empresa <\/strong>e <strong>da Ag\u00eancia Nacional de Avia\u00e7\u00e3o Civil (Anac)<\/strong>.<\/p>\n<div class=\"wp-block-image\">\n<figure class=\"aligncenter size-large\"><figcaption class=\"wp-element-caption\">Acidente com avi\u00e3o da Voepass deixou 62 pessoas mortas &#8211; Foto: Secretaria de Seguran\u00e7a P\u00fablica de SP<\/figcaption><\/figure>\n<\/div>\n<p class=\"has-text-align-center has-cyan-bluish-gray-background-color has-background\"><em>Receba not\u00edcias do&nbsp;<strong>acidade on Ribeir\u00e3o&nbsp;<\/strong>no WhatsApp e fique por dentro de tudo! Basta acessar o link<a href=\"https:\/\/chat.whatsapp.com\/DfXwcjKVIddHUT3BvnQuPZ?mode=hqctshi\" target=\"_blank\" rel=\"noreferrer noopener\">&nbsp;aqu<\/a>i!<\/em><\/p>\n<h2 class=\"wp-block-heading\"><strong>O que diz o relat\u00f3rio preliminar da Voepass?<\/strong><\/h2>\n<p>De acordo com a vers\u00e3o preliminar, <mark style=\"background-color:#fcb900\" class=\"has-inline-color\">a empresa ignorou falhas de seguran\u00e7a e tinha um contexto organizacional deficiente que tolerava desvios e desprezava alertas<\/mark>, como em rela\u00e7\u00e3o a problemas no sistema de degelo da aeronave que j\u00e1 tinham sido detectados em viagens anteriores.<\/p>\n<p>O documento parcial tamb\u00e9m diz que houve &#8220;distra\u00e7\u00e3o&#8221; dos pilotos durante o voo que partiu de Cascavel-PR, com destino a Guarulhos-SP, no dia 9 de agosto de 2024. <strong>A conduta, marcada por conversas informais durante procedimentos cr\u00edticos, teria oferecido elevado risco ao voo.<\/strong><\/p>\n<p>Em rela\u00e7\u00e3o \u00e0 <strong>Anac<\/strong>, o relat\u00f3rio diz que <strong>a ag\u00eancia n\u00e3o foi capaz de tomar decis\u00f5es que mitigariam os riscos<\/strong>, apesar de fiscaliza\u00e7\u00f5es terem apontado aus\u00eancia de padr\u00f5es t\u00e9cnicos na manuten\u00e7\u00e3o das aeronaves da companhia.<\/p>\n<p>Procuradas pelo <strong>Estad\u00e3o<\/strong>, a <strong>Anac <\/strong>e a <strong>Voepass <\/strong>n\u00e3o se manifestaram. Em resposta \u00e0 <strong>Folha<\/strong>, a companhia afirmou que n\u00e3o comentaria os apontamentos e que segue colaborando com as autoridades de forma transparente e diligente. A Anac diz que n\u00e3o teve acesso ao documento e que s\u00f3 vai se posicionar quando houver um relat\u00f3rio final oficialmente enviado \u00e0 ag\u00eancia.<\/p>\n<figure class=\"wp-block-gallery has-nested-images columns-default is-cropped wp-block-gallery-2 is-layout-flex wp-block-gallery-is-layout-flex\">\n<figure class=\"wp-block-image size-large\"><img data-recalc-dims=\"1\" loading=\"lazy\" decoding=\"async\" width=\"1024\" height=\"683\" data-id=\"90099\" src=\"https:\/\/i0.wp.com\/www.acidadeon.com\/ribeiraopreto\/wp-content\/uploads\/sites\/3\/2024\/08\/denny_cesare_codigo_19_272915_2024-08-09_21-14-55_jpg_2024-08-09_21-14-55-1068x712-1_2024-08-09_23-42-09-1024x683.webp?resize=1024%2C683&#038;ssl=1\" alt=\"Acidente com avi\u00e3o da Voepass aconteceu em Vinhedo, no interior de SP - Foto: Denny Cesare\/ C\u00f3digo 19.\" class=\"wp-image-90099\" title=\"Relat\u00f3rio final da queda do avi\u00e3o da Voepass ser\u00e1 divulgado nesta quinta 5\" \/><figcaption class=\"wp-element-caption\">Acidente com avi\u00e3o da Voepass aconteceu em Vinhedo, no interior de SP &#8211; Foto: Denny Cesare\/ C\u00f3digo 19.<\/figcaption><\/figure>\n<figure class=\"wp-block-image size-large\"><img data-recalc-dims=\"1\" loading=\"lazy\" decoding=\"async\" width=\"1024\" height=\"508\" data-id=\"90084\" src=\"https:\/\/i0.wp.com\/www.acidadeon.com\/ribeiraopreto\/wp-content\/uploads\/sites\/3\/2024\/08\/aviao-que-caiu-em-vinhedo_2024-08-09_18-44-00_jpeg_2024-08-09_18-44-00-1068x530-1_2024-08-09_21-17-33-1024x508.webp?resize=1024%2C508&#038;ssl=1\" alt=\"Acidente com avi\u00e3o da Voepass aconteceu em Vinhedo, no interior de SP - Imagem: Reprodu\u00e7\u00e3o \/ TV Globo\" class=\"wp-image-90084\" title=\"Relat\u00f3rio final da queda do avi\u00e3o da Voepass ser\u00e1 divulgado nesta quinta 6\" \/><figcaption class=\"wp-element-caption\">Acidente com avi\u00e3o da Voepass aconteceu em Vinhedo, no interior de SP &#8211; Imagem: Reprodu\u00e7\u00e3o \/ TV Globo<\/figcaption><\/figure>\n<\/figure>\n<h2 class=\"wp-block-heading\"><strong>Relembre como foi o acidente<\/strong><\/h2>\n<p>No in\u00edcio da tarde de 9 de agosto de 2024, o avi\u00e3o ATR-72-500 da Voepass, empresa que tinha sede em <strong>Ribeir\u00e3o Preto<\/strong>, caiu em Vinhedo, matando 62 pessoas. Os quatro tripulantes e seus 58 passageiros morreram ap\u00f3s o impacto do avi\u00e3o bimotor contra o quintal de uma casa em um condom\u00ednio. Alguns corpos ficaram carbonizados.<\/p>\n<p><strong>A aeronave despencou 13 mil p\u00e9s (4.000 metros) em dois minutos<\/strong>. Na ocasi\u00e3o do sinistro, o registro de voo do Flight Radar mostrou que o avi\u00e3o estava a 17 mil p\u00e9s de altitude \u00e0s 13h20 e a 4.000 p\u00e9s (1,22 km) \u00e0s 13h22, quando o sinal de GPS foi perdido pela plataforma. <strong><mark style=\"background-color:#fcb900\" class=\"has-inline-color\">O avi\u00e3o caiu cerca de 20 minutos antes de pousar e atingiu casas do condom\u00ednio residencial.<\/mark><\/strong><\/p>\n<p>O piloto do avi\u00e3o, Danilo Santos Romano, comentou sobre uma falha no sistema de degelo da aeronave. A informa\u00e7\u00e3o foi divulgada em <strong>relat\u00f3rio preliminar apresentado pelo Cenipa<\/strong>, no dia 6 de setembro daquele ano.<\/p>\n<p>Foram registrados tamb\u00e9m alertas <strong>Cruise Speed Low (baixa velocidade de cruzeiro)<\/strong> e, posteriormente, <strong>Degraded Performance (performance degradada)<\/strong> &#8211; quando o avi\u00e3o encontra condi\u00e7\u00f5es que reduzem sua capacidade de voo, j\u00e1 que o ac\u00famulo de gelo prejudica a sustenta\u00e7\u00e3o da aeronave.<\/p>\n<p><em>*Com informa\u00e7\u00f5es de Ederson Hising, da Ag\u00eancia Estado<\/em><\/p>\n<figure class=\"wp-block-image size-large\"><img data-recalc-dims=\"1\" loading=\"lazy\" decoding=\"async\" width=\"1024\" height=\"576\" src=\"https:\/\/i0.wp.com\/www.acidadeon.com\/ribeiraopreto\/wp-content\/uploads\/sites\/3\/2024\/08\/aviaoqueda_2024-08-10_13-32-48_jpeg_2024-08-10_13-32-48-1068x601-1_2024-08-14_19-27-26-1024x576.webp?resize=1024%2C576&#038;ssl=1\" alt=\"aviaoqueda 2024 08 10 13 32 48 jpeg 2024 08 10 13 32 48 1068x601 1 2024 08 14 19 27 26\" class=\"wp-image-90398\" title=\"Relat\u00f3rio final da queda do avi\u00e3o da Voepass ser\u00e1 divulgado nesta quinta 7\" \/><figcaption class=\"wp-element-caption\">Destro\u00e7os do avi\u00e3o que caiu em Vinhedo foram encaminhados para Ribeir\u00e3o Preto &#8211; Foto: Tiago Am\u00e9rico\/ EPTV.<\/figcaption><\/figure>\n<p class=\"has-text-align-center has-cyan-bluish-gray-background-color has-background\"><em>Fa\u00e7a uma den\u00fancia ou sugira uma reportagem sobre&nbsp;<strong>Ribeir\u00e3o Preto&nbsp;<\/strong>e regi\u00e3o por meio do WhatsApp do&nbsp;<strong>acidade on Ribeir\u00e3o<\/strong>: (16) 99117-7802.<\/em><\/p>\n<p>O post Relat\u00f3rio final da queda do avi\u00e3o da Voepass ser\u00e1 divulgado nesta quinta apareceu primeiro em ACidade ON Ribeir\u00e3o Preto.<\/p>\n<p><br \/>\n<br \/><a href=\"https:\/\/www.acidadeon.com\/ribeiraopreto\/cotidiano\/relatorio-final-da-queda-do-aviao-da-voepass-sera-divulgado-nesta-quinta\/\">Link para o texto original aqui <\/a><\/p>\n<!-- CONTENT END 1 -->\n","protected":false},"excerpt":{"rendered":"<p>O Centro de Investiga\u00e7\u00e3o e Preven\u00e7\u00e3o de Acidentes Aeron\u00e1uticos (Cenipa) concluiu a investiga\u00e7\u00e3o do acidente a\u00e9reo da Voepass, empresa que tinha sede em Ribeir\u00e3o Preto,&#8230;<\/p>\n","protected":false},"author":1,"featured_media":56191,"comment_status":"","ping_status":"","sticky":false,"template":"","format":"standard","meta":{"advanced_seo_description":"","jetpack_seo_html_title":"","jetpack_seo_noindex":false,"jetpack_seo_schema_type":"","_jetpack_newsletter_access":"","_jetpack_dont_email_post_to_subs":false,"_jetpack_newsletter_tier_id":0,"_jetpack_memberships_contains_paywalled_content":false,"_jetpack_feature_clip_id":0,"_jetpack_memberships_contains_paid_content":false,"footnotes":"","jetpack_publicize_message":"","jetpack_publicize_feature_enabled":true,"jetpack_social_post_already_shared":true,"jetpack_social_options":{"image_generator_settings":{"template":"highway","default_image_id":0,"font":"","enabled":false},"version":2},"jetpack_post_was_ever_published":false},"categories":[11],"tags":[2589,2915,672,207,2588,884,4530,172,5908],"class_list":["post-88490","post","type-post","status-publish","format-standard","has-post-thumbnail","hentry","category-noticias-de-ribeirao-preto-sp-e-regiao-ismael-colosi","tag-aviao","tag-divulgado","tag-final","tag-nesta","tag-queda","tag-quinta","tag-relatorio","tag-sera","tag-voepass"],"jetpack_publicize_connections":[],"jetpack-related-posts":[{"id":57648,"url":"https:\/\/noticiasribeiraopreto.com.br\/index.php\/2024\/09\/06\/relatorio-preliminar-sobre-queda-de-aviao-da-voepass-sera-divulgado-nesta-sexta\/","url_meta":{"origin":88490,"position":0},"title":"Relat\u00f3rio preliminar sobre queda de avi\u00e3o da Voepass ser\u00e1 divulgado\u00a0nesta\u00a0sexta","author":"noticiasribeiraopreto.com.br","date":"6 de September de 2024","format":false,"excerpt":"Nesta sexta-feira, \u00e0s 17h, o Centro de Investiga\u00e7\u00e3o e Preven\u00e7\u00e3o de Acidentes Aeron\u00e1uticos (Cenipa) divulgar\u00e1 o\u00a0relat\u00f3rio preliminar\u00a0sobre a\u00a0queda do avi\u00e3o da Voepass, em Vinhedo, no interior de S\u00e3o Paulo, no dia 9 de agosto. O acidente deixou 62 pessoas mortas. Segundo o \u00f3rg\u00e3o, que \u00e9 vinculado a FAB, o relat\u00f3rio\u2026","rel":"","context":"In &quot;Not\u00edcias de Ribeir\u00e3o Preto-SP e Regi\u00e3o&quot;","block_context":{"text":"Not\u00edcias de Ribeir\u00e3o Preto-SP e Regi\u00e3o","link":"https:\/\/noticiasribeiraopreto.com.br\/index.php\/category\/noticias-de-ribeirao-preto-sp-e-regiao-ismael-colosi\/"},"img":{"alt_text":"","src":"https:\/\/i0.wp.com\/noticiasribeiraopreto.com.br\/wp-content\/uploads\/2024\/08\/voepass-aviao_2024-08-10_20-45-38_jpg_2024-08-10_20-45-38.webp.webp?fit=1159%2C683&ssl=1&resize=350%2C200","width":350,"height":200,"srcset":"https:\/\/i0.wp.com\/noticiasribeiraopreto.com.br\/wp-content\/uploads\/2024\/08\/voepass-aviao_2024-08-10_20-45-38_jpg_2024-08-10_20-45-38.webp.webp?fit=1159%2C683&ssl=1&resize=350%2C200 1x, https:\/\/i0.wp.com\/noticiasribeiraopreto.com.br\/wp-content\/uploads\/2024\/08\/voepass-aviao_2024-08-10_20-45-38_jpg_2024-08-10_20-45-38.webp.webp?fit=1159%2C683&ssl=1&resize=525%2C300 1.5x, https:\/\/i0.wp.com\/noticiasribeiraopreto.com.br\/wp-content\/uploads\/2024\/08\/voepass-aviao_2024-08-10_20-45-38_jpg_2024-08-10_20-45-38.webp.webp?fit=1159%2C683&ssl=1&resize=700%2C400 2x, https:\/\/i0.wp.com\/noticiasribeiraopreto.com.br\/wp-content\/uploads\/2024\/08\/voepass-aviao_2024-08-10_20-45-38_jpg_2024-08-10_20-45-38.webp.webp?fit=1159%2C683&ssl=1&resize=1050%2C600 3x"},"classes":[]},{"id":89485,"url":"https:\/\/noticiasribeiraopreto.com.br\/index.php\/2026\/08\/06\/investigacao-criminal-sobre-o-acidente-da-voepass-sera-divulgada-pela-pf-hoje\/","url_meta":{"origin":88490,"position":1},"title":"Investiga\u00e7\u00e3o criminal sobre o acidente da Voepass ser\u00e1 divulgada pela PF hoje","author":"noticiasribeiraopreto.com.br","date":"6 de August de 2026","format":false,"excerpt":"A PF (Pol\u00edcia Federal) apresenta nesta quinta-feira (6),\u00a0 a partir das 14h, o relat\u00f3rio final da investiga\u00e7\u00e3o criminal sobre a queda do avi\u00e3o da Voepass. O acidente ocorrido em 9 de agosto de 2024, em Vinhedo, no interior paulista, causou a morte de 62 pessoas. Receba not\u00edcias do\u00a0acidade on Ribeir\u00e3o\u00a0no\u2026","rel":"","context":"In &quot;Not\u00edcias de Ribeir\u00e3o Preto-SP e Regi\u00e3o&quot;","block_context":{"text":"Not\u00edcias de Ribeir\u00e3o Preto-SP e Regi\u00e3o","link":"https:\/\/noticiasribeiraopreto.com.br\/index.php\/category\/noticias-de-ribeirao-preto-sp-e-regiao-ismael-colosi\/"},"img":{"alt_text":"","src":"https:\/\/i0.wp.com\/noticiasribeiraopreto.com.br\/wp-content\/uploads\/2024\/08\/parafuso-chato_2024-08-09_20-04-25_jpg_2024-08-09_20-04-25.webp.webp?fit=1200%2C757&ssl=1&resize=350%2C200","width":350,"height":200,"srcset":"https:\/\/i0.wp.com\/noticiasribeiraopreto.com.br\/wp-content\/uploads\/2024\/08\/parafuso-chato_2024-08-09_20-04-25_jpg_2024-08-09_20-04-25.webp.webp?fit=1200%2C757&ssl=1&resize=350%2C200 1x, https:\/\/i0.wp.com\/noticiasribeiraopreto.com.br\/wp-content\/uploads\/2024\/08\/parafuso-chato_2024-08-09_20-04-25_jpg_2024-08-09_20-04-25.webp.webp?fit=1200%2C757&ssl=1&resize=525%2C300 1.5x, https:\/\/i0.wp.com\/noticiasribeiraopreto.com.br\/wp-content\/uploads\/2024\/08\/parafuso-chato_2024-08-09_20-04-25_jpg_2024-08-09_20-04-25.webp.webp?fit=1200%2C757&ssl=1&resize=700%2C400 2x, https:\/\/i0.wp.com\/noticiasribeiraopreto.com.br\/wp-content\/uploads\/2024\/08\/parafuso-chato_2024-08-09_20-04-25_jpg_2024-08-09_20-04-25.webp.webp?fit=1200%2C757&ssl=1&resize=1050%2C600 3x"},"classes":[]},{"id":89518,"url":"https:\/\/noticiasribeiraopreto.com.br\/index.php\/2026\/08\/06\/%f0%9f%94%b4-ao-vivo-pf-apresenta-relatorio-de-acidente-com-aviao-da-voepass\/","url_meta":{"origin":88490,"position":2},"title":"AO VIVO: PF apresenta relat\u00f3rio de acidente com avi\u00e3o da Voepass que matou 62 pessoas","author":"noticiasribeiraopreto.com.br","date":"6 de August de 2026","format":false,"excerpt":"A\u00a0PF (Pol\u00edcia Federal)\u00a0apresenta nesta quinta-feira (6),\u00a0 a partir das 14h,\u00a0o relat\u00f3rio final da investiga\u00e7\u00e3o criminal sobre a queda do avi\u00e3o da Voepass. O acidente ocorrido em 9 de agosto de 2024, em Vinhedo, no interior paulista, causou a morte de 62 pessoas. Diferentemente do relat\u00f3rio final divulgado em 23 de\u2026","rel":"","context":"In &quot;Not\u00edcias de Ribeir\u00e3o Preto-SP e Regi\u00e3o&quot;","block_context":{"text":"Not\u00edcias de Ribeir\u00e3o Preto-SP e Regi\u00e3o","link":"https:\/\/noticiasribeiraopreto.com.br\/index.php\/category\/noticias-de-ribeirao-preto-sp-e-regiao-ismael-colosi\/"},"img":{"alt_text":"","src":"https:\/\/i0.wp.com\/noticiasribeiraopreto.com.br\/wp-content\/uploads\/2024\/08\/voepass-aviao_2024-08-10_20-45-38_jpg_2024-08-10_20-45-38.webp.webp?fit=1159%2C683&ssl=1&resize=350%2C200","width":350,"height":200,"srcset":"https:\/\/i0.wp.com\/noticiasribeiraopreto.com.br\/wp-content\/uploads\/2024\/08\/voepass-aviao_2024-08-10_20-45-38_jpg_2024-08-10_20-45-38.webp.webp?fit=1159%2C683&ssl=1&resize=350%2C200 1x, https:\/\/i0.wp.com\/noticiasribeiraopreto.com.br\/wp-content\/uploads\/2024\/08\/voepass-aviao_2024-08-10_20-45-38_jpg_2024-08-10_20-45-38.webp.webp?fit=1159%2C683&ssl=1&resize=525%2C300 1.5x, https:\/\/i0.wp.com\/noticiasribeiraopreto.com.br\/wp-content\/uploads\/2024\/08\/voepass-aviao_2024-08-10_20-45-38_jpg_2024-08-10_20-45-38.webp.webp?fit=1159%2C683&ssl=1&resize=700%2C400 2x, https:\/\/i0.wp.com\/noticiasribeiraopreto.com.br\/wp-content\/uploads\/2024\/08\/voepass-aviao_2024-08-10_20-45-38_jpg_2024-08-10_20-45-38.webp.webp?fit=1159%2C683&ssl=1&resize=1050%2C600 3x"},"classes":[]},{"id":87405,"url":"https:\/\/noticiasribeiraopreto.com.br\/index.php\/2026\/07\/02\/investigacao-sobre-queda-de-aviao-da-voepass-entra-na-fase-final-diz-cenipa\/","url_meta":{"origin":88490,"position":3},"title":"Investiga\u00e7\u00e3o sobre queda de avi\u00e3o da Voepass entra na fase final, diz Cenipa","author":"noticiasribeiraopreto.com.br","date":"2 de July de 2026","format":false,"excerpt":"A investiga\u00e7\u00e3o t\u00e9cnica sobre a queda do avi\u00e3o da Voepass em Vinhedo, que deixou 62 mortos em agosto de 2024, entrou na fase final antes da divulga\u00e7\u00e3o do relat\u00f3rio definitivo. A informa\u00e7\u00e3o foi divulgada nesta quinta-feira (2) pelo Centro de Investiga\u00e7\u00e3o e Preven\u00e7\u00e3o de Acidentes Aeron\u00e1uticos. Segundo o Cenipa, cerca\u2026","rel":"","context":"In &quot;Not\u00edcias de Ribeir\u00e3o Preto-SP e Regi\u00e3o&quot;","block_context":{"text":"Not\u00edcias de Ribeir\u00e3o Preto-SP e Regi\u00e3o","link":"https:\/\/noticiasribeiraopreto.com.br\/index.php\/category\/noticias-de-ribeirao-preto-sp-e-regiao-ismael-colosi\/"},"img":{"alt_text":"","src":"https:\/\/i0.wp.com\/noticiasribeiraopreto.com.br\/wp-content\/uploads\/2024\/08\/voepass-aviao_2024-08-10_20-45-38_jpg_2024-08-10_20-45-38.webp.webp?fit=1159%2C683&ssl=1&resize=350%2C200","width":350,"height":200,"srcset":"https:\/\/i0.wp.com\/noticiasribeiraopreto.com.br\/wp-content\/uploads\/2024\/08\/voepass-aviao_2024-08-10_20-45-38_jpg_2024-08-10_20-45-38.webp.webp?fit=1159%2C683&ssl=1&resize=350%2C200 1x, https:\/\/i0.wp.com\/noticiasribeiraopreto.com.br\/wp-content\/uploads\/2024\/08\/voepass-aviao_2024-08-10_20-45-38_jpg_2024-08-10_20-45-38.webp.webp?fit=1159%2C683&ssl=1&resize=525%2C300 1.5x, https:\/\/i0.wp.com\/noticiasribeiraopreto.com.br\/wp-content\/uploads\/2024\/08\/voepass-aviao_2024-08-10_20-45-38_jpg_2024-08-10_20-45-38.webp.webp?fit=1159%2C683&ssl=1&resize=700%2C400 2x, https:\/\/i0.wp.com\/noticiasribeiraopreto.com.br\/wp-content\/uploads\/2024\/08\/voepass-aviao_2024-08-10_20-45-38_jpg_2024-08-10_20-45-38.webp.webp?fit=1159%2C683&ssl=1&resize=1050%2C600 3x"},"classes":[]},{"id":88680,"url":"https:\/\/noticiasribeiraopreto.com.br\/index.php\/2026\/07\/23\/cenipa-aponta-19-fatores-que-contribuiram-para-queda-do-aviao-da-voepass\/","url_meta":{"origin":88490,"position":4},"title":"Cenipa aponta 19 fatores que contribu\u00edram para a queda do avi\u00e3o da Voepass","author":"noticiasribeiraopreto.com.br","date":"23 de July de 2026","format":false,"excerpt":"A FAB (For\u00e7a A\u00e9rea Brasileira) divulgou nesta quinta-feira (23), em Bras\u00edlia, o relat\u00f3rio final das causas da queda do avi\u00e3o da Voepass, sediada em Ribeir\u00e3o Preto, que matou 62 pessoas, em Vinhedo, no interior de S\u00e3o Paulo, em agosto de 2024. A investiga\u00e7\u00e3o realizada pelo Cenipa (Centro de Investiga\u00e7\u00e3o e\u2026","rel":"","context":"In &quot;Not\u00edcias de Ribeir\u00e3o Preto-SP e Regi\u00e3o&quot;","block_context":{"text":"Not\u00edcias de Ribeir\u00e3o Preto-SP e Regi\u00e3o","link":"https:\/\/noticiasribeiraopreto.com.br\/index.php\/category\/noticias-de-ribeirao-preto-sp-e-regiao-ismael-colosi\/"},"img":{"alt_text":"","src":"https:\/\/i0.wp.com\/noticiasribeiraopreto.com.br\/wp-content\/uploads\/2024\/08\/voepass-aviao_2024-08-10_20-45-38_jpg_2024-08-10_20-45-38.webp.webp?fit=1159%2C683&ssl=1&resize=350%2C200","width":350,"height":200,"srcset":"https:\/\/i0.wp.com\/noticiasribeiraopreto.com.br\/wp-content\/uploads\/2024\/08\/voepass-aviao_2024-08-10_20-45-38_jpg_2024-08-10_20-45-38.webp.webp?fit=1159%2C683&ssl=1&resize=350%2C200 1x, https:\/\/i0.wp.com\/noticiasribeiraopreto.com.br\/wp-content\/uploads\/2024\/08\/voepass-aviao_2024-08-10_20-45-38_jpg_2024-08-10_20-45-38.webp.webp?fit=1159%2C683&ssl=1&resize=525%2C300 1.5x, https:\/\/i0.wp.com\/noticiasribeiraopreto.com.br\/wp-content\/uploads\/2024\/08\/voepass-aviao_2024-08-10_20-45-38_jpg_2024-08-10_20-45-38.webp.webp?fit=1159%2C683&ssl=1&resize=700%2C400 2x, https:\/\/i0.wp.com\/noticiasribeiraopreto.com.br\/wp-content\/uploads\/2024\/08\/voepass-aviao_2024-08-10_20-45-38_jpg_2024-08-10_20-45-38.webp.webp?fit=1159%2C683&ssl=1&resize=1050%2C600 3x"},"classes":[]},{"id":87728,"url":"https:\/\/noticiasribeiraopreto.com.br\/index.php\/2026\/07\/08\/queda-de-aviao-da-voepass-cenipa-aponta-distracao-de-pilotos-seguranca-fragil-e-omissao\/","url_meta":{"origin":88490,"position":5},"title":"Queda de avi\u00e3o da Voepass: Cenipa aponta distra\u00e7\u00e3o de pilotos, seguran\u00e7a fr\u00e1gil e omiss\u00e3o","author":"noticiasribeiraopreto.com.br","date":"8 de July de 2026","format":false,"excerpt":"O Cenipa (Centro de Investiga\u00e7\u00e3o e Preven\u00e7\u00e3o de Acidentes Aeron\u00e1uticos) aponta no relat\u00f3rio final do acidente com o avi\u00e3o da Voepass uma s\u00e9rie de falhas que contribu\u00edram para a queda da aeronave da companhia em agosto de 2024, que resultou na morte de 62 pessoas, em Vinhedo, no interior de\u2026","rel":"","context":"In &quot;Not\u00edcias de Ribeir\u00e3o Preto-SP e Regi\u00e3o&quot;","block_context":{"text":"Not\u00edcias de Ribeir\u00e3o Preto-SP e Regi\u00e3o","link":"https:\/\/noticiasribeiraopreto.com.br\/index.php\/category\/noticias-de-ribeirao-preto-sp-e-regiao-ismael-colosi\/"},"img":{"alt_text":"","src":"https:\/\/i0.wp.com\/noticiasribeiraopreto.com.br\/wp-content\/uploads\/2024\/08\/voepass-aviao_2024-08-10_20-45-38_jpg_2024-08-10_20-45-38.webp.webp?fit=1159%2C683&ssl=1&resize=350%2C200","width":350,"height":200,"srcset":"https:\/\/i0.wp.com\/noticiasribeiraopreto.com.br\/wp-content\/uploads\/2024\/08\/voepass-aviao_2024-08-10_20-45-38_jpg_2024-08-10_20-45-38.webp.webp?fit=1159%2C683&ssl=1&resize=350%2C200 1x, https:\/\/i0.wp.com\/noticiasribeiraopreto.com.br\/wp-content\/uploads\/2024\/08\/voepass-aviao_2024-08-10_20-45-38_jpg_2024-08-10_20-45-38.webp.webp?fit=1159%2C683&ssl=1&resize=525%2C300 1.5x, https:\/\/i0.wp.com\/noticiasribeiraopreto.com.br\/wp-content\/uploads\/2024\/08\/voepass-aviao_2024-08-10_20-45-38_jpg_2024-08-10_20-45-38.webp.webp?fit=1159%2C683&ssl=1&resize=700%2C400 2x, https:\/\/i0.wp.com\/noticiasribeiraopreto.com.br\/wp-content\/uploads\/2024\/08\/voepass-aviao_2024-08-10_20-45-38_jpg_2024-08-10_20-45-38.webp.webp?fit=1159%2C683&ssl=1&resize=1050%2C600 3x"},"classes":[]}],"jetpack_sharing_enabled":true,"jetpack_shortlink":"https:\/\/wp.me\/peQAOb-n1g","jetpack_featured_media_url":"https:\/\/i0.wp.com\/noticiasribeiraopreto.com.br\/wp-content\/uploads\/2024\/08\/aviao-voepass_2024-08-10_20-33-39_jpg_2024-08-10_20-33-39.webp.webp?fit=952%2C528&ssl=1","_links":{"self":[{"href":"https:\/\/noticiasribeiraopreto.com.br\/index.php\/wp-json\/wp\/v2\/posts\/88490","targetHints":{"allow":["GET"]}}],"collection":[{"href":"https:\/\/noticiasribeiraopreto.com.br\/index.php\/wp-json\/wp\/v2\/posts"}],"about":[{"href":"https:\/\/noticiasribeiraopreto.com.br\/index.php\/wp-json\/wp\/v2\/types\/post"}],"author":[{"embeddable":true,"href":"https:\/\/noticiasribeiraopreto.com.br\/index.php\/wp-json\/wp\/v2\/users\/1"}],"replies":[{"embeddable":true,"href":"https:\/\/noticiasribeiraopreto.com.br\/index.php\/wp-json\/wp\/v2\/comments?post=88490"}],"version-history":[{"count":0,"href":"https:\/\/noticiasribeiraopreto.com.br\/index.php\/wp-json\/wp\/v2\/posts\/88490\/revisions"}],"wp:featuredmedia":[{"embeddable":true,"href":"https:\/\/noticiasribeiraopreto.com.br\/index.php\/wp-json\/wp\/v2\/media\/56191"}],"wp:attachment":[{"href":"https:\/\/noticiasribeiraopreto.com.br\/index.php\/wp-json\/wp\/v2\/media?parent=88490"}],"wp:term":[{"taxonomy":"category","embeddable":true,"href":"https:\/\/noticiasribeiraopreto.com.br\/index.php\/wp-json\/wp\/v2\/categories?post=88490"},{"taxonomy":"post_tag","embeddable":true,"href":"https:\/\/noticiasribeiraopreto.com.br\/index.php\/wp-json\/wp\/v2\/tags?post=88490"}],"curies":[{"name":"wp","href":"https:\/\/api.w.org\/{rel}","templated":true}]}}