{"id":88491,"date":"2026-07-20T18:06:04","date_gmt":"2026-07-20T21:06:04","guid":{"rendered":"https:\/\/noticiasribeiraopreto.com.br\/index.php\/2026\/07\/20\/padre-assume-funcao-de-exorcista-na-arquidiocese-de-ribeirao-preto\/"},"modified":"2026-07-20T18:06:04","modified_gmt":"2026-07-20T21:06:04","slug":"padre-assume-funcao-de-exorcista-na-arquidiocese-de-ribeirao-preto","status":"publish","type":"post","link":"https:\/\/noticiasribeiraopreto.com.br\/index.php\/2026\/07\/20\/padre-assume-funcao-de-exorcista-na-arquidiocese-de-ribeirao-preto\/","title":{"rendered":"Padre assume fun\u00e7\u00e3o de exorcista na Arquidiocese de Ribeir\u00e3o Preto"},"content":{"rendered":"<div class='code-block code-block-1' style='margin: 8px 0 8px auto; text-align: right; display: block; clear: both;'>\n<p><a href=\"https:\/\/wa.link\/vpicfd\"><img data-recalc-dims=\"1\" class=\"wp-image-4922\" style=\"aspect-ratio: 2.0253164556962027; width: 561px; height: auto;\" src=\"https:\/\/i0.wp.com\/ismaelcolosi.com.br\/wp-content\/uploads\/2023\/11\/grupo-de-empregos-whatsapp-e-facebook-ismael-colosi-vagas.jpg?ssl=1\" alt=\"\" \/><\/a><\/p>\n<!-- \/wp:image -->\n<\/div>\n<p> <br \/>\n<\/p>\n<p>A Arquidiocese Metropolitana de Ribeir\u00e3o Preto nomeou o padre <strong>Kleber Tostes Pedro<\/strong> para exercer a fun\u00e7\u00e3o de <strong>exorcista arquidiocesano<\/strong>. O decreto foi assinado pelo arcebispo metropolitano, <strong>Dom Moacir Silva<\/strong>, e entrou em vigor em <strong>26 de junho de 2026<\/strong>.<\/p>\n<p>Segundo o documento, a nomea\u00e7\u00e3o atende \u00e0s necessidades espirituais da arquidiocese e segue as normas do <strong>C\u00f3digo de Direito Can\u00f4nico<\/strong>, que determinam que apenas sacerdotes autorizados pelo bispo podem realizar o rito do exorcismo.<\/p>\n<div class=\"wp-block-image\">\n<figure class=\"aligncenter size-full is-resized\"><\/figure>\n<\/div>\n<p class=\"has-text-align-center has-small-font-size\"><em>Receba not\u00edcias do\u00a0<strong>acidade on Ribeir\u00e3o\u00a0<\/strong>no WhatsApp e fique por dentro de tudo! Basta acessar o link<a href=\"https:\/\/chat.whatsapp.com\/DfXwcjKVIddHUT3BvnQuPZ?mode=hqctshi\" target=\"_blank\" rel=\"noreferrer noopener\">\u00a0aqui<\/a>!<\/em><\/p>\n<h2 class=\"wp-block-heading\">Padre recebeu autoriza\u00e7\u00e3o para celebrar o Exorcismo Maior<\/h2>\n<p>O decreto concede ao padre a faculdade de celebrar o <strong>Rito do Exorcismo Maior<\/strong> em favor de fi\u00e9is que necessitarem, desde que haja observ\u00e2ncia ao ritual aprovado pela Santa S\u00e9 e acompanhamento do arcebispo metropolitano.<\/p>\n<p>O texto tamb\u00e9m afirma que a escolha considerou a prepara\u00e7\u00e3o espec\u00edfica, o conhecimento doutrin\u00e1rio, a prud\u00eancia e a reta inten\u00e7\u00e3o do sacerdote para exercer o minist\u00e9rio.<\/p>\n<p>A provis\u00e3o possui validade por tempo indeterminado, permanecendo em vigor at\u00e9 eventual determina\u00e7\u00e3o em contr\u00e1rio da Arquidiocese.<\/p>\n<figure class=\"wp-block-gallery has-nested-images columns-default is-cropped wp-block-gallery-3 is-layout-flex wp-block-gallery-is-layout-flex\">\n<figure class=\"wp-block-image size-large\"><img data-recalc-dims=\"1\" loading=\"lazy\" decoding=\"async\" width=\"768\" height=\"1024\" data-id=\"166755\" src=\"https:\/\/i0.wp.com\/www.acidadeon.com\/ribeiraopreto\/wp-content\/uploads\/sites\/3\/2026\/07\/SaveClip.App_750493461_18057917858772583_8536914613391035064_n-768x1024.jpg?resize=768%2C1024&#038;ssl=1\" alt=\"SaveClip.App 750493461 18057917858772583 8536914613391035064 n\" class=\"wp-image-166755\" title=\"Padre assume fun\u00e7\u00e3o de exorcista na Arquidiocese de Ribeir\u00e3o Preto 9\" \/><figcaption class=\"wp-element-caption\">Foto: Reprodu\u00e7\u00e3o\/ Instagram<\/figcaption><\/figure>\n<figure class=\"wp-block-image size-large\"><img data-recalc-dims=\"1\" loading=\"lazy\" decoding=\"async\" width=\"768\" height=\"1024\" data-id=\"166756\" src=\"https:\/\/i0.wp.com\/www.acidadeon.com\/ribeiraopreto\/wp-content\/uploads\/sites\/3\/2026\/07\/SaveClip.App_750798215_18057917864772583_185471802094282059_n-768x1024.jpg?resize=768%2C1024&#038;ssl=1\" alt=\"SaveClip.App 750798215 18057917864772583 185471802094282059 n\" class=\"wp-image-166756\" title=\"Padre assume fun\u00e7\u00e3o de exorcista na Arquidiocese de Ribeir\u00e3o Preto 10\" \/><figcaption class=\"wp-element-caption\">Foto: Reprodu\u00e7\u00e3o\/ Instagram<\/figcaption><\/figure>\n<\/figure>\n<hr class=\"wp-block-separator has-alpha-channel-opacity\" \/>\n<p class=\"has-text-align-center has-small-font-size\"><em>Fa\u00e7a uma den\u00fancia ou sugira uma reportagem sobre\u00a0<strong>Ribeir\u00e3o Preto\u00a0<\/strong>e regi\u00e3o por meio do WhatsApp do\u00a0<strong>acidade on Ribeir\u00e3o<\/strong>: (16) 99117-7802.<\/em><\/p>\n<p>O post Padre assume fun\u00e7\u00e3o de exorcista na Arquidiocese de Ribeir\u00e3o Preto apareceu primeiro em ACidade ON Ribeir\u00e3o Preto.<\/p>\n<p><br \/>\n<br \/><a href=\"https:\/\/www.acidadeon.com\/ribeiraopreto\/cotidiano\/padre-assume-funcao-de-exorcista-na-arquidiocese-de-ribeirao-preto\/\">Link para o texto original aqui <\/a><\/p>\n<!-- CONTENT END 1 -->\n","protected":false},"excerpt":{"rendered":"<p>A Arquidiocese Metropolitana de Ribeir\u00e3o Preto nomeou o padre Kleber Tostes Pedro para exercer a fun\u00e7\u00e3o de exorcista arquidiocesano. O decreto foi assinado pelo arcebispo&#8230;<\/p>\n","protected":false},"author":1,"featured_media":88492,"comment_status":"","ping_status":"","sticky":false,"template":"","format":"standard","meta":{"advanced_seo_description":"","jetpack_seo_html_title":"","jetpack_seo_noindex":false,"jetpack_seo_schema_type":"","_jetpack_newsletter_access":"","_jetpack_dont_email_post_to_subs":false,"_jetpack_newsletter_tier_id":0,"_jetpack_memberships_contains_paywalled_content":false,"_jetpack_feature_clip_id":0,"_jetpack_memberships_contains_paid_content":false,"footnotes":"","jetpack_publicize_message":"","jetpack_publicize_feature_enabled":true,"jetpack_social_post_already_shared":true,"jetpack_social_options":{"image_generator_settings":{"template":"highway","default_image_id":0,"font":"","enabled":false},"version":2},"jetpack_post_was_ever_published":false},"categories":[11],"tags":[7888,4613,7887,1781,3006,27,26],"class_list":["post-88491","post","type-post","status-publish","format-standard","has-post-thumbnail","hentry","category-noticias-de-ribeirao-preto-sp-e-regiao-ismael-colosi","tag-arquidiocese","tag-assume","tag-exorcista","tag-funcao","tag-padre","tag-preto","tag-ribeirao"],"jetpack_publicize_connections":[],"jetpack-related-posts":[{"id":88957,"url":"https:\/\/noticiasribeiraopreto.com.br\/index.php\/2026\/07\/28\/exorcista\/","url_meta":{"origin":88491,"position":0},"title":"Nomeado exorcista: Padre Kleber Explica os Novos Desafios","author":"noticiasribeiraopreto.com.br","date":"28 de July de 2026","format":false,"excerpt":"A Arquidiocese de Ribeir\u00e3o Preto passou a contar oficialmente com um padre exorcista para atuar no acompanhamento de casos que necessitam de discernimento espiritual. A miss\u00e3o foi confiada ao padre Kl\u00e9ber Tostes, nomeado pelo arcebispo Dom Moacir para exercer esse servi\u00e7o em toda a arquidiocese, que re\u00fane mais de 100\u2026","rel":"","context":"In &quot;Not\u00edcias de Ribeir\u00e3o Preto-SP e Regi\u00e3o&quot;","block_context":{"text":"Not\u00edcias de Ribeir\u00e3o Preto-SP e Regi\u00e3o","link":"https:\/\/noticiasribeiraopreto.com.br\/index.php\/category\/noticias-de-ribeirao-preto-sp-e-regiao-ismael-colosi\/"},"img":{"alt_text":"","src":"https:\/\/i0.wp.com\/noticiasribeiraopreto.com.br\/wp-content\/uploads\/2026\/07\/INFORME-ONTUDO-EP-INFORME-17.png?fit=1200%2C800&ssl=1&resize=350%2C200","width":350,"height":200,"srcset":"https:\/\/i0.wp.com\/noticiasribeiraopreto.com.br\/wp-content\/uploads\/2026\/07\/INFORME-ONTUDO-EP-INFORME-17.png?fit=1200%2C800&ssl=1&resize=350%2C200 1x, https:\/\/i0.wp.com\/noticiasribeiraopreto.com.br\/wp-content\/uploads\/2026\/07\/INFORME-ONTUDO-EP-INFORME-17.png?fit=1200%2C800&ssl=1&resize=525%2C300 1.5x, https:\/\/i0.wp.com\/noticiasribeiraopreto.com.br\/wp-content\/uploads\/2026\/07\/INFORME-ONTUDO-EP-INFORME-17.png?fit=1200%2C800&ssl=1&resize=700%2C400 2x, https:\/\/i0.wp.com\/noticiasribeiraopreto.com.br\/wp-content\/uploads\/2026\/07\/INFORME-ONTUDO-EP-INFORME-17.png?fit=1200%2C800&ssl=1&resize=1050%2C600 3x"},"classes":[]},{"id":88603,"url":"https:\/\/noticiasribeiraopreto.com.br\/index.php\/2026\/07\/22\/padre-de-rp-e-nomeado-exorcista\/","url_meta":{"origin":88491,"position":1},"title":"Padre de Ribeir\u00e3o \u00e9 nomeado \u2018exorcista\u2019","author":"noticiasribeiraopreto.com.br","date":"22 de July de 2026","format":false,"excerpt":"\r \r \r 22 de julho de 2026 15:5222 de julho de 2026 15:53 \r Compartilhar0 Com a nomea\u00e7\u00e3o, padre Kleber Tostes Pedro obt\u00e9m autoriza\u00e7\u00e3o expressa para celebrar o rito do \u201cexorcismo maior\u201d O arcebispo metropolitano Dom Moacir Silva nomeou, na \u00faltima segunda-feira, 20 de julho, o padre Kleber Tostes\u2026","rel":"","context":"In &quot;Not\u00edcias de Ribeir\u00e3o Preto-SP e Regi\u00e3o&quot;","block_context":{"text":"Not\u00edcias de Ribeir\u00e3o Preto-SP e Regi\u00e3o","link":"https:\/\/noticiasribeiraopreto.com.br\/index.php\/category\/noticias-de-ribeirao-preto-sp-e-regiao-ismael-colosi\/"},"img":{"alt_text":"","src":"https:\/\/i0.wp.com\/noticiasribeiraopreto.com.br\/wp-content\/uploads\/2026\/07\/Exorcista-Alfredo-Risk-scaled.jpg?fit=519%2C780&ssl=1&resize=350%2C200","width":350,"height":200},"classes":[]},{"id":90065,"url":"https:\/\/noticiasribeiraopreto.com.br\/index.php\/2026\/08\/16\/conego-eloy-pupin-morre-aos-92-anos-no-interior-de-sp\/","url_meta":{"origin":88491,"position":2},"title":"C\u00f4nego Eloy Pupin morre aos 92 anos no interior de SP","author":"noticiasribeiraopreto.com.br","date":"16 de August de 2026","format":false,"excerpt":"Morreu aos 92 anos, neste domingo (16), o C\u00f4nego Eloy Pupin, em Batatais, cidade na regi\u00e3o de Ribeir\u00e3o Preto. O religioso dedicou mais de cinco d\u00e9cadas ao sacerd\u00f3cio e marcou gera\u00e7\u00f5es de moradores. Conhecido como Padre Eloy, ele esteve \u00e0 frente da Igreja Matriz Senhor Bom Jesus da Cana Verde,\u2026","rel":"","context":"In &quot;Not\u00edcias de Ribeir\u00e3o Preto-SP e Regi\u00e3o&quot;","block_context":{"text":"Not\u00edcias de Ribeir\u00e3o Preto-SP e Regi\u00e3o","link":"https:\/\/noticiasribeiraopreto.com.br\/index.php\/category\/noticias-de-ribeirao-preto-sp-e-regiao-ismael-colosi\/"},"img":{"alt_text":"","src":"https:\/\/i0.wp.com\/noticiasribeiraopreto.com.br\/wp-content\/uploads\/2026\/08\/doacao-de-sangue-4.jpg?fit=1200%2C675&ssl=1&resize=350%2C200","width":350,"height":200,"srcset":"https:\/\/i0.wp.com\/noticiasribeiraopreto.com.br\/wp-content\/uploads\/2026\/08\/doacao-de-sangue-4.jpg?fit=1200%2C675&ssl=1&resize=350%2C200 1x, https:\/\/i0.wp.com\/noticiasribeiraopreto.com.br\/wp-content\/uploads\/2026\/08\/doacao-de-sangue-4.jpg?fit=1200%2C675&ssl=1&resize=525%2C300 1.5x, https:\/\/i0.wp.com\/noticiasribeiraopreto.com.br\/wp-content\/uploads\/2026\/08\/doacao-de-sangue-4.jpg?fit=1200%2C675&ssl=1&resize=700%2C400 2x, https:\/\/i0.wp.com\/noticiasribeiraopreto.com.br\/wp-content\/uploads\/2026\/08\/doacao-de-sangue-4.jpg?fit=1200%2C675&ssl=1&resize=1050%2C600 3x"},"classes":[]},{"id":89987,"url":"https:\/\/noticiasribeiraopreto.com.br\/index.php\/2026\/08\/14\/policia-pede-prisao-preventiva-de-padre-de-bonfim-paulista\/","url_meta":{"origin":88491,"position":3},"title":"Pol\u00edcia pede pris\u00e3o preventiva de padre de Bonfim Paulista","author":"noticiasribeiraopreto.com.br","date":"14 de August de 2026","format":false,"excerpt":"\r Com a conclus\u00e3o do inqu\u00e9rito, padre M\u00e1rio Reis foi indiciado por estupro de vulner\u00e1vel e importuna\u00e7\u00e3o sexual; pedido de pris\u00e3o ser\u00e1 analisado pela Justi\u00e7a\r \r 14 de agosto de 2026 12:42 \r Compartilhar0 | Por: Adalberto Luque | A Pol\u00edcia Civil concluiu o inqu\u00e9rito que investigava o padre M\u00e1rio\u2026","rel":"","context":"In &quot;Not\u00edcias de Ribeir\u00e3o Preto-SP e Regi\u00e3o&quot;","block_context":{"text":"Not\u00edcias de Ribeir\u00e3o Preto-SP e Regi\u00e3o","link":"https:\/\/noticiasribeiraopreto.com.br\/index.php\/category\/noticias-de-ribeirao-preto-sp-e-regiao-ismael-colosi\/"},"img":{"alt_text":"","src":"https:\/\/i0.wp.com\/noticiasribeiraopreto.com.br\/wp-content\/uploads\/2026\/08\/14-ago-2026-padremarioreis1.jpg?fit=484%2C413&ssl=1&resize=350%2C200","width":350,"height":200},"classes":[]},{"id":86177,"url":"https:\/\/noticiasribeiraopreto.com.br\/index.php\/2026\/06\/03\/padre-e-denunciado-por-abuso-sexual-de-adolescentes-em-rp\/","url_meta":{"origin":88491,"position":4},"title":"Padre \u00e9 denunciado por abuso sexual de adolescentes em RP","author":"noticiasribeiraopreto.com.br","date":"3 de June de 2026","format":false,"excerpt":"| Por: Adalberto Luque | O padre de uma igreja cat\u00f3lica, na zona Sul de Ribeir\u00e3o Preto, foi denunciado por crimes sexuais praticados contra alguns adolescentes. O padre exercia suas fun\u00e7\u00f5es can\u00f4nicas na Par\u00f3quia Senhor Bom Jesus do Bonfim, em Bonfim Paulista, zona Sul de Ribeir\u00e3o Preto. O caso corre\u2026","rel":"","context":"In &quot;Not\u00edcias de Ribeir\u00e3o Preto-SP e Regi\u00e3o&quot;","block_context":{"text":"Not\u00edcias de Ribeir\u00e3o Preto-SP e Regi\u00e3o","link":"https:\/\/noticiasribeiraopreto.com.br\/index.php\/category\/noticias-de-ribeirao-preto-sp-e-regiao-ismael-colosi\/"},"img":{"alt_text":"","src":"https:\/\/i0.wp.com\/noticiasribeiraopreto.com.br\/wp-content\/uploads\/2026\/06\/03-juln-2026-padreafastado-scaled.jpg?fit=1170%2C780&ssl=1&resize=350%2C200","width":350,"height":200,"srcset":"https:\/\/i0.wp.com\/noticiasribeiraopreto.com.br\/wp-content\/uploads\/2026\/06\/03-juln-2026-padreafastado-scaled.jpg?fit=1170%2C780&ssl=1&resize=350%2C200 1x, https:\/\/i0.wp.com\/noticiasribeiraopreto.com.br\/wp-content\/uploads\/2026\/06\/03-juln-2026-padreafastado-scaled.jpg?fit=1170%2C780&ssl=1&resize=525%2C300 1.5x, https:\/\/i0.wp.com\/noticiasribeiraopreto.com.br\/wp-content\/uploads\/2026\/06\/03-juln-2026-padreafastado-scaled.jpg?fit=1170%2C780&ssl=1&resize=700%2C400 2x, https:\/\/i0.wp.com\/noticiasribeiraopreto.com.br\/wp-content\/uploads\/2026\/06\/03-juln-2026-padreafastado-scaled.jpg?fit=1170%2C780&ssl=1&resize=1050%2C600 3x"},"classes":[]},{"id":70211,"url":"https:\/\/noticiasribeiraopreto.com.br\/index.php\/2025\/05\/23\/leao-xiv-desmembra-arquidiocese-de-rp\/","url_meta":{"origin":88491,"position":5},"title":"Le\u00e3o XIV desmembra arquidiocese de RP","author":"noticiasribeiraopreto.com.br","date":"23 de May de 2025","format":false,"excerpt":"O papa Le\u00e3o XIV elevou a diocese de S\u00e3o Jos\u00e9 do Rio Preto \u00e0 categoria de arquidiocese, desmembrando-a da Arquidiocese de Ribeir\u00e3o Preto. O bispo Dom Ant\u00f4nio Em\u00eddio Vilar passa a ser arcebispo metropolitano. \u00c9 a primeira criada em todo o mundo cat\u00f3lico pelo novo pont\u00edfice, desde que ele foi\u2026","rel":"","context":"In &quot;Not\u00edcias de Ribeir\u00e3o Preto-SP e Regi\u00e3o&quot;","block_context":{"text":"Not\u00edcias de Ribeir\u00e3o Preto-SP e Regi\u00e3o","link":"https:\/\/noticiasribeiraopreto.com.br\/index.php\/category\/noticias-de-ribeirao-preto-sp-e-regiao-ismael-colosi\/"},"img":{"alt_text":"","src":"https:\/\/i0.wp.com\/noticiasribeiraopreto.com.br\/wp-content\/uploads\/2025\/05\/Dom-Emidio-nomeado.jpeg?fit=797%2C1200&ssl=1&resize=350%2C200","width":350,"height":200,"srcset":"https:\/\/i0.wp.com\/noticiasribeiraopreto.com.br\/wp-content\/uploads\/2025\/05\/Dom-Emidio-nomeado.jpeg?fit=797%2C1200&ssl=1&resize=350%2C200 1x, https:\/\/i0.wp.com\/noticiasribeiraopreto.com.br\/wp-content\/uploads\/2025\/05\/Dom-Emidio-nomeado.jpeg?fit=797%2C1200&ssl=1&resize=525%2C300 1.5x, https:\/\/i0.wp.com\/noticiasribeiraopreto.com.br\/wp-content\/uploads\/2025\/05\/Dom-Emidio-nomeado.jpeg?fit=797%2C1200&ssl=1&resize=700%2C400 2x"},"classes":[]}],"jetpack_sharing_enabled":true,"jetpack_shortlink":"https:\/\/wp.me\/peQAOb-n1h","jetpack_featured_media_url":"https:\/\/i0.wp.com\/noticiasribeiraopreto.com.br\/wp-content\/uploads\/2026\/07\/ELEICOES-2026.png?fit=1200%2C675&ssl=1","_links":{"self":[{"href":"https:\/\/noticiasribeiraopreto.com.br\/index.php\/wp-json\/wp\/v2\/posts\/88491","targetHints":{"allow":["GET"]}}],"collection":[{"href":"https:\/\/noticiasribeiraopreto.com.br\/index.php\/wp-json\/wp\/v2\/posts"}],"about":[{"href":"https:\/\/noticiasribeiraopreto.com.br\/index.php\/wp-json\/wp\/v2\/types\/post"}],"author":[{"embeddable":true,"href":"https:\/\/noticiasribeiraopreto.com.br\/index.php\/wp-json\/wp\/v2\/users\/1"}],"replies":[{"embeddable":true,"href":"https:\/\/noticiasribeiraopreto.com.br\/index.php\/wp-json\/wp\/v2\/comments?post=88491"}],"version-history":[{"count":0,"href":"https:\/\/noticiasribeiraopreto.com.br\/index.php\/wp-json\/wp\/v2\/posts\/88491\/revisions"}],"wp:featuredmedia":[{"embeddable":true,"href":"https:\/\/noticiasribeiraopreto.com.br\/index.php\/wp-json\/wp\/v2\/media\/88492"}],"wp:attachment":[{"href":"https:\/\/noticiasribeiraopreto.com.br\/index.php\/wp-json\/wp\/v2\/media?parent=88491"}],"wp:term":[{"taxonomy":"category","embeddable":true,"href":"https:\/\/noticiasribeiraopreto.com.br\/index.php\/wp-json\/wp\/v2\/categories?post=88491"},{"taxonomy":"post_tag","embeddable":true,"href":"https:\/\/noticiasribeiraopreto.com.br\/index.php\/wp-json\/wp\/v2\/tags?post=88491"}],"curies":[{"name":"wp","href":"https:\/\/api.w.org\/{rel}","templated":true}]}}