{"id":88500,"date":"2026-07-20T21:59:49","date_gmt":"2026-07-21T00:59:49","guid":{"rendered":"https:\/\/noticiasribeiraopreto.com.br\/index.php\/2026\/07\/20\/interdicao-parcial-altera-o-transito-de-avenida-em-ribeirao-preto-por-15-dias\/"},"modified":"2026-07-20T21:59:49","modified_gmt":"2026-07-21T00:59:49","slug":"interdicao-parcial-altera-o-transito-de-avenida-em-ribeirao-preto-por-15-dias","status":"publish","type":"post","link":"https:\/\/noticiasribeiraopreto.com.br\/index.php\/2026\/07\/20\/interdicao-parcial-altera-o-transito-de-avenida-em-ribeirao-preto-por-15-dias\/","title":{"rendered":"Interdi\u00e7\u00e3o parcial altera o tr\u00e2nsito de avenida em Ribeir\u00e3o Preto por 15 dias"},"content":{"rendered":"<div class='code-block code-block-1' style='margin: 8px 0 8px auto; text-align: right; display: block; clear: both;'>\n<p><a href=\"https:\/\/wa.link\/vpicfd\"><img data-recalc-dims=\"1\" class=\"wp-image-4922\" style=\"aspect-ratio: 2.0253164556962027; width: 561px; height: auto;\" src=\"https:\/\/i0.wp.com\/ismaelcolosi.com.br\/wp-content\/uploads\/2023\/11\/grupo-de-empregos-whatsapp-e-facebook-ismael-colosi-vagas.jpg?ssl=1\" alt=\"\" \/><\/a><\/p>\n<!-- \/wp:image -->\n<\/div>\n<p> <br \/>\n<\/p>\n<p>A <strong>avenida Professora Din\u00e1 Rizzi<\/strong>, em Ribeir\u00e3o Preto, <strong>ter\u00e1 interdi\u00e7\u00e3o parcial a partir das 9h desta quarta-feira (22)<\/strong>. A obra para implanta\u00e7\u00e3o de uma rede de esgoto vai alterar o tr\u00e2nsito no sentido <strong>Anhanguera\/Bairro<\/strong>, no trecho entre as <strong>ruas Jo\u00e3o Florenzano e M\u00e1rio Patton<\/strong>, no Parque C\u00e2ndido Portinari, zona Leste da cidade.<\/p>\n<p>A interven\u00e7\u00e3o vai ocupar o canteiro central e a faixa da esquerda da avenida. A construtora Pacaembu executar\u00e1 os servi\u00e7os para atender um empreendimento habitacional.<\/p>\n<div class=\"wp-block-image\">\n<figure class=\"aligncenter size-large\"><figcaption class=\"wp-element-caption\">Foto: RP Mobi<\/figcaption><\/figure>\n<\/div>\n<p class=\"has-text-align-center has-small-font-size\"><em>Receba not\u00edcias do\u00a0<strong>acidade on Ribeir\u00e3o\u00a0<\/strong>no WhatsApp e fique por dentro de tudo! Basta acessar o link<a href=\"https:\/\/chat.whatsapp.com\/DfXwcjKVIddHUT3BvnQuPZ?mode=hqctshi\" target=\"_blank\" rel=\"noreferrer noopener\">\u00a0aqui<\/a>!<\/em><\/p>\n<h2 class=\"wp-block-heading\">Interdi\u00e7\u00e3o <\/h2>\n<p>A RP Mobi informou que a interdi\u00e7\u00e3o parcial deve permanecer por aproximadamente 15 dias.<\/p>\n<p>Durante esse per\u00edodo, os motoristas poder\u00e3o acessar o bairro somente pela faixa da direita, onde haver\u00e1 estreitamento da pista.<\/p>\n<figure class=\"wp-block-gallery has-nested-images columns-default is-cropped wp-block-gallery-1 is-layout-flex wp-block-gallery-is-layout-flex\">\n<figure class=\"wp-block-image size-large\"><img data-recalc-dims=\"1\" loading=\"lazy\" decoding=\"async\" width=\"1024\" height=\"576\" data-id=\"143399\" src=\"https:\/\/i0.wp.com\/www.acidadeon.com\/ribeiraopreto\/wp-content\/uploads\/sites\/3\/2026\/01\/domingo-9_2026-01-24_18-07-25-1024x576.webp?resize=1024%2C576&#038;ssl=1\" alt=\"Obra da Saerp interdita avenida Maur\u00edlio Biagi - Foto: arquivo\/ acidade on.\" class=\"wp-image-143399\" title=\"Interdi\u00e7\u00e3o parcial altera o tr\u00e2nsito de avenida em Ribeir\u00e3o Preto por 15 dias 2\" \/><figcaption class=\"wp-element-caption\"> Foto: arquivo\/ acidade on.<\/figcaption><\/figure>\n<figure class=\"wp-block-image size-large\"><img data-recalc-dims=\"1\" loading=\"lazy\" decoding=\"async\" width=\"1024\" height=\"683\" data-id=\"147304\" src=\"https:\/\/i0.wp.com\/www.acidadeon.com\/ribeiraopreto\/wp-content\/uploads\/sites\/3\/2026\/03\/carros_transerp_2__2026-03-02_18-03-41-1024x683.webp?resize=1024%2C683&#038;ssl=1\" alt=\"tr\u00e2nsito\" class=\"wp-image-147304\" title=\"Interdi\u00e7\u00e3o parcial altera o tr\u00e2nsito de avenida em Ribeir\u00e3o Preto por 15 dias 3\" \/><figcaption class=\"wp-element-caption\">(Foto: Divulga\u00e7\u00e3o)<\/figcaption><\/figure>\n<\/figure>\n<p>A RP Mobi orienta os condutores a reduzirem a velocidade ao passar pelo trecho em obras, respeitarem a sinaliza\u00e7\u00e3o tempor\u00e1ria e seguirem as orienta\u00e7\u00f5es dos agentes de tr\u00e2nsito. A empresa tamb\u00e9m recomenda aten\u00e7\u00e3o redobrada devido ao estreitamento da via.<\/p>\n<hr class=\"wp-block-separator has-alpha-channel-opacity\" \/>\n<p class=\"has-text-align-center has-small-font-size\"><em>Fa\u00e7a uma den\u00fancia ou sugira uma reportagem sobre\u00a0<strong>Ribeir\u00e3o Preto\u00a0<\/strong>e regi\u00e3o por meio do WhatsApp do\u00a0<strong>acidade on Ribeir\u00e3o<\/strong>: (16) 99117-7802.<\/em><\/p>\n<\/p>\n<p>O post Interdi\u00e7\u00e3o parcial altera o tr\u00e2nsito de avenida em Ribeir\u00e3o Preto por 15 dias apareceu primeiro em ACidade ON Ribeir\u00e3o Preto.<\/p>\n<p><br \/>\n<br \/><a href=\"https:\/\/www.acidadeon.com\/ribeiraopreto\/cotidiano\/interdicao-parcial-altera-o-transito-de-avenida-em-ribeirao-preto-por-15-dias\/\">Link para o texto original aqui <\/a><\/p>\n<!-- CONTENT END 1 -->\n","protected":false},"excerpt":{"rendered":"<p>A avenida Professora Din\u00e1 Rizzi, em Ribeir\u00e3o Preto, ter\u00e1 interdi\u00e7\u00e3o parcial a partir das 9h desta quarta-feira (22). A obra para implanta\u00e7\u00e3o de uma rede&#8230;<\/p>\n","protected":false},"author":1,"featured_media":88501,"comment_status":"","ping_status":"","sticky":false,"template":"","format":"standard","meta":{"advanced_seo_description":"","jetpack_seo_html_title":"","jetpack_seo_noindex":false,"jetpack_seo_schema_type":"","_jetpack_newsletter_access":"","_jetpack_dont_email_post_to_subs":false,"_jetpack_newsletter_tier_id":0,"_jetpack_memberships_contains_paywalled_content":false,"_jetpack_feature_clip_id":0,"_jetpack_memberships_contains_paid_content":false,"footnotes":"","jetpack_publicize_message":"","jetpack_publicize_feature_enabled":true,"jetpack_social_post_already_shared":true,"jetpack_social_options":{"image_generator_settings":{"template":"highway","default_image_id":0,"font":"","enabled":false},"version":2},"jetpack_post_was_ever_published":false},"categories":[11],"tags":[2614,849,493,7889,612,7890,134,27,26,1092],"class_list":["post-88500","post","type-post","status-publish","format-standard","has-post-thumbnail","hentry","category-noticias-de-ribeirao-preto-sp-e-regiao-ismael-colosi","tag-altera","tag-avenida","tag-dias","tag-interdi","tag-interdicao","tag-parcial","tag-por","tag-preto","tag-ribeirao","tag-transito"],"jetpack_publicize_connections":[],"jetpack-related-posts":[{"id":91109,"url":"https:\/\/noticiasribeiraopreto.com.br\/index.php\/2026\/09\/04\/desfile-de-7-desetembro-altera-transito-em-ribeirao-preto-veja-interdicoes\/","url_meta":{"origin":88500,"position":0},"title":"Desfile de 7 de Setembro altera tr\u00e2nsito em Ribeir\u00e3o Preto; veja interdi\u00e7\u00f5es","author":"noticiasribeiraopreto.com.br","date":"4 de September de 2026","format":false,"excerpt":"O desfile c\u00edvico de 7 de Setembro vai provocar mudan\u00e7as no tr\u00e2nsito de Ribeir\u00e3o Preto na pr\u00f3xima segunda-feira (7). A RP Mobi vai interditar a avenida Cavalheiro Paschoal Innechi, nos dois sentidos, e vias pr\u00f3ximas ao local do evento, no Jardim Independ\u00eancia. Veja tamb\u00e9mComo acessar o Jardim Independ\u00eancia?\u00d4nibus ter\u00e3o ve\u00edculos\u2026","rel":"","context":"In &quot;Not\u00edcias de Ribeir\u00e3o Preto-SP e Regi\u00e3o&quot;","block_context":{"text":"Not\u00edcias de Ribeir\u00e3o Preto-SP e Regi\u00e3o","link":"https:\/\/noticiasribeiraopreto.com.br\/index.php\/category\/noticias-de-ribeirao-preto-sp-e-regiao-ismael-colosi\/"},"img":{"alt_text":"","src":"https:\/\/i0.wp.com\/noticiasribeiraopreto.com.br\/wp-content\/uploads\/2026\/09\/desfile-setembro-1.jpg?fit=1200%2C675&ssl=1&resize=350%2C200","width":350,"height":200,"srcset":"https:\/\/i0.wp.com\/noticiasribeiraopreto.com.br\/wp-content\/uploads\/2026\/09\/desfile-setembro-1.jpg?fit=1200%2C675&ssl=1&resize=350%2C200 1x, https:\/\/i0.wp.com\/noticiasribeiraopreto.com.br\/wp-content\/uploads\/2026\/09\/desfile-setembro-1.jpg?fit=1200%2C675&ssl=1&resize=525%2C300 1.5x, https:\/\/i0.wp.com\/noticiasribeiraopreto.com.br\/wp-content\/uploads\/2026\/09\/desfile-setembro-1.jpg?fit=1200%2C675&ssl=1&resize=700%2C400 2x, https:\/\/i0.wp.com\/noticiasribeiraopreto.com.br\/wp-content\/uploads\/2026\/09\/desfile-setembro-1.jpg?fit=1200%2C675&ssl=1&resize=1050%2C600 3x"},"classes":[]},{"id":83893,"url":"https:\/\/noticiasribeiraopreto.com.br\/index.php\/2026\/03\/27\/transito-em-ribeirao-preto-tera-mudancas-neste-fim-de-semana\/","url_meta":{"origin":88500,"position":1},"title":"Tr\u00e2nsito em Ribeir\u00e3o Preto ter\u00e1 mudan\u00e7as neste fim de semana","author":"noticiasribeiraopreto.com.br","date":"27 de March de 2026","format":false,"excerpt":"Ribeir\u00e3o Preto ter\u00e1 mudan\u00e7as no tr\u00e2nsito neste fim de semana, dias 28 e 29 de mar\u00e7o, por causa de servi\u00e7os de infraestrutura, manuten\u00e7\u00e3o e realiza\u00e7\u00e3o de eventos esportivos e religiosos. Equipes da RP Mobi atuar\u00e3o no monitoramento e na orienta\u00e7\u00e3o de motoristas nas regi\u00f5es com bloqueios. Confira as interdi\u00e7\u00f5es S\u00e1bado\u2026","rel":"","context":"In &quot;Not\u00edcias de Ribeir\u00e3o Preto-SP e Regi\u00e3o&quot;","block_context":{"text":"Not\u00edcias de Ribeir\u00e3o Preto-SP e Regi\u00e3o","link":"https:\/\/noticiasribeiraopreto.com.br\/index.php\/category\/noticias-de-ribeirao-preto-sp-e-regiao-ismael-colosi\/"},"img":{"alt_text":"","src":"https:\/\/i0.wp.com\/noticiasribeiraopreto.com.br\/wp-content\/uploads\/2026\/03\/interdicoes_004_2025-12-12_21-33-02.webp.webp?fit=1200%2C799&ssl=1&resize=350%2C200","width":350,"height":200,"srcset":"https:\/\/i0.wp.com\/noticiasribeiraopreto.com.br\/wp-content\/uploads\/2026\/03\/interdicoes_004_2025-12-12_21-33-02.webp.webp?fit=1200%2C799&ssl=1&resize=350%2C200 1x, https:\/\/i0.wp.com\/noticiasribeiraopreto.com.br\/wp-content\/uploads\/2026\/03\/interdicoes_004_2025-12-12_21-33-02.webp.webp?fit=1200%2C799&ssl=1&resize=525%2C300 1.5x, https:\/\/i0.wp.com\/noticiasribeiraopreto.com.br\/wp-content\/uploads\/2026\/03\/interdicoes_004_2025-12-12_21-33-02.webp.webp?fit=1200%2C799&ssl=1&resize=700%2C400 2x, https:\/\/i0.wp.com\/noticiasribeiraopreto.com.br\/wp-content\/uploads\/2026\/03\/interdicoes_004_2025-12-12_21-33-02.webp.webp?fit=1200%2C799&ssl=1&resize=1050%2C600 3x"},"classes":[]},{"id":90991,"url":"https:\/\/noticiasribeiraopreto.com.br\/index.php\/2026\/09\/02\/avenida-maurilio-biagi-tera-liberacao-parcial-e-novo-bloqueio-veja-quando\/","url_meta":{"origin":88500,"position":2},"title":"Avenida Maur\u00edlio Biagi ter\u00e1 libera\u00e7\u00e3o parcial e novo bloqueio; veja quando","author":"noticiasribeiraopreto.com.br","date":"2 de September de 2026","format":false,"excerpt":"A avenida Maur\u00edlio Biagi, em Ribeir\u00e3o Preto, ter\u00e1 uma mudan\u00e7a no tr\u00e2nsito a partir desta quinta-feira (3). A RP Mobi vai liberar parte do trecho que permanece interditado na pista no sentido Bairro\/Centro, mas tamb\u00e9m vai bloquear a al\u00e7a de acesso \u00e0 avenida Cost\u00e1bile Romano. EntendaInterdi\u00e7\u00e3o fica restrita a uma\u2026","rel":"","context":"In &quot;Not\u00edcias de Ribeir\u00e3o Preto-SP e Regi\u00e3o&quot;","block_context":{"text":"Not\u00edcias de Ribeir\u00e3o Preto-SP e Regi\u00e3o","link":"https:\/\/noticiasribeiraopreto.com.br\/index.php\/category\/noticias-de-ribeirao-preto-sp-e-regiao-ismael-colosi\/"},"img":{"alt_text":"","src":"https:\/\/i0.wp.com\/noticiasribeiraopreto.com.br\/wp-content\/uploads\/2026\/09\/maurilio-biagi.jpg?fit=1200%2C675&ssl=1&resize=350%2C200","width":350,"height":200,"srcset":"https:\/\/i0.wp.com\/noticiasribeiraopreto.com.br\/wp-content\/uploads\/2026\/09\/maurilio-biagi.jpg?fit=1200%2C675&ssl=1&resize=350%2C200 1x, https:\/\/i0.wp.com\/noticiasribeiraopreto.com.br\/wp-content\/uploads\/2026\/09\/maurilio-biagi.jpg?fit=1200%2C675&ssl=1&resize=525%2C300 1.5x, https:\/\/i0.wp.com\/noticiasribeiraopreto.com.br\/wp-content\/uploads\/2026\/09\/maurilio-biagi.jpg?fit=1200%2C675&ssl=1&resize=700%2C400 2x, https:\/\/i0.wp.com\/noticiasribeiraopreto.com.br\/wp-content\/uploads\/2026\/09\/maurilio-biagi.jpg?fit=1200%2C675&ssl=1&resize=1050%2C600 3x"},"classes":[]},{"id":61484,"url":"https:\/\/noticiasribeiraopreto.com.br\/index.php\/2024\/12\/13\/avenida-de-ribeirao-preto-tera-interdicao-parcial-na-proxima-semana-veja-rota\/","url_meta":{"origin":88500,"position":3},"title":"Avenida de Ribeir\u00e3o Preto ter\u00e1 interdi\u00e7\u00e3o parcial na pr\u00f3xima semana; veja rota","author":"noticiasribeiraopreto.com.br","date":"13 de December de 2024","format":false,"excerpt":"Na pr\u00f3xima segunda-feira (16), ser\u00e1 necess\u00e1ria uma nova interdi\u00e7\u00e3o na avenida Pio XII, na Vila Virg\u00ednia, na zona Oeste de Ribeir\u00e3o Preto. Desta vez, ser\u00e1 cruzamento da pista Bairro\/Centro da via com a pista com a rua Ab\u00edlio Sampaio. O bloqueio acontece devido ao avan\u00e7o das obras de drenagem das\u2026","rel":"","context":"In &quot;Not\u00edcias de Ribeir\u00e3o Preto-SP e Regi\u00e3o&quot;","block_context":{"text":"Not\u00edcias de Ribeir\u00e3o Preto-SP e Regi\u00e3o","link":"https:\/\/noticiasribeiraopreto.com.br\/index.php\/category\/noticias-de-ribeirao-preto-sp-e-regiao-ismael-colosi\/"},"img":{"alt_text":"","src":"https:\/\/noticiasribeiraopreto.com.br\/wp-content\/uploads\/2024\/11\/transito-sca-1.jpe","width":350,"height":200,"srcset":"https:\/\/noticiasribeiraopreto.com.br\/wp-content\/uploads\/2024\/11\/transito-sca-1.jpe 1x, https:\/\/noticiasribeiraopreto.com.br\/wp-content\/uploads\/2024\/11\/transito-sca-1.jpe 1.5x, https:\/\/noticiasribeiraopreto.com.br\/wp-content\/uploads\/2024\/11\/transito-sca-1.jpe 2x, https:\/\/noticiasribeiraopreto.com.br\/wp-content\/uploads\/2024\/11\/transito-sca-1.jpe 3x"},"classes":[]},{"id":82896,"url":"https:\/\/noticiasribeiraopreto.com.br\/index.php\/2026\/03\/02\/interdicao-temporaria-altera-transito-na-joao-fiusa-entre-os-dias-3-e-6-de-marco\/","url_meta":{"origin":88500,"position":4},"title":"Interdi\u00e7\u00e3o tempor\u00e1ria altera tr\u00e2nsito na Jo\u00e3o Fi\u00fasa entre os dias 3 e 6 de mar\u00e7o","author":"noticiasribeiraopreto.com.br","date":"2 de March de 2026","format":false,"excerpt":"\r \r \r \r \r 2 de mar\u00e7o de 2026 15:15 \r Compartilhar0 \r A RP Mobi informa que haver\u00e1 interdi\u00e7\u00e3o tempor\u00e1ria de um trecho da pista Bairro\/Centro da Avenida Professor Jo\u00e3o Fi\u00fasa, na altura do Parque Olhos D\u2019\u00c1gua, entre os dias 3 e 6 de mar\u00e7o (ter\u00e7a a quinta-feira),\u2026","rel":"","context":"In &quot;Not\u00edcias de Ribeir\u00e3o Preto-SP e Regi\u00e3o&quot;","block_context":{"text":"Not\u00edcias de Ribeir\u00e3o Preto-SP e Regi\u00e3o","link":"https:\/\/noticiasribeiraopreto.com.br\/index.php\/category\/noticias-de-ribeirao-preto-sp-e-regiao-ismael-colosi\/"},"img":{"alt_text":"","src":"https:\/\/i0.wp.com\/noticiasribeiraopreto.com.br\/wp-content\/uploads\/2026\/03\/WhatsApp-Image-2026-03-02-at-14.55.48-scaled.jpeg?fit=1136%2C780&ssl=1&resize=350%2C200","width":350,"height":200,"srcset":"https:\/\/i0.wp.com\/noticiasribeiraopreto.com.br\/wp-content\/uploads\/2026\/03\/WhatsApp-Image-2026-03-02-at-14.55.48-scaled.jpeg?fit=1136%2C780&ssl=1&resize=350%2C200 1x, https:\/\/i0.wp.com\/noticiasribeiraopreto.com.br\/wp-content\/uploads\/2026\/03\/WhatsApp-Image-2026-03-02-at-14.55.48-scaled.jpeg?fit=1136%2C780&ssl=1&resize=525%2C300 1.5x, https:\/\/i0.wp.com\/noticiasribeiraopreto.com.br\/wp-content\/uploads\/2026\/03\/WhatsApp-Image-2026-03-02-at-14.55.48-scaled.jpeg?fit=1136%2C780&ssl=1&resize=700%2C400 2x, https:\/\/i0.wp.com\/noticiasribeiraopreto.com.br\/wp-content\/uploads\/2026\/03\/WhatsApp-Image-2026-03-02-at-14.55.48-scaled.jpeg?fit=1136%2C780&ssl=1&resize=1050%2C600 3x"},"classes":[]},{"id":90024,"url":"https:\/\/noticiasribeiraopreto.com.br\/index.php\/2026\/08\/15\/tres-eventos-bloqueiam-vias-de-ribeirao-preto-neste-domingo-veja-onde\/","url_meta":{"origin":88500,"position":5},"title":"Tr\u00eas eventos bloqueiam vias de Ribeir\u00e3o Preto neste domingo; veja onde","author":"noticiasribeiraopreto.com.br","date":"15 de August de 2026","format":false,"excerpt":"Tr\u00eas eventos alteram o tr\u00e2nsito de Ribeir\u00e3o Preto neste domingo (16). De acordo com a RP Mobi, motoristas devem enfrentar bloqueios na avenida Nove de Julho, avenida Presidente Vargas, avenida Ant\u00f4nio Diederichsen e avenida do Caf\u00e9. Interdi\u00e7\u00f5esAvenida Nove de JulhoBloqueios na regi\u00e3o centralCorrida do HC As interdi\u00e7\u00f5es ocorrem em raz\u00e3o\u2026","rel":"","context":"In &quot;Not\u00edcias de Ribeir\u00e3o Preto-SP e Regi\u00e3o&quot;","block_context":{"text":"Not\u00edcias de Ribeir\u00e3o Preto-SP e Regi\u00e3o","link":"https:\/\/noticiasribeiraopreto.com.br\/index.php\/category\/noticias-de-ribeirao-preto-sp-e-regiao-ismael-colosi\/"},"img":{"alt_text":"","src":"https:\/\/i0.wp.com\/noticiasribeiraopreto.com.br\/wp-content\/uploads\/2026\/07\/image_2026-05-14_19-31-55.webp.webp?fit=1200%2C800&ssl=1&resize=350%2C200","width":350,"height":200,"srcset":"https:\/\/i0.wp.com\/noticiasribeiraopreto.com.br\/wp-content\/uploads\/2026\/07\/image_2026-05-14_19-31-55.webp.webp?fit=1200%2C800&ssl=1&resize=350%2C200 1x, https:\/\/i0.wp.com\/noticiasribeiraopreto.com.br\/wp-content\/uploads\/2026\/07\/image_2026-05-14_19-31-55.webp.webp?fit=1200%2C800&ssl=1&resize=525%2C300 1.5x, https:\/\/i0.wp.com\/noticiasribeiraopreto.com.br\/wp-content\/uploads\/2026\/07\/image_2026-05-14_19-31-55.webp.webp?fit=1200%2C800&ssl=1&resize=700%2C400 2x, https:\/\/i0.wp.com\/noticiasribeiraopreto.com.br\/wp-content\/uploads\/2026\/07\/image_2026-05-14_19-31-55.webp.webp?fit=1200%2C800&ssl=1&resize=1050%2C600 3x"},"classes":[]}],"jetpack_sharing_enabled":true,"jetpack_shortlink":"https:\/\/wp.me\/peQAOb-n1q","jetpack_featured_media_url":"https:\/\/i0.wp.com\/noticiasribeiraopreto.com.br\/wp-content\/uploads\/2026\/07\/image_2026-05-14_19-31-55.webp.webp?fit=1200%2C800&ssl=1","_links":{"self":[{"href":"https:\/\/noticiasribeiraopreto.com.br\/index.php\/wp-json\/wp\/v2\/posts\/88500","targetHints":{"allow":["GET"]}}],"collection":[{"href":"https:\/\/noticiasribeiraopreto.com.br\/index.php\/wp-json\/wp\/v2\/posts"}],"about":[{"href":"https:\/\/noticiasribeiraopreto.com.br\/index.php\/wp-json\/wp\/v2\/types\/post"}],"author":[{"embeddable":true,"href":"https:\/\/noticiasribeiraopreto.com.br\/index.php\/wp-json\/wp\/v2\/users\/1"}],"replies":[{"embeddable":true,"href":"https:\/\/noticiasribeiraopreto.com.br\/index.php\/wp-json\/wp\/v2\/comments?post=88500"}],"version-history":[{"count":0,"href":"https:\/\/noticiasribeiraopreto.com.br\/index.php\/wp-json\/wp\/v2\/posts\/88500\/revisions"}],"wp:featuredmedia":[{"embeddable":true,"href":"https:\/\/noticiasribeiraopreto.com.br\/index.php\/wp-json\/wp\/v2\/media\/88501"}],"wp:attachment":[{"href":"https:\/\/noticiasribeiraopreto.com.br\/index.php\/wp-json\/wp\/v2\/media?parent=88500"}],"wp:term":[{"taxonomy":"category","embeddable":true,"href":"https:\/\/noticiasribeiraopreto.com.br\/index.php\/wp-json\/wp\/v2\/categories?post=88500"},{"taxonomy":"post_tag","embeddable":true,"href":"https:\/\/noticiasribeiraopreto.com.br\/index.php\/wp-json\/wp\/v2\/tags?post=88500"}],"curies":[{"name":"wp","href":"https:\/\/api.w.org\/{rel}","templated":true}]}}