{"id":88541,"date":"2026-07-21T14:30:32","date_gmt":"2026-07-21T17:30:32","guid":{"rendered":"https:\/\/noticiasribeiraopreto.com.br\/index.php\/2026\/07\/21\/jogador-desaparecido-pode-ter-sido-vitima-do-tribunal-do-crime-aponta-policia\/"},"modified":"2026-07-21T14:30:32","modified_gmt":"2026-07-21T17:30:32","slug":"jogador-desaparecido-pode-ter-sido-vitima-do-tribunal-do-crime-aponta-policia","status":"publish","type":"post","link":"https:\/\/noticiasribeiraopreto.com.br\/index.php\/2026\/07\/21\/jogador-desaparecido-pode-ter-sido-vitima-do-tribunal-do-crime-aponta-policia\/","title":{"rendered":"Jogador desaparecido pode ter sido v\u00edtima do \u2018tribunal do crime\u2019, aponta Pol\u00edcia"},"content":{"rendered":"<div class='code-block code-block-1' style='margin: 8px 0 8px auto; text-align: right; display: block; clear: both;'>\n<p><a href=\"https:\/\/wa.link\/vpicfd\"><img data-recalc-dims=\"1\" class=\"wp-image-4922\" style=\"aspect-ratio: 2.0253164556962027; width: 561px; height: auto;\" src=\"https:\/\/i0.wp.com\/ismaelcolosi.com.br\/wp-content\/uploads\/2023\/11\/grupo-de-empregos-whatsapp-e-facebook-ismael-colosi-vagas.jpg?ssl=1\" alt=\"\" \/><\/a><\/p>\n<!-- \/wp:image -->\n<\/div>\n<p> <br \/>\n<\/p>\n<p>O desaparecimento do jogador de futebol amador Guilherme Henrique Borges Paes, de 27 anos, ganhou um novo desdobramento em Ribeir\u00e3o Preto. A Pol\u00edcia Civil trabalha com a hip\u00f3tese de que o atleta tenha sido v\u00edtima do chamado &#8220;tribunal do crime&#8221;, sistema de julgamento clandestino utilizado por fac\u00e7\u00f5es criminosas.<\/p>\n<p>Segundo a investiga\u00e7\u00e3o, <strong>Guilherme estava em um campo de futebol no bairro Vila Carvalho<\/strong>, na Zona Norte da cidade, no domingo (19), quando cinco homens o obrigaram a entrar em um carro preto. Desde ent\u00e3o, familiares e amigos n\u00e3o tiveram mais not\u00edcias do jogador.<\/p>\n<div class=\"wp-block-image\">\n<figure class=\"aligncenter size-full\"><figcaption class=\"wp-element-caption\">Foto: Fabiano Minatto\/ EPTV<\/figcaption><\/figure>\n<\/div>\n<p class=\"has-text-align-center has-small-font-size\"><em>Receba not\u00edcias do&nbsp;<strong>acidade on Ribeir\u00e3o&nbsp;<\/strong>no WhatsApp e fique por dentro de tudo! Basta acessar o link<a href=\"https:\/\/chat.whatsapp.com\/DfXwcjKVIddHUT3BvnQuPZ?mode=hqctshi\" target=\"_blank\" rel=\"noreferrer noopener\">&nbsp;aqui<\/a>!<\/em><\/p>\n<h2 class=\"wp-block-heading\">Motiva\u00e7\u00e3o do desaparecimento do jogador<\/h2>\n<p>A Pol\u00edcia Civil informou que investiga a possibilidade de integrantes de uma fac\u00e7\u00e3o criminosa terem levado Guilherme para um julgamento ilegal. A linha de investiga\u00e7\u00e3o considera informa\u00e7\u00f5es de que o atleta seria suspeito de envolvimento com pedofilia e de compartilhamento de fotos e v\u00eddeos envolvendo crian\u00e7as.<\/p>\n<p>Testemunhas convocadas para prestar depoimento n\u00e3o compareceram \u00e0 delegacia. At\u00e9 o momento, a pol\u00edcia n\u00e3o localizou o jogador. <\/p>\n<figure class=\"wp-block-gallery has-nested-images columns-default is-cropped wp-block-gallery-2 is-layout-flex wp-block-gallery-is-layout-flex\">\n<figure class=\"wp-block-image size-large\"><img data-recalc-dims=\"1\" loading=\"lazy\" decoding=\"async\" width=\"520\" height=\"637\" data-id=\"166763\" src=\"https:\/\/i0.wp.com\/www.acidadeon.com\/ribeiraopreto\/wp-content\/uploads\/sites\/3\/2026\/07\/Captura-de-tela-2026-07-20-172638.png?resize=520%2C637&#038;ssl=1\" alt=\"Captura de tela 2026 07 20 172638\" class=\"wp-image-166763\" title=\"Jogador desaparecido pode ter sido v\u00edtima do &apos;tribunal do crime&apos;, aponta Pol\u00edcia 5\" \/><figcaption class=\"wp-element-caption\">Foto: Redes sociais<\/figcaption><\/figure>\n<figure class=\"wp-block-image size-large\"><img data-recalc-dims=\"1\" loading=\"lazy\" decoding=\"async\" width=\"700\" height=\"768\" data-id=\"166762\" src=\"https:\/\/i0.wp.com\/www.acidadeon.com\/ribeiraopreto\/wp-content\/uploads\/sites\/3\/2026\/07\/Captura-de-tela-2026-07-20-172622.png?resize=700%2C768&#038;ssl=1\" alt=\"jogador\" class=\"wp-image-166762\" title=\"Jogador desaparecido pode ter sido v\u00edtima do &apos;tribunal do crime&apos;, aponta Pol\u00edcia 6\" \/><figcaption class=\"wp-element-caption\">Foto: Redes sociais<\/figcaption><\/figure>\n<\/figure>\n<h2 class=\"wp-block-heading\">O que \u00e9 o &#8220;tribunal do crime&#8221;?<\/h2>\n<p>O chamado &#8220;tribunal do crime&#8221; consiste em um sistema ilegal criado por fac\u00e7\u00f5es criminosas para julgar pessoas acusadas de descumprir regras da organiza\u00e7\u00e3o ou de cometer determinados crimes.<\/p>\n<p>Nesses julgamentos clandestinos, integrantes da fac\u00e7\u00e3o decidem a puni\u00e7\u00e3o sem qualquer respaldo legal. As penalidades podem incluir agress\u00f5es, tortura e homic\u00eddio.<\/p>\n<p class=\"has-small-font-size\"><em>Com informa\u00e7\u00f5es da EPTV<\/em><\/p>\n<hr class=\"wp-block-separator has-alpha-channel-opacity\" \/>\n<p class=\"has-text-align-center has-small-font-size\"><em>Fa\u00e7a uma den\u00fancia ou sugira uma reportagem sobre&nbsp;<strong>Ribeir\u00e3o Preto&nbsp;<\/strong>e regi\u00e3o por meio do WhatsApp do&nbsp;<strong>acidade on Ribeir\u00e3o<\/strong>: (16) 99117-7802.<\/em><\/p>\n<\/p>\n<p>O post Jogador desaparecido pode ter sido v\u00edtima do &#8216;tribunal do crime&#8217;, aponta Pol\u00edcia apareceu primeiro em ACidade ON Ribeir\u00e3o Preto.<\/p>\n<p><br \/>\n<br \/><a href=\"https:\/\/www.acidadeon.com\/ribeiraopreto\/cotidiano\/jogador-desaparecido-pode-ter-sido-vitima-do-tribunal-do-crime-aponta-policia\/\">Link para o texto original aqui <\/a><\/p>\n<!-- CONTENT END 1 -->\n","protected":false},"excerpt":{"rendered":"<p>O desaparecimento do jogador de futebol amador Guilherme Henrique Borges Paes, de 27 anos, ganhou um novo desdobramento em Ribeir\u00e3o Preto. A Pol\u00edcia Civil trabalha&#8230;<\/p>\n","protected":false},"author":1,"featured_media":88542,"comment_status":"","ping_status":"","sticky":false,"template":"","format":"standard","meta":{"advanced_seo_description":"","jetpack_seo_html_title":"","jetpack_seo_noindex":false,"jetpack_seo_schema_type":"","_jetpack_newsletter_access":"","_jetpack_dont_email_post_to_subs":false,"_jetpack_newsletter_tier_id":0,"_jetpack_memberships_contains_paywalled_content":false,"_jetpack_feature_clip_id":0,"_jetpack_memberships_contains_paid_content":false,"footnotes":"","jetpack_publicize_message":"","jetpack_publicize_feature_enabled":true,"jetpack_social_post_already_shared":true,"jetpack_social_options":{"image_generator_settings":{"template":"highway","default_image_id":0,"font":"","enabled":false},"version":2},"jetpack_post_was_ever_published":false},"categories":[11],"tags":[2539,88,1529,457,217,20,503,502,4420,391],"class_list":["post-88541","post","type-post","status-publish","format-standard","has-post-thumbnail","hentry","category-noticias-de-ribeirao-preto-sp-e-regiao-ismael-colosi","tag-aponta","tag-crime","tag-desaparecido","tag-jogador","tag-pode","tag-policia","tag-sido","tag-ter","tag-tribunal","tag-vitima"],"jetpack_publicize_connections":[],"jetpack-related-posts":[{"id":88601,"url":"https:\/\/noticiasribeiraopreto.com.br\/index.php\/2026\/07\/22\/o-que-aconteceu-com-o-jogador-amador-desaparecido-em-ribeirao-preto\/","url_meta":{"origin":88541,"position":0},"title":"O que aconteceu com o jogador amador desaparecido em Ribeir\u00e3o Preto?","author":"noticiasribeiraopreto.com.br","date":"22 de July de 2026","format":false,"excerpt":"A bola rolava em uma partida amadora de futebol na zona Norte de Ribeir\u00e3o Preto, no \u00faltimo domingo (19), quando Guilherme Borges, de 27 anos, foi rendido e levado \u00e0 for\u00e7a por homens que ocupavam um carro preto. Desde ent\u00e3o, n\u00e3o h\u00e1 informa\u00e7\u00f5es sobre a sua localiza\u00e7\u00e3o ou condi\u00e7\u00e3o de\u2026","rel":"","context":"In &quot;Not\u00edcias de Ribeir\u00e3o Preto-SP e Regi\u00e3o&quot;","block_context":{"text":"Not\u00edcias de Ribeir\u00e3o Preto-SP e Regi\u00e3o","link":"https:\/\/noticiasribeiraopreto.com.br\/index.php\/category\/noticias-de-ribeirao-preto-sp-e-regiao-ismael-colosi\/"},"img":{"alt_text":"","src":"https:\/\/i0.wp.com\/noticiasribeiraopreto.com.br\/wp-content\/uploads\/2026\/07\/sirene-pm-1.jpg?fit=1000%2C667&ssl=1&resize=350%2C200","width":350,"height":200,"srcset":"https:\/\/i0.wp.com\/noticiasribeiraopreto.com.br\/wp-content\/uploads\/2026\/07\/sirene-pm-1.jpg?fit=1000%2C667&ssl=1&resize=350%2C200 1x, https:\/\/i0.wp.com\/noticiasribeiraopreto.com.br\/wp-content\/uploads\/2026\/07\/sirene-pm-1.jpg?fit=1000%2C667&ssl=1&resize=525%2C300 1.5x, https:\/\/i0.wp.com\/noticiasribeiraopreto.com.br\/wp-content\/uploads\/2026\/07\/sirene-pm-1.jpg?fit=1000%2C667&ssl=1&resize=700%2C400 2x"},"classes":[]},{"id":89118,"url":"https:\/\/noticiasribeiraopreto.com.br\/index.php\/2026\/07\/30\/advogada-diz-que-namorada-achou-pornografia-infantil-em-celular-de-jogador-desaparecido\/","url_meta":{"origin":88541,"position":1},"title":"Advogada diz que namorada achou pornografia infantil em celular de jogador desaparecido","author":"noticiasribeiraopreto.com.br","date":"30 de July de 2026","format":false,"excerpt":"A advogada da namorada do jogador de futebol amador desaparecido no \u00faltimo dia 19 de julho, em Ribeir\u00e3o Preto, disse que a mulher relatou \u00e0 pol\u00edcia que encontrou material de pornografia infantil no celular de Guilherme Henrique Borges Paes, de 27 anos. Receba not\u00edcias do\u00a0acidade on Ribeir\u00e3o\u00a0no WhatsApp e fique\u2026","rel":"","context":"In &quot;Not\u00edcias de Ribeir\u00e3o Preto-SP e Regi\u00e3o&quot;","block_context":{"text":"Not\u00edcias de Ribeir\u00e3o Preto-SP e Regi\u00e3o","link":"https:\/\/noticiasribeiraopreto.com.br\/index.php\/category\/noticias-de-ribeirao-preto-sp-e-regiao-ismael-colosi\/"},"img":{"alt_text":"","src":"https:\/\/i0.wp.com\/noticiasribeiraopreto.com.br\/wp-content\/uploads\/2026\/07\/1785433169_ELEICOES-2026-1.png?fit=1200%2C675&ssl=1&resize=350%2C200","width":350,"height":200,"srcset":"https:\/\/i0.wp.com\/noticiasribeiraopreto.com.br\/wp-content\/uploads\/2026\/07\/1785433169_ELEICOES-2026-1.png?fit=1200%2C675&ssl=1&resize=350%2C200 1x, https:\/\/i0.wp.com\/noticiasribeiraopreto.com.br\/wp-content\/uploads\/2026\/07\/1785433169_ELEICOES-2026-1.png?fit=1200%2C675&ssl=1&resize=525%2C300 1.5x, https:\/\/i0.wp.com\/noticiasribeiraopreto.com.br\/wp-content\/uploads\/2026\/07\/1785433169_ELEICOES-2026-1.png?fit=1200%2C675&ssl=1&resize=700%2C400 2x, https:\/\/i0.wp.com\/noticiasribeiraopreto.com.br\/wp-content\/uploads\/2026\/07\/1785433169_ELEICOES-2026-1.png?fit=1200%2C675&ssl=1&resize=1050%2C600 3x"},"classes":[]},{"id":88494,"url":"https:\/\/noticiasribeiraopreto.com.br\/index.php\/2026\/07\/20\/policia-investiga-desaparecimento-de-jogador-amador-em-campo-de-futebol-em-ribeirao-preto\/","url_meta":{"origin":88541,"position":2},"title":"Pol\u00edcia investiga desaparecimento de jogador amador em campo de futebol em Ribeir\u00e3o Preto","author":"noticiasribeiraopreto.com.br","date":"20 de July de 2026","format":false,"excerpt":"\r \r \r 20 de julho de 2026 19:09 \r Compartilhar0 Um jogador de futebol amador, de 27 anos, est\u00e1 desaparecido desde o \u00faltimo domingo (19) quando teria sido levado por cinco homens de um campo de futebol que fica na Rua S\u00e3o Carlos na Vila Carvalho, zona norte de\u2026","rel":"","context":"In &quot;Not\u00edcias de Ribeir\u00e3o Preto-SP e Regi\u00e3o&quot;","block_context":{"text":"Not\u00edcias de Ribeir\u00e3o Preto-SP e Regi\u00e3o","link":"https:\/\/noticiasribeiraopreto.com.br\/index.php\/category\/noticias-de-ribeirao-preto-sp-e-regiao-ismael-colosi\/"},"img":{"alt_text":"","src":"https:\/\/i0.wp.com\/noticiasribeiraopreto.com.br\/wp-content\/uploads\/2026\/07\/WhatsApp-Image-2026-07-20-at.jpeg?fit=592%2C465&ssl=1&resize=350%2C200","width":350,"height":200,"srcset":"https:\/\/i0.wp.com\/noticiasribeiraopreto.com.br\/wp-content\/uploads\/2026\/07\/WhatsApp-Image-2026-07-20-at.jpeg?fit=592%2C465&ssl=1&resize=350%2C200 1x, https:\/\/i0.wp.com\/noticiasribeiraopreto.com.br\/wp-content\/uploads\/2026\/07\/WhatsApp-Image-2026-07-20-at.jpeg?fit=592%2C465&ssl=1&resize=525%2C300 1.5x"},"classes":[]},{"id":89112,"url":"https:\/\/noticiasribeiraopreto.com.br\/index.php\/2026\/07\/30\/investigacoes-sobre-rapto-de-jogador-prosseguem\/","url_meta":{"origin":88541,"position":3},"title":"Investiga\u00e7\u00f5es sobre rapto de jogador prosseguem","author":"noticiasribeiraopreto.com.br","date":"30 de July de 2026","format":false,"excerpt":"\r Jogador segue desaparecido e Pol\u00edcia Civil mant\u00e9m todas as linhas de investiga\u00e7\u00e3o abertas\r \r 30 de julho de 2026 12:37 \r Compartilhar2 | Por: Adalberto Luque | A Pol\u00edcia Civil segue com as investiga\u00e7\u00f5es do caso do jogador de futebol amador Guilherme Henrique Borges Paes, de 27 anos, desaparecido\u2026","rel":"","context":"In &quot;Not\u00edcias de Ribeir\u00e3o Preto-SP e Regi\u00e3o&quot;","block_context":{"text":"Not\u00edcias de Ribeir\u00e3o Preto-SP e Regi\u00e3o","link":"https:\/\/noticiasribeiraopreto.com.br\/index.php\/category\/noticias-de-ribeirao-preto-sp-e-regiao-ismael-colosi\/"},"img":{"alt_text":"","src":"https:\/\/i0.wp.com\/noticiasribeiraopreto.com.br\/wp-content\/uploads\/2026\/07\/30-jul-2026-jogadorraptado.jpg?fit=903%2C637&ssl=1&resize=350%2C200","width":350,"height":200,"srcset":"https:\/\/i0.wp.com\/noticiasribeiraopreto.com.br\/wp-content\/uploads\/2026\/07\/30-jul-2026-jogadorraptado.jpg?fit=903%2C637&ssl=1&resize=350%2C200 1x, https:\/\/i0.wp.com\/noticiasribeiraopreto.com.br\/wp-content\/uploads\/2026\/07\/30-jul-2026-jogadorraptado.jpg?fit=903%2C637&ssl=1&resize=525%2C300 1.5x, https:\/\/i0.wp.com\/noticiasribeiraopreto.com.br\/wp-content\/uploads\/2026\/07\/30-jul-2026-jogadorraptado.jpg?fit=903%2C637&ssl=1&resize=700%2C400 2x"},"classes":[]},{"id":88488,"url":"https:\/\/noticiasribeiraopreto.com.br\/index.php\/2026\/07\/20\/policia-investiga-desaparecimento-de-jogador-amador-levado-durante-partida-em-ribeirao\/","url_meta":{"origin":88541,"position":4},"title":"Pol\u00edcia investiga desaparecimento de jogador amador levado durante partida em Ribeir\u00e3o","author":"noticiasribeiraopreto.com.br","date":"20 de July de 2026","format":false,"excerpt":"A Pol\u00edcia Civil investiga o desaparecimento do jogador de futebol amador Guilherme Henrique Borges Paes, de 27 anos, em Ribeir\u00e3o Preto. Segundo o boletim de ocorr\u00eancia, pelo menos cinco homens levaram o jovem em um carro preto na tarde de domingo (19), durante uma partida de futebol na zona Norte\u2026","rel":"","context":"In &quot;Not\u00edcias de Ribeir\u00e3o Preto-SP e Regi\u00e3o&quot;","block_context":{"text":"Not\u00edcias de Ribeir\u00e3o Preto-SP e Regi\u00e3o","link":"https:\/\/noticiasribeiraopreto.com.br\/index.php\/category\/noticias-de-ribeirao-preto-sp-e-regiao-ismael-colosi\/"},"img":{"alt_text":"","src":"https:\/\/i0.wp.com\/noticiasribeiraopreto.com.br\/wp-content\/uploads\/2026\/07\/ELEICOES-2026-1.png?fit=1200%2C675&ssl=1&resize=350%2C200","width":350,"height":200,"srcset":"https:\/\/i0.wp.com\/noticiasribeiraopreto.com.br\/wp-content\/uploads\/2026\/07\/ELEICOES-2026-1.png?fit=1200%2C675&ssl=1&resize=350%2C200 1x, https:\/\/i0.wp.com\/noticiasribeiraopreto.com.br\/wp-content\/uploads\/2026\/07\/ELEICOES-2026-1.png?fit=1200%2C675&ssl=1&resize=525%2C300 1.5x, https:\/\/i0.wp.com\/noticiasribeiraopreto.com.br\/wp-content\/uploads\/2026\/07\/ELEICOES-2026-1.png?fit=1200%2C675&ssl=1&resize=700%2C400 2x, https:\/\/i0.wp.com\/noticiasribeiraopreto.com.br\/wp-content\/uploads\/2026\/07\/ELEICOES-2026-1.png?fit=1200%2C675&ssl=1&resize=1050%2C600 3x"},"classes":[]},{"id":88642,"url":"https:\/\/noticiasribeiraopreto.com.br\/index.php\/2026\/07\/23\/tribunal-do-crime-saiba-como-funcionam-os-julgamentos-das-faccoes-investigacao-nao-descarta-relacao-com-desaparecimento-de-jogador\/","url_meta":{"origin":88541,"position":5},"title":"Saiba como funcionam os julgamentos das fac\u00e7\u00f5es; investiga\u00e7\u00e3o n\u00e3o descarta rela\u00e7\u00e3o com sumi\u00e7o de jogador","author":"noticiasribeiraopreto.com.br","date":"23 de July de 2026","format":false,"excerpt":"O tribunal do crime, hora ou outra, ganha manchete como respons\u00e1vel pelo \u00f3bito, desaparecimento de v\u00edtimas ou o encontro de um corpo j\u00e1 em decomposi\u00e7\u00e3o por matagais de raro acesso em cen\u00e1rios \u2013 quase \u201csem dono\u201d.Por tr\u00e1s de cada julgamento paralelo realizado \u00e0 porta do inferno, est\u00e1 o crime organizado\u2026","rel":"","context":"In &quot;Not\u00edcias de Ribeir\u00e3o Preto-SP e Regi\u00e3o&quot;","block_context":{"text":"Not\u00edcias de Ribeir\u00e3o Preto-SP e Regi\u00e3o","link":"https:\/\/noticiasribeiraopreto.com.br\/index.php\/category\/noticias-de-ribeirao-preto-sp-e-regiao-ismael-colosi\/"},"img":{"alt_text":"","src":"https:\/\/i0.wp.com\/noticiasribeiraopreto.com.br\/wp-content\/uploads\/2026\/07\/WhatsApp-Image-2026-07-23-at-07.25.50.jpeg?fit=591%2C484&ssl=1&resize=350%2C200","width":350,"height":200,"srcset":"https:\/\/i0.wp.com\/noticiasribeiraopreto.com.br\/wp-content\/uploads\/2026\/07\/WhatsApp-Image-2026-07-23-at-07.25.50.jpeg?fit=591%2C484&ssl=1&resize=350%2C200 1x, https:\/\/i0.wp.com\/noticiasribeiraopreto.com.br\/wp-content\/uploads\/2026\/07\/WhatsApp-Image-2026-07-23-at-07.25.50.jpeg?fit=591%2C484&ssl=1&resize=525%2C300 1.5x"},"classes":[]}],"jetpack_sharing_enabled":true,"jetpack_shortlink":"https:\/\/wp.me\/peQAOb-n25","jetpack_featured_media_url":"https:\/\/i0.wp.com\/noticiasribeiraopreto.com.br\/wp-content\/uploads\/2026\/07\/1784655033_ELEICOES-2026-1.png?fit=1200%2C675&ssl=1","_links":{"self":[{"href":"https:\/\/noticiasribeiraopreto.com.br\/index.php\/wp-json\/wp\/v2\/posts\/88541","targetHints":{"allow":["GET"]}}],"collection":[{"href":"https:\/\/noticiasribeiraopreto.com.br\/index.php\/wp-json\/wp\/v2\/posts"}],"about":[{"href":"https:\/\/noticiasribeiraopreto.com.br\/index.php\/wp-json\/wp\/v2\/types\/post"}],"author":[{"embeddable":true,"href":"https:\/\/noticiasribeiraopreto.com.br\/index.php\/wp-json\/wp\/v2\/users\/1"}],"replies":[{"embeddable":true,"href":"https:\/\/noticiasribeiraopreto.com.br\/index.php\/wp-json\/wp\/v2\/comments?post=88541"}],"version-history":[{"count":0,"href":"https:\/\/noticiasribeiraopreto.com.br\/index.php\/wp-json\/wp\/v2\/posts\/88541\/revisions"}],"wp:featuredmedia":[{"embeddable":true,"href":"https:\/\/noticiasribeiraopreto.com.br\/index.php\/wp-json\/wp\/v2\/media\/88542"}],"wp:attachment":[{"href":"https:\/\/noticiasribeiraopreto.com.br\/index.php\/wp-json\/wp\/v2\/media?parent=88541"}],"wp:term":[{"taxonomy":"category","embeddable":true,"href":"https:\/\/noticiasribeiraopreto.com.br\/index.php\/wp-json\/wp\/v2\/categories?post=88541"},{"taxonomy":"post_tag","embeddable":true,"href":"https:\/\/noticiasribeiraopreto.com.br\/index.php\/wp-json\/wp\/v2\/tags?post=88541"}],"curies":[{"name":"wp","href":"https:\/\/api.w.org\/{rel}","templated":true}]}}