{"id":88615,"date":"2026-07-22T17:09:32","date_gmt":"2026-07-22T20:09:32","guid":{"rendered":"https:\/\/noticiasribeiraopreto.com.br\/index.php\/2026\/07\/22\/epra-cantar-2026-primeiro-reality-musical-sertanejo-da-eptv-leva-vencedor-ao-palco-da-festa-do-peao-de-barretos\/"},"modified":"2026-07-22T17:09:32","modified_gmt":"2026-07-22T20:09:32","slug":"epra-cantar-2026-primeiro-reality-musical-sertanejo-da-eptv-leva-vencedor-ao-palco-da-festa-do-peao-de-barretos","status":"publish","type":"post","link":"https:\/\/noticiasribeiraopreto.com.br\/index.php\/2026\/07\/22\/epra-cantar-2026-primeiro-reality-musical-sertanejo-da-eptv-leva-vencedor-ao-palco-da-festa-do-peao-de-barretos\/","title":{"rendered":"\u00c9Pra Cantar 2026: primeiro reality musical sertanejo da EPTV leva vencedor ao palco da Festa do Pe\u00e3o de Barretos"},"content":{"rendered":"<div class='code-block code-block-1' style='margin: 8px 0 8px auto; text-align: right; display: block; clear: both;'>\n<p><a href=\"https:\/\/wa.link\/vpicfd\"><img data-recalc-dims=\"1\" class=\"wp-image-4922\" style=\"aspect-ratio: 2.0253164556962027; width: 561px; height: auto;\" src=\"https:\/\/i0.wp.com\/ismaelcolosi.com.br\/wp-content\/uploads\/2023\/11\/grupo-de-empregos-whatsapp-e-facebook-ismael-colosi-vagas.jpg?ssl=1\" alt=\"\" \/><\/a><\/p>\n<!-- \/wp:image -->\n<\/div>\n<p> <br \/>\n<\/p>\n<p>O <strong>Grupo EP<\/strong>, <strong>maior conglomerado<\/strong> de <strong>m\u00eddia<\/strong> do <strong>interior paulista<\/strong> e <strong>Sul<\/strong> de <strong>Minas<\/strong>, <strong>promove<\/strong> a <strong>edi\u00e7\u00e3o 2026 <\/strong>do <strong>\u00c9Pra Cantar<\/strong>, <strong>primeiro&nbsp;<em>reality<\/em>&nbsp;musical sertanejo<\/strong> da <strong>EPTV<\/strong>, <strong>exibido<\/strong> <strong>dentro<\/strong> do <strong>programa Mais Caminhos<\/strong>, \u00e0s <strong>15h30<\/strong>. <\/p>\n<p><mark style=\"background-color:#fcb900\" class=\"has-inline-color\"><span>Dedicado \u00e0 m\u00fasica sertaneja, o projeto <\/span><strong><span>\u00c9Pra Cantar<\/span> <\/strong>acompanha a trajet\u00f3ria de cantores, cantoras e duplas da regi\u00e3o em uma competi\u00e7\u00e3o que re\u00fane desafios musicais, mentorias e avalia\u00e7\u00f5es t\u00e9cnicas at\u00e9 a escolha da nova voz do g\u00eanero. <\/mark><\/p>\n<figure class=\"wp-block-image size-large\"><figcaption class=\"wp-element-caption\">O reality \u00c9Pra Cantar \u00e9 apresentado por Tati Camargo e conta com banca formada por jurados art\u00edsticos e t\u00e9cnicos &#8211; Cr\u00e9dito: Divulga\u00e7\u00e3o<\/figcaption><\/figure>\n<p class=\"has-cyan-bluish-gray-background-color has-background\"><em>Receba not\u00edcias do&nbsp;<strong>acidade on Ribeir\u00e3o&nbsp;<\/strong>no WhatsApp e fique por dentro de tudo! Basta acessar o link<a href=\"https:\/\/chat.whatsapp.com\/DfXwcjKVIddHUT3BvnQuPZ?mode=hqctshi\" target=\"_blank\" rel=\"noreferrer noopener\">&nbsp;aqui<\/a>!<\/em><\/p>\n<h2 class=\"wp-block-heading\"><strong>Exibi\u00e7\u00e3o dos Epis\u00f3dios<\/strong><\/h2>\n<p>Os epis\u00f3dios do <strong><span><mark style=\"background-color:#ffffff\" class=\"has-inline-color\">\u00c9Pra Cantar<\/mark><\/span> <\/strong>ser\u00e3o exibidos nos dias 25 de julho, 1\u00ba e 8 de agosto, culminando na grande final ao vivo em 15 de agosto, quando o p\u00fablico escolher\u00e1 o vencedor por meio de vota\u00e7\u00e3o no portal<strong> g1<\/strong>. Ao final da competi\u00e7\u00e3o, o campe\u00e3o conquistar\u00e1 uma apresenta\u00e7\u00e3o em um dos palcos da <strong>Festa do Pe\u00e3o de Barretos<\/strong>, maior rodeio da Am\u00e9rica Latina, no dia 21 de agosto.<\/p>\n<p>Mais do que uma competi\u00e7\u00e3o, o\u00a0<em>reality<\/em>\u00a0foi criado para ampliar a visibilidade de artistas da regi\u00e3o e valorizar a forte tradi\u00e7\u00e3o sertaneja presente nas quatro \u00e1reas de cobertura da <strong>EPTV<\/strong>. A evolu\u00e7\u00e3o do projeto, que em 2024 aconteceu em formato de concurso musical, marca uma nova fase da iniciativa ao reunir entretenimento, m\u00fasica e televis\u00e3o em uma experi\u00eancia imersiva.<\/p>\n<p>O projeto recebeu mais de 600 inscri\u00e7\u00f5es em abril deste ano, quando foi lan\u00e7ada a primeira fase do\u00a0<em>reality<\/em>. Fabiana Valle Teixeira, gerente de Entretenimento da<strong> EPTV<\/strong>, destaca que o projeto nasceu com o prop\u00f3sito de ampliar a visibilidade dos artistas regionais e aproxim\u00e1-los do p\u00fablico das quatro regi\u00f5es de cobertura da emissora:<strong> Campinas<\/strong>, <strong>Ribeir\u00e3o Preto<\/strong>, <strong>S\u00e3o Carlos<\/strong> e <strong>Araraquara<\/strong>, e <strong>Sul de Minas<\/strong>.<\/p>\n<blockquote class=\"wp-block-quote is-layout-flow wp-block-quote-is-layout-flow\">\n<p><strong>&#8220;A ideia sempre foi revelar talentos e dar visibilidade para artistas da nossa regi\u00e3o. Sabemos que existem muitos m\u00fasicos talentosos que ainda n\u00e3o tiveram a oportunidade de mostrar seu trabalho em grande escala. O sertanejo conversa diretamente com a nossa cultura regional e transformar o projeto em um<em>&nbsp;reality<\/em>&nbsp;foi uma forma de aproximar ainda mais o p\u00fablico dessa trajet\u00f3ria&#8221;.<\/strong><\/p>\n<\/blockquote>\n<p>O\u00a0<em>reality<\/em>\u00a0musical \u00e9 apresentado por <strong>Tati Camargo<\/strong>. Os tr\u00eas primeiros epis\u00f3dios foram gravados no Parque do Pe\u00e3o, em Barretos (SP), batizado como <strong>Rancho \u00c9Pra Cantar<\/strong>, reunindo provas musicais e avalia\u00e7\u00f5es realizadas por uma banca formada por jurados art\u00edsticos e t\u00e9cnicos.<\/p>\n<p>Entre os convidados desta edi\u00e7\u00e3o est\u00e3o o cantor Felipe Ara\u00fajo, a cantora Biahh Cavalcante, ex-participante do reality Estrela da Casa, a dupla Marcos Paulo &amp; Marcelo, o compositor Joel Marques, os compositores e cantores Vit\u00f3ria, Iago e Vitor, filhos de Edson, da dupla Edson &amp; Hudson, al\u00e9m do produtor musical Bruno Brito e do jornalista da <strong>EPTV<\/strong> especializado em m\u00fasica sertaneja, Marcello Carvalho.<\/p>\n<p>As apresenta\u00e7\u00f5es foram avaliadas com base em crit\u00e9rios como interpreta\u00e7\u00e3o, afina\u00e7\u00e3o, presen\u00e7a de palco, composi\u00e7\u00e3o e conex\u00e3o com o universo sertanejo.<\/p>\n<blockquote class=\"wp-block-quote is-layout-flow wp-block-quote-is-layout-flow\">\n<p>Gravado ao longo de uma semana, o<em>&nbsp;reality<\/em>&nbsp;mergulhou os participantes no universo sertanejo, unindo desafios, mentorias e apresenta\u00e7\u00f5es eliminat\u00f3rias. <strong>&#8220;Quer\u00edamos proporcionar uma experi\u00eancia completa. Os participantes viveram toda a atmosfera de Barretos e passaram por desafios que exigiram t\u00e9cnica, interpreta\u00e7\u00e3o, composi\u00e7\u00e3o e presen\u00e7a de palco. Mais do que uma competi\u00e7\u00e3o, foi uma oportunidade de aprendizado e crescimento art\u00edstico&#8221;<\/strong>, destaca Fabiana.<\/p>\n<\/blockquote>\n<figure class=\"wp-block-image size-large\"><img data-recalc-dims=\"1\" loading=\"lazy\" decoding=\"async\" width=\"1024\" height=\"576\" src=\"https:\/\/i0.wp.com\/www.acidadeon.com\/ribeiraopreto\/wp-content\/uploads\/sites\/3\/2026\/07\/EPra-Cantar-2026-primeiro-reality-musical-sertanejo-da-EPTV-leva-vencedor-ao-palco-da-Festa-do-Peao-de-Barretos-3-1024x576.jpeg?resize=1024%2C576&#038;ssl=1\" alt=\"\u00c9Pra Cantar\" class=\"wp-image-167040\" title=\"\u00c9Pra Cantar 2026: primeiro reality musical sertanejo da EPTV leva vencedor ao palco da Festa do Pe\u00e3o de Barretos 17\" \/><figcaption class=\"wp-element-caption\">\u00c9Pra Cantar 2026 primeiro reality musical sertanejo da EPTV leva vencedor ao palco da Festa do Pe\u00e3o de Barretos &#8211; Imagens: divulga\u00e7\u00e3o<\/figcaption><\/figure>\n<h2 class=\"wp-block-heading\"><strong>Projeto multicanal&nbsp;<\/strong><\/h2>\n<p>Refor\u00e7ando a proposta multiplataforma do projeto, o \u00c9Pra Cantar tamb\u00e9m se estende para o ambiente digital. Al\u00e9m da vota\u00e7\u00e3o pelo <strong>g1<\/strong>, o\u00a0<em>reality<\/em>\u00a0contar\u00e1 com conte\u00fados exclusivos de bastidores no YouTube e nas redes sociais da<strong> EPTV<\/strong>, al\u00e9m de uma playlist oficial nas plataformas de streaming, reunindo as m\u00fasicas que marcaram a trajet\u00f3ria dos participantes e ampliando a experi\u00eancia do p\u00fablico para al\u00e9m da televis\u00e3o.<\/p>\n<h2 class=\"wp-block-heading\"><strong>Oportunidades publicit\u00e1rias<\/strong><\/h2>\n<p>O <strong>\u00c9Pra Cantar <\/strong>tamb\u00e9m abre oportunidades comerciais para marcas interessadas em se conectar com o p\u00fablico apaixonado pela m\u00fasica sertaneja e pela cultura regional. A Associa\u00e7\u00e3o Os Independentes \u00e9 a patrocinadora oficial do projeto nas quatro regi\u00f5es de cobertura da <strong>EPTV<\/strong>. Al\u00e9m do patroc\u00ednio, o reality conta com a\u00e7\u00f5es de conte\u00fado comercializadas para marcas parceiras, como o Caf\u00e9 Caramelo, com inser\u00e7\u00f5es nas quatro regi\u00f5es de cobertura da emissora, e o Arroz Inteir\u00e3o, com veicula\u00e7\u00e3o regional nas emissoras de S\u00e3o Carlos e Varginha.<\/p>\n<h2 class=\"wp-block-heading\"><strong>Cronograma<\/strong><\/h2>\n<ul class=\"wp-block-list\">\n<li><strong>25\/07 a 08\/08:<\/strong>&nbsp;Exibi\u00e7\u00e3o do<em>&nbsp;reality<\/em><\/li>\n<li><strong>08\/08 a 15\/08:<\/strong>&nbsp;Vota\u00e7\u00e3o da grande final no g1<\/li>\n<li><strong>15\/08:<\/strong>&nbsp;Final ao vivo e divulga\u00e7\u00e3o do vencedor<\/li>\n<li><strong>21\/08:<\/strong>&nbsp;Apresenta\u00e7\u00e3o do vencedor na Festa do Pe\u00e3o de Barretos<\/li>\n<\/ul>\n<figure class=\"wp-block-gallery has-nested-images columns-default is-cropped wp-block-gallery-5 is-layout-flex wp-block-gallery-is-layout-flex\">\n<figure class=\"wp-block-image size-large\"><img data-recalc-dims=\"1\" loading=\"lazy\" decoding=\"async\" width=\"1024\" height=\"576\" data-id=\"167041\" src=\"https:\/\/i0.wp.com\/www.acidadeon.com\/ribeiraopreto\/wp-content\/uploads\/sites\/3\/2026\/07\/EPra-Cantar-2026-primeiro-reality-musical-sertanejo-da-EPTV-leva-vencedor-ao-palco-da-Festa-do-Peao-de-Barretos-1024x576.jpeg?resize=1024%2C576&#038;ssl=1\" alt=\"\u00c9Pra Cantar\" class=\"wp-image-167041\" title=\"\u00c9Pra Cantar 2026: primeiro reality musical sertanejo da EPTV leva vencedor ao palco da Festa do Pe\u00e3o de Barretos 18\" \/><figcaption class=\"wp-element-caption\"> Imagem: divulga\u00e7\u00e3o<\/figcaption><\/figure>\n<figure class=\"wp-block-image size-large\"><img data-recalc-dims=\"1\" loading=\"lazy\" decoding=\"async\" width=\"1024\" height=\"576\" data-id=\"167040\" src=\"https:\/\/i0.wp.com\/www.acidadeon.com\/ribeiraopreto\/wp-content\/uploads\/sites\/3\/2026\/07\/EPra-Cantar-2026-primeiro-reality-musical-sertanejo-da-EPTV-leva-vencedor-ao-palco-da-Festa-do-Peao-de-Barretos-3-1024x576.jpeg?resize=1024%2C576&#038;ssl=1\" alt=\"\u00c9Pra Cantar\" class=\"wp-image-167040\" title=\"\u00c9Pra Cantar 2026: primeiro reality musical sertanejo da EPTV leva vencedor ao palco da Festa do Pe\u00e3o de Barretos 19\" \/><figcaption class=\"wp-element-caption\"> Imagens: divulga\u00e7\u00e3o<\/figcaption><\/figure>\n<figure class=\"wp-block-image size-large\"><img data-recalc-dims=\"1\" loading=\"lazy\" decoding=\"async\" width=\"1024\" height=\"576\" data-id=\"167039\" src=\"https:\/\/i0.wp.com\/www.acidadeon.com\/ribeiraopreto\/wp-content\/uploads\/sites\/3\/2026\/07\/EPra-Cantar-2026-primeiro-reality-musical-sertanejo-da-EPTV-leva-vencedor-ao-palco-da-Festa-do-Peao-de-Barretos-2-1024x576.jpeg?resize=1024%2C576&#038;ssl=1\" alt=\"\u00e9pra cantar\" class=\"wp-image-167039\" title=\"\u00c9Pra Cantar 2026: primeiro reality musical sertanejo da EPTV leva vencedor ao palco da Festa do Pe\u00e3o de Barretos 20\" \/><figcaption class=\"wp-element-caption\"> Imagem: divulga\u00e7\u00e3o<\/figcaption><\/figure>\n<\/figure>\n<h2 class=\"wp-block-heading\"><strong>Sobre o Grupo EP<\/strong><\/h2>\n<p>O <strong>Grupo EP<\/strong> \u00e9 o maior conglomerado de comunica\u00e7\u00e3o do interior do Brasil, fundado pela fam\u00edlia Coutinho Nogueira em Campinas (SP) h\u00e1 46 anos e com atua\u00e7\u00e3o nas regi\u00f5es de Campinas, Ribeir\u00e3o Preto, Central e Sul de Minas Gerais.<\/p>\n<p>As empresas de m\u00eddia do <strong>Grupo EP<\/strong> incluem a<strong> EPTV<\/strong>, afiliada da Rede Globo, sites Globo (<strong>g1<\/strong> e <strong>ge<\/strong>), <strong>acidade on<\/strong>,<strong> Tudo EP<\/strong>, r\u00e1dios <strong>CBN<\/strong>, <strong>EP FM <\/strong>e <strong>Jovem Pan<\/strong>, <strong>PIO Hub<\/strong> (ag\u00eancia de marketing de influ\u00eancia), <strong>EP Eventos<\/strong>, <strong>EP Pain\u00e9is (m\u00eddia OOH)<\/strong>, participa\u00e7\u00e3o societ\u00e1ria na <strong>Rede Bahia <\/strong>e, por meio de opera\u00e7\u00e3o societ\u00e1ria, a Sprint M\u00eddia, franquia da Eletromidia em Campinas, da qual o Grupo EP adquiriu 60% da opera\u00e7\u00e3o e <strong>Eletromidia Ribeir\u00e3o<\/strong>.<\/p>\n<p>A<strong> EPTV<\/strong> tamb\u00e9m est\u00e1 entre as 100 melhores empresas para trabalhar no Brasil em 2025, segundo pesquisa da revista internacional TIME, em parceria com a Statista.<\/p>\n<p>O conglomerado de m\u00eddia alcan\u00e7a mais de 12,3 milh\u00f5es de telespectadores e representa 7,18% do consumo de todo o pa\u00eds (Fonte: Cobertura EPTV 2025 \/ IPC Maps 2025).<\/p>\n<p class=\"has-cyan-bluish-gray-background-color has-background\"><em>Fa\u00e7a uma den\u00fancia ou sugira uma reportagem sobre&nbsp;<strong>Ribeir\u00e3o Preto&nbsp;<\/strong>e regi\u00e3o por meio do WhatsApp do&nbsp;<strong>acidade on Ribeir\u00e3o<\/strong>: (16) 99117-7802.<\/em><\/p>\n<p>O post \u00c9Pra Cantar 2026: primeiro reality musical sertanejo da EPTV leva vencedor ao palco da Festa do Pe\u00e3o de Barretos apareceu primeiro em ACidade ON Ribeir\u00e3o Preto.<\/p>\n<p><br \/>\n<br \/><a href=\"https:\/\/www.acidadeon.com\/ribeiraopreto\/lazer-e-cultura\/epra-cantar\/epra-cantar-2026-primeiro-reality-musical-sertanejo-da-eptv-leva-vencedor-ao-palco-da-festa-do-peao-de-barretos\/\">Link para o texto original aqui <\/a><\/p>\n<!-- CONTENT END 1 -->\n","protected":false},"excerpt":{"rendered":"<p>O Grupo EP, maior conglomerado de m\u00eddia do interior paulista e Sul de Minas, promove a edi\u00e7\u00e3o 2026 do \u00c9Pra Cantar, primeiro&nbsp;reality&nbsp;musical sertanejo da EPTV,&#8230;<\/p>\n","protected":false},"author":1,"featured_media":88616,"comment_status":"","ping_status":"","sticky":false,"template":"","format":"standard","meta":{"advanced_seo_description":"","jetpack_seo_html_title":"","jetpack_seo_noindex":false,"jetpack_seo_schema_type":"","_jetpack_newsletter_access":"","_jetpack_dont_email_post_to_subs":false,"_jetpack_newsletter_tier_id":0,"_jetpack_memberships_contains_paywalled_content":false,"_jetpack_feature_clip_id":0,"_jetpack_memberships_contains_paid_content":false,"footnotes":"","jetpack_publicize_message":"","jetpack_publicize_feature_enabled":true,"jetpack_social_post_already_shared":true,"jetpack_social_options":{"image_generator_settings":{"template":"highway","default_image_id":0,"font":"","enabled":false},"version":2},"jetpack_post_was_ever_published":false},"categories":[11],"tags":[3023,5759,7746,7936,7124,2017,505,3638,2650,3641,2279,7937,2993,3621],"class_list":["post-88615","post","type-post","status-publish","format-standard","has-post-thumbnail","hentry","category-noticias-de-ribeirao-preto-sp-e-regiao-ismael-colosi","tag-barretos","tag-cantar","tag-epra","tag-epra-cantar","tag-eptv","tag-festa","tag-leva","tag-musical","tag-palco","tag-peao","tag-primeiro","tag-reality","tag-sertanejo","tag-vencedor"],"jetpack_publicize_connections":[],"jetpack-related-posts":[{"id":90067,"url":"https:\/\/noticiasribeiraopreto.com.br\/index.php\/2026\/08\/16\/amanda-rissi-e-campea-do-epra-cantar-e-vai-subir-ao-palco-do-barretao\/","url_meta":{"origin":88615,"position":0},"title":"Amanda Rissi \u00e9 campe\u00e3 do \u00c9Pra Cantar e vai subir ao palco do Barret\u00e3o","author":"noticiasribeiraopreto.com.br","date":"16 de August de 2026","format":false,"excerpt":"A cantora Amanda Rissi venceu a edi\u00e7\u00e3o 2026 do \u00c9Pra Cantar, reality musical da EPTV, e garantiu uma apresenta\u00e7\u00e3o em um dos palcos da Festa do Pe\u00e3o de Barretos, que acontece entre os dias 20 e 30 de agosto de 2026. A campe\u00e3 foi escolhida pelo p\u00fablico e teve o\u2026","rel":"","context":"In &quot;Not\u00edcias de Ribeir\u00e3o Preto-SP e Regi\u00e3o&quot;","block_context":{"text":"Not\u00edcias de Ribeir\u00e3o Preto-SP e Regi\u00e3o","link":"https:\/\/noticiasribeiraopreto.com.br\/index.php\/category\/noticias-de-ribeirao-preto-sp-e-regiao-ismael-colosi\/"},"img":{"alt_text":"","src":"https:\/\/i0.wp.com\/noticiasribeiraopreto.com.br\/wp-content\/uploads\/2026\/08\/amanda-rissi-1024x576-1.jpg?fit=1024%2C576&ssl=1&resize=350%2C200","width":350,"height":200,"srcset":"https:\/\/i0.wp.com\/noticiasribeiraopreto.com.br\/wp-content\/uploads\/2026\/08\/amanda-rissi-1024x576-1.jpg?fit=1024%2C576&ssl=1&resize=350%2C200 1x, https:\/\/i0.wp.com\/noticiasribeiraopreto.com.br\/wp-content\/uploads\/2026\/08\/amanda-rissi-1024x576-1.jpg?fit=1024%2C576&ssl=1&resize=525%2C300 1.5x, https:\/\/i0.wp.com\/noticiasribeiraopreto.com.br\/wp-content\/uploads\/2026\/08\/amanda-rissi-1024x576-1.jpg?fit=1024%2C576&ssl=1&resize=700%2C400 2x"},"classes":[]},{"id":88180,"url":"https:\/\/noticiasribeiraopreto.com.br\/index.php\/2026\/07\/15\/epra-cantar-shopping-de-barretos-recebe-acao-com-dinamicas-e-distribuicao-de-brindes\/","url_meta":{"origin":88615,"position":1},"title":"\u00c9Pra Cantar: Shopping de Barretos recebe a\u00e7\u00e3o com din\u00e2micas e distribui\u00e7\u00e3o de brindes","author":"noticiasribeiraopreto.com.br","date":"15 de July de 2026","format":false,"excerpt":"O North Shopping Barretos recebe, neste s\u00e1bado (18) e domingo (19), uma a\u00e7\u00e3o de divulga\u00e7\u00e3o do programa \u201c\u00c9Pra Cantar 2026\u201d, reality show musical da EPTV que busca revelar novos talentos do g\u00eanero sertanejo. A ativa\u00e7\u00e3o tem como objetivo aproximar o p\u00fablico do universo sertanejo por meio de din\u00e2micas presenciais, intera\u00e7\u00e3o\u2026","rel":"","context":"In &quot;Not\u00edcias de Ribeir\u00e3o Preto-SP e Regi\u00e3o&quot;","block_context":{"text":"Not\u00edcias de Ribeir\u00e3o Preto-SP e Regi\u00e3o","link":"https:\/\/noticiasribeiraopreto.com.br\/index.php\/category\/noticias-de-ribeirao-preto-sp-e-regiao-ismael-colosi\/"},"img":{"alt_text":"","src":"https:\/\/i0.wp.com\/noticiasribeiraopreto.com.br\/wp-content\/uploads\/2026\/07\/O-North-Shopping-Barretos-informa-que-o-forte-cheiro-de-queimado-percebido-por-alguns-clientes-n.jpg?fit=1170%2C782&ssl=1&resize=350%2C200","width":350,"height":200,"srcset":"https:\/\/i0.wp.com\/noticiasribeiraopreto.com.br\/wp-content\/uploads\/2026\/07\/O-North-Shopping-Barretos-informa-que-o-forte-cheiro-de-queimado-percebido-por-alguns-clientes-n.jpg?fit=1170%2C782&ssl=1&resize=350%2C200 1x, https:\/\/i0.wp.com\/noticiasribeiraopreto.com.br\/wp-content\/uploads\/2026\/07\/O-North-Shopping-Barretos-informa-que-o-forte-cheiro-de-queimado-percebido-por-alguns-clientes-n.jpg?fit=1170%2C782&ssl=1&resize=525%2C300 1.5x, https:\/\/i0.wp.com\/noticiasribeiraopreto.com.br\/wp-content\/uploads\/2026\/07\/O-North-Shopping-Barretos-informa-que-o-forte-cheiro-de-queimado-percebido-por-alguns-clientes-n.jpg?fit=1170%2C782&ssl=1&resize=700%2C400 2x, https:\/\/i0.wp.com\/noticiasribeiraopreto.com.br\/wp-content\/uploads\/2026\/07\/O-North-Shopping-Barretos-informa-que-o-forte-cheiro-de-queimado-percebido-por-alguns-clientes-n.jpg?fit=1170%2C782&ssl=1&resize=1050%2C600 3x"},"classes":[]},{"id":50474,"url":"https:\/\/noticiasribeiraopreto.com.br\/index.php\/2024\/05\/16\/epra-cantar-veja-como-votar-nos-semifinalistas-do-concurso-musical-da-eptv\/","url_meta":{"origin":88615,"position":2},"title":"\u00c9Pra Cantar: Veja como votar nos semifinalistas do concurso musical da EPTV","author":"noticiasribeiraopreto.com.br","date":"16 de May de 2024","format":false,"excerpt":"O concurso \u00c9Pra Cantar, da EPTV, j\u00e1 est\u00e1 na semifinal. S\u00e3o 20 semifinalistas \u2013 cinco de cada \u00e1rea de cobertura da emissora. A vota\u00e7\u00e3o segue aberta at\u00e9 a pr\u00f3xima segunda-feira (20) e apenas quatro ir\u00e3o para final. A vota\u00e7\u00e3o foi aberta no Tudo EP na \u00faltima segunda-feira (13) e o\u2026","rel":"","context":"In &quot;Not\u00edcias de Ribeir\u00e3o Preto-SP e Regi\u00e3o&quot;","block_context":{"text":"Not\u00edcias de Ribeir\u00e3o Preto-SP e Regi\u00e3o","link":"https:\/\/noticiasribeiraopreto.com.br\/index.php\/category\/noticias-de-ribeirao-preto-sp-e-regiao-ismael-colosi\/"},"img":{"alt_text":"","src":"https:\/\/i0.wp.com\/noticiasribeiraopreto.com.br\/wp-content\/uploads\/2024\/05\/semifinalistas_2024-05-16_13-42-14_jpg_2024-05-16_13-42-14.webp.webp?fit=969%2C546&ssl=1&resize=350%2C200","width":350,"height":200,"srcset":"https:\/\/i0.wp.com\/noticiasribeiraopreto.com.br\/wp-content\/uploads\/2024\/05\/semifinalistas_2024-05-16_13-42-14_jpg_2024-05-16_13-42-14.webp.webp?fit=969%2C546&ssl=1&resize=350%2C200 1x, https:\/\/i0.wp.com\/noticiasribeiraopreto.com.br\/wp-content\/uploads\/2024\/05\/semifinalistas_2024-05-16_13-42-14_jpg_2024-05-16_13-42-14.webp.webp?fit=969%2C546&ssl=1&resize=525%2C300 1.5x, https:\/\/i0.wp.com\/noticiasribeiraopreto.com.br\/wp-content\/uploads\/2024\/05\/semifinalistas_2024-05-16_13-42-14_jpg_2024-05-16_13-42-14.webp.webp?fit=969%2C546&ssl=1&resize=700%2C400 2x"},"classes":[]},{"id":48581,"url":"https:\/\/noticiasribeiraopreto.com.br\/index.php\/2024\/05\/03\/epra-cantar-encontro-presencial-de-jurados-escolhe-os-semifinalistas-do-concurso-musical\/","url_meta":{"origin":88615,"position":3},"title":"\u00c9Pra Cantar: encontro presencial de jurados escolhe os semifinalistas do concurso musical","author":"noticiasribeiraopreto.com.br","date":"3 de May de 2024","format":false,"excerpt":"Com mais de 720 m\u00fasicas inscritas para o concurso musical \u201c\u00c9Pra Cantar\u201d realizado pela EPTV, afiliada da Rede Globo, os jurados v\u00e3o escolher os 20 semifinalistas presencialmente. O encontro acontecer\u00e1 na segunda-feira (6), na sede da EPTV de Campinas. Os 12 jurados (veja abaixo) j\u00e1 escolheram 48 m\u00fasicas, sendo quatro\u2026","rel":"","context":"In &quot;Not\u00edcias de Ribeir\u00e3o Preto-SP e Regi\u00e3o&quot;","block_context":{"text":"Not\u00edcias de Ribeir\u00e3o Preto-SP e Regi\u00e3o","link":"https:\/\/noticiasribeiraopreto.com.br\/index.php\/category\/noticias-de-ribeirao-preto-sp-e-regiao-ismael-colosi\/"},"img":{"alt_text":"","src":"https:\/\/i0.wp.com\/noticiasribeiraopreto.com.br\/wp-content\/uploads\/2024\/04\/AnyConv.com__joao-rock-1.webp.webp?fit=1200%2C776&ssl=1&resize=350%2C200","width":350,"height":200,"srcset":"https:\/\/i0.wp.com\/noticiasribeiraopreto.com.br\/wp-content\/uploads\/2024\/04\/AnyConv.com__joao-rock-1.webp.webp?fit=1200%2C776&ssl=1&resize=350%2C200 1x, https:\/\/i0.wp.com\/noticiasribeiraopreto.com.br\/wp-content\/uploads\/2024\/04\/AnyConv.com__joao-rock-1.webp.webp?fit=1200%2C776&ssl=1&resize=525%2C300 1.5x, https:\/\/i0.wp.com\/noticiasribeiraopreto.com.br\/wp-content\/uploads\/2024\/04\/AnyConv.com__joao-rock-1.webp.webp?fit=1200%2C776&ssl=1&resize=700%2C400 2x, https:\/\/i0.wp.com\/noticiasribeiraopreto.com.br\/wp-content\/uploads\/2024\/04\/AnyConv.com__joao-rock-1.webp.webp?fit=1200%2C776&ssl=1&resize=1050%2C600 3x"},"classes":[]},{"id":50935,"url":"https:\/\/noticiasribeiraopreto.com.br\/index.php\/2024\/05\/21\/epra-cantar-veja-quem-sao-os-finalistas-do-concurso-musical-e-como-votar\/","url_meta":{"origin":88615,"position":4},"title":"\u00c9Pra Cantar: Veja quem s\u00e3o os finalistas do concurso musical e como votar","author":"noticiasribeiraopreto.com.br","date":"21 de May de 2024","format":false,"excerpt":"Os quatro finalistas do concurso musical \u201c\u00c9Pra Cantar\u201d realizado pela EPTV, afiliada da Rede Globo, foi divulgado nesta ter\u00e7a-feira (21) durante o telejornal EPTV 1. A partir de agora, a vota\u00e7\u00e3o para a escolha do vencedor est\u00e1 aberta no g1. \u00c9 poss\u00edvel votar quantas vezes desejar. O ganhador do concurso\u2026","rel":"","context":"In &quot;Not\u00edcias de Ribeir\u00e3o Preto-SP e Regi\u00e3o&quot;","block_context":{"text":"Not\u00edcias de Ribeir\u00e3o Preto-SP e Regi\u00e3o","link":"https:\/\/noticiasribeiraopreto.com.br\/index.php\/category\/noticias-de-ribeirao-preto-sp-e-regiao-ismael-colosi\/"},"img":{"alt_text":"","src":"https:\/\/i0.wp.com\/noticiasribeiraopreto.com.br\/wp-content\/uploads\/2024\/05\/pexels-katriengrevendonck-2101488_2024-05-21_16-25-10_jpg_2024-05-21_16-25-10-scaled.webp.webp?fit=1200%2C800&ssl=1&resize=350%2C200","width":350,"height":200,"srcset":"https:\/\/i0.wp.com\/noticiasribeiraopreto.com.br\/wp-content\/uploads\/2024\/05\/pexels-katriengrevendonck-2101488_2024-05-21_16-25-10_jpg_2024-05-21_16-25-10-scaled.webp.webp?fit=1200%2C800&ssl=1&resize=350%2C200 1x, https:\/\/i0.wp.com\/noticiasribeiraopreto.com.br\/wp-content\/uploads\/2024\/05\/pexels-katriengrevendonck-2101488_2024-05-21_16-25-10_jpg_2024-05-21_16-25-10-scaled.webp.webp?fit=1200%2C800&ssl=1&resize=525%2C300 1.5x, https:\/\/i0.wp.com\/noticiasribeiraopreto.com.br\/wp-content\/uploads\/2024\/05\/pexels-katriengrevendonck-2101488_2024-05-21_16-25-10_jpg_2024-05-21_16-25-10-scaled.webp.webp?fit=1200%2C800&ssl=1&resize=700%2C400 2x, https:\/\/i0.wp.com\/noticiasribeiraopreto.com.br\/wp-content\/uploads\/2024\/05\/pexels-katriengrevendonck-2101488_2024-05-21_16-25-10_jpg_2024-05-21_16-25-10-scaled.webp.webp?fit=1200%2C800&ssl=1&resize=1050%2C600 3x"},"classes":[]},{"id":51642,"url":"https:\/\/noticiasribeiraopreto.com.br\/index.php\/2024\/05\/28\/epra-cantar-conheca-a-banda-vencedora-do-concurso-musical-da-eptv\/","url_meta":{"origin":88615,"position":5},"title":"&#8216;\u00c9Pra Cantar&#8217;: Conhe\u00e7a a banda vencedora do concurso musical da EPTV","author":"noticiasribeiraopreto.com.br","date":"28 de May de 2024","format":false,"excerpt":"A vencedora do \u201c\u00c9Pra Cantar\u201d, concurso musical realizado pela EPTV, afiliada da Rede Globo, \u00e9 a banda Freon Rock, de S\u00e3o Carlos. O resultado foi divulgado nesta ter\u00e7a-feira (28) durante o EPTV1. Com a m\u00fasica \u201cDestino\u201d, inscrita no concurso, a banda s\u00e3o-carlense se apresentar\u00e1 por 25minutos no Palco Brasil do\u2026","rel":"","context":"In &quot;Not\u00edcias de Ribeir\u00e3o Preto-SP e Regi\u00e3o&quot;","block_context":{"text":"Not\u00edcias de Ribeir\u00e3o Preto-SP e Regi\u00e3o","link":"https:\/\/noticiasribeiraopreto.com.br\/index.php\/category\/noticias-de-ribeirao-preto-sp-e-regiao-ismael-colosi\/"},"img":{"alt_text":"","src":"https:\/\/i0.wp.com\/noticiasribeiraopreto.com.br\/wp-content\/uploads\/2024\/05\/Copia-de-Copia-de-TAMANHO-EXATO-PARA-FOTOS-NO-SISTEMA-NOVO-55_2024-05-28_18-00-45_jpg_2024-05-28_18-00-45.webp.webp?fit=1200%2C675&ssl=1&resize=350%2C200","width":350,"height":200,"srcset":"https:\/\/i0.wp.com\/noticiasribeiraopreto.com.br\/wp-content\/uploads\/2024\/05\/Copia-de-Copia-de-TAMANHO-EXATO-PARA-FOTOS-NO-SISTEMA-NOVO-55_2024-05-28_18-00-45_jpg_2024-05-28_18-00-45.webp.webp?fit=1200%2C675&ssl=1&resize=350%2C200 1x, https:\/\/i0.wp.com\/noticiasribeiraopreto.com.br\/wp-content\/uploads\/2024\/05\/Copia-de-Copia-de-TAMANHO-EXATO-PARA-FOTOS-NO-SISTEMA-NOVO-55_2024-05-28_18-00-45_jpg_2024-05-28_18-00-45.webp.webp?fit=1200%2C675&ssl=1&resize=525%2C300 1.5x, https:\/\/i0.wp.com\/noticiasribeiraopreto.com.br\/wp-content\/uploads\/2024\/05\/Copia-de-Copia-de-TAMANHO-EXATO-PARA-FOTOS-NO-SISTEMA-NOVO-55_2024-05-28_18-00-45_jpg_2024-05-28_18-00-45.webp.webp?fit=1200%2C675&ssl=1&resize=700%2C400 2x, https:\/\/i0.wp.com\/noticiasribeiraopreto.com.br\/wp-content\/uploads\/2024\/05\/Copia-de-Copia-de-TAMANHO-EXATO-PARA-FOTOS-NO-SISTEMA-NOVO-55_2024-05-28_18-00-45_jpg_2024-05-28_18-00-45.webp.webp?fit=1200%2C675&ssl=1&resize=1050%2C600 3x"},"classes":[]}],"jetpack_sharing_enabled":true,"jetpack_shortlink":"https:\/\/wp.me\/peQAOb-n3h","jetpack_featured_media_url":"https:\/\/i0.wp.com\/noticiasribeiraopreto.com.br\/wp-content\/uploads\/2026\/07\/EPra-Cantar-2026-primeiro-reality-musical-sertanejo-da-EPTV-leva-vencedor-ao-palco-da-Festa-do-Peao-de-Barretos-2.jpeg?fit=1600%2C900&ssl=1","_links":{"self":[{"href":"https:\/\/noticiasribeiraopreto.com.br\/index.php\/wp-json\/wp\/v2\/posts\/88615","targetHints":{"allow":["GET"]}}],"collection":[{"href":"https:\/\/noticiasribeiraopreto.com.br\/index.php\/wp-json\/wp\/v2\/posts"}],"about":[{"href":"https:\/\/noticiasribeiraopreto.com.br\/index.php\/wp-json\/wp\/v2\/types\/post"}],"author":[{"embeddable":true,"href":"https:\/\/noticiasribeiraopreto.com.br\/index.php\/wp-json\/wp\/v2\/users\/1"}],"replies":[{"embeddable":true,"href":"https:\/\/noticiasribeiraopreto.com.br\/index.php\/wp-json\/wp\/v2\/comments?post=88615"}],"version-history":[{"count":0,"href":"https:\/\/noticiasribeiraopreto.com.br\/index.php\/wp-json\/wp\/v2\/posts\/88615\/revisions"}],"wp:featuredmedia":[{"embeddable":true,"href":"https:\/\/noticiasribeiraopreto.com.br\/index.php\/wp-json\/wp\/v2\/media\/88616"}],"wp:attachment":[{"href":"https:\/\/noticiasribeiraopreto.com.br\/index.php\/wp-json\/wp\/v2\/media?parent=88615"}],"wp:term":[{"taxonomy":"category","embeddable":true,"href":"https:\/\/noticiasribeiraopreto.com.br\/index.php\/wp-json\/wp\/v2\/categories?post=88615"},{"taxonomy":"post_tag","embeddable":true,"href":"https:\/\/noticiasribeiraopreto.com.br\/index.php\/wp-json\/wp\/v2\/tags?post=88615"}],"curies":[{"name":"wp","href":"https:\/\/api.w.org\/{rel}","templated":true}]}}