{"id":9050,"date":"2023-12-01T12:37:02","date_gmt":"2023-12-01T15:37:02","guid":{"rendered":"https:\/\/noticiasribeiraopreto.com.br\/index.php\/2023\/12\/01\/natal-na-vilazinha-de-belem-comeca-nesta-sexta\/"},"modified":"2023-12-01T12:37:02","modified_gmt":"2023-12-01T15:37:02","slug":"natal-na-vilazinha-de-belem-comeca-nesta-sexta","status":"publish","type":"post","link":"https:\/\/noticiasribeiraopreto.com.br\/index.php\/2023\/12\/01\/natal-na-vilazinha-de-belem-comeca-nesta-sexta\/","title":{"rendered":"\u2018Natal na Vilazinha de Bel\u00e9m\u2019 come\u00e7a nesta sexta"},"content":{"rendered":"<div class='code-block code-block-1' style='margin: 8px 0 8px auto; text-align: right; display: block; clear: both;'>\n<p><a href=\"https:\/\/wa.link\/vpicfd\"><img data-recalc-dims=\"1\" class=\"wp-image-4922\" style=\"aspect-ratio: 2.0253164556962027; width: 561px; height: auto;\" src=\"https:\/\/i0.wp.com\/ismaelcolosi.com.br\/wp-content\/uploads\/2023\/11\/grupo-de-empregos-whatsapp-e-facebook-ismael-colosi-vagas.jpg?ssl=1\" alt=\"\" \/><\/a><\/p>\n<!-- \/wp:image -->\n<\/div>\n<p> <br \/>\n<\/p>\n<div>\n<p>De 1 de dezembro at\u00e9 o Dia de Reis, em 6 de janeiro, a cidade de S\u00e3o Paulo receber\u00e1 o \u2018Natal na Vilazinha de Bel\u00e9m\u2019, um ponto tur\u00edstico gratuito aberto \u00e0 visita\u00e7\u00e3o do p\u00fablico com o objetivo de celebrar o nascimento de Jesus Cristo. Em 2023, o destaque do evento ser\u00e1 a possibilidade dos visitantes fazerem parte da hist\u00f3ria do nascimento do menino Jesus.<\/p>\n<p>Por meio de um tour guiado \u2013 que funcionar\u00e1 como uma experi\u00eancia imersiva \u2013 nos diversos cen\u00e1rios da Vilazinha de Bel\u00e9m, um contador de hist\u00f3ria trar\u00e1 todos os detalhes do nascimento de Jesus.<\/p>\n<p>Aos finais de semana, a partir das 19h, acontecer\u00e3o apresenta\u00e7\u00f5es com coreto e solistas. Ao fim da experi\u00eancia, os visitantes ganhar\u00e3o um livreto, ilustrado pelo @ascr\u00f4nicasdewesley, que relata a hist\u00f3ria do Natal em quadrinhos com diversas atividades para as crian\u00e7as.<\/p>\n<p>Montado ao lado da esta\u00e7\u00e3o de metr\u00f4 S\u00e3o Paulo-Morumbi, a atra\u00e7\u00e3o funcionar\u00e1 todos os dias, das 18h \u00e0s 22h. O tour guiado estar\u00e1 dispon\u00edvel de quinta a domingo, das 18h \u00e0s 22h (exceto nas v\u00e9speras 24 e 31 de dezembro).<\/p>\n<p>SERVI\u00c7O<br \/>O que: \u2018Natal na vilazinha de Bel\u00e9m\u2019<\/p>\n<p>Quando: De 01\/12 a 06\/01\/24 (exceto nas v\u00e9speras 24 e 31 de dezembro)<\/p>\n<p>Hor\u00e1rio: Todos os dias, das 18h \u00e0s 22h.<\/p>\n<\/div>\n<p><script>\n\t\t! function(f, b, e, v, n, t, s) {\n\t\t\tif (f.fbq) return;\n\t\t\tn = f.fbq = function() {\n\t\t\t\tn.callMethod ?\n\t\t\t\t\tn.callMethod.apply(n, arguments) : n.queue.push(arguments)\n\t\t\t};\n\t\t\tif (!f._fbq) f._fbq = n;\n\t\t\tn.push = n;\n\t\t\tn.loaded = !0;\n\t\t\tn.version = '2.0';\n\t\t\tn.queue = [];\n\t\t\tt = b.createElement(e);\n\t\t\tt.async = !0;\n\t\t\tt.src = v;\n\t\t\ts = b.getElementsByTagName(e)[0];\n\t\t\ts.parentNode.insertBefore(t, s)\n\t\t}(window, document, 'script',\n\t\t\t'https:\/\/connect.facebook.net\/en_US\/fbevents.js');\n\t\tfbq('init', '338315473262380');\n\t\tfbq('track', 'PageView');\n\t<\/script><br \/>\n<br \/><br \/>\n<br \/><a href=\"https:\/\/catracalivre.com.br\/vila-mundo\/natal-na-vilazinha-de-belem-comeca-nesta-sexta\/\">Source link <\/a><\/p>\n<!-- CONTENT END 1 -->\n","protected":false},"excerpt":{"rendered":"<p>De 1 de dezembro at\u00e9 o Dia de Reis, em 6 de janeiro, a cidade de S\u00e3o Paulo receber\u00e1 o \u2018Natal na Vilazinha de Bel\u00e9m\u2019,&#8230;<\/p>\n","protected":false},"author":1,"featured_media":9051,"comment_status":"open","ping_status":"open","sticky":false,"template":"","format":"standard","meta":{"advanced_seo_description":"","jetpack_seo_html_title":"","jetpack_seo_noindex":false,"jetpack_post_was_ever_published":false,"_jetpack_newsletter_access":"","_jetpack_dont_email_post_to_subs":false,"_jetpack_newsletter_tier_id":0,"_jetpack_memberships_contains_paywalled_content":false,"_jetpack_memberships_contains_paid_content":false,"footnotes":"","jetpack_publicize_message":"","jetpack_publicize_feature_enabled":true,"jetpack_social_post_already_shared":true,"jetpack_social_options":{"image_generator_settings":{"template":"highway","default_image_id":0,"font":"","enabled":false},"version":2}},"categories":[19],"tags":[],"class_list":["post-9050","post","type-post","status-publish","format-standard","has-post-thumbnail","hentry","category-variedades"],"jetpack_publicize_connections":[],"jetpack_featured_media_url":"https:\/\/i0.wp.com\/noticiasribeiraopreto.com.br\/wp-content\/uploads\/2023\/12\/vil.png?fit=1200%2C638&ssl=1","jetpack-related-posts":[{"id":22758,"url":"https:\/\/noticiasribeiraopreto.com.br\/index.php\/2023\/12\/30\/natal-luz-da-acirp-atraiu-477-mil-visitantes-em-20-dias\/","url_meta":{"origin":9050,"position":0},"title":"Natal Luz da Acirp atraiu 47,7 mil visitantes em 20 dias\u00a0","author":"noticiasribeiraopreto.com.br","date":"30 de December de 2023","format":false,"excerpt":"Movimenta\u00e7\u00e3o do Natal Luz da Acirp lotou o Centro e levou as fam\u00edlias para o com\u00e9rcio de rua da cidade (F\u00e1brica de Retratos)As atra\u00e7\u00f5es com Papai Noel do Natal Luz da Associa\u00e7\u00e3o Comercial e Industrial de Ribeir\u00e3o Preto (Acirp) receberam cerca de 47,7 mil visitantes entre os dias 2 e\u2026","rel":"","context":"In &quot;Not\u00edcias de Ribeir\u00e3o Preto-SP e Regi\u00e3o&quot;","block_context":{"text":"Not\u00edcias de Ribeir\u00e3o Preto-SP e Regi\u00e3o","link":"https:\/\/noticiasribeiraopreto.com.br\/index.php\/category\/noticias-de-ribeirao-preto-sp-e-regiao-ismael-colosi\/"},"img":{"alt_text":"","src":"https:\/\/i0.wp.com\/noticiasribeiraopreto.com.br\/wp-content\/uploads\/2023\/12\/1-natal-luz-foto-2-scaled.jpg?fit=967%2C645&ssl=1&resize=350%2C200","width":350,"height":200,"srcset":"https:\/\/i0.wp.com\/noticiasribeiraopreto.com.br\/wp-content\/uploads\/2023\/12\/1-natal-luz-foto-2-scaled.jpg?fit=967%2C645&ssl=1&resize=350%2C200 1x, https:\/\/i0.wp.com\/noticiasribeiraopreto.com.br\/wp-content\/uploads\/2023\/12\/1-natal-luz-foto-2-scaled.jpg?fit=967%2C645&ssl=1&resize=525%2C300 1.5x, https:\/\/i0.wp.com\/noticiasribeiraopreto.com.br\/wp-content\/uploads\/2023\/12\/1-natal-luz-foto-2-scaled.jpg?fit=967%2C645&ssl=1&resize=700%2C400 2x"},"classes":[]},{"id":45041,"url":"https:\/\/noticiasribeiraopreto.com.br\/index.php\/2024\/04\/01\/fafa-de-belem-curte-ferias-com-a-familia-no-beach-park\/","url_meta":{"origin":9050,"position":1},"title":"Faf\u00e1 de Bel\u00e9m curte f\u00e9rias com a fam\u00edlia no Beach Park","author":"noticiasribeiraopreto.com.br","date":"1 de April de 2024","format":false,"excerpt":"Faf\u00e1 de Bel\u00e9m curte f\u00e9rias com a fam\u00edlia no Beach ParkA cantora Faf\u00e1 de Bel\u00e9m aproveitou o feriado da P\u00e1scoa em um dos destinos tur\u00edsticos mais desejados do Brasil: o Beach Park. Acompanhada de sua fam\u00edlia, incluindo sua filha e netas, Faf\u00e1 tem desfrutado de dias repletos de divers\u00e3o nas\u2026","rel":"","context":"In &quot;Not\u00edcias de Ribeir\u00e3o Preto-SP e Regi\u00e3o&quot;","block_context":{"text":"Not\u00edcias de Ribeir\u00e3o Preto-SP e Regi\u00e3o","link":"https:\/\/noticiasribeiraopreto.com.br\/index.php\/category\/noticias-de-ribeirao-preto-sp-e-regiao-ismael-colosi\/"},"img":{"alt_text":"","src":"https:\/\/i0.wp.com\/noticiasribeiraopreto.com.br\/wp-content\/uploads\/2024\/04\/3752321448.jpg?fit=900%2C1200&ssl=1&resize=350%2C200","width":350,"height":200,"srcset":"https:\/\/i0.wp.com\/noticiasribeiraopreto.com.br\/wp-content\/uploads\/2024\/04\/3752321448.jpg?fit=900%2C1200&ssl=1&resize=350%2C200 1x, https:\/\/i0.wp.com\/noticiasribeiraopreto.com.br\/wp-content\/uploads\/2024\/04\/3752321448.jpg?fit=900%2C1200&ssl=1&resize=525%2C300 1.5x, https:\/\/i0.wp.com\/noticiasribeiraopreto.com.br\/wp-content\/uploads\/2024\/04\/3752321448.jpg?fit=900%2C1200&ssl=1&resize=700%2C400 2x"},"classes":[]},{"id":12172,"url":"https:\/\/noticiasribeiraopreto.com.br\/index.php\/2023\/12\/07\/por-que-no-natal-damos-presentes-para-outras-pessoas-meu-valor-digital\/","url_meta":{"origin":9050,"position":2},"title":"Por que no Natal damos presentes para outras pessoas? &#8211; Meu Valor Digital","author":"noticiasribeiraopreto.com.br","date":"7 de December de 2023","format":false,"excerpt":"No clima acolhedor do Natal, envolver-se na troca de presentes \u00e9 uma tradi\u00e7\u00e3o querida por muitos. Mas, voc\u00ea j\u00e1 parou para se perguntar por que essa pr\u00e1tica se tornou t\u00e3o arraigada nas celebra\u00e7\u00f5es natalinas? Neste artigo, exploraremos as origens e significados por tr\u00e1s do ato generoso de presentear amigos e\u2026","rel":"","context":"In &quot;Vagas de Emprego em Ribeir\u00e3o Preto-SP&quot;","block_context":{"text":"Vagas de Emprego em Ribeir\u00e3o Preto-SP","link":"https:\/\/noticiasribeiraopreto.com.br\/index.php\/category\/empregos-classificados-vagas-trabalho\/vagas-de-empregos-em-ribeirao-preto-regiao-brasil\/"},"img":{"alt_text":"","src":"https:\/\/i0.wp.com\/noticiasribeiraopreto.com.br\/wp-content\/uploads\/2023\/12\/casal-trocando-presentes-de-natal.jpg?fit=1200%2C801&ssl=1&resize=350%2C200","width":350,"height":200,"srcset":"https:\/\/i0.wp.com\/noticiasribeiraopreto.com.br\/wp-content\/uploads\/2023\/12\/casal-trocando-presentes-de-natal.jpg?fit=1200%2C801&ssl=1&resize=350%2C200 1x, https:\/\/i0.wp.com\/noticiasribeiraopreto.com.br\/wp-content\/uploads\/2023\/12\/casal-trocando-presentes-de-natal.jpg?fit=1200%2C801&ssl=1&resize=525%2C300 1.5x, https:\/\/i0.wp.com\/noticiasribeiraopreto.com.br\/wp-content\/uploads\/2023\/12\/casal-trocando-presentes-de-natal.jpg?fit=1200%2C801&ssl=1&resize=700%2C400 2x, https:\/\/i0.wp.com\/noticiasribeiraopreto.com.br\/wp-content\/uploads\/2023\/12\/casal-trocando-presentes-de-natal.jpg?fit=1200%2C801&ssl=1&resize=1050%2C600 3x"},"classes":[]},{"id":59580,"url":"https:\/\/noticiasribeiraopreto.com.br\/index.php\/2024\/10\/26\/selecao-brasileira-se-preparara-em-belem-para-proximos-jogos-das-eliminatorias\/","url_meta":{"origin":9050,"position":3},"title":"Sele\u00e7\u00e3o Brasileira se Preparar\u00e1 em Bel\u00e9m para Pr\u00f3ximos Jogos das Eliminat\u00f3rias","author":"noticiasribeiraopreto.com.br","date":"26 de October de 2024","format":false,"excerpt":"A Sele\u00e7\u00e3o Brasileira de Futebol j\u00e1 est\u00e1 com os olhos voltados para os pr\u00f3ximos desafios das Eliminat\u00f3rias da Copa do Mundo de 2026. E, desta vez, o ponto de partida ser\u00e1 a cidade de Bel\u00e9m, no Par\u00e1. A comiss\u00e3o t\u00e9cnica e os jogadores se reunir\u00e3o na capital paraense para um\u2026","rel":"","context":"In &quot;Not\u00edcias de Ribeir\u00e3o Preto-SP e Regi\u00e3o&quot;","block_context":{"text":"Not\u00edcias de Ribeir\u00e3o Preto-SP e Regi\u00e3o","link":"https:\/\/noticiasribeiraopreto.com.br\/index.php\/category\/noticias-de-ribeirao-preto-sp-e-regiao-ismael-colosi\/"},"img":{"alt_text":"","src":"https:\/\/i0.wp.com\/noticiasribeiraopreto.com.br\/wp-content\/uploads\/2024\/10\/luis_henrique_selecao_brasileira.webp.webp?fit=1170%2C700&ssl=1&resize=350%2C200","width":350,"height":200,"srcset":"https:\/\/i0.wp.com\/noticiasribeiraopreto.com.br\/wp-content\/uploads\/2024\/10\/luis_henrique_selecao_brasileira.webp.webp?fit=1170%2C700&ssl=1&resize=350%2C200 1x, https:\/\/i0.wp.com\/noticiasribeiraopreto.com.br\/wp-content\/uploads\/2024\/10\/luis_henrique_selecao_brasileira.webp.webp?fit=1170%2C700&ssl=1&resize=525%2C300 1.5x, https:\/\/i0.wp.com\/noticiasribeiraopreto.com.br\/wp-content\/uploads\/2024\/10\/luis_henrique_selecao_brasileira.webp.webp?fit=1170%2C700&ssl=1&resize=700%2C400 2x, https:\/\/i0.wp.com\/noticiasribeiraopreto.com.br\/wp-content\/uploads\/2024\/10\/luis_henrique_selecao_brasileira.webp.webp?fit=1170%2C700&ssl=1&resize=1050%2C600 3x"},"classes":[]},{"id":15506,"url":"https:\/\/noticiasribeiraopreto.com.br\/index.php\/2023\/12\/13\/hopi-hari-esta-com-entrada-gratuita-ate-janeiro-veja-como-aproveitar\/","url_meta":{"origin":9050,"position":4},"title":"Hopi Hari est\u00e1 com entrada GRATUITA at\u00e9 janeiro; veja como aproveitar","author":"noticiasribeiraopreto.com.br","date":"13 de December de 2023","format":false,"excerpt":"As f\u00e9rias escolares chegaram e voc\u00ea n\u00e3o sabe o que fazer com as crian\u00e7as? O parque tem\u00e1tico Hopi Hari, no interior de SP, est\u00e1 com promo\u00e7\u00e3o e programa\u00e7\u00e3o especial para o fim do ano. S\u00e3o mais de 40 atra\u00e7\u00f5es para toda fam\u00edlia, incluindo a Montezum, maior montanha-russa de madeira da\u2026","rel":"","context":"In &quot;Variedades&quot;","block_context":{"text":"Variedades","link":"https:\/\/noticiasribeiraopreto.com.br\/index.php\/category\/variedades\/"},"img":{"alt_text":"","src":"https:\/\/i0.wp.com\/noticiasribeiraopreto.com.br\/wp-content\/uploads\/2023\/12\/hopi-hari-monta-russa.jpg?fit=1200%2C638&ssl=1&resize=350%2C200","width":350,"height":200,"srcset":"https:\/\/i0.wp.com\/noticiasribeiraopreto.com.br\/wp-content\/uploads\/2023\/12\/hopi-hari-monta-russa.jpg?fit=1200%2C638&ssl=1&resize=350%2C200 1x, https:\/\/i0.wp.com\/noticiasribeiraopreto.com.br\/wp-content\/uploads\/2023\/12\/hopi-hari-monta-russa.jpg?fit=1200%2C638&ssl=1&resize=525%2C300 1.5x, https:\/\/i0.wp.com\/noticiasribeiraopreto.com.br\/wp-content\/uploads\/2023\/12\/hopi-hari-monta-russa.jpg?fit=1200%2C638&ssl=1&resize=700%2C400 2x, https:\/\/i0.wp.com\/noticiasribeiraopreto.com.br\/wp-content\/uploads\/2023\/12\/hopi-hari-monta-russa.jpg?fit=1200%2C638&ssl=1&resize=1050%2C600 3x"},"classes":[]},{"id":33095,"url":"https:\/\/noticiasribeiraopreto.com.br\/index.php\/2024\/01\/27\/30o-encontro-nacional-de-folia-de-reis-acontece-neste-domingo\/","url_meta":{"origin":9050,"position":5},"title":"30\u00ba Encontro Nacional de Folia de Reis acontece neste domingo","author":"noticiasribeiraopreto.com.br","date":"27 de January de 2024","format":false,"excerpt":"27 de janeiro de 2024 | 18:0027 de janeiro de 2024 | 18:36 0O Encontro Nacional de Folia de Reis de Ribeir\u00e3o Preto, um dos mais tradicionais eventos do Brasil, chega \u00e0 30\u00aa edi\u00e7\u00e3o neste ano. O evento teve de ser cancelado entre 2021 e 2022 por causa da pandemia\u2026","rel":"","context":"In &quot;Not\u00edcias de Ribeir\u00e3o Preto-SP e Regi\u00e3o&quot;","block_context":{"text":"Not\u00edcias de Ribeir\u00e3o Preto-SP e Regi\u00e3o","link":"https:\/\/noticiasribeiraopreto.com.br\/index.php\/category\/noticias-de-ribeirao-preto-sp-e-regiao-ismael-colosi\/"},"img":{"alt_text":"","src":"https:\/\/i0.wp.com\/noticiasribeiraopreto.com.br\/wp-content\/uploads\/2024\/01\/imagem-46-scaled.jpg?fit=997%2C645&ssl=1&resize=350%2C200","width":350,"height":200,"srcset":"https:\/\/i0.wp.com\/noticiasribeiraopreto.com.br\/wp-content\/uploads\/2024\/01\/imagem-46-scaled.jpg?fit=997%2C645&ssl=1&resize=350%2C200 1x, https:\/\/i0.wp.com\/noticiasribeiraopreto.com.br\/wp-content\/uploads\/2024\/01\/imagem-46-scaled.jpg?fit=997%2C645&ssl=1&resize=525%2C300 1.5x, https:\/\/i0.wp.com\/noticiasribeiraopreto.com.br\/wp-content\/uploads\/2024\/01\/imagem-46-scaled.jpg?fit=997%2C645&ssl=1&resize=700%2C400 2x"},"classes":[]}],"jetpack_sharing_enabled":true,"jetpack_shortlink":"https:\/\/wp.me\/peQAOb-2lY","_links":{"self":[{"href":"https:\/\/noticiasribeiraopreto.com.br\/index.php\/wp-json\/wp\/v2\/posts\/9050","targetHints":{"allow":["GET"]}}],"collection":[{"href":"https:\/\/noticiasribeiraopreto.com.br\/index.php\/wp-json\/wp\/v2\/posts"}],"about":[{"href":"https:\/\/noticiasribeiraopreto.com.br\/index.php\/wp-json\/wp\/v2\/types\/post"}],"author":[{"embeddable":true,"href":"https:\/\/noticiasribeiraopreto.com.br\/index.php\/wp-json\/wp\/v2\/users\/1"}],"replies":[{"embeddable":true,"href":"https:\/\/noticiasribeiraopreto.com.br\/index.php\/wp-json\/wp\/v2\/comments?post=9050"}],"version-history":[{"count":0,"href":"https:\/\/noticiasribeiraopreto.com.br\/index.php\/wp-json\/wp\/v2\/posts\/9050\/revisions"}],"wp:featuredmedia":[{"embeddable":true,"href":"https:\/\/noticiasribeiraopreto.com.br\/index.php\/wp-json\/wp\/v2\/media\/9051"}],"wp:attachment":[{"href":"https:\/\/noticiasribeiraopreto.com.br\/index.php\/wp-json\/wp\/v2\/media?parent=9050"}],"wp:term":[{"taxonomy":"category","embeddable":true,"href":"https:\/\/noticiasribeiraopreto.com.br\/index.php\/wp-json\/wp\/v2\/categories?post=9050"},{"taxonomy":"post_tag","embeddable":true,"href":"https:\/\/noticiasribeiraopreto.com.br\/index.php\/wp-json\/wp\/v2\/tags?post=9050"}],"curies":[{"name":"wp","href":"https:\/\/api.w.org\/{rel}","templated":true}]}}