{"id":9070,"date":"2023-12-01T12:53:15","date_gmt":"2023-12-01T15:53:15","guid":{"rendered":"https:\/\/noticiasribeiraopreto.com.br\/index.php\/2023\/12\/01\/utm_sourcerssutm_mediumrssutm_campaignpolicia-civil-investiga-pagamento-de-propina-na-prefeitura-de-brodowski\/"},"modified":"2023-12-01T12:53:15","modified_gmt":"2023-12-01T15:53:15","slug":"utm_sourcerssutm_mediumrssutm_campaignpolicia-civil-investiga-pagamento-de-propina-na-prefeitura-de-brodowski","status":"publish","type":"post","link":"https:\/\/noticiasribeiraopreto.com.br\/index.php\/2023\/12\/01\/utm_sourcerssutm_mediumrssutm_campaignpolicia-civil-investiga-pagamento-de-propina-na-prefeitura-de-brodowski\/","title":{"rendered":"Pol\u00edcia Civil investiga pagamento de propina na prefeitura de Brodowski \u2013 X Tudo Ribeir\u00e3o"},"content":{"rendered":"<div class='code-block code-block-1' style='margin: 8px 0 8px auto; text-align: right; display: block; clear: both;'>\n<p><a href=\"https:\/\/wa.link\/vpicfd\"><img data-recalc-dims=\"1\" class=\"wp-image-4922\" style=\"aspect-ratio: 2.0253164556962027; width: 561px; height: auto;\" src=\"https:\/\/i0.wp.com\/ismaelcolosi.com.br\/wp-content\/uploads\/2023\/11\/grupo-de-empregos-whatsapp-e-facebook-ismael-colosi-vagas.jpg?ssl=1\" alt=\"\" \/><\/a><\/p>\n<!-- \/wp:image -->\n<\/div>\n<p> <br \/>\n<\/p>\n<div>\n<p>A Pol\u00edcia Civil realizou duas opera\u00e7\u00f5es simult\u00e2neas, na manh\u00e3 desta sexta-feira (1), na Prefeitura de Brodowski. As opera\u00e7\u00f5es <strong>Raio-X<\/strong> e <strong>Papa-L\u00e9guas<\/strong> tiveram suas segundas fases realizadas na prefeitura e em outros endere\u00e7os ligados aos investigados.<\/p>\n<p>As opera\u00e7\u00f5es apuram um esquema de superfaturamento e pagamento de propina, que seria operacionalizado pelas secretarias envolvidas. Segundo o delegado Gustavo Andr\u00e9 Alves, do Setor de Intelig\u00eancia da Delegacia Seccional de Ribeir\u00e3o Preto e respons\u00e1vel pelas investiga\u00e7\u00f5es, a Pol\u00edcia Civil identificou fraudes nas Secretarias de Sa\u00fade, Licita\u00e7\u00e3o e Transporte da Prefeitura de Brodowski.<\/p>\n<p>Pela Opera\u00e7\u00e3o <strong>Raio-X<\/strong>, as fraudes teriam ocorrido em contratos firmados pela Secretaria da Sa\u00fade. O esquema foi descoberto na instala\u00e7\u00e3o de para-raios no hospital da cidade, mas de acordo com o delegado, a Secretaria da Sa\u00fade fazia o direcionamento de outras empresas contratadas, com superfaturamento dos servi\u00e7os e produtos, para que houvesse repasse de propina. Os nomes dos investigados n\u00e3o foram revelados.<\/p>\n<p>O delegado disse, no entanto, que o ent\u00e3o secret\u00e1rio de Licita\u00e7\u00e3o e uma servidora da Secretaria da Sa\u00fade estariam por tr\u00e1s do esquema com v\u00e1rios contratos fraudados e superfaturados. Em nota, a Prefeitura de Brodowski informou que n\u00e3o se trata do secret\u00e1rio, mas do ent\u00e3o secret\u00e1rio-adjunto de Licita\u00e7\u00f5es, e que ele j\u00e1 foi exonerado de suas fun\u00e7\u00f5es. A opera\u00e7\u00e3o apreendeu documentos e equipamentos eletr\u00f4nicos que ser\u00e3o periciados.<\/p>\n<p>\u201cV\u00e1rios outros contratos foram fraudados, superfaturados e tiveram valores repassados a t\u00edtulo de propina a esses servidores, raz\u00e3o pela qual, na data de hoje [1\/12], cumprimos mandados de busca na resid\u00eancia e im\u00f3veis ligados ao ent\u00e3o secret\u00e1rio de Licita\u00e7\u00e3o, a essa servidora administrativa da Secretaria da Sa\u00fade, para continuar o desdobramento das investiga\u00e7\u00f5es, identificar outras pessoas envolvidas, al\u00e9m de identificar outros processos de licita\u00e7\u00e3o para contrata\u00e7\u00e3o dessas empresas de forma superfaturada\u201d, explicou Alves.<\/p>\n<p><strong>Opera\u00e7\u00e3o Papa-L\u00e9guas<\/strong><\/p>\n<p>A segunda fase da Opera\u00e7\u00e3o Papa-L\u00e9guas foi realizada junto \u00e0 Secretaria de Transportes da Prefeitura de Brodowski. Segundo o delegado, a primeira fase foi realizada de forma velada, onde foram apreendidos documentos manuscritos comprovando o pagamento de propina na secretaria.<\/p>\n<p>O delegado explicou que as propinas variavam entre 6% e 10% do valor contratado por servi\u00e7o ou produto. Esse valor seria repassado pelos contratados diretamente \u00e0 Secretaria de Transportes, segundo Alves, para o ent\u00e3o secret\u00e1rio e servidores vinculados ao esquema.<\/p>\n<p>Os policiais civis cumpriram mandados de busca e apreens\u00e3o em endere\u00e7os ligados ao ent\u00e3o secret\u00e1rio de Transporte, a pessoas supostamente ligadas ao esquema e na sede da Prefeitura. Foram apreendidos v\u00e1rios documentos e equipamentos eletr\u00f4nicos.<\/p>\n<p>\u201cTudo ser\u00e1 objeto de an\u00e1lise para desdobramento das investiga\u00e7\u00f5es, com o objetivo tamb\u00e9m de identificar outras pessoas envolvidas e outros contratos, outros processos licitat\u00f3rios que possam ter sido fraudados\u201d, concluiu. Ao todo foram cumpridos nove mandados de busca e apreens\u00e3o nas duas opera\u00e7\u00f5es.<\/p>\n<p>A Prefeitura de Brodowski informou por nota que o prefeito n\u00e3o possui qualquer envolvimento em nenhuma fase dessas opera\u00e7\u00f5es. \u201cSalientamos, ainda, que a gest\u00e3o p\u00fablica, sob a lideran\u00e7a do chefe do executivo, tomou medidas imediatas diante dos fatos apresentados\u201d, diz a nota.<\/p>\n<p>A Prefeitura publicou portaria 433, de 30 de outubro, instaurando sindic\u00e2ncia para esclarecer os fatos. \u201cComo medida cautelar, todos os envolvidos foram afastados de suas fun\u00e7\u00f5es enquanto aguardam os desdobramentos das investiga\u00e7\u00f5es.\u201d<\/p>\n<p>Na nota, a prefeitura refor\u00e7a o compromisso com a transpar\u00eancia e a legalidade, afirmando estar cooperando plenamente com as autoridades para esclarecer os fatos. \u201cA Prefeitura de Brodowski reitera seu comprometimento com a \u00e9tica e a integridade, garantindo a continuidade dos servi\u00e7os p\u00fablicos em prol da comunidade. Permanecemos \u00e0 disposi\u00e7\u00e3o para fornecer informa\u00e7\u00f5es adicionais conforme necess\u00e1rio\u201d, conclui a nota.<\/p>\n<figure class=\"is-layout-flex wp-block-gallery-1 wp-block-gallery has-nested-images columns-default is-cropped\">\n<figure class=\"wp-block-image size-large\"><\/figure>\n<figure class=\"wp-block-image size-large\"><img data-recalc-dims=\"1\" decoding=\"async\" loading=\"lazy\" width=\"1024\" height=\"767\" data-id=\"27379\" src=\"https:\/\/i0.wp.com\/xtudoribeirao.com.br\/wp-content\/uploads\/2023\/12\/8f1b18cd-2b34-4302-b99b-f5096450a87a-1024x767.jpeg?resize=1024%2C767&#038;ssl=1\" alt=\"\" class=\"wp-image-27379\" srcset=\"https:\/\/xtudoribeirao.com.br\/wp-content\/uploads\/2023\/12\/8f1b18cd-2b34-4302-b99b-f5096450a87a-1024x767.jpeg 1024w, https:\/\/xtudoribeirao.com.br\/wp-content\/uploads\/2023\/12\/8f1b18cd-2b34-4302-b99b-f5096450a87a-300x225.jpeg 300w, https:\/\/xtudoribeirao.com.br\/wp-content\/uploads\/2023\/12\/8f1b18cd-2b34-4302-b99b-f5096450a87a-768x576.jpeg 768w, https:\/\/xtudoribeirao.com.br\/wp-content\/uploads\/2023\/12\/8f1b18cd-2b34-4302-b99b-f5096450a87a-1536x1151.jpeg 1536w, https:\/\/xtudoribeirao.com.br\/wp-content\/uploads\/2023\/12\/8f1b18cd-2b34-4302-b99b-f5096450a87a-750x562.jpeg 750w, https:\/\/xtudoribeirao.com.br\/wp-content\/uploads\/2023\/12\/8f1b18cd-2b34-4302-b99b-f5096450a87a-1140x854.jpeg 1140w, https:\/\/xtudoribeirao.com.br\/wp-content\/uploads\/2023\/12\/8f1b18cd-2b34-4302-b99b-f5096450a87a.jpeg 1600w\" sizes=\"auto, (max-width: 1024px) 100vw, 1024px\"\/><\/figure>\n<figure class=\"wp-block-image size-large\"><img data-recalc-dims=\"1\" decoding=\"async\" loading=\"lazy\" width=\"1008\" height=\"668\" data-id=\"27376\" src=\"https:\/\/i0.wp.com\/xtudoribeirao.com.br\/wp-content\/uploads\/2023\/12\/055cf078-ca50-40ee-a5e7-cb7de528bf2d.jpeg?resize=1008%2C668&#038;ssl=1\" alt=\"\" class=\"wp-image-27376\" srcset=\"https:\/\/xtudoribeirao.com.br\/wp-content\/uploads\/2023\/12\/055cf078-ca50-40ee-a5e7-cb7de528bf2d.jpeg 1008w, https:\/\/xtudoribeirao.com.br\/wp-content\/uploads\/2023\/12\/055cf078-ca50-40ee-a5e7-cb7de528bf2d-300x199.jpeg 300w, https:\/\/xtudoribeirao.com.br\/wp-content\/uploads\/2023\/12\/055cf078-ca50-40ee-a5e7-cb7de528bf2d-768x509.jpeg 768w, https:\/\/xtudoribeirao.com.br\/wp-content\/uploads\/2023\/12\/055cf078-ca50-40ee-a5e7-cb7de528bf2d-750x497.jpeg 750w\" sizes=\"auto, (max-width: 1008px) 100vw, 1008px\"\/><\/figure>\n<figure class=\"wp-block-image size-large\"><img data-recalc-dims=\"1\" decoding=\"async\" loading=\"lazy\" width=\"1024\" height=\"767\" data-id=\"27378\" src=\"https:\/\/i0.wp.com\/xtudoribeirao.com.br\/wp-content\/uploads\/2023\/12\/bb0c5954-4be8-45ca-8958-626a3754da36-1024x767.jpeg?resize=1024%2C767&#038;ssl=1\" alt=\"\" class=\"wp-image-27378\" srcset=\"https:\/\/xtudoribeirao.com.br\/wp-content\/uploads\/2023\/12\/bb0c5954-4be8-45ca-8958-626a3754da36-1024x767.jpeg 1024w, https:\/\/xtudoribeirao.com.br\/wp-content\/uploads\/2023\/12\/bb0c5954-4be8-45ca-8958-626a3754da36-300x225.jpeg 300w, https:\/\/xtudoribeirao.com.br\/wp-content\/uploads\/2023\/12\/bb0c5954-4be8-45ca-8958-626a3754da36-768x576.jpeg 768w, https:\/\/xtudoribeirao.com.br\/wp-content\/uploads\/2023\/12\/bb0c5954-4be8-45ca-8958-626a3754da36-1536x1151.jpeg 1536w, https:\/\/xtudoribeirao.com.br\/wp-content\/uploads\/2023\/12\/bb0c5954-4be8-45ca-8958-626a3754da36-750x562.jpeg 750w, https:\/\/xtudoribeirao.com.br\/wp-content\/uploads\/2023\/12\/bb0c5954-4be8-45ca-8958-626a3754da36-1140x854.jpeg 1140w, https:\/\/xtudoribeirao.com.br\/wp-content\/uploads\/2023\/12\/bb0c5954-4be8-45ca-8958-626a3754da36.jpeg 1600w\" sizes=\"auto, (max-width: 1024px) 100vw, 1024px\"\/><\/figure>\n<\/figure><\/div>\n<p><br \/>\n<br \/><a href=\"https:\/\/xtudoribeirao.com.br\/2023\/12\/01\/policia-civil-investiga-pagamento-de-propina-na-prefeitura-de-brodowski\/?utm_source=rss&#038;utm_medium=rss&#038;utm_campaign=policia-civil-investiga-pagamento-de-propina-na-prefeitura-de-brodowski\">Source link <\/a><\/p>\n<!-- CONTENT END 1 -->\n","protected":false},"excerpt":{"rendered":"<p>A Pol\u00edcia Civil realizou duas opera\u00e7\u00f5es simult\u00e2neas, na manh\u00e3 desta sexta-feira (1), na Prefeitura de Brodowski. As opera\u00e7\u00f5es Raio-X e Papa-L\u00e9guas tiveram suas segundas fases&#8230;<\/p>\n","protected":false},"author":1,"featured_media":9071,"comment_status":"open","ping_status":"open","sticky":false,"template":"","format":"standard","meta":{"advanced_seo_description":"","jetpack_seo_html_title":"","jetpack_seo_noindex":false,"jetpack_post_was_ever_published":false,"_jetpack_newsletter_access":"","_jetpack_dont_email_post_to_subs":false,"_jetpack_newsletter_tier_id":0,"_jetpack_memberships_contains_paywalled_content":false,"_jetpack_memberships_contains_paid_content":false,"footnotes":"","jetpack_publicize_message":"","jetpack_publicize_feature_enabled":true,"jetpack_social_post_already_shared":true,"jetpack_social_options":{"image_generator_settings":{"template":"highway","default_image_id":0,"font":"","enabled":false},"version":2}},"categories":[11],"tags":[1234,450,1231,1232,20,244,1233,26,43],"class_list":["post-9070","post","type-post","status-publish","format-standard","has-post-thumbnail","hentry","category-noticias-de-ribeirao-preto-sp-e-regiao-ismael-colosi","tag-brodowski","tag-civil","tag-investiga","tag-pagamento","tag-policia","tag-prefeitura","tag-propina","tag-ribeirao","tag-tudo"],"jetpack_publicize_connections":[],"jetpack_featured_media_url":"https:\/\/i0.wp.com\/noticiasribeiraopreto.com.br\/wp-content\/uploads\/2023\/12\/d2dc251d-7fc7-478f-b180-512cf8cdebd1.jpeg?fit=1600%2C900&ssl=1","jetpack-related-posts":[{"id":74241,"url":"https:\/\/noticiasribeiraopreto.com.br\/index.php\/2025\/07\/18\/justica-condena-3-por-esquema-de-propina-em-brodowski\/","url_meta":{"origin":9070,"position":0},"title":"Justi\u00e7a condena 3 por esquema de propina em Brodowski","author":"noticiasribeiraopreto.com.br","date":"18 de July de 2025","format":false,"excerpt":"Dois servidores da prefeitura - um de alto escal\u00e3o - e um empres\u00e1rios foram condenados a penas de 7 anos de reclus\u00e3o e multa 18 de julho de 2025 12:5418 de julho de 2025 12:556 Compartilhar1 Por: Adalberto Luque A Justi\u00e7a condenou, nesta semana, tr\u00eas envolvidos citados na Opera\u00e7\u00e3o Raio-X\u2026","rel":"","context":"In &quot;Not\u00edcias de Ribeir\u00e3o Preto-SP e Regi\u00e3o&quot;","block_context":{"text":"Not\u00edcias de Ribeir\u00e3o Preto-SP e Regi\u00e3o","link":"https:\/\/noticiasribeiraopreto.com.br\/index.php\/category\/noticias-de-ribeirao-preto-sp-e-regiao-ismael-colosi\/"},"img":{"alt_text":"","src":"https:\/\/i0.wp.com\/noticiasribeiraopreto.com.br\/wp-content\/uploads\/2025\/07\/00-23-ago-2023-operacao-brodowski-01-foto-divulgacao.jpg?fit=1200%2C676&ssl=1&resize=350%2C200","width":350,"height":200,"srcset":"https:\/\/i0.wp.com\/noticiasribeiraopreto.com.br\/wp-content\/uploads\/2025\/07\/00-23-ago-2023-operacao-brodowski-01-foto-divulgacao.jpg?fit=1200%2C676&ssl=1&resize=350%2C200 1x, https:\/\/i0.wp.com\/noticiasribeiraopreto.com.br\/wp-content\/uploads\/2025\/07\/00-23-ago-2023-operacao-brodowski-01-foto-divulgacao.jpg?fit=1200%2C676&ssl=1&resize=525%2C300 1.5x, https:\/\/i0.wp.com\/noticiasribeiraopreto.com.br\/wp-content\/uploads\/2025\/07\/00-23-ago-2023-operacao-brodowski-01-foto-divulgacao.jpg?fit=1200%2C676&ssl=1&resize=700%2C400 2x, https:\/\/i0.wp.com\/noticiasribeiraopreto.com.br\/wp-content\/uploads\/2025\/07\/00-23-ago-2023-operacao-brodowski-01-foto-divulgacao.jpg?fit=1200%2C676&ssl=1&resize=1050%2C600 3x"},"classes":[]},{"id":61412,"url":"https:\/\/noticiasribeiraopreto.com.br\/index.php\/2024\/12\/12\/operacoes-apuram-fraude-em-concurso-e-desvio-de-dinheiro-na-regiao-de-ribeirao-preto\/","url_meta":{"origin":9070,"position":1},"title":"Opera\u00e7\u00f5es apuram fraude em concurso e desvio de dinheiro na regi\u00e3o de Ribeir\u00e3o Preto","author":"noticiasribeiraopreto.com.br","date":"12 de December de 2024","format":false,"excerpt":"A Pol\u00edcia Civil deflagrou duas opera\u00e7\u00f5es nesta quinta-feira (12) em Brodowski, na regi\u00e3o de Ribeir\u00e3o Preto. Uma delas, chamada de QI, apura suspeita de fraudes em concursos p\u00fablicos realizados pela Prefeitura de Brodowski entre 2022 e 2023. A outra, que tem nome de Cristalina, investiga suspeita de desvio de recursos\u2026","rel":"","context":"In &quot;Not\u00edcias de Ribeir\u00e3o Preto-SP e Regi\u00e3o&quot;","block_context":{"text":"Not\u00edcias de Ribeir\u00e3o Preto-SP e Regi\u00e3o","link":"https:\/\/noticiasribeiraopreto.com.br\/index.php\/category\/noticias-de-ribeirao-preto-sp-e-regiao-ismael-colosi\/"},"img":{"alt_text":"","src":"https:\/\/i0.wp.com\/noticiasribeiraopreto.com.br\/wp-content\/uploads\/2024\/12\/WhatsApp-Image-2024-12-12-at-08.31.15_2024-12-12_12-15-09_jpeg_2024-12-12_12-15-09.webp.webp?fit=1200%2C900&ssl=1&resize=350%2C200","width":350,"height":200,"srcset":"https:\/\/i0.wp.com\/noticiasribeiraopreto.com.br\/wp-content\/uploads\/2024\/12\/WhatsApp-Image-2024-12-12-at-08.31.15_2024-12-12_12-15-09_jpeg_2024-12-12_12-15-09.webp.webp?fit=1200%2C900&ssl=1&resize=350%2C200 1x, https:\/\/i0.wp.com\/noticiasribeiraopreto.com.br\/wp-content\/uploads\/2024\/12\/WhatsApp-Image-2024-12-12-at-08.31.15_2024-12-12_12-15-09_jpeg_2024-12-12_12-15-09.webp.webp?fit=1200%2C900&ssl=1&resize=525%2C300 1.5x, https:\/\/i0.wp.com\/noticiasribeiraopreto.com.br\/wp-content\/uploads\/2024\/12\/WhatsApp-Image-2024-12-12-at-08.31.15_2024-12-12_12-15-09_jpeg_2024-12-12_12-15-09.webp.webp?fit=1200%2C900&ssl=1&resize=700%2C400 2x, https:\/\/i0.wp.com\/noticiasribeiraopreto.com.br\/wp-content\/uploads\/2024\/12\/WhatsApp-Image-2024-12-12-at-08.31.15_2024-12-12_12-15-09_jpeg_2024-12-12_12-15-09.webp.webp?fit=1200%2C900&ssl=1&resize=1050%2C600 3x"},"classes":[]},{"id":35774,"url":"https:\/\/noticiasribeiraopreto.com.br\/index.php\/2024\/02\/07\/policia-investiga-ex-diretor-de-autarquia-de-agua-na-regiao-de-ribeirao-preto\/","url_meta":{"origin":9070,"position":2},"title":"Pol\u00edcia investiga ex-diretor de autarquia de \u00e1gua na regi\u00e3o de Ribeir\u00e3o Preto","author":"noticiasribeiraopreto.com.br","date":"7 de February de 2024","format":false,"excerpt":"A Pol\u00edcia Civil de Ribeir\u00e3o Preto realizou na manh\u00e3 desta quarta-feira (7), a terceira fase da \u201cOpera\u00e7\u00e3o Raio-X\u201d, que investiga a associa\u00e7\u00e3o criminosa e crimes contra administra\u00e7\u00e3o p\u00fablica com alvo em contratos ilegais do Saaeb (Servi\u00e7o de \u00c1gua e Esgoto de Brodowski). Foram cumpridos cinco mandados de busca para investigar\u2026","rel":"","context":"In &quot;Not\u00edcias de Ribeir\u00e3o Preto-SP e Regi\u00e3o&quot;","block_context":{"text":"Not\u00edcias de Ribeir\u00e3o Preto-SP e Regi\u00e3o","link":"https:\/\/noticiasribeiraopreto.com.br\/index.php\/category\/noticias-de-ribeirao-preto-sp-e-regiao-ismael-colosi\/"},"img":{"alt_text":"","src":"https:\/\/i0.wp.com\/noticiasribeiraopreto.com.br\/wp-content\/uploads\/2024\/02\/WhatsApp-Image-2024-02-07-at-09.21.23.jpeg?fit=1156%2C867&ssl=1&resize=350%2C200","width":350,"height":200,"srcset":"https:\/\/i0.wp.com\/noticiasribeiraopreto.com.br\/wp-content\/uploads\/2024\/02\/WhatsApp-Image-2024-02-07-at-09.21.23.jpeg?fit=1156%2C867&ssl=1&resize=350%2C200 1x, https:\/\/i0.wp.com\/noticiasribeiraopreto.com.br\/wp-content\/uploads\/2024\/02\/WhatsApp-Image-2024-02-07-at-09.21.23.jpeg?fit=1156%2C867&ssl=1&resize=525%2C300 1.5x, https:\/\/i0.wp.com\/noticiasribeiraopreto.com.br\/wp-content\/uploads\/2024\/02\/WhatsApp-Image-2024-02-07-at-09.21.23.jpeg?fit=1156%2C867&ssl=1&resize=700%2C400 2x, https:\/\/i0.wp.com\/noticiasribeiraopreto.com.br\/wp-content\/uploads\/2024\/02\/WhatsApp-Image-2024-02-07-at-09.21.23.jpeg?fit=1156%2C867&ssl=1&resize=1050%2C600 3x"},"classes":[]},{"id":38632,"url":"https:\/\/noticiasribeiraopreto.com.br\/index.php\/2024\/02\/20\/prefeitura-de-cidade-na-regiao-de-ribeirao-e-alvo-de-operacao-da-policia-civil\/","url_meta":{"origin":9070,"position":3},"title":"Prefeitura de cidade na regi\u00e3o de Ribeir\u00e3o \u00e9 alvo de opera\u00e7\u00e3o da Pol\u00edcia Civil","author":"noticiasribeiraopreto.com.br","date":"20 de February de 2024","format":false,"excerpt":"A Pol\u00edcia Civil cumpriu, nesta ter\u00e7a-feira (20), um mandado de busca e apreens\u00e3o na Prefeitura de Guatapar\u00e1, cidade na regi\u00e3o de Ribeir\u00e3o Preto, no \u00e2mbito da Opera\u00e7\u00e3o Ghost, que investiga o envolvimento de servidores em um suposto esquema de fraudes em empr\u00e9stimos consignados. De acordo com as autoridades, agentes da\u2026","rel":"","context":"In &quot;Not\u00edcias de Ribeir\u00e3o Preto-SP e Regi\u00e3o&quot;","block_context":{"text":"Not\u00edcias de Ribeir\u00e3o Preto-SP e Regi\u00e3o","link":"https:\/\/noticiasribeiraopreto.com.br\/index.php\/category\/noticias-de-ribeirao-preto-sp-e-regiao-ismael-colosi\/"},"img":{"alt_text":"","src":"https:\/\/i0.wp.com\/noticiasribeiraopreto.com.br\/wp-content\/uploads\/2024\/02\/WhatsApp-Image-2024-02-20-at-17.27.07.jpeg?fit=757%2C586&ssl=1&resize=350%2C200","width":350,"height":200,"srcset":"https:\/\/i0.wp.com\/noticiasribeiraopreto.com.br\/wp-content\/uploads\/2024\/02\/WhatsApp-Image-2024-02-20-at-17.27.07.jpeg?fit=757%2C586&ssl=1&resize=350%2C200 1x, https:\/\/i0.wp.com\/noticiasribeiraopreto.com.br\/wp-content\/uploads\/2024\/02\/WhatsApp-Image-2024-02-20-at-17.27.07.jpeg?fit=757%2C586&ssl=1&resize=525%2C300 1.5x, https:\/\/i0.wp.com\/noticiasribeiraopreto.com.br\/wp-content\/uploads\/2024\/02\/WhatsApp-Image-2024-02-20-at-17.27.07.jpeg?fit=757%2C586&ssl=1&resize=700%2C400 2x"},"classes":[]},{"id":26616,"url":"https:\/\/noticiasribeiraopreto.com.br\/index.php\/2024\/01\/10\/saude-investiga-morte-de-crianca-por-dengue-no-hc-de-ribeirao-preto\/","url_meta":{"origin":9070,"position":4},"title":"Sa\u00fade investiga morte de crian\u00e7a por dengue no HC de Ribeir\u00e3o Preto","author":"noticiasribeiraopreto.com.br","date":"10 de January de 2024","format":false,"excerpt":"A Secretaria da Sa\u00fade de Brodowski, na regi\u00e3o de Ribeir\u00e3o Preto, investiga a morte de uma crian\u00e7a de apenas 7 anos por dengue hemorr\u00e1gica. A v\u00edtima estava internada no Hospital das Cl\u00ednicas de Ribeir\u00e3o Preto. A cidade est\u00e1 em alerta por causa da doen\u00e7a, j\u00e1 que foram confirmados mais de\u2026","rel":"","context":"In &quot;Not\u00edcias de Ribeir\u00e3o Preto-SP e Regi\u00e3o&quot;","block_context":{"text":"Not\u00edcias de Ribeir\u00e3o Preto-SP e Regi\u00e3o","link":"https:\/\/noticiasribeiraopreto.com.br\/index.php\/category\/noticias-de-ribeirao-preto-sp-e-regiao-ismael-colosi\/"},"img":{"alt_text":"","src":"https:\/\/i0.wp.com\/noticiasribeiraopreto.com.br\/wp-content\/uploads\/2024\/01\/mosquito-213805_1280.jpg?fit=1200%2C800&ssl=1&resize=350%2C200","width":350,"height":200,"srcset":"https:\/\/i0.wp.com\/noticiasribeiraopreto.com.br\/wp-content\/uploads\/2024\/01\/mosquito-213805_1280.jpg?fit=1200%2C800&ssl=1&resize=350%2C200 1x, https:\/\/i0.wp.com\/noticiasribeiraopreto.com.br\/wp-content\/uploads\/2024\/01\/mosquito-213805_1280.jpg?fit=1200%2C800&ssl=1&resize=525%2C300 1.5x, https:\/\/i0.wp.com\/noticiasribeiraopreto.com.br\/wp-content\/uploads\/2024\/01\/mosquito-213805_1280.jpg?fit=1200%2C800&ssl=1&resize=700%2C400 2x, https:\/\/i0.wp.com\/noticiasribeiraopreto.com.br\/wp-content\/uploads\/2024\/01\/mosquito-213805_1280.jpg?fit=1200%2C800&ssl=1&resize=1050%2C600 3x"},"classes":[]},{"id":28892,"url":"https:\/\/noticiasribeiraopreto.com.br\/index.php\/2024\/01\/16\/utm_sourcerssutm_mediumrssutm_campaigncasqueiros-sao-presos-furtando-fio-de-cobre-de-viaduto-recem-inaugurado-na-av-brasil\/","url_meta":{"origin":9070,"position":5},"title":"Casqueiros s\u00e3o presos furtando fio de cobre de viaduto rec\u00e9m inaugurado na Av. Brasil \u2013 X Tudo Ribeir\u00e3o","author":"noticiasribeiraopreto.com.br","date":"16 de January de 2024","format":false,"excerpt":"Dois casqueiros foram presos pela PM (Pol\u00edcia Militar) furtando fios de cobre de um viaduto rec\u00e9m inaugurado pela Prefeitura, na avenida Brasil, na zona Norte de Ribeir\u00e3o Preto.\u00a0 Segundo informa\u00e7\u00f5es da PM, durante o patrulhamento pela regi\u00e3o norte da cidade, os PMs foram avisados por populares que bandidos (casqueiros) estariam\u2026","rel":"","context":"In &quot;Not\u00edcias de Ribeir\u00e3o Preto-SP e Regi\u00e3o&quot;","block_context":{"text":"Not\u00edcias de Ribeir\u00e3o Preto-SP e Regi\u00e3o","link":"https:\/\/noticiasribeiraopreto.com.br\/index.php\/category\/noticias-de-ribeirao-preto-sp-e-regiao-ismael-colosi\/"},"img":{"alt_text":"","src":"https:\/\/i0.wp.com\/noticiasribeiraopreto.com.br\/wp-content\/uploads\/2024\/01\/WhatsApp-Image-2024-01-16-at-21.51.08-2.jpeg?fit=1200%2C900&ssl=1&resize=350%2C200","width":350,"height":200,"srcset":"https:\/\/i0.wp.com\/noticiasribeiraopreto.com.br\/wp-content\/uploads\/2024\/01\/WhatsApp-Image-2024-01-16-at-21.51.08-2.jpeg?fit=1200%2C900&ssl=1&resize=350%2C200 1x, https:\/\/i0.wp.com\/noticiasribeiraopreto.com.br\/wp-content\/uploads\/2024\/01\/WhatsApp-Image-2024-01-16-at-21.51.08-2.jpeg?fit=1200%2C900&ssl=1&resize=525%2C300 1.5x, https:\/\/i0.wp.com\/noticiasribeiraopreto.com.br\/wp-content\/uploads\/2024\/01\/WhatsApp-Image-2024-01-16-at-21.51.08-2.jpeg?fit=1200%2C900&ssl=1&resize=700%2C400 2x, https:\/\/i0.wp.com\/noticiasribeiraopreto.com.br\/wp-content\/uploads\/2024\/01\/WhatsApp-Image-2024-01-16-at-21.51.08-2.jpeg?fit=1200%2C900&ssl=1&resize=1050%2C600 3x"},"classes":[]}],"jetpack_sharing_enabled":true,"jetpack_shortlink":"https:\/\/wp.me\/peQAOb-2mi","_links":{"self":[{"href":"https:\/\/noticiasribeiraopreto.com.br\/index.php\/wp-json\/wp\/v2\/posts\/9070","targetHints":{"allow":["GET"]}}],"collection":[{"href":"https:\/\/noticiasribeiraopreto.com.br\/index.php\/wp-json\/wp\/v2\/posts"}],"about":[{"href":"https:\/\/noticiasribeiraopreto.com.br\/index.php\/wp-json\/wp\/v2\/types\/post"}],"author":[{"embeddable":true,"href":"https:\/\/noticiasribeiraopreto.com.br\/index.php\/wp-json\/wp\/v2\/users\/1"}],"replies":[{"embeddable":true,"href":"https:\/\/noticiasribeiraopreto.com.br\/index.php\/wp-json\/wp\/v2\/comments?post=9070"}],"version-history":[{"count":0,"href":"https:\/\/noticiasribeiraopreto.com.br\/index.php\/wp-json\/wp\/v2\/posts\/9070\/revisions"}],"wp:featuredmedia":[{"embeddable":true,"href":"https:\/\/noticiasribeiraopreto.com.br\/index.php\/wp-json\/wp\/v2\/media\/9071"}],"wp:attachment":[{"href":"https:\/\/noticiasribeiraopreto.com.br\/index.php\/wp-json\/wp\/v2\/media?parent=9070"}],"wp:term":[{"taxonomy":"category","embeddable":true,"href":"https:\/\/noticiasribeiraopreto.com.br\/index.php\/wp-json\/wp\/v2\/categories?post=9070"},{"taxonomy":"post_tag","embeddable":true,"href":"https:\/\/noticiasribeiraopreto.com.br\/index.php\/wp-json\/wp\/v2\/tags?post=9070"}],"curies":[{"name":"wp","href":"https:\/\/api.w.org\/{rel}","templated":true}]}}