{"id":90756,"date":"2026-08-31T00:24:01","date_gmt":"2026-08-31T03:24:01","guid":{"rendered":"https:\/\/noticiasribeiraopreto.com.br\/index.php\/2026\/08\/31\/calor-extremo-da-lugar-a-temporais-e-ventos-de-ate-70-km-h-veja-quando-chega\/"},"modified":"2026-08-31T00:24:01","modified_gmt":"2026-08-31T03:24:01","slug":"calor-extremo-da-lugar-a-temporais-e-ventos-de-ate-70-km-h-veja-quando-chega","status":"publish","type":"post","link":"https:\/\/noticiasribeiraopreto.com.br\/index.php\/2026\/08\/31\/calor-extremo-da-lugar-a-temporais-e-ventos-de-ate-70-km-h-veja-quando-chega\/","title":{"rendered":"Calor extremo d\u00e1 lugar a temporais e ventos de at\u00e9 70 km\/h; veja quando chega"},"content":{"rendered":"<div class='code-block code-block-1' style='margin: 8px 0 8px auto; text-align: right; display: block; clear: both;'>\n<p><a href=\"https:\/\/wa.link\/vpicfd\"><img data-recalc-dims=\"1\" class=\"wp-image-4922\" style=\"aspect-ratio: 2.0253164556962027; width: 561px; height: auto;\" src=\"https:\/\/i0.wp.com\/ismaelcolosi.com.br\/wp-content\/uploads\/2023\/11\/grupo-de-empregos-whatsapp-e-facebook-ismael-colosi-vagas.jpg?ssl=1\" alt=\"\" \/><\/a><\/p>\n<!-- \/wp:image -->\n<\/div>\n<p> <br \/>\n<\/p>\n<p>Um <strong>ciclone extratropical forma a frente fria que avan\u00e7a sobre S\u00e3o Paulo a partir desta ter\u00e7a-feira (1\u00ba).<\/strong> O sistema provoca temporais, descargas el\u00e9tricas e rajadas de vento que podem atingir 70 km\/h, encerrando um per\u00edodo de calor intenso que elevou as temperaturas em algumas regi\u00f5es do estado no fim de semana.<\/p>\n<p><em>Receba not\u00edcias do\u00a0<strong>acidade on Ribeir\u00e3o\u00a0<\/strong>no WhatsApp e fique por dentro de tudo! Basta acessar o link<a href=\"https:\/\/chat.whatsapp.com\/DfXwcjKVIddHUT3BvnQuPZ?mode=hqctshi\" target=\"_blank\" rel=\"noreferrer noopener\">\u00a0aqui<\/a>!<\/em><\/p>\n<h2 class=\"wp-block-heading\">Quando a chuva chega em Ribeir\u00e3o Preto?<\/h2>\n<p>A massa de ar frio se desloca do Sul para o Centro-Sul do pa\u00eds entre segunda (31) e ter\u00e7a-feira (1\u00ba). Na ter\u00e7a, a probabilidade de chuva em Ribeir\u00e3o Preto chega a 80%, com nuvens carregadas e pancadas ao longo do dia. Na quarta-feira (2), a chuva perde for\u00e7a, mas a probabilidade ainda fica em 55%.<\/p>\n<p>A chuva retoma a umidade da regi\u00e3o, que enfrenta longo per\u00edodo de tempo seco t\u00edpico do inverno no interior paulista.<\/p>\n<figure class=\"wp-block-gallery has-nested-images columns-default is-cropped wp-block-gallery-1 is-layout-flex wp-block-gallery-is-layout-flex\">\n<figure class=\"wp-block-image size-large\"><\/figure>\n<figure class=\"wp-block-image size-large\"><img data-recalc-dims=\"1\" loading=\"lazy\" decoding=\"async\" width=\"590\" height=\"1024\" data-id=\"173003\" src=\"https:\/\/i0.wp.com\/www.acidadeon.com\/ribeiraopreto\/wp-content\/uploads\/sites\/3\/2026\/08\/WhatsApp-Image-2026-08-30-at-17.23.47-590x1024.jpeg?resize=590%2C1024&#038;ssl=1\" alt=\"calor\" class=\"wp-image-173003\" title=\"Calor extremo d\u00e1 lugar a temporais e ventos de at\u00e9 70 km\/h; veja quando chega 2\"><\/figure>\n<\/figure>\n<h2 class=\"wp-block-heading\">Temperaturas despencam a partir de ter\u00e7a-feira<\/h2>\n<p>O impacto da frente fria nos term\u00f4metros \u00e9 imediato. A m\u00e1xima despenca dos 35\u00b0C de segunda-feira para 29\u00b0C na ter\u00e7a-feira (1\u00ba), com m\u00ednima de 19\u00b0C. Na quarta-feira (2), o recuo continua: a m\u00e1xima cai para 26\u00b0C e a m\u00ednima chega a 15\u00b0C. O ar frio se estende at\u00e9 o fim da semana, com m\u00ednimas de 13\u00b0C na quinta-feira (3).<\/p>\n<div class=\"wp-block-image\">\n<figure class=\"aligncenter size-large\"><img data-recalc-dims=\"1\" loading=\"lazy\" decoding=\"async\" width=\"1024\" height=\"576\" src=\"https:\/\/i0.wp.com\/www.acidadeon.com\/ribeiraopreto\/wp-content\/uploads\/sites\/3\/2026\/08\/previsao-do-tempo-ribeirao-preto-1024x576.jpg?resize=1024%2C576&#038;ssl=1\" alt=\"Cavado muda o tempo e aumenta as chances de chuva no interior de SP - Foto: V\u00edtor Neves.\" class=\"wp-image-172406\" title=\"Calor extremo d\u00e1 lugar a temporais e ventos de at\u00e9 70 km\/h; veja quando chega 3\"><figcaption class=\"wp-element-caption\">Massa de ar frio deve trazer chuva para Ribeir\u00e3o Preto \u2013 Foto: V\u00edtor Neves.<\/figcaption><\/figure>\n<\/div>\n<p class=\"has-text-align-center\"><em>Fa\u00e7a uma den\u00fancia ou sugira uma reportagem sobre\u00a0<strong>Ribeir\u00e3o Preto\u00a0<\/strong>e regi\u00e3o por meio do WhatsApp do\u00a0<strong>acidade on Ribeir\u00e3o<\/strong>: (16) 99117-7802.<\/em><\/p>\n<\/p>\n<p>O post Calor extremo d\u00e1 lugar a temporais e ventos de at\u00e9 70 km\/h; veja quando chega apareceu primeiro em ACidade ON Ribeir\u00e3o Preto.<\/p>\n<p><br \/>\n<br \/><a href=\"https:\/\/www.acidadeon.com\/ribeiraopreto\/cotidiano\/calor-extremo-da-lugar-a-temporais-e-ventos-de-ate-70-km-h-veja-quando-chega\/\">Link para o texto original aqui <\/a><\/p>\n<!-- CONTENT END 1 -->\n","protected":false},"excerpt":{"rendered":"<p>Um ciclone extratropical forma a frente fria que avan\u00e7a sobre S\u00e3o Paulo a partir desta ter\u00e7a-feira (1\u00ba). O sistema provoca temporais, descargas el\u00e9tricas e rajadas&#8230;<\/p>\n","protected":false},"author":1,"featured_media":86869,"comment_status":"","ping_status":"","sticky":false,"template":"","format":"standard","meta":{"advanced_seo_description":"","jetpack_seo_html_title":"","jetpack_seo_noindex":false,"jetpack_seo_schema_type":"","_jetpack_newsletter_access":"","_jetpack_dont_email_post_to_subs":false,"_jetpack_newsletter_tier_id":0,"_jetpack_memberships_contains_paywalled_content":false,"_jetpack_feature_clip_id":0,"_jetpack_memberships_contains_paid_content":false,"footnotes":"","jetpack_publicize_message":"","jetpack_publicize_feature_enabled":true,"jetpack_social_post_already_shared":true,"jetpack_social_options":{"image_generator_settings":{"template":"highway","default_image_id":0,"font":"","enabled":false},"version":2},"jetpack_post_was_ever_published":false},"categories":[11],"tags":[103,834,531,224,1632,6254,249,1061,620,545,48,248],"class_list":["post-90756","post","type-post","status-publish","format-standard","has-post-thumbnail","hentry","category-noticias-de-ribeirao-preto-sp-e-regiao-ismael-colosi","tag-ate","tag-calor","tag-chega","tag-chuva","tag-da","tag-extremo","tag-kmh","tag-lugar","tag-quando","tag-temporais","tag-veja","tag-ventos"],"jetpack_publicize_connections":[],"jetpack-related-posts":[{"id":65257,"url":"https:\/\/noticiasribeiraopreto.com.br\/index.php\/2025\/03\/18\/nova-frente-fria-chega-nesta-semana-e-traz-mais-chuva-ao-estado-de-sp-veja-previsao\/","url_meta":{"origin":90756,"position":0},"title":"Nova frente fria chega nesta semana e traz mais chuva ao estado de SP; Veja previs\u00e3o","author":"noticiasribeiraopreto.com.br","date":"18 de March de 2025","format":false,"excerpt":"Uma nova frente fria deve chegar ao Sudeste e estimular mais instabilidades sobre o estado de S\u00e3o Paulo nestes \u00faltimos dias do ver\u00e3o 2025. O outono come\u00e7a oficialmente na pr\u00f3xima quinta-feira (20), \u00e0s 6h01. \u201cNo decorrer da quarta-feira [dia 19 de mar\u00e7o], esta frente fria j\u00e1 estar\u00e1 avan\u00e7ando pela costa\u2026","rel":"","context":"In &quot;Not\u00edcias de Ribeir\u00e3o Preto-SP e Regi\u00e3o&quot;","block_context":{"text":"Not\u00edcias de Ribeir\u00e3o Preto-SP e Regi\u00e3o","link":"https:\/\/noticiasribeiraopreto.com.br\/index.php\/category\/noticias-de-ribeirao-preto-sp-e-regiao-ismael-colosi\/"},"img":{"alt_text":"","src":"https:\/\/i0.wp.com\/noticiasribeiraopreto.com.br\/wp-content\/uploads\/2025\/03\/WhatsApp-Image-2024-03-22-at-12.17.55.jpeg?fit=1200%2C540&ssl=1&resize=350%2C200","width":350,"height":200,"srcset":"https:\/\/i0.wp.com\/noticiasribeiraopreto.com.br\/wp-content\/uploads\/2025\/03\/WhatsApp-Image-2024-03-22-at-12.17.55.jpeg?fit=1200%2C540&ssl=1&resize=350%2C200 1x, https:\/\/i0.wp.com\/noticiasribeiraopreto.com.br\/wp-content\/uploads\/2025\/03\/WhatsApp-Image-2024-03-22-at-12.17.55.jpeg?fit=1200%2C540&ssl=1&resize=525%2C300 1.5x, https:\/\/i0.wp.com\/noticiasribeiraopreto.com.br\/wp-content\/uploads\/2025\/03\/WhatsApp-Image-2024-03-22-at-12.17.55.jpeg?fit=1200%2C540&ssl=1&resize=700%2C400 2x, https:\/\/i0.wp.com\/noticiasribeiraopreto.com.br\/wp-content\/uploads\/2025\/03\/WhatsApp-Image-2024-03-22-at-12.17.55.jpeg?fit=1200%2C540&ssl=1&resize=1050%2C600 3x"},"classes":[]},{"id":76875,"url":"https:\/\/noticiasribeiraopreto.com.br\/index.php\/2025\/09\/08\/calor-e-ventos-fortes-em-sp-veja-como-fica-o-tempo-em-ribeirao\/","url_meta":{"origin":90756,"position":1},"title":"Calor e ventos fortes em SP: Veja como fica o tempo em Ribeir\u00e3o","author":"noticiasribeiraopreto.com.br","date":"8 de September de 2025","format":false,"excerpt":"A segunda-feira (08) ser\u00e1 de sol com muitas nuvens durante o dia e per\u00edodos de c\u00e9u nublado em Ribeir\u00e3o Preto. As temperaturas devem variar entre 22\u00baC e 33\u00baC. \u00c0 noite o c\u00e9u continua com muitas nuvens, no entanto, n\u00e3o h\u00e1 previs\u00e3o de chuva. Ventos fortes Segundo o meteorologista Tiago Robles,\u2026","rel":"","context":"In &quot;Not\u00edcias de Ribeir\u00e3o Preto-SP e Regi\u00e3o&quot;","block_context":{"text":"Not\u00edcias de Ribeir\u00e3o Preto-SP e Regi\u00e3o","link":"https:\/\/noticiasribeiraopreto.com.br\/index.php\/category\/noticias-de-ribeirao-preto-sp-e-regiao-ismael-colosi\/"},"img":{"alt_text":"","src":"https:\/\/i0.wp.com\/noticiasribeiraopreto.com.br\/wp-content\/uploads\/2025\/09\/ceu-sol-ribeirao-preto_2025-05-01_10-48-25.webp.webp?fit=1200%2C900&ssl=1&resize=350%2C200","width":350,"height":200,"srcset":"https:\/\/i0.wp.com\/noticiasribeiraopreto.com.br\/wp-content\/uploads\/2025\/09\/ceu-sol-ribeirao-preto_2025-05-01_10-48-25.webp.webp?fit=1200%2C900&ssl=1&resize=350%2C200 1x, https:\/\/i0.wp.com\/noticiasribeiraopreto.com.br\/wp-content\/uploads\/2025\/09\/ceu-sol-ribeirao-preto_2025-05-01_10-48-25.webp.webp?fit=1200%2C900&ssl=1&resize=525%2C300 1.5x, https:\/\/i0.wp.com\/noticiasribeiraopreto.com.br\/wp-content\/uploads\/2025\/09\/ceu-sol-ribeirao-preto_2025-05-01_10-48-25.webp.webp?fit=1200%2C900&ssl=1&resize=700%2C400 2x, https:\/\/i0.wp.com\/noticiasribeiraopreto.com.br\/wp-content\/uploads\/2025\/09\/ceu-sol-ribeirao-preto_2025-05-01_10-48-25.webp.webp?fit=1200%2C900&ssl=1&resize=1050%2C600 3x"},"classes":[]},{"id":36766,"url":"https:\/\/noticiasribeiraopreto.com.br\/index.php\/2024\/02\/12\/frente-fria-pode-provocar-mudancas-no-tempo-veja-a-previsao-no-interior-de-sp\/","url_meta":{"origin":90756,"position":2},"title":"Frente fria pode provocar mudan\u00e7as no tempo; Veja a previs\u00e3o no interior de SP","author":"noticiasribeiraopreto.com.br","date":"12 de February de 2024","format":false,"excerpt":"Uma frente fria se aproxima da regi\u00e3o Sudeste e pode provocar mudan\u00e7as no tempo a partir de ter\u00e7a-feira (13), segundo a Climatempo. No interior de S\u00e3o Paulo, a previs\u00e3o do tempo aponta para chuvas fortes nas cidades do sul e leste do estado. Os meteorologistas apontam que os temporais podem\u2026","rel":"","context":"In &quot;Not\u00edcias de Ribeir\u00e3o Preto-SP e Regi\u00e3o&quot;","block_context":{"text":"Not\u00edcias de Ribeir\u00e3o Preto-SP e Regi\u00e3o","link":"https:\/\/noticiasribeiraopreto.com.br\/index.php\/category\/noticias-de-ribeirao-preto-sp-e-regiao-ismael-colosi\/"},"img":{"alt_text":"","src":"https:\/\/i0.wp.com\/noticiasribeiraopreto.com.br\/wp-content\/uploads\/2024\/02\/chuva_tempestade_1200x675_28012022180501.jpg?fit=1200%2C675&ssl=1&resize=350%2C200","width":350,"height":200,"srcset":"https:\/\/i0.wp.com\/noticiasribeiraopreto.com.br\/wp-content\/uploads\/2024\/02\/chuva_tempestade_1200x675_28012022180501.jpg?fit=1200%2C675&ssl=1&resize=350%2C200 1x, https:\/\/i0.wp.com\/noticiasribeiraopreto.com.br\/wp-content\/uploads\/2024\/02\/chuva_tempestade_1200x675_28012022180501.jpg?fit=1200%2C675&ssl=1&resize=525%2C300 1.5x, https:\/\/i0.wp.com\/noticiasribeiraopreto.com.br\/wp-content\/uploads\/2024\/02\/chuva_tempestade_1200x675_28012022180501.jpg?fit=1200%2C675&ssl=1&resize=700%2C400 2x, https:\/\/i0.wp.com\/noticiasribeiraopreto.com.br\/wp-content\/uploads\/2024\/02\/chuva_tempestade_1200x675_28012022180501.jpg?fit=1200%2C675&ssl=1&resize=1050%2C600 3x"},"classes":[]},{"id":64668,"url":"https:\/\/noticiasribeiraopreto.com.br\/index.php\/2025\/03\/11\/calor-e-umidade-trazem-chuva-ao-estado-de-sp-veja-regioes-com-risco-de-temporais\/","url_meta":{"origin":90756,"position":3},"title":"Calor e umidade trazem chuva ao estado de SP; Veja regi\u00f5es com risco de temporais","author":"noticiasribeiraopreto.com.br","date":"11 de March de 2025","format":false,"excerpt":"A umidade associada \u00e0 passagem de uma frente fria e o calor devem estimular a forma\u00e7\u00e3o de instabilidades sobre a maior parte do estado de S\u00e3o Paulo nesta ter\u00e7a-feira (11). Segundo a Climatempo, a frente fria canaliza mais umidade da faixa norte do Brasil para o estado paulista. A regi\u00e3o\u2026","rel":"","context":"In &quot;Not\u00edcias de Ribeir\u00e3o Preto-SP e Regi\u00e3o&quot;","block_context":{"text":"Not\u00edcias de Ribeir\u00e3o Preto-SP e Regi\u00e3o","link":"https:\/\/noticiasribeiraopreto.com.br\/index.php\/category\/noticias-de-ribeirao-preto-sp-e-regiao-ismael-colosi\/"},"img":{"alt_text":"","src":"https:\/\/i0.wp.com\/noticiasribeiraopreto.com.br\/wp-content\/uploads\/2025\/03\/WhatsApp-Image-2025-03-11-at-08.31.43_2025-03-11_11-32-18_jpeg_2025-03-11_11-32-18.webp.webp?fit=1200%2C900&ssl=1&resize=350%2C200","width":350,"height":200,"srcset":"https:\/\/i0.wp.com\/noticiasribeiraopreto.com.br\/wp-content\/uploads\/2025\/03\/WhatsApp-Image-2025-03-11-at-08.31.43_2025-03-11_11-32-18_jpeg_2025-03-11_11-32-18.webp.webp?fit=1200%2C900&ssl=1&resize=350%2C200 1x, https:\/\/i0.wp.com\/noticiasribeiraopreto.com.br\/wp-content\/uploads\/2025\/03\/WhatsApp-Image-2025-03-11-at-08.31.43_2025-03-11_11-32-18_jpeg_2025-03-11_11-32-18.webp.webp?fit=1200%2C900&ssl=1&resize=525%2C300 1.5x, https:\/\/i0.wp.com\/noticiasribeiraopreto.com.br\/wp-content\/uploads\/2025\/03\/WhatsApp-Image-2025-03-11-at-08.31.43_2025-03-11_11-32-18_jpeg_2025-03-11_11-32-18.webp.webp?fit=1200%2C900&ssl=1&resize=700%2C400 2x, https:\/\/i0.wp.com\/noticiasribeiraopreto.com.br\/wp-content\/uploads\/2025\/03\/WhatsApp-Image-2025-03-11-at-08.31.43_2025-03-11_11-32-18_jpeg_2025-03-11_11-32-18.webp.webp?fit=1200%2C900&ssl=1&resize=1050%2C600 3x"},"classes":[]},{"id":81655,"url":"https:\/\/noticiasribeiraopreto.com.br\/index.php\/2026\/01\/13\/calor-passa-dos-30c-e-ribeirao-preto-entra-em-alerta-para-temporais\/","url_meta":{"origin":90756,"position":4},"title":"Calor passa dos 30\u00b0C e Ribeir\u00e3o Preto entra em alerta para temporais","author":"noticiasribeiraopreto.com.br","date":"13 de January de 2026","format":false,"excerpt":"Ribeir\u00e3o Preto deve enfrentar uma semana marcada por calor e instabilidade. De acordo com a Defesa Civil, entre esta segunda-feira (12) e quinta-feira (15), o tempo segue com caracter\u00edsticas t\u00edpicas de ver\u00e3o, com sol entre poucas nuvens e eleva\u00e7\u00e3o das temperaturas ao longo do dia. Risco de temporais O aquecimento\u2026","rel":"","context":"In &quot;Not\u00edcias de Ribeir\u00e3o Preto-SP e Regi\u00e3o&quot;","block_context":{"text":"Not\u00edcias de Ribeir\u00e3o Preto-SP e Regi\u00e3o","link":"https:\/\/noticiasribeiraopreto.com.br\/index.php\/category\/noticias-de-ribeirao-preto-sp-e-regiao-ismael-colosi\/"},"img":{"alt_text":"","src":"https:\/\/i0.wp.com\/noticiasribeiraopreto.com.br\/wp-content\/uploads\/2025\/12\/Imagem-do-WhatsApp-de-2025-12-08-as-13.59.15_de4078cb_2025-12-08_17-07-48.webp.webp?fit=1200%2C675&ssl=1&resize=350%2C200","width":350,"height":200,"srcset":"https:\/\/i0.wp.com\/noticiasribeiraopreto.com.br\/wp-content\/uploads\/2025\/12\/Imagem-do-WhatsApp-de-2025-12-08-as-13.59.15_de4078cb_2025-12-08_17-07-48.webp.webp?fit=1200%2C675&ssl=1&resize=350%2C200 1x, https:\/\/i0.wp.com\/noticiasribeiraopreto.com.br\/wp-content\/uploads\/2025\/12\/Imagem-do-WhatsApp-de-2025-12-08-as-13.59.15_de4078cb_2025-12-08_17-07-48.webp.webp?fit=1200%2C675&ssl=1&resize=525%2C300 1.5x, https:\/\/i0.wp.com\/noticiasribeiraopreto.com.br\/wp-content\/uploads\/2025\/12\/Imagem-do-WhatsApp-de-2025-12-08-as-13.59.15_de4078cb_2025-12-08_17-07-48.webp.webp?fit=1200%2C675&ssl=1&resize=700%2C400 2x, https:\/\/i0.wp.com\/noticiasribeiraopreto.com.br\/wp-content\/uploads\/2025\/12\/Imagem-do-WhatsApp-de-2025-12-08-as-13.59.15_de4078cb_2025-12-08_17-07-48.webp.webp?fit=1200%2C675&ssl=1&resize=1050%2C600 3x"},"classes":[]},{"id":78718,"url":"https:\/\/noticiasribeiraopreto.com.br\/index.php\/2025\/10\/16\/fim-do-calor-virada-no-tempo-traz-frio-e-chuva-ao-interior-de-sao-paulo\/","url_meta":{"origin":90756,"position":5},"title":"Fim do calor? Virada no tempo traz frio e chuva ao interior de S\u00e3o Paulo","author":"noticiasribeiraopreto.com.br","date":"16 de October de 2025","format":false,"excerpt":"O interior de S\u00e3o Paulo, incluindo Ribeir\u00e3o Preto, deve enfrentar uma virada no tempo neste fim de semana, com chuvas fortes e queda acentuada das temperaturas. Especialistas alertam para temporais localizados e mudan\u00e7as significativas no clima a partir desta sexta-feira (17). Como fica o tempo? De acordo com a Climatempo,\u2026","rel":"","context":"In &quot;Not\u00edcias de Ribeir\u00e3o Preto-SP e Regi\u00e3o&quot;","block_context":{"text":"Not\u00edcias de Ribeir\u00e3o Preto-SP e Regi\u00e3o","link":"https:\/\/noticiasribeiraopreto.com.br\/index.php\/category\/noticias-de-ribeirao-preto-sp-e-regiao-ismael-colosi\/"},"img":{"alt_text":"","src":"https:\/\/i0.wp.com\/noticiasribeiraopreto.com.br\/wp-content\/uploads\/2025\/08\/CHUVA-RIBEIRAO-PRETO_2025-03-23_20-40-26_jpg_2025-03-23_20-40-26.webp.webp?fit=1030%2C644&ssl=1&resize=350%2C200","width":350,"height":200,"srcset":"https:\/\/i0.wp.com\/noticiasribeiraopreto.com.br\/wp-content\/uploads\/2025\/08\/CHUVA-RIBEIRAO-PRETO_2025-03-23_20-40-26_jpg_2025-03-23_20-40-26.webp.webp?fit=1030%2C644&ssl=1&resize=350%2C200 1x, https:\/\/i0.wp.com\/noticiasribeiraopreto.com.br\/wp-content\/uploads\/2025\/08\/CHUVA-RIBEIRAO-PRETO_2025-03-23_20-40-26_jpg_2025-03-23_20-40-26.webp.webp?fit=1030%2C644&ssl=1&resize=525%2C300 1.5x, https:\/\/i0.wp.com\/noticiasribeiraopreto.com.br\/wp-content\/uploads\/2025\/08\/CHUVA-RIBEIRAO-PRETO_2025-03-23_20-40-26_jpg_2025-03-23_20-40-26.webp.webp?fit=1030%2C644&ssl=1&resize=700%2C400 2x"},"classes":[]}],"jetpack_sharing_enabled":true,"jetpack_shortlink":"https:\/\/wp.me\/peQAOb-nBO","jetpack_featured_media_url":"https:\/\/i0.wp.com\/noticiasribeiraopreto.com.br\/wp-content\/uploads\/2026\/06\/WhatsApp-Image-2024-10-23-at-18.14.43_2024-10-23_22-19-38_jpeg_2024-10-23_22-19-39-1024x576.webp.webp?fit=1024%2C576&ssl=1","_links":{"self":[{"href":"https:\/\/noticiasribeiraopreto.com.br\/index.php\/wp-json\/wp\/v2\/posts\/90756","targetHints":{"allow":["GET"]}}],"collection":[{"href":"https:\/\/noticiasribeiraopreto.com.br\/index.php\/wp-json\/wp\/v2\/posts"}],"about":[{"href":"https:\/\/noticiasribeiraopreto.com.br\/index.php\/wp-json\/wp\/v2\/types\/post"}],"author":[{"embeddable":true,"href":"https:\/\/noticiasribeiraopreto.com.br\/index.php\/wp-json\/wp\/v2\/users\/1"}],"replies":[{"embeddable":true,"href":"https:\/\/noticiasribeiraopreto.com.br\/index.php\/wp-json\/wp\/v2\/comments?post=90756"}],"version-history":[{"count":0,"href":"https:\/\/noticiasribeiraopreto.com.br\/index.php\/wp-json\/wp\/v2\/posts\/90756\/revisions"}],"wp:featuredmedia":[{"embeddable":true,"href":"https:\/\/noticiasribeiraopreto.com.br\/index.php\/wp-json\/wp\/v2\/media\/86869"}],"wp:attachment":[{"href":"https:\/\/noticiasribeiraopreto.com.br\/index.php\/wp-json\/wp\/v2\/media?parent=90756"}],"wp:term":[{"taxonomy":"category","embeddable":true,"href":"https:\/\/noticiasribeiraopreto.com.br\/index.php\/wp-json\/wp\/v2\/categories?post=90756"},{"taxonomy":"post_tag","embeddable":true,"href":"https:\/\/noticiasribeiraopreto.com.br\/index.php\/wp-json\/wp\/v2\/tags?post=90756"}],"curies":[{"name":"wp","href":"https:\/\/api.w.org\/{rel}","templated":true}]}}