{"id":90757,"date":"2026-08-31T00:26:42","date_gmt":"2026-08-31T03:26:42","guid":{"rendered":"https:\/\/noticiasribeiraopreto.com.br\/index.php\/2026\/08\/31\/canetas-emagrecedoras-o-perigo-do-uso-sem-controle\/"},"modified":"2026-08-31T00:26:42","modified_gmt":"2026-08-31T03:26:42","slug":"canetas-emagrecedoras-o-perigo-do-uso-sem-controle","status":"publish","type":"post","link":"https:\/\/noticiasribeiraopreto.com.br\/index.php\/2026\/08\/31\/canetas-emagrecedoras-o-perigo-do-uso-sem-controle\/","title":{"rendered":"Canetas emagrecedoras: o perigo do uso sem controle"},"content":{"rendered":"<div class='code-block code-block-1' style='margin: 8px 0 8px auto; text-align: right; display: block; clear: both;'>\n<p><a href=\"https:\/\/wa.link\/vpicfd\"><img data-recalc-dims=\"1\" class=\"wp-image-4922\" style=\"aspect-ratio: 2.0253164556962027; width: 561px; height: auto;\" src=\"https:\/\/i0.wp.com\/ismaelcolosi.com.br\/wp-content\/uploads\/2023\/11\/grupo-de-empregos-whatsapp-e-facebook-ismael-colosi-vagas.jpg?ssl=1\" alt=\"\" \/><\/a><\/p>\n<!-- \/wp:image -->\n<\/div>\n<p> <br \/>\n<\/p>\n<div>\n<p>A populariza\u00e7\u00e3o das chamadas \u201ccanetas emagrecedoras\u201d ampliou a procura por medicamentos originalmente desenvolvidos para o tratamento do diabetes e, posteriormente, incorporados ao controle da obesidade. Ao mesmo tempo, o crescimento do uso sem acompanhamento profissional e da oferta de produtos irregulares acendeu um alerta entre autoridades sanit\u00e1rias e entidades m\u00e9dicas.<\/p>\n<p>O interesse ocorre em um cen\u00e1rio de avan\u00e7o da obesidade no pa\u00eds. Dados do Vigitel, levantamento do Minist\u00e9rio da Sa\u00fade realizado nas capitais brasileiras e no Distrito Federal, mostram que 62,6% dos adultos apresentavam excesso de peso em 2024. Em 2006, eram 42,6%.<\/p>\n<p>No mesmo per\u00edodo, o percentual de adultos com obesidade aumentou de 11,8% para 25,7%. Os dados s\u00e3o calculados com base no peso e na altura informados pelos entrevistados.<\/p>\n<p>A obesidade \u00e9 uma doen\u00e7a cr\u00f4nica e multifatorial, associada a maior risco de diabetes tipo 2, doen\u00e7as cardiovasculares, problemas articulares e outras condi\u00e7\u00f5es. Seu tratamento pode envolver mudan\u00e7as na alimenta\u00e7\u00e3o, atividade f\u00edsica, acompanhamento psicol\u00f3gico, medicamentos e, em situa\u00e7\u00f5es espec\u00edficas, cirurgia.<\/p>\n<p>Os medicamentos mais conhecidos pertencem \u00e0 classe dos agonistas do receptor GLP-1. Eles reproduzem a a\u00e7\u00e3o de um horm\u00f4nio produzido pelo intestino que participa do controle da glicose, da sensa\u00e7\u00e3o de saciedade e do esvaziamento do est\u00f4mago.<\/p>\n<p>A tirzepatida atua tamb\u00e9m sobre outro receptor, o GIP. A a\u00e7\u00e3o combinada ajuda a controlar a glicemia e pode reduzir o apetite e o peso corporal.<\/p>\n<p>Apesar de serem apresentados popularmente como uma \u00fanica categoria, os medicamentos t\u00eam princ\u00edpios ativos, doses e indica\u00e7\u00f5es diferentes. Alguns produtos s\u00e3o registrados para o tratamento do diabetes tipo 2, enquanto outros tamb\u00e9m possuem indica\u00e7\u00e3o para obesidade ou sobrepeso associado a problemas de sa\u00fade.<\/p>\n<p>Por isso, a escolha n\u00e3o deve ser baseada apenas na marca mais conhecida ou na experi\u00eancia de outra pessoa. O profissional precisa avaliar o diagn\u00f3stico, o hist\u00f3rico cl\u00ednico, os medicamentos j\u00e1 utilizados, poss\u00edveis contraindica\u00e7\u00f5es e a capacidade de acompanhamento durante o tratamento.<\/p>\n<p>A Organiza\u00e7\u00e3o Mundial da Sa\u00fade recomenda que os medicamentos sejam utilizados como parte de um cuidado abrangente e de longo prazo contra a obesidade. Isso significa que a aplica\u00e7\u00e3o da caneta n\u00e3o substitui a orienta\u00e7\u00e3o alimentar, a atividade f\u00edsica e o acompanhamento das condi\u00e7\u00f5es associadas ao excesso de peso.<\/p>\n<h2><strong>Notifica\u00e7\u00f5es aumentaram<\/strong><\/h2>\n<p>Entre dezembro de 2018 e mar\u00e7o de 2026, a Ag\u00eancia Nacional de Vigil\u00e2ncia Sanit\u00e1ria (Anvisa) recebeu 2.965 notifica\u00e7\u00f5es de suspeitas de eventos adversos relacionados aos agonistas do GLP-1. Do total, 46% foram registradas somente em 2025.<\/p>\n<p>A semaglutida apareceu em 58,7% dos relatos. A Anvisa ressalta, entretanto, que uma notifica\u00e7\u00e3o representa uma suspeita e n\u00e3o comprova automaticamente que o medicamento tenha causado o problema informado.<\/p>\n<p>O crescimento dos registros levou a ag\u00eancia a ampliar o monitoramento desses medicamentos. A medida procura identificar padr\u00f5es de eventos adversos, erros de administra\u00e7\u00e3o, uso sem prescri\u00e7\u00e3o e problemas relacionados a produtos falsificados ou de proced\u00eancia desconhecida.<\/p>\n<figure id=\"attachment_475476\" aria-describedby=\"caption-attachment-475476\" style=\"width: 391px\" class=\"wp-caption aligncenter\"><figcaption id=\"caption-attachment-475476\" class=\"wp-caption-text\">Dados oficiais mostram que 62,6% dos adultos apresentavam excesso de peso em 2024. Em 2006, eram 42,6% | Reprodu\u00e7\u00e3o<\/figcaption><\/figure>\n<p>Em fevereiro deste ano, a Anvisa refor\u00e7ou o alerta para o risco de pancreatite aguda. Embora a rea\u00e7\u00e3o j\u00e1 conste nas bulas, a utiliza\u00e7\u00e3o fora das indica\u00e7\u00f5es autorizadas pode dificultar o diagn\u00f3stico e aumentar a exposi\u00e7\u00e3o a complica\u00e7\u00f5es.<\/p>\n<p>Dor abdominal intensa e persistente, que pode irradiar para as costas e ser acompanhada de n\u00e1useas e v\u00f4mitos, exige atendimento m\u00e9dico imediato.<\/p>\n<p>Segundo a ag\u00eancia, o alerta n\u00e3o modificou a avalia\u00e7\u00e3o dos produtos regularizados. Os benef\u00edcios continuam superando os riscos quando os medicamentos s\u00e3o utilizados para as indica\u00e7\u00f5es aprovadas, nas doses previstas e sob acompanhamento profissional.<\/p>\n<h3><strong>Receita fica retida<\/strong><\/h3>\n<p>Desde junho de 2025, farm\u00e1cias e drogarias s\u00e3o obrigadas a reter a receita dos agonistas do GLP-1. A prescri\u00e7\u00e3o deve ser emitida em duas vias e tem validade de at\u00e9 90 dias, contados a partir da data de emiss\u00e3o.<\/p>\n<p>Uma via fica com o paciente e a outra permanece no estabelecimento. A exig\u00eancia foi adotada para aumentar o controle sobre a comercializa\u00e7\u00e3o e reduzir o uso indiscriminado.<\/p>\n<p>A reten\u00e7\u00e3o da receita n\u00e3o significa que todos os pacientes precisem receber o mesmo tratamento. A indica\u00e7\u00e3o depende da avalia\u00e7\u00e3o individual e deve seguir a bula do produto.<\/p>\n<p>Tamb\u00e9m n\u00e3o \u00e9 recomendado aumentar ou reduzir a dose, interromper o tratamento ou trocar de medicamento sem orienta\u00e7\u00e3o. A progress\u00e3o das doses costuma ser gradual justamente para observar a toler\u00e2ncia e reduzir rea\u00e7\u00f5es adversas.<\/p>\n<h4><strong>Mercado clandestino preocupa<\/strong><\/h4>\n<p>O aumento da procura favoreceu a entrada de produtos falsificados, adulterados, importados irregularmente ou produzidos sem os controles sanit\u00e1rios necess\u00e1rios.<\/p>\n<p>Nota t\u00e9cnica conjunta da Anvisa e da Pol\u00edcia Federal informa que mais de 1,3 milh\u00e3o de unidades de medicamentos injet\u00e1veis irregulares foram apreendidas entre janeiro e abril deste ano.<\/p>\n<p>As fiscaliza\u00e7\u00f5es encontraram problemas como aus\u00eancia de registro sanit\u00e1rio, falhas de esterilidade, falta de controle de qualidade, origem desconhecida dos princ\u00edpios ativos e conserva\u00e7\u00e3o inadequada. Por serem medicamentos injet\u00e1veis, eventuais contamina\u00e7\u00f5es podem provocar infec\u00e7\u00f5es e outras complica\u00e7\u00f5es graves.<\/p>\n<p>Tamb\u00e9m foram identificadas falhas na manuten\u00e7\u00e3o da cadeia de refrigera\u00e7\u00e3o. Temperaturas inadequadas durante o transporte ou armazenamento podem comprometer a estabilidade do medicamento, mesmo quando a embalagem aparenta estar intacta.<\/p>\n<p>Em janeiro, a Anvisa proibiu a comercializa\u00e7\u00e3o e o uso de produtos com tirzepatida das marcas Synedica e TG, fabricados por empresas desconhecidas e anunciados em redes sociais. A proibi\u00e7\u00e3o tamb\u00e9m alcan\u00e7ou todos os produtos identificados como retatrutida, subst\u00e2ncia sem medicamento registrado no pa\u00eds.<\/p>\n<p>A recomenda\u00e7\u00e3o \u00e9 adquirir esses medicamentos somente em farm\u00e1cias e drogarias autorizadas, mediante receita e com emiss\u00e3o de nota fiscal. Ofertas em redes sociais, aplicativos de mensagens, academias, cl\u00ednicas sem autoriza\u00e7\u00e3o ou sites de proced\u00eancia desconhecida devem ser evitadas.<\/p>\n<h5><strong>Cuidados antes de cirurgias<\/strong><\/h5>\n<p>Quem utiliza agonistas do GLP-1 deve informar o m\u00e9dico e o anestesista antes de cirurgias, exames ou procedimentos que exijam anestesia ou seda\u00e7\u00e3o profunda.<\/p>\n<p>Como esses medicamentos retardam o esvaziamento do est\u00f4mago, pode haver conte\u00fado g\u00e1strico mesmo depois do per\u00edodo de jejum. Isso aumenta o risco de regurgita\u00e7\u00e3o e entrada de alimentos ou l\u00edquidos nas vias respirat\u00f3rias durante o procedimento.<\/p>\n<p>A suspens\u00e3o ou manuten\u00e7\u00e3o do medicamento deve ser decidida pela equipe respons\u00e1vel. O paciente n\u00e3o deve interromper o tratamento por conta pr\u00f3pria.<\/p>\n<h2><strong>Perda de peso pode vir acompanhada de redu\u00e7\u00e3o muscular<\/strong><\/h2>\n<p>A redu\u00e7\u00e3o indicada pela balan\u00e7a n\u00e3o revela sozinha tudo o que ocorre no organismo durante o tratamento com medicamentos contra a obesidade. Parte do peso eliminado pode corresponder \u00e0 massa muscular, especialmente quando a diminui\u00e7\u00e3o do apetite leva o paciente a comer muito pouco ou a abandonar refei\u00e7\u00f5es.<\/p>\n<p>O endocrinologista Marcio Mancini, integrante da Sociedade Brasileira de Endocrinologia e Metabologia e da Associa\u00e7\u00e3o Brasileira para o Estudo da Obesidade e S\u00edndrome Metab\u00f3lica, alerta que a falta de supervis\u00e3o pode provocar ingest\u00e3o insuficiente de prote\u00ednas, vitaminas e minerais.<\/p>\n<p>Algum grau de perda de massa magra pode ocorrer em processos de emagrecimento. O problema aparece quando a redu\u00e7\u00e3o muscular se torna excessiva e compromete a for\u00e7a, a mobilidade, o equil\u00edbrio ou a capacidade de realizar atividades cotidianas.<\/p>\n<p>Segundo o especialista, a perda de massa magra n\u00e3o deve ultrapassar aproximadamente 25% de todo o peso eliminado. Acima desse patamar, \u00e9 necess\u00e1rio reavaliar a alimenta\u00e7\u00e3o, a atividade f\u00edsica e a condu\u00e7\u00e3o do tratamento.<\/p>\n<p>O acompanhamento pode incluir exames de composi\u00e7\u00e3o corporal, como bioimped\u00e2ncia ou densitometria de corpo inteiro. Testes de for\u00e7a, entre eles o de preens\u00e3o manual, ajudam a identificar se a redu\u00e7\u00e3o observada nos exames j\u00e1 provoca preju\u00edzo funcional.<\/p>\n<h3><strong>Prote\u00edna deve ser individualizada<\/strong><\/h3>\n<p>Mancini sugere ingest\u00e3o di\u00e1ria aproximada de 1,2 grama de prote\u00edna por quilo de peso para adultos jovens e saud\u00e1veis. Para idosos ou pessoas com risco de perda muscular, a quantidade pode chegar a 1,5 grama por quilo.<\/p>\n<p>Esses valores n\u00e3o devem ser aplicados indistintamente. A quantidade precisa ser definida de acordo com idade, peso, n\u00edvel de atividade f\u00edsica, condi\u00e7\u00f5es cl\u00ednicas e funcionamento dos rins, preferencialmente com orienta\u00e7\u00e3o m\u00e9dica e nutricional.<\/p>\n<figure id=\"attachment_475477\" aria-describedby=\"caption-attachment-475477\" style=\"width: 424px\" class=\"wp-caption aligncenter\"><img data-recalc-dims=\"1\" loading=\"lazy\" decoding=\"async\" class=\"wp-image-475477 lazyload\" src=\"https:\/\/i0.wp.com\/www.tribunaribeirao.com.br\/wp-content\/uploads\/2026\/08\/3-1-300x193.jpg?resize=424%2C273&#038;ssl=1\" alt=\"\" width=\"424\" height=\"273\" srcset=\"https:\/\/www.tribunaribeirao.com.br\/wp-content\/uploads\/2026\/08\/3-1-300x193.jpg 300w, https:\/\/www.tribunaribeirao.com.br\/wp-content\/uploads\/2026\/08\/3-1-1024x659.jpg 1024w, https:\/\/www.tribunaribeirao.com.br\/wp-content\/uploads\/2026\/08\/3-1-768x494.jpg 768w, https:\/\/www.tribunaribeirao.com.br\/wp-content\/uploads\/2026\/08\/3-1-1536x988.jpg 1536w, https:\/\/www.tribunaribeirao.com.br\/wp-content\/uploads\/2026\/08\/3-1-2048x1317.jpg 2048w, https:\/\/www.tribunaribeirao.com.br\/wp-content\/uploads\/2026\/08\/3-1-1920x1235.jpg 1920w, https:\/\/www.tribunaribeirao.com.br\/wp-content\/uploads\/2026\/08\/3-1-960x618.jpg 960w, https:\/\/www.tribunaribeirao.com.br\/wp-content\/uploads\/2026\/08\/3-1-622x400.jpg 622w, https:\/\/www.tribunaribeirao.com.br\/wp-content\/uploads\/2026\/08\/3-1-585x376.jpg 585w, https:\/\/www.tribunaribeirao.com.br\/wp-content\/uploads\/2026\/08\/3-1-scaled.jpg 1200w\" data-sizes=\"(max-width: 424px) 100vw, 424px\" style=\"--smush-placeholder-width: 424px; --smush-placeholder-aspect-ratio: 424\/273;\"\/><figcaption id=\"caption-attachment-475477\" class=\"wp-caption-text\">27\/08\/2026 \u2013 Medicamentos conhecidos como canetas emagrecedoras t\u00eam indica\u00e7\u00f5es diferentes e devem ser utilizados de acordo com a bula e sob acompanhamento profissional | Foto: Rafa Neddermeyer\/ Ag\u00eancia Brasil<\/figcaption><\/figure>\n<p>Como n\u00e1usea, sensa\u00e7\u00e3o de est\u00f4mago cheio, gases e pris\u00e3o de ventre podem dificultar a alimenta\u00e7\u00e3o, uma estrat\u00e9gia \u00e9 dividir a dieta em pequenas refei\u00e7\u00f5es nutritivas. Os alimentos ricos em prote\u00edna podem ser consumidos no in\u00edcio, antes que a saciedade impe\u00e7a a continuidade da refei\u00e7\u00e3o.<\/p>\n<p>Carnes, peixes, ovos, leite e derivados, feij\u00f5es, lentilhas, gr\u00e3o-de-bico e soja s\u00e3o fontes de prote\u00edna. A escolha deve considerar as necessidades e as restri\u00e7\u00f5es de cada paciente.<\/p>\n<p>A ingest\u00e3o de \u00e1gua e fibras tamb\u00e9m \u00e9 importante para reduzir a pris\u00e3o de ventre. Refei\u00e7\u00f5es muito gordurosas podem piorar n\u00e1useas, refluxo e desconforto abdominal em algumas pessoas.<\/p>\n<h4><strong>Exerc\u00edcio preserva for\u00e7a<\/strong><\/h4>\n<p>A atividade f\u00edsica, principalmente os exerc\u00edcios de resist\u00eancia e fortalecimento muscular, ajuda a preservar a massa magra durante o emagrecimento. O programa deve ser adaptado \u00e0s condi\u00e7\u00f5es cl\u00ednicas e \u00e0 capacidade funcional do paciente.<\/p>\n<p>Somente aumentar a quantidade de prote\u00edna n\u00e3o substitui o exerc\u00edcio. Da mesma forma, treinar sem alimenta\u00e7\u00e3o adequada pode n\u00e3o ser suficiente para evitar perda muscular.<\/p>\n<p>Queda de cabelo, cansa\u00e7o persistente, tontura, fraqueza, redu\u00e7\u00e3o da mobilidade e piora do equil\u00edbrio podem indicar alimenta\u00e7\u00e3o insuficiente ou defici\u00eancia de nutrientes.<\/p>\n<p>Exames laboratoriais podem identificar altera\u00e7\u00f5es nos n\u00edveis de vitamina D, vitamina B12, ferro, pot\u00e1ssio e magn\u00e9sio, entre outros nutrientes. A suplementa\u00e7\u00e3o s\u00f3 deve ser feita quando houver indica\u00e7\u00e3o, porque o excesso tamb\u00e9m pode provocar problemas.<\/p>\n<p>Outro sinal de alerta \u00e9 a restri\u00e7\u00e3o alimentar extrema, acompanhada de medo de comer, culpa ou perda completa do prazer relacionado \u00e0 alimenta\u00e7\u00e3o. Nesses casos, o acompanhamento psicol\u00f3gico ou psiqui\u00e1trico pode ser necess\u00e1rio.<\/p>\n<p>O tratamento adequado procura reduzir gordura corporal sem comprometer m\u00fasculos, for\u00e7a e qualidade de vida. Para isso, a perda de peso precisa ser acompanhada por avalia\u00e7\u00f5es peri\u00f3dicas e ajustes na alimenta\u00e7\u00e3o e na atividade f\u00edsica.<\/p>\n<h2><strong>Uso por est\u00e9tica amea\u00e7a sa\u00fade de crian\u00e7as e adolescentes<\/strong><\/h2>\n<p>A utiliza\u00e7\u00e3o de medicamentos para emagrecer por crian\u00e7as e adolescentes com peso adequado, motivada apenas pela busca de mudan\u00e7as na apar\u00eancia, n\u00e3o \u00e9 recomendada e pode prejudicar o crescimento, o desenvolvimento f\u00edsico e a sa\u00fade mental.<\/p>\n<p>O alerta foi divulgado pela Sociedade Brasileira de Pediatria (SBP), diante do aumento da popularidade dos agonistas do GLP-1 e da exposi\u00e7\u00e3o de jovens a conte\u00fados sobre emagrecimento nas redes sociais.<\/p>\n<p>A entidade recomenda utilizar a express\u00e3o \u201cmedicamentos para tratar a obesidade\u201d em vez de \u201ccanetas emagrecedoras\u201d. A denomina\u00e7\u00e3o popular pode transmitir a ideia de que os produtos servem para qualquer pessoa que queira perder peso rapidamente.<\/p>\n<p>Mesmo quando existe diagn\u00f3stico de obesidade ou diabetes tipo 2, a prescri\u00e7\u00e3o n\u00e3o \u00e9 autom\u00e1tica. A equipe deve considerar a gravidade da doen\u00e7a, a presen\u00e7a de outros problemas de sa\u00fade, os tratamentos anteriores e a possibilidade de acompanhamento regular.<\/p>\n<p>Tamb\u00e9m devem ser avaliadas as expectativas do paciente e da fam\u00edlia. Metas irreais, press\u00e3o est\u00e9tica ou cobran\u00e7a por resultados r\u00e1pidos podem comprometer a rela\u00e7\u00e3o com a comida e com o pr\u00f3prio corpo.<\/p>\n<h3><strong>Desenvolvimento pode ser afetado<\/strong><\/h3>\n<p>A redu\u00e7\u00e3o intensa do apetite pode levar crian\u00e7as e adolescentes a ingerir menos energia e nutrientes do que o necess\u00e1rio para crescer. Entre os riscos est\u00e3o defici\u00eancias nutricionais, desidrata\u00e7\u00e3o, altera\u00e7\u00f5es nos n\u00edveis de sais minerais e perda de massa muscular.<\/p>\n<p>O acompanhamento deve observar peso, altura, est\u00e1gio de desenvolvimento, alimenta\u00e7\u00e3o, for\u00e7a muscular e condi\u00e7\u00f5es emocionais.<\/p>\n<p>N\u00e1useas, v\u00f4mitos, diarreia, pris\u00e3o de ventre e dor abdominal aparecem com maior frequ\u00eancia durante o aumento das doses. V\u00f4mitos ou diarreia persistentes podem causar desidrata\u00e7\u00e3o e dist\u00farbios eletrol\u00edticos.<\/p>\n<p>Entre as complica\u00e7\u00f5es mais graves est\u00e3o pancreatite e problemas na ves\u00edcula biliar. A hipoglicemia tamb\u00e9m pode ocorrer, principalmente quando o medicamento \u00e9 associado a outros tratamentos para o diabetes.<\/p>\n<p>A SBP destaca ainda o risco de transtornos alimentares, ansiedade e depress\u00e3o quando os medicamentos s\u00e3o utilizados com finalidade exclusivamente est\u00e9tica ou sem acompanhamento adequado.<\/p>\n<p>Mudan\u00e7as repentinas no comportamento alimentar, recusa constante de refei\u00e7\u00f5es, preocupa\u00e7\u00e3o excessiva com calorias, medo de ganhar peso, isolamento e insatisfa\u00e7\u00e3o intensa com o corpo precisam ser investigados.<\/p>\n<h4><strong>Prescri\u00e7\u00e3o exige avalia\u00e7\u00e3o<\/strong><\/h4>\n<p>Esses medicamentos s\u00e3o contraindicados para pacientes com hipersensibilidade ao princ\u00edpio ativo ou aos componentes da f\u00f3rmula. Tamb\u00e9m n\u00e3o devem ser utilizados durante a gravidez e a amamenta\u00e7\u00e3o.<\/p>\n<p>Hist\u00f3rico pessoal ou familiar de carcinoma medular da tireoide e diagn\u00f3stico de neoplasia end\u00f3crina m\u00faltipla tipo 2 tamb\u00e9m est\u00e3o entre as contraindica\u00e7\u00f5es. Casos anteriores de pancreatite exigem avalia\u00e7\u00e3o m\u00e9dica individualizada.<\/p>\n<p>A exist\u00eancia de estudos que demonstram efic\u00e1cia e seguran\u00e7a em determinados grupos de adolescentes n\u00e3o autoriza o uso indiscriminado. Os resultados foram obtidos com crit\u00e9rios de sele\u00e7\u00e3o, doses controladas e acompanhamento profissional.<\/p>\n<p>O tratamento da obesidade na inf\u00e2ncia e na adolesc\u00eancia deve incluir orienta\u00e7\u00e3o alimentar, atividade f\u00edsica, sono adequado, participa\u00e7\u00e3o da fam\u00edlia e aten\u00e7\u00e3o \u00e0 sa\u00fade emocional. O medicamento, quando indicado, integra esse conjunto de cuidados e n\u00e3o substitui as demais medidas.<\/p>\n<p>Pais e respons\u00e1veis n\u00e3o devem compartilhar canetas, utilizar sobras de tratamentos de adultos nem comprar produtos pela internet para oferecer aos filhos. A avalia\u00e7\u00e3o precisa ser realizada por profissionais habilitados e com experi\u00eancia no atendimento dessa faixa et\u00e1ria.<\/p>\n<div style=\"background-color: #f4f4f5; border: 1px solid #d4d4d8; padding: 15px; margin: 20px 0; border-radius: 6px; font-family: sans-serif; line-height: 1.5;\">\n    <span style=\"color: #27272a;\">Inscreva-se em nosso Canal no Whatsapp e fique por dentro de tudo que acontece na regi\u00e3o. <\/span><br \/>\n    <a href=\"https:\/\/whatsapp.com\/channel\/0029VanuE2o7z4kYjo0XVS3u\" target=\"_blank\" rel=\"noopener noreferrer\" style=\"color: #16a34a; font-weight: bold; text-decoration: underline;\">Clique Aqui!<\/a>\n<\/div>\n<\/div>\n<p><br \/>\n<br \/><a href=\"https:\/\/www.tribunaribeirao.com.br\/canetas-emagrecedoras-o-perigo-do-uso-sem-controle\/\">Texto original daqui <\/a><\/p>\n<!-- CONTENT END 1 -->\n","protected":false},"excerpt":{"rendered":"<p>A populariza\u00e7\u00e3o das chamadas \u201ccanetas emagrecedoras\u201d ampliou a procura por medicamentos originalmente desenvolvidos para o tratamento do diabetes e, posteriormente, incorporados ao controle da obesidade&#8230;.<\/p>\n","protected":false},"author":1,"featured_media":90758,"comment_status":"","ping_status":"","sticky":false,"template":"","format":"standard","meta":{"advanced_seo_description":"","jetpack_seo_html_title":"","jetpack_seo_noindex":false,"jetpack_seo_schema_type":"","_jetpack_newsletter_access":"","_jetpack_dont_email_post_to_subs":false,"_jetpack_newsletter_tier_id":0,"_jetpack_memberships_contains_paywalled_content":false,"_jetpack_feature_clip_id":0,"_jetpack_memberships_contains_paid_content":false,"footnotes":"","jetpack_publicize_message":"","jetpack_publicize_feature_enabled":true,"jetpack_social_post_already_shared":true,"jetpack_social_options":{"image_generator_settings":{"template":"highway","default_image_id":0,"font":"","enabled":false},"version":2},"jetpack_post_was_ever_published":false},"categories":[11],"tags":[8098,1753,8099,6944,1025,3686],"class_list":["post-90757","post","type-post","status-publish","format-standard","has-post-thumbnail","hentry","category-noticias-de-ribeirao-preto-sp-e-regiao-ismael-colosi","tag-canetas","tag-controle","tag-emagrecedoras","tag-perigo","tag-sem","tag-uso"],"jetpack_publicize_connections":[],"jetpack-related-posts":[{"id":89055,"url":"https:\/\/noticiasribeiraopreto.com.br\/index.php\/2026\/07\/29\/anvisa-aprova-5-novas-canetas-emagrecedoras-veja-quais\/","url_meta":{"origin":90757,"position":0},"title":"Anvisa aprova 5 novas canetas emagrecedoras; veja quais","author":"noticiasribeiraopreto.com.br","date":"29 de July de 2026","format":false,"excerpt":"A Anvisa (Ag\u00eancia Nacional de Vigil\u00e2ncia Sanit\u00e1ria) aprovou o registro de cinco novas canetas de semaglutida, indicadas para o tratamento de pacientes adultos com diabetes mellitus tipo 2, sem controle suficiente. Popularmente, esses medicamentos s\u00e3o chamados de canetas emagrecedoras porque ajudam na perda de peso. Receba not\u00edcias do\u00a0acidade on Ribeir\u00e3o\u00a0no\u2026","rel":"","context":"In &quot;Not\u00edcias de Ribeir\u00e3o Preto-SP e Regi\u00e3o&quot;","block_context":{"text":"Not\u00edcias de Ribeir\u00e3o Preto-SP e Regi\u00e3o","link":"https:\/\/noticiasribeiraopreto.com.br\/index.php\/category\/noticias-de-ribeirao-preto-sp-e-regiao-ismael-colosi\/"},"img":{"alt_text":"","src":"https:\/\/i0.wp.com\/noticiasribeiraopreto.com.br\/wp-content\/uploads\/2026\/07\/caneta.jpg?fit=1170%2C700&ssl=1&resize=350%2C200","width":350,"height":200,"srcset":"https:\/\/i0.wp.com\/noticiasribeiraopreto.com.br\/wp-content\/uploads\/2026\/07\/caneta.jpg?fit=1170%2C700&ssl=1&resize=350%2C200 1x, https:\/\/i0.wp.com\/noticiasribeiraopreto.com.br\/wp-content\/uploads\/2026\/07\/caneta.jpg?fit=1170%2C700&ssl=1&resize=525%2C300 1.5x, https:\/\/i0.wp.com\/noticiasribeiraopreto.com.br\/wp-content\/uploads\/2026\/07\/caneta.jpg?fit=1170%2C700&ssl=1&resize=700%2C400 2x, https:\/\/i0.wp.com\/noticiasribeiraopreto.com.br\/wp-content\/uploads\/2026\/07\/caneta.jpg?fit=1170%2C700&ssl=1&resize=1050%2C600 3x"},"classes":[]},{"id":75022,"url":"https:\/\/noticiasribeiraopreto.com.br\/index.php\/2025\/08\/01\/caneta-emagrecedora-produzida-no-interior-de-sp-chega-as-farmacias-veja-o-preco\/","url_meta":{"origin":90757,"position":1},"title":"Caneta emagrecedora produzida no interior de SP chega \u00e0s farm\u00e1cias; veja o pre\u00e7o","author":"noticiasribeiraopreto.com.br","date":"1 de August de 2025","format":false,"excerpt":"A farmac\u00eautica EMS come\u00e7a a vender na pr\u00f3xima segunda-feira (4) as primeiras canetas produzidas integralmente no Brasil para o tratamento da obesidade e da diabetes tipo 2. A fabrica\u00e7\u00e3o acontece na unidade da empresa em Hortol\u00e2ndia, no interior de S\u00e3o Paulo. O mercado receber\u00e1 duas vers\u00f5es do medicamento: Olire, indicado\u2026","rel":"","context":"In &quot;Not\u00edcias de Ribeir\u00e3o Preto-SP e Regi\u00e3o&quot;","block_context":{"text":"Not\u00edcias de Ribeir\u00e3o Preto-SP e Regi\u00e3o","link":"https:\/\/noticiasribeiraopreto.com.br\/index.php\/category\/noticias-de-ribeirao-preto-sp-e-regiao-ismael-colosi\/"},"img":{"alt_text":"","src":"https:\/\/i0.wp.com\/noticiasribeiraopreto.com.br\/wp-content\/uploads\/2025\/08\/high-angle-diabetic-woman-checking-her-glucose-level_2025-04-16_23-31-08_jpg_2025-04-16_23-31-11-1024x681.webp.webp?fit=1024%2C681&ssl=1&resize=350%2C200","width":350,"height":200,"srcset":"https:\/\/i0.wp.com\/noticiasribeiraopreto.com.br\/wp-content\/uploads\/2025\/08\/high-angle-diabetic-woman-checking-her-glucose-level_2025-04-16_23-31-08_jpg_2025-04-16_23-31-11-1024x681.webp.webp?fit=1024%2C681&ssl=1&resize=350%2C200 1x, https:\/\/i0.wp.com\/noticiasribeiraopreto.com.br\/wp-content\/uploads\/2025\/08\/high-angle-diabetic-woman-checking-her-glucose-level_2025-04-16_23-31-08_jpg_2025-04-16_23-31-11-1024x681.webp.webp?fit=1024%2C681&ssl=1&resize=525%2C300 1.5x, https:\/\/i0.wp.com\/noticiasribeiraopreto.com.br\/wp-content\/uploads\/2025\/08\/high-angle-diabetic-woman-checking-her-glucose-level_2025-04-16_23-31-08_jpg_2025-04-16_23-31-11-1024x681.webp.webp?fit=1024%2C681&ssl=1&resize=700%2C400 2x"},"classes":[]},{"id":90124,"url":"https:\/\/noticiasribeiraopreto.com.br\/index.php\/2026\/08\/17\/anvisa-aprova-1o-generico-de-caneta-de-semaglutida-no-brasil\/","url_meta":{"origin":90757,"position":2},"title":"Anvisa aprova 1\u00ba gen\u00e9rico de caneta de semaglutida no Brasil","author":"noticiasribeiraopreto.com.br","date":"17 de August de 2026","format":false,"excerpt":"A Anvisa (Ag\u00eancia Nacional de Vigil\u00e2ncia Sanit\u00e1ria) aprovou dois novos medicamentos injet\u00e1veis \u00e0 base de semaglutida obtida por via sint\u00e9tica, incluindo o primeiro gen\u00e9rico do Pa\u00eds. Os registros foram publicados no DOU (Di\u00e1rio Oficial da Uni\u00e3o) desta segunda (17). Receba not\u00edcias do\u00a0acidade on Ribeir\u00e3o\u00a0no WhatsApp e fique por dentro de\u2026","rel":"","context":"In &quot;Not\u00edcias de Ribeir\u00e3o Preto-SP e Regi\u00e3o&quot;","block_context":{"text":"Not\u00edcias de Ribeir\u00e3o Preto-SP e Regi\u00e3o","link":"https:\/\/noticiasribeiraopreto.com.br\/index.php\/category\/noticias-de-ribeirao-preto-sp-e-regiao-ismael-colosi\/"},"img":{"alt_text":"","src":"https:\/\/i0.wp.com\/noticiasribeiraopreto.com.br\/wp-content\/uploads\/2026\/08\/caneta-emagracedora_2026-01-21_17-17-22.webp.webp?fit=1200%2C800&ssl=1&resize=350%2C200","width":350,"height":200,"srcset":"https:\/\/i0.wp.com\/noticiasribeiraopreto.com.br\/wp-content\/uploads\/2026\/08\/caneta-emagracedora_2026-01-21_17-17-22.webp.webp?fit=1200%2C800&ssl=1&resize=350%2C200 1x, https:\/\/i0.wp.com\/noticiasribeiraopreto.com.br\/wp-content\/uploads\/2026\/08\/caneta-emagracedora_2026-01-21_17-17-22.webp.webp?fit=1200%2C800&ssl=1&resize=525%2C300 1.5x, https:\/\/i0.wp.com\/noticiasribeiraopreto.com.br\/wp-content\/uploads\/2026\/08\/caneta-emagracedora_2026-01-21_17-17-22.webp.webp?fit=1200%2C800&ssl=1&resize=700%2C400 2x, https:\/\/i0.wp.com\/noticiasribeiraopreto.com.br\/wp-content\/uploads\/2026\/08\/caneta-emagracedora_2026-01-21_17-17-22.webp.webp?fit=1200%2C800&ssl=1&resize=1050%2C600 3x"},"classes":[]},{"id":67658,"url":"https:\/\/noticiasribeiraopreto.com.br\/index.php\/2025\/04\/16\/anvisa-restringe-venda-de-canetas-emagrecedoras-veja-o-que-muda\/","url_meta":{"origin":90757,"position":3},"title":"Anvisa restringe venda de canetas emagrecedoras; veja o que muda","author":"noticiasribeiraopreto.com.br","date":"16 de April de 2025","format":false,"excerpt":"Nesta quarta-feira (16), a Diretoria Colegiada da Anvisa aprovou novas regras para a prescri\u00e7\u00e3o e a dispensa\u00e7\u00e3o de medicamentos agonistas do receptor GLP-1. Com a nova medida, se torna obrigat\u00f3ria a reten\u00e7\u00e3o de receita m\u00e9dica para a venda desses medicamentos. Entre os medicamentos afetados est\u00e3o semaglutida, liraglutida, dulaglutida, exenatida, tirzepatida\u2026","rel":"","context":"In &quot;Not\u00edcias de Ribeir\u00e3o Preto-SP e Regi\u00e3o&quot;","block_context":{"text":"Not\u00edcias de Ribeir\u00e3o Preto-SP e Regi\u00e3o","link":"https:\/\/noticiasribeiraopreto.com.br\/index.php\/category\/noticias-de-ribeirao-preto-sp-e-regiao-ismael-colosi\/"},"img":{"alt_text":"","src":"https:\/\/i0.wp.com\/noticiasribeiraopreto.com.br\/wp-content\/uploads\/2025\/04\/high-angle-diabetic-woman-checking-her-glucose-level_2025-04-16_23-31-08_jpg_2025-04-16_23-31-11-scaled.webp.webp?fit=1200%2C798&ssl=1&resize=350%2C200","width":350,"height":200,"srcset":"https:\/\/i0.wp.com\/noticiasribeiraopreto.com.br\/wp-content\/uploads\/2025\/04\/high-angle-diabetic-woman-checking-her-glucose-level_2025-04-16_23-31-08_jpg_2025-04-16_23-31-11-scaled.webp.webp?fit=1200%2C798&ssl=1&resize=350%2C200 1x, https:\/\/i0.wp.com\/noticiasribeiraopreto.com.br\/wp-content\/uploads\/2025\/04\/high-angle-diabetic-woman-checking-her-glucose-level_2025-04-16_23-31-08_jpg_2025-04-16_23-31-11-scaled.webp.webp?fit=1200%2C798&ssl=1&resize=525%2C300 1.5x, https:\/\/i0.wp.com\/noticiasribeiraopreto.com.br\/wp-content\/uploads\/2025\/04\/high-angle-diabetic-woman-checking-her-glucose-level_2025-04-16_23-31-08_jpg_2025-04-16_23-31-11-scaled.webp.webp?fit=1200%2C798&ssl=1&resize=700%2C400 2x, https:\/\/i0.wp.com\/noticiasribeiraopreto.com.br\/wp-content\/uploads\/2025\/04\/high-angle-diabetic-woman-checking-her-glucose-level_2025-04-16_23-31-08_jpg_2025-04-16_23-31-11-scaled.webp.webp?fit=1200%2C798&ssl=1&resize=1050%2C600 3x"},"classes":[]},{"id":84181,"url":"https:\/\/noticiasribeiraopreto.com.br\/index.php\/2026\/04\/03\/o-que-se-sabe-sobre-o-esquema-ilegal-de-canetas-emagrecedoras-no-interior-de-sp\/","url_meta":{"origin":90757,"position":4},"title":"O que se sabe sobre o esquema ilegal de canetas emagrecedoras no interior de SP","author":"noticiasribeiraopreto.com.br","date":"3 de April de 2026","format":false,"excerpt":"Ler o resumo da not\u00edcia O que se sabe sobre o esquema ilegal de canetas emagrecedoras no interior de SP Duas cl\u00ednicas investigadas por aplica\u00e7\u00e3o irregular de canetas emagrecedoras em Monte Alto, no interior de S\u00e3o Paulo, atuavam de forma conjunta e faziam indica\u00e7\u00e3o m\u00fatua de clientes, segundo a Pol\u00edcia\u2026","rel":"","context":"In &quot;Not\u00edcias de Ribeir\u00e3o Preto-SP e Regi\u00e3o&quot;","block_context":{"text":"Not\u00edcias de Ribeir\u00e3o Preto-SP e Regi\u00e3o","link":"https:\/\/noticiasribeiraopreto.com.br\/index.php\/category\/noticias-de-ribeirao-preto-sp-e-regiao-ismael-colosi\/"},"img":{"alt_text":"","src":"https:\/\/i0.wp.com\/noticiasribeiraopreto.com.br\/wp-content\/uploads\/2026\/04\/palace-2026-04-03T131819.934_2026-04-03_16-18-31.webp.webp?fit=1200%2C675&ssl=1&resize=350%2C200","width":350,"height":200,"srcset":"https:\/\/i0.wp.com\/noticiasribeiraopreto.com.br\/wp-content\/uploads\/2026\/04\/palace-2026-04-03T131819.934_2026-04-03_16-18-31.webp.webp?fit=1200%2C675&ssl=1&resize=350%2C200 1x, https:\/\/i0.wp.com\/noticiasribeiraopreto.com.br\/wp-content\/uploads\/2026\/04\/palace-2026-04-03T131819.934_2026-04-03_16-18-31.webp.webp?fit=1200%2C675&ssl=1&resize=525%2C300 1.5x, https:\/\/i0.wp.com\/noticiasribeiraopreto.com.br\/wp-content\/uploads\/2026\/04\/palace-2026-04-03T131819.934_2026-04-03_16-18-31.webp.webp?fit=1200%2C675&ssl=1&resize=700%2C400 2x, https:\/\/i0.wp.com\/noticiasribeiraopreto.com.br\/wp-content\/uploads\/2026\/04\/palace-2026-04-03T131819.934_2026-04-03_16-18-31.webp.webp?fit=1200%2C675&ssl=1&resize=1050%2C600 3x"},"classes":[]},{"id":84447,"url":"https:\/\/noticiasribeiraopreto.com.br\/index.php\/2026\/04\/09\/canetas-emagrecedoras-sao-apreendidas-em-apartamento-de-alto-padrao-em-ribeirao-preto\/","url_meta":{"origin":90757,"position":5},"title":"Canetas emagrecedoras s\u00e3o apreendidas em apartamento de alto padr\u00e3o em Ribeir\u00e3o Preto","author":"noticiasribeiraopreto.com.br","date":"9 de April de 2026","format":false,"excerpt":"Ler o resumo da not\u00edcia Pol\u00edcia Civil apreendeu canetas emagrecedoras e cigarros eletr\u00f4nicos em apartamento de alto padr\u00e3o na zona Sul de Ribeir\u00e3o Preto. Um empres\u00e1rio de 46 anos foi preso em flagrante na manh\u00e3 desta quinta-feira (9). As canetas s\u00e3o provenientes do Paraguai e s\u00e3o proibidas no Brasil por\u2026","rel":"","context":"In &quot;Not\u00edcias de Ribeir\u00e3o Preto-SP e Regi\u00e3o&quot;","block_context":{"text":"Not\u00edcias de Ribeir\u00e3o Preto-SP e Regi\u00e3o","link":"https:\/\/noticiasribeiraopreto.com.br\/index.php\/category\/noticias-de-ribeirao-preto-sp-e-regiao-ismael-colosi\/"},"img":{"alt_text":"","src":"https:\/\/i0.wp.com\/noticiasribeiraopreto.com.br\/wp-content\/uploads\/2026\/04\/apreensao-canetas_2026-04-09_16-54-24.webp.webp?fit=1200%2C903&ssl=1&resize=350%2C200","width":350,"height":200,"srcset":"https:\/\/i0.wp.com\/noticiasribeiraopreto.com.br\/wp-content\/uploads\/2026\/04\/apreensao-canetas_2026-04-09_16-54-24.webp.webp?fit=1200%2C903&ssl=1&resize=350%2C200 1x, https:\/\/i0.wp.com\/noticiasribeiraopreto.com.br\/wp-content\/uploads\/2026\/04\/apreensao-canetas_2026-04-09_16-54-24.webp.webp?fit=1200%2C903&ssl=1&resize=525%2C300 1.5x, https:\/\/i0.wp.com\/noticiasribeiraopreto.com.br\/wp-content\/uploads\/2026\/04\/apreensao-canetas_2026-04-09_16-54-24.webp.webp?fit=1200%2C903&ssl=1&resize=700%2C400 2x, https:\/\/i0.wp.com\/noticiasribeiraopreto.com.br\/wp-content\/uploads\/2026\/04\/apreensao-canetas_2026-04-09_16-54-24.webp.webp?fit=1200%2C903&ssl=1&resize=1050%2C600 3x"},"classes":[]}],"jetpack_sharing_enabled":true,"jetpack_shortlink":"https:\/\/wp.me\/peQAOb-nBP","jetpack_featured_media_url":"https:\/\/i0.wp.com\/noticiasribeiraopreto.com.br\/wp-content\/uploads\/2026\/08\/1-1-scaled.jpg?fit=1200%2C692&ssl=1","_links":{"self":[{"href":"https:\/\/noticiasribeiraopreto.com.br\/index.php\/wp-json\/wp\/v2\/posts\/90757","targetHints":{"allow":["GET"]}}],"collection":[{"href":"https:\/\/noticiasribeiraopreto.com.br\/index.php\/wp-json\/wp\/v2\/posts"}],"about":[{"href":"https:\/\/noticiasribeiraopreto.com.br\/index.php\/wp-json\/wp\/v2\/types\/post"}],"author":[{"embeddable":true,"href":"https:\/\/noticiasribeiraopreto.com.br\/index.php\/wp-json\/wp\/v2\/users\/1"}],"replies":[{"embeddable":true,"href":"https:\/\/noticiasribeiraopreto.com.br\/index.php\/wp-json\/wp\/v2\/comments?post=90757"}],"version-history":[{"count":0,"href":"https:\/\/noticiasribeiraopreto.com.br\/index.php\/wp-json\/wp\/v2\/posts\/90757\/revisions"}],"wp:featuredmedia":[{"embeddable":true,"href":"https:\/\/noticiasribeiraopreto.com.br\/index.php\/wp-json\/wp\/v2\/media\/90758"}],"wp:attachment":[{"href":"https:\/\/noticiasribeiraopreto.com.br\/index.php\/wp-json\/wp\/v2\/media?parent=90757"}],"wp:term":[{"taxonomy":"category","embeddable":true,"href":"https:\/\/noticiasribeiraopreto.com.br\/index.php\/wp-json\/wp\/v2\/categories?post=90757"},{"taxonomy":"post_tag","embeddable":true,"href":"https:\/\/noticiasribeiraopreto.com.br\/index.php\/wp-json\/wp\/v2\/tags?post=90757"}],"curies":[{"name":"wp","href":"https:\/\/api.w.org\/{rel}","templated":true}]}}