{"id":90759,"date":"2026-08-31T00:29:07","date_gmt":"2026-08-31T03:29:07","guid":{"rendered":"https:\/\/noticiasribeiraopreto.com.br\/index.php\/2026\/08\/31\/video-caminhonete-em-alta-velocidade-atinge-carro-estacionado\/"},"modified":"2026-08-31T00:29:07","modified_gmt":"2026-08-31T03:29:07","slug":"video-caminhonete-em-alta-velocidade-atinge-carro-estacionado","status":"publish","type":"post","link":"https:\/\/noticiasribeiraopreto.com.br\/index.php\/2026\/08\/31\/video-caminhonete-em-alta-velocidade-atinge-carro-estacionado\/","title":{"rendered":"V\u00cdDEO: Caminhonete em alta velocidade atinge carro estacionado"},"content":{"rendered":"<div class='code-block code-block-1' style='margin: 8px 0 8px auto; text-align: right; display: block; clear: both;'>\n<p><a href=\"https:\/\/wa.link\/vpicfd\"><img data-recalc-dims=\"1\" class=\"wp-image-4922\" style=\"aspect-ratio: 2.0253164556962027; width: 561px; height: auto;\" src=\"https:\/\/i0.wp.com\/ismaelcolosi.com.br\/wp-content\/uploads\/2023\/11\/grupo-de-empregos-whatsapp-e-facebook-ismael-colosi-vagas.jpg?ssl=1\" alt=\"\" \/><\/a><\/p>\n<!-- \/wp:image -->\n<\/div>\n<p> <br \/>\n<\/p>\n<p>Uma caminhonete em alta velocidade atingiu um carro estacionado na manh\u00e3 deste domingo (29), em Batatais, na regi\u00e3o de Ribeir\u00e3o Preto. C\u00e2meras de seguran\u00e7a registraram os momentos antes e durante a colis\u00e3o (<em>veja no v\u00eddeo abaixo<\/em>).<\/p>\n<figure class=\"wp-block-video\"><video height=\"448\" width=\"640\" controls src=\"https:\/\/www.acidadeon.com\/ribeiraopreto\/wp-content\/uploads\/sites\/3\/2026\/08\/WhatsApp-Video-2026-08-30-at-13.42.28.mp4\"><\/video><\/figure>\n<h2 class=\"wp-block-heading\">Momentos antes da batida<\/h2>\n<p>As imagens mostram que, minutos antes da batida, o motorista da caminhonete parou ao lado do carro estacionado e parecia conversar com o outro condutor.<\/p>\n<p>Pouco depois, a caminhonete segue pela via e atinge o carro.<\/p>\n<div class=\"wp-block-image\">\n<figure class=\"aligncenter size-large\"><img data-recalc-dims=\"1\" loading=\"lazy\" decoding=\"async\" width=\"1024\" height=\"576\" src=\"https:\/\/i0.wp.com\/www.acidadeon.com\/ribeiraopreto\/wp-content\/uploads\/sites\/3\/2026\/08\/acidente-batatais-1024x576.jpg?resize=1024%2C576&#038;ssl=1\" alt=\"caminhonete\n\" class=\"wp-image-172989\" title=\"V\u00cdDEO: Caminhonete em alta velocidade atinge carro estacionado 4\"><\/figure>\n<\/div>\n<p>Nenhum dos envolvidos teve a identidade divulgada at\u00e9 a \u00faltima atualiza\u00e7\u00e3o desta reportagem.<\/p>\n<p class=\"has-text-align-center\"><em>Receba not\u00edcias do\u00a0<strong>acidade on Ribeir\u00e3o\u00a0<\/strong>no WhatsApp e fique por dentro de tudo! Basta acessar o link<a href=\"https:\/\/chat.whatsapp.com\/DfXwcjKVIddHUT3BvnQuPZ?mode=hqctshi\" target=\"_blank\" rel=\"noreferrer noopener\">\u00a0aqui<\/a>!<\/em><\/p>\n<h2 class=\"wp-block-heading\">Motorista recusou baf\u00f4metro<\/h2>\n<p>\u00c0 Pol\u00edcia Militar, o motorista da caminhonete informou que perdeu o controle da dire\u00e7\u00e3o antes de atingir o ve\u00edculo estacionado. Ele se recusou a fazer o teste do baf\u00f4metro.<\/p>\n<p>J\u00e1 o propriet\u00e1rio do carro informou aos policiais que estava em casa, dormindo, no momento da batida.<\/p>\n<div class=\"wp-block-image\">\n<figure class=\"aligncenter size-full\"><figcaption class=\"wp-element-caption\">Foto: C\u00e2mera de seguran\u00e7a<\/figcaption><\/figure>\n<\/div>\n<p>A Pol\u00edcia Militar registrou um boletim de ocorr\u00eancia como acidente de tr\u00e2nsito sem v\u00edtima.<\/p>\n<div class=\"wp-block-image\">\n<figure class=\"aligncenter size-full\"><img data-recalc-dims=\"1\" loading=\"lazy\" decoding=\"async\" width=\"637\" height=\"367\" src=\"https:\/\/i0.wp.com\/www.acidadeon.com\/ribeiraopreto\/wp-content\/uploads\/sites\/3\/2026\/08\/image-194.png?resize=637%2C367&#038;ssl=1\" alt=\"image 194\" class=\"wp-image-172993\" title=\"V\u00cdDEO: Caminhonete em alta velocidade atinge carro estacionado 6\"><figcaption class=\"wp-element-caption\">Foto: C\u00e2mera de seguran\u00e7a<\/figcaption><\/figure>\n<\/div>\n<p class=\"has-text-align-center\"><em>Fa\u00e7a uma den\u00fancia ou sugira uma reportagem sobre\u00a0<strong>Ribeir\u00e3o Preto\u00a0<\/strong>e regi\u00e3o por meio do WhatsApp do\u00a0<strong>acidade on Ribeir\u00e3o<\/strong>: (16) 99117-7802.<\/em><\/p>\n<\/p>\n<p>O post V\u00cdDEO: Caminhonete em alta velocidade atinge carro estacionado apareceu primeiro em ACidade ON Ribeir\u00e3o Preto.<\/p>\n<p><br \/>\n<br \/><a href=\"https:\/\/www.acidadeon.com\/ribeiraopreto\/cotidiano\/video-caminhonete-em-alta-velocidade-atinge-carro-estacionado\/\">Link para o texto original aqui <\/a><\/p>\n<!-- CONTENT END 1 -->\n","protected":false},"excerpt":{"rendered":"<p>Uma caminhonete em alta velocidade atingiu um carro estacionado na manh\u00e3 deste domingo (29), em Batatais, na regi\u00e3o de Ribeir\u00e3o Preto. C\u00e2meras de seguran\u00e7a registraram&#8230;<\/p>\n","protected":false},"author":1,"featured_media":90760,"comment_status":"","ping_status":"","sticky":false,"template":"","format":"standard","meta":{"advanced_seo_description":"","jetpack_seo_html_title":"","jetpack_seo_noindex":false,"jetpack_seo_schema_type":"","_jetpack_newsletter_access":"","_jetpack_dont_email_post_to_subs":false,"_jetpack_newsletter_tier_id":0,"_jetpack_memberships_contains_paywalled_content":false,"_jetpack_feature_clip_id":0,"_jetpack_memberships_contains_paid_content":false,"footnotes":"","jetpack_publicize_message":"","jetpack_publicize_feature_enabled":true,"jetpack_social_post_already_shared":true,"jetpack_social_options":{"image_generator_settings":{"template":"highway","default_image_id":0,"font":"","enabled":false},"version":2},"jetpack_post_was_ever_published":false},"categories":[11],"tags":[898,66,2035,295,663,3094,67],"class_list":["post-90759","post","type-post","status-publish","format-standard","has-post-thumbnail","hentry","category-noticias-de-ribeirao-preto-sp-e-regiao-ismael-colosi","tag-alta","tag-atinge","tag-caminhonete","tag-carro","tag-estacionado","tag-velocidade","tag-video"],"jetpack_publicize_connections":[],"jetpack-related-posts":[{"id":86833,"url":"https:\/\/noticiasribeiraopreto.com.br\/index.php\/2026\/06\/22\/motorista-na-contramao-bate-em-dois-carros-estacionados-em-ribeirao-preto\/","url_meta":{"origin":90759,"position":0},"title":"Motorista na contram\u00e3o bate em dois carros estacionados em Ribeir\u00e3o Preto","author":"noticiasribeiraopreto.com.br","date":"22 de June de 2026","format":false,"excerpt":"C\u00e2meras de seguran\u00e7a registraram o momento em que o motorista de um carro seguia pela contram\u00e3o na rua Sergipe, no bairro Campos El\u00edsios, zona Norte de Ribeir\u00e3o Preto, quando atingiu dois ve\u00edculos que estavam estacionados na tarde deste domingo (21). Nas imagens \u00e9 poss\u00edvel ver o condutor descendo a via\u2026","rel":"","context":"In &quot;Not\u00edcias de Ribeir\u00e3o Preto-SP e Regi\u00e3o&quot;","block_context":{"text":"Not\u00edcias de Ribeir\u00e3o Preto-SP e Regi\u00e3o","link":"https:\/\/noticiasribeiraopreto.com.br\/index.php\/category\/noticias-de-ribeirao-preto-sp-e-regiao-ismael-colosi\/"},"img":{"alt_text":"","src":"https:\/\/i0.wp.com\/noticiasribeiraopreto.com.br\/wp-content\/uploads\/2026\/06\/carro-contramao-3_2026-06-22_16-48-57.webp.webp?fit=1200%2C675&ssl=1&resize=350%2C200","width":350,"height":200,"srcset":"https:\/\/i0.wp.com\/noticiasribeiraopreto.com.br\/wp-content\/uploads\/2026\/06\/carro-contramao-3_2026-06-22_16-48-57.webp.webp?fit=1200%2C675&ssl=1&resize=350%2C200 1x, https:\/\/i0.wp.com\/noticiasribeiraopreto.com.br\/wp-content\/uploads\/2026\/06\/carro-contramao-3_2026-06-22_16-48-57.webp.webp?fit=1200%2C675&ssl=1&resize=525%2C300 1.5x, https:\/\/i0.wp.com\/noticiasribeiraopreto.com.br\/wp-content\/uploads\/2026\/06\/carro-contramao-3_2026-06-22_16-48-57.webp.webp?fit=1200%2C675&ssl=1&resize=700%2C400 2x, https:\/\/i0.wp.com\/noticiasribeiraopreto.com.br\/wp-content\/uploads\/2026\/06\/carro-contramao-3_2026-06-22_16-48-57.webp.webp?fit=1200%2C675&ssl=1&resize=1050%2C600 3x"},"classes":[]},{"id":87148,"url":"https:\/\/noticiasribeiraopreto.com.br\/index.php\/2026\/06\/28\/motorista-bate-caminhonete-em-muro-de-condominio-e-estrutura-cai-sobre-cinco-carros\/","url_meta":{"origin":90759,"position":1},"title":"Motorista bate caminhonete em muro de condom\u00ednio e estrutura cai sobre cinco carros","author":"noticiasribeiraopreto.com.br","date":"28 de June de 2026","format":false,"excerpt":"Um motorista de 51 anos se envolveu em um acidente de tr\u00e2nsito e bateu uma caminhonete contra o muro de um condom\u00ednio na noite deste s\u00e1bado (27), no Jardim Nova Alian\u00e7a Sul, zona Sul de Ribeir\u00e3o Preto. Com a for\u00e7a do impacto, a estrutura desabou e atingiu cinco ve\u00edculos que\u2026","rel":"","context":"In &quot;Not\u00edcias de Ribeir\u00e3o Preto-SP e Regi\u00e3o&quot;","block_context":{"text":"Not\u00edcias de Ribeir\u00e3o Preto-SP e Regi\u00e3o","link":"https:\/\/noticiasribeiraopreto.com.br\/index.php\/category\/noticias-de-ribeirao-preto-sp-e-regiao-ismael-colosi\/"},"img":{"alt_text":"","src":"https:\/\/i0.wp.com\/noticiasribeiraopreto.com.br\/wp-content\/uploads\/2026\/06\/acidente-ribeirao_2026-06-28_19-11-14.webp.webp?fit=1200%2C675&ssl=1&resize=350%2C200","width":350,"height":200,"srcset":"https:\/\/i0.wp.com\/noticiasribeiraopreto.com.br\/wp-content\/uploads\/2026\/06\/acidente-ribeirao_2026-06-28_19-11-14.webp.webp?fit=1200%2C675&ssl=1&resize=350%2C200 1x, https:\/\/i0.wp.com\/noticiasribeiraopreto.com.br\/wp-content\/uploads\/2026\/06\/acidente-ribeirao_2026-06-28_19-11-14.webp.webp?fit=1200%2C675&ssl=1&resize=525%2C300 1.5x, https:\/\/i0.wp.com\/noticiasribeiraopreto.com.br\/wp-content\/uploads\/2026\/06\/acidente-ribeirao_2026-06-28_19-11-14.webp.webp?fit=1200%2C675&ssl=1&resize=700%2C400 2x, https:\/\/i0.wp.com\/noticiasribeiraopreto.com.br\/wp-content\/uploads\/2026\/06\/acidente-ribeirao_2026-06-28_19-11-14.webp.webp?fit=1200%2C675&ssl=1&resize=1050%2C600 3x"},"classes":[]},{"id":87165,"url":"https:\/\/noticiasribeiraopreto.com.br\/index.php\/2026\/06\/29\/motorista-e-preso-por-embriaguez-apos-batida-que-deixou-um-morto\/","url_meta":{"origin":90759,"position":2},"title":"Motorista \u00e9 preso por embriaguez ap\u00f3s batida que deixou um morto","author":"noticiasribeiraopreto.com.br","date":"29 de June de 2026","format":false,"excerpt":"Ver essa foto no Instagram Um post compartilhado por acidade on Ribeir\u00e3o (@acidadeonribeirao) Um motorista morreu depois da batida entre dois carros na noite deste domingo (28), na vicinal Jos\u00e9 Jorge Diniz Junqueira, entre Morro Agudo a S\u00e3o Joaquim da Barra, na regi\u00e3o de Ribeir\u00e3o Preto. O condutor do outro\u2026","rel":"","context":"In &quot;Not\u00edcias de Ribeir\u00e3o Preto-SP e Regi\u00e3o&quot;","block_context":{"text":"Not\u00edcias de Ribeir\u00e3o Preto-SP e Regi\u00e3o","link":"https:\/\/noticiasribeiraopreto.com.br\/index.php\/category\/noticias-de-ribeirao-preto-sp-e-regiao-ismael-colosi\/"},"img":{"alt_text":"","src":"https:\/\/i0.wp.com\/noticiasribeiraopreto.com.br\/wp-content\/uploads\/2026\/06\/acidente_2026-06-29_11-10-38.webp.webp?fit=1200%2C941&ssl=1&resize=350%2C200","width":350,"height":200,"srcset":"https:\/\/i0.wp.com\/noticiasribeiraopreto.com.br\/wp-content\/uploads\/2026\/06\/acidente_2026-06-29_11-10-38.webp.webp?fit=1200%2C941&ssl=1&resize=350%2C200 1x, https:\/\/i0.wp.com\/noticiasribeiraopreto.com.br\/wp-content\/uploads\/2026\/06\/acidente_2026-06-29_11-10-38.webp.webp?fit=1200%2C941&ssl=1&resize=525%2C300 1.5x, https:\/\/i0.wp.com\/noticiasribeiraopreto.com.br\/wp-content\/uploads\/2026\/06\/acidente_2026-06-29_11-10-38.webp.webp?fit=1200%2C941&ssl=1&resize=700%2C400 2x, https:\/\/i0.wp.com\/noticiasribeiraopreto.com.br\/wp-content\/uploads\/2026\/06\/acidente_2026-06-29_11-10-38.webp.webp?fit=1200%2C941&ssl=1&resize=1050%2C600 3x"},"classes":[]},{"id":87246,"url":"https:\/\/noticiasribeiraopreto.com.br\/index.php\/2026\/06\/30\/carro-estacionado-tomba-apos-ser-atingido-por-outro-veiculo-video\/","url_meta":{"origin":90759,"position":3},"title":"Carro estacionado tomba ap\u00f3s ser atingido por outro ve\u00edculo; V\u00eddeo","author":"noticiasribeiraopreto.com.br","date":"30 de June de 2026","format":false,"excerpt":"Um carro estacionado tombou ap\u00f3s ser atingido por outro ve\u00edculo na manh\u00e3 desta ter\u00e7a-feira (30), na rua Madre Rita, no Jardim Consola\u00e7\u00e3o, em Franca, cidade a cerca de 90 quil\u00f4metros de Ribeir\u00e3o Preto. O caso foi registrado por c\u00e2meras de seguran\u00e7a \u2013 veja abaixo. Nas imagens \u00e9 poss\u00edvel ver que\u2026","rel":"","context":"In &quot;Not\u00edcias de Ribeir\u00e3o Preto-SP e Regi\u00e3o&quot;","block_context":{"text":"Not\u00edcias de Ribeir\u00e3o Preto-SP e Regi\u00e3o","link":"https:\/\/noticiasribeiraopreto.com.br\/index.php\/category\/noticias-de-ribeirao-preto-sp-e-regiao-ismael-colosi\/"},"img":{"alt_text":"","src":"https:\/\/i0.wp.com\/noticiasribeiraopreto.com.br\/wp-content\/uploads\/2026\/06\/agenda-cultural_2026-06-30_15-09-09.webp.webp?fit=1200%2C675&ssl=1&resize=350%2C200","width":350,"height":200,"srcset":"https:\/\/i0.wp.com\/noticiasribeiraopreto.com.br\/wp-content\/uploads\/2026\/06\/agenda-cultural_2026-06-30_15-09-09.webp.webp?fit=1200%2C675&ssl=1&resize=350%2C200 1x, https:\/\/i0.wp.com\/noticiasribeiraopreto.com.br\/wp-content\/uploads\/2026\/06\/agenda-cultural_2026-06-30_15-09-09.webp.webp?fit=1200%2C675&ssl=1&resize=525%2C300 1.5x, https:\/\/i0.wp.com\/noticiasribeiraopreto.com.br\/wp-content\/uploads\/2026\/06\/agenda-cultural_2026-06-30_15-09-09.webp.webp?fit=1200%2C675&ssl=1&resize=700%2C400 2x, https:\/\/i0.wp.com\/noticiasribeiraopreto.com.br\/wp-content\/uploads\/2026\/06\/agenda-cultural_2026-06-30_15-09-09.webp.webp?fit=1200%2C675&ssl=1&resize=1050%2C600 3x"},"classes":[]},{"id":87175,"url":"https:\/\/noticiasribeiraopreto.com.br\/index.php\/2026\/06\/29\/motociclista-fica-ferido-apos-batida-entre-moto-e-carro-em-rotatoria-de-ribeirao-preto\/","url_meta":{"origin":90759,"position":4},"title":"Motociclista fica ferido ap\u00f3s batida entre moto e carro em rotat\u00f3ria de Ribeir\u00e3o Preto","author":"noticiasribeiraopreto.com.br","date":"29 de June de 2026","format":false,"excerpt":"Ver essa foto no Instagram Um post compartilhado por acidade on Ribeir\u00e3o (@acidadeonribeirao) Um motociclista de 40 anos foi socorrido na manh\u00e3 desta segunda-feira (29), ap\u00f3s se envolver em uma batida com um carro na rotat\u00f3ria das avenidas Cost\u00e1bile Romano e Le\u00e3o XIII, na Ribeir\u00e2nia, zona Leste de Ribeir\u00e3o Preto.\u2026","rel":"","context":"In &quot;Not\u00edcias de Ribeir\u00e3o Preto-SP e Regi\u00e3o&quot;","block_context":{"text":"Not\u00edcias de Ribeir\u00e3o Preto-SP e Regi\u00e3o","link":"https:\/\/noticiasribeiraopreto.com.br\/index.php\/category\/noticias-de-ribeirao-preto-sp-e-regiao-ismael-colosi\/"},"img":{"alt_text":"","src":"https:\/\/i0.wp.com\/noticiasribeiraopreto.com.br\/wp-content\/uploads\/2026\/06\/acidente_2026-06-29_12-07-29.webp.webp?fit=1200%2C891&ssl=1&resize=350%2C200","width":350,"height":200,"srcset":"https:\/\/i0.wp.com\/noticiasribeiraopreto.com.br\/wp-content\/uploads\/2026\/06\/acidente_2026-06-29_12-07-29.webp.webp?fit=1200%2C891&ssl=1&resize=350%2C200 1x, https:\/\/i0.wp.com\/noticiasribeiraopreto.com.br\/wp-content\/uploads\/2026\/06\/acidente_2026-06-29_12-07-29.webp.webp?fit=1200%2C891&ssl=1&resize=525%2C300 1.5x, https:\/\/i0.wp.com\/noticiasribeiraopreto.com.br\/wp-content\/uploads\/2026\/06\/acidente_2026-06-29_12-07-29.webp.webp?fit=1200%2C891&ssl=1&resize=700%2C400 2x, https:\/\/i0.wp.com\/noticiasribeiraopreto.com.br\/wp-content\/uploads\/2026\/06\/acidente_2026-06-29_12-07-29.webp.webp?fit=1200%2C891&ssl=1&resize=1050%2C600 3x"},"classes":[]},{"id":66405,"url":"https:\/\/noticiasribeiraopreto.com.br\/index.php\/2025\/03\/31\/arvore-cai-e-atinge-carro-estacionado-em-ribeirao-preto-veja-video\/","url_meta":{"origin":90759,"position":5},"title":"\u00c1rvore cai e atinge carro estacionado em Ribeir\u00e3o Preto; Veja v\u00eddeo","author":"noticiasribeiraopreto.com.br","date":"31 de March de 2025","format":false,"excerpt":"Na tarde desta segunda-feira (31), uma \u00e1rvore caiu sobre um carro estacionado em frente a uma escola, localizada no Jardim Paulista, zona Leste de Ribeir\u00e3o Preto. O incidente ocorreu enquanto Ione Uzun, propriet\u00e1ria do ve\u00edculo, aguardava o neto sair da escola. Ela havia acabado de sair do carro quando a\u2026","rel":"","context":"In &quot;Not\u00edcias de Ribeir\u00e3o Preto-SP e Regi\u00e3o&quot;","block_context":{"text":"Not\u00edcias de Ribeir\u00e3o Preto-SP e Regi\u00e3o","link":"https:\/\/noticiasribeiraopreto.com.br\/index.php\/category\/noticias-de-ribeirao-preto-sp-e-regiao-ismael-colosi\/"},"img":{"alt_text":"","src":"https:\/\/i0.wp.com\/noticiasribeiraopreto.com.br\/wp-content\/uploads\/2025\/03\/Copia-de-Copia-de-Copia-de-TAMANHO-EXATO-PARA-FOTOS-NO-SISTEMA-NOVO-2025-03-31T185650.110_2025-03-31_21-58-45_png_2025-03-31_21-58-45.webp.webp?fit=1200%2C675&ssl=1&resize=350%2C200","width":350,"height":200,"srcset":"https:\/\/i0.wp.com\/noticiasribeiraopreto.com.br\/wp-content\/uploads\/2025\/03\/Copia-de-Copia-de-Copia-de-TAMANHO-EXATO-PARA-FOTOS-NO-SISTEMA-NOVO-2025-03-31T185650.110_2025-03-31_21-58-45_png_2025-03-31_21-58-45.webp.webp?fit=1200%2C675&ssl=1&resize=350%2C200 1x, https:\/\/i0.wp.com\/noticiasribeiraopreto.com.br\/wp-content\/uploads\/2025\/03\/Copia-de-Copia-de-Copia-de-TAMANHO-EXATO-PARA-FOTOS-NO-SISTEMA-NOVO-2025-03-31T185650.110_2025-03-31_21-58-45_png_2025-03-31_21-58-45.webp.webp?fit=1200%2C675&ssl=1&resize=525%2C300 1.5x, https:\/\/i0.wp.com\/noticiasribeiraopreto.com.br\/wp-content\/uploads\/2025\/03\/Copia-de-Copia-de-Copia-de-TAMANHO-EXATO-PARA-FOTOS-NO-SISTEMA-NOVO-2025-03-31T185650.110_2025-03-31_21-58-45_png_2025-03-31_21-58-45.webp.webp?fit=1200%2C675&ssl=1&resize=700%2C400 2x, https:\/\/i0.wp.com\/noticiasribeiraopreto.com.br\/wp-content\/uploads\/2025\/03\/Copia-de-Copia-de-Copia-de-TAMANHO-EXATO-PARA-FOTOS-NO-SISTEMA-NOVO-2025-03-31T185650.110_2025-03-31_21-58-45_png_2025-03-31_21-58-45.webp.webp?fit=1200%2C675&ssl=1&resize=1050%2C600 3x"},"classes":[]}],"jetpack_sharing_enabled":true,"jetpack_shortlink":"https:\/\/wp.me\/peQAOb-nBR","jetpack_featured_media_url":"https:\/\/i0.wp.com\/noticiasribeiraopreto.com.br\/wp-content\/uploads\/2026\/08\/acidente-batatais-1-1.jpg?fit=1200%2C675&ssl=1","_links":{"self":[{"href":"https:\/\/noticiasribeiraopreto.com.br\/index.php\/wp-json\/wp\/v2\/posts\/90759","targetHints":{"allow":["GET"]}}],"collection":[{"href":"https:\/\/noticiasribeiraopreto.com.br\/index.php\/wp-json\/wp\/v2\/posts"}],"about":[{"href":"https:\/\/noticiasribeiraopreto.com.br\/index.php\/wp-json\/wp\/v2\/types\/post"}],"author":[{"embeddable":true,"href":"https:\/\/noticiasribeiraopreto.com.br\/index.php\/wp-json\/wp\/v2\/users\/1"}],"replies":[{"embeddable":true,"href":"https:\/\/noticiasribeiraopreto.com.br\/index.php\/wp-json\/wp\/v2\/comments?post=90759"}],"version-history":[{"count":0,"href":"https:\/\/noticiasribeiraopreto.com.br\/index.php\/wp-json\/wp\/v2\/posts\/90759\/revisions"}],"wp:featuredmedia":[{"embeddable":true,"href":"https:\/\/noticiasribeiraopreto.com.br\/index.php\/wp-json\/wp\/v2\/media\/90760"}],"wp:attachment":[{"href":"https:\/\/noticiasribeiraopreto.com.br\/index.php\/wp-json\/wp\/v2\/media?parent=90759"}],"wp:term":[{"taxonomy":"category","embeddable":true,"href":"https:\/\/noticiasribeiraopreto.com.br\/index.php\/wp-json\/wp\/v2\/categories?post=90759"},{"taxonomy":"post_tag","embeddable":true,"href":"https:\/\/noticiasribeiraopreto.com.br\/index.php\/wp-json\/wp\/v2\/tags?post=90759"}],"curies":[{"name":"wp","href":"https:\/\/api.w.org\/{rel}","templated":true}]}}