{"id":90761,"date":"2026-08-31T00:32:36","date_gmt":"2026-08-31T03:32:36","guid":{"rendered":"https:\/\/noticiasribeiraopreto.com.br\/index.php\/2026\/08\/31\/corinthians-encara-santos-pelo-campeonato-brasileiro\/"},"modified":"2026-08-31T00:32:36","modified_gmt":"2026-08-31T03:32:36","slug":"corinthians-encara-santos-pelo-campeonato-brasileiro","status":"publish","type":"post","link":"https:\/\/noticiasribeiraopreto.com.br\/index.php\/2026\/08\/31\/corinthians-encara-santos-pelo-campeonato-brasileiro\/","title":{"rendered":"Corinthians encara Santos pelo Campeonato Brasileiro"},"content":{"rendered":"<div class='code-block code-block-1' style='margin: 8px 0 8px auto; text-align: right; display: block; clear: both;'>\n<p><a href=\"https:\/\/wa.link\/vpicfd\"><img data-recalc-dims=\"1\" class=\"wp-image-4922\" style=\"aspect-ratio: 2.0253164556962027; width: 561px; height: auto;\" src=\"https:\/\/i0.wp.com\/ismaelcolosi.com.br\/wp-content\/uploads\/2023\/11\/grupo-de-empregos-whatsapp-e-facebook-ismael-colosi-vagas.jpg?ssl=1\" alt=\"\" \/><\/a><\/p>\n<!-- \/wp:image -->\n<\/div>\n<p> <br \/>\n<\/p>\n<div>\n<p><strong><em>Por Hugo Luque<\/em><\/strong><\/p>\n<p>O Corinthians recebe o Santos neste domingo (30), \u00e0s 16h, na Neo Qu\u00edmica Arena, pela 25\u00aa rodada do Campeonato Brasileiro. Na \u201cpausa\u201d dos mata-matas, as equipes voltam a olhar para os pontos corridos, ainda que com metas distintas.<\/p>\n<p>O Tim\u00e3o iniciou a rodada na d\u00e9cima coloca\u00e7\u00e3o com 32 pontos, oito de vantagem para a zona de rebaixamento e sete atr\u00e1s do grupo de classifica\u00e7\u00e3o para a pr\u00f3xima Copa Libertadores (no momento, G-5). Neste \u201climbo\u201d, a equipe de Fernando Diniz quer finalmente assumir de vez uma das lutas \u2013 de prefer\u00eancia, a pela competi\u00e7\u00e3o continental.<\/p>\n<p>J\u00e1 eliminado da Copa do Brasil, o conjunto paulistano teve a semana cheia para trabalhar de olho no cl\u00e1ssico, ap\u00f3s derrotas consecutivas no Brasileiro para Cruzeiro e Coritiba. Entre os dois trope\u00e7os, por\u00e9m, um empate e uma vit\u00f3ria diante do Rosario Central-ARG garantiram a classifica\u00e7\u00e3o corintiana \u00e0s quartas da Libertadores.<\/p>\n<figure id=\"attachment_475466\" aria-describedby=\"caption-attachment-475466\" style=\"width: 270px\" class=\"wp-caption alignleft\"><figcaption id=\"caption-attachment-475466\" class=\"wp-caption-text\">\u00daltimas edi\u00e7\u00f5es do cl\u00e1ssico terminaram empatadas | Foto: Rodrigo Coca\/Ag. Corinthians<\/figcaption><\/figure>\n<p>\u201cO Corinthians tem de almejar sempre o m\u00e1ximo poss\u00edvel que d\u00e1 para ele. A gente perdeu dois jogos em que dever\u00edamos ter no m\u00ednimo empatado pelas coisas que aconteceram no jogo. A gente teve chance de vencer tanto um como o outro jogo. Foram duas derrotas bastante do\u00eddas, em que a gente tinha de aproveitar melhor as chances\u201d, lamentou Diniz ap\u00f3s o \u00faltimo rev\u00e9s.<\/p>\n<p>De ponto positivo, a semana sem jogos aumenta a probabilidade de refor\u00e7os importantes para o confronto deste fim de semana: Hugo Souza e Yuri Alberto. Formado pelo Santos, o atacante tem o Peixe tamb\u00e9m como sua maior v\u00edtima, com oito gols feitos, e vive fase final de recupera\u00e7\u00e3o de uma les\u00e3o muscular, enquanto o goleiro, desfalque na \u00faltima rodada por conta de um estiramento no joelho, deve voltar.<\/p>\n<p>Por outro lado, o volante Andr\u00e9 ainda trata uma les\u00e3o na coxa direita, enquanto Gabriel Paulista, Andr\u00e9 Ramalho e Matheus Bidu permanecem como d\u00favidas. Sem o suspenso Breno Bidon, um prov\u00e1vel Corinthians tem: Hugo Souza; Matheuzinho, Gustavo Henrique, Gabriel Paulista (Jo\u00e3o Pedro ou Andr\u00e9 Ramalho) e Matheus Bidu; Raniele, Carrillo e Garro; Memphis Depay, Kaio C\u00e9sar e Pedro Raul.<\/p>\n<p><strong>Santos<\/strong><\/p>\n<p>Al\u00e9m de brigar contra o rebaixamento, o Santos busca diminuir a larga vantagem hist\u00f3rica do rival no Cl\u00e1ssico Alvinegro. Em 357 encontros, foram 140 vit\u00f3rias corintianas, 113 santistas e 104 empates. Os dois jogos deste ano terminaram empatados em 1 a 1, pelo Paulist\u00e3o e pelo Brasileiro.<\/p>\n<p>No nacional, o Peixe luta para evitar o retorno \u00e0 S\u00e9rie B. A equipe do t\u00e9cnico Cuca come\u00e7ou a rodada na 14\u00aa posi\u00e7\u00e3o com 26 pontos, apenas dois de frente para o Z-4.<\/p>\n<p>Para piorar, o Alvinegro Praiano ainda divide as aten\u00e7\u00f5es com a Copa do Brasil e a Copa Sul-Americana. No torneio eliminat\u00f3rio nacional, vem de derrota acachapante por 3 a 0 em outro cl\u00e1ssico, diante do Palmeiras, pela ida das quartas de final. No continental, contudo, ainda n\u00e3o iniciou sua trajet\u00f3ria nas quartas e vem de classifica\u00e7\u00e3o sobre o Macar\u00e1-EQU.<\/p>\n<p>Embora ainda na disputa por duas ta\u00e7as, a crise santista saiu das quatro linhas e chegou aos muros do CT Rei Pel\u00e9, que foram pichados ap\u00f3s a derrota para o Verd\u00e3o.<\/p>\n<p>\u201cN\u00e3o foi uma postura digna do Santos e nem da grandeza do jogo, por isso perdemos por esse placar. Domingo, temos um cl\u00e1ssico e precisamos mudar tudo o que fizemos [contra o Palmeiras]. Depois, na quarta-feira (jogo de volta da Copa do Brasil), \u00e9 outra hist\u00f3ria. \u00c9 reconhecer que jogamos muito mal\u201d, disse o volante Willian Ar\u00e3o, que tamb\u00e9m tem atuado como zagueiro.<\/p>\n<p>Sem tempo para descansar e treinar, o Santos ao menos deve voltar a contar com Neymar. O camisa 10 foi preservado no meio de semana para n\u00e3o atuar no gramado sint\u00e9tico do Nubank Parque. J\u00e1 Gabigol come\u00e7ou no banco de reservas, mas entrou durante a partida e deve ser titular.<\/p>\n<p>Suspenso, Jo\u00e3o Schmidt est\u00e1 fora do jogo, enquanto Lucas Ver\u00edssimo, que apontou dores na casa palmeirense e foi substitu\u00eddo, \u00e9 d\u00favida. Cuca deve escalar seu time com: Braz\u00e3o; Igor Vin\u00edcius, Ar\u00e3o (Ver\u00edssimo), Luan Peres e Escobar; Bontempo, Gustavinho e Neymar; Rony, Barreal e Gabigol.<\/p>\n<div style=\"background-color: #f4f4f5; border: 1px solid #d4d4d8; padding: 15px; margin: 20px 0; border-radius: 6px; font-family: sans-serif; line-height: 1.5;\">\n    <span style=\"color: #27272a;\">Inscreva-se em nosso Canal no Whatsapp e fique por dentro de tudo que acontece na regi\u00e3o. <\/span><br \/>\n    <a href=\"https:\/\/whatsapp.com\/channel\/0029VanuE2o7z4kYjo0XVS3u\" target=\"_blank\" rel=\"noopener noreferrer\" style=\"color: #16a34a; font-weight: bold; text-decoration: underline;\">Clique Aqui!<\/a>\n<\/div>\n<\/div>\n<p><br \/>\n<br \/><a href=\"https:\/\/www.tribunaribeirao.com.br\/corinthians-encara-santos-pelo-campeonato-brasileiro\/\">Texto original daqui <\/a><\/p>\n<!-- CONTENT END 1 -->\n","protected":false},"excerpt":{"rendered":"<p>Por Hugo Luque O Corinthians recebe o Santos neste domingo (30), \u00e0s 16h, na Neo Qu\u00edmica Arena, pela 25\u00aa rodada do Campeonato Brasileiro. Na \u201cpausa\u201d&#8230;<\/p>\n","protected":false},"author":1,"featured_media":90762,"comment_status":"","ping_status":"","sticky":false,"template":"","format":"standard","meta":{"advanced_seo_description":"","jetpack_seo_html_title":"","jetpack_seo_noindex":false,"jetpack_seo_schema_type":"","_jetpack_newsletter_access":"","_jetpack_dont_email_post_to_subs":false,"_jetpack_newsletter_tier_id":0,"_jetpack_memberships_contains_paywalled_content":false,"_jetpack_feature_clip_id":0,"_jetpack_memberships_contains_paid_content":false,"footnotes":"","jetpack_publicize_message":"","jetpack_publicize_feature_enabled":true,"jetpack_social_post_already_shared":true,"jetpack_social_options":{"image_generator_settings":{"template":"highway","default_image_id":0,"font":"","enabled":false},"version":2},"jetpack_post_was_ever_published":false},"categories":[11],"tags":[484,483,1723,1784,885,1349],"class_list":["post-90761","post","type-post","status-publish","format-standard","has-post-thumbnail","hentry","category-noticias-de-ribeirao-preto-sp-e-regiao-ismael-colosi","tag-brasileiro","tag-campeonato","tag-corinthians","tag-encara","tag-pelo","tag-santos"],"jetpack_publicize_connections":[],"jetpack-related-posts":[{"id":68331,"url":"https:\/\/noticiasribeiraopreto.com.br\/index.php\/2025\/04\/24\/corinthians-encara-racing-uru-pela-sul-americana\/","url_meta":{"origin":90761,"position":0},"title":"Corinthians encara Racing-URU pela Sul-Americana\u00a0","author":"noticiasribeiraopreto.com.br","date":"24 de April de 2025","format":false,"excerpt":"24 de abril de 2025 14:3024 de abril de 2025 10:228 Compartilhar0 Por Hugo Luque\u00a0 O Corinthians volta a campo nesta quinta-feira (24), \u00e0s 19h30, na Neo Qu\u00edmica Arena, para enfrentar o Racing, do Uruguai, pela terceira rodada do Grupo C da Copa Sul-Americana. Ap\u00f3s um p\u00e9ssimo in\u00edcio de campanha,\u2026","rel":"","context":"In &quot;Not\u00edcias de Ribeir\u00e3o Preto-SP e Regi\u00e3o&quot;","block_context":{"text":"Not\u00edcias de Ribeir\u00e3o Preto-SP e Regi\u00e3o","link":"https:\/\/noticiasribeiraopreto.com.br\/index.php\/category\/noticias-de-ribeirao-preto-sp-e-regiao-ismael-colosi\/"},"img":{"alt_text":"","src":"https:\/\/i0.wp.com\/noticiasribeiraopreto.com.br\/wp-content\/uploads\/2025\/04\/3-Corinthians-x-Racing-URU-Divulgacao_Conmebol-scaled.jpg?fit=1200%2C801&ssl=1&resize=350%2C200","width":350,"height":200,"srcset":"https:\/\/i0.wp.com\/noticiasribeiraopreto.com.br\/wp-content\/uploads\/2025\/04\/3-Corinthians-x-Racing-URU-Divulgacao_Conmebol-scaled.jpg?fit=1200%2C801&ssl=1&resize=350%2C200 1x, https:\/\/i0.wp.com\/noticiasribeiraopreto.com.br\/wp-content\/uploads\/2025\/04\/3-Corinthians-x-Racing-URU-Divulgacao_Conmebol-scaled.jpg?fit=1200%2C801&ssl=1&resize=525%2C300 1.5x, https:\/\/i0.wp.com\/noticiasribeiraopreto.com.br\/wp-content\/uploads\/2025\/04\/3-Corinthians-x-Racing-URU-Divulgacao_Conmebol-scaled.jpg?fit=1200%2C801&ssl=1&resize=700%2C400 2x, https:\/\/i0.wp.com\/noticiasribeiraopreto.com.br\/wp-content\/uploads\/2025\/04\/3-Corinthians-x-Racing-URU-Divulgacao_Conmebol-scaled.jpg?fit=1200%2C801&ssl=1&resize=1050%2C600 3x"},"classes":[]},{"id":37111,"url":"https:\/\/noticiasribeiraopreto.com.br\/index.php\/2024\/02\/14\/botafogo-encara-o-corinthians-no-santa-cruz-2\/","url_meta":{"origin":90761,"position":1},"title":"Botafogo encara o Corinthians no Santa Cruz","author":"noticiasribeiraopreto.com.br","date":"14 de February de 2024","format":false,"excerpt":"14 de fevereiro de 2024 | 12:4014 de fevereiro de 2024 | 12:42 0O Botafogo volta a jogar pelo Paulist\u00e3o nesta quarta-feira. O advers\u00e1rio ser\u00e1 o Corinthians. A expectativa \u00e9 de grande p\u00fablico no Est\u00e1dio Santa Cruz. O jogo, v\u00e1lido pela oitava rodada, acontece \u00e0s 21h35.Patroc\u00ednio \u2013 O Pantera estreia\u2026","rel":"","context":"In &quot;Not\u00edcias de Ribeir\u00e3o Preto-SP e Regi\u00e3o&quot;","block_context":{"text":"Not\u00edcias de Ribeir\u00e3o Preto-SP e Regi\u00e3o","link":"https:\/\/noticiasribeiraopreto.com.br\/index.php\/category\/noticias-de-ribeirao-preto-sp-e-regiao-ismael-colosi\/"},"img":{"alt_text":"","src":"https:\/\/i0.wp.com\/noticiasribeiraopreto.com.br\/wp-content\/uploads\/2024\/02\/53525014463_c0ae8452ca_o-scaled.jpg?fit=967%2C645&ssl=1&resize=350%2C200","width":350,"height":200,"srcset":"https:\/\/i0.wp.com\/noticiasribeiraopreto.com.br\/wp-content\/uploads\/2024\/02\/53525014463_c0ae8452ca_o-scaled.jpg?fit=967%2C645&ssl=1&resize=350%2C200 1x, https:\/\/i0.wp.com\/noticiasribeiraopreto.com.br\/wp-content\/uploads\/2024\/02\/53525014463_c0ae8452ca_o-scaled.jpg?fit=967%2C645&ssl=1&resize=525%2C300 1.5x, https:\/\/i0.wp.com\/noticiasribeiraopreto.com.br\/wp-content\/uploads\/2024\/02\/53525014463_c0ae8452ca_o-scaled.jpg?fit=967%2C645&ssl=1&resize=700%2C400 2x"},"classes":[]},{"id":84946,"url":"https:\/\/noticiasribeiraopreto.com.br\/index.php\/2026\/04\/18\/corinthians-encara-vitoria-no-barradao\/","url_meta":{"origin":90761,"position":2},"title":"Corinthians encara Vit\u00f3ria no Barrad\u00e3o","author":"noticiasribeiraopreto.com.br","date":"18 de April de 2026","format":false,"excerpt":"\r \r \r 18 de abril de 2026 12:0018 de abril de 2026 02:52 \r Compartilhar0 Por Hugo Luque De volta ao Campeonato Brasileiro, o Corinthians enfrenta o Vit\u00f3ria neste s\u00e1bado (18), \u00e0s 20h, pela 12\u00aa rodada da competi\u00e7\u00e3o. No Barrad\u00e3o, o Tim\u00e3o tenta somar pontos para se afastar da\u2026","rel":"","context":"In &quot;Not\u00edcias de Ribeir\u00e3o Preto-SP e Regi\u00e3o&quot;","block_context":{"text":"Not\u00edcias de Ribeir\u00e3o Preto-SP e Regi\u00e3o","link":"https:\/\/noticiasribeiraopreto.com.br\/index.php\/category\/noticias-de-ribeirao-preto-sp-e-regiao-ismael-colosi\/"},"img":{"alt_text":"","src":"https:\/\/i0.wp.com\/noticiasribeiraopreto.com.br\/wp-content\/uploads\/2026\/04\/3.1-Corinthians-x-Vitoria-Rodrigo-Coca_Ag.-Corinthians.jpg?fit=400%2C267&ssl=1&resize=350%2C200","width":350,"height":200},"classes":[]},{"id":86084,"url":"https:\/\/noticiasribeiraopreto.com.br\/index.php\/2026\/05\/30\/corinthians-visita-gremio-pelo-brasileirao\/","url_meta":{"origin":90761,"position":3},"title":"Corinthians visita Gr\u00eamio pelo Brasileir\u00e3o","author":"noticiasribeiraopreto.com.br","date":"30 de May de 2026","format":false,"excerpt":"\r \r \r 30 de maio de 2026 09:3229 de maio de 2026 23:47 \r Compartilhar0 Por Hugo Luque \u00a0 O Corinthians visita o Gr\u00eamio neste s\u00e1bado (30), \u00e0s 17h30, em Porto Alegre (RS), pela 17\u00aa rodada do Campeonato Brasileiro. Amea\u00e7ados pelo rebaixamento, os advers\u00e1rios buscam somar pontos fundamentais para\u2026","rel":"","context":"In &quot;Not\u00edcias de Ribeir\u00e3o Preto-SP e Regi\u00e3o&quot;","block_context":{"text":"Not\u00edcias de Ribeir\u00e3o Preto-SP e Regi\u00e3o","link":"https:\/\/noticiasribeiraopreto.com.br\/index.php\/category\/noticias-de-ribeirao-preto-sp-e-regiao-ismael-colosi\/"},"img":{"alt_text":"","src":"https:\/\/i0.wp.com\/noticiasribeiraopreto.com.br\/wp-content\/uploads\/2026\/05\/1.1-Corinthians-x-Gremio-2025-Rodrigo-Coca_Ag.-Corinthians.jpg?fit=400%2C225&ssl=1&resize=350%2C200","width":350,"height":200},"classes":[]},{"id":69899,"url":"https:\/\/noticiasribeiraopreto.com.br\/index.php\/2025\/05\/10\/corinthians-visita-mirassol-pelo-brasileiro\/","url_meta":{"origin":90761,"position":4},"title":"Corinthians visita Mirassol pelo Brasileiro\u00a0","author":"noticiasribeiraopreto.com.br","date":"10 de May de 2025","format":false,"excerpt":"10 de maio de 2025 11:309 de maio de 2025 19:018 Compartilhar0 Por Hugo Luque\u00a0 O Corinthians volta a campo neste s\u00e1bado (10), \u00e0s 18h30, no Est\u00e1dio Municipal Jos\u00e9 Maria de Campos Maia, para enfrentar o Mirassol. O duelo \u00e9 v\u00e1lido pela oitava rodada do Campeonato Brasileiro.\u00a0 Na oitava coloca\u00e7\u00e3o,\u2026","rel":"","context":"In &quot;Not\u00edcias de Ribeir\u00e3o Preto-SP e Regi\u00e3o&quot;","block_context":{"text":"Not\u00edcias de Ribeir\u00e3o Preto-SP e Regi\u00e3o","link":"https:\/\/noticiasribeiraopreto.com.br\/index.php\/category\/noticias-de-ribeirao-preto-sp-e-regiao-ismael-colosi\/"},"img":{"alt_text":"","src":"https:\/\/i0.wp.com\/noticiasribeiraopreto.com.br\/wp-content\/uploads\/2025\/05\/1-Corinthians-x-Mirassol-Paulistao-Jhony-Inacio_Ag.-Paulistao.jpeg?fit=420%2C240&ssl=1&resize=350%2C200","width":350,"height":200},"classes":[]},{"id":84299,"url":"https:\/\/noticiasribeiraopreto.com.br\/index.php\/2026\/04\/07\/fernando-diniz-assume-como-novo-treinador-do-corinthians\/","url_meta":{"origin":90761,"position":5},"title":"Fernando Diniz assume como novo treinador do Corinthians","author":"noticiasribeiraopreto.com.br","date":"7 de April de 2026","format":false,"excerpt":"Por Lara Musa O Corinthians acertou a contrata\u00e7\u00e3o de Fernando Diniz como novo treinador do time principal. A diretoria definiu o t\u00e9cnico de 52 anos como prioridade e avan\u00e7ou rapidamente nas negocia\u00e7\u00f5es nesta segunda-feira (6). O desejo da c\u00fapula alvinegra \u00e9 de que o comandante j\u00e1 esteja \u00e0 beira do\u2026","rel":"","context":"In &quot;Not\u00edcias de Ribeir\u00e3o Preto-SP e Regi\u00e3o&quot;","block_context":{"text":"Not\u00edcias de Ribeir\u00e3o Preto-SP e Regi\u00e3o","link":"https:\/\/noticiasribeiraopreto.com.br\/index.php\/category\/noticias-de-ribeirao-preto-sp-e-regiao-ismael-colosi\/"},"img":{"alt_text":"","src":"https:\/\/i0.wp.com\/noticiasribeiraopreto.com.br\/wp-content\/uploads\/2026\/04\/fernando-diniz-utilizou-a-camisa-patrocinada-2k941w.jpg?fit=941%2C713&ssl=1&resize=350%2C200","width":350,"height":200,"srcset":"https:\/\/i0.wp.com\/noticiasribeiraopreto.com.br\/wp-content\/uploads\/2026\/04\/fernando-diniz-utilizou-a-camisa-patrocinada-2k941w.jpg?fit=941%2C713&ssl=1&resize=350%2C200 1x, https:\/\/i0.wp.com\/noticiasribeiraopreto.com.br\/wp-content\/uploads\/2026\/04\/fernando-diniz-utilizou-a-camisa-patrocinada-2k941w.jpg?fit=941%2C713&ssl=1&resize=525%2C300 1.5x, https:\/\/i0.wp.com\/noticiasribeiraopreto.com.br\/wp-content\/uploads\/2026\/04\/fernando-diniz-utilizou-a-camisa-patrocinada-2k941w.jpg?fit=941%2C713&ssl=1&resize=700%2C400 2x"},"classes":[]}],"jetpack_sharing_enabled":true,"jetpack_shortlink":"https:\/\/wp.me\/peQAOb-nBT","jetpack_featured_media_url":"https:\/\/i0.wp.com\/noticiasribeiraopreto.com.br\/wp-content\/uploads\/2026\/08\/2-classico-Foto-02-Rodrigo-Coca_Ag.-Corinthians-scaled.jpg?fit=1011%2C780&ssl=1","_links":{"self":[{"href":"https:\/\/noticiasribeiraopreto.com.br\/index.php\/wp-json\/wp\/v2\/posts\/90761","targetHints":{"allow":["GET"]}}],"collection":[{"href":"https:\/\/noticiasribeiraopreto.com.br\/index.php\/wp-json\/wp\/v2\/posts"}],"about":[{"href":"https:\/\/noticiasribeiraopreto.com.br\/index.php\/wp-json\/wp\/v2\/types\/post"}],"author":[{"embeddable":true,"href":"https:\/\/noticiasribeiraopreto.com.br\/index.php\/wp-json\/wp\/v2\/users\/1"}],"replies":[{"embeddable":true,"href":"https:\/\/noticiasribeiraopreto.com.br\/index.php\/wp-json\/wp\/v2\/comments?post=90761"}],"version-history":[{"count":0,"href":"https:\/\/noticiasribeiraopreto.com.br\/index.php\/wp-json\/wp\/v2\/posts\/90761\/revisions"}],"wp:featuredmedia":[{"embeddable":true,"href":"https:\/\/noticiasribeiraopreto.com.br\/index.php\/wp-json\/wp\/v2\/media\/90762"}],"wp:attachment":[{"href":"https:\/\/noticiasribeiraopreto.com.br\/index.php\/wp-json\/wp\/v2\/media?parent=90761"}],"wp:term":[{"taxonomy":"category","embeddable":true,"href":"https:\/\/noticiasribeiraopreto.com.br\/index.php\/wp-json\/wp\/v2\/categories?post=90761"},{"taxonomy":"post_tag","embeddable":true,"href":"https:\/\/noticiasribeiraopreto.com.br\/index.php\/wp-json\/wp\/v2\/tags?post=90761"}],"curies":[{"name":"wp","href":"https:\/\/api.w.org\/{rel}","templated":true}]}}