{"id":90763,"date":"2026-08-31T00:34:49","date_gmt":"2026-08-31T03:34:49","guid":{"rendered":"https:\/\/noticiasribeiraopreto.com.br\/index.php\/2026\/08\/31\/eleicoes-2026-saiba-o-que-e-permitido-e-proibido-no-dia-da-votacao\/"},"modified":"2026-08-31T00:34:49","modified_gmt":"2026-08-31T03:34:49","slug":"eleicoes-2026-saiba-o-que-e-permitido-e-proibido-no-dia-da-votacao","status":"publish","type":"post","link":"https:\/\/noticiasribeiraopreto.com.br\/index.php\/2026\/08\/31\/eleicoes-2026-saiba-o-que-e-permitido-e-proibido-no-dia-da-votacao\/","title":{"rendered":"Elei\u00e7\u00f5es 2026: saiba o que \u00e9 permitido e proibido no dia da vota\u00e7\u00e3o"},"content":{"rendered":"<div class='code-block code-block-1' style='margin: 8px 0 8px auto; text-align: right; display: block; clear: both;'>\n<p><a href=\"https:\/\/wa.link\/vpicfd\"><img data-recalc-dims=\"1\" class=\"wp-image-4922\" style=\"aspect-ratio: 2.0253164556962027; width: 561px; height: auto;\" src=\"https:\/\/i0.wp.com\/ismaelcolosi.com.br\/wp-content\/uploads\/2023\/11\/grupo-de-empregos-whatsapp-e-facebook-ismael-colosi-vagas.jpg?ssl=1\" alt=\"\" \/><\/a><\/p>\n<!-- \/wp:image -->\n<\/div>\n<p> <br \/>\n<\/p>\n<p>Com a <strong>proximidade do primeiro turno das Elei\u00e7\u00f5es 2026<\/strong>, em 4 de outubro, muitos eleitores se perguntam sobre o que podem e o que n\u00e3o podem fazer antes e durante a vota\u00e7\u00e3o.\u00a0<img data-recalc-dims=\"1\" decoding=\"async\" src=\"https:\/\/i0.wp.com\/agenciabrasil.ebc.com.br\/ebc.gif?ssl=1\" alt=\"ebc\" title=\"Elei\u00e7\u00f5es 2026: saiba o que \u00e9 permitido e proibido no dia da vota\u00e7\u00e3o 8\"><\/p>\n<p>Para orient\u00e1-los, o Tribunal Superior Eleitoral (TSE) formulou o\u00a0\u2018Manual do Eleitor\u2019, que re\u00fane em um \u00fanico documento um resumo explicativo das principais normas e orienta\u00e7\u00f5es para os cidad\u00e3os e cidad\u00e3s exercerem seu direito ao voto.<\/p>\n<div class=\"wp-block-image\">\n<figure class=\"aligncenter size-large\"><img data-recalc-dims=\"1\" loading=\"lazy\" decoding=\"async\" width=\"1024\" height=\"613\" src=\"https:\/\/i0.wp.com\/www.acidadeon.com\/ribeiraopreto\/wp-content\/uploads\/sites\/3\/2026\/08\/image-191-1024x613.png?resize=1024%2C613&#038;ssl=1\" alt=\"image 191\" class=\"wp-image-172985\" title=\"Elei\u00e7\u00f5es 2026: saiba o que \u00e9 permitido e proibido no dia da vota\u00e7\u00e3o 9\"><figcaption class=\"wp-element-caption\">\u00a0Elei\u00e7\u00f5es 2026 \u2013 Fernando Fraz\u00e3o\/Ag\u00eancia Brasil<\/figcaption><\/figure>\n<\/div>\n<h2 class=\"wp-block-heading\">Manual do Eleitor<\/h2>\n<p>O manual \u00e9 fruto da\u00a0<a href=\"https:\/\/www.tse.jus.br\/legislacao\/compilada\/res\/2026\/resolucao-no-23-759-de-26-de-fevereiro-de-2026\" target=\"_blank\" rel=\"noreferrer noopener\">Resolu\u00e7\u00e3o n\u00ba 23.759<\/a>\u00a0que o TSE publicou em mar\u00e7o deste ano. Dedicada exclusivamente \u00e0 participa\u00e7\u00e3o popular no processo eleitoral, a norma re\u00fane, em 13 cap\u00edtulos, o conjunto de regras que balizam as elei\u00e7\u00f5es.<\/p>\n<blockquote class=\"wp-block-quote is-layout-flow wp-block-quote-is-layout-flow\">\n<p><em>\u201cS\u00e3o orienta\u00e7\u00f5es pr\u00e1ticas sobre o exerc\u00edcio do voto, como a necessidade de apresenta\u00e7\u00e3o de documento oficial com foto e a proibi\u00e7\u00e3o do ingresso com aparelho celular na cabine de vota\u00e7\u00e3o\u201d, <\/em>explicou o presidente do TSE, ministro Kassio Nunes Marques, ao apresentar o manual, em junho.<\/p>\n<\/blockquote>\n<p>Para Marques, a publica\u00e7\u00e3o facilita a consulta \u00e0s informa\u00e7\u00f5es necess\u00e1rias ao exerc\u00edcio consciente do voto e ao fortalecimento da cidadania.<\/p>\n<p>A vota\u00e7\u00e3o ocorrer\u00e1 em todo o Brasil, das 8 horas \u00e0s 17 horas (hor\u00e1rio de Bras\u00edlia). O segundo turno, se houver, ser\u00e1 realizado no dia 25 de outubro.<\/p>\n<div class=\"wp-block-image\">\n<figure class=\"aligncenter size-large\"><img data-recalc-dims=\"1\" loading=\"lazy\" decoding=\"async\" width=\"1024\" height=\"576\" src=\"https:\/\/i0.wp.com\/www.acidadeon.com\/ribeiraopreto\/wp-content\/uploads\/sites\/3\/2026\/08\/camara-de-colombia-1-1-1024x576.jpg?resize=1024%2C576&#038;ssl=1\" alt=\"urna\" class=\"wp-image-172240\" title=\"Elei\u00e7\u00f5es 2026: saiba o que \u00e9 permitido e proibido no dia da vota\u00e7\u00e3o 10\"><figcaption class=\"wp-element-caption\">Elei\u00e7\u00f5es acontecem em outubro \u2013 Foto: Ag\u00eancia Brasil<\/figcaption><\/figure>\n<\/div>\n<p>Cada eleitor votar\u00e1 em um candidato a deputado federal, estadual (distrital no caso do Distrito Federal) e em dois candidatos ao Senado, al\u00e9m dos votos para presidente da Rep\u00fablica e governadores, bem como seus respectivos vices.<\/p>\n<p>Confira, abaixo, alguns itens obrigat\u00f3rios, permitidos ou proibidos:<\/p>\n<ul class=\"wp-block-list\">\n<li>O voto \u00e9\u00a0<strong>obrigat\u00f3rio<\/strong>\u00a0a partir dos 18 anos e\u00a0<strong>facultativo<\/strong>\u00a0para jovens de 16 e 17 anos; maiores de 70 anos e analfabetos. Mas aten\u00e7\u00e3o: quem est\u00e1 com o t\u00edtulo de eleitor cancelado\u00a0<strong>n\u00e3o pode<\/strong>\u00a0votar<\/li>\n<li>Para votar, \u00e9\u00a0<strong>obrigat\u00f3rio<\/strong>\u00a0apresentar um documento oficial original, com foto (RG; CNH; passaporte etc)<\/li>\n<li>O eleitor cujo t\u00edtulo eleitoral estiver em situa\u00e7\u00e3o regular\u00a0<strong>pode<\/strong>\u00a0votar mesmo que n\u00e3o tenha coletado a biometria<\/li>\n<li>Pessoas transg\u00eanero\u00a0<strong>t\u00eam o direito<\/strong>\u00a0de ter sua identidade de g\u00eanero e nome social respeitados no cadastro eleitoral<\/li>\n<li>\u00c9\u00a0<strong>proibido<\/strong>\u00a0colar propaganda eleitoral em ve\u00edculos particulares, exceto adesivos microperfurados at\u00e9 a extens\u00e3o total do para-brisa traseiro e, em outras posi\u00e7\u00f5es, adesivos at\u00e9 a dimens\u00e3o m\u00e1xima fixada<\/li>\n<li>Eleitoras e eleitores que n\u00e3o estiverem em seu domic\u00edlio eleitoral no dia do pleito\u00a0<strong>t\u00eam direito<\/strong>\u00a0a votar em tr\u00e2nsito nas capitais e nos munic\u00edpios com eleitorado superior a cem mil habitantes, mas o prazo obrigat\u00f3rio para pedir a transfer\u00eancia tempor\u00e1ria terminou em 20 de agosto<\/li>\n<\/ul>\n<p class=\"has-text-align-center\"><em>Receba not\u00edcias do\u00a0<strong>acidade on Ribeir\u00e3o\u00a0<\/strong>no WhatsApp e fique por dentro de tudo! Basta acessar o link<a href=\"https:\/\/chat.whatsapp.com\/DfXwcjKVIddHUT3BvnQuPZ?mode=hqctshi\" target=\"_blank\" rel=\"noreferrer noopener\">\u00a0aqui<\/a>!<\/em><\/p>\n<div class=\"wp-block-image\">\n<figure class=\"aligncenter size-large\"><img data-recalc-dims=\"1\" loading=\"lazy\" decoding=\"async\" width=\"1024\" height=\"613\" src=\"https:\/\/i0.wp.com\/www.acidadeon.com\/ribeiraopreto\/wp-content\/uploads\/sites\/3\/2024\/09\/urna_menor_2024-09-30_17-10-52-1024x613.webp?resize=1024%2C613&#038;ssl=1\" alt=\"Primeiro turno das elei\u00e7\u00f5es de 2026 acontece no dia 4 de outubro - Foto: F\u00e1bio Pozzebom\/ Ag\u00eancia Brasil.\" class=\"wp-image-94857\" title=\"Elei\u00e7\u00f5es 2026: saiba o que \u00e9 permitido e proibido no dia da vota\u00e7\u00e3o 11\"><figcaption class=\"wp-element-caption\">Primeiro turno das elei\u00e7\u00f5es de 2026 acontece no dia 4 de outubro \u2013 Foto: F\u00e1bio Pozzebom\/ Ag\u00eancia Brasil.<\/figcaption><\/figure>\n<\/div>\n<h2 class=\"wp-block-heading\">No dia da elei\u00e7\u00e3o<\/h2>\n<ul class=\"wp-block-list\">\n<li>\u00c9\u00a0<strong>proibido<\/strong>\u00a0ingressar na cabine de vota\u00e7\u00e3o com aparelhos de telefone celular, que devem ser deixados em local indicado pelos mes\u00e1rios<\/li>\n<li>O eleitor\u00a0<strong>pode levar<\/strong>\u00a0os nomes e n\u00fameros de registro de seus candidatos anotados em um papel e utiliz\u00e1-lo na hora de votar<\/li>\n<li>Todo eleitor\u00a0<strong>tem direito<\/strong>, conforme a necessidade, a se ausentar do servi\u00e7o pelo tempo necess\u00e1rio para votar, sem sofrer descontos salariais ou qualquer outro preju\u00edzo<\/li>\n<li>S\u00e3o\u00a0<strong>proibidas<\/strong>\u00a0a boca de urna e aglomera\u00e7\u00f5es com roupas padronizadas<\/li>\n<li>O eleitor\u00a0<strong>pode<\/strong>\u00a0manifestar sua prefer\u00eancia pol\u00edtica de forma individual e silenciosa por meio do uso de bandeiras, broches, adesivos e camisetas<\/li>\n<li>Candidatos ou partidos pol\u00edticos\u00a0<strong>est\u00e3o proibidos<\/strong>\u00a0de oferecer transporte ou refei\u00e7\u00f5es para os eleitores em troca de votos<\/li>\n<li>Pessoas com defici\u00eancia ou mobilidade reduzida\u00a0<strong>t\u00eam direito<\/strong>\u00a0a ser auxiliadas por algu\u00e9m de sua escolha na hora de votar, al\u00e9m de poder acessar a urna na companhia de um c\u00e3o-guia<\/li>\n<li>O voto dos eleitores ind\u00edgenas\u00a0<strong>deve ser<\/strong>\u00a0assegurado, independentemente deles falarem ou n\u00e3o a l\u00edngua portuguesa, podendo se expressar em suas l\u00ednguas maternas<\/li>\n<li>Os port\u00f5es dos locais de vota\u00e7\u00e3o ser\u00e3o fechados \u00e0s 17 horas (hor\u00e1rio de Bras\u00edlia). A partir deste momento, s\u00f3 quem j\u00e1 estiver na fila de vota\u00e7\u00e3o\u00a0<strong>poder\u00e1<\/strong>\u00a0votar<\/li>\n<\/ul>\n<h2 class=\"wp-block-heading\">Depois da elei\u00e7\u00e3o<\/h2>\n<p>Eleitores obrigadas a votar que n\u00e3o o fizeram precisam justificar a aus\u00eancia at\u00e9 3 de dezembro (se deixar de votar no 1\u00ba turno) e at\u00e9 8 de janeiro de 2027 (caso n\u00e3o votem no 2\u00ba turno).<\/p>\n<p>A justificativa pode ser\u00a0<a href=\"https:\/\/justifica.tse.jus.br\/\" target=\"_blank\" rel=\"noreferrer noopener\">apresentada pela Internet<\/a>, pelo aplicativo e-T\u00edtulo ou no cart\u00f3rio eleitoral.<\/p>\n<p><em>Com informa\u00e7\u00f5es da Ag\u00eancia Brasil.<\/em><\/p>\n<p><em>Fa\u00e7a uma den\u00fancia ou sugira uma reportagem sobre\u00a0<strong>Ribeir\u00e3o Preto\u00a0<\/strong>e regi\u00e3o por meio do WhatsApp do\u00a0<strong>acidade on Ribeir\u00e3o<\/strong>: (16) 99117-7802.<\/em><\/p>\n<hr class=\"wp-block-separator has-alpha-channel-opacity\">\n<p>O post Elei\u00e7\u00f5es 2026: saiba o que \u00e9 permitido e proibido no dia da vota\u00e7\u00e3o apareceu primeiro em ACidade ON Ribeir\u00e3o Preto.<\/p>\n<p><br \/>\n<br \/><a href=\"https:\/\/www.acidadeon.com\/ribeiraopreto\/politica\/eleicoes-2026-saiba-o-que-e-permitido-e-proibido-no-dia-da-votacao\/\">Link para o texto original aqui <\/a><\/p>\n<!-- CONTENT END 1 -->\n","protected":false},"excerpt":{"rendered":"<p>Com a proximidade do primeiro turno das Elei\u00e7\u00f5es 2026, em 4 de outubro, muitos eleitores se perguntam sobre o que podem e o que n\u00e3o&#8230;<\/p>\n","protected":false},"author":1,"featured_media":58193,"comment_status":"","ping_status":"","sticky":false,"template":"","format":"standard","meta":{"advanced_seo_description":"","jetpack_seo_html_title":"","jetpack_seo_noindex":false,"jetpack_seo_schema_type":"","_jetpack_newsletter_access":"","_jetpack_dont_email_post_to_subs":false,"_jetpack_newsletter_tier_id":0,"_jetpack_memberships_contains_paywalled_content":false,"_jetpack_feature_clip_id":0,"_jetpack_memberships_contains_paid_content":false,"footnotes":"","jetpack_publicize_message":"","jetpack_publicize_feature_enabled":true,"jetpack_social_post_already_shared":true,"jetpack_social_options":{"image_generator_settings":{"template":"highway","default_image_id":0,"font":"","enabled":false},"version":2},"jetpack_post_was_ever_published":false},"categories":[11],"tags":[142,8816,1328,8817,846,123,3998],"class_list":["post-90763","post","type-post","status-publish","format-standard","has-post-thumbnail","hentry","category-noticias-de-ribeirao-preto-sp-e-regiao-ismael-colosi","tag-dia","tag-eleic","tag-eleicoes","tag-permitido","tag-proibido","tag-saiba","tag-votacao"],"jetpack_publicize_connections":[],"jetpack-related-posts":[{"id":59623,"url":"https:\/\/noticiasribeiraopreto.com.br\/index.php\/2024\/10\/27\/eleitores-voltam-as-urnas-para-o-2o-turno-das-eleicoes-regras-e-orientacoes-essenciais\/","url_meta":{"origin":90763,"position":0},"title":"Eleitores Voltam \u00e0s Urnas para o 2\u00ba Turno das Elei\u00e7\u00f5es: Regras e Orienta\u00e7\u00f5es Essenciais","author":"noticiasribeiraopreto.com.br","date":"27 de October de 2024","format":false,"excerpt":"Neste domingo, milh\u00f5es de brasileiros voltar\u00e3o \u00e0s urnas para decidir o 2\u00ba turno das elei\u00e7\u00f5es municipais e estaduais. Em disputa, est\u00e3o as prefeituras de diversas capitais e cidades importantes, al\u00e9m do cargo de governador em estados onde nenhum candidato atingiu mais de 50% dos votos no primeiro turno. Com um\u2026","rel":"","context":"In &quot;Not\u00edcias de Ribeir\u00e3o Preto-SP e Regi\u00e3o&quot;","block_context":{"text":"Not\u00edcias de Ribeir\u00e3o Preto-SP e Regi\u00e3o","link":"https:\/\/noticiasribeiraopreto.com.br\/index.php\/category\/noticias-de-ribeirao-preto-sp-e-regiao-ismael-colosi\/"},"img":{"alt_text":"","src":"https:\/\/i0.wp.com\/noticiasribeiraopreto.com.br\/wp-content\/uploads\/2024\/10\/mg_2141_01.webp.webp?fit=1170%2C700&ssl=1&resize=350%2C200","width":350,"height":200,"srcset":"https:\/\/i0.wp.com\/noticiasribeiraopreto.com.br\/wp-content\/uploads\/2024\/10\/mg_2141_01.webp.webp?fit=1170%2C700&ssl=1&resize=350%2C200 1x, https:\/\/i0.wp.com\/noticiasribeiraopreto.com.br\/wp-content\/uploads\/2024\/10\/mg_2141_01.webp.webp?fit=1170%2C700&ssl=1&resize=525%2C300 1.5x, https:\/\/i0.wp.com\/noticiasribeiraopreto.com.br\/wp-content\/uploads\/2024\/10\/mg_2141_01.webp.webp?fit=1170%2C700&ssl=1&resize=700%2C400 2x, https:\/\/i0.wp.com\/noticiasribeiraopreto.com.br\/wp-content\/uploads\/2024\/10\/mg_2141_01.webp.webp?fit=1170%2C700&ssl=1&resize=1050%2C600 3x"},"classes":[]},{"id":58640,"url":"https:\/\/noticiasribeiraopreto.com.br\/index.php\/2024\/10\/02\/eleicoes-2024-celulares-sao-proibidos-no-momento-da-votacao-entenda\/","url_meta":{"origin":90763,"position":1},"title":"Elei\u00e7\u00f5es 2024: Celulares s\u00e3o proibidos no momento da vota\u00e7\u00e3o; Entenda","author":"noticiasribeiraopreto.com.br","date":"2 de October de 2024","format":false,"excerpt":"O presidente do TRE-SP (Tribunal Regional Eleitoral de S\u00e3o Paulo), desembargador Silmar Fernandes, refor\u00e7ou as orienta\u00e7\u00f5es sobre a vota\u00e7\u00e3o do 1\u00ba turno das elei\u00e7\u00f5es 2024, que acontece no pr\u00f3ximo domingo (6), das 8h \u00e0s 17h (hor\u00e1rio de Bras\u00edlia). O magistrado explicou como ser\u00e1 feito o uso da biometria e refor\u00e7ou\u2026","rel":"","context":"In &quot;Not\u00edcias de Ribeir\u00e3o Preto-SP e Regi\u00e3o&quot;","block_context":{"text":"Not\u00edcias de Ribeir\u00e3o Preto-SP e Regi\u00e3o","link":"https:\/\/noticiasribeiraopreto.com.br\/index.php\/category\/noticias-de-ribeirao-preto-sp-e-regiao-ismael-colosi\/"},"img":{"alt_text":"","src":"https:\/\/i0.wp.com\/noticiasribeiraopreto.com.br\/wp-content\/uploads\/2024\/06\/AnyConv.com__hands-1851218_1280.webp.webp?fit=1200%2C800&ssl=1&resize=350%2C200","width":350,"height":200,"srcset":"https:\/\/i0.wp.com\/noticiasribeiraopreto.com.br\/wp-content\/uploads\/2024\/06\/AnyConv.com__hands-1851218_1280.webp.webp?fit=1200%2C800&ssl=1&resize=350%2C200 1x, https:\/\/i0.wp.com\/noticiasribeiraopreto.com.br\/wp-content\/uploads\/2024\/06\/AnyConv.com__hands-1851218_1280.webp.webp?fit=1200%2C800&ssl=1&resize=525%2C300 1.5x, https:\/\/i0.wp.com\/noticiasribeiraopreto.com.br\/wp-content\/uploads\/2024\/06\/AnyConv.com__hands-1851218_1280.webp.webp?fit=1200%2C800&ssl=1&resize=700%2C400 2x, https:\/\/i0.wp.com\/noticiasribeiraopreto.com.br\/wp-content\/uploads\/2024\/06\/AnyConv.com__hands-1851218_1280.webp.webp?fit=1200%2C800&ssl=1&resize=1050%2C600 3x"},"classes":[]},{"id":57572,"url":"https:\/\/noticiasribeiraopreto.com.br\/index.php\/2024\/09\/04\/eleicoes-2024-saiba-como-consultar-o-seu-local-de-votacao\/","url_meta":{"origin":90763,"position":2},"title":"Elei\u00e7\u00f5es 2024: Saiba como consultar o seu local de vota\u00e7\u00e3o","author":"noticiasribeiraopreto.com.br","date":"4 de September de 2024","format":false,"excerpt":"As eleitoras e eleitores que solicitaram a transfer\u00eancia tempor\u00e1ria do local de vota\u00e7\u00e3o j\u00e1 podem consultar, por meio do e-T\u00edtulo, o aplicativo da Justi\u00e7a Eleitoral, onde v\u00e3o votar nas Elei\u00e7\u00f5es Municipais de 2024.\u00a0\u00a0 Tamb\u00e9m \u00e9 poss\u00edvel fazer a pesquisa pelo Portal do TSE (Tribunal Superior Eleitoral), no link \u201cLocal de\u2026","rel":"","context":"In &quot;Not\u00edcias de Ribeir\u00e3o Preto-SP e Regi\u00e3o&quot;","block_context":{"text":"Not\u00edcias de Ribeir\u00e3o Preto-SP e Regi\u00e3o","link":"https:\/\/noticiasribeiraopreto.com.br\/index.php\/category\/noticias-de-ribeirao-preto-sp-e-regiao-ismael-colosi\/"},"img":{"alt_text":"","src":"https:\/\/i0.wp.com\/noticiasribeiraopreto.com.br\/wp-content\/uploads\/2024\/07\/urna-eletronica_2024-07-20_21-25-53_jpg_2024-07-20_21-25-53.webp.webp?fit=1170%2C700&ssl=1&resize=350%2C200","width":350,"height":200,"srcset":"https:\/\/i0.wp.com\/noticiasribeiraopreto.com.br\/wp-content\/uploads\/2024\/07\/urna-eletronica_2024-07-20_21-25-53_jpg_2024-07-20_21-25-53.webp.webp?fit=1170%2C700&ssl=1&resize=350%2C200 1x, https:\/\/i0.wp.com\/noticiasribeiraopreto.com.br\/wp-content\/uploads\/2024\/07\/urna-eletronica_2024-07-20_21-25-53_jpg_2024-07-20_21-25-53.webp.webp?fit=1170%2C700&ssl=1&resize=525%2C300 1.5x, https:\/\/i0.wp.com\/noticiasribeiraopreto.com.br\/wp-content\/uploads\/2024\/07\/urna-eletronica_2024-07-20_21-25-53_jpg_2024-07-20_21-25-53.webp.webp?fit=1170%2C700&ssl=1&resize=700%2C400 2x, https:\/\/i0.wp.com\/noticiasribeiraopreto.com.br\/wp-content\/uploads\/2024\/07\/urna-eletronica_2024-07-20_21-25-53_jpg_2024-07-20_21-25-53.webp.webp?fit=1170%2C700&ssl=1&resize=1050%2C600 3x"},"classes":[]},{"id":58703,"url":"https:\/\/noticiasribeiraopreto.com.br\/index.php\/2024\/10\/04\/eleicoes-2024-veja-o-que-eleitor-pode-e-nao-pode-fazer-na-hora-de-votar\/","url_meta":{"origin":90763,"position":3},"title":"Elei\u00e7\u00f5es 2024: Veja o que eleitor pode e n\u00e3o pode fazer na hora de votar","author":"noticiasribeiraopreto.com.br","date":"4 de October de 2024","format":false,"excerpt":"Eleitoras e eleitores devem ficar atentos \u00e0s regras em rela\u00e7\u00e3o ao que pode e n\u00e3o pode fazer no dia da elei\u00e7\u00e3o. O primeiro turno das elei\u00e7\u00f5es 2024 acontece no pr\u00f3ximo domingo (6) e, durante o dia \u00e9 permitida aos eleitores a manifesta\u00e7\u00e3o individual e silenciosa por partido, candidata ou candidato,\u2026","rel":"","context":"In &quot;Not\u00edcias de Ribeir\u00e3o Preto-SP e Regi\u00e3o&quot;","block_context":{"text":"Not\u00edcias de Ribeir\u00e3o Preto-SP e Regi\u00e3o","link":"https:\/\/noticiasribeiraopreto.com.br\/index.php\/category\/noticias-de-ribeirao-preto-sp-e-regiao-ismael-colosi\/"},"img":{"alt_text":"","src":"https:\/\/i0.wp.com\/noticiasribeiraopreto.com.br\/wp-content\/uploads\/2024\/10\/votacao_2024-10-04_13-06-05_jpg_2024-10-04_13-06-05.webp.webp?fit=1170%2C700&ssl=1&resize=350%2C200","width":350,"height":200,"srcset":"https:\/\/i0.wp.com\/noticiasribeiraopreto.com.br\/wp-content\/uploads\/2024\/10\/votacao_2024-10-04_13-06-05_jpg_2024-10-04_13-06-05.webp.webp?fit=1170%2C700&ssl=1&resize=350%2C200 1x, https:\/\/i0.wp.com\/noticiasribeiraopreto.com.br\/wp-content\/uploads\/2024\/10\/votacao_2024-10-04_13-06-05_jpg_2024-10-04_13-06-05.webp.webp?fit=1170%2C700&ssl=1&resize=525%2C300 1.5x, https:\/\/i0.wp.com\/noticiasribeiraopreto.com.br\/wp-content\/uploads\/2024\/10\/votacao_2024-10-04_13-06-05_jpg_2024-10-04_13-06-05.webp.webp?fit=1170%2C700&ssl=1&resize=700%2C400 2x, https:\/\/i0.wp.com\/noticiasribeiraopreto.com.br\/wp-content\/uploads\/2024\/10\/votacao_2024-10-04_13-06-05_jpg_2024-10-04_13-06-05.webp.webp?fit=1170%2C700&ssl=1&resize=1050%2C600 3x"},"classes":[]},{"id":90599,"url":"https:\/\/noticiasribeiraopreto.com.br\/index.php\/2026\/08\/25\/eleicoes-2026-horario-eleitoral-gratuito-comeca-nesta-sexta-na-tv-e-no-radio\/","url_meta":{"origin":90763,"position":4},"title":"Elei\u00e7\u00f5es 2026: hor\u00e1rio eleitoral gratuito come\u00e7a nesta sexta na TV e no r\u00e1dio","author":"noticiasribeiraopreto.com.br","date":"25 de August de 2026","format":false,"excerpt":"Come\u00e7a nesta sexta-feira (28) o hor\u00e1rio eleitoral gratuito para o 1\u00ba turno das Elei\u00e7\u00f5es 2026, veiculado por emissoras de r\u00e1dio e TV. Tamb\u00e9m conhecida como propaganda eleitoral gratuita, \u00e9 o tempo destinado a candidatos e candidatas para divulgar ideias e propostas de campanhas. A veicula\u00e7\u00e3o acontece de segunda a s\u00e1bado\u2026","rel":"","context":"In &quot;Not\u00edcias de Ribeir\u00e3o Preto-SP e Regi\u00e3o&quot;","block_context":{"text":"Not\u00edcias de Ribeir\u00e3o Preto-SP e Regi\u00e3o","link":"https:\/\/noticiasribeiraopreto.com.br\/index.php\/category\/noticias-de-ribeirao-preto-sp-e-regiao-ismael-colosi\/"},"img":{"alt_text":"","src":"https:\/\/i0.wp.com\/noticiasribeiraopreto.com.br\/wp-content\/uploads\/2026\/08\/tv.jpg?fit=1200%2C800&ssl=1&resize=350%2C200","width":350,"height":200,"srcset":"https:\/\/i0.wp.com\/noticiasribeiraopreto.com.br\/wp-content\/uploads\/2026\/08\/tv.jpg?fit=1200%2C800&ssl=1&resize=350%2C200 1x, https:\/\/i0.wp.com\/noticiasribeiraopreto.com.br\/wp-content\/uploads\/2026\/08\/tv.jpg?fit=1200%2C800&ssl=1&resize=525%2C300 1.5x, https:\/\/i0.wp.com\/noticiasribeiraopreto.com.br\/wp-content\/uploads\/2026\/08\/tv.jpg?fit=1200%2C800&ssl=1&resize=700%2C400 2x, https:\/\/i0.wp.com\/noticiasribeiraopreto.com.br\/wp-content\/uploads\/2026\/08\/tv.jpg?fit=1200%2C800&ssl=1&resize=1050%2C600 3x"},"classes":[]},{"id":58746,"url":"https:\/\/noticiasribeiraopreto.com.br\/index.php\/2024\/10\/05\/pm-vai-colocar-todo-efetivo-para-reforcar-seguranca-nas-eleicoes-em-ribeirao\/","url_meta":{"origin":90763,"position":5},"title":"PM vai colocar todo efetivo para refor\u00e7ar seguran\u00e7a nas elei\u00e7\u00f5es em Ribeir\u00e3o","author":"noticiasribeiraopreto.com.br","date":"5 de October de 2024","format":false,"excerpt":"A PM (Pol\u00edcia Militar) dever\u00e1 atuar com 100% do efetivo nas elei\u00e7\u00f5es em todo o estado de S\u00e3o Paulo, segundo a Secretaria da Seguran\u00e7a P\u00fablica (SSP). A Pol\u00edcia Civil tamb\u00e9m dever\u00e1 contar com refor\u00e7o nas equipes. Segundo a SSP, neste s\u00e1bado (5), os policiais militares dever\u00e3o escoltar as urnas at\u00e9\u2026","rel":"","context":"In &quot;Not\u00edcias de Ribeir\u00e3o Preto-SP e Regi\u00e3o&quot;","block_context":{"text":"Not\u00edcias de Ribeir\u00e3o Preto-SP e Regi\u00e3o","link":"https:\/\/noticiasribeiraopreto.com.br\/index.php\/category\/noticias-de-ribeirao-preto-sp-e-regiao-ismael-colosi\/"},"img":{"alt_text":"","src":"https:\/\/i0.wp.com\/noticiasribeiraopreto.com.br\/wp-content\/uploads\/2024\/06\/Copia-de-Copia-de-TAMANHO-EXATO-PARA-FOTOS-NO-SISTEMA-NOVO-3_2024-06-20_19-35-58_jpg_2024-06-20_19-35-58.webp.webp?fit=1200%2C675&ssl=1&resize=350%2C200","width":350,"height":200,"srcset":"https:\/\/i0.wp.com\/noticiasribeiraopreto.com.br\/wp-content\/uploads\/2024\/06\/Copia-de-Copia-de-TAMANHO-EXATO-PARA-FOTOS-NO-SISTEMA-NOVO-3_2024-06-20_19-35-58_jpg_2024-06-20_19-35-58.webp.webp?fit=1200%2C675&ssl=1&resize=350%2C200 1x, https:\/\/i0.wp.com\/noticiasribeiraopreto.com.br\/wp-content\/uploads\/2024\/06\/Copia-de-Copia-de-TAMANHO-EXATO-PARA-FOTOS-NO-SISTEMA-NOVO-3_2024-06-20_19-35-58_jpg_2024-06-20_19-35-58.webp.webp?fit=1200%2C675&ssl=1&resize=525%2C300 1.5x, https:\/\/i0.wp.com\/noticiasribeiraopreto.com.br\/wp-content\/uploads\/2024\/06\/Copia-de-Copia-de-TAMANHO-EXATO-PARA-FOTOS-NO-SISTEMA-NOVO-3_2024-06-20_19-35-58_jpg_2024-06-20_19-35-58.webp.webp?fit=1200%2C675&ssl=1&resize=700%2C400 2x, https:\/\/i0.wp.com\/noticiasribeiraopreto.com.br\/wp-content\/uploads\/2024\/06\/Copia-de-Copia-de-TAMANHO-EXATO-PARA-FOTOS-NO-SISTEMA-NOVO-3_2024-06-20_19-35-58_jpg_2024-06-20_19-35-58.webp.webp?fit=1200%2C675&ssl=1&resize=1050%2C600 3x"},"classes":[]}],"jetpack_sharing_enabled":true,"jetpack_shortlink":"https:\/\/wp.me\/peQAOb-nBV","jetpack_featured_media_url":"https:\/\/i0.wp.com\/noticiasribeiraopreto.com.br\/wp-content\/uploads\/2024\/09\/urna-nova_2024-09-20_19-00-21_jpg_2024-09-20_19-00-21.webp.webp?fit=1170%2C700&ssl=1","_links":{"self":[{"href":"https:\/\/noticiasribeiraopreto.com.br\/index.php\/wp-json\/wp\/v2\/posts\/90763","targetHints":{"allow":["GET"]}}],"collection":[{"href":"https:\/\/noticiasribeiraopreto.com.br\/index.php\/wp-json\/wp\/v2\/posts"}],"about":[{"href":"https:\/\/noticiasribeiraopreto.com.br\/index.php\/wp-json\/wp\/v2\/types\/post"}],"author":[{"embeddable":true,"href":"https:\/\/noticiasribeiraopreto.com.br\/index.php\/wp-json\/wp\/v2\/users\/1"}],"replies":[{"embeddable":true,"href":"https:\/\/noticiasribeiraopreto.com.br\/index.php\/wp-json\/wp\/v2\/comments?post=90763"}],"version-history":[{"count":0,"href":"https:\/\/noticiasribeiraopreto.com.br\/index.php\/wp-json\/wp\/v2\/posts\/90763\/revisions"}],"wp:featuredmedia":[{"embeddable":true,"href":"https:\/\/noticiasribeiraopreto.com.br\/index.php\/wp-json\/wp\/v2\/media\/58193"}],"wp:attachment":[{"href":"https:\/\/noticiasribeiraopreto.com.br\/index.php\/wp-json\/wp\/v2\/media?parent=90763"}],"wp:term":[{"taxonomy":"category","embeddable":true,"href":"https:\/\/noticiasribeiraopreto.com.br\/index.php\/wp-json\/wp\/v2\/categories?post=90763"},{"taxonomy":"post_tag","embeddable":true,"href":"https:\/\/noticiasribeiraopreto.com.br\/index.php\/wp-json\/wp\/v2\/tags?post=90763"}],"curies":[{"name":"wp","href":"https:\/\/api.w.org\/{rel}","templated":true}]}}