{"id":90764,"date":"2026-08-31T00:37:04","date_gmt":"2026-08-31T03:37:04","guid":{"rendered":"https:\/\/noticiasribeiraopreto.com.br\/index.php\/2026\/08\/31\/ministro-destaca-turismo-como-instrumento-de-desenvolvimento\/"},"modified":"2026-08-31T00:37:04","modified_gmt":"2026-08-31T03:37:04","slug":"ministro-destaca-turismo-como-instrumento-de-desenvolvimento","status":"publish","type":"post","link":"https:\/\/noticiasribeiraopreto.com.br\/index.php\/2026\/08\/31\/ministro-destaca-turismo-como-instrumento-de-desenvolvimento\/","title":{"rendered":"Ministro destaca turismo como instrumento de desenvolvimento"},"content":{"rendered":"<div class='code-block code-block-1' style='margin: 8px 0 8px auto; text-align: right; display: block; clear: both;'>\n<p><a href=\"https:\/\/wa.link\/vpicfd\"><img data-recalc-dims=\"1\" class=\"wp-image-4922\" style=\"aspect-ratio: 2.0253164556962027; width: 561px; height: auto;\" src=\"https:\/\/i0.wp.com\/ismaelcolosi.com.br\/wp-content\/uploads\/2023\/11\/grupo-de-empregos-whatsapp-e-facebook-ismael-colosi-vagas.jpg?ssl=1\" alt=\"\" \/><\/a><\/p>\n<!-- \/wp:image -->\n<\/div>\n<p> <br \/>\n<\/p>\n<div>\n<p>\u00c0 frente do Minist\u00e9rio do Turismo desde o final do ano passado, Gustavo Feliciano diz ter orgulho do trabalho que sua pasta tem desenvolvido para consolidar o setor como instrumento estrat\u00e9gico de desenvolvimento econ\u00f4mico e inser\u00e7\u00e3o social.<\/p>\n<p>Um dos principais programas desenvolvidos \u00e9 o que disponibiliza uma linha de cr\u00e9dito para os microempreendedores do turismo cadastrados no Cad\u00danico e no Cadastur. A linha disponibiliza recursos para que eles invistam em seus neg\u00f3cios por meio de financiamento do Fundo Geral de Turismo (Fungetur).<\/p>\n<p>O Minist\u00e9rio tamb\u00e9m tem investido em a\u00e7\u00f5es e na parceria com a Empresa Brasileira de Turismo (Embratur), promovendo a imagem do Brasil no exterior como importante polo para o turismo internacional, sempre com foco na sustentabilidade e na valoriza\u00e7\u00e3o da diversidade cultural e natural do pa\u00eds. Somente nos sete primeiros meses de 2026, o Brasil recebeu 5,8 milh\u00f5es de turistas internacionais. Confira a entrevista <strong>exclusiva<\/strong> concedida ao <strong>Tribuna Ribeir\u00e3o<\/strong>.<\/p>\n<p><strong>Tribuna Ribeir\u00e3o \u2013 O senhor comanda o Minist\u00e9rio do Turismo h\u00e1 quase um ano. Que avalia\u00e7\u00e3o faz deste per\u00edodo?<\/strong><\/p>\n<p><strong>Gustavo Feliciano \u2013 <\/strong>O balan\u00e7o \u00e9 extremamente positivo. Assumimos a miss\u00e3o de transformar a voca\u00e7\u00e3o natural e cultural do Brasil em resultados econ\u00f4micos concretos na ponta, e os dados de 2026 confirmam que o setor vive um momento hist\u00f3rico de quebra de recordes. Alcan\u00e7amos marcas in\u00e9ditas tanto no turismo interno quanto no fluxo internacional, e esse aquecimento resultou em uma for\u00e7a de trabalho cada vez mais robusta. O estoque total de empregos formais gerados pelo turismo no pa\u00eds superou a marca de 2,44 milh\u00f5es de trabalhadores ocupados, consolidando o segmento como um dos maiores empregadores do Brasil. Mais do que n\u00fameros e estat\u00edsticas, a nossa grande conquista foi consolidar o turismo como uma pol\u00edtica p\u00fablica estrat\u00e9gica de Estado para a inclus\u00e3o social, o combate \u00e0s desigualdades e a distribui\u00e7\u00e3o direta de renda. Trabalhamos para que o dinheiro deixado pelo visitante chegue ao pequeno comerciante, ao guia de turismo local e a toda a comunidade.<\/p>\n<blockquote>\n<p>\u201cAlcan\u00e7amos marcas in\u00e9ditas tanto no turismo interno quanto no fluxo internacional, e esse aquecimento resultou em uma for\u00e7a de trabalho cada vez mais robusta\u201d<\/p>\n<\/blockquote>\n<p><strong>Tribuna Ribeir\u00e3o \u2013 O Minist\u00e9rio est\u00e1 desenvolvendo um programa de linha de cr\u00e9dito para Microempreendedores do Turismo. Como ele funciona?<\/strong><\/p>\n<p><strong>Gustavo Feliciano \u2013 <\/strong>Essa \u00e9 uma das nossas pautas mais priorit\u00e1rias. A democratiza\u00e7\u00e3o do cr\u00e9dito \u00e9 a ferramenta mais eficaz para emancipar o micro e o pequeno empreendedor. O financiamento \u2013 que proporciona capital de giro, obras e a compra de equipamentos para MEIs inscritos no Cad\u00danico, instrumento que identifica fam\u00edlias em situa\u00e7\u00e3o de vulnerabilidade; e tamb\u00e9m no Cadastur (Cadastro de Prestadores de Servi\u00e7os Tur\u00edsticos) \u2013 \u00e9 operado por meio do Fundo Geral de Turismo (Fungetur), uma das nossas principais alavancas de fomento. O grande diferencial est\u00e1 na simplifica\u00e7\u00e3o do acesso: eliminamos as principais barreiras burocr\u00e1ticas ao contar com a cobertura do Fundo Garantidor de Opera\u00e7\u00f5es (FGO), por meio do Programa Acredita no Primeiro Passo, do Minist\u00e9rio do Desenvolvimento e Assist\u00eancia Social, Fam\u00edlia e Combate \u00e0 Fome, o que dispensa a apresenta\u00e7\u00e3o de garantias reais por parte do empreendedor aos agentes financeiros credenciados a conceder o cr\u00e9dito. Al\u00e9m disso, o Sebrae oferece apoio t\u00e9cnico direto na formata\u00e7\u00e3o das propostas de financiamento, garantindo que o pequeno empres\u00e1rio apresente um projeto consistente e vi\u00e1vel.<\/p>\n<p><strong>Tribuna Ribeir\u00e3o \u2013 Como os microempreendedores podem se candidatar e participar deste projeto?<\/strong><\/p>\n<p><strong>Gustavo Feliciano \u2013 <\/strong>O processo foi pensado para ser \u00e1gil, transparente e desburocratizado. A porta de entrada e requisito legal indispens\u00e1vel \u00e9 a inscri\u00e7\u00e3o ativa no Cadastur, processo este 100% online e totalmente gratuito atrav\u00e9s do site do Minist\u00e9rio (www.cadastur.turismo.gov.br). Tamb\u00e9m \u00e9 preciso estar no Cad\u00danico do Governo Federal, utilizado como crit\u00e9rio de prioriza\u00e7\u00e3o e inclus\u00e3o. A inscri\u00e7\u00e3o no Cad\u00danico exige renda mensal individual de at\u00e9 meio sal\u00e1rio m\u00ednimo (R$ 759) ou familiar de at\u00e9 tr\u00eas m\u00ednimos (R$ 4.554). Com a regularidade nos dois sistemas e a documenta\u00e7\u00e3o do neg\u00f3cio em m\u00e3os, o empreendedor deve procurar um agente financeiro credenciado ao Fungetur, que, em S\u00e3o Paulo, incluem a Caixa Econ\u00f4mica Federal, a Desenvolve SP (Ag\u00eancia de Fomento do Estado de S\u00e3o Paulo), a Cresol Baser e a Cresol Sicoper, entre outros. S\u00e3o essas institui\u00e7\u00f5es financeiras que realizam a an\u00e1lise de cr\u00e9dito final e operacionalizam a libera\u00e7\u00e3o dos recursos.<\/p>\n<blockquote>\n<p>\u201cA democratiza\u00e7\u00e3o do cr\u00e9dito \u00e9 a ferramenta mais eficaz para emancipar o micro e o pequeno empreendedor\u201d<\/p>\n<\/blockquote>\n<p><strong>Tribuna Ribeir\u00e3o \u2013<\/strong> <strong>Qual o prazo do financiamento, o tempo de car\u00eancia e as taxas de juros deste programa?<\/strong><\/p>\n<p><strong>Gustavo Feliciano \u2013 <\/strong>Desenhamos condi\u00e7\u00f5es operacionais bastante vantajosas quando comparadas ao sistema financeiro privado tradicional, justamente para garantir a sustentabilidade do pequeno neg\u00f3cio, a seguran\u00e7a or\u00e7ament\u00e1ria e a sa\u00fade financeira do micro e pequeno empreendedor que faz o turismo acontecer na ponta. O financiamento foi estruturado com um prazo total de pagamento de at\u00e9 24 meses, com direito a um per\u00edodo de car\u00eancia de at\u00e9 seis meses para o in\u00edcio da quita\u00e7\u00e3o das parcelas, permitindo que o empres\u00e1rio tenha o f\u00f4lego necess\u00e1rio para estruturar suas opera\u00e7\u00f5es antes de come\u00e7ar a honrar os compromissos do empr\u00e9stimo. Todo esse modelo \u00e9 suportado pelos encargos financeiros mais competitivos do mercado, fixados em at\u00e9 5% ao ano, acrescidos da varia\u00e7\u00e3o do INPC (\u00cdndice Nacional de Pre\u00e7os ao Consumidor). Trata-se de uma pol\u00edtica de fomento desenhada sob medida para desonerar o empreendedor, derrubar as barreiras do cr\u00e9dito banc\u00e1rio comum e assegurar que o pequeno investimento se converta em emprego, renda e desenvolvimento.<\/p>\n<figure id=\"attachment_475461\" aria-describedby=\"caption-attachment-475461\" style=\"width: 200px\" class=\"wp-caption alignleft\"><figcaption id=\"caption-attachment-475461\" class=\"wp-caption-text\">Reprodu\u00e7\u00e3o<\/figcaption><\/figure>\n<p><strong>Tribuna Ribeir\u00e3o \u2013<\/strong> <strong>Em sua an\u00e1lise, qual a import\u00e2ncia dos microempreendedores individuais para a cadeia do turismo brasileira?<\/strong><\/p>\n<p><strong>Gustavo Feliciano \u2013 <\/strong>Eles representam a verdadeira for\u00e7a motriz do turismo nacional. Mais de 90% dos servi\u00e7os do setor s\u00e3o compostos por MEIs, micro e pequenas empresas. O turismo n\u00e3o \u00e9 feito apenas por gigantes corporativos, ele ganha vida e identidade no pequeno restaurante familiar de culin\u00e1ria regional, na pousada gerida por moradores locais, no trabalho fundamental do guia de turismo credenciado e na cooperativa de artes\u00e3os. Esses pequenos atores possuem uma enorme capacidade de reten\u00e7\u00e3o de valor no territ\u00f3rio: cada real gasto por um visitante nesses estabelecimentos circula imediatamente dentro da pr\u00f3pria comunidade. Isso gera um efeito multiplicador direto no com\u00e9rcio, cria novos postos de trabalho e promove uma inclus\u00e3o socioecon\u00f4mica real, r\u00e1pida e transformadora. Garantir suporte e cr\u00e9dito para o microempreendedor \u00e9 assegurar a distribui\u00e7\u00e3o da riqueza gerada pelo turismo brasileiro.<\/p>\n<p><strong>Tribuna Ribeir\u00e3o \u2013<\/strong> <strong>Qual a import\u00e2ncia de Ribeir\u00e3o Preto integrar o Mapa do Turismo Brasileiro como parte da regi\u00e3o tur\u00edstica Ra\u00edzes do Campo?<\/strong><\/p>\n<p><strong>Gustavo Feliciano \u2013 <\/strong>A presen\u00e7a ativa no Mapa do Turismo Brasileiro \u00e9 muito mais do que um cadastro formal: trata-se de uma valida\u00e7\u00e3o institucional que atesta a governan\u00e7a, a organiza\u00e7\u00e3o do ecossistema local e o compromisso real do munic\u00edpio com o desenvolvimento sustent\u00e1vel do setor. Integrar o Mapa coloca Ribeir\u00e3o Preto em uma posi\u00e7\u00e3o de destaque estrat\u00e9gico na prateleira do turismo paulista e nacional. Com isso, o munic\u00edpio fortalece a sua identidade regional integrada, conectando a pujan\u00e7a do seu turismo de neg\u00f3cios e gastron\u00f4mico a rotas de agroturismo, turismo rural e de experi\u00eancia. Essa sinergia contribui para ampliar o tempo de perman\u00eancia do visitante na cidade, elevar o t\u00edquete m\u00e9dio de consumo no com\u00e9rcio local e potencializar diretamente a gera\u00e7\u00e3o de emprego, renda e inclus\u00e3o social para toda a popula\u00e7\u00e3o de Ribeir\u00e3o Preto e regi\u00e3o.<\/p>\n<blockquote>\n<p>\u201cO turismo n\u00e3o \u00e9 feito apenas por gigantes corporativos, ele ganha vida e identidade no pequeno restaurante familiar de culin\u00e1ria regional, na pousada, no trabalho fundamental do guia de turismo credenciado e na cooperativa de artes\u00e3os\u201d<\/p>\n<\/blockquote>\n<p><strong>Tribuna Ribeir\u00e3o \u2013 O Minist\u00e9rio tem dados sobre ades\u00e3o de Ribeir\u00e3o Preto neste programa?<\/strong><\/p>\n<p><strong>Gustavo Feliciano \u2013 <\/strong>O fato de Ribeir\u00e3o Preto integrar o Mapa do Turismo Brasileiro como munic\u00edpio tur\u00edstico \u00e9 a comprova\u00e7\u00e3o t\u00e9cnica de que a cidade possui fortes indicadores positivos no segmento, registrando um expressivo n\u00famero de empregos formais gerados nas atividades caracter\u00edsticas do turismo e uma arrecada\u00e7\u00e3o tribut\u00e1ria ligada ao setor que a consolida como uma das economias mais din\u00e2micas do interior de S\u00e3o Paulo. Estar no Mapa do Turismo Brasileiro \u00e9 um requisito central para o planejamento estrat\u00e9gico e o verdadeiro desenvolvimento do setor. \u00c9 a partir do Mapa que o Governo Federal identifica as prioridades regionais, diagnostica as necessidades e direciona pol\u00edticas p\u00fablicas. A presen\u00e7a no Mapa permite que o poder p\u00fablico e o empresariado local trabalhem integrados, fazendo com que a cidade planeje o crescimento da sua atividade tur\u00edstica de forma ordenada, sustent\u00e1vel e com vis\u00e3o de longo prazo.<\/p>\n<p><strong>Tribuna Ribeir\u00e3o \u2013<\/strong> <strong>Que a\u00e7\u00f5es espec\u00edficas o Minist\u00e9rio tem desenvolvido para a regi\u00e3o de Ribeir\u00e3o Preto?<\/strong><\/p>\n<p><strong>Gustavo Feliciano \u2013 <\/strong>Uma delas \u00e9 a pr\u00f3pria disponibilidade de cr\u00e9dito via Fungetur, que, \u00e9 importante destacar, n\u00e3o atende somente MEIs, mas abrange toda a cadeia produtiva, contemplando desde micro, pequenas e m\u00e9dias empresas at\u00e9 neg\u00f3cios de maior porte do setor tur\u00edstico. Isso permite que meios de hospedagem, restaurantes, transportadoras, parques tem\u00e1ticos e organizadores de eventos de Ribeir\u00e3o Preto e regi\u00e3o, independentemente do porte, possam reformar, ampliar, adquirir equipamentos e modernizar suas estruturas de atendimento. Al\u00e9m disso, refor\u00e7amos constantemente a nossa presen\u00e7a institucional e o alinhamento t\u00e9cnico com os munic\u00edpios paulistas. Um exemplo recente foi a participa\u00e7\u00e3o do Minist\u00e9rio do Turismo no encontro da Amitesp (Associa\u00e7\u00e3o dos Munic\u00edpios de Interesse Tur\u00edstico do Estado de S\u00e3o Paulo), realizado em Mar\u00edlia. Na ocasi\u00e3o, foram detalhadas as a\u00e7\u00f5es de apoio proporcionadas pelo Governo Federal por meio do Programa de Regionaliza\u00e7\u00e3o do Turismo, reafirmando o compromisso de fortalecer a governan\u00e7a regional, a estrutura\u00e7\u00e3o dos destinos e a integra\u00e7\u00e3o dos circuitos tur\u00edsticos do interior do estado.<\/p>\n<p><strong>Tribuna Ribeir\u00e3o \u2013<\/strong> <strong>Ribeir\u00e3o Preto \u00e9 considerado um importante polo de turismo de eventos e neg\u00f3cios nos mais diferentes setores. Como o Minist\u00e9rio pode ajudar a potencializar ainda mais o setor?<\/strong><\/p>\n<p><strong>Gustavo Feliciano \u2013 <\/strong>O apoio proporcionado por meio do Fungetur e da orienta\u00e7\u00e3o t\u00e9cnica quanto a programas federais que favorecem o crescimento do setor contribui para que a cidade se estruture cada vez melhor e aproveite o momento hist\u00f3rico do turismo brasileiro. Os n\u00fameros nacionais do turismo de neg\u00f3cios e eventos falam por si: de janeiro a julho desse ano, o Brasil bateu um recorde hist\u00f3rico e movimentou R$ 8,4 bilh\u00f5es, representando um crescimento de 8% em rela\u00e7\u00e3o ao mesmo per\u00edodo de 2025. Esse resultado consolida uma trajet\u00f3ria ascendente vinda do ano de 2025, que fechou com o melhor faturamento da hist\u00f3ria do turismo corporativo, atingindo a marca de R$ 13,7 bilh\u00f5es. Esse segmento \u00e9 vital para a economia nacional porque possui o maior t\u00edquete m\u00e9dio de consumo de toda a ind\u00fastria do turismo, al\u00e9m de combater diretamente a sazonalidade e movimentar dezenas de atividades econ\u00f4micas simult\u00e2neas.<\/p>\n<blockquote>\n<p>\u201cO fato de Ribeir\u00e3o Preto integrar o Mapa do Turismo Brasileiro como munic\u00edpio tur\u00edstico \u00e9 a comprova\u00e7\u00e3o t\u00e9cnica de que a cidade possui fortes indicadores positivos no segmento\u201d<\/p>\n<\/blockquote>\n<p><strong>Tribuna Ribeir\u00e3o \u2013<\/strong> <strong>Nos sete primeiros meses do ano, o Brasil recebeu 5,8 milh\u00f5es de turistas internacionais. Que avalia\u00e7\u00e3o o senhor faz desses n\u00fameros e como o Minist\u00e9rio tem trabalhado para atrair mais turistas?<\/strong><\/p>\n<p><strong>Gustavo Feliciano \u2013 <\/strong>Essa marca evidencia o reconhecimento global do imenso potencial tur\u00edstico do Brasil e da consolida\u00e7\u00e3o do nosso pa\u00eds como um dos destinos mais desejados do planeta. E isso se traduz em impacto econ\u00f4mico direto: os gastos de turistas internacionais no Brasil, por exemplo, atingiram a marca hist\u00f3rica de R$ 33,6 bilh\u00f5es de janeiro e julho de 2026, uma alta de quase 10% na compara\u00e7\u00e3o com os sete primeiros meses de 2025. Esses resultados s\u00e3o fruto de uma estrat\u00e9gia integrada.<\/p>\n<p>Trabalhamos em estreita parceria com a Embratur para ampliar a conectividade a\u00e9rea nacional e na promo\u00e7\u00e3o da nova imagem do Brasil no exterior, pautada pelo compromisso com a sustentabilidade, a valoriza\u00e7\u00e3o da nossa imensa diversidade cultural natural e a inclus\u00e3o social. Dentro dessa vis\u00e3o, lan\u00e7amos o Plano Brasis, o Plano Internacional de Marketing Tur\u00edstico do Brasil, uma diretriz estrat\u00e9gica que busca descentralizar o fluxo de turistas internacionais por todas as regi\u00f5es do pa\u00eds. Isso busca garantir que a riqueza gerada pelo estrangeiro n\u00e3o fique restrita apenas aos destinos tradicionais, mas alcance tamb\u00e9m o interior, os circuitos de agroturismo, o ecoturismo e os polos regionais de neg\u00f3cios, como Ribeir\u00e3o Preto.<\/p>\n<p><strong>Tribuna Ribeir\u00e3o \u2013<\/strong> <strong>Qual a import\u00e2ncia do turismo na cadeia produtiva nacional?<\/strong><\/p>\n<p><strong>Gustavo Feliciano \u2013 <\/strong>O turismo \u00e9 uma das ind\u00fastrias mais transversais e integradoras, desempenhando um papel crucial na dinamiza\u00e7\u00e3o da economia nacional. A sua for\u00e7a reside justamente na capacidade de impactar mais de 50 diferentes atividades econ\u00f4micas, o que faz do setor um dos motores mais eficientes para interiorizar o desenvolvimento e distribuir renda. Quando um turista desembarca em uma cidade e se hospeda em um hotel ou pousada, isso gera uma rea\u00e7\u00e3o imediata em todo o com\u00e9rcio, incluindo gastronomia, transporte, atra\u00e7\u00f5es culturais e eventos.<\/p>\n<p>Mais do que isso, o turismo ministro do timpulsiona a agricultura familiar e a agroind\u00fastria regional, que abastecem restaurantes, bares e o caf\u00e9 da manh\u00e3 dos meios de hospedagem. O turismo se destaca pela capacidade incompar\u00e1vel de transformar ativos naturais, hist\u00f3ricos e culturais em riqueza compartilhada, gerando empregos diretos e indiretos de ponta a ponta, do trabalhador aut\u00f4nomo ao grande investidor.<\/p>\n<figure id=\"attachment_475462\" aria-describedby=\"caption-attachment-475462\" style=\"width: 461px\" class=\"wp-caption aligncenter\"><img data-recalc-dims=\"1\" loading=\"lazy\" decoding=\"async\" class=\"wp-image-475462 lazyload\" src=\"https:\/\/i0.wp.com\/www.tribunaribeirao.com.br\/wp-content\/uploads\/2026\/08\/ministrodoturismo4-divulgacao-300x199.jpeg?resize=461%2C306&#038;ssl=1\" alt=\"\" width=\"461\" height=\"306\" srcset=\"https:\/\/www.tribunaribeirao.com.br\/wp-content\/uploads\/2026\/08\/ministrodoturismo4-divulgacao-300x199.jpeg 300w, https:\/\/www.tribunaribeirao.com.br\/wp-content\/uploads\/2026\/08\/ministrodoturismo4-divulgacao-768x509.jpeg 768w, https:\/\/www.tribunaribeirao.com.br\/wp-content\/uploads\/2026\/08\/ministrodoturismo4-divulgacao-480x320.jpeg 480w, https:\/\/www.tribunaribeirao.com.br\/wp-content\/uploads\/2026\/08\/ministrodoturismo4-divulgacao-280x186.jpeg 280w, https:\/\/www.tribunaribeirao.com.br\/wp-content\/uploads\/2026\/08\/ministrodoturismo4-divulgacao-604x400.jpeg 604w, https:\/\/www.tribunaribeirao.com.br\/wp-content\/uploads\/2026\/08\/ministrodoturismo4-divulgacao-585x388.jpeg 585w, https:\/\/www.tribunaribeirao.com.br\/wp-content\/uploads\/2026\/08\/ministrodoturismo4-divulgacao.jpeg 922w\" data-sizes=\"(max-width: 461px) 100vw, 461px\" style=\"--smush-placeholder-width: 461px; --smush-placeholder-aspect-ratio: 461\/306;\"\/><figcaption id=\"caption-attachment-475462\" class=\"wp-caption-text\">Reprodu\u00e7\u00e3o<\/figcaption><\/figure>\n<p><strong>Tribuna Ribeir\u00e3o \u2013<\/strong> <strong>Que conselho o senhor daria para quem deseja investir no setor de turismo?<\/strong><\/p>\n<p><strong>Gustavo Feliciano \u2013 <\/strong>O meu conselho para quem quer empreender, ou mesmo expandir o seu neg\u00f3cio na \u00e1rea, \u00e9 claro: aposte com convic\u00e7\u00e3o. O Brasil possui uma voca\u00e7\u00e3o tur\u00edstica inigual\u00e1vel, e o nosso turismo atravessa um momento in\u00e9dito, com sucessivos recordes, a atra\u00e7\u00e3o massiva e sem precedentes de turistas internacionais e por um aquecimento vigoroso do mercado dom\u00e9stico. Para se ter uma ideia, de janeiro a julho de 2026, o Brasil teve o maior movimento de passageiros dom\u00e9sticos da s\u00e9rie hist\u00f3rica, iniciada em 2000: 59 milh\u00f5es (n\u00famero 4% superior ao do mesmo per\u00edodo de 2025).<\/p>\n<p>E o horizonte pr\u00f3ximo anda nos traz uma oportunidade gigantesca: o Brasil ser\u00e1 sede da Copa do Mundo Feminina de Futebol da FIFA em 2027. Esse grande evento global colocar\u00e1 o pa\u00eds sob os holofotes do planeta, atraindo um fluxo maci\u00e7o de visitantes, gerando demanda para a hotelaria, a gastronomia e servi\u00e7os e abrindo um leque extraordin\u00e1rio de novas oportunidades de neg\u00f3cios. Quem decidir investir no setor com profissionalismo e vis\u00e3o de futuro encontrar\u00e1 um mercado com um extraordin\u00e1rio potencial de retorno. E o Governo Federal, que abra\u00e7ou o turismo como vetor estrat\u00e9gico de desenvolvimento econ\u00f4mico e inclus\u00e3o social, est\u00e1 de portas abertas para caminhar lado a lado com quem produz, gera empregos e transforma a realidade das cidades brasileiras.<\/p>\n<div style=\"background-color: #f4f4f5; border: 1px solid #d4d4d8; padding: 15px; margin: 20px 0; border-radius: 6px; font-family: sans-serif; line-height: 1.5;\">\n    <span style=\"color: #27272a;\">Inscreva-se em nosso Canal no Whatsapp e fique por dentro de tudo que acontece na regi\u00e3o. <\/span><br \/>\n    <a href=\"https:\/\/whatsapp.com\/channel\/0029VanuE2o7z4kYjo0XVS3u\" target=\"_blank\" rel=\"noopener noreferrer\" style=\"color: #16a34a; font-weight: bold; text-decoration: underline;\">Clique Aqui!<\/a>\n<\/div>\n<\/div>\n<p><br \/>\n<br \/><a href=\"https:\/\/www.tribunaribeirao.com.br\/ministro-destaca-turismo-como-instrumento-de-desenvolvimento\/\">Texto original daqui <\/a><\/p>\n<!-- CONTENT END 1 -->\n","protected":false},"excerpt":{"rendered":"<p>\u00c0 frente do Minist\u00e9rio do Turismo desde o final do ano passado, Gustavo Feliciano diz ter orgulho do trabalho que sua pasta tem desenvolvido para&#8230;<\/p>\n","protected":false},"author":1,"featured_media":90765,"comment_status":"","ping_status":"","sticky":false,"template":"","format":"standard","meta":{"advanced_seo_description":"","jetpack_seo_html_title":"","jetpack_seo_noindex":false,"jetpack_seo_schema_type":"","_jetpack_newsletter_access":"","_jetpack_dont_email_post_to_subs":false,"_jetpack_newsletter_tier_id":0,"_jetpack_memberships_contains_paywalled_content":false,"_jetpack_feature_clip_id":0,"_jetpack_memberships_contains_paid_content":false,"footnotes":"","jetpack_publicize_message":"","jetpack_publicize_feature_enabled":true,"jetpack_social_post_already_shared":true,"jetpack_social_options":{"image_generator_settings":{"template":"highway","default_image_id":0,"font":"","enabled":false},"version":2},"jetpack_post_was_ever_published":false},"categories":[11],"tags":[265,3792,1458,5975,3408,1928],"class_list":["post-90764","post","type-post","status-publish","format-standard","has-post-thumbnail","hentry","category-noticias-de-ribeirao-preto-sp-e-regiao-ismael-colosi","tag-como","tag-desenvolvimento","tag-destaca","tag-instrumento","tag-ministro","tag-turismo"],"jetpack_publicize_connections":[],"jetpack-related-posts":[{"id":6786,"url":"https:\/\/noticiasribeiraopreto.com.br\/index.php\/2023\/11\/26\/ufrn-oferece-vagas-em-curso-gratuito-voltado-ao-turismo\/","url_meta":{"origin":90764,"position":0},"title":"UFRN oferece vagas em curso gratuito voltado ao turismo","author":"noticiasribeiraopreto.com.br","date":"26 de November de 2023","format":false,"excerpt":"O Minist\u00e9rio do Turismo (MTur), em parceria com a Universidade Federal do Rio Grande do Norte (UFRN), abriu as inscri\u00e7\u00f5es para curso gratuito de especializa\u00e7\u00e3o em Turismo Respons\u00e1vel. Ser\u00e3o oferecidas 30 vagas para servidores que integram o quadro t\u00e9cnico das Secretarias Estaduais de Turismo e tamb\u00e9m \u00f3rg\u00e3os federais. Cr\u00e9ditos: SolStock\/iStockUFRN\u2026","rel":"","context":"In &quot;Variedades&quot;","block_context":{"text":"Variedades","link":"https:\/\/noticiasribeiraopreto.com.br\/index.php\/category\/variedades\/"},"img":{"alt_text":"","src":"https:\/\/i0.wp.com\/noticiasribeiraopreto.com.br\/wp-content\/uploads\/2023\/11\/cursos-gratuitos-mtur.jpg?fit=1200%2C638&ssl=1&resize=350%2C200","width":350,"height":200,"srcset":"https:\/\/i0.wp.com\/noticiasribeiraopreto.com.br\/wp-content\/uploads\/2023\/11\/cursos-gratuitos-mtur.jpg?fit=1200%2C638&ssl=1&resize=350%2C200 1x, https:\/\/i0.wp.com\/noticiasribeiraopreto.com.br\/wp-content\/uploads\/2023\/11\/cursos-gratuitos-mtur.jpg?fit=1200%2C638&ssl=1&resize=525%2C300 1.5x, https:\/\/i0.wp.com\/noticiasribeiraopreto.com.br\/wp-content\/uploads\/2023\/11\/cursos-gratuitos-mtur.jpg?fit=1200%2C638&ssl=1&resize=700%2C400 2x, https:\/\/i0.wp.com\/noticiasribeiraopreto.com.br\/wp-content\/uploads\/2023\/11\/cursos-gratuitos-mtur.jpg?fit=1200%2C638&ssl=1&resize=1050%2C600 3x"},"classes":[]},{"id":36546,"url":"https:\/\/noticiasribeiraopreto.com.br\/index.php\/2024\/02\/10\/estrangeiros-deixam-us-69-bi-no-brasil\/","url_meta":{"origin":90764,"position":1},"title":"Estrangeiros deixam US$ 6,9 bi no Brasil\u00a0","author":"noticiasribeiraopreto.com.br","date":"10 de February de 2024","format":false,"excerpt":"O volume de recursos deixados por turistas estrangeiros em 2023 no Brasil foi recorde \u2013 US$ 6,9 bilh\u00f5es, o equivalente a R$ 34,5 bilh\u00f5es \u2013 e levou o pa\u00eds a assumir a lideran\u00e7a sul-americana em termos de arrecada\u00e7\u00e3o no setor, conforme o ranking de 20 pa\u00edses divulgado nesta semana, pela\u2026","rel":"","context":"In &quot;Not\u00edcias de Ribeir\u00e3o Preto-SP e Regi\u00e3o&quot;","block_context":{"text":"Not\u00edcias de Ribeir\u00e3o Preto-SP e Regi\u00e3o","link":"https:\/\/noticiasribeiraopreto.com.br\/index.php\/category\/noticias-de-ribeirao-preto-sp-e-regiao-ismael-colosi\/"},"img":{"alt_text":"","src":"https:\/\/i0.wp.com\/noticiasribeiraopreto.com.br\/wp-content\/uploads\/2024\/02\/Mais-Corporativo_Turismo-de-lazer.jpg?fit=1000%2C594&ssl=1&resize=350%2C200","width":350,"height":200,"srcset":"https:\/\/i0.wp.com\/noticiasribeiraopreto.com.br\/wp-content\/uploads\/2024\/02\/Mais-Corporativo_Turismo-de-lazer.jpg?fit=1000%2C594&ssl=1&resize=350%2C200 1x, https:\/\/i0.wp.com\/noticiasribeiraopreto.com.br\/wp-content\/uploads\/2024\/02\/Mais-Corporativo_Turismo-de-lazer.jpg?fit=1000%2C594&ssl=1&resize=525%2C300 1.5x, https:\/\/i0.wp.com\/noticiasribeiraopreto.com.br\/wp-content\/uploads\/2024\/02\/Mais-Corporativo_Turismo-de-lazer.jpg?fit=1000%2C594&ssl=1&resize=700%2C400 2x"},"classes":[]},{"id":85683,"url":"https:\/\/noticiasribeiraopreto.com.br\/index.php\/2026\/05\/14\/encontro-de-turismo-destaca-segmento-das-cervejas-artesanais\/","url_meta":{"origin":90764,"position":2},"title":"Encontro de turismo destaca segmento das cervejas artesanais","author":"noticiasribeiraopreto.com.br","date":"14 de May de 2026","format":false,"excerpt":"O evento abordou dados sobre o mercado hoteleiro e a import\u00e2ncia da divulga\u00e7\u00e3o de atividades desenvolvidas na regi\u00e3o Senac, Sebrae, Sesc, Observat\u00f3rio Econ\u00f4mico e de Turismo de Ribeir\u00e3o Preto e Sindicato de Turismo, Hospitalidade, Servi\u00e7os e Mercado Imobili\u00e1rio de Ribeir\u00e3o Preto e Regi\u00e3o (SINDTUR) reuniram representantes do setor do turismo\u2026","rel":"","context":"In &quot;Not\u00edcias de Ribeir\u00e3o Preto-SP e Regi\u00e3o&quot;","block_context":{"text":"Not\u00edcias de Ribeir\u00e3o Preto-SP e Regi\u00e3o","link":"https:\/\/noticiasribeiraopreto.com.br\/index.php\/category\/noticias-de-ribeirao-preto-sp-e-regiao-ismael-colosi\/"},"img":{"alt_text":"","src":"https:\/\/i0.wp.com\/noticiasribeiraopreto.com.br\/wp-content\/uploads\/2026\/05\/turismo-s-s-scaled.jpeg?fit=1170%2C780&ssl=1&resize=350%2C200","width":350,"height":200,"srcset":"https:\/\/i0.wp.com\/noticiasribeiraopreto.com.br\/wp-content\/uploads\/2026\/05\/turismo-s-s-scaled.jpeg?fit=1170%2C780&ssl=1&resize=350%2C200 1x, https:\/\/i0.wp.com\/noticiasribeiraopreto.com.br\/wp-content\/uploads\/2026\/05\/turismo-s-s-scaled.jpeg?fit=1170%2C780&ssl=1&resize=525%2C300 1.5x, https:\/\/i0.wp.com\/noticiasribeiraopreto.com.br\/wp-content\/uploads\/2026\/05\/turismo-s-s-scaled.jpeg?fit=1170%2C780&ssl=1&resize=700%2C400 2x, https:\/\/i0.wp.com\/noticiasribeiraopreto.com.br\/wp-content\/uploads\/2026\/05\/turismo-s-s-scaled.jpeg?fit=1170%2C780&ssl=1&resize=1050%2C600 3x"},"classes":[]},{"id":89775,"url":"https:\/\/noticiasribeiraopreto.com.br\/index.php\/2026\/08\/11\/microempreendedores-do-turismo-de-sp-inscritos-no-cadunico-terao-acesso-a-linha-de-credito-de-ate-r-21-mil\/","url_meta":{"origin":90764,"position":3},"title":"Microempreendedores do turismo de SP, inscritos no Cad\u00danico, ter\u00e3o acesso \u00e0 linha de cr\u00e9dito de at\u00e9 R$ 21 mil","author":"noticiasribeiraopreto.com.br","date":"11 de August de 2026","format":false,"excerpt":"\r \r \r 11 de agosto de 2026 12:26 \r Compartilhar0 O ministro do Turismo, Gustavo Feliciano, participa nesta quarta-feira, dia 12 de agosto, a partir das 14h, em S\u00e3o Paulo, de uma reuni\u00e3o t\u00e9cnica com integrantes da Caixa Econ\u00f4mica Federal e do Sebrae para tratar da orienta\u00e7\u00e3o sobre o\u2026","rel":"","context":"In &quot;Not\u00edcias de Ribeir\u00e3o Preto-SP e Regi\u00e3o&quot;","block_context":{"text":"Not\u00edcias de Ribeir\u00e3o Preto-SP e Regi\u00e3o","link":"https:\/\/noticiasribeiraopreto.com.br\/index.php\/category\/noticias-de-ribeirao-preto-sp-e-regiao-ismael-colosi\/"},"img":{"alt_text":"","src":"https:\/\/i0.wp.com\/noticiasribeiraopreto.com.br\/wp-content\/uploads\/2026\/08\/Captura-de-tela-2026-08-11-122543.png?fit=912%2C607&ssl=1&resize=350%2C200","width":350,"height":200,"srcset":"https:\/\/i0.wp.com\/noticiasribeiraopreto.com.br\/wp-content\/uploads\/2026\/08\/Captura-de-tela-2026-08-11-122543.png?fit=912%2C607&ssl=1&resize=350%2C200 1x, https:\/\/i0.wp.com\/noticiasribeiraopreto.com.br\/wp-content\/uploads\/2026\/08\/Captura-de-tela-2026-08-11-122543.png?fit=912%2C607&ssl=1&resize=525%2C300 1.5x, https:\/\/i0.wp.com\/noticiasribeiraopreto.com.br\/wp-content\/uploads\/2026\/08\/Captura-de-tela-2026-08-11-122543.png?fit=912%2C607&ssl=1&resize=700%2C400 2x"},"classes":[]},{"id":69767,"url":"https:\/\/noticiasribeiraopreto.com.br\/index.php\/2025\/05\/09\/encontro-em-franca-busca-valorizar-como-o-cafe-pode-movimentar-turismo-sustentavel\/","url_meta":{"origin":90764,"position":4},"title":"Encontro em Franca busca valorizar como o caf\u00e9 pode movimentar turismo sustent\u00e1vel","author":"noticiasribeiraopreto.com.br","date":"9 de May de 2025","format":false,"excerpt":"Nos dias 9 e 10 de maio, Franca ser\u00e1 palco do Lan\u00e7amento das Rotas do Caf\u00e9 de S\u00e3o Paulo, iniciativa que une o setor p\u00fablico e a sociedade civil para valorizar a cultura cafeeira do estado e impulsionar o desenvolvimento regional por meio do turismo sustent\u00e1vel. O evento acontece no\u2026","rel":"","context":"In &quot;Not\u00edcias de Franca-SP&quot;","block_context":{"text":"Not\u00edcias de Franca-SP","link":"https:\/\/noticiasribeiraopreto.com.br\/index.php\/category\/noticias-de-ribeirao-preto-sp-e-regiao-ismael-colosi\/noticias-franca-sp\/"},"img":{"alt_text":"","src":"https:\/\/i0.wp.com\/noticiasribeiraopreto.com.br\/wp-content\/uploads\/2025\/05\/cafe.jpg?fit=800%2C534&ssl=1&resize=350%2C200","width":350,"height":200,"srcset":"https:\/\/i0.wp.com\/noticiasribeiraopreto.com.br\/wp-content\/uploads\/2025\/05\/cafe.jpg?fit=800%2C534&ssl=1&resize=350%2C200 1x, https:\/\/i0.wp.com\/noticiasribeiraopreto.com.br\/wp-content\/uploads\/2025\/05\/cafe.jpg?fit=800%2C534&ssl=1&resize=525%2C300 1.5x, https:\/\/i0.wp.com\/noticiasribeiraopreto.com.br\/wp-content\/uploads\/2025\/05\/cafe.jpg?fit=800%2C534&ssl=1&resize=700%2C400 2x"},"classes":[]},{"id":82766,"url":"https:\/\/noticiasribeiraopreto.com.br\/index.php\/2026\/02\/26\/turismo-em-ribeirao-preto-deve-ganhar-novos-rumos\/","url_meta":{"origin":90764,"position":5},"title":"Turismo em Ribeir\u00e3o Preto deve ganhar novos rumos","author":"noticiasribeiraopreto.com.br","date":"26 de February de 2026","format":false,"excerpt":"Nesta quarta-feira (25), foi realizado no Sindicato de Turismo, Hospitalidade, Servi\u00e7os e Mercado Imobili\u00e1rio de Ribeir\u00e3o Preto e Regi\u00e3o (SINDTUR) um encontro entre o presidente da Federa\u00e7\u00e3o do Com\u00e9rcio de Bens, Servi\u00e7os e Turismo (FECOM\u00c9RCIO), Ivo Dall\u2019Acqua J\u00fanior, o diretor geral do Sesc S\u00e3o Paulo, Luiz Galina, o presidente do\u2026","rel":"","context":"In &quot;Not\u00edcias de Ribeir\u00e3o Preto-SP e Regi\u00e3o&quot;","block_context":{"text":"Not\u00edcias de Ribeir\u00e3o Preto-SP e Regi\u00e3o","link":"https:\/\/noticiasribeiraopreto.com.br\/index.php\/category\/noticias-de-ribeirao-preto-sp-e-regiao-ismael-colosi\/"},"img":{"alt_text":"","src":"https:\/\/i0.wp.com\/noticiasribeiraopreto.com.br\/wp-content\/uploads\/2026\/02\/WhatsApp-Image-2026-02-25-at-16.22.10-scaled.jpeg?fit=1170%2C780&ssl=1&resize=350%2C200","width":350,"height":200,"srcset":"https:\/\/i0.wp.com\/noticiasribeiraopreto.com.br\/wp-content\/uploads\/2026\/02\/WhatsApp-Image-2026-02-25-at-16.22.10-scaled.jpeg?fit=1170%2C780&ssl=1&resize=350%2C200 1x, https:\/\/i0.wp.com\/noticiasribeiraopreto.com.br\/wp-content\/uploads\/2026\/02\/WhatsApp-Image-2026-02-25-at-16.22.10-scaled.jpeg?fit=1170%2C780&ssl=1&resize=525%2C300 1.5x, https:\/\/i0.wp.com\/noticiasribeiraopreto.com.br\/wp-content\/uploads\/2026\/02\/WhatsApp-Image-2026-02-25-at-16.22.10-scaled.jpeg?fit=1170%2C780&ssl=1&resize=700%2C400 2x, https:\/\/i0.wp.com\/noticiasribeiraopreto.com.br\/wp-content\/uploads\/2026\/02\/WhatsApp-Image-2026-02-25-at-16.22.10-scaled.jpeg?fit=1170%2C780&ssl=1&resize=1050%2C600 3x"},"classes":[]}],"jetpack_sharing_enabled":true,"jetpack_shortlink":"https:\/\/wp.me\/peQAOb-nBW","jetpack_featured_media_url":"https:\/\/i0.wp.com\/noticiasribeiraopreto.com.br\/wp-content\/uploads\/2026\/08\/minstrodoturismo2-divulgacao.jpeg?fit=1050%2C700&ssl=1","_links":{"self":[{"href":"https:\/\/noticiasribeiraopreto.com.br\/index.php\/wp-json\/wp\/v2\/posts\/90764","targetHints":{"allow":["GET"]}}],"collection":[{"href":"https:\/\/noticiasribeiraopreto.com.br\/index.php\/wp-json\/wp\/v2\/posts"}],"about":[{"href":"https:\/\/noticiasribeiraopreto.com.br\/index.php\/wp-json\/wp\/v2\/types\/post"}],"author":[{"embeddable":true,"href":"https:\/\/noticiasribeiraopreto.com.br\/index.php\/wp-json\/wp\/v2\/users\/1"}],"replies":[{"embeddable":true,"href":"https:\/\/noticiasribeiraopreto.com.br\/index.php\/wp-json\/wp\/v2\/comments?post=90764"}],"version-history":[{"count":0,"href":"https:\/\/noticiasribeiraopreto.com.br\/index.php\/wp-json\/wp\/v2\/posts\/90764\/revisions"}],"wp:featuredmedia":[{"embeddable":true,"href":"https:\/\/noticiasribeiraopreto.com.br\/index.php\/wp-json\/wp\/v2\/media\/90765"}],"wp:attachment":[{"href":"https:\/\/noticiasribeiraopreto.com.br\/index.php\/wp-json\/wp\/v2\/media?parent=90764"}],"wp:term":[{"taxonomy":"category","embeddable":true,"href":"https:\/\/noticiasribeiraopreto.com.br\/index.php\/wp-json\/wp\/v2\/categories?post=90764"},{"taxonomy":"post_tag","embeddable":true,"href":"https:\/\/noticiasribeiraopreto.com.br\/index.php\/wp-json\/wp\/v2\/tags?post=90764"}],"curies":[{"name":"wp","href":"https:\/\/api.w.org\/{rel}","templated":true}]}}