{"id":90766,"date":"2026-08-31T00:39:30","date_gmt":"2026-08-31T03:39:30","guid":{"rendered":"https:\/\/noticiasribeiraopreto.com.br\/index.php\/2026\/08\/31\/divida-de-idosos-com-bancos-e-12-vezes-maior-que-a-de-jovens-em-ribeirao-preto\/"},"modified":"2026-08-31T00:39:30","modified_gmt":"2026-08-31T03:39:30","slug":"divida-de-idosos-com-bancos-e-12-vezes-maior-que-a-de-jovens-em-ribeirao-preto","status":"publish","type":"post","link":"https:\/\/noticiasribeiraopreto.com.br\/index.php\/2026\/08\/31\/divida-de-idosos-com-bancos-e-12-vezes-maior-que-a-de-jovens-em-ribeirao-preto\/","title":{"rendered":"D\u00edvida de idosos com bancos \u00e9 12 vezes maior que a de jovens em Ribeir\u00e3o Preto"},"content":{"rendered":"<div class='code-block code-block-1' style='margin: 8px 0 8px auto; text-align: right; display: block; clear: both;'>\n<p><a href=\"https:\/\/wa.link\/vpicfd\"><img data-recalc-dims=\"1\" class=\"wp-image-4922\" style=\"aspect-ratio: 2.0253164556962027; width: 561px; height: auto;\" src=\"https:\/\/i0.wp.com\/ismaelcolosi.com.br\/wp-content\/uploads\/2023\/11\/grupo-de-empregos-whatsapp-e-facebook-ismael-colosi-vagas.jpg?ssl=1\" alt=\"\" \/><\/a><\/p>\n<!-- \/wp:image -->\n<\/div>\n<p> <br \/>\n<\/p>\n<p>d\u00edvida m\u00e9dia de moradores com <strong>65 anos ou mais com bancos chega a R$ 41 mil em Ribeir\u00e3o Preto<\/strong>, segundo levantamento da plataforma Acordo Certo. O valor \u00e9 cerca de <strong>12 vezes maior<\/strong> que a m\u00e9dia registrada entre jovens de 18 a 24 anos, de aproximadamente R$ 3,4 mil.<\/p>\n<p>A pesquisa analisou o perfil financeiro dos moradores da cidade entre janeiro e agosto de 2026 e mostra que o valor m\u00e9dio das d\u00edvidas aumenta conforme a faixa et\u00e1ria.<\/p>\n<p>Entre pessoas de <strong>55 a 64 anos<\/strong>, a d\u00edvida m\u00e9dia chega a R$ 31 mil. J\u00e1 na faixa de 45 a 54 anos, o valor fica em R$ 25 mil.<\/p>\n<p>Veja a m\u00e9dia das d\u00edvidas por faixa et\u00e1ria:<\/p>\n<figure class=\"wp-block-table\">\n<table class=\"has-fixed-layout\">\n<tbody>\n<tr>\n<th>Faixa et\u00e1ria<\/th>\n<th>D\u00edvida m\u00e9dia<\/th>\n<\/tr>\n<tr>\n<td>18 a 24 anos<\/td>\n<td>R$ 3,4 mil<\/td>\n<\/tr>\n<tr>\n<td>25 a 34 anos<\/td>\n<td>R$ 9,2 mil<\/td>\n<\/tr>\n<tr>\n<td>35 a 44 anos<\/td>\n<td>R$ 16 mil<\/td>\n<\/tr>\n<tr>\n<td>45 a 54 anos<\/td>\n<td>R$ 25 mil<\/td>\n<\/tr>\n<tr>\n<td>55 a 64 anos<\/td>\n<td>R$ 31 mil<\/td>\n<\/tr>\n<tr>\n<td>65 anos ou mais<\/td>\n<td>R$ 41 mil<\/td>\n<\/tr>\n<\/tbody>\n<\/table>\n<\/figure>\n<h3 class=\"wp-block-heading\">Cr\u00e9dito para ajudar a fam\u00edlia<\/h3>\n<p>Segundo Eduardo Cavalheiro, coordenador de marketing da Acordo Certo, um dos fatores que ajudam a explicar o endividamento entre idosos \u00e9 o <strong>uso do cr\u00e9dito para ajudar familiares<\/strong>.<\/p>\n<p>De acordo com o especialista, pessoas mais velhas que recebem aposentadoria e conseguem acesso a empr\u00e9stimos acabam, em alguns casos, contratando cr\u00e9dito para outros integrantes da fam\u00edlia. Quando o familiar n\u00e3o consegue pagar, o d\u00e9bito fica com o aposentado.<\/p>\n<blockquote class=\"wp-block-quote is-layout-flow wp-block-quote-is-layout-flow\">\n<p><em>\u201cOs mais velhos, muitas vezes, est\u00e3o assumindo as d\u00edvidas da fam\u00edlia toda. \u00c9 aquela pessoa que j\u00e1 tem um consignado, um dinheiro da aposentadoria garantido, faz empr\u00e9stimo para pessoas diferentes da fam\u00edlia, algu\u00e9m n\u00e3o paga e, por conta disso, ela acaba se endividando\u201d, <\/em>afirmou<em>.<\/em><\/p>\n<\/blockquote>\n<div class=\"wp-block-image\">\n<figure class=\"aligncenter size-full\"><figcaption class=\"wp-element-caption\">Foto: Reprodu\u00e7\u00e3o\/TV Globo<\/figcaption><\/figure>\n<\/div>\n<p>A aposentada Maria de F\u00e1tima, de 68 anos, vive uma situa\u00e7\u00e3o semelhante. Segundo ela, a contrata\u00e7\u00e3o de novos empr\u00e9stimos para quitar d\u00edvidas anteriores fez os d\u00e9bitos aumentarem.<\/p>\n<blockquote class=\"wp-block-quote is-layout-flow wp-block-quote-is-layout-flow\">\n<p><em>\u201cEu fui fazendo empr\u00e9stimos, pegava um empr\u00e9stimo para pagar outro e foi virando uma bola de neve, at\u00e9 que eu n\u00e3o consegui pagar mais nada\u201d, <\/em>contou<em>.<\/em><\/p>\n<\/blockquote>\n<p class=\"has-text-align-center\"><em>Receba not\u00edcias do\u00a0<strong>acidade on Ribeir\u00e3o\u00a0<\/strong>no WhatsApp e fique por dentro de tudo! Basta acessar o link<a href=\"https:\/\/chat.whatsapp.com\/DfXwcjKVIddHUT3BvnQuPZ?mode=hqctshi\" target=\"_blank\" rel=\"noreferrer noopener\">\u00a0aqui<\/a>!<\/em><\/p>\n<h2 class=\"wp-block-heading\">Jovens t\u00eam menos acesso ao cr\u00e9dito<\/h2>\n<p>A diferen\u00e7a entre as faixas et\u00e1rias tamb\u00e9m pode estar relacionada ao acesso ao cr\u00e9dito.<\/p>\n<p>Segundo Cavalheiro, muitos jovens entram no mercado de trabalho pela informalidade e encontram dificuldades para comprovar renda. Com isso, conseguem menos acesso a empr\u00e9stimos e outras modalidades de cr\u00e9dito.<\/p>\n<blockquote class=\"wp-block-quote is-layout-flow wp-block-quote-is-layout-flow\">\n<p><em>\u201cO que a gente observa \u00e9 que os mais jovens est\u00e3o entrando no mercado de trabalho pela informalidade. Por isso, eles n\u00e3o conseguem comprovar renda e n\u00e3o t\u00eam acesso a cr\u00e9dito. Logo, essas d\u00edvidas n\u00e3o aparecem, eles n\u00e3o conseguem nem contrair a d\u00edvida\u201d, <\/em>explicou<em>.<\/em><\/p>\n<\/blockquote>\n<p>Dessa forma, a menor m\u00e9dia entre os jovens n\u00e3o significa necessariamente menor dificuldade financeira. Parte deles pode n\u00e3o ter acesso \u00e0s mesmas modalidades de cr\u00e9dito dispon\u00edveis para pessoas com renda comprovada.<\/p>\n<div class=\"wp-block-image\">\n<figure class=\"aligncenter size-full\"><img data-recalc-dims=\"1\" loading=\"lazy\" decoding=\"async\" width=\"1000\" height=\"626\" src=\"https:\/\/i0.wp.com\/www.acidadeon.com\/ribeiraopreto\/wp-content\/uploads\/sites\/3\/2026\/08\/image-188.png?resize=1000%2C626&#038;ssl=1\" alt=\"image 188\" class=\"wp-image-172976\" title=\"D\u00edvida de idosos com bancos \u00e9 12 vezes maior que a de jovens em Ribeir\u00e3o Preto 13\"><figcaption class=\"wp-element-caption\">Foto: Reprodu\u00e7\u00e3o\/EPTV<\/figcaption><\/figure>\n<\/div>\n<h2 class=\"wp-block-heading\">Como evitar o endividamento?<\/h2>\n<p>O especialista orienta que familiares tenham cuidado ao utilizar o cr\u00e9dito de pessoas idosas, principalmente quando a <strong>aposentadoria representa a principal fonte de renda<\/strong>.<\/p>\n<p>Segundo Cavalheiro, preservar esse dinheiro \u00e9 importante para garantir o pagamento de despesas b\u00e1sicas, tratamentos m\u00e9dicos e eventuais emerg\u00eancias.<\/p>\n<p>Outra orienta\u00e7\u00e3o \u00e9 priorizar a renegocia\u00e7\u00e3o das d\u00edvidas que podem levar \u00e0 negativa\u00e7\u00e3o do nome, especialmente aquelas relacionadas a bancos e cart\u00f5es de cr\u00e9dito.<\/p>\n<blockquote class=\"wp-block-quote is-layout-flow wp-block-quote-is-layout-flow\">\n<p><em>\u201c\u00c9 necess\u00e1rio priorizar primeiro as d\u00edvidas que mais impactam nessa negativa\u00e7\u00e3o. Banco, cart\u00e3o de cr\u00e9dito, que tem um juro alt\u00edssimo, essas d\u00edvidas devem ser as primeiras a serem renegociadas\u201d, <\/em>afirmou<em>.<\/em><\/p>\n<\/blockquote>\n<div class=\"wp-block-image\">\n<figure class=\"aligncenter size-large\"><img data-recalc-dims=\"1\" loading=\"lazy\" decoding=\"async\" width=\"1024\" height=\"576\" src=\"https:\/\/i0.wp.com\/www.acidadeon.com\/ribeiraopreto\/wp-content\/uploads\/sites\/3\/2026\/07\/WhatsApp-Image-2026-07-28-at-15.44.43-1024x576.jpeg?resize=1024%2C576&#038;ssl=1\" alt=\"dinheiro\" class=\"wp-image-168209\" title=\"D\u00edvida de idosos com bancos \u00e9 12 vezes maior que a de jovens em Ribeir\u00e3o Preto 14\"><figcaption class=\"wp-element-caption\"> (Foto: Marcello Casal Jr\/Ag\u00eancia Brasil\/Arquivo)<\/figcaption><\/figure>\n<\/div>\n<p>Com informa\u00e7\u00f5es da EPTV<\/p>\n<p><em>Fa\u00e7a uma den\u00fancia ou sugira uma reportagem sobre\u00a0<strong>Ribeir\u00e3o Preto\u00a0<\/strong>e regi\u00e3o por meio do WhatsApp do\u00a0<strong>acidade on Ribeir\u00e3o<\/strong>: (16) 99117-7802.<\/em><\/p>\n<hr class=\"wp-block-separator has-alpha-channel-opacity\">\n<p>O post D\u00edvida de idosos com bancos \u00e9 12 vezes maior que a de jovens em Ribeir\u00e3o Preto apareceu primeiro em ACidade ON Ribeir\u00e3o Preto.<\/p>\n<p><br \/>\n<br \/><a href=\"https:\/\/www.acidadeon.com\/ribeiraopreto\/economia\/divida-de-idosos-com-bancos-e-12-vezes-maior-que-a-de-jovens-em-ribeirao-preto\/\">Link para o texto original aqui <\/a><\/p>\n<!-- CONTENT END 1 -->\n","protected":false},"excerpt":{"rendered":"<p>d\u00edvida m\u00e9dia de moradores com 65 anos ou mais com bancos chega a R$ 41 mil em Ribeir\u00e3o Preto, segundo levantamento da plataforma Acordo Certo&#8230;.<\/p>\n","protected":false},"author":1,"featured_media":89282,"comment_status":"","ping_status":"","sticky":false,"template":"","format":"standard","meta":{"advanced_seo_description":"","jetpack_seo_html_title":"","jetpack_seo_noindex":false,"jetpack_seo_schema_type":"","_jetpack_newsletter_access":"","_jetpack_dont_email_post_to_subs":false,"_jetpack_newsletter_tier_id":0,"_jetpack_memberships_contains_paywalled_content":false,"_jetpack_feature_clip_id":0,"_jetpack_memberships_contains_paid_content":false,"footnotes":"","jetpack_publicize_message":"","jetpack_publicize_feature_enabled":true,"jetpack_social_post_already_shared":true,"jetpack_social_options":{"image_generator_settings":{"template":"highway","default_image_id":0,"font":"","enabled":false},"version":2},"jetpack_post_was_ever_published":false},"categories":[11],"tags":[388,3099,1633,1242,201,27,26,3186],"class_list":["post-90766","post","type-post","status-publish","format-standard","has-post-thumbnail","hentry","category-noticias-de-ribeirao-preto-sp-e-regiao-ismael-colosi","tag-bancos","tag-divida","tag-idosos","tag-jovens","tag-maior","tag-preto","tag-ribeirao","tag-vezes"],"jetpack_publicize_connections":[],"jetpack-related-posts":[{"id":90145,"url":"https:\/\/noticiasribeiraopreto.com.br\/index.php\/2026\/08\/18\/idosos-estao-entre-os-maiores-devedores-a-bancos\/","url_meta":{"origin":90766,"position":0},"title":"Idosos est\u00e3o entre os maiores devedores a bancos","author":"noticiasribeiraopreto.com.br","date":"18 de August de 2026","format":false,"excerpt":"\r \r \r 18 de agosto de 2026 06:5017 de agosto de 2026 23:43 \r Compartilhar0 Levantamento da Acordo Certo aponta crescimento cont\u00ednuo no valor m\u00e9dio das pend\u00eancias banc\u00e1rias conforme a idade avan\u00e7a Pessoas com 65 anos ou mais t\u00eam o maior valor m\u00e9dio de d\u00edvidas banc\u00e1rias na regi\u00e3o de\u2026","rel":"","context":"In &quot;Not\u00edcias de Ribeir\u00e3o Preto-SP e Regi\u00e3o&quot;","block_context":{"text":"Not\u00edcias de Ribeir\u00e3o Preto-SP e Regi\u00e3o","link":"https:\/\/noticiasribeiraopreto.com.br\/index.php\/category\/noticias-de-ribeirao-preto-sp-e-regiao-ismael-colosi\/"},"img":{"alt_text":"","src":"https:\/\/i0.wp.com\/noticiasribeiraopreto.com.br\/wp-content\/uploads\/2026\/08\/CaloteAC-Divulgacao-Acordo-Certo-scaled.jpg?fit=1040%2C780&ssl=1&resize=350%2C200","width":350,"height":200,"srcset":"https:\/\/i0.wp.com\/noticiasribeiraopreto.com.br\/wp-content\/uploads\/2026\/08\/CaloteAC-Divulgacao-Acordo-Certo-scaled.jpg?fit=1040%2C780&ssl=1&resize=350%2C200 1x, https:\/\/i0.wp.com\/noticiasribeiraopreto.com.br\/wp-content\/uploads\/2026\/08\/CaloteAC-Divulgacao-Acordo-Certo-scaled.jpg?fit=1040%2C780&ssl=1&resize=525%2C300 1.5x, https:\/\/i0.wp.com\/noticiasribeiraopreto.com.br\/wp-content\/uploads\/2026\/08\/CaloteAC-Divulgacao-Acordo-Certo-scaled.jpg?fit=1040%2C780&ssl=1&resize=700%2C400 2x"},"classes":[]},{"id":76826,"url":"https:\/\/noticiasribeiraopreto.com.br\/index.php\/2025\/09\/06\/inadimplencia-atinge-3145-mil-moradores\/","url_meta":{"origin":90766,"position":1},"title":"Inadimpl\u00eancia atinge 314,5 mil moradores","author":"noticiasribeiraopreto.com.br","date":"6 de September de 2025","format":false,"excerpt":"Ribeir\u00e3o Preto fechou o ano passado com 293.604 inadimplentes em dezembro, mas este n\u00famero j\u00e1 subiu para 314.506 em julho, maior patamar da s\u00e9rie hist\u00f3rica. Em rela\u00e7\u00e3o aos 291.415 do mesmo per\u00edodo do ano passado, s\u00e3o 23.091 a mais, alta de 7,92%. Em compara\u00e7\u00e3o com os 313.606, s\u00e3o 900 a\u2026","rel":"","context":"In &quot;Not\u00edcias de Ribeir\u00e3o Preto-SP e Regi\u00e3o&quot;","block_context":{"text":"Not\u00edcias de Ribeir\u00e3o Preto-SP e Regi\u00e3o","link":"https:\/\/noticiasribeiraopreto.com.br\/index.php\/category\/noticias-de-ribeirao-preto-sp-e-regiao-ismael-colosi\/"},"img":{"alt_text":"","src":"https:\/\/i0.wp.com\/noticiasribeiraopreto.com.br\/wp-content\/uploads\/2025\/09\/calculadora-calcular-inadimplencia-scaled.jpg?fit=800%2C400&ssl=1&resize=350%2C200","width":350,"height":200,"srcset":"https:\/\/i0.wp.com\/noticiasribeiraopreto.com.br\/wp-content\/uploads\/2025\/09\/calculadora-calcular-inadimplencia-scaled.jpg?fit=800%2C400&ssl=1&resize=350%2C200 1x, https:\/\/i0.wp.com\/noticiasribeiraopreto.com.br\/wp-content\/uploads\/2025\/09\/calculadora-calcular-inadimplencia-scaled.jpg?fit=800%2C400&ssl=1&resize=525%2C300 1.5x, https:\/\/i0.wp.com\/noticiasribeiraopreto.com.br\/wp-content\/uploads\/2025\/09\/calculadora-calcular-inadimplencia-scaled.jpg?fit=800%2C400&ssl=1&resize=700%2C400 2x"},"classes":[]},{"id":6187,"url":"https:\/\/noticiasribeiraopreto.com.br\/index.php\/2023\/11\/25\/desenrola-renegociou-r-433-mi-no-dia-d\/","url_meta":{"origin":90766,"position":2},"title":"Desenrola renegociou R$ 433 mi no \u2018Dia D\u2019\u00a0","author":"noticiasribeiraopreto.com.br","date":"25 de November de 2023","format":false,"excerpt":"25 de novembro de 2023 | 8:3024 de novembro de 2023 | 20:17 0O Minist\u00e9rio da Fazenda informa que o governo contabilizou R$ 433 milh\u00f5es renegociados pelo Desenrola Brasil na quarta-feira, 22 de novembro, quando foi organizado o chamado \u201cDia D \u2013 Mutir\u00e3o Desenrola\u201d para acelerar e ampliar a cobertura\u2026","rel":"","context":"In &quot;Not\u00edcias de Ribeir\u00e3o Preto-SP e Regi\u00e3o&quot;","block_context":{"text":"Not\u00edcias de Ribeir\u00e3o Preto-SP e Regi\u00e3o","link":"https:\/\/noticiasribeiraopreto.com.br\/index.php\/category\/noticias-de-ribeirao-preto-sp-e-regiao-ismael-colosi\/"},"img":{"alt_text":"","src":"https:\/\/i0.wp.com\/noticiasribeiraopreto.com.br\/wp-content\/uploads\/2023\/11\/Desenrola-2.jpg?fit=1170%2C700&ssl=1&resize=350%2C200","width":350,"height":200,"srcset":"https:\/\/i0.wp.com\/noticiasribeiraopreto.com.br\/wp-content\/uploads\/2023\/11\/Desenrola-2.jpg?fit=1170%2C700&ssl=1&resize=350%2C200 1x, https:\/\/i0.wp.com\/noticiasribeiraopreto.com.br\/wp-content\/uploads\/2023\/11\/Desenrola-2.jpg?fit=1170%2C700&ssl=1&resize=525%2C300 1.5x, https:\/\/i0.wp.com\/noticiasribeiraopreto.com.br\/wp-content\/uploads\/2023\/11\/Desenrola-2.jpg?fit=1170%2C700&ssl=1&resize=700%2C400 2x, https:\/\/i0.wp.com\/noticiasribeiraopreto.com.br\/wp-content\/uploads\/2023\/11\/Desenrola-2.jpg?fit=1170%2C700&ssl=1&resize=1050%2C600 3x"},"classes":[]},{"id":88382,"url":"https:\/\/noticiasribeiraopreto.com.br\/index.php\/2026\/07\/18\/bancos-empresas-de-telefonia-e-recuperadoras-respondem-por-76-das-renegociacoes-de-dividas-em-ribeirao-preto\/","url_meta":{"origin":90766,"position":3},"title":"Bancos, empresas de telefonia e recuperadoras respondem por 76% das renegocia\u00e7\u00f5es de d\u00edvidas em Ribeir\u00e3o Preto","author":"noticiasribeiraopreto.com.br","date":"18 de July de 2026","format":false,"excerpt":"A maior parte das renegocia\u00e7\u00f5es de d\u00edvidas realizadas em Ribeir\u00e3o Preto est\u00e1 concentrada em tr\u00eas segmentos: bancos, empresas de telefonia e recuperadoras de cr\u00e9dito. Juntos, eles responderam por 76% das negocia\u00e7\u00f5es fechadas durante o mutir\u00e3o \u201cBateu, \u00c9 Gol!\u201d, promovido pela Acordo Certo.O levantamento revela quais segmentos concentram a maior parte\u2026","rel":"","context":"In &quot;Not\u00edcias de Ribeir\u00e3o Preto-SP e Regi\u00e3o&quot;","block_context":{"text":"Not\u00edcias de Ribeir\u00e3o Preto-SP e Regi\u00e3o","link":"https:\/\/noticiasribeiraopreto.com.br\/index.php\/category\/noticias-de-ribeirao-preto-sp-e-regiao-ismael-colosi\/"},"img":{"alt_text":"","src":"https:\/\/i0.wp.com\/noticiasribeiraopreto.com.br\/wp-content\/uploads\/2026\/07\/c7e37a2cc7d338c293ce47ae0d9da705_DINHEIRO-3.jpg?fit=1170%2C700&ssl=1&resize=350%2C200","width":350,"height":200,"srcset":"https:\/\/i0.wp.com\/noticiasribeiraopreto.com.br\/wp-content\/uploads\/2026\/07\/c7e37a2cc7d338c293ce47ae0d9da705_DINHEIRO-3.jpg?fit=1170%2C700&ssl=1&resize=350%2C200 1x, https:\/\/i0.wp.com\/noticiasribeiraopreto.com.br\/wp-content\/uploads\/2026\/07\/c7e37a2cc7d338c293ce47ae0d9da705_DINHEIRO-3.jpg?fit=1170%2C700&ssl=1&resize=525%2C300 1.5x, https:\/\/i0.wp.com\/noticiasribeiraopreto.com.br\/wp-content\/uploads\/2026\/07\/c7e37a2cc7d338c293ce47ae0d9da705_DINHEIRO-3.jpg?fit=1170%2C700&ssl=1&resize=700%2C400 2x, https:\/\/i0.wp.com\/noticiasribeiraopreto.com.br\/wp-content\/uploads\/2026\/07\/c7e37a2cc7d338c293ce47ae0d9da705_DINHEIRO-3.jpg?fit=1170%2C700&ssl=1&resize=1050%2C600 3x"},"classes":[]},{"id":18337,"url":"https:\/\/noticiasribeiraopreto.com.br\/index.php\/2023\/12\/20\/inadimplencia-recua-em-novembro-em-rp\/","url_meta":{"origin":90766,"position":4},"title":"Inadimpl\u00eancia recua\u00a0em novembro\u00a0em RP &#8211; Jornal Tribuna Ribeir\u00e3o","author":"noticiasribeiraopreto.com.br","date":"20 de December de 2023","format":false,"excerpt":"Ribeir\u00e3o Preto fechou novembro com 294.749 inadimplentes, com valor total acima de R$ 2 bilh\u00f5es, apesar da queda em rela\u00e7\u00e3o a outubro: d\u00e9cimo terceiro amortizou pend\u00eancias Ribeir\u00e3o Preto fechou o primeiro semestre com 292.110 inadimplentes, em julho a cidade j\u00e1 contava com 293.497 pessoas nesta situa\u00e7\u00e3o, em agosto avan\u00e7ou para\u2026","rel":"","context":"In &quot;Not\u00edcias de Ribeir\u00e3o Preto-SP e Regi\u00e3o&quot;","block_context":{"text":"Not\u00edcias de Ribeir\u00e3o Preto-SP e Regi\u00e3o","link":"https:\/\/noticiasribeiraopreto.com.br\/index.php\/category\/noticias-de-ribeirao-preto-sp-e-regiao-ismael-colosi\/"},"img":{"alt_text":"","src":"https:\/\/i0.wp.com\/noticiasribeiraopreto.com.br\/wp-content\/uploads\/2023\/12\/1-calote-agencia-brasil-scaled.jpg?fit=967%2C645&ssl=1&resize=350%2C200","width":350,"height":200,"srcset":"https:\/\/i0.wp.com\/noticiasribeiraopreto.com.br\/wp-content\/uploads\/2023\/12\/1-calote-agencia-brasil-scaled.jpg?fit=967%2C645&ssl=1&resize=350%2C200 1x, https:\/\/i0.wp.com\/noticiasribeiraopreto.com.br\/wp-content\/uploads\/2023\/12\/1-calote-agencia-brasil-scaled.jpg?fit=967%2C645&ssl=1&resize=525%2C300 1.5x, https:\/\/i0.wp.com\/noticiasribeiraopreto.com.br\/wp-content\/uploads\/2023\/12\/1-calote-agencia-brasil-scaled.jpg?fit=967%2C645&ssl=1&resize=700%2C400 2x"},"classes":[]},{"id":59934,"url":"https:\/\/noticiasribeiraopreto.com.br\/index.php\/2024\/11\/01\/agencias-dos-correios-em-ribeirao-preto-recebem-feirao-limpa-nome-veja-como-participar\/","url_meta":{"origin":90766,"position":5},"title":"Ag\u00eancias dos Correios em Ribeir\u00e3o Preto recebem Feir\u00e3o Limpa Nome; Veja como participar","author":"noticiasribeiraopreto.com.br","date":"1 de November de 2024","format":false,"excerpt":"As ag\u00eancias dos Correios de Ribeir\u00e3o Preto recebem a partir da pr\u00f3xima segunda-feira (4) o Feir\u00e3o Serasa Limpa Nome para renegocia\u00e7\u00e3o de d\u00edvidas com descontos. O atendimento presencial ser\u00e1 realizado at\u00e9 29 de novembro e contar\u00e1 com as ofertas de mais de 1 mil empresas de varejo, bancos, telecomunica\u00e7\u00f5es, \u00e1gua,\u2026","rel":"","context":"In &quot;Not\u00edcias de Ribeir\u00e3o Preto-SP e Regi\u00e3o&quot;","block_context":{"text":"Not\u00edcias de Ribeir\u00e3o Preto-SP e Regi\u00e3o","link":"https:\/\/noticiasribeiraopreto.com.br\/index.php\/category\/noticias-de-ribeirao-preto-sp-e-regiao-ismael-colosi\/"},"img":{"alt_text":"","src":"https:\/\/i0.wp.com\/noticiasribeiraopreto.com.br\/wp-content\/uploads\/2024\/10\/correios-concurso_2024-07-23_14-30-50_jpg_2024-07-23_14-30-50.webp.webp?fit=1170%2C700&ssl=1&resize=350%2C200","width":350,"height":200,"srcset":"https:\/\/i0.wp.com\/noticiasribeiraopreto.com.br\/wp-content\/uploads\/2024\/10\/correios-concurso_2024-07-23_14-30-50_jpg_2024-07-23_14-30-50.webp.webp?fit=1170%2C700&ssl=1&resize=350%2C200 1x, https:\/\/i0.wp.com\/noticiasribeiraopreto.com.br\/wp-content\/uploads\/2024\/10\/correios-concurso_2024-07-23_14-30-50_jpg_2024-07-23_14-30-50.webp.webp?fit=1170%2C700&ssl=1&resize=525%2C300 1.5x, https:\/\/i0.wp.com\/noticiasribeiraopreto.com.br\/wp-content\/uploads\/2024\/10\/correios-concurso_2024-07-23_14-30-50_jpg_2024-07-23_14-30-50.webp.webp?fit=1170%2C700&ssl=1&resize=700%2C400 2x, https:\/\/i0.wp.com\/noticiasribeiraopreto.com.br\/wp-content\/uploads\/2024\/10\/correios-concurso_2024-07-23_14-30-50_jpg_2024-07-23_14-30-50.webp.webp?fit=1170%2C700&ssl=1&resize=1050%2C600 3x"},"classes":[]}],"jetpack_sharing_enabled":true,"jetpack_shortlink":"https:\/\/wp.me\/peQAOb-nBY","jetpack_featured_media_url":"https:\/\/i0.wp.com\/noticiasribeiraopreto.com.br\/wp-content\/uploads\/2026\/08\/AGIOTA_2026-05-12_18-01-11.webp.webp?fit=1200%2C675&ssl=1","_links":{"self":[{"href":"https:\/\/noticiasribeiraopreto.com.br\/index.php\/wp-json\/wp\/v2\/posts\/90766","targetHints":{"allow":["GET"]}}],"collection":[{"href":"https:\/\/noticiasribeiraopreto.com.br\/index.php\/wp-json\/wp\/v2\/posts"}],"about":[{"href":"https:\/\/noticiasribeiraopreto.com.br\/index.php\/wp-json\/wp\/v2\/types\/post"}],"author":[{"embeddable":true,"href":"https:\/\/noticiasribeiraopreto.com.br\/index.php\/wp-json\/wp\/v2\/users\/1"}],"replies":[{"embeddable":true,"href":"https:\/\/noticiasribeiraopreto.com.br\/index.php\/wp-json\/wp\/v2\/comments?post=90766"}],"version-history":[{"count":0,"href":"https:\/\/noticiasribeiraopreto.com.br\/index.php\/wp-json\/wp\/v2\/posts\/90766\/revisions"}],"wp:featuredmedia":[{"embeddable":true,"href":"https:\/\/noticiasribeiraopreto.com.br\/index.php\/wp-json\/wp\/v2\/media\/89282"}],"wp:attachment":[{"href":"https:\/\/noticiasribeiraopreto.com.br\/index.php\/wp-json\/wp\/v2\/media?parent=90766"}],"wp:term":[{"taxonomy":"category","embeddable":true,"href":"https:\/\/noticiasribeiraopreto.com.br\/index.php\/wp-json\/wp\/v2\/categories?post=90766"},{"taxonomy":"post_tag","embeddable":true,"href":"https:\/\/noticiasribeiraopreto.com.br\/index.php\/wp-json\/wp\/v2\/tags?post=90766"}],"curies":[{"name":"wp","href":"https:\/\/api.w.org\/{rel}","templated":true}]}}