{"id":90767,"date":"2026-08-31T00:41:51","date_gmt":"2026-08-31T03:41:51","guid":{"rendered":"https:\/\/noticiasribeiraopreto.com.br\/index.php\/2026\/08\/31\/ribeirao-preto-e-o-antigo-problema-das-arvores\/"},"modified":"2026-08-31T00:41:51","modified_gmt":"2026-08-31T03:41:51","slug":"ribeirao-preto-e-o-antigo-problema-das-arvores","status":"publish","type":"post","link":"https:\/\/noticiasribeiraopreto.com.br\/index.php\/2026\/08\/31\/ribeirao-preto-e-o-antigo-problema-das-arvores\/","title":{"rendered":"Ribeir\u00e3o Preto e o antigo problema das \u00e1rvores"},"content":{"rendered":"<div class='code-block code-block-1' style='margin: 8px 0 8px auto; text-align: right; display: block; clear: both;'>\n<p><a href=\"https:\/\/wa.link\/vpicfd\"><img data-recalc-dims=\"1\" class=\"wp-image-4922\" style=\"aspect-ratio: 2.0253164556962027; width: 561px; height: auto;\" src=\"https:\/\/i0.wp.com\/ismaelcolosi.com.br\/wp-content\/uploads\/2023\/11\/grupo-de-empregos-whatsapp-e-facebook-ismael-colosi-vagas.jpg?ssl=1\" alt=\"\" \/><\/a><\/p>\n<!-- \/wp:image -->\n<\/div>\n<p> <br \/>\n<\/p>\n<div>\n<p><em>Por Adalberto Luque<\/em><\/p>\n<p>\u00a0<\/p>\n<p>O vendaval que atingiu Ribeir\u00e3o Preto na madrugada de 24 de julho deixou uma cidade parcialmente paralisada e exp\u00f4s, em poucas horas, o impacto da queda de \u00e1rvores sobre ruas, im\u00f3veis, servi\u00e7os p\u00fablicos e moradores. A tempestade provocou duas mortes, deixou feridos e desabrigados e derrubou \u00e1rvores em diferentes regi\u00f5es.<\/p>\n<p>Na esta\u00e7\u00e3o meteorol\u00f3gica do Aeroporto Leite Lopes, a Defesa Civil registrou ventos de at\u00e9 70 km\/h \u00e0s 5h40 e cerca de 24 mil\u00edmetros de chuva em 20 minutos. Em alguns pontos da regi\u00e3o, as rajadas chegaram a 120 km\/h. O fen\u00f4meno foi posteriormente descrito como uma microexplos\u00e3o.<\/p>\n<p>O primeiro registro de morte ocorreu no bairro Salgado Filho, na zona Norte. Um homem de 75 anos morreu depois que a resid\u00eancia onde estava desabou durante o temporal, na rua Santo Barban, Jardim Salgado Filho, zona Oeste da cidade. Uma segunda v\u00edtima fatal foi localizada dias depois, quando o corpo de um homem de 44 anos foi encontrado sob os escombros de um im\u00f3vel abandonado na avenida Patriarca, na Vila Virg\u00ednia.<\/p>\n<figure id=\"attachment_475453\" aria-describedby=\"caption-attachment-475453\" style=\"width: 440px\" class=\"wp-caption aligncenter\"><figcaption id=\"caption-attachment-475453\" class=\"wp-caption-text\">Mais de 4.100 caminh\u00f5es com troncos e massa verde j\u00e1 foram retirados das ruas da cidade, mas ainda falta e MP est\u00e1 fiscalizando | Foto: Alfredo Risk<\/figcaption><\/figure>\n<p>Segundo a Pol\u00edcia Militar, o homem vivia em situa\u00e7\u00e3o de rua e estava desaparecido desde o vendaval. O irm\u00e3o da v\u00edtima foi ao galp\u00e3o onde ela costumava permanecer e, ao perceber um forte odor, acionou o Corpo de Bombeiros. Durante as buscas, os bombeiros encontraram o corpo em avan\u00e7ado estado de decomposi\u00e7\u00e3o.<\/p>\n<p>Os efeitos do vendaval, por\u00e9m, n\u00e3o ficaram restritos \u00e0s \u00e1rvores. O Corpo de Bombeiros contabilizou cerca de 250 ocorr\u00eancias at\u00e9 o fim da manh\u00e3 do dia 24, a maioria relacionada \u00e0 queda de \u00e1rvores. Ruas e avenidas foram bloqueadas, mais de 50 sem\u00e1foros ficaram desligados ou danificados e houve deslocamento de tampas de bueiros e po\u00e7os de visita pela for\u00e7a da enxurrada.<\/p>\n<p>Tr\u00eas subesta\u00e7\u00f5es ficaram fora de opera\u00e7\u00e3o e 14 torres de transmiss\u00e3o foram atingidas pelos ventos, segundo a CPFL. Dos 123 po\u00e7os artesianos que abastecem a cidade, 39 ficaram paralisados por falta de energia, comprometendo o fornecimento de \u00e1gua em diferentes bairros. V\u00e1rias casas e empresas ficaram sem energia por v\u00e1rias horas.<\/p>\n<p>Hospitais tamb\u00e9m sofreram impactos. A Unidade de Emerg\u00eancia do Hospital das Cl\u00ednicas precisou interromper temporariamente o recebimento de pacientes, enquanto o Hospital Santa Lydia passou a operar com geradores ap\u00f3s a interrup\u00e7\u00e3o do fornecimento de energia.<\/p>\n<p>Um centro de treinamento na avenida Ant\u00f4nio e Helena Zerrenner, na Vila Am\u00e9lia, teve a estrutura destru\u00edda, enquanto o Centro POP sofreu danos no telhado e precisou suspender as atividades para avalia\u00e7\u00e3o t\u00e9cnica.<\/p>\n<p>Os preju\u00edzos foram estimados inicialmente em R$ 21,1 milh\u00f5es apenas para a\u00e7\u00f5es de zeladoria urbana. Entre os servi\u00e7os previstos estavam limpeza emergencial, remo\u00e7\u00e3o de res\u00edduos, recolhimento de massa verde, lavagem de vias, pra\u00e7as e \u00e1reas p\u00fablicas, corte e poda de \u00e1rvores, destocamento e extra\u00e7\u00e3o de troncos.<\/p>\n<p>O volume de \u00e1rvores atingidas come\u00e7ou a ser dimensionado pela Secretaria de Meio Ambiente, Agricultura e Sustentabilidade. Segundo a secret\u00e1ria da pasta, Mariana Rodrigues Sargento, o levantamento contabilizou 2.648 \u00e1rvores afetadas pelo vendaval em toda a cidade, incluindo a \u00e1rea da USP-RP, onde estima-se terem sido atingidas cerca de 600 \u00e1rvores. A universidade, por\u00e9m, possui gest\u00e3o estadual e faz a limpeza e a manuten\u00e7\u00e3o de seu pr\u00f3prio espa\u00e7o.<\/p>\n<h2><strong>4.120 caminh\u00f5es<\/strong><\/h2>\n<p>De acordo com Mariana, todo o material recolhido pela Prefeitura \u00e9 levado ao Transbordo Municipal, na \u00e1rea conhecida como Pica Galho. No local, os res\u00edduos s\u00e3o picados e transformados em cavaco, material utilizado principalmente para plantio.<\/p>\n<p>Entre 24 de julho e 23 de agosto, foram retirados 4.120 caminh\u00f5es somente de res\u00edduos verdes da cidade, segundo a secret\u00e1ria. A m\u00e9dia mensal de recolhimento \u00e9 de aproximadamente 2 mil caminh\u00f5es, o que mostra o volume de material acumulado ap\u00f3s o vendaval.<\/p>\n<figure id=\"attachment_475454\" aria-describedby=\"caption-attachment-475454\" style=\"width: 435px\" class=\"wp-caption aligncenter\"><img data-recalc-dims=\"1\" loading=\"lazy\" decoding=\"async\" class=\"wp-image-475454 lazyload\" src=\"https:\/\/i0.wp.com\/www.tribunaribeirao.com.br\/wp-content\/uploads\/2026\/08\/1-Vendaval-FOTO-03-Mariana-Sargento-Foto-Alfredo-Risk-300x200.jpg?resize=435%2C290&#038;ssl=1\" alt=\"\" width=\"435\" height=\"290\" srcset=\"https:\/\/www.tribunaribeirao.com.br\/wp-content\/uploads\/2026\/08\/1-Vendaval-FOTO-03-Mariana-Sargento-Foto-Alfredo-Risk-300x200.jpg 300w, https:\/\/www.tribunaribeirao.com.br\/wp-content\/uploads\/2026\/08\/1-Vendaval-FOTO-03-Mariana-Sargento-Foto-Alfredo-Risk-1024x683.jpg 1024w, https:\/\/www.tribunaribeirao.com.br\/wp-content\/uploads\/2026\/08\/1-Vendaval-FOTO-03-Mariana-Sargento-Foto-Alfredo-Risk-768x512.jpg 768w, https:\/\/www.tribunaribeirao.com.br\/wp-content\/uploads\/2026\/08\/1-Vendaval-FOTO-03-Mariana-Sargento-Foto-Alfredo-Risk-1536x1024.jpg 1536w, https:\/\/www.tribunaribeirao.com.br\/wp-content\/uploads\/2026\/08\/1-Vendaval-FOTO-03-Mariana-Sargento-Foto-Alfredo-Risk-480x320.jpg 480w, https:\/\/www.tribunaribeirao.com.br\/wp-content\/uploads\/2026\/08\/1-Vendaval-FOTO-03-Mariana-Sargento-Foto-Alfredo-Risk-280x186.jpg 280w, https:\/\/www.tribunaribeirao.com.br\/wp-content\/uploads\/2026\/08\/1-Vendaval-FOTO-03-Mariana-Sargento-Foto-Alfredo-Risk-960x640.jpg 960w, https:\/\/www.tribunaribeirao.com.br\/wp-content\/uploads\/2026\/08\/1-Vendaval-FOTO-03-Mariana-Sargento-Foto-Alfredo-Risk-600x400.jpg 600w, https:\/\/www.tribunaribeirao.com.br\/wp-content\/uploads\/2026\/08\/1-Vendaval-FOTO-03-Mariana-Sargento-Foto-Alfredo-Risk-585x390.jpg 585w, https:\/\/www.tribunaribeirao.com.br\/wp-content\/uploads\/2026\/08\/1-Vendaval-FOTO-03-Mariana-Sargento-Foto-Alfredo-Risk-scaled.jpg 1200w\" data-sizes=\"(max-width: 435px) 100vw, 435px\" style=\"--smush-placeholder-width: 435px; --smush-placeholder-aspect-ratio: 435\/290;\"\/><figcaption id=\"caption-attachment-475454\" class=\"wp-caption-text\">Segundo a secret\u00e1ria Mariana Sargento, mais de 2.600 \u00e1rvores ca\u00edram, mas ela garante que a pasta j\u00e1 estuda o replantio | Foto: Alfredo Risk<\/figcaption><\/figure>\n<p>A secret\u00e1ria informou ainda que a pasta j\u00e1 estuda o replantio das \u00e1rvores atingidas. O planejamento est\u00e1 em elabora\u00e7\u00e3o e ser\u00e1 coordenado a partir do levantamento dos pontos mais afetados pelas quedas. O plantio ser\u00e1 feito por meio do programa Click \u00c1rvore, com a previs\u00e3o de escolha adequada dos locais e das esp\u00e9cies.<\/p>\n<p>A administra\u00e7\u00e3o municipal tamb\u00e9m informa que tem como objetivo ampliar a arboriza\u00e7\u00e3o urbana para alcan\u00e7ar 30% de cobertura arb\u00f3rea. Antes do vendaval, segundo Mariana, mais de 34 mil mudas j\u00e1 haviam sido plantadas por meio dos programas Planta A\u00ed Ribeir\u00e3o, executado pela pr\u00f3pria secretaria, e Click \u00c1rvore, que permite aos moradores solicitar o plantio de mudas nas cal\u00e7adas.<\/p>\n<h3><strong>Acordo com o MP<\/strong><\/h3>\n<p>Quase um m\u00eas ap\u00f3s o vendaval, o Minist\u00e9rio P\u00fablico e a Prefeitura acordaram prazo de 20 dias para a limpeza de pra\u00e7as e canteiros de avenidas que ainda acumulam galhos. O cronograma prioriza \u00e1reas com maior densidade populacional e prev\u00ea a\u00e7\u00f5es nas pra\u00e7as Lu\u00eds de Cam\u00f5es, Milton Visconti e Maria Goretti, al\u00e9m de medidas de acompanhamento e manuten\u00e7\u00e3o.<\/p>\n<p>Passados pouco mais de um m\u00eas do segundo grande vendaval da hist\u00f3ria de Ribeir\u00e3o Preto, a cidade ainda sofre com os impactos. E ainda h\u00e1 muito por fazer para minimizar o problema.<\/p>\n<h2><strong>Menos \u00e1rvores altera microclima<\/strong><\/h2>\n<p>A redu\u00e7\u00e3o da cobertura arb\u00f3rea em \u00e1reas urbanas pode provocar altera\u00e7\u00f5es no microclima, principalmente com aumento das temperaturas, redu\u00e7\u00e3o da umidade e piora do conforto t\u00e9rmico da popula\u00e7\u00e3o. A avalia\u00e7\u00e3o \u00e9 do meteorologista William Minhoto, da Defesa Civil do Estado de S\u00e3o Paulo, que analisou os poss\u00edveis efeitos da perda de \u00e1rvores ap\u00f3s o vendaval que atingiu Ribeir\u00e3o Preto.<\/p>\n<p>Segundo Minhoto, a vegeta\u00e7\u00e3o exerce papel importante na regula\u00e7\u00e3o da temperatura por meio do sombreamento e da evapotranspira\u00e7\u00e3o. Esses processos ajudam a reduzir o aquecimento das superf\u00edcies e do ar pr\u00f3ximo ao solo.<\/p>\n<p>Com a retirada das \u00e1rvores, aumenta a exposi\u00e7\u00e3o do solo, das edifica\u00e7\u00f5es e das \u00e1reas pavimentadas \u00e0 radia\u00e7\u00e3o solar. Essas superf\u00edcies passam a absorver e armazenar mais energia durante o dia, favorecendo a eleva\u00e7\u00e3o das temperaturas, principalmente no per\u00edodo da tarde.<\/p>\n<figure id=\"attachment_475455\" aria-describedby=\"caption-attachment-475455\" style=\"width: 462px\" class=\"wp-caption aligncenter\"><img data-recalc-dims=\"1\" loading=\"lazy\" decoding=\"async\" class=\"wp-image-475455 lazyload\" src=\"https:\/\/i0.wp.com\/www.tribunaribeirao.com.br\/wp-content\/uploads\/2026\/08\/1-Vendaval-FOTO-04-William-Minhoto-Foto-Defesa-Civil-ESP-Divulgacao-300x195.jpg?resize=462%2C300&#038;ssl=1\" alt=\"\" width=\"462\" height=\"300\" srcset=\"https:\/\/www.tribunaribeirao.com.br\/wp-content\/uploads\/2026\/08\/1-Vendaval-FOTO-04-William-Minhoto-Foto-Defesa-Civil-ESP-Divulgacao-300x195.jpg 300w, https:\/\/www.tribunaribeirao.com.br\/wp-content\/uploads\/2026\/08\/1-Vendaval-FOTO-04-William-Minhoto-Foto-Defesa-Civil-ESP-Divulgacao-768x498.jpg 768w, https:\/\/www.tribunaribeirao.com.br\/wp-content\/uploads\/2026\/08\/1-Vendaval-FOTO-04-William-Minhoto-Foto-Defesa-Civil-ESP-Divulgacao-617x400.jpg 617w, https:\/\/www.tribunaribeirao.com.br\/wp-content\/uploads\/2026\/08\/1-Vendaval-FOTO-04-William-Minhoto-Foto-Defesa-Civil-ESP-Divulgacao-585x379.jpg 585w, https:\/\/www.tribunaribeirao.com.br\/wp-content\/uploads\/2026\/08\/1-Vendaval-FOTO-04-William-Minhoto-Foto-Defesa-Civil-ESP-Divulgacao.jpg 828w\" data-sizes=\"(max-width: 462px) 100vw, 462px\" style=\"--smush-placeholder-width: 462px; --smush-placeholder-aspect-ratio: 462\/300;\"\/><figcaption id=\"caption-attachment-475455\" class=\"wp-caption-text\">O meteorologista da Defesa Civil do Estado, William Minhoto, alerta que a redu\u00e7\u00e3o da cobertura arb\u00f3rea em \u00e1reas urbanas pode provocar aumento da temperatura, redu\u00e7\u00e3o da umidade e desconforto t\u00e9rmico | Foto: Defesa Civil\/Divulga\u00e7\u00e3o<\/figcaption><\/figure>\n<p>Durante a noite, parte do calor acumulado \u00e9 liberado gradualmente para a atmosfera. De acordo com o meteorologista, isso pode contribuir para temperaturas mais elevadas e intensificar localmente o efeito de ilha de calor urbana.<\/p>\n<p>A redu\u00e7\u00e3o da vegeta\u00e7\u00e3o tamb\u00e9m interfere na umidade. \u201cA diminui\u00e7\u00e3o da vegeta\u00e7\u00e3o reduz a evapotranspira\u00e7\u00e3o e, consequentemente, a quantidade de vapor d\u2019\u00e1gua transferida para a atmosfera\u201d, explica Minhoto. Com isso, o ambiente pode ficar mais quente e relativamente mais seco, especialmente durante per\u00edodos de estiagem e temperaturas elevadas.<\/p>\n<p>Outro impacto est\u00e1 relacionado ao conforto t\u00e9rmico. Com menos \u00e1rvores, diminuem as \u00e1reas de sombra e aumenta a exposi\u00e7\u00e3o das pessoas \u00e0 radia\u00e7\u00e3o solar direta. Dependendo da extens\u00e3o e das caracter\u00edsticas da \u00e1rea atingida, tamb\u00e9m podem ocorrer altera\u00e7\u00f5es na circula\u00e7\u00e3o local dos ventos e no balan\u00e7o de energia entre a superf\u00edcie e a atmosfera.<\/p>\n<p>Minhoto ressalta que a retirada de \u00e1rvores em uma \u00e1rea espec\u00edfica n\u00e3o \u00e9 suficiente, isoladamente, para modificar o clima de uma cidade inteira. Por\u00e9m, uma redu\u00e7\u00e3o expressiva e distribu\u00edda da cobertura vegetal pode produzir efeitos mensur\u00e1veis sobre o microclima urbano, com reflexos nas temperaturas, na umidade, no armazenamento de calor pelas superf\u00edcies e no conforto t\u00e9rmico da popula\u00e7\u00e3o.<\/p>\n<h3><strong>\u00a0<\/strong><strong>Velhos problemas<\/strong><\/h3>\n<p>Antes do vendaval de 24 de julho, Ribeir\u00e3o Preto j\u00e1 contava com um diagn\u00f3stico sobre as condi\u00e7\u00f5es de parte de sua arboriza\u00e7\u00e3o. O Invent\u00e1rio Amostral da Arboriza\u00e7\u00e3o de Acompanhamento Vi\u00e1rio, elaborado pela Prefeitura em 2022, percorreu 290,86 quil\u00f4metros de vias, equivalentes a 10% da malha urbana, e registrou 26.669 \u00e1rvores ou arbustos, distribu\u00eddos em 342 esp\u00e9cies.<\/p>\n<p>Embora 96,3% das \u00e1rvores tenham sido classificadas em condi\u00e7\u00e3o fitossanit\u00e1ria boa ou excelente, o levantamento apontou problemas principalmente relacionados ao manejo. O relat\u00f3rio considerou insatisfat\u00f3ria a condi\u00e7\u00e3o geral da arboriza\u00e7\u00e3o vi\u00e1ria em raz\u00e3o, sobretudo, de podas inadequadas.<\/p>\n<p>Entre os exemplares analisados, 9.603 tinham indica\u00e7\u00e3o de poda de condu\u00e7\u00e3o, 7.161 de poda de corre\u00e7\u00e3o, 1.920 de levantamento de copa e 739 de extra\u00e7\u00e3o. Somadas, as quatro categorias representavam 19.423 interven\u00e7\u00f5es.<\/p>\n<figure id=\"attachment_475456\" aria-describedby=\"caption-attachment-475456\" style=\"width: 452px\" class=\"wp-caption aligncenter\"><img data-recalc-dims=\"1\" loading=\"lazy\" decoding=\"async\" class=\"wp-image-475456 lazyload\" src=\"https:\/\/i0.wp.com\/www.tribunaribeirao.com.br\/wp-content\/uploads\/2026\/08\/1-Vendaval-FOTO-05-Foto-Alfredo-Risk-300x200.jpg?resize=452%2C301&#038;ssl=1\" alt=\"\" width=\"452\" height=\"301\" srcset=\"https:\/\/www.tribunaribeirao.com.br\/wp-content\/uploads\/2026\/08\/1-Vendaval-FOTO-05-Foto-Alfredo-Risk-300x200.jpg 300w, https:\/\/www.tribunaribeirao.com.br\/wp-content\/uploads\/2026\/08\/1-Vendaval-FOTO-05-Foto-Alfredo-Risk-1024x683.jpg 1024w, https:\/\/www.tribunaribeirao.com.br\/wp-content\/uploads\/2026\/08\/1-Vendaval-FOTO-05-Foto-Alfredo-Risk-768x512.jpg 768w, https:\/\/www.tribunaribeirao.com.br\/wp-content\/uploads\/2026\/08\/1-Vendaval-FOTO-05-Foto-Alfredo-Risk-480x320.jpg 480w, https:\/\/www.tribunaribeirao.com.br\/wp-content\/uploads\/2026\/08\/1-Vendaval-FOTO-05-Foto-Alfredo-Risk-280x186.jpg 280w, https:\/\/www.tribunaribeirao.com.br\/wp-content\/uploads\/2026\/08\/1-Vendaval-FOTO-05-Foto-Alfredo-Risk-960x640.jpg 960w, https:\/\/www.tribunaribeirao.com.br\/wp-content\/uploads\/2026\/08\/1-Vendaval-FOTO-05-Foto-Alfredo-Risk-600x400.jpg 600w, https:\/\/www.tribunaribeirao.com.br\/wp-content\/uploads\/2026\/08\/1-Vendaval-FOTO-05-Foto-Alfredo-Risk-585x390.jpg 585w, https:\/\/www.tribunaribeirao.com.br\/wp-content\/uploads\/2026\/08\/1-Vendaval-FOTO-05-Foto-Alfredo-Risk-scaled.jpg 1200w\" data-sizes=\"(max-width: 452px) 100vw, 452px\" style=\"--smush-placeholder-width: 452px; --smush-placeholder-aspect-ratio: 452\/301;\"\/><figcaption id=\"caption-attachment-475456\" class=\"wp-caption-text\">Invent\u00e1rio aponta que regi\u00e3o central \u00e9 a menos arborizada da cidade, com apenas 3,58% de cobertura vegetal | Foto: Alfredo Risk<\/figcaption><\/figure>\n<p>O estudo tamb\u00e9m identificou 1.273 \u00e1rvores, ou 4,8% da amostra, com doen\u00e7as ou infesta\u00e7\u00f5es por parasitas. Parte dos problemas foi relacionada a podas mal executadas, que poderiam facilitar a entrada de parasitas, como formigas e cupins.<\/p>\n<p>A rela\u00e7\u00e3o entre \u00e1rvores e cal\u00e7adas tamb\u00e9m apareceu no levantamento. Foram encontrados 2.854 exemplares, equivalentes a 10,7% da amostra, que provocavam algum tipo de dano ao cal\u00e7amento. Outras 558 \u00e1rvores tinham o colo totalmente impermeabilizado.<\/p>\n<p>Ao mesmo tempo, havia espa\u00e7o para ampliar a arboriza\u00e7\u00e3o. O invent\u00e1rio identificou 28.811 locais considerados adequados para novos plantios, n\u00famero superior ao de \u00e1rvores registradas.<\/p>\n<h4><strong>A\u00e7\u00f5es antes do vendaval<\/strong><\/h4>\n<p>Os dados do invent\u00e1rio serviram de refer\u00eancia para a\u00e7\u00f5es posteriores de manejo. Antes do vendaval, a Prefeitura informou que a m\u00e9dia di\u00e1ria de podas havia passado de 152 para 168. No primeiro semestre de 2026, 62 novos podadores foram capacitados e credenciados pelo munic\u00edpio.<\/p>\n<p>Tamb\u00e9m houve novos plantios. Entre janeiro e junho de 2026, o programa Click \u00c1rvore realizou aproximadamente 1.500 plantios em cal\u00e7adas, segundo a Prefeitura.<\/p>\n<p>O invent\u00e1rio, elaborado com dados coletados em outubro de 2021, tamb\u00e9m apontou diferen\u00e7as entre as regi\u00f5es. A cobertura vegetal calculada no per\u00edmetro urbano analisado era de 12,71%, sendo de 15,79% na regi\u00e3o Sul, 13,54% na Oeste, 11,39% na Norte, 11,34% na Leste e 3,58% na regi\u00e3o Central.<\/p>\n<h2><strong>O primeiro vendaval<\/strong><\/h2>\n<p>Na noite de 14 de maio de 1994, Ribeir\u00e3o Preto enfrentou o primeiro grande vendaval de sua hist\u00f3ria recente. O fen\u00f4meno clim\u00e1tico, considerado raro e extremamente violento, come\u00e7ou por volta das 23h40 e durou menos de dez minutos. Foi tempo suficiente para deixar tr\u00eas mortos, 132 feridos e mais de 600 desabrigados.<\/p>\n<p>A tempestade ocorreu quando uma frente fria se chocou com uma massa de ar quente, com diferen\u00e7a de temperatura superior a 20 graus. A combina\u00e7\u00e3o provocou a forma\u00e7\u00e3o de nuvens carregadas e v\u00e1rios tornados, com correntes de vento superiores a 100 km\/h, al\u00e9m de forte chuva de granizo.<\/p>\n<p>Mais de 5 mil im\u00f3veis residenciais e comerciais foram atingidos. Cerca de 60% da cidade ficou sem energia el\u00e9trica e tamb\u00e9m houve interrup\u00e7\u00e3o no abastecimento de \u00e1gua. O preju\u00edzo foi estimado, na \u00e9poca, em US$ 6 milh\u00f5es. As regi\u00f5es Norte, Centro e Oeste concentraram os maiores estragos, mas tamb\u00e9m houve ocorr\u00eancias nas zonas Sul e Leste.<\/p>\n<p>As \u00e1rvores estiveram entre os elementos mais atingidos. Muitas foram arrancadas ou tiveram galhos quebrados pela for\u00e7a dos ventos. Ruas ficaram tomadas por galhos, folhas e outros destro\u00e7os, enquanto calhas e rufos foram parar sobre a rede el\u00e9trica. Em alguns bairros, o granizo formou camadas de gelo de at\u00e9 40 cent\u00edmetros.<\/p>\n<figure id=\"attachment_475457\" aria-describedby=\"caption-attachment-475457\" style=\"width: 471px\" class=\"wp-caption aligncenter\"><img data-recalc-dims=\"1\" loading=\"lazy\" decoding=\"async\" class=\"wp-image-475457 lazyload\" src=\"https:\/\/i0.wp.com\/www.tribunaribeirao.com.br\/wp-content\/uploads\/2026\/08\/1-Vendaval-FOTO-06-Vendaval-de-1994-Foto-Reproducao-300x188.jpg?resize=471%2C295&#038;ssl=1\" alt=\"\" width=\"471\" height=\"295\" srcset=\"https:\/\/www.tribunaribeirao.com.br\/wp-content\/uploads\/2026\/08\/1-Vendaval-FOTO-06-Vendaval-de-1994-Foto-Reproducao-300x188.jpg 300w, https:\/\/www.tribunaribeirao.com.br\/wp-content\/uploads\/2026\/08\/1-Vendaval-FOTO-06-Vendaval-de-1994-Foto-Reproducao-639x400.jpg 639w, https:\/\/www.tribunaribeirao.com.br\/wp-content\/uploads\/2026\/08\/1-Vendaval-FOTO-06-Vendaval-de-1994-Foto-Reproducao-585x366.jpg 585w, https:\/\/www.tribunaribeirao.com.br\/wp-content\/uploads\/2026\/08\/1-Vendaval-FOTO-06-Vendaval-de-1994-Foto-Reproducao.jpg 700w\" data-sizes=\"(max-width: 471px) 100vw, 471px\" style=\"--smush-placeholder-width: 471px; --smush-placeholder-aspect-ratio: 471\/295;\"\/><figcaption id=\"caption-attachment-475457\" class=\"wp-caption-text\">Outro grande vendaval, registrado em 1994, deixou tr\u00eas mortos e um enorme rastro de destrui\u00e7\u00e3o | Foto: Reprodu\u00e7\u00e3o<\/figcaption><\/figure>\n<p>O impacto sobre a vegeta\u00e7\u00e3o tamb\u00e9m foi registrado pela morte de milhares de andorinhas, atingidas pelo granizo nas proximidades do Terminal Rodovi\u00e1rio. Jornalistas que acompanharam a reconstru\u00e7\u00e3o relataram \u00e1rvores praticamente sem folhas e o ch\u00e3o coberto pelas aves mortas.<\/p>\n<p>O ent\u00e3o prefeito Ant\u00f4nio Palocci Filho decretou Estado de Calamidade P\u00fablica. No dia seguinte, o governador Luiz Ant\u00f4nio Fleury Filho sobrevoou a cidade e liberou US$ 1 milh\u00e3o em car\u00e1ter emergencial. A reconstru\u00e7\u00e3o envolveu poder p\u00fablico, moradores, empresas e volunt\u00e1rios.<\/p>\n<p>O vendaval de 1994 ficou registrado na mem\u00f3ria de quem viveu a trag\u00e9dia e tamb\u00e9m mostrou a dimens\u00e3o que eventos clim\u00e1ticos extremos podem alcan\u00e7ar em Ribeir\u00e3o Preto, com impactos diretos sobre a arboriza\u00e7\u00e3o, a rede el\u00e9trica, o abastecimento de \u00e1gua, os im\u00f3veis e a mobilidade urbana.<\/p>\n<div style=\"background-color: #f4f4f5; border: 1px solid #d4d4d8; padding: 15px; margin: 20px 0; border-radius: 6px; font-family: sans-serif; line-height: 1.5;\">\n    <span style=\"color: #27272a;\">Inscreva-se em nosso Canal no Whatsapp e fique por dentro de tudo que acontece na regi\u00e3o. <\/span><br \/>\n    <a href=\"https:\/\/whatsapp.com\/channel\/0029VanuE2o7z4kYjo0XVS3u\" target=\"_blank\" rel=\"noopener noreferrer\" style=\"color: #16a34a; font-weight: bold; text-decoration: underline;\">Clique Aqui!<\/a>\n<\/div>\n<\/div>\n<p><br \/>\n<br \/><a href=\"https:\/\/www.tribunaribeirao.com.br\/ribeirao-preto-e-o-antigo-problema-das-arvores\/\">Texto original daqui <\/a><\/p>\n<!-- CONTENT END 1 -->\n","protected":false},"excerpt":{"rendered":"<p>Por Adalberto Luque \u00a0 O vendaval que atingiu Ribeir\u00e3o Preto na madrugada de 24 de julho deixou uma cidade parcialmente paralisada e exp\u00f4s, em poucas&#8230;<\/p>\n","protected":false},"author":1,"featured_media":90768,"comment_status":"","ping_status":"","sticky":false,"template":"","format":"standard","meta":{"advanced_seo_description":"","jetpack_seo_html_title":"","jetpack_seo_noindex":false,"jetpack_seo_schema_type":"","_jetpack_newsletter_access":"","_jetpack_dont_email_post_to_subs":false,"_jetpack_newsletter_tier_id":0,"_jetpack_memberships_contains_paywalled_content":false,"_jetpack_feature_clip_id":0,"_jetpack_memberships_contains_paid_content":false,"footnotes":"","jetpack_publicize_message":"","jetpack_publicize_feature_enabled":true,"jetpack_social_post_already_shared":true,"jetpack_social_options":{"image_generator_settings":{"template":"highway","default_image_id":0,"font":"","enabled":false},"version":2},"jetpack_post_was_ever_published":false},"categories":[11],"tags":[8818,1904,429,27,1987,26],"class_list":["post-90767","post","type-post","status-publish","format-standard","has-post-thumbnail","hentry","category-noticias-de-ribeirao-preto-sp-e-regiao-ismael-colosi","tag-antigo","tag-arvores","tag-das","tag-preto","tag-problema","tag-ribeirao"],"jetpack_publicize_connections":[],"jetpack-related-posts":[{"id":79480,"url":"https:\/\/noticiasribeiraopreto.com.br\/index.php\/2025\/11\/02\/temporal-derruba-arvore-de-grande-porte-ao-lado-do-antigo-ps-central-de-ribeirao-preto\/","url_meta":{"origin":90767,"position":0},"title":"Temporal derruba \u00e1rvore de grande porte ao lado do antigo PS Central de Ribeir\u00e3o Preto","author":"noticiasribeiraopreto.com.br","date":"2 de November de 2025","format":false,"excerpt":"Uma \u00e1rvore de grande porte caiu na pra\u00e7a Francisco Prestes, ao lado do antigo Pronto Socorro Central de Ribeir\u00e3o Preto. O incidente aconteceu por conta da chuva que atinge Ribeir\u00e3o Preto desde o final da tarde de s\u00e1bado (1\u00ba de novembro). De acordo com a Defesa Civil, ningu\u00e9m ficou ferido\u2026","rel":"","context":"In &quot;Not\u00edcias de Ribeir\u00e3o Preto-SP e Regi\u00e3o&quot;","block_context":{"text":"Not\u00edcias de Ribeir\u00e3o Preto-SP e Regi\u00e3o","link":"https:\/\/noticiasribeiraopreto.com.br\/index.php\/category\/noticias-de-ribeirao-preto-sp-e-regiao-ismael-colosi\/"},"img":{"alt_text":"","src":"https:\/\/i0.wp.com\/noticiasribeiraopreto.com.br\/wp-content\/uploads\/2025\/11\/arvore-ps-central_2025-11-02_12-37-47.webp.webp?fit=1200%2C903&ssl=1&resize=350%2C200","width":350,"height":200,"srcset":"https:\/\/i0.wp.com\/noticiasribeiraopreto.com.br\/wp-content\/uploads\/2025\/11\/arvore-ps-central_2025-11-02_12-37-47.webp.webp?fit=1200%2C903&ssl=1&resize=350%2C200 1x, https:\/\/i0.wp.com\/noticiasribeiraopreto.com.br\/wp-content\/uploads\/2025\/11\/arvore-ps-central_2025-11-02_12-37-47.webp.webp?fit=1200%2C903&ssl=1&resize=525%2C300 1.5x, https:\/\/i0.wp.com\/noticiasribeiraopreto.com.br\/wp-content\/uploads\/2025\/11\/arvore-ps-central_2025-11-02_12-37-47.webp.webp?fit=1200%2C903&ssl=1&resize=700%2C400 2x, https:\/\/i0.wp.com\/noticiasribeiraopreto.com.br\/wp-content\/uploads\/2025\/11\/arvore-ps-central_2025-11-02_12-37-47.webp.webp?fit=1200%2C903&ssl=1&resize=1050%2C600 3x"},"classes":[]},{"id":88745,"url":"https:\/\/noticiasribeiraopreto.com.br\/index.php\/2026\/07\/24\/vendaval-em-ribeirao-preto-e-o-mais-intenso-desde1994-diz-defesa-civil\/","url_meta":{"origin":90767,"position":1},"title":"Vendaval em Ribeir\u00e3o Preto \u00e9 o mais intenso desde 1994, diz Defesa Civil","author":"noticiasribeiraopreto.com.br","date":"24 de July de 2026","format":false,"excerpt":"O temporal que atingiu Ribeir\u00e3o Preto na manh\u00e3 desta sexta-feira (24) provocou um cen\u00e1rio de destrui\u00e7\u00e3o pela cidade, com queda de \u00e1rvores, danos em estruturas, problemas na rede el\u00e9trica e no abastecimento de \u00e1gua e uma morte confirmada. Durante a coletiva de imprensa em que o prefeito Ricardo Silva (PSD)\u2026","rel":"","context":"In &quot;Not\u00edcias de Ribeir\u00e3o Preto-SP e Regi\u00e3o&quot;","block_context":{"text":"Not\u00edcias de Ribeir\u00e3o Preto-SP e Regi\u00e3o","link":"https:\/\/noticiasribeiraopreto.com.br\/index.php\/category\/noticias-de-ribeirao-preto-sp-e-regiao-ismael-colosi\/"},"img":{"alt_text":"","src":"https:\/\/i0.wp.com\/noticiasribeiraopreto.com.br\/wp-content\/uploads\/2026\/07\/estragos-6.jpg?fit=1200%2C675&ssl=1&resize=350%2C200","width":350,"height":200,"srcset":"https:\/\/i0.wp.com\/noticiasribeiraopreto.com.br\/wp-content\/uploads\/2026\/07\/estragos-6.jpg?fit=1200%2C675&ssl=1&resize=350%2C200 1x, https:\/\/i0.wp.com\/noticiasribeiraopreto.com.br\/wp-content\/uploads\/2026\/07\/estragos-6.jpg?fit=1200%2C675&ssl=1&resize=525%2C300 1.5x, https:\/\/i0.wp.com\/noticiasribeiraopreto.com.br\/wp-content\/uploads\/2026\/07\/estragos-6.jpg?fit=1200%2C675&ssl=1&resize=700%2C400 2x, https:\/\/i0.wp.com\/noticiasribeiraopreto.com.br\/wp-content\/uploads\/2026\/07\/estragos-6.jpg?fit=1200%2C675&ssl=1&resize=1050%2C600 3x"},"classes":[]},{"id":89138,"url":"https:\/\/noticiasribeiraopreto.com.br\/index.php\/2026\/07\/30\/aterro-em-ribeirao-preto-recebe-592-caminhoes-com-galhos-de-arvores-apos-temporal\/","url_meta":{"origin":90767,"position":2},"title":"Aterro em Ribeir\u00e3o Preto recebe 592 caminh\u00f5es com galhos de \u00e1rvores ap\u00f3s temporal","author":"noticiasribeiraopreto.com.br","date":"30 de July de 2026","format":false,"excerpt":"O aterro da Prefeitura de Ribeir\u00e3o Preto, na rodovia M\u00e1rio Doneg\u00e1 (SP-291), recebeu 592 caminh\u00f5es carregados com galhos, troncos e tocos de \u00e1rvores nos quatro dias seguintes ao temporal que atingiu Ribeir\u00e3o Preto e cidades do interior de S\u00e3o Paulo na \u00faltima sexta-feira (24). Os fortes ventos chegaram a 160\u2026","rel":"","context":"In &quot;Not\u00edcias de Ribeir\u00e3o Preto-SP e Regi\u00e3o&quot;","block_context":{"text":"Not\u00edcias de Ribeir\u00e3o Preto-SP e Regi\u00e3o","link":"https:\/\/noticiasribeiraopreto.com.br\/index.php\/category\/noticias-de-ribeirao-preto-sp-e-regiao-ismael-colosi\/"},"img":{"alt_text":"","src":"https:\/\/i0.wp.com\/noticiasribeiraopreto.com.br\/wp-content\/uploads\/2026\/07\/marco-aurelio-1.png?fit=1200%2C675&ssl=1&resize=350%2C200","width":350,"height":200,"srcset":"https:\/\/i0.wp.com\/noticiasribeiraopreto.com.br\/wp-content\/uploads\/2026\/07\/marco-aurelio-1.png?fit=1200%2C675&ssl=1&resize=350%2C200 1x, https:\/\/i0.wp.com\/noticiasribeiraopreto.com.br\/wp-content\/uploads\/2026\/07\/marco-aurelio-1.png?fit=1200%2C675&ssl=1&resize=525%2C300 1.5x, https:\/\/i0.wp.com\/noticiasribeiraopreto.com.br\/wp-content\/uploads\/2026\/07\/marco-aurelio-1.png?fit=1200%2C675&ssl=1&resize=700%2C400 2x, https:\/\/i0.wp.com\/noticiasribeiraopreto.com.br\/wp-content\/uploads\/2026\/07\/marco-aurelio-1.png?fit=1200%2C675&ssl=1&resize=1050%2C600 3x"},"classes":[]},{"id":88731,"url":"https:\/\/noticiasribeiraopreto.com.br\/index.php\/2026\/07\/24\/temporal-causou-ventos-de-121-km-h-em-cidade-da-regiao\/","url_meta":{"origin":90767,"position":3},"title":"Temporal causou ventos de 121 km\/h em cidade da regi\u00e3o","author":"noticiasribeiraopreto.com.br","date":"24 de July de 2026","format":false,"excerpt":"Um temporal atingiu cidades do interior de S\u00e3o Paulo e provocou estragos, com registro de ventos de at\u00e9 121 km\/h, segundo a Defesa Civil. A maior ventania foi registrada em Prad\u00f3polis, a 320 km da capital paulista, \u00e0s 6h de hoje. A cidade de 17 mil habitantes fica perto de\u2026","rel":"","context":"In &quot;Not\u00edcias de Ribeir\u00e3o Preto-SP e Regi\u00e3o&quot;","block_context":{"text":"Not\u00edcias de Ribeir\u00e3o Preto-SP e Regi\u00e3o","link":"https:\/\/noticiasribeiraopreto.com.br\/index.php\/category\/noticias-de-ribeirao-preto-sp-e-regiao-ismael-colosi\/"},"img":{"alt_text":"","src":"https:\/\/i0.wp.com\/noticiasribeiraopreto.com.br\/wp-content\/uploads\/2026\/07\/Captura-de-tela-2026-07-24-111558.png?fit=727%2C746&ssl=1&resize=350%2C200","width":350,"height":200,"srcset":"https:\/\/i0.wp.com\/noticiasribeiraopreto.com.br\/wp-content\/uploads\/2026\/07\/Captura-de-tela-2026-07-24-111558.png?fit=727%2C746&ssl=1&resize=350%2C200 1x, https:\/\/i0.wp.com\/noticiasribeiraopreto.com.br\/wp-content\/uploads\/2026\/07\/Captura-de-tela-2026-07-24-111558.png?fit=727%2C746&ssl=1&resize=525%2C300 1.5x, https:\/\/i0.wp.com\/noticiasribeiraopreto.com.br\/wp-content\/uploads\/2026\/07\/Captura-de-tela-2026-07-24-111558.png?fit=727%2C746&ssl=1&resize=700%2C400 2x"},"classes":[]},{"id":88739,"url":"https:\/\/noticiasribeiraopreto.com.br\/index.php\/2026\/07\/24\/quedas-de-arvore-foram-registradas-por-toda-a-ribeirao-preto-apos-temporal-na-madrugada-acompanhe\/","url_meta":{"origin":90767,"position":4},"title":"Quedas de \u00e1rvore foram registradas por toda a  Ribeir\u00e3o Preto ap\u00f3s temporal na madrugada; Acompanhe","author":"noticiasribeiraopreto.com.br","date":"24 de July de 2026","format":false,"excerpt":"Um temporal derrubou \u00e1rvores e provocou v\u00e1rios transtornos na madrugada desta sexta-feira (24), em Ribeir\u00e3o Preto. Foram registradas rajadas de vento de 70 km\/h, \u00e0s 5h40, na esta\u00e7\u00e3o meteorol\u00f3gica do Aeroporto Leite Lopes. Confira registros de quedas de \u00e1rvores na cidade. Receba not\u00edcias do\u00a0acidade on Ribeir\u00e3o\u00a0no WhatsApp e fique por\u2026","rel":"","context":"In &quot;Not\u00edcias de Ribeir\u00e3o Preto-SP e Regi\u00e3o&quot;","block_context":{"text":"Not\u00edcias de Ribeir\u00e3o Preto-SP e Regi\u00e3o","link":"https:\/\/noticiasribeiraopreto.com.br\/index.php\/category\/noticias-de-ribeirao-preto-sp-e-regiao-ismael-colosi\/"},"img":{"alt_text":"","src":"https:\/\/i0.wp.com\/noticiasribeiraopreto.com.br\/wp-content\/uploads\/2026\/07\/Arvore-caida-bloqueou-a-Quito-Junqueira-2.jpeg?fit=1200%2C707&ssl=1&resize=350%2C200","width":350,"height":200,"srcset":"https:\/\/i0.wp.com\/noticiasribeiraopreto.com.br\/wp-content\/uploads\/2026\/07\/Arvore-caida-bloqueou-a-Quito-Junqueira-2.jpeg?fit=1200%2C707&ssl=1&resize=350%2C200 1x, https:\/\/i0.wp.com\/noticiasribeiraopreto.com.br\/wp-content\/uploads\/2026\/07\/Arvore-caida-bloqueou-a-Quito-Junqueira-2.jpeg?fit=1200%2C707&ssl=1&resize=525%2C300 1.5x, https:\/\/i0.wp.com\/noticiasribeiraopreto.com.br\/wp-content\/uploads\/2026\/07\/Arvore-caida-bloqueou-a-Quito-Junqueira-2.jpeg?fit=1200%2C707&ssl=1&resize=700%2C400 2x, https:\/\/i0.wp.com\/noticiasribeiraopreto.com.br\/wp-content\/uploads\/2026\/07\/Arvore-caida-bloqueou-a-Quito-Junqueira-2.jpeg?fit=1200%2C707&ssl=1&resize=1050%2C600 3x"},"classes":[]},{"id":63857,"url":"https:\/\/noticiasribeiraopreto.com.br\/index.php\/2025\/02\/24\/idosa-bate-carro-em-cacamba-e-arvore-e-morre-em-avenida-de-ribeirao-preto\/","url_meta":{"origin":90767,"position":5},"title":"Idosa bate carro em ca\u00e7amba e \u00e1rvore e morre em avenida de Ribeir\u00e3o Preto","author":"noticiasribeiraopreto.com.br","date":"24 de February de 2025","format":false,"excerpt":"Uma mulher de 76 anos bateu o carro em uma ca\u00e7amba e em uma \u00e1rvore, e morreu no fim da noite deste domingo (23), na avenida Presidente Kennedy, no bairro Ribeir\u00e2nia, zona Leste de Ribeir\u00e3o Preto. Segundo o boletim de ocorr\u00eancia (BO), equipes de socorro foram chamadas, mas Vera Joana\u2026","rel":"","context":"In &quot;Not\u00edcias de Ribeir\u00e3o Preto-SP e Regi\u00e3o&quot;","block_context":{"text":"Not\u00edcias de Ribeir\u00e3o Preto-SP e Regi\u00e3o","link":"https:\/\/noticiasribeiraopreto.com.br\/index.php\/category\/noticias-de-ribeirao-preto-sp-e-regiao-ismael-colosi\/"},"img":{"alt_text":"","src":"https:\/\/i0.wp.com\/noticiasribeiraopreto.com.br\/wp-content\/uploads\/2025\/02\/WhatsApp-Image-2025-02-24-at-09.53.21_2025-02-24_13-34-27_jpeg_2025-02-24_13-34-27.webp.webp?fit=580%2C261&ssl=1&resize=350%2C200","width":350,"height":200,"srcset":"https:\/\/i0.wp.com\/noticiasribeiraopreto.com.br\/wp-content\/uploads\/2025\/02\/WhatsApp-Image-2025-02-24-at-09.53.21_2025-02-24_13-34-27_jpeg_2025-02-24_13-34-27.webp.webp?fit=580%2C261&ssl=1&resize=350%2C200 1x, https:\/\/i0.wp.com\/noticiasribeiraopreto.com.br\/wp-content\/uploads\/2025\/02\/WhatsApp-Image-2025-02-24-at-09.53.21_2025-02-24_13-34-27_jpeg_2025-02-24_13-34-27.webp.webp?fit=580%2C261&ssl=1&resize=525%2C300 1.5x"},"classes":[]}],"jetpack_sharing_enabled":true,"jetpack_shortlink":"https:\/\/wp.me\/peQAOb-nBZ","jetpack_featured_media_url":"https:\/\/i0.wp.com\/noticiasribeiraopreto.com.br\/wp-content\/uploads\/2026\/08\/1-Vendaval-FOTO-01-Arvores-USP-Foto-Alfredo-Risk-scaled.jpg?fit=1170%2C780&ssl=1","_links":{"self":[{"href":"https:\/\/noticiasribeiraopreto.com.br\/index.php\/wp-json\/wp\/v2\/posts\/90767","targetHints":{"allow":["GET"]}}],"collection":[{"href":"https:\/\/noticiasribeiraopreto.com.br\/index.php\/wp-json\/wp\/v2\/posts"}],"about":[{"href":"https:\/\/noticiasribeiraopreto.com.br\/index.php\/wp-json\/wp\/v2\/types\/post"}],"author":[{"embeddable":true,"href":"https:\/\/noticiasribeiraopreto.com.br\/index.php\/wp-json\/wp\/v2\/users\/1"}],"replies":[{"embeddable":true,"href":"https:\/\/noticiasribeiraopreto.com.br\/index.php\/wp-json\/wp\/v2\/comments?post=90767"}],"version-history":[{"count":0,"href":"https:\/\/noticiasribeiraopreto.com.br\/index.php\/wp-json\/wp\/v2\/posts\/90767\/revisions"}],"wp:featuredmedia":[{"embeddable":true,"href":"https:\/\/noticiasribeiraopreto.com.br\/index.php\/wp-json\/wp\/v2\/media\/90768"}],"wp:attachment":[{"href":"https:\/\/noticiasribeiraopreto.com.br\/index.php\/wp-json\/wp\/v2\/media?parent=90767"}],"wp:term":[{"taxonomy":"category","embeddable":true,"href":"https:\/\/noticiasribeiraopreto.com.br\/index.php\/wp-json\/wp\/v2\/categories?post=90767"},{"taxonomy":"post_tag","embeddable":true,"href":"https:\/\/noticiasribeiraopreto.com.br\/index.php\/wp-json\/wp\/v2\/tags?post=90767"}],"curies":[{"name":"wp","href":"https:\/\/api.w.org\/{rel}","templated":true}]}}