{"id":90773,"date":"2026-08-31T00:48:59","date_gmt":"2026-08-31T03:48:59","guid":{"rendered":"https:\/\/noticiasribeiraopreto.com.br\/index.php\/2026\/08\/31\/sete-bairros-de-ribeirao-preto-podem-ficar-sem-agua-neste-domingo\/"},"modified":"2026-08-31T00:48:59","modified_gmt":"2026-08-31T03:48:59","slug":"sete-bairros-de-ribeirao-preto-podem-ficar-sem-agua-neste-domingo","status":"publish","type":"post","link":"https:\/\/noticiasribeiraopreto.com.br\/index.php\/2026\/08\/31\/sete-bairros-de-ribeirao-preto-podem-ficar-sem-agua-neste-domingo\/","title":{"rendered":"Sete bairros de Ribeir\u00e3o Preto podem ficar sem \u00e1gua neste domingo"},"content":{"rendered":"<div class='code-block code-block-1' style='margin: 8px 0 8px auto; text-align: right; display: block; clear: both;'>\n<p><a href=\"https:\/\/wa.link\/vpicfd\"><img data-recalc-dims=\"1\" class=\"wp-image-4922\" style=\"aspect-ratio: 2.0253164556962027; width: 561px; height: auto;\" src=\"https:\/\/i0.wp.com\/ismaelcolosi.com.br\/wp-content\/uploads\/2023\/11\/grupo-de-empregos-whatsapp-e-facebook-ismael-colosi-vagas.jpg?ssl=1\" alt=\"\" \/><\/a><\/p>\n<!-- \/wp:image -->\n<\/div>\n<p> <br \/>\n<\/p>\n<p>A\u00a0<strong>Secretaria de \u00c1gua e Esgoto de Ribeir\u00e3o Preto (Saerp)<\/strong>\u00a0emitiu um\u00a0<strong>alerta para falta d\u2019\u00e1gua<\/strong>\u00a0em pelo menos\u00a0<strong>sete bairros<\/strong> da cidade neste domingo (30).<\/p>\n<p>De acordo com a pasta,\u00a0<strong>equipes realizam uma troca emergencial da bomba <\/strong>no Po\u00e7o Andradas e, por esse motivo, foi necess\u00e1rio interromper temporariamente o funcionamento do sistema.<\/p>\n<p class=\"has-text-align-center\"><em>Receba not\u00edcias do\u00a0<strong>acidade on Ribeir\u00e3o\u00a0<\/strong>no WhatsApp e fique por dentro de tudo! Basta acessar o link<a href=\"https:\/\/chat.whatsapp.com\/DfXwcjKVIddHUT3BvnQuPZ?mode=hqctshi\" target=\"_blank\" rel=\"noreferrer noopener\">\u00a0aqui<\/a>!<\/em><\/p>\n<figure class=\"wp-block-gallery has-nested-images columns-default is-cropped wp-block-gallery-3 is-layout-flex wp-block-gallery-is-layout-flex\">\n<figure class=\"wp-block-image size-large\"><figcaption class=\"wp-element-caption\">Saerp alerta para falta d\u2019\u00e1gua \u2013 Foto: Freepik.<\/figcaption><\/figure>\n<figure class=\"wp-block-image size-large\"><img data-recalc-dims=\"1\" loading=\"lazy\" decoding=\"async\" width=\"1024\" height=\"684\" data-id=\"106139\" src=\"https:\/\/i0.wp.com\/www.acidadeon.com\/ribeiraopreto\/wp-content\/uploads\/sites\/3\/2025\/01\/mao-na-torneira_2025-01-22_13-12-20.webp?resize=1024%2C684&#038;ssl=1\" alt=\"Saerp alerta para falta d&apos;\u00e1gua - Foto: Freepik.\" class=\"wp-image-106139\" title=\"Sete bairros de Ribeir\u00e3o Preto podem ficar sem \u00e1gua neste domingo 19\"><figcaption class=\"wp-element-caption\">Saerp alerta para falta d\u2019\u00e1gua \u2013 Foto: Freepik.<\/figcaption><\/figure>\n<\/figure>\n<h2 class=\"wp-block-heading\">Quais bairros podem ficar sem \u00e1gua?<\/h2>\n<p>Segundo a\u00a0<strong><a href=\"https:\/\/www.ribeiraopreto.sp.gov.br\/portal\/\" target=\"_blank\" rel=\"noreferrer noopener\">Prefeitura Municipal de Ribeir\u00e3o Preto<\/a><\/strong>, os bairros que podem ser afetados pela falta d\u2019\u00e1gua s\u00e3o:<\/p>\n<ul class=\"wp-block-list\">\n<li>Jardim Marchesi<\/li>\n<li>Jardim Maria Goretti<\/li>\n<li>Jardim Centen\u00e1rio<\/li>\n<li>Vila Guiomar<\/li>\n<li>Parque Ribeir\u00e3o<\/li>\n<li>Jardim Sumar\u00e9<\/li>\n<li>Alto da Boa Vista<\/li>\n<\/ul>\n<p>O Saerp informou que o servi\u00e7o deve terminar \u00e0s 23h. Ap\u00f3s a conclus\u00e3o da troca, o abastecimento voltar\u00e1 gradativamente.<\/p>\n<h3 class=\"wp-block-heading\" id=\"o-que-fazer\">O que fazer?<\/h3>\n<p>Caso o seu bairro apresente falhas no abastecimento, entre em contato com a\u00a0<strong>secretaria\u00a0<\/strong>pelo telefone 0800 115 0115 ou procure por um posto de atendimento (<a href=\"https:\/\/www.ribeiraopreto.sp.gov.br\/portal\/saerp\/\" target=\"_blank\" rel=\"noreferrer noopener\"><strong>clique aqui<\/strong><\/a>).<\/p>\n<div class=\"wp-block-image\">\n<figure class=\"aligncenter size-large\"><img data-recalc-dims=\"1\" loading=\"lazy\" decoding=\"async\" width=\"1024\" height=\"683\" src=\"https:\/\/i0.wp.com\/www.acidadeon.com\/ribeiraopreto\/wp-content\/uploads\/sites\/3\/2023\/12\/saerp-1024x683.png?resize=1024%2C683&#038;ssl=1\" alt=\"pode\" class=\"wp-image-64258\" title=\"Sete bairros de Ribeir\u00e3o Preto podem ficar sem \u00e1gua neste domingo 20\"><figcaption class=\"wp-element-caption\">Foto: Divulga\u00e7\u00e3o<\/figcaption><\/figure>\n<\/div>\n<hr class=\"wp-block-separator has-alpha-channel-opacity\">\n<p class=\"has-text-align-center\"><em>Fa\u00e7a uma den\u00fancia ou sugira uma reportagem sobre\u00a0<strong>Ribeir\u00e3o Preto\u00a0<\/strong>e regi\u00e3o por meio do WhatsApp do\u00a0<strong>acidade on Ribeir\u00e3o<\/strong>: (16) 99117-7802.<\/em><\/p>\n<\/p>\n<p>O post Sete bairros de Ribeir\u00e3o Preto podem ficar sem \u00e1gua neste domingo apareceu primeiro em ACidade ON Ribeir\u00e3o Preto.<\/p>\n<p><br \/>\n<br \/><a href=\"https:\/\/www.acidadeon.com\/ribeiraopreto\/cotidiano\/sete-bairros-de-ribeirao-preto-podem-ficar-sem-agua-neste-domingo\/\">Link para o texto original aqui <\/a><\/p>\n<!-- CONTENT END 1 -->\n","protected":false},"excerpt":{"rendered":"<p>A\u00a0Secretaria de \u00c1gua e Esgoto de Ribeir\u00e3o Preto (Saerp)\u00a0emitiu um\u00a0alerta para falta d\u2019\u00e1gua\u00a0em pelo menos\u00a0sete bairros da cidade neste domingo (30). De acordo com a&#8230;<\/p>\n","protected":false},"author":1,"featured_media":90774,"comment_status":"","ping_status":"","sticky":false,"template":"","format":"standard","meta":{"advanced_seo_description":"","jetpack_seo_html_title":"","jetpack_seo_noindex":false,"jetpack_seo_schema_type":"","_jetpack_newsletter_access":"","_jetpack_dont_email_post_to_subs":false,"_jetpack_newsletter_tier_id":0,"_jetpack_memberships_contains_paywalled_content":false,"_jetpack_feature_clip_id":0,"_jetpack_memberships_contains_paid_content":false,"footnotes":"","jetpack_publicize_message":"","jetpack_publicize_feature_enabled":true,"jetpack_social_post_already_shared":true,"jetpack_social_options":{"image_generator_settings":{"template":"highway","default_image_id":0,"font":"","enabled":false},"version":2},"jetpack_post_was_ever_published":false},"categories":[11],"tags":[32,419,338,1471,263,217,1214,27,26,1025,2215],"class_list":["post-90773","post","type-post","status-publish","format-standard","has-post-thumbnail","hentry","category-noticias-de-ribeirao-preto-sp-e-regiao-ismael-colosi","tag-agua","tag-bairros","tag-domingo","tag-ficar","tag-neste","tag-pode","tag-podem","tag-preto","tag-ribeirao","tag-sem","tag-sete"],"jetpack_publicize_connections":[],"jetpack-related-posts":[{"id":61539,"url":"https:\/\/noticiasribeiraopreto.com.br\/index.php\/2024\/12\/16\/sete-condominios-e-parte-de-bairro-da-zona-sul-de-ribeirao-podem-ficar-sem-agua-veja-quais\/","url_meta":{"origin":90773,"position":0},"title":"Sete condom\u00ednios e parte de bairro da zona Sul de Ribeir\u00e3o podem ficar sem \u00e1gua; Veja quais","author":"noticiasribeiraopreto.com.br","date":"16 de December de 2024","format":false,"excerpt":"A Saerp (Secretaria de \u00c1gua e Esgoto de Ribeir\u00e3o Preto) informou nesta segunda-feira (16) que sete condom\u00ednios e parte de um bairro na zona Sul da cidade podem ficar sem \u00e1gua. De acordo com a secretaria, uma equipe realiza uma troca emergencial de bomba submersa no po\u00e7o Aroeira, o que\u2026","rel":"","context":"In &quot;Not\u00edcias de Ribeir\u00e3o Preto-SP e Regi\u00e3o&quot;","block_context":{"text":"Not\u00edcias de Ribeir\u00e3o Preto-SP e Regi\u00e3o","link":"https:\/\/noticiasribeiraopreto.com.br\/index.php\/category\/noticias-de-ribeirao-preto-sp-e-regiao-ismael-colosi\/"},"img":{"alt_text":"","src":"https:\/\/i0.wp.com\/noticiasribeiraopreto.com.br\/wp-content\/uploads\/2024\/12\/falta-agua.jpg?fit=1068%2C801&ssl=1&resize=350%2C200","width":350,"height":200,"srcset":"https:\/\/i0.wp.com\/noticiasribeiraopreto.com.br\/wp-content\/uploads\/2024\/12\/falta-agua.jpg?fit=1068%2C801&ssl=1&resize=350%2C200 1x, https:\/\/i0.wp.com\/noticiasribeiraopreto.com.br\/wp-content\/uploads\/2024\/12\/falta-agua.jpg?fit=1068%2C801&ssl=1&resize=525%2C300 1.5x, https:\/\/i0.wp.com\/noticiasribeiraopreto.com.br\/wp-content\/uploads\/2024\/12\/falta-agua.jpg?fit=1068%2C801&ssl=1&resize=700%2C400 2x, https:\/\/i0.wp.com\/noticiasribeiraopreto.com.br\/wp-content\/uploads\/2024\/12\/falta-agua.jpg?fit=1068%2C801&ssl=1&resize=1050%2C600 3x"},"classes":[]},{"id":81410,"url":"https:\/\/noticiasribeiraopreto.com.br\/index.php\/2026\/01\/05\/bairros-de-ribeirao-preto-podem-ficar-sem-agua-apos-rompimento-de-adutora-veja-quais\/","url_meta":{"origin":90773,"position":1},"title":"Bairros de Ribeir\u00e3o Preto podem ficar sem \u00e1gua ap\u00f3s rompimento de adutora; veja quais","author":"noticiasribeiraopreto.com.br","date":"5 de January de 2026","format":false,"excerpt":"Um reparo emergencial em uma adutora rompida na Rua Monte Azul \u00e9 realizado neste domingo (4), em Ribeir\u00e3o Preto. Durante a execu\u00e7\u00e3o do servi\u00e7o, podem ocorrer intermit\u00eancias no abastecimento de \u00e1gua. Os bairros que podem ser afetados s\u00e3o Jardim Salgado Filho I e II L\u00e9o Gomes de Moraes Jardim Aeroporto\u2026","rel":"","context":"In &quot;Not\u00edcias de Ribeir\u00e3o Preto-SP e Regi\u00e3o&quot;","block_context":{"text":"Not\u00edcias de Ribeir\u00e3o Preto-SP e Regi\u00e3o","link":"https:\/\/noticiasribeiraopreto.com.br\/index.php\/category\/noticias-de-ribeirao-preto-sp-e-regiao-ismael-colosi\/"},"img":{"alt_text":"","src":"https:\/\/i0.wp.com\/noticiasribeiraopreto.com.br\/wp-content\/uploads\/2025\/09\/Copia-de-Copia-de-Copia-de-TAMANHO-EXATO-PARA-FOTOS-NO-SISTEMA-NOVO-10_2024-08-19_12-12-48_jpg_2024-08-19_12-12-48.webp.webp?fit=1200%2C675&ssl=1&resize=350%2C200","width":350,"height":200,"srcset":"https:\/\/i0.wp.com\/noticiasribeiraopreto.com.br\/wp-content\/uploads\/2025\/09\/Copia-de-Copia-de-Copia-de-TAMANHO-EXATO-PARA-FOTOS-NO-SISTEMA-NOVO-10_2024-08-19_12-12-48_jpg_2024-08-19_12-12-48.webp.webp?fit=1200%2C675&ssl=1&resize=350%2C200 1x, https:\/\/i0.wp.com\/noticiasribeiraopreto.com.br\/wp-content\/uploads\/2025\/09\/Copia-de-Copia-de-Copia-de-TAMANHO-EXATO-PARA-FOTOS-NO-SISTEMA-NOVO-10_2024-08-19_12-12-48_jpg_2024-08-19_12-12-48.webp.webp?fit=1200%2C675&ssl=1&resize=525%2C300 1.5x, https:\/\/i0.wp.com\/noticiasribeiraopreto.com.br\/wp-content\/uploads\/2025\/09\/Copia-de-Copia-de-Copia-de-TAMANHO-EXATO-PARA-FOTOS-NO-SISTEMA-NOVO-10_2024-08-19_12-12-48_jpg_2024-08-19_12-12-48.webp.webp?fit=1200%2C675&ssl=1&resize=700%2C400 2x, https:\/\/i0.wp.com\/noticiasribeiraopreto.com.br\/wp-content\/uploads\/2025\/09\/Copia-de-Copia-de-Copia-de-TAMANHO-EXATO-PARA-FOTOS-NO-SISTEMA-NOVO-10_2024-08-19_12-12-48_jpg_2024-08-19_12-12-48.webp.webp?fit=1200%2C675&ssl=1&resize=1050%2C600 3x"},"classes":[]},{"id":17087,"url":"https:\/\/noticiasribeiraopreto.com.br\/index.php\/2023\/12\/17\/veja-quais-sao-os-bairros-de-ribeirao-preto-que-podem-faltar-agua-neste-domingo\/","url_meta":{"origin":90773,"position":2},"title":"Veja quais s\u00e3o os bairros de Ribeir\u00e3o Preto que podem faltar \u00e1gua neste domingo","author":"noticiasribeiraopreto.com.br","date":"17 de December de 2023","format":false,"excerpt":"A Prefeitura de Ribeir\u00e3o Preto informou, no final da manh\u00e3 deste domingo (17), que pode faltar \u00e1gua em v\u00e1rios bairros da zona Leste da cidade. O motivo \u00e9 uma rede rompida no bairro Lagoinha. De acordo com a Secretaria Municipal de \u00c1gua e Esgoto de Ribeir\u00e3o Preto (Saerp), o reparo\u2026","rel":"","context":"In &quot;Not\u00edcias de Ribeir\u00e3o Preto-SP e Regi\u00e3o&quot;","block_context":{"text":"Not\u00edcias de Ribeir\u00e3o Preto-SP e Regi\u00e3o","link":"https:\/\/noticiasribeiraopreto.com.br\/index.php\/category\/noticias-de-ribeirao-preto-sp-e-regiao-ismael-colosi\/"},"img":{"alt_text":"","src":"https:\/\/i0.wp.com\/noticiasribeiraopreto.com.br\/wp-content\/uploads\/2023\/12\/VejaosbairroscomriscodefaltadguanestaquintaemRibeiroPreto_Tamanho_2_image-2.jpg?fit=1200%2C900&ssl=1&resize=350%2C200","width":350,"height":200,"srcset":"https:\/\/i0.wp.com\/noticiasribeiraopreto.com.br\/wp-content\/uploads\/2023\/12\/VejaosbairroscomriscodefaltadguanestaquintaemRibeiroPreto_Tamanho_2_image-2.jpg?fit=1200%2C900&ssl=1&resize=350%2C200 1x, https:\/\/i0.wp.com\/noticiasribeiraopreto.com.br\/wp-content\/uploads\/2023\/12\/VejaosbairroscomriscodefaltadguanestaquintaemRibeiroPreto_Tamanho_2_image-2.jpg?fit=1200%2C900&ssl=1&resize=525%2C300 1.5x, https:\/\/i0.wp.com\/noticiasribeiraopreto.com.br\/wp-content\/uploads\/2023\/12\/VejaosbairroscomriscodefaltadguanestaquintaemRibeiroPreto_Tamanho_2_image-2.jpg?fit=1200%2C900&ssl=1&resize=700%2C400 2x, https:\/\/i0.wp.com\/noticiasribeiraopreto.com.br\/wp-content\/uploads\/2023\/12\/VejaosbairroscomriscodefaltadguanestaquintaemRibeiroPreto_Tamanho_2_image-2.jpg?fit=1200%2C900&ssl=1&resize=1050%2C600 3x"},"classes":[]},{"id":44675,"url":"https:\/\/noticiasribeiraopreto.com.br\/index.php\/2024\/03\/29\/mais-de-seis-bairros-de-ribeirao-preto-podem-ficar-sem-agua-neste-feriado-confira\/","url_meta":{"origin":90773,"position":3},"title":"Mais de seis bairros de Ribeir\u00e3o Preto podem ficar sem \u00e1gua neste feriado; Confira","author":"noticiasribeiraopreto.com.br","date":"29 de March de 2024","format":false,"excerpt":"A Saerp (Secretaria de \u00c1gua e Esgoto de Ribeir\u00e3o Preto) informou que mais de seis bairros podem ficar sem \u00e1gua nesta sexta-feira (29). O motivo \u00e9 que uma bomba do po\u00e7o Jandaia ser\u00e1 trocada, emergencialmente, ap\u00f3s apresentar falhas eletromec\u00e2nicas. Os bairros atingidos s\u00e3o Ipiranga, Alto do Ipiranga, Jardim Jandaia, Jardim\u2026","rel":"","context":"In &quot;Not\u00edcias de Ribeir\u00e3o Preto-SP e Regi\u00e3o&quot;","block_context":{"text":"Not\u00edcias de Ribeir\u00e3o Preto-SP e Regi\u00e3o","link":"https:\/\/noticiasribeiraopreto.com.br\/index.php\/category\/noticias-de-ribeirao-preto-sp-e-regiao-ismael-colosi\/"},"img":{"alt_text":"","src":"https:\/\/i0.wp.com\/noticiasribeiraopreto.com.br\/wp-content\/uploads\/2024\/03\/falta-de-agua-3.jpg?fit=1200%2C673&ssl=1&resize=350%2C200","width":350,"height":200,"srcset":"https:\/\/i0.wp.com\/noticiasribeiraopreto.com.br\/wp-content\/uploads\/2024\/03\/falta-de-agua-3.jpg?fit=1200%2C673&ssl=1&resize=350%2C200 1x, https:\/\/i0.wp.com\/noticiasribeiraopreto.com.br\/wp-content\/uploads\/2024\/03\/falta-de-agua-3.jpg?fit=1200%2C673&ssl=1&resize=525%2C300 1.5x, https:\/\/i0.wp.com\/noticiasribeiraopreto.com.br\/wp-content\/uploads\/2024\/03\/falta-de-agua-3.jpg?fit=1200%2C673&ssl=1&resize=700%2C400 2x, https:\/\/i0.wp.com\/noticiasribeiraopreto.com.br\/wp-content\/uploads\/2024\/03\/falta-de-agua-3.jpg?fit=1200%2C673&ssl=1&resize=1050%2C600 3x"},"classes":[]},{"id":57417,"url":"https:\/\/noticiasribeiraopreto.com.br\/index.php\/2024\/08\/31\/bairros-da-zona-leste-de-ribeirao-preto-podem-ficar-sem-agua-veja-quais\/","url_meta":{"origin":90773,"position":4},"title":"Bairros da zona Leste de Ribeir\u00e3o Preto podem ficar sem \u00e1gua; Veja quais","author":"noticiasribeiraopreto.com.br","date":"31 de August de 2024","format":false,"excerpt":"A Secretaria de \u00c1gua e Esgoto de Ribeir\u00e3o Preto (Saerp) informou que bairros da zona Leste de Ribeir\u00e3o Preto podem ficar sem \u00e1gua neste s\u00e1bado (31) por conta de uma substitui\u00e7\u00e3o emergencial na rede. Conforme o comunicado, equipes est\u00e3o realizando a substitui\u00e7\u00e3o da bomba submersa do po\u00e7o Cantarelli. Isso pode\u2026","rel":"","context":"In &quot;Not\u00edcias de Ribeir\u00e3o Preto-SP e Regi\u00e3o&quot;","block_context":{"text":"Not\u00edcias de Ribeir\u00e3o Preto-SP e Regi\u00e3o","link":"https:\/\/noticiasribeiraopreto.com.br\/index.php\/category\/noticias-de-ribeirao-preto-sp-e-regiao-ismael-colosi\/"},"img":{"alt_text":"","src":"https:\/\/i0.wp.com\/noticiasribeiraopreto.com.br\/wp-content\/uploads\/2024\/08\/divulgacao_cesan_2024-07-10_14-36-03_jpg_2024-07-10_14-36-03.webp.webp?fit=600%2C400&ssl=1&resize=350%2C200","width":350,"height":200,"srcset":"https:\/\/i0.wp.com\/noticiasribeiraopreto.com.br\/wp-content\/uploads\/2024\/08\/divulgacao_cesan_2024-07-10_14-36-03_jpg_2024-07-10_14-36-03.webp.webp?fit=600%2C400&ssl=1&resize=350%2C200 1x, https:\/\/i0.wp.com\/noticiasribeiraopreto.com.br\/wp-content\/uploads\/2024\/08\/divulgacao_cesan_2024-07-10_14-36-03_jpg_2024-07-10_14-36-03.webp.webp?fit=600%2C400&ssl=1&resize=525%2C300 1.5x"},"classes":[]},{"id":75198,"url":"https:\/\/noticiasribeiraopreto.com.br\/index.php\/2025\/08\/05\/saerp-alerta-para-falta-dagua-em-sete-bairros-de-ribeirao-preto\/","url_meta":{"origin":90773,"position":5},"title":"Saerp alerta para falta d\u2019\u00e1gua em sete bairros de Ribeir\u00e3o Preto","author":"noticiasribeiraopreto.com.br","date":"5 de August de 2025","format":false,"excerpt":"A Saerp (Secretaria de \u00c1gua e Esgoto de Ribeir\u00e3o Preto) informou que sete bairros das regi\u00f5es Sul e Oeste de Ribeir\u00e3o Preto podem ficar sem \u00e1gua nesta ter\u00e7a-feira (5). A secretaria informa que equipes realizam a troca da bomba do Po\u00e7o Andradas. Por conta disso, os bairros Jarim Marchesi, Jardim\u2026","rel":"","context":"In &quot;Not\u00edcias de Ribeir\u00e3o Preto-SP e Regi\u00e3o&quot;","block_context":{"text":"Not\u00edcias de Ribeir\u00e3o Preto-SP e Regi\u00e3o","link":"https:\/\/noticiasribeiraopreto.com.br\/index.php\/category\/noticias-de-ribeirao-preto-sp-e-regiao-ismael-colosi\/"},"img":{"alt_text":"","src":"https:\/\/i0.wp.com\/noticiasribeiraopreto.com.br\/wp-content\/uploads\/2025\/08\/divulgacao_cesan-Foto-Marcello-Casal-Jr.Agencia-Brasil_2024-08-21_12-20-22_jpg_2024-08-21_12-20-22.webp.webp?fit=600%2C400&ssl=1&resize=350%2C200","width":350,"height":200,"srcset":"https:\/\/i0.wp.com\/noticiasribeiraopreto.com.br\/wp-content\/uploads\/2025\/08\/divulgacao_cesan-Foto-Marcello-Casal-Jr.Agencia-Brasil_2024-08-21_12-20-22_jpg_2024-08-21_12-20-22.webp.webp?fit=600%2C400&ssl=1&resize=350%2C200 1x, https:\/\/i0.wp.com\/noticiasribeiraopreto.com.br\/wp-content\/uploads\/2025\/08\/divulgacao_cesan-Foto-Marcello-Casal-Jr.Agencia-Brasil_2024-08-21_12-20-22_jpg_2024-08-21_12-20-22.webp.webp?fit=600%2C400&ssl=1&resize=525%2C300 1.5x"},"classes":[]}],"jetpack_sharing_enabled":true,"jetpack_shortlink":"https:\/\/wp.me\/peQAOb-nC5","jetpack_featured_media_url":"https:\/\/i0.wp.com\/noticiasribeiraopreto.com.br\/wp-content\/uploads\/2026\/08\/1788148140_falta-dagua.jpg?fit=1200%2C675&ssl=1","_links":{"self":[{"href":"https:\/\/noticiasribeiraopreto.com.br\/index.php\/wp-json\/wp\/v2\/posts\/90773","targetHints":{"allow":["GET"]}}],"collection":[{"href":"https:\/\/noticiasribeiraopreto.com.br\/index.php\/wp-json\/wp\/v2\/posts"}],"about":[{"href":"https:\/\/noticiasribeiraopreto.com.br\/index.php\/wp-json\/wp\/v2\/types\/post"}],"author":[{"embeddable":true,"href":"https:\/\/noticiasribeiraopreto.com.br\/index.php\/wp-json\/wp\/v2\/users\/1"}],"replies":[{"embeddable":true,"href":"https:\/\/noticiasribeiraopreto.com.br\/index.php\/wp-json\/wp\/v2\/comments?post=90773"}],"version-history":[{"count":0,"href":"https:\/\/noticiasribeiraopreto.com.br\/index.php\/wp-json\/wp\/v2\/posts\/90773\/revisions"}],"wp:featuredmedia":[{"embeddable":true,"href":"https:\/\/noticiasribeiraopreto.com.br\/index.php\/wp-json\/wp\/v2\/media\/90774"}],"wp:attachment":[{"href":"https:\/\/noticiasribeiraopreto.com.br\/index.php\/wp-json\/wp\/v2\/media?parent=90773"}],"wp:term":[{"taxonomy":"category","embeddable":true,"href":"https:\/\/noticiasribeiraopreto.com.br\/index.php\/wp-json\/wp\/v2\/categories?post=90773"},{"taxonomy":"post_tag","embeddable":true,"href":"https:\/\/noticiasribeiraopreto.com.br\/index.php\/wp-json\/wp\/v2\/tags?post=90773"}],"curies":[{"name":"wp","href":"https:\/\/api.w.org\/{rel}","templated":true}]}}