{"id":90775,"date":"2026-08-31T00:51:15","date_gmt":"2026-08-31T03:51:15","guid":{"rendered":"https:\/\/noticiasribeiraopreto.com.br\/index.php\/2026\/08\/31\/saerp-faz-reparo-na-rede-de-esgoto\/"},"modified":"2026-08-31T00:51:15","modified_gmt":"2026-08-31T03:51:15","slug":"saerp-faz-reparo-na-rede-de-esgoto","status":"publish","type":"post","link":"https:\/\/noticiasribeiraopreto.com.br\/index.php\/2026\/08\/31\/saerp-faz-reparo-na-rede-de-esgoto\/","title":{"rendered":"Saerp faz reparo na rede de esgoto"},"content":{"rendered":"<div class='code-block code-block-1' style='margin: 8px 0 8px auto; text-align: right; display: block; clear: both;'>\n<p><a href=\"https:\/\/wa.link\/vpicfd\"><img data-recalc-dims=\"1\" class=\"wp-image-4922\" style=\"aspect-ratio: 2.0253164556962027; width: 561px; height: auto;\" src=\"https:\/\/i0.wp.com\/ismaelcolosi.com.br\/wp-content\/uploads\/2023\/11\/grupo-de-empregos-whatsapp-e-facebook-ismael-colosi-vagas.jpg?ssl=1\" alt=\"\" \/><\/a><\/p>\n<!-- \/wp:image -->\n<\/div>\n<p> <br \/>\n<\/p>\n<div id=\"post-475363\">&#13;<br \/>\n&#13;<\/p>\n<header class=\"entry-header penci-entry-header penci-title-center\">&#13;<br \/>\n\t\t\t\t\t\t\t\t&#13;<\/p>\n<p>&#13;<br \/>\n\t\t\t\t\t\t\t\t\t<span class=\"entry-meta-item penci-posted-on\"><i class=\"fa fa-clock-o\"\/><time class=\"entry-date published\" datetime=\"2026-08-29T10:30:00-03:00\">29 de agosto de 2026 10:30<\/time><time class=\"updated\" datetime=\"2026-08-29T01:02:41-03:00\">29 de agosto de 2026 01:02<\/time><\/span><span class=\"entry-meta-item penci-post-countview\"\/>\t\t\t\t\t\t\t\t<\/p>\n<p><!-- .entry-meta -->&#13;<br \/>\n\t\t\t\t\t\t\t\t<span class=\"penci-social-buttons penci-social-share-footer\"><span class=\"penci-social-share-text\">Compartilhar<\/span><a href=\"#\" class=\"penci-post-like penci_post-meta_item  single-like-button penci-social-item like\" data-post_id=\"475363\" title=\"Like\" data-like=\"Like\" data-unlike=\"Unlike\"><i class=\"fa fa-thumbs-o-up\"\/><span class=\"penci-share-number\">0<\/span><\/a><i class=\"fa fa-facebook\"\/><a class=\"penci-social-item twitter\" target=\"_blank\" rel=\"noopener\" title=\"\" href=\"https:\/\/twitter.com\/intent\/tweet?text=Saerp%20faz%20reparo%20na%20rede%20de%20esgoto%20-%20https:\/\/www.tribunaribeirao.com.br\/saerp-faz-reparo-na-rede-de-esgoto\/\"><i class=\"fa fa-twitter\"\/><\/a><i class=\"fa fa-linkedin\"\/><i class=\"fa fa-whatsapp\"\/><i class=\"fa fa-telegram\"\/><i class=\"fa fa-envelope\"\/><\/span>\t\t\t\t\t\t\t<\/header>\n<p><!-- .entry-header -->&#13;<\/p>\n<div class=\"penci-entry-content entry-content\">\n<p>A Secretaria de \u00c1gua e Esgoto de Ribeir\u00e3o Preto (Saerp), realiza neste s\u00e1bado, 29 de agosto, uma obra emergencial de manuten\u00e7\u00e3o e substitui\u00e7\u00e3o da rede de esgoto na rua Lafaiete, nas proximidades do cruzamento com a rua Visconde de Inha\u00fama. Os trabalhos ter\u00e3o in\u00edcio \u00e0s oito horas, com previs\u00e3o de conclus\u00e3o \u00e0s 18 horas.<\/p>\n<p>A interven\u00e7\u00e3o \u00e9 necess\u00e1ria para corrigir um dano identificado na deriva\u00e7\u00e3o da rede de esgoto da regi\u00e3o. Foi constatado que a tubula\u00e7\u00e3o est\u00e1 amassada, dificultando o fluxo normal do esgoto e provocando entupimentos recorrentes, com consequente retorno para as caixas de inspe\u00e7\u00e3o de im\u00f3veis pr\u00f3ximos. Para solucionar o problema de forma definitiva, o trecho danificado da tubula\u00e7\u00e3o ser\u00e1 totalmente substitu\u00eddo.<\/p>\n<p>Durante a execu\u00e7\u00e3o do servi\u00e7o, a rua Lafaiete ficar\u00e1 totalmente interditada no trecho entre as ruas Visconde de Inha\u00fama e Tibiri\u00e7\u00e1. A medida \u00e9 necess\u00e1ria para garantir a seguran\u00e7a de motoristas, pedestres e trabalhadores envolvidos na obra. A RP Mobi j\u00e1 foi acionada para realizar a sinaliza\u00e7\u00e3o do local e orientar os condutores sobre os desvios necess\u00e1rios durante o per\u00edodo da interven\u00e7\u00e3o.<\/p>\n<div style=\"background-color: #f4f4f5; border: 1px solid #d4d4d8; padding: 15px; margin: 20px 0; border-radius: 6px; font-family: sans-serif; line-height: 1.5;\">\n    <span style=\"color: #27272a;\">Inscreva-se em nosso Canal no Whatsapp e fique por dentro de tudo que acontece na regi\u00e3o. <\/span><br \/>\n    <a href=\"https:\/\/whatsapp.com\/channel\/0029VanuE2o7z4kYjo0XVS3u\" target=\"_blank\" rel=\"noopener noreferrer\" style=\"color: #16a34a; font-weight: bold; text-decoration: underline;\">Clique Aqui!<\/a>\n<\/div>\n<\/div>\n<p><!-- .entry-content -->&#13;<br \/>\n&#13;<\/p>\n<footer class=\"penci-entry-footer\">&#13;<br \/>\n\t\t\t\t\t\t\t\t<span class=\"penci-social-buttons penci-social-share-footer\"><span class=\"penci-social-share-text\">Compartilhar<\/span><a href=\"#\" class=\"penci-post-like penci_post-meta_item  single-like-button penci-social-item like\" data-post_id=\"475363\" title=\"Like\" data-like=\"Like\" data-unlike=\"Unlike\"><i class=\"fa fa-thumbs-o-up\"\/><span class=\"penci-share-number\">0<\/span><\/a><i class=\"fa fa-facebook\"\/><a class=\"penci-social-item twitter\" target=\"_blank\" rel=\"noopener\" title=\"\" href=\"https:\/\/twitter.com\/intent\/tweet?text=Saerp%20faz%20reparo%20na%20rede%20de%20esgoto%20-%20https:\/\/www.tribunaribeirao.com.br\/saerp-faz-reparo-na-rede-de-esgoto\/\"><i class=\"fa fa-twitter\"\/><\/a><i class=\"fa fa-linkedin\"\/><i class=\"fa fa-whatsapp\"\/><i class=\"fa fa-telegram\"\/><i class=\"fa fa-envelope\"\/><\/span>\t\t\t\t\t\t\t<\/footer>\n<p><!-- .entry-footer -->&#13;\n\t\t\t\t\t\t<\/div>\n<p><script async src=\"\/\/platform.twitter.com\/widgets.js\" charset=\"utf-8\"><\/script><br \/>\n<br \/><br \/>\n<br \/><a href=\"https:\/\/www.tribunaribeirao.com.br\/saerp-faz-reparo-na-rede-de-esgoto\/\">Texto original daqui <\/a><\/p>\n<!-- CONTENT END 1 -->\n","protected":false},"excerpt":{"rendered":"<p>&#13; &#13; &#13; &#13; &#13; 29 de agosto de 2026 10:3029 de agosto de 2026 01:02 &#13; Compartilhar0 &#13; A Secretaria de \u00c1gua e Esgoto&#8230;<\/p>\n","protected":false},"author":1,"featured_media":90776,"comment_status":"","ping_status":"","sticky":false,"template":"","format":"standard","meta":{"advanced_seo_description":"","jetpack_seo_html_title":"","jetpack_seo_noindex":false,"jetpack_seo_schema_type":"","_jetpack_newsletter_access":"","_jetpack_dont_email_post_to_subs":false,"_jetpack_newsletter_tier_id":0,"_jetpack_memberships_contains_paywalled_content":false,"_jetpack_feature_clip_id":0,"_jetpack_memberships_contains_paid_content":false,"footnotes":"","jetpack_publicize_message":"","jetpack_publicize_feature_enabled":true,"jetpack_social_post_already_shared":true,"jetpack_social_options":{"image_generator_settings":{"template":"highway","default_image_id":0,"font":"","enabled":false},"version":2},"jetpack_post_was_ever_published":false},"categories":[11],"tags":[1222,365,591,416,28],"class_list":["post-90775","post","type-post","status-publish","format-standard","has-post-thumbnail","hentry","category-noticias-de-ribeirao-preto-sp-e-regiao-ismael-colosi","tag-esgoto","tag-faz","tag-rede","tag-reparo","tag-saerp"],"jetpack_publicize_connections":[],"jetpack-related-posts":[{"id":84347,"url":"https:\/\/noticiasribeiraopreto.com.br\/index.php\/2026\/04\/08\/saerp-faz-reparo-de-emergencia-no-centro\/","url_meta":{"origin":90775,"position":0},"title":"Saerp faz reparo de\u2028 emerg\u00eancia no Centro","author":"noticiasribeiraopreto.com.br","date":"8 de April de 2026","format":false,"excerpt":"A Secretaria de \u00c1gua e Esgoto de Ribeir\u00e3o Preto (Saerp) far\u00e1 um reparo emergencial na regi\u00e3o Central nesta quarta-feira, 8 de abril. A interven\u00e7\u00e3o ter\u00e1 in\u00edcio \u00e0s 8h30, na esquina das ruas Garibaldi e S\u00e3o Sebasti\u00e3o.\u00a0 O servi\u00e7o consiste no conserto de uma tubula\u00e7\u00e3o de \u00e1gua rompida, que provocou uma\u2026","rel":"","context":"In &quot;Not\u00edcias de Ribeir\u00e3o Preto-SP e Regi\u00e3o&quot;","block_context":{"text":"Not\u00edcias de Ribeir\u00e3o Preto-SP e Regi\u00e3o","link":"https:\/\/noticiasribeiraopreto.com.br\/index.php\/category\/noticias-de-ribeirao-preto-sp-e-regiao-ismael-colosi\/"},"img":{"alt_text":"","src":"https:\/\/i0.wp.com\/noticiasribeiraopreto.com.br\/wp-content\/uploads\/2026\/04\/Saerp-Detalhe-Divulgacao-scaled.jpg?fit=1169%2C780&ssl=1&resize=350%2C200","width":350,"height":200,"srcset":"https:\/\/i0.wp.com\/noticiasribeiraopreto.com.br\/wp-content\/uploads\/2026\/04\/Saerp-Detalhe-Divulgacao-scaled.jpg?fit=1169%2C780&ssl=1&resize=350%2C200 1x, https:\/\/i0.wp.com\/noticiasribeiraopreto.com.br\/wp-content\/uploads\/2026\/04\/Saerp-Detalhe-Divulgacao-scaled.jpg?fit=1169%2C780&ssl=1&resize=525%2C300 1.5x, https:\/\/i0.wp.com\/noticiasribeiraopreto.com.br\/wp-content\/uploads\/2026\/04\/Saerp-Detalhe-Divulgacao-scaled.jpg?fit=1169%2C780&ssl=1&resize=700%2C400 2x, https:\/\/i0.wp.com\/noticiasribeiraopreto.com.br\/wp-content\/uploads\/2026\/04\/Saerp-Detalhe-Divulgacao-scaled.jpg?fit=1169%2C780&ssl=1&resize=1050%2C600 3x"},"classes":[]},{"id":85226,"url":"https:\/\/noticiasribeiraopreto.com.br\/index.php\/2026\/04\/25\/saerp-realizou-4-mil-intervencoes-na-rede-de-esgoto-no-primeiro-trimestre-de-2026-diz-prefeitura\/","url_meta":{"origin":90775,"position":1},"title":"Saerp realizou 4 mil interven\u00e7\u00f5es na rede de esgoto no primeiro trimestre de 2026, diz prefeitura &#8211; THMais","author":"noticiasribeiraopreto.com.br","date":"25 de April de 2026","format":false,"excerpt":"Foto: Divulga\u00e7\u00e3oA Prefeitura de Ribeir\u00e3o Preto, por meio da Saerp (Secretaria de \u00c1gua e Esgoto de Ribeir\u00e3o Preto), realizou 4 mil interven\u00e7\u00f5es na rede de esgoto nos primeiros tr\u00eas meses de 2026. De janeiro a mar\u00e7o, as equipes operacionais efetuaram 3.899 a\u00e7\u00f5es, sendo a maior parte destinada ao desentupimento da\u2026","rel":"","context":"In &quot;Not\u00edcias de Ribeir\u00e3o Preto-SP e Regi\u00e3o&quot;","block_context":{"text":"Not\u00edcias de Ribeir\u00e3o Preto-SP e Regi\u00e3o","link":"https:\/\/noticiasribeiraopreto.com.br\/index.php\/category\/noticias-de-ribeirao-preto-sp-e-regiao-ismael-colosi\/"},"img":{"alt_text":"","src":"https:\/\/i0.wp.com\/noticiasribeiraopreto.com.br\/wp-content\/uploads\/2026\/04\/balancoesgoto_011-1.jpg?fit=1200%2C800&ssl=1&resize=350%2C200","width":350,"height":200,"srcset":"https:\/\/i0.wp.com\/noticiasribeiraopreto.com.br\/wp-content\/uploads\/2026\/04\/balancoesgoto_011-1.jpg?fit=1200%2C800&ssl=1&resize=350%2C200 1x, https:\/\/i0.wp.com\/noticiasribeiraopreto.com.br\/wp-content\/uploads\/2026\/04\/balancoesgoto_011-1.jpg?fit=1200%2C800&ssl=1&resize=525%2C300 1.5x, https:\/\/i0.wp.com\/noticiasribeiraopreto.com.br\/wp-content\/uploads\/2026\/04\/balancoesgoto_011-1.jpg?fit=1200%2C800&ssl=1&resize=700%2C400 2x, https:\/\/i0.wp.com\/noticiasribeiraopreto.com.br\/wp-content\/uploads\/2026\/04\/balancoesgoto_011-1.jpg?fit=1200%2C800&ssl=1&resize=1050%2C600 3x"},"classes":[]},{"id":78349,"url":"https:\/\/noticiasribeiraopreto.com.br\/index.php\/2025\/10\/09\/saerp-faz-48-reparos-de-vazamento-por-dia\/","url_meta":{"origin":90775,"position":2},"title":"Saerp faz 48 reparos \u2028de vazamento por dia","author":"noticiasribeiraopreto.com.br","date":"9 de October de 2025","format":false,"excerpt":"9 de outubro de 2025 08:309 de outubro de 2025 03:0710 Compartilhar0 A Secretaria de \u00c1gua e Esgoto de Ribeir\u00e3o Preto (Saerp) executou 1.446 reparos em vazamentos de \u00e1gua durante o m\u00eas de setembro, 48 por dia, dois por hora. As interven\u00e7\u00f5es, realizadas por uma for\u00e7a-tarefa das equipes operacionais, contemplaram\u2026","rel":"","context":"In &quot;Not\u00edcias de Ribeir\u00e3o Preto-SP e Regi\u00e3o&quot;","block_context":{"text":"Not\u00edcias de Ribeir\u00e3o Preto-SP e Regi\u00e3o","link":"https:\/\/noticiasribeiraopreto.com.br\/index.php\/category\/noticias-de-ribeirao-preto-sp-e-regiao-ismael-colosi\/"},"img":{"alt_text":"","src":"https:\/\/i0.wp.com\/noticiasribeiraopreto.com.br\/wp-content\/uploads\/2025\/10\/Saerp-Divulgacao-scaled.jpg?fit=1170%2C780&ssl=1&resize=350%2C200","width":350,"height":200,"srcset":"https:\/\/i0.wp.com\/noticiasribeiraopreto.com.br\/wp-content\/uploads\/2025\/10\/Saerp-Divulgacao-scaled.jpg?fit=1170%2C780&ssl=1&resize=350%2C200 1x, https:\/\/i0.wp.com\/noticiasribeiraopreto.com.br\/wp-content\/uploads\/2025\/10\/Saerp-Divulgacao-scaled.jpg?fit=1170%2C780&ssl=1&resize=525%2C300 1.5x, https:\/\/i0.wp.com\/noticiasribeiraopreto.com.br\/wp-content\/uploads\/2025\/10\/Saerp-Divulgacao-scaled.jpg?fit=1170%2C780&ssl=1&resize=700%2C400 2x, https:\/\/i0.wp.com\/noticiasribeiraopreto.com.br\/wp-content\/uploads\/2025\/10\/Saerp-Divulgacao-scaled.jpg?fit=1170%2C780&ssl=1&resize=1050%2C600 3x"},"classes":[]},{"id":87150,"url":"https:\/\/noticiasribeiraopreto.com.br\/index.php\/2026\/06\/28\/vazamento-faz-agua-jorrar-em-ribeirao-preto-veja-video\/","url_meta":{"origin":90775,"position":3},"title":"Vazamento faz \u00e1gua jorrar em Ribeir\u00e3o Preto; Veja v\u00eddeo","author":"noticiasribeiraopreto.com.br","date":"28 de June de 2026","format":false,"excerpt":"Um grande vazamento de \u00e1gua foi registrado na tarde deste domingo (28), na Estrada da Limeirinha, nas proximidades do n\u00famero 1225, no Jardim San Marco, em Ribeir\u00e3o Preto, e chamou a aten\u00e7\u00e3o de quem passa pelo local. Em imagens registradas por um morador, \u00e0s quais o portal acidade on teve\u2026","rel":"","context":"In &quot;Not\u00edcias de Ribeir\u00e3o Preto-SP e Regi\u00e3o&quot;","block_context":{"text":"Not\u00edcias de Ribeir\u00e3o Preto-SP e Regi\u00e3o","link":"https:\/\/noticiasribeiraopreto.com.br\/index.php\/category\/noticias-de-ribeirao-preto-sp-e-regiao-ismael-colosi\/"},"img":{"alt_text":"","src":"https:\/\/i0.wp.com\/noticiasribeiraopreto.com.br\/wp-content\/uploads\/2026\/06\/vazamento-ribeirao-3_2026-06-28_18-10-35.webp.webp?fit=1200%2C675&ssl=1&resize=350%2C200","width":350,"height":200,"srcset":"https:\/\/i0.wp.com\/noticiasribeiraopreto.com.br\/wp-content\/uploads\/2026\/06\/vazamento-ribeirao-3_2026-06-28_18-10-35.webp.webp?fit=1200%2C675&ssl=1&resize=350%2C200 1x, https:\/\/i0.wp.com\/noticiasribeiraopreto.com.br\/wp-content\/uploads\/2026\/06\/vazamento-ribeirao-3_2026-06-28_18-10-35.webp.webp?fit=1200%2C675&ssl=1&resize=525%2C300 1.5x, https:\/\/i0.wp.com\/noticiasribeiraopreto.com.br\/wp-content\/uploads\/2026\/06\/vazamento-ribeirao-3_2026-06-28_18-10-35.webp.webp?fit=1200%2C675&ssl=1&resize=700%2C400 2x, https:\/\/i0.wp.com\/noticiasribeiraopreto.com.br\/wp-content\/uploads\/2026\/06\/vazamento-ribeirao-3_2026-06-28_18-10-35.webp.webp?fit=1200%2C675&ssl=1&resize=1050%2C600 3x"},"classes":[]},{"id":76445,"url":"https:\/\/noticiasribeiraopreto.com.br\/index.php\/2025\/08\/29\/saerp-conserta-1-335-vazamentos-no-mes\/","url_meta":{"origin":90775,"position":4},"title":"Saerp conserta 1.335 vazamentos no m\u00eas","author":"noticiasribeiraopreto.com.br","date":"29 de August de 2025","format":false,"excerpt":"29 de agosto de 2025 08:0028 de agosto de 2025 23:2412 Compartilhar0 Redes antigas, excesso de press\u00e3o devido ao sistema de abastecimento e at\u00e9 mesmo acidentes podem ocasionar rompimentos da tubula\u00e7\u00e3o de \u00e1gua. Do dia 1\u00ba at\u00e9 25 de agosto, as equipes da Secretaria de \u00c1gua e Esgoto de Ribeir\u00e3o\u2026","rel":"","context":"In &quot;Not\u00edcias de Ribeir\u00e3o Preto-SP e Regi\u00e3o&quot;","block_context":{"text":"Not\u00edcias de Ribeir\u00e3o Preto-SP e Regi\u00e3o","link":"https:\/\/noticiasribeiraopreto.com.br\/index.php\/category\/noticias-de-ribeirao-preto-sp-e-regiao-ismael-colosi\/"},"img":{"alt_text":"","src":"https:\/\/i0.wp.com\/noticiasribeiraopreto.com.br\/wp-content\/uploads\/2025\/08\/Saerp-vaza-Divulgacao-01.jpeg?fit=1200%2C800&ssl=1&resize=350%2C200","width":350,"height":200,"srcset":"https:\/\/i0.wp.com\/noticiasribeiraopreto.com.br\/wp-content\/uploads\/2025\/08\/Saerp-vaza-Divulgacao-01.jpeg?fit=1200%2C800&ssl=1&resize=350%2C200 1x, https:\/\/i0.wp.com\/noticiasribeiraopreto.com.br\/wp-content\/uploads\/2025\/08\/Saerp-vaza-Divulgacao-01.jpeg?fit=1200%2C800&ssl=1&resize=525%2C300 1.5x, https:\/\/i0.wp.com\/noticiasribeiraopreto.com.br\/wp-content\/uploads\/2025\/08\/Saerp-vaza-Divulgacao-01.jpeg?fit=1200%2C800&ssl=1&resize=700%2C400 2x, https:\/\/i0.wp.com\/noticiasribeiraopreto.com.br\/wp-content\/uploads\/2025\/08\/Saerp-vaza-Divulgacao-01.jpeg?fit=1200%2C800&ssl=1&resize=1050%2C600 3x"},"classes":[]},{"id":87481,"url":"https:\/\/noticiasribeiraopreto.com.br\/index.php\/2026\/07\/04\/saerp-faz-reparo-no-centro-amanha\/","url_meta":{"origin":90775,"position":5},"title":"Saerp faz reparo no Centro amanh\u00e3","author":"noticiasribeiraopreto.com.br","date":"4 de July de 2026","format":false,"excerpt":"\r \r \r 4 de julho de 2026 11:024 de julho de 2026 01:33 \r Compartilhar0 A Secretaria de \u00c1gua e Esgoto de Ribeir\u00e3o Preto (Saerp) realiza neste domingo, 5 de julho, uma interven\u00e7\u00e3o na regi\u00e3o Central de Ribeir\u00e3o Preto para melhorar as condi\u00e7\u00f5es de press\u00e3o na distribui\u00e7\u00e3o de \u00e1gua\u2026","rel":"","context":"In &quot;Not\u00edcias de Ribeir\u00e3o Preto-SP e Regi\u00e3o&quot;","block_context":{"text":"Not\u00edcias de Ribeir\u00e3o Preto-SP e Regi\u00e3o","link":"https:\/\/noticiasribeiraopreto.com.br\/index.php\/category\/noticias-de-ribeirao-preto-sp-e-regiao-ismael-colosi\/"},"img":{"alt_text":"","src":"https:\/\/i0.wp.com\/noticiasribeiraopreto.com.br\/wp-content\/uploads\/2026\/07\/Saerp-Detalhe-Guilherme-Sircili-scaled.jpg?fit=1170%2C780&ssl=1&resize=350%2C200","width":350,"height":200,"srcset":"https:\/\/i0.wp.com\/noticiasribeiraopreto.com.br\/wp-content\/uploads\/2026\/07\/Saerp-Detalhe-Guilherme-Sircili-scaled.jpg?fit=1170%2C780&ssl=1&resize=350%2C200 1x, https:\/\/i0.wp.com\/noticiasribeiraopreto.com.br\/wp-content\/uploads\/2026\/07\/Saerp-Detalhe-Guilherme-Sircili-scaled.jpg?fit=1170%2C780&ssl=1&resize=525%2C300 1.5x, https:\/\/i0.wp.com\/noticiasribeiraopreto.com.br\/wp-content\/uploads\/2026\/07\/Saerp-Detalhe-Guilherme-Sircili-scaled.jpg?fit=1170%2C780&ssl=1&resize=700%2C400 2x, https:\/\/i0.wp.com\/noticiasribeiraopreto.com.br\/wp-content\/uploads\/2026\/07\/Saerp-Detalhe-Guilherme-Sircili-scaled.jpg?fit=1170%2C780&ssl=1&resize=1050%2C600 3x"},"classes":[]}],"jetpack_sharing_enabled":true,"jetpack_shortlink":"https:\/\/wp.me\/peQAOb-nC7","jetpack_featured_media_url":"https:\/\/i0.wp.com\/noticiasribeiraopreto.com.br\/wp-content\/uploads\/2026\/08\/Saerp-Guilherme-Sircili-scaled.jpg?fit=1040%2C780&ssl=1","_links":{"self":[{"href":"https:\/\/noticiasribeiraopreto.com.br\/index.php\/wp-json\/wp\/v2\/posts\/90775","targetHints":{"allow":["GET"]}}],"collection":[{"href":"https:\/\/noticiasribeiraopreto.com.br\/index.php\/wp-json\/wp\/v2\/posts"}],"about":[{"href":"https:\/\/noticiasribeiraopreto.com.br\/index.php\/wp-json\/wp\/v2\/types\/post"}],"author":[{"embeddable":true,"href":"https:\/\/noticiasribeiraopreto.com.br\/index.php\/wp-json\/wp\/v2\/users\/1"}],"replies":[{"embeddable":true,"href":"https:\/\/noticiasribeiraopreto.com.br\/index.php\/wp-json\/wp\/v2\/comments?post=90775"}],"version-history":[{"count":0,"href":"https:\/\/noticiasribeiraopreto.com.br\/index.php\/wp-json\/wp\/v2\/posts\/90775\/revisions"}],"wp:featuredmedia":[{"embeddable":true,"href":"https:\/\/noticiasribeiraopreto.com.br\/index.php\/wp-json\/wp\/v2\/media\/90776"}],"wp:attachment":[{"href":"https:\/\/noticiasribeiraopreto.com.br\/index.php\/wp-json\/wp\/v2\/media?parent=90775"}],"wp:term":[{"taxonomy":"category","embeddable":true,"href":"https:\/\/noticiasribeiraopreto.com.br\/index.php\/wp-json\/wp\/v2\/categories?post=90775"},{"taxonomy":"post_tag","embeddable":true,"href":"https:\/\/noticiasribeiraopreto.com.br\/index.php\/wp-json\/wp\/v2\/tags?post=90775"}],"curies":[{"name":"wp","href":"https:\/\/api.w.org\/{rel}","templated":true}]}}