{"id":90777,"date":"2026-08-31T00:53:14","date_gmt":"2026-08-31T03:53:14","guid":{"rendered":"https:\/\/noticiasribeiraopreto.com.br\/index.php\/2026\/08\/31\/renan-almeida-conquista-bicampeonato-da-lnr-na-festa-do-peao-de-barretos\/"},"modified":"2026-08-31T00:53:14","modified_gmt":"2026-08-31T03:53:14","slug":"renan-almeida-conquista-bicampeonato-da-lnr-na-festa-do-peao-de-barretos","status":"publish","type":"post","link":"https:\/\/noticiasribeiraopreto.com.br\/index.php\/2026\/08\/31\/renan-almeida-conquista-bicampeonato-da-lnr-na-festa-do-peao-de-barretos\/","title":{"rendered":"Renan Almeida conquista bicampeonato da LNR na Festa do Pe\u00e3o de Barretos"},"content":{"rendered":"<div class='code-block code-block-1' style='margin: 8px 0 8px auto; text-align: right; display: block; clear: both;'>\n<p><a href=\"https:\/\/wa.link\/vpicfd\"><img data-recalc-dims=\"1\" class=\"wp-image-4922\" style=\"aspect-ratio: 2.0253164556962027; width: 561px; height: auto;\" src=\"https:\/\/i0.wp.com\/ismaelcolosi.com.br\/wp-content\/uploads\/2023\/11\/grupo-de-empregos-whatsapp-e-facebook-ismael-colosi-vagas.jpg?ssl=1\" alt=\"\" \/><\/a><\/p>\n<!-- \/wp:image -->\n<\/div>\n<p> <br \/>\n<\/p>\n<p>O campe\u00e3o da LNR s\u00f3 foi conhecido na \u00faltima montaria da noite. Renan Alves de Almeida, de Orl\u00e2ndia\/SP, obteve 89,75 pontos no touro \u00c1guia Negra, da Companhia Gutt Bulls, e conquistou o bicampeonato consecutivo. <\/p>\n<div class=\"wp-block-rank-math-toc-block\" id=\"rank-math-toc\">\n<h2>Leia mais:<\/h2>\n<nav>\n<ul>\n<li class=\"\">Warley Oliveira conquista maior nota da noite no Barretos International Rodeo<\/li>\n<li class=\"\">Cutiano define os 10 finalistas do Barretos International Rodeo<\/li>\n<li class=\"\">Tr\u00eas Tambores completa lista de finalistas do Internacional<\/li>\n<li class=\"\">Team Penning completa lista de classificados para final do Internacional<\/li>\n<li class=\"\">Breakaway define seis finalistas na prova do la\u00e7o feminino<\/li>\n<\/ul>\n<\/nav>\n<\/div>\n<p>O resultado garantiu ainda um pr\u00eamio de R$ 150 mil e uma vaga direta para a semifinal do rodeio americano The American.<\/p>\n<blockquote class=\"wp-block-quote is-layout-flow wp-block-quote-is-layout-flow\">\n<p><em>\u201cS\u00f3 tenho a agradecer, nunca imaginei estar em uma situa\u00e7\u00e3o dessa. Ser bicampe\u00e3o aqui em Barretos, dentro da maior arena da Am\u00e9rica Latina, e \u00e9 algo muito importante. A gente pensa pequeno e Deus tem algo grandioso para as nossas vidas. Agora, estou esperando para fazer uma grande temporada nos Estados Unidos<\/em>\u201d, disse Renan.<\/p>\n<\/blockquote>\n<p>O vice-campeonato ficou com Matheus Henrique Rosa de Morais, de Divin\u00f3polis\/MG, que obteve 89,25 pontos no touro Extravagante, da Companhia 2M \u2013 Marcondes Maia.<\/p>\n<p>Matheus Souza Bernardino, de Senador Guionard\/AC, terminou em 3\u00ba lugar ap\u00f3s conquistar 73,50 pontos no touro Destroyer, da Cia ATF. A quarta coloca\u00e7\u00e3o ficou com Fabiano Silveira, de Altair\/SP.<\/p>\n<p>Mestre dos Magos, da JK Bucking Bulls, foi eleito o melhor touro, com nota m\u00e9dia de 44,50 pontos, enquanto a Cia HP Bulls conquistou o reconhecimento de melhor boiada, com 43,25 pontos.<\/p>\n<p class=\"has-text-align-center\"><em>Receba not\u00edcias do\u00a0<strong>acidade on Ribeir\u00e3o\u00a0<\/strong>no WhatsApp e fique por dentro de tudo! Basta acessar o link<a href=\"https:\/\/chat.whatsapp.com\/DfXwcjKVIddHUT3BvnQuPZ?mode=hqctshi\" target=\"_blank\" rel=\"noreferrer noopener\">\u00a0aqui<\/a>!<\/em><\/p>\n<h2 class=\"wp-block-heading\" id=\"warley-oliveira-conquista-maior-nota-da-noite-no-barretos-international-rodeo\">Warley Oliveira conquista maior nota da noite no Barretos International Rodeo<\/h2>\n<p>As montarias em touros do 33\u00ba Barretos International Rodeo tiveram 26 competidores na noite deste s\u00e1bado, 29 de agosto. O destaque foi Warley Oliveira Silva, o Caf\u00e9, campe\u00e3o da etapa internacional de 2023, que conquistou 90,50 pontos no touro Maquinado, do tropeiro Andr\u00e9 de Mogi.<\/p>\n<p>Com o resultado, Warley ganhou 10 posi\u00e7\u00f5es na classifica\u00e7\u00e3o geral e assumiu o quarto lugar, com 179,50 pontos. O campe\u00e3o mundial Cassio Dias, o campe\u00e3o do The American Jo\u00e3o Ricardo Vieira e o americano Andrew Alvidrez n\u00e3o pontuaram em suas montarias.<\/p>\n<p>Os 20 melhores colocados retornam \u00e0 arena para a semifinal deste domingo (30), que definir\u00e1 os finalistas de 2026.<\/p>\n<figure class=\"wp-block-gallery has-nested-images columns-default is-cropped wp-block-gallery-4 is-layout-flex wp-block-gallery-is-layout-flex\">\n<figure class=\"wp-block-image size-large\"><figcaption class=\"wp-element-caption\">Renan Alves de Almeida \u00e9 o campe\u00e3o da LNR na Festa do Pe\u00e3o de Barretos 2026 (Cr\u00e9dito: Divulga\u00e7\u00e3o)<\/figcaption><\/figure>\n<figure class=\"wp-block-image size-large\"><img data-recalc-dims=\"1\" loading=\"lazy\" decoding=\"async\" width=\"682\" height=\"1024\" data-id=\"172965\" src=\"https:\/\/i0.wp.com\/www.acidadeon.com\/ribeiraopreto\/wp-content\/uploads\/sites\/3\/2026\/08\/WhatsApp-Image-2026-08-30-at-09.48.53-1-682x1024.jpeg?resize=682%2C1024&#038;ssl=1\" alt=\"WhatsApp Image 2026 08 30 at 09.48.53 1\" class=\"wp-image-172965\" title=\"Renan Almeida conquista bicampeonato da LNR na Festa do Pe\u00e3o de Barretos 22\"><figcaption class=\"wp-element-caption\">Warley Oliveira Silva, o Caf\u00e9, conquista a maior nota da noite pela etapa internacional na Festa do Pe\u00e3o de Barretos (Cr\u00e9dito: Divulga\u00e7\u00e3o)<\/figcaption><\/figure>\n<figure class=\"wp-block-image size-large\"><img data-recalc-dims=\"1\" loading=\"lazy\" decoding=\"async\" width=\"819\" height=\"1024\" data-id=\"172964\" src=\"https:\/\/i0.wp.com\/www.acidadeon.com\/ribeiraopreto\/wp-content\/uploads\/sites\/3\/2026\/08\/WhatsApp-Image-2026-08-30-at-09.48.54-3-819x1024.jpeg?resize=819%2C1024&#038;ssl=1\" alt=\"WhatsApp Image 2026 08 30 at 09.48.54 3\" class=\"wp-image-172964\" title=\"Renan Almeida conquista bicampeonato da LNR na Festa do Pe\u00e3o de Barretos 23\"><figcaption class=\"wp-element-caption\">Kaio Henrique Barros conquistou a maior nota da noite no estilo Cutiano (Cr\u00e9dito: JW Foto Arena)<\/figcaption><\/figure>\n<\/figure>\n<p>Na classifica\u00e7\u00e3o geral, a lideran\u00e7a est\u00e1 com Gledisson de Lima, de Xapuri\/AC, com 262,50 pontos, seguido pelo campe\u00e3o de 2026 da LNR, Renan Almeida Alves, com 259,00 pontos. Lucas Paiva, de Guai\u00e7ara\/PR, ocupa a terceira coloca\u00e7\u00e3o. Os tr\u00eas primeiros s\u00e3o os \u00fanicos competidores que pontuaram em todas as suas montarias na etapa internacional.<\/p>\n<p>Das 26 montarias deste s\u00e1bado, 14 tiveram pontua\u00e7\u00e3o, enquanto 12 competidores n\u00e3o conseguiram parar em seus touros.<\/p>\n<h2 class=\"wp-block-heading\" id=\"cutiano-define-os-10-finalistas-do-barretos-international-rodeo\">Cutiano define os 10 finalistas do Barretos International Rodeo<\/h2>\n<p>A noite de s\u00e1bado, 29 de agosto, tamb\u00e9m definiu os 10 competidores que disputar\u00e3o o t\u00edtulo do rodeio em cavalos no estilo Cutiano pela etapa internacional da Festa do Pe\u00e3o de Barretos.<\/p>\n<p>Dos 15 participantes, apenas um n\u00e3o pontuou. A maior nota foi conquistada por Kaio Henrique Barros, de Tiet\u00ea\/SP, que obteve 90,00 pontos na \u00e9gua Estradeira-F, da WR \u2013 Roberto Biasi. Com o desempenho, ele assumiu a segunda coloca\u00e7\u00e3o na classifica\u00e7\u00e3o geral.<\/p>\n<p><strong>Confira os 10 classificados para a final do Cutiano:<\/strong><\/p>\n<p>1\u00ba \u2013 J\u00falio C\u00e9sar de Oliveira \u2013 Santa F\u00e9 do Sul\/SP \u2013 181 pontos<br \/>2\u00ba \u2013 Kaio Henrique Barros \u2013 Tiet\u00ea\/SP \u2013 180,50 pontos<br \/>3\u00ba \u2013 J\u00falio C\u00e9sar Camargo \u2013 Jales\/SP \u2013 179,75 pontos<br \/>4\u00ba \u2013 Luis Henrique Almeida \u2013 Piracicaba\/SP \u2013 179,00 pontos<br \/>5\u00ba \u2013 Rodrigo Pedro Rosa \u2013 Hercul\u00e2ndia\/PR \u2013 179,00 pontos<br \/>6\u00ba \u2013 Matheus Lima Matos \u2013 Pirapora do Bom Jesus\/SP \u2013 179,00 pontos<br \/>7\u00ba \u2013 Alessandro Ferreira \u2013 Bocai\u00fava\/MG \u2013 178,75 pontos<br \/>8\u00ba \u2013 Nilton Donizete Souza \u2013 Guarant\u00e3\/SP \u2013 178,50 pontos<br \/>9\u00ba \u2013 Yuri Teodoro da Silva \u2013 Merc\u00eas\/MG \u2013 178,50 pontos<br \/>10\u00ba \u2013 Thiago Mega \u2013 Barretos\/SP \u2013 178,50 pontos<\/p>\n<h2 class=\"wp-block-heading\" id=\"tres-tambores-completa-lista-de-finalistas-do-internacional\">Tr\u00eas Tambores completa lista de finalistas do Internacional<\/h2>\n<p>A semifinal dos Tr\u00eas Tambores, realizada na noite deste s\u00e1bado (29), definiu as \u00faltimas amazonas classificadas para a disputa do t\u00edtulo de Barretos em 2026.<\/p>\n<p>Na categoria 1D, as vagas ficaram com Loriane Souto Dias, de S\u00e3o Jos\u00e9 do Rio Preto\/SP, em 1\u00ba lugar, com o tempo de 16.990, e Fernanda Cavalheiro, de Barretos\/SP, em 2\u00ba, com 17.395. Ao todo, 10 concorrentes participaram da disputa.<\/p>\n<p>Pela categoria 2D, Fernanda Patrezzi, de Saltinho\/SP, garantiu a \u00faltima vaga, com o tempo de 17.337, entre seis concorrentes.<\/p>\n<div class=\"wp-block-image\">\n<figure class=\"aligncenter size-full\"><img data-recalc-dims=\"1\" decoding=\"async\" src=\"https:\/\/i0.wp.com\/www.acidadeon.com\/ribeiraopreto\/wp-content\/uploads\/sites\/3\/2023\/08\/inshot_20220815_140406501.jpg?ssl=1\" alt=\"inshot 20220815 140406501\" class=\"wp-image-31941\" title=\"Renan Almeida conquista bicampeonato da LNR na Festa do Pe\u00e3o de Barretos 24\"><figcaption class=\"wp-element-caption\"> (Foto: Andr\u00e9 Monteiro)<\/figcaption><\/figure>\n<\/div>\n<h2 class=\"wp-block-heading\" id=\"team-penning-completa-lista-de-classificados-para-final-do-internacional\">Team Penning completa lista de classificados para final do Internacional<\/h2>\n<p>O Team Penning pelo 33\u00ba Barretos International Rodeo definiu os \u00faltimos tr\u00eas trios classificados nas categorias Soma 6 e Soma 11 para a final deste domingo (30).<\/p>\n<p>Eles se juntam aos sete trios que garantiram vaga na quinta e sexta-feira, dias 27 e 28, para a decis\u00e3o do t\u00edtulo de Barretos.<\/p>\n<p>Na categoria Soma 11, Iuly Assis de Lima Bernabe, Matheus Cazolli Maques de Souza e Rodrigo Menezes Moura, representantes de Frutal\/MG e Bras\u00edlia\/DF, conquistaram o melhor tempo, com 17.865.<\/p>\n<p>Na Soma 6, os mais r\u00e1pidos da semifinal 3 foram os paulistas Maria Gabriela Ferr\u00e3o de Souza, Matheus Ferr\u00e3o de Souza e Daniel Ferr\u00e3o de Souza, de Batatais\/SP, com 19.765.<\/p>\n<h2 class=\"wp-block-heading\" id=\"breakaway-define-seis-finalistas-na-prova-do-laco-feminino\">Breakaway define seis finalistas na prova do la\u00e7o feminino<\/h2>\n<p>A semifinal do Breakaway, prova individual do la\u00e7o feminino, contou com 15 participantes na noite deste s\u00e1bado (29).<\/p>\n<p>Ap\u00f3s as apresenta\u00e7\u00f5es, seis competidoras garantiram vaga na decis\u00e3o. Disputam o t\u00edtulo neste domingo (30): T\u00e2nia Aparecida Alves, Lais Gacheggi Cardin, Livia Marchi, Hanyelle Alves, Gabriela Savio Mazetto e Maria Fel\u00edcia Fernanda Lopes.<\/p>\n<hr class=\"wp-block-separator has-alpha-channel-opacity\">\n<p class=\"has-text-align-center has-small-font-size\"><em>Fa\u00e7a uma den\u00fancia ou sugira uma reportagem sobre\u00a0<strong>Ribeir\u00e3o Preto\u00a0<\/strong>e regi\u00e3o por meio do WhatsApp do\u00a0<strong>acidade on Ribeir\u00e3o<\/strong>: (16) 99117-7802.<\/em><\/p>\n<\/p>\n<p>O post Renan Almeida conquista bicampeonato da LNR na Festa do Pe\u00e3o de Barretos apareceu primeiro em ACidade ON Ribeir\u00e3o Preto.<\/p>\n<p><br \/>\n<br \/><a href=\"https:\/\/www.acidadeon.com\/ribeiraopreto\/lazer-e-cultura\/festa-do-peao-de-barretos\/renan-almeida-conquista-bicampeonato-da-lnr-na-festa-do-peao-de-barretos\/\">Link para o texto original aqui <\/a><\/p>\n<!-- CONTENT END 1 -->\n","protected":false},"excerpt":{"rendered":"<p>O campe\u00e3o da LNR s\u00f3 foi conhecido na \u00faltima montaria da noite. Renan Alves de Almeida, de Orl\u00e2ndia\/SP, obteve 89,75 pontos no touro \u00c1guia Negra,&#8230;<\/p>\n","protected":false},"author":1,"featured_media":90778,"comment_status":"","ping_status":"","sticky":false,"template":"","format":"standard","meta":{"advanced_seo_description":"","jetpack_seo_html_title":"","jetpack_seo_noindex":false,"jetpack_seo_schema_type":"","_jetpack_newsletter_access":"","_jetpack_dont_email_post_to_subs":false,"_jetpack_newsletter_tier_id":0,"_jetpack_memberships_contains_paywalled_content":false,"_jetpack_feature_clip_id":0,"_jetpack_memberships_contains_paid_content":false,"footnotes":"","jetpack_publicize_message":"","jetpack_publicize_feature_enabled":true,"jetpack_social_post_already_shared":true,"jetpack_social_options":{"image_generator_settings":{"template":"highway","default_image_id":0,"font":"","enabled":false},"version":2},"jetpack_post_was_ever_published":false},"categories":[11],"tags":[8820,8819,3023,8821,317,2017,8822,3641,7646],"class_list":["post-90777","post","type-post","status-publish","format-standard","has-post-thumbnail","hentry","category-noticias-de-ribeirao-preto-sp-e-regiao-ismael-colosi","tag-almeida","tag-barret","tag-barretos","tag-bicampeonato","tag-conquista","tag-festa","tag-lnr","tag-peao","tag-renan"],"jetpack_publicize_connections":[],"jetpack-related-posts":[{"id":90679,"url":"https:\/\/noticiasribeiraopreto.com.br\/index.php\/2026\/08\/27\/fotos-cesar-menotti-fabiano-simone-mendes-e-alexandre-pires-agitam-barretos\/","url_meta":{"origin":90777,"position":0},"title":"FOTOS: C\u00e9sar Menotti &amp; Fabiano, Simone Mendes e Alexandre Pires agitam Barretos","author":"noticiasribeiraopreto.com.br","date":"27 de August de 2026","format":false,"excerpt":"A 71\u00aa Festa do Pe\u00e3o de Barretos, que segue at\u00e9 o dia 30 de agosto, teve uma noite de grandes encontros musicais nesta quarta-feira (26). No Palco Est\u00e1dio, o p\u00fablico acompanhou os shows de C\u00e9sar Menotti & Fabiano, Simone Mendes e Alexandre Pires \u2013 veja fotos abaixo. Galeria de fotos\u2026","rel":"","context":"In &quot;Not\u00edcias de Ribeir\u00e3o Preto-SP e Regi\u00e3o&quot;","block_context":{"text":"Not\u00edcias de Ribeir\u00e3o Preto-SP e Regi\u00e3o","link":"https:\/\/noticiasribeiraopreto.com.br\/index.php\/category\/noticias-de-ribeirao-preto-sp-e-regiao-ismael-colosi\/"},"img":{"alt_text":"","src":"https:\/\/i0.wp.com\/noticiasribeiraopreto.com.br\/wp-content\/uploads\/2026\/08\/festa-peao-barretos-5.jpeg?fit=1200%2C801&ssl=1&resize=350%2C200","width":350,"height":200,"srcset":"https:\/\/i0.wp.com\/noticiasribeiraopreto.com.br\/wp-content\/uploads\/2026\/08\/festa-peao-barretos-5.jpeg?fit=1200%2C801&ssl=1&resize=350%2C200 1x, https:\/\/i0.wp.com\/noticiasribeiraopreto.com.br\/wp-content\/uploads\/2026\/08\/festa-peao-barretos-5.jpeg?fit=1200%2C801&ssl=1&resize=525%2C300 1.5x, https:\/\/i0.wp.com\/noticiasribeiraopreto.com.br\/wp-content\/uploads\/2026\/08\/festa-peao-barretos-5.jpeg?fit=1200%2C801&ssl=1&resize=700%2C400 2x, https:\/\/i0.wp.com\/noticiasribeiraopreto.com.br\/wp-content\/uploads\/2026\/08\/festa-peao-barretos-5.jpeg?fit=1200%2C801&ssl=1&resize=1050%2C600 3x"},"classes":[]},{"id":87692,"url":"https:\/\/noticiasribeiraopreto.com.br\/index.php\/2026\/07\/07\/barretos-tera-35-mil-competidores-e-mais-de-r-15-milhao-em-premios-no-rodeio\/","url_meta":{"origin":90777,"position":1},"title":"Barretos ter\u00e1 3,5 mil competidores e mais de R$ 1,5 milh\u00e3o em pr\u00eamios no rodeio","author":"noticiasribeiraopreto.com.br","date":"7 de July de 2026","format":false,"excerpt":"A 71\u00aa Festa do Pe\u00e3o de Barretos vai reunir cerca de 3,5 mil competidores que disputar\u00e3o provas em nove modalidades e concorrer\u00e3o a uma premia\u00e7\u00e3o superior a R$ 1,5 milh\u00e3o durante a edi\u00e7\u00e3o deste ano, que acontece entre os dias 20 e 30 de agosto. O evento vai receber as\u2026","rel":"","context":"In &quot;Not\u00edcias de Ribeir\u00e3o Preto-SP e Regi\u00e3o&quot;","block_context":{"text":"Not\u00edcias de Ribeir\u00e3o Preto-SP e Regi\u00e3o","link":"https:\/\/noticiasribeiraopreto.com.br\/index.php\/category\/noticias-de-ribeirao-preto-sp-e-regiao-ismael-colosi\/"},"img":{"alt_text":"","src":"https:\/\/i0.wp.com\/noticiasribeiraopreto.com.br\/wp-content\/uploads\/2026\/07\/lancamento-barretos-5_2026-07-07_20-04-34.webp.webp?fit=1200%2C675&ssl=1&resize=350%2C200","width":350,"height":200,"srcset":"https:\/\/i0.wp.com\/noticiasribeiraopreto.com.br\/wp-content\/uploads\/2026\/07\/lancamento-barretos-5_2026-07-07_20-04-34.webp.webp?fit=1200%2C675&ssl=1&resize=350%2C200 1x, https:\/\/i0.wp.com\/noticiasribeiraopreto.com.br\/wp-content\/uploads\/2026\/07\/lancamento-barretos-5_2026-07-07_20-04-34.webp.webp?fit=1200%2C675&ssl=1&resize=525%2C300 1.5x, https:\/\/i0.wp.com\/noticiasribeiraopreto.com.br\/wp-content\/uploads\/2026\/07\/lancamento-barretos-5_2026-07-07_20-04-34.webp.webp?fit=1200%2C675&ssl=1&resize=700%2C400 2x, https:\/\/i0.wp.com\/noticiasribeiraopreto.com.br\/wp-content\/uploads\/2026\/07\/lancamento-barretos-5_2026-07-07_20-04-34.webp.webp?fit=1200%2C675&ssl=1&resize=1050%2C600 3x"},"classes":[]},{"id":73410,"url":"https:\/\/noticiasribeiraopreto.com.br\/index.php\/2025\/07\/01\/festa-do-peao-de-barretos-tera-finais-nacionais-provas-esportivas-e-premiacao-de-r-15-milhao\/","url_meta":{"origin":90777,"position":2},"title":"Festa do Pe\u00e3o de Barretos ter\u00e1 finais nacionais, provas esportivas e premia\u00e7\u00e3o de R$ 1,5 milh\u00e3o","author":"noticiasribeiraopreto.com.br","date":"1 de July de 2025","format":false,"excerpt":"A 70\u00aa edi\u00e7\u00e3o da Festa do Pe\u00e3o de Barretos acontece entre os dias 21 e 31 de agosto, no Parque do Pe\u00e3o, em Barretos. O evento re\u00fane cerca de 3,5 mil competidores em nove modalidades esportivas de rodeio e provas cronometradas, com premia\u00e7\u00e3o total que supera R$ 1,5 milh\u00e3o. As\u2026","rel":"","context":"In &quot;Not\u00edcias de Ribeir\u00e3o Preto-SP e Regi\u00e3o&quot;","block_context":{"text":"Not\u00edcias de Ribeir\u00e3o Preto-SP e Regi\u00e3o","link":"https:\/\/noticiasribeiraopreto.com.br\/index.php\/category\/noticias-de-ribeirao-preto-sp-e-regiao-ismael-colosi\/"},"img":{"alt_text":"","src":"https:\/\/i0.wp.com\/noticiasribeiraopreto.com.br\/wp-content\/uploads\/2025\/07\/Imagem-do-WhatsApp-de-2025-07-01-as-16.18.28_57460c98_2025-07-01_19-43-10.webp.webp?fit=1200%2C800&ssl=1&resize=350%2C200","width":350,"height":200,"srcset":"https:\/\/i0.wp.com\/noticiasribeiraopreto.com.br\/wp-content\/uploads\/2025\/07\/Imagem-do-WhatsApp-de-2025-07-01-as-16.18.28_57460c98_2025-07-01_19-43-10.webp.webp?fit=1200%2C800&ssl=1&resize=350%2C200 1x, https:\/\/i0.wp.com\/noticiasribeiraopreto.com.br\/wp-content\/uploads\/2025\/07\/Imagem-do-WhatsApp-de-2025-07-01-as-16.18.28_57460c98_2025-07-01_19-43-10.webp.webp?fit=1200%2C800&ssl=1&resize=525%2C300 1.5x, https:\/\/i0.wp.com\/noticiasribeiraopreto.com.br\/wp-content\/uploads\/2025\/07\/Imagem-do-WhatsApp-de-2025-07-01-as-16.18.28_57460c98_2025-07-01_19-43-10.webp.webp?fit=1200%2C800&ssl=1&resize=700%2C400 2x, https:\/\/i0.wp.com\/noticiasribeiraopreto.com.br\/wp-content\/uploads\/2025\/07\/Imagem-do-WhatsApp-de-2025-07-01-as-16.18.28_57460c98_2025-07-01_19-43-10.webp.webp?fit=1200%2C800&ssl=1&resize=1050%2C600 3x"},"classes":[]},{"id":88360,"url":"https:\/\/noticiasribeiraopreto.com.br\/index.php\/2026\/07\/18\/festa-do-peao-de-barretos-escolhe-rainha-e-princesa-da-71a-edicao\/","url_meta":{"origin":90777,"position":3},"title":"Festa do Pe\u00e3o de Barretos escolhe Rainha e Princesa da 71\u00aa edi\u00e7\u00e3o","author":"noticiasribeiraopreto.com.br","date":"18 de July de 2026","format":false,"excerpt":"A estudante de engenharia de produ\u00e7\u00e3o Alessa Esper, de 21 anos, foi eleita Rainha da 71\u00aa Festa do Pe\u00e3o de Barretos durante concurso realizado na noite de sexta-feira (17). A estudante de Direito Samyra Gon\u00e7alves, tamb\u00e9m de 21 anos, conquistou o t\u00edtulo de Princesa. Alessa Esper \u2013 Foto: Guizy Samyra\u2026","rel":"","context":"In &quot;Not\u00edcias de Ribeir\u00e3o Preto-SP e Regi\u00e3o&quot;","block_context":{"text":"Not\u00edcias de Ribeir\u00e3o Preto-SP e Regi\u00e3o","link":"https:\/\/noticiasribeiraopreto.com.br\/index.php\/category\/noticias-de-ribeirao-preto-sp-e-regiao-ismael-colosi\/"},"img":{"alt_text":"","src":"https:\/\/i0.wp.com\/noticiasribeiraopreto.com.br\/wp-content\/uploads\/2026\/07\/roubo-1.png?fit=1200%2C675&ssl=1&resize=350%2C200","width":350,"height":200,"srcset":"https:\/\/i0.wp.com\/noticiasribeiraopreto.com.br\/wp-content\/uploads\/2026\/07\/roubo-1.png?fit=1200%2C675&ssl=1&resize=350%2C200 1x, https:\/\/i0.wp.com\/noticiasribeiraopreto.com.br\/wp-content\/uploads\/2026\/07\/roubo-1.png?fit=1200%2C675&ssl=1&resize=525%2C300 1.5x, https:\/\/i0.wp.com\/noticiasribeiraopreto.com.br\/wp-content\/uploads\/2026\/07\/roubo-1.png?fit=1200%2C675&ssl=1&resize=700%2C400 2x, https:\/\/i0.wp.com\/noticiasribeiraopreto.com.br\/wp-content\/uploads\/2026\/07\/roubo-1.png?fit=1200%2C675&ssl=1&resize=1050%2C600 3x"},"classes":[]},{"id":88017,"url":"https:\/\/noticiasribeiraopreto.com.br\/index.php\/2026\/07\/13\/conheca-as-10-candidatas-que-disputam-o-titulo-de-rainha-da-festa-do-peao-de-barretos-2026\/","url_meta":{"origin":90777,"position":4},"title":"Conhe\u00e7a as 10 candidatas que disputam o t\u00edtulo de rainha da Festa do Pe\u00e3o de Barretos 2026","author":"noticiasribeiraopreto.com.br","date":"13 de July de 2026","format":false,"excerpt":"Foram definidas as dez candidatas que seguem na disputa pelo t\u00edtulo de rainha da Festa do Pe\u00e3o de Barretos de 2026, evento que ser\u00e1 realizado entre os dias 20 e 30 de agosto, no Parque do Pe\u00e3o. A grande final do concurso est\u00e1 marcada para acontecer nesta sexta-feira (17), \u00e0s\u2026","rel":"","context":"In &quot;Not\u00edcias de Ribeir\u00e3o Preto-SP e Regi\u00e3o&quot;","block_context":{"text":"Not\u00edcias de Ribeir\u00e3o Preto-SP e Regi\u00e3o","link":"https:\/\/noticiasribeiraopreto.com.br\/index.php\/category\/noticias-de-ribeirao-preto-sp-e-regiao-ismael-colosi\/"},"img":{"alt_text":"","src":"https:\/\/i0.wp.com\/noticiasribeiraopreto.com.br\/wp-content\/uploads\/2026\/07\/rainha-festa-do-peao.jpg?fit=1200%2C675&ssl=1&resize=350%2C200","width":350,"height":200,"srcset":"https:\/\/i0.wp.com\/noticiasribeiraopreto.com.br\/wp-content\/uploads\/2026\/07\/rainha-festa-do-peao.jpg?fit=1200%2C675&ssl=1&resize=350%2C200 1x, https:\/\/i0.wp.com\/noticiasribeiraopreto.com.br\/wp-content\/uploads\/2026\/07\/rainha-festa-do-peao.jpg?fit=1200%2C675&ssl=1&resize=525%2C300 1.5x, https:\/\/i0.wp.com\/noticiasribeiraopreto.com.br\/wp-content\/uploads\/2026\/07\/rainha-festa-do-peao.jpg?fit=1200%2C675&ssl=1&resize=700%2C400 2x, https:\/\/i0.wp.com\/noticiasribeiraopreto.com.br\/wp-content\/uploads\/2026\/07\/rainha-festa-do-peao.jpg?fit=1200%2C675&ssl=1&resize=1050%2C600 3x"},"classes":[]},{"id":87682,"url":"https:\/\/noticiasribeiraopreto.com.br\/index.php\/2026\/07\/07\/festa-do-peao-de-barretos-apresenta-programacao-esportiva-e-anuncia-novidades-no-parque\/","url_meta":{"origin":90777,"position":5},"title":"Festa do Pe\u00e3o de Barretos apresenta programa\u00e7\u00e3o esportiva e anuncia novidades no parque","author":"noticiasribeiraopreto.com.br","date":"7 de July de 2026","format":false,"excerpt":"A organiza\u00e7\u00e3o da 71\u00aa Festa do Pe\u00e3o de Barretos apresentou, nesta ter\u00e7a-feira (7), a programa\u00e7\u00e3o esportiva e as novidades para a edi\u00e7\u00e3o deste ano, marcada para acontecer entre os dias 20 e 30 de agosto. Durante o lan\u00e7amento, realizado no Parque do Pe\u00e3o, o destaque ficou por conta dos investimentos\u2026","rel":"","context":"In &quot;Not\u00edcias de Ribeir\u00e3o Preto-SP e Regi\u00e3o&quot;","block_context":{"text":"Not\u00edcias de Ribeir\u00e3o Preto-SP e Regi\u00e3o","link":"https:\/\/noticiasribeiraopreto.com.br\/index.php\/category\/noticias-de-ribeirao-preto-sp-e-regiao-ismael-colosi\/"},"img":{"alt_text":"","src":"https:\/\/i0.wp.com\/noticiasribeiraopreto.com.br\/wp-content\/uploads\/2026\/07\/rodeio-de-barretos-foto-neto-drone.jpg?fit=1080%2C608&ssl=1&resize=350%2C200","width":350,"height":200,"srcset":"https:\/\/i0.wp.com\/noticiasribeiraopreto.com.br\/wp-content\/uploads\/2026\/07\/rodeio-de-barretos-foto-neto-drone.jpg?fit=1080%2C608&ssl=1&resize=350%2C200 1x, https:\/\/i0.wp.com\/noticiasribeiraopreto.com.br\/wp-content\/uploads\/2026\/07\/rodeio-de-barretos-foto-neto-drone.jpg?fit=1080%2C608&ssl=1&resize=525%2C300 1.5x, https:\/\/i0.wp.com\/noticiasribeiraopreto.com.br\/wp-content\/uploads\/2026\/07\/rodeio-de-barretos-foto-neto-drone.jpg?fit=1080%2C608&ssl=1&resize=700%2C400 2x, https:\/\/i0.wp.com\/noticiasribeiraopreto.com.br\/wp-content\/uploads\/2026\/07\/rodeio-de-barretos-foto-neto-drone.jpg?fit=1080%2C608&ssl=1&resize=1050%2C600 3x"},"classes":[]}],"jetpack_sharing_enabled":true,"jetpack_shortlink":"https:\/\/wp.me\/peQAOb-nC9","jetpack_featured_media_url":"https:\/\/i0.wp.com\/noticiasribeiraopreto.com.br\/wp-content\/uploads\/2026\/08\/barretao-1.jpg?fit=1200%2C675&ssl=1","_links":{"self":[{"href":"https:\/\/noticiasribeiraopreto.com.br\/index.php\/wp-json\/wp\/v2\/posts\/90777","targetHints":{"allow":["GET"]}}],"collection":[{"href":"https:\/\/noticiasribeiraopreto.com.br\/index.php\/wp-json\/wp\/v2\/posts"}],"about":[{"href":"https:\/\/noticiasribeiraopreto.com.br\/index.php\/wp-json\/wp\/v2\/types\/post"}],"author":[{"embeddable":true,"href":"https:\/\/noticiasribeiraopreto.com.br\/index.php\/wp-json\/wp\/v2\/users\/1"}],"replies":[{"embeddable":true,"href":"https:\/\/noticiasribeiraopreto.com.br\/index.php\/wp-json\/wp\/v2\/comments?post=90777"}],"version-history":[{"count":0,"href":"https:\/\/noticiasribeiraopreto.com.br\/index.php\/wp-json\/wp\/v2\/posts\/90777\/revisions"}],"wp:featuredmedia":[{"embeddable":true,"href":"https:\/\/noticiasribeiraopreto.com.br\/index.php\/wp-json\/wp\/v2\/media\/90778"}],"wp:attachment":[{"href":"https:\/\/noticiasribeiraopreto.com.br\/index.php\/wp-json\/wp\/v2\/media?parent=90777"}],"wp:term":[{"taxonomy":"category","embeddable":true,"href":"https:\/\/noticiasribeiraopreto.com.br\/index.php\/wp-json\/wp\/v2\/categories?post=90777"},{"taxonomy":"post_tag","embeddable":true,"href":"https:\/\/noticiasribeiraopreto.com.br\/index.php\/wp-json\/wp\/v2\/tags?post=90777"}],"curies":[{"name":"wp","href":"https:\/\/api.w.org\/{rel}","templated":true}]}}