{"id":90779,"date":"2026-08-31T00:54:56","date_gmt":"2026-08-31T03:54:56","guid":{"rendered":"https:\/\/noticiasribeiraopreto.com.br\/index.php\/2026\/08\/31\/emprego-formal-cai-214-no-ano\/"},"modified":"2026-08-31T00:54:56","modified_gmt":"2026-08-31T03:54:56","slug":"emprego-formal-cai-214-no-ano","status":"publish","type":"post","link":"https:\/\/noticiasribeiraopreto.com.br\/index.php\/2026\/08\/31\/emprego-formal-cai-214-no-ano\/","title":{"rendered":"Emprego formal cai 2,14% no ano"},"content":{"rendered":"<div class='code-block code-block-1' style='margin: 8px 0 8px auto; text-align: right; display: block; clear: both;'>\n<p><a href=\"https:\/\/wa.link\/vpicfd\"><img data-recalc-dims=\"1\" class=\"wp-image-4922\" style=\"aspect-ratio: 2.0253164556962027; width: 561px; height: auto;\" src=\"https:\/\/i0.wp.com\/ismaelcolosi.com.br\/wp-content\/uploads\/2023\/11\/grupo-de-empregos-whatsapp-e-facebook-ismael-colosi-vagas.jpg?ssl=1\" alt=\"\" \/><\/a><\/p>\n<!-- \/wp:image -->\n<\/div>\n<p> <br \/>\n<\/p>\n<div>\n<p>O Minist\u00e9rio do Trabalho e Emprego divulgou os n\u00fameros do Novo Cadastro Geral de Empregados e Desempregados (Novo Caged) de julho. A economia de Ribeir\u00e3o Preto voltou a registrar super\u00e1vit, o quinto do ano, ap\u00f3s d\u00e9ficits em maio e junho (dados revisados). De janeiro a abril o saldo foi positivo, com queda em dezembro que interrompeu sequ\u00eancia de seis altas consecutivas.<\/p>\n<p>Foram dez resultados positivos e dois negativos em 2025. Em julho, o super\u00e1vit foi de 472 novos empregos com carteira assinada, fruto de 13.083 admiss\u00f5es e 12.611 demiss\u00f5es. Avan\u00e7ou 310% em rela\u00e7\u00e3o a junho \u2013 dados revisados de super\u00e1vit de 361 para d\u00e9ficit de 225 postos \u2013, aporte de 697 vagas.<\/p>\n<p>Em janeiro foram abertas 797 oportunidades, contra 2.283 em fevereiro, 2.040 em mar\u00e7o, 207 em abril e d\u00e9ficit de 414 em maio. Os dados s\u00e3o revisados mensalmente. Tamb\u00e9m avan\u00e7ou 37,61% em compara\u00e7\u00e3o com julho de 2025, quando o saldo foi de 343 trabalhadores contratados \u2013 13.086 admiss\u00f5es e 12.743 demiss\u00f5es. S\u00e3o 129 vagas com carteira assinada a mais, indica o Minist\u00e9rio do Trabalho.<strong\/><\/p>\n<p>Em sete meses de 2026 o saldo \u00e9 de 5.160 novas vagas \u2013 94.980 contrata\u00e7\u00f5es e 89.820 rescis\u00f5es \u2013, contra 5.273 do mesmo per\u00edodo do ano passado (94.582 carteiras assinadas e 89.309 dispensas), queda de 2,14% e 113 postos a menos. Nos \u00faltimos doze meses, contratou 155.304 pessoas e demitiu 151.751, saldo de 3.553.<strong\/><\/p>\n<p>Com 2.468 carteiras assinadas (15.144 contrata\u00e7\u00f5es e 12.676 rescis\u00f5es), fevereiro de 2025 obteve o melhor saldo desde as 2.732 novas vagas de novembro de 2020 (foram 10.197 admiss\u00f5es e 7.465 demiss\u00f5es). O pior resultado da d\u00e9cada pertence ao m\u00eas de abril do primeiro ano de pandemia, com d\u00e9ficit de 5.667 postos fechados (3.870 contrata\u00e7\u00f5es e 9.537 rescis\u00f5es).<\/p>\n<p>Ribeir\u00e3o Preto terminou 2025 com saldo positivo de 3.666 novas carteiras de trabalho assinadas (dados revisados, 154.906 contrata\u00e7\u00f5es e 151.240 rescis\u00f5es). Ficou 46,21% abaixo do super\u00e1vit de 6.816 novas carteiras de trabalho assinadas (dados revisados) do ano anterior (152.063 contrata\u00e7\u00f5es e 145.247 rescis\u00f5es), 3.150 a menos. O saldo de 2024 \u00e9 10,60% superior ao de 6.163 empregos formais de 2023 (135.953 admiss\u00f5es e 129.790 demiss\u00f5es), 653 a mais.<\/p>\n<p><strong>Setores <\/strong><strong>\u2013 <\/strong>Dois setores da economia ribeir\u00e3o-pretana fecharam o m\u00eas no \u201cvermelho\u201d e tr\u00eas no \u201cazul\u201d. O com\u00e9rcio fechou julho com super\u00e1vit de 176 postos de trabalho criados, fruto de 3.472 admiss\u00f5es e 3.296 demiss\u00f5es. Em sete meses, contratou 24.506 e demitiu 24.811, d\u00e9ficit de 305 vagas. No ano passado, contratou 43.610 e demitiu 42.880, super\u00e1vit de 730.<\/p>\n<p>O setor de servi\u00e7os registrou 7.501 contrata\u00e7\u00f5es e 7.069 rescis\u00f5es em julho, super\u00e1vit de 432 empregos formais abertos. Em sete meses, contratou 54.278 e demitiu 49.618, saldo de 4.660 vagas. Em 2025, contratou 86.445 e demitiu 84.244, super\u00e1vit de 2.201.<\/p>\n<p>A constru\u00e7\u00e3o civil fechou julho com d\u00e9ficit de 116 vagas fechadas, fruto de 914 admiss\u00f5es e 1.030 demiss\u00f5es. Em sete meses, contratou 7.222 e demitiu 6.724, super\u00e1vit de 498 vagas. No ano passado, contratou 11.359 e demitiu 11.386, d\u00e9ficit de 27.<\/p>\n<p>A ind\u00fastria admitiu 1.084 trabalhadores e demitiu 1.147 em julho, com d\u00e9ficit de 63 empregos formais fechados. Em sete meses, contratou 8.122 e demitiu 7.788, super\u00e1vit de 334 vagas. No ano passado, contratou 12.742 e demitiu 11.996, super\u00e1vit de 746.<\/p>\n<p>A agropecu\u00e1ria admitiu 112 funcion\u00e1rios e dispensou outros 69, super\u00e1vit de 43 postos em julho. Em sete meses, contratou 852 e demitiu 879, rombo de 27 vagas extintas. No ano passado, contratou 750 e demitiu 734, saldo positivo de 16.<\/p>\n<div style=\"background-color: #f4f4f5; border: 1px solid #d4d4d8; padding: 15px; margin: 20px 0; border-radius: 6px; font-family: sans-serif; line-height: 1.5;\">\n    <span style=\"color: #27272a;\">Inscreva-se em nosso Canal no Whatsapp e fique por dentro de tudo que acontece na regi\u00e3o. <\/span><br \/>\n    <a href=\"https:\/\/whatsapp.com\/channel\/0029VanuE2o7z4kYjo0XVS3u\" target=\"_blank\" rel=\"noopener noreferrer\" style=\"color: #16a34a; font-weight: bold; text-decoration: underline;\">Clique Aqui!<\/a>\n<\/div>\n<\/div>\n<p><br \/>\n<br \/><a href=\"https:\/\/www.tribunaribeirao.com.br\/emprego-formal-cai-214-no-ano\/\">Texto original daqui <\/a><\/p>\n<!-- CONTENT END 1 -->\n","protected":false},"excerpt":{"rendered":"<p>O Minist\u00e9rio do Trabalho e Emprego divulgou os n\u00fameros do Novo Cadastro Geral de Empregados e Desempregados (Novo Caged) de julho. A economia de Ribeir\u00e3o&#8230;<\/p>\n","protected":false},"author":1,"featured_media":90780,"comment_status":"","ping_status":"","sticky":false,"template":"","format":"standard","meta":{"advanced_seo_description":"","jetpack_seo_html_title":"","jetpack_seo_noindex":false,"jetpack_seo_schema_type":"","_jetpack_newsletter_access":"","_jetpack_dont_email_post_to_subs":false,"_jetpack_newsletter_tier_id":0,"_jetpack_memberships_contains_paywalled_content":false,"_jetpack_feature_clip_id":0,"_jetpack_memberships_contains_paid_content":false,"footnotes":"","jetpack_publicize_message":"","jetpack_publicize_feature_enabled":true,"jetpack_social_post_already_shared":true,"jetpack_social_options":{"image_generator_settings":{"template":"highway","default_image_id":0,"font":"","enabled":false},"version":2},"jetpack_post_was_ever_published":false},"categories":[11],"tags":[681,634,144,1377],"class_list":["post-90779","post","type-post","status-publish","format-standard","has-post-thumbnail","hentry","category-noticias-de-ribeirao-preto-sp-e-regiao-ismael-colosi","tag-ano","tag-cai","tag-emprego","tag-formal"],"jetpack_publicize_connections":[],"jetpack-related-posts":[{"id":75174,"url":"https:\/\/noticiasribeiraopreto.com.br\/index.php\/2025\/08\/05\/emprego-formal-cai-no-semestre-tribuna-ribeirao\/","url_meta":{"origin":90779,"position":0},"title":"Emprego formal cai no semestre \u2013 Tribuna Ribeir\u00e3o","author":"noticiasribeiraopreto.com.br","date":"5 de August de 2025","format":false,"excerpt":"O Minist\u00e9rio do Trabalho e Emprego divulgou os n\u00fameros do Novo Cadastro Geral de Empregados e Desempregados (Novo Caged) de junho nesta segunda-feira, 4 de agosto. A economia de Ribeir\u00e3o Preto voltou a ter super\u00e1vit no sexto m\u00eas do ano, de 216 empregos com carteira assinada, fruto de 12.065 admiss\u00f5es\u2026","rel":"","context":"In &quot;Not\u00edcias de Ribeir\u00e3o Preto-SP e Regi\u00e3o&quot;","block_context":{"text":"Not\u00edcias de Ribeir\u00e3o Preto-SP e Regi\u00e3o","link":"https:\/\/noticiasribeiraopreto.com.br\/index.php\/category\/noticias-de-ribeirao-preto-sp-e-regiao-ismael-colosi\/"},"img":{"alt_text":"","src":"","width":0,"height":0},"classes":[]},{"id":42749,"url":"https:\/\/noticiasribeiraopreto.com.br\/index.php\/2024\/03\/16\/emprego-formal-avanca-em-janeiro\/","url_meta":{"origin":90779,"position":1},"title":"Emprego formal\u00a0avan\u00e7a em janeiro\u00a0 &#8211; Jornal Tribuna Ribeir\u00e3o","author":"noticiasribeiraopreto.com.br","date":"16 de March de 2024","format":false,"excerpt":"O Minist\u00e9rio do Trabalho e Emprego divulgou, nesta sexta-feira, 15 de mar\u00e7o, os n\u00fameros do Novo Cadastro Geral de Empregados e Desempregados (Novo Caged) de janeiro. A economia de Ribeir\u00e3o Preto fechou o primeiro m\u00eas do ano com super\u00e1vit de 904 empregos com carteira assinada, fruto de 12.547 admiss\u00f5es e\u2026","rel":"","context":"In &quot;Not\u00edcias de Ribeir\u00e3o Preto-SP e Regi\u00e3o&quot;","block_context":{"text":"Not\u00edcias de Ribeir\u00e3o Preto-SP e Regi\u00e3o","link":"https:\/\/noticiasribeiraopreto.com.br\/index.php\/category\/noticias-de-ribeirao-preto-sp-e-regiao-ismael-colosi\/"},"img":{"alt_text":"","src":"https:\/\/i0.wp.com\/noticiasribeiraopreto.com.br\/wp-content\/uploads\/2024\/03\/CagedRP-Car-Marcelo-Camargo-Ag.Br_-scaled.jpg?fit=1000%2C598&ssl=1&resize=350%2C200","width":350,"height":200,"srcset":"https:\/\/i0.wp.com\/noticiasribeiraopreto.com.br\/wp-content\/uploads\/2024\/03\/CagedRP-Car-Marcelo-Camargo-Ag.Br_-scaled.jpg?fit=1000%2C598&ssl=1&resize=350%2C200 1x, https:\/\/i0.wp.com\/noticiasribeiraopreto.com.br\/wp-content\/uploads\/2024\/03\/CagedRP-Car-Marcelo-Camargo-Ag.Br_-scaled.jpg?fit=1000%2C598&ssl=1&resize=525%2C300 1.5x, https:\/\/i0.wp.com\/noticiasribeiraopreto.com.br\/wp-content\/uploads\/2024\/03\/CagedRP-Car-Marcelo-Camargo-Ag.Br_-scaled.jpg?fit=1000%2C598&ssl=1&resize=700%2C400 2x"},"classes":[]},{"id":69029,"url":"https:\/\/noticiasribeiraopreto.com.br\/index.php\/2025\/05\/01\/emprego-formal-desacelera-em-rp\/","url_meta":{"origin":90779,"position":2},"title":"Emprego formal desacelera em RP\u00a0","author":"noticiasribeiraopreto.com.br","date":"1 de May de 2025","format":false,"excerpt":"O Minist\u00e9rio do Trabalho e Emprego divulgou os n\u00fameros do Novo Cadastro Geral de Empregados e Desempregados (Novo Caged) de mar\u00e7o nesta quarta-feira, 30 de abril. A economia de Ribeir\u00e3o Preto fechou o terceiro m\u00eas do ano com saldo de 296 empregos com carteira assinada, fruto de 13.133 admiss\u00f5es e\u2026","rel":"","context":"In &quot;Not\u00edcias de Ribeir\u00e3o Preto-SP e Regi\u00e3o&quot;","block_context":{"text":"Not\u00edcias de Ribeir\u00e3o Preto-SP e Regi\u00e3o","link":"https:\/\/noticiasribeiraopreto.com.br\/index.php\/category\/noticias-de-ribeirao-preto-sp-e-regiao-ismael-colosi\/"},"img":{"alt_text":"","src":"https:\/\/i0.wp.com\/noticiasribeiraopreto.com.br\/wp-content\/uploads\/2025\/05\/CagedRP-JF-Pimenta-Arquivo-scaled.jpg?fit=778%2C500&ssl=1&resize=350%2C200","width":350,"height":200,"srcset":"https:\/\/i0.wp.com\/noticiasribeiraopreto.com.br\/wp-content\/uploads\/2025\/05\/CagedRP-JF-Pimenta-Arquivo-scaled.jpg?fit=778%2C500&ssl=1&resize=350%2C200 1x, https:\/\/i0.wp.com\/noticiasribeiraopreto.com.br\/wp-content\/uploads\/2025\/05\/CagedRP-JF-Pimenta-Arquivo-scaled.jpg?fit=778%2C500&ssl=1&resize=525%2C300 1.5x, https:\/\/i0.wp.com\/noticiasribeiraopreto.com.br\/wp-content\/uploads\/2025\/05\/CagedRP-JF-Pimenta-Arquivo-scaled.jpg?fit=778%2C500&ssl=1&resize=700%2C400 2x"},"classes":[]},{"id":70760,"url":"https:\/\/noticiasribeiraopreto.com.br\/index.php\/2025\/05\/29\/emprego-formal-acelera-em-rp\/","url_meta":{"origin":90779,"position":3},"title":"Emprego formal acelera em RP\u00a0","author":"noticiasribeiraopreto.com.br","date":"29 de May de 2025","format":false,"excerpt":"29 de maio de 2025 16:3029 de maio de 2025 10:046 Compartilhar0 O Minist\u00e9rio do Trabalho e Emprego divulgou os n\u00fameros do Novo Cadastro Geral de Empregados e Desempregados (Novo Caged) de abril nesta quarta-feira, 28 de maio. A economia de Ribeir\u00e3o Preto fechou o quarto m\u00eas do ano com\u2026","rel":"","context":"In &quot;Not\u00edcias de Ribeir\u00e3o Preto-SP e Regi\u00e3o&quot;","block_context":{"text":"Not\u00edcias de Ribeir\u00e3o Preto-SP e Regi\u00e3o","link":"https:\/\/noticiasribeiraopreto.com.br\/index.php\/category\/noticias-de-ribeirao-preto-sp-e-regiao-ismael-colosi\/"},"img":{"alt_text":"","src":"https:\/\/i0.wp.com\/noticiasribeiraopreto.com.br\/wp-content\/uploads\/2025\/05\/CagedRP-Marcelo-Camargo-Ag.Br_.-1.jpg?fit=1170%2C700&ssl=1&resize=350%2C200","width":350,"height":200,"srcset":"https:\/\/i0.wp.com\/noticiasribeiraopreto.com.br\/wp-content\/uploads\/2025\/05\/CagedRP-Marcelo-Camargo-Ag.Br_.-1.jpg?fit=1170%2C700&ssl=1&resize=350%2C200 1x, https:\/\/i0.wp.com\/noticiasribeiraopreto.com.br\/wp-content\/uploads\/2025\/05\/CagedRP-Marcelo-Camargo-Ag.Br_.-1.jpg?fit=1170%2C700&ssl=1&resize=525%2C300 1.5x, https:\/\/i0.wp.com\/noticiasribeiraopreto.com.br\/wp-content\/uploads\/2025\/05\/CagedRP-Marcelo-Camargo-Ag.Br_.-1.jpg?fit=1170%2C700&ssl=1&resize=700%2C400 2x, https:\/\/i0.wp.com\/noticiasribeiraopreto.com.br\/wp-content\/uploads\/2025\/05\/CagedRP-Marcelo-Camargo-Ag.Br_.-1.jpg?fit=1170%2C700&ssl=1&resize=1050%2C600 3x"},"classes":[]},{"id":8012,"url":"https:\/\/noticiasribeiraopreto.com.br\/index.php\/2023\/11\/29\/emprego-formal-sobe-em-outubro-em-rp\/","url_meta":{"origin":90779,"position":4},"title":"Emprego formal\u00a0sobe em outubro\u00a0em RP","author":"noticiasribeiraopreto.com.br","date":"29 de November de 2023","format":false,"excerpt":"29 de novembro de 2023 | 10:0029 de novembro de 2023 | 8:55 0O Minist\u00e9rio do Trabalho e Emprego divulgou nesta ter\u00e7a-feira, 28 de novembro, os n\u00fameros do Novo Cadastro Geral de Empregados e Desempregados (Novo Caged) de outubro. A economia de Ribeir\u00e3o Preto fechou o d\u00e9cimo m\u00eas de 2023\u2026","rel":"","context":"In &quot;Not\u00edcias de Ribeir\u00e3o Preto-SP e Regi\u00e3o&quot;","block_context":{"text":"Not\u00edcias de Ribeir\u00e3o Preto-SP e Regi\u00e3o","link":"https:\/\/noticiasribeiraopreto.com.br\/index.php\/category\/noticias-de-ribeirao-preto-sp-e-regiao-ismael-colosi\/"},"img":{"alt_text":"","src":"https:\/\/i0.wp.com\/noticiasribeiraopreto.com.br\/wp-content\/uploads\/2023\/11\/CagedRP-Marcelo-Camargo-Ag.Br_-scaled.jpg?fit=1000%2C598&ssl=1&resize=350%2C200","width":350,"height":200,"srcset":"https:\/\/i0.wp.com\/noticiasribeiraopreto.com.br\/wp-content\/uploads\/2023\/11\/CagedRP-Marcelo-Camargo-Ag.Br_-scaled.jpg?fit=1000%2C598&ssl=1&resize=350%2C200 1x, https:\/\/i0.wp.com\/noticiasribeiraopreto.com.br\/wp-content\/uploads\/2023\/11\/CagedRP-Marcelo-Camargo-Ag.Br_-scaled.jpg?fit=1000%2C598&ssl=1&resize=525%2C300 1.5x, https:\/\/i0.wp.com\/noticiasribeiraopreto.com.br\/wp-content\/uploads\/2023\/11\/CagedRP-Marcelo-Camargo-Ag.Br_-scaled.jpg?fit=1000%2C598&ssl=1&resize=700%2C400 2x"},"classes":[]},{"id":33900,"url":"https:\/\/noticiasribeiraopreto.com.br\/index.php\/2024\/01\/31\/emprego-formal-recua-em-2023-em-rp\/","url_meta":{"origin":90779,"position":5},"title":"Emprego formal\u00a0recua em 2023 em RP","author":"noticiasribeiraopreto.com.br","date":"31 de January de 2024","format":false,"excerpt":"O Minist\u00e9rio do Trabalho e Emprego divulgou nesta ter\u00e7a-feira, 30 de janeiro, os n\u00fameros do Novo Cadastro Geral de Empregados e Desempregados (Novo Caged) de dezembro. A economia de Ribeir\u00e3o Preto fechou o \u00faltimo m\u00eas de 2023 com d\u00e9ficit de 2.448 empregos com carteira assinada, fruto de 9.003 admiss\u00f5es e\u2026","rel":"","context":"In &quot;Not\u00edcias de Ribeir\u00e3o Preto-SP e Regi\u00e3o&quot;","block_context":{"text":"Not\u00edcias de Ribeir\u00e3o Preto-SP e Regi\u00e3o","link":"https:\/\/noticiasribeiraopreto.com.br\/index.php\/category\/noticias-de-ribeirao-preto-sp-e-regiao-ismael-colosi\/"},"img":{"alt_text":"","src":"https:\/\/i0.wp.com\/noticiasribeiraopreto.com.br\/wp-content\/uploads\/2024\/01\/CagedRP-Marcelo-Camargo-Ag.Br_-scaled.jpg?fit=1000%2C598&ssl=1&resize=350%2C200","width":350,"height":200,"srcset":"https:\/\/i0.wp.com\/noticiasribeiraopreto.com.br\/wp-content\/uploads\/2024\/01\/CagedRP-Marcelo-Camargo-Ag.Br_-scaled.jpg?fit=1000%2C598&ssl=1&resize=350%2C200 1x, https:\/\/i0.wp.com\/noticiasribeiraopreto.com.br\/wp-content\/uploads\/2024\/01\/CagedRP-Marcelo-Camargo-Ag.Br_-scaled.jpg?fit=1000%2C598&ssl=1&resize=525%2C300 1.5x, https:\/\/i0.wp.com\/noticiasribeiraopreto.com.br\/wp-content\/uploads\/2024\/01\/CagedRP-Marcelo-Camargo-Ag.Br_-scaled.jpg?fit=1000%2C598&ssl=1&resize=700%2C400 2x"},"classes":[]}],"jetpack_sharing_enabled":true,"jetpack_shortlink":"https:\/\/wp.me\/peQAOb-nCb","jetpack_featured_media_url":"https:\/\/i0.wp.com\/noticiasribeiraopreto.com.br\/wp-content\/uploads\/2026\/08\/CagedRP-Guilherme-Sircili-scaled.jpg?fit=1173%2C780&ssl=1","_links":{"self":[{"href":"https:\/\/noticiasribeiraopreto.com.br\/index.php\/wp-json\/wp\/v2\/posts\/90779","targetHints":{"allow":["GET"]}}],"collection":[{"href":"https:\/\/noticiasribeiraopreto.com.br\/index.php\/wp-json\/wp\/v2\/posts"}],"about":[{"href":"https:\/\/noticiasribeiraopreto.com.br\/index.php\/wp-json\/wp\/v2\/types\/post"}],"author":[{"embeddable":true,"href":"https:\/\/noticiasribeiraopreto.com.br\/index.php\/wp-json\/wp\/v2\/users\/1"}],"replies":[{"embeddable":true,"href":"https:\/\/noticiasribeiraopreto.com.br\/index.php\/wp-json\/wp\/v2\/comments?post=90779"}],"version-history":[{"count":0,"href":"https:\/\/noticiasribeiraopreto.com.br\/index.php\/wp-json\/wp\/v2\/posts\/90779\/revisions"}],"wp:featuredmedia":[{"embeddable":true,"href":"https:\/\/noticiasribeiraopreto.com.br\/index.php\/wp-json\/wp\/v2\/media\/90780"}],"wp:attachment":[{"href":"https:\/\/noticiasribeiraopreto.com.br\/index.php\/wp-json\/wp\/v2\/media?parent=90779"}],"wp:term":[{"taxonomy":"category","embeddable":true,"href":"https:\/\/noticiasribeiraopreto.com.br\/index.php\/wp-json\/wp\/v2\/categories?post=90779"},{"taxonomy":"post_tag","embeddable":true,"href":"https:\/\/noticiasribeiraopreto.com.br\/index.php\/wp-json\/wp\/v2\/tags?post=90779"}],"curies":[{"name":"wp","href":"https:\/\/api.w.org\/{rel}","templated":true}]}}