{"id":90781,"date":"2026-08-31T00:56:55","date_gmt":"2026-08-31T03:56:55","guid":{"rendered":"https:\/\/noticiasribeiraopreto.com.br\/index.php\/2026\/08\/31\/novo-desenrola-brasil-chega-a-29-mil-acordos-na-regiao-de-ribeirao-preto\/"},"modified":"2026-08-31T00:56:55","modified_gmt":"2026-08-31T03:56:55","slug":"novo-desenrola-brasil-chega-a-29-mil-acordos-na-regiao-de-ribeirao-preto","status":"publish","type":"post","link":"https:\/\/noticiasribeiraopreto.com.br\/index.php\/2026\/08\/31\/novo-desenrola-brasil-chega-a-29-mil-acordos-na-regiao-de-ribeirao-preto\/","title":{"rendered":"Novo Desenrola Brasil chega a 29 mil acordos na regi\u00e3o de Ribeir\u00e3o Preto"},"content":{"rendered":"<div class='code-block code-block-1' style='margin: 8px 0 8px auto; text-align: right; display: block; clear: both;'>\n<p><a href=\"https:\/\/wa.link\/vpicfd\"><img data-recalc-dims=\"1\" class=\"wp-image-4922\" style=\"aspect-ratio: 2.0253164556962027; width: 561px; height: auto;\" src=\"https:\/\/i0.wp.com\/ismaelcolosi.com.br\/wp-content\/uploads\/2023\/11\/grupo-de-empregos-whatsapp-e-facebook-ismael-colosi-vagas.jpg?ssl=1\" alt=\"\" \/><\/a><\/p>\n<!-- \/wp:image -->\n<\/div>\n<p> <br \/>\n<\/p>\n<p>O Novo Desenrola Brasil chegou a <strong>29.228 acordos de renegocia\u00e7\u00e3o de d\u00edvidas na regi\u00e3o de Ribeir\u00e3o Preto<\/strong> at\u00e9 18 de agosto. O n\u00famero representa um crescimento de <strong>32,6%<\/strong> em compara\u00e7\u00e3o com o fim de julho, quando o programa contabilizava 22.039 acordos.<\/p>\n<p>O prazo para aderir ao programa termina nesta <strong>segunda-feira, 31 de agosto<\/strong>.<\/p>\n<p>Segundo Eduardo Cavalheiro, respons\u00e1vel pelo marketing da Acordo Certo, o aumento no n\u00famero de renegocia\u00e7\u00f5es mostra uma busca maior pela regulariza\u00e7\u00e3o das d\u00edvidas nas \u00faltimas semanas de funcionamento do programa.<\/p>\n<div class=\"wp-block-image\">\n<figure class=\"aligncenter size-large\"><figcaption class=\"wp-element-caption\">Foto: Divulga\u00e7\u00e3o<\/figcaption><\/figure>\n<\/div>\n<h2 class=\"wp-block-heading\">Novo Desenrola<\/h2>\n<p>Uma das principais dificuldades enfrentadas por pessoas endividadas envolve encontrar condi\u00e7\u00f5es que permitam o pagamento dos d\u00e9bitos. O Novo Desenrola Brasil oferece <strong>taxas de juros a partir de 1,99% ao m\u00eas<\/strong>, parcelamento em at\u00e9 <strong>quatro anos<\/strong> e descontos que podem chegar a <strong>90%<\/strong>.<\/p>\n<p>O programa atende pessoas com renda de at\u00e9 cinco sal\u00e1rios m\u00ednimos. De acordo com Cavalheiro, grande parte dos brasileiros endividados recebe entre um e tr\u00eas sal\u00e1rios m\u00ednimos, faixa que concentra uma parcela significativa do p\u00fablico atendido pela iniciativa.<\/p>\n<div class=\"wp-block-image\">\n<figure class=\"aligncenter size-large\"><img data-recalc-dims=\"1\" loading=\"lazy\" decoding=\"async\" width=\"1024\" height=\"576\" src=\"https:\/\/i0.wp.com\/www.acidadeon.com\/ribeiraopreto\/wp-content\/uploads\/sites\/3\/2026\/06\/dentista-ribeirao_2026-06-29_16-57-34-1024x576.webp?resize=1024%2C576&#038;ssl=1\" alt=\"Desenrola Adimplentes 2026 - Foto: Reprodu\u00e7\u00e3o\/ G1\" class=\"wp-image-163196\" title=\"Novo Desenrola Brasil chega a 29 mil acordos na regi\u00e3o de Ribeir\u00e3o Preto 26\"><figcaption class=\"wp-element-caption\">Foto: Reprodu\u00e7\u00e3o\/ G1<\/figcaption><\/figure>\n<\/div>\n<p>A orienta\u00e7\u00e3o para quem ainda n\u00e3o consultou as condi\u00e7\u00f5es \u00e9 verificar se possui d\u00edvidas inclu\u00eddas no programa, gerar o acordo e realizar o pagamento. Segundo o especialista, o nome do consumidor pode sair dos \u00f3rg\u00e3os de negativa\u00e7\u00e3o em at\u00e9 cinco dias \u00fateis ap\u00f3s o pagamento.<\/p>\n<p class=\"has-text-align-center has-small-font-size\"><em>Receba not\u00edcias do\u00a0<strong>acidade on Ribeir\u00e3o\u00a0<\/strong>no WhatsApp e fique por dentro de tudo! Basta acessar o link<a href=\"https:\/\/chat.whatsapp.com\/DfXwcjKVIddHUT3BvnQuPZ?mode=hqctshi\" target=\"_blank\" rel=\"noreferrer noopener\">\u00a0aqui<\/a>!<\/em><\/p>\n<h2 class=\"wp-block-heading\">Principais d\u00edvidas<\/h2>\n<p>As d\u00edvidas banc\u00e1rias concentram boa parte do endividamento, principalmente empr\u00e9stimos pessoais, cart\u00f5es de cr\u00e9dito e cheque especial.<\/p>\n<p>Segundo Cavalheiro, os juros dessas modalidades fazem os d\u00e9bitos crescerem rapidamente e podem dificultar a quita\u00e7\u00e3o.<\/p>\n<p>O especialista tamb\u00e9m destacou a redu\u00e7\u00e3o no valor m\u00e9dio das d\u00edvidas negociadas. Para ele, o movimento indica que os consumidores priorizam os d\u00e9bitos que conseguem quitar, principalmente os mais antigos, que podem oferecer descontos maiores.<\/p>\n<p>Cavalheiro ainda relacionou o cen\u00e1rio de endividamento ao crescimento das apostas online. Segundo ele, estudos analisam a rela\u00e7\u00e3o entre d\u00edvidas e problemas ligados \u00e0s apostas, enquanto empresas do varejo j\u00e1 identificam impactos no consumo associados ao uso de recursos em jogos de azar.<\/p>\n<h2 class=\"wp-block-heading\">Como aderir?<\/h2>\n<p>O consumidor pode fazer a renegocia\u00e7\u00e3o por plataformas digitais. O primeiro passo consiste em consultar gratuitamente o CPF para verificar as d\u00edvidas registradas em seu nome e identificar quais podem entrar no Novo Desenrola Brasil.<\/p>\n<div class=\"wp-block-image\">\n<figure class=\"aligncenter size-large\"><img data-recalc-dims=\"1\" loading=\"lazy\" decoding=\"async\" width=\"1024\" height=\"679\" src=\"https:\/\/i0.wp.com\/www.acidadeon.com\/ribeiraopreto\/wp-content\/uploads\/sites\/3\/2025\/07\/guincho-virtual-1_2025-07-24_12-51-03-1024x679.webp?resize=1024%2C679&#038;ssl=1\" alt=\"Sistema de guincho virtual come\u00e7ou a ser testado em Ribeir\u00e3o Preto (Foto: divulga\u00e7\u00e3o)\" class=\"wp-image-123640\" title=\"Novo Desenrola Brasil chega a 29 mil acordos na regi\u00e3o de Ribeir\u00e3o Preto 27\"><figcaption class=\"wp-element-caption\">(Foto: divulga\u00e7\u00e3o)<\/figcaption><\/figure>\n<\/div>\n<p>Depois, o consumidor pode escolher entre o pagamento \u00e0 vista, que pode garantir um desconto maior, ou o parcelamento. A plataforma gera o acordo, e o processo pode ser conclu\u00eddo em poucos minutos.<\/p>\n<p>O prazo para aderir ao <strong>Novo Desenrola Brasil termina em 31 de agosto<\/strong>.<\/p>\n<p><em>Com informa\u00e7\u00f5es da CBN Ribeir\u00e3o<\/em><\/p>\n<p class=\"has-text-align-center\"><em>Fa\u00e7a uma den\u00fancia ou sugira uma reportagem sobre\u00a0<strong>Ribeir\u00e3o Preto\u00a0<\/strong>e regi\u00e3o por meio do WhatsApp do\u00a0<strong>acidade on Ribeir\u00e3o<\/strong>: (16) 99117-7802.<\/em><\/p>\n<hr class=\"wp-block-separator has-alpha-channel-opacity\">\n<p><\/p>\n<\/p>\n<p>O post Novo Desenrola Brasil chega a 29 mil acordos na regi\u00e3o de Ribeir\u00e3o Preto apareceu primeiro em ACidade ON Ribeir\u00e3o Preto.<\/p>\n<p><br \/>\n<br \/><a href=\"https:\/\/www.acidadeon.com\/ribeiraopreto\/economia\/novo-desenrola-brasil-chega-a-29-mil-acordos-na-regiao-de-ribeirao-preto\/\">Link para o texto original aqui <\/a><\/p>\n<!-- CONTENT END 1 -->\n","protected":false},"excerpt":{"rendered":"<p>O Novo Desenrola Brasil chegou a 29.228 acordos de renegocia\u00e7\u00e3o de d\u00edvidas na regi\u00e3o de Ribeir\u00e3o Preto at\u00e9 18 de agosto. O n\u00famero representa um&#8230;<\/p>\n","protected":false},"author":1,"featured_media":90782,"comment_status":"","ping_status":"","sticky":false,"template":"","format":"standard","meta":{"advanced_seo_description":"","jetpack_seo_html_title":"","jetpack_seo_noindex":false,"jetpack_seo_schema_type":"","_jetpack_newsletter_access":"","_jetpack_dont_email_post_to_subs":false,"_jetpack_newsletter_tier_id":0,"_jetpack_memberships_contains_paywalled_content":false,"_jetpack_feature_clip_id":0,"_jetpack_memberships_contains_paid_content":false,"footnotes":"","jetpack_publicize_message":"","jetpack_publicize_feature_enabled":true,"jetpack_social_post_already_shared":true,"jetpack_social_options":{"image_generator_settings":{"template":"highway","default_image_id":0,"font":"","enabled":false},"version":2},"jetpack_post_was_ever_published":false},"categories":[11],"tags":[1302,137,531,714,402,381,27,277,26],"class_list":["post-90781","post","type-post","status-publish","format-standard","has-post-thumbnail","hentry","category-noticias-de-ribeirao-preto-sp-e-regiao-ismael-colosi","tag-acordos","tag-brasil","tag-chega","tag-desenrola","tag-mil","tag-novo","tag-preto","tag-regiao","tag-ribeirao"],"jetpack_publicize_connections":[],"jetpack-related-posts":[{"id":90561,"url":"https:\/\/noticiasribeiraopreto.com.br\/index.php\/2026\/08\/25\/regiao-de-rp-negocia-29-228-dividas\/","url_meta":{"origin":90781,"position":0},"title":"Regi\u00e3o de RP negocia 29.228 d\u00edvidas","author":"noticiasribeiraopreto.com.br","date":"25 de August de 2026","format":false,"excerpt":"\r \r \r 25 de agosto de 2026 06:5825 de agosto de 2026 06:55 \r Compartilhar0 Novo Desenrola entra na \u00faltima semana com mais de 29 mil acordos na regi\u00e3o de Ribeir\u00e3o Preto A uma semana do fim do Novo Desenrola Brasil, a regi\u00e3o de Ribeir\u00e3o Preto ultrapassou a marca\u2026","rel":"","context":"In &quot;Not\u00edcias de Ribeir\u00e3o Preto-SP e Regi\u00e3o&quot;","block_context":{"text":"Not\u00edcias de Ribeir\u00e3o Preto-SP e Regi\u00e3o","link":"https:\/\/noticiasribeiraopreto.com.br\/index.php\/category\/noticias-de-ribeirao-preto-sp-e-regiao-ismael-colosi\/"},"img":{"alt_text":"","src":"https:\/\/i0.wp.com\/noticiasribeiraopreto.com.br\/wp-content\/uploads\/2026\/08\/Desenrola-Joedson-Alves-Ag.Br_.jpg?fit=1170%2C700&ssl=1&resize=350%2C200","width":350,"height":200,"srcset":"https:\/\/i0.wp.com\/noticiasribeiraopreto.com.br\/wp-content\/uploads\/2026\/08\/Desenrola-Joedson-Alves-Ag.Br_.jpg?fit=1170%2C700&ssl=1&resize=350%2C200 1x, https:\/\/i0.wp.com\/noticiasribeiraopreto.com.br\/wp-content\/uploads\/2026\/08\/Desenrola-Joedson-Alves-Ag.Br_.jpg?fit=1170%2C700&ssl=1&resize=525%2C300 1.5x, https:\/\/i0.wp.com\/noticiasribeiraopreto.com.br\/wp-content\/uploads\/2026\/08\/Desenrola-Joedson-Alves-Ag.Br_.jpg?fit=1170%2C700&ssl=1&resize=700%2C400 2x, https:\/\/i0.wp.com\/noticiasribeiraopreto.com.br\/wp-content\/uploads\/2026\/08\/Desenrola-Joedson-Alves-Ag.Br_.jpg?fit=1170%2C700&ssl=1&resize=1050%2C600 3x"},"classes":[]},{"id":89281,"url":"https:\/\/noticiasribeiraopreto.com.br\/index.php\/2026\/08\/02\/desenrola-brasil-2-0-e-prorrogado-ate-31-de-agosto-para-renegociacao-de-dividas\/","url_meta":{"origin":90781,"position":1},"title":"Desenrola Brasil 2.0 \u00e9 prorrogado at\u00e9 31 de agosto para renegocia\u00e7\u00e3o de d\u00edvidas","author":"noticiasribeiraopreto.com.br","date":"2 de August de 2026","format":false,"excerpt":"O governo federal prorrogou o prazo do programa Desenrola Brasil 2.0 para renegocia\u00e7\u00e3o de d\u00edvidas banc\u00e1rias. A decis\u00e3o foi oficializada neste s\u00e1bado (1\u00ba), por meio de portaria do Minist\u00e9rio da Fazenda publicada no Di\u00e1rio Oficial da Uni\u00e3o. Com a mudan\u00e7a, os consumidores poder\u00e3o renegociar os d\u00e9bitos com institui\u00e7\u00f5es financeiras at\u00e9\u2026","rel":"","context":"In &quot;Not\u00edcias de Ribeir\u00e3o Preto-SP e Regi\u00e3o&quot;","block_context":{"text":"Not\u00edcias de Ribeir\u00e3o Preto-SP e Regi\u00e3o","link":"https:\/\/noticiasribeiraopreto.com.br\/index.php\/category\/noticias-de-ribeirao-preto-sp-e-regiao-ismael-colosi\/"},"img":{"alt_text":"","src":"https:\/\/i0.wp.com\/noticiasribeiraopreto.com.br\/wp-content\/uploads\/2026\/08\/AGIOTA_2026-05-12_18-01-11.webp.webp?fit=1200%2C675&ssl=1&resize=350%2C200","width":350,"height":200,"srcset":"https:\/\/i0.wp.com\/noticiasribeiraopreto.com.br\/wp-content\/uploads\/2026\/08\/AGIOTA_2026-05-12_18-01-11.webp.webp?fit=1200%2C675&ssl=1&resize=350%2C200 1x, https:\/\/i0.wp.com\/noticiasribeiraopreto.com.br\/wp-content\/uploads\/2026\/08\/AGIOTA_2026-05-12_18-01-11.webp.webp?fit=1200%2C675&ssl=1&resize=525%2C300 1.5x, https:\/\/i0.wp.com\/noticiasribeiraopreto.com.br\/wp-content\/uploads\/2026\/08\/AGIOTA_2026-05-12_18-01-11.webp.webp?fit=1200%2C675&ssl=1&resize=700%2C400 2x, https:\/\/i0.wp.com\/noticiasribeiraopreto.com.br\/wp-content\/uploads\/2026\/08\/AGIOTA_2026-05-12_18-01-11.webp.webp?fit=1200%2C675&ssl=1&resize=1050%2C600 3x"},"classes":[]},{"id":41344,"url":"https:\/\/noticiasribeiraopreto.com.br\/index.php\/2024\/03\/07\/dividas-no-programa-desenrola-podem-ser-negociadas-nos-correios\/","url_meta":{"origin":90781,"position":2},"title":"D\u00edvidas no programa Desenrola podem ser negociadas nos Correios","author":"noticiasribeiraopreto.com.br","date":"7 de March de 2024","format":false,"excerpt":"7 de mar\u00e7o de 2024 | 17:007 de mar\u00e7o de 2024 | 11:16 0A partir desta quinta-feira (7), consumidores podem negociar d\u00edvidas do programa Desenrola Brasil e da Serasa em ag\u00eancias dos Correios. O prazo segue at\u00e9 o pr\u00f3ximo dia 28. A proposta, segundo os Correios, \u00e9 promover uma esp\u00e9cie\u2026","rel":"","context":"In &quot;Not\u00edcias de Ribeir\u00e3o Preto-SP e Regi\u00e3o&quot;","block_context":{"text":"Not\u00edcias de Ribeir\u00e3o Preto-SP e Regi\u00e3o","link":"https:\/\/noticiasribeiraopreto.com.br\/index.php\/category\/noticias-de-ribeirao-preto-sp-e-regiao-ismael-colosi\/"},"img":{"alt_text":"","src":"https:\/\/i0.wp.com\/noticiasribeiraopreto.com.br\/wp-content\/uploads\/2024\/03\/acf711d2-fb22-4c17-b92a-ae4456ddb244-scaled.jpg?fit=1000%2C598&ssl=1&resize=350%2C200","width":350,"height":200,"srcset":"https:\/\/i0.wp.com\/noticiasribeiraopreto.com.br\/wp-content\/uploads\/2024\/03\/acf711d2-fb22-4c17-b92a-ae4456ddb244-scaled.jpg?fit=1000%2C598&ssl=1&resize=350%2C200 1x, https:\/\/i0.wp.com\/noticiasribeiraopreto.com.br\/wp-content\/uploads\/2024\/03\/acf711d2-fb22-4c17-b92a-ae4456ddb244-scaled.jpg?fit=1000%2C598&ssl=1&resize=525%2C300 1.5x, https:\/\/i0.wp.com\/noticiasribeiraopreto.com.br\/wp-content\/uploads\/2024\/03\/acf711d2-fb22-4c17-b92a-ae4456ddb244-scaled.jpg?fit=1000%2C598&ssl=1&resize=700%2C400 2x"},"classes":[]},{"id":88650,"url":"https:\/\/noticiasribeiraopreto.com.br\/index.php\/2026\/07\/23\/adesao-ao-desenrola-brasil-na-regiao-de-ribeirao-preto-quase-dobrou-em-apenas-um-mes\/","url_meta":{"origin":90781,"position":3},"title":"Ades\u00e3o ao Desenrola Brasil na regi\u00e3o de Ribeir\u00e3o Preto quase dobrou em apenas 1 m\u00eas","author":"noticiasribeiraopreto.com.br","date":"23 de July de 2026","format":false,"excerpt":"Um levantamento realizado pelo Instituto de Economia Maur\u00edlio Biagi, da Acirp (Associa\u00e7\u00e3o Comercial e Industrial de Ribeir\u00e3o Preto), aponta que a ades\u00e3o a renegocia\u00e7\u00e3o de d\u00edvidas por meio do programa federal Desenrola Brasil praticamente dobrou na Regi\u00e3o Metropolitana de Ribeir\u00e3o Preto entre maio e junho de 2026. Receba not\u00edcias do\u00a0acidade\u2026","rel":"","context":"In &quot;Not\u00edcias de Ribeir\u00e3o Preto-SP e Regi\u00e3o&quot;","block_context":{"text":"Not\u00edcias de Ribeir\u00e3o Preto-SP e Regi\u00e3o","link":"https:\/\/noticiasribeiraopreto.com.br\/index.php\/category\/noticias-de-ribeirao-preto-sp-e-regiao-ismael-colosi\/"},"img":{"alt_text":"","src":"https:\/\/i0.wp.com\/noticiasribeiraopreto.com.br\/wp-content\/uploads\/2026\/07\/calcadao_2026-05-06_17-23-09.webp.webp?fit=1200%2C675&ssl=1&resize=350%2C200","width":350,"height":200,"srcset":"https:\/\/i0.wp.com\/noticiasribeiraopreto.com.br\/wp-content\/uploads\/2026\/07\/calcadao_2026-05-06_17-23-09.webp.webp?fit=1200%2C675&ssl=1&resize=350%2C200 1x, https:\/\/i0.wp.com\/noticiasribeiraopreto.com.br\/wp-content\/uploads\/2026\/07\/calcadao_2026-05-06_17-23-09.webp.webp?fit=1200%2C675&ssl=1&resize=525%2C300 1.5x, https:\/\/i0.wp.com\/noticiasribeiraopreto.com.br\/wp-content\/uploads\/2026\/07\/calcadao_2026-05-06_17-23-09.webp.webp?fit=1200%2C675&ssl=1&resize=700%2C400 2x, https:\/\/i0.wp.com\/noticiasribeiraopreto.com.br\/wp-content\/uploads\/2026\/07\/calcadao_2026-05-06_17-23-09.webp.webp?fit=1200%2C675&ssl=1&resize=1050%2C600 3x"},"classes":[]},{"id":37335,"url":"https:\/\/noticiasribeiraopreto.com.br\/index.php\/2024\/02\/15\/governo-se-alia-ao-serasa-para-ampliar-alcance-do-desenrola-brasil\/","url_meta":{"origin":90781,"position":4},"title":"Governo se alia ao Serasa para ampliar alcance do Desenrola Brasil","author":"noticiasribeiraopreto.com.br","date":"15 de February de 2024","format":false,"excerpt":"15 de fevereiro de 2024 | 16:04 0O Minist\u00e9rio da Fazenda anunciou hoje (15), em S\u00e3o Paulo, uma parceria com a Serasa para aumentar o alcance e facilitar o acesso ao Desenrola Brasil \u2013 programa para renegocia\u00e7\u00e3o de d\u00edvidas do governo federal.Com essa parceria, em funcionamento desde a \u00faltima sexta-feira\u2026","rel":"","context":"In &quot;Not\u00edcias de Ribeir\u00e3o Preto-SP e Regi\u00e3o&quot;","block_context":{"text":"Not\u00edcias de Ribeir\u00e3o Preto-SP e Regi\u00e3o","link":"https:\/\/noticiasribeiraopreto.com.br\/index.php\/category\/noticias-de-ribeirao-preto-sp-e-regiao-ismael-colosi\/"},"img":{"alt_text":"","src":"https:\/\/i0.wp.com\/noticiasribeiraopreto.com.br\/wp-content\/uploads\/2024\/02\/desenrola-1.jpg?fit=1024%2C683&ssl=1&resize=350%2C200","width":350,"height":200,"srcset":"https:\/\/i0.wp.com\/noticiasribeiraopreto.com.br\/wp-content\/uploads\/2024\/02\/desenrola-1.jpg?fit=1024%2C683&ssl=1&resize=350%2C200 1x, https:\/\/i0.wp.com\/noticiasribeiraopreto.com.br\/wp-content\/uploads\/2024\/02\/desenrola-1.jpg?fit=1024%2C683&ssl=1&resize=525%2C300 1.5x, https:\/\/i0.wp.com\/noticiasribeiraopreto.com.br\/wp-content\/uploads\/2024\/02\/desenrola-1.jpg?fit=1024%2C683&ssl=1&resize=700%2C400 2x"},"classes":[]},{"id":6914,"url":"https:\/\/noticiasribeiraopreto.com.br\/index.php\/2023\/11\/27\/desenrola-brasil-renegocia-dividas-com-novos-valores\/","url_meta":{"origin":90781,"position":5},"title":"Desenrola Brasil renegocia d\u00edvidas com novos valores","author":"noticiasribeiraopreto.com.br","date":"27 de November de 2023","format":false,"excerpt":"Cr\u00e9ditos: Jos\u00e9 Cruz\/Ag\u00eancia BrasilDesenrola: N\u00e3o perca a chance de negociar d\u00edvida com at\u00e9 99% de desconto O Programa Desenrola Brasil, criado para facilitar a renegocia\u00e7\u00e3o de d\u00edvidas e proporcionar condi\u00e7\u00f5es vantajosas aos devedores, anuncia uma amplia\u00e7\u00e3o significativa. A Faixa 1 do programa, destinada a devedores com renda de at\u00e9 dois\u2026","rel":"","context":"In &quot;Variedades&quot;","block_context":{"text":"Variedades","link":"https:\/\/noticiasribeiraopreto.com.br\/index.php\/category\/variedades\/"},"img":{"alt_text":"","src":"https:\/\/i0.wp.com\/noticiasribeiraopreto.com.br\/wp-content\/uploads\/2023\/11\/1701088625_istock-1158702105-e1688579646196.jpg?fit=1200%2C638&ssl=1&resize=350%2C200","width":350,"height":200,"srcset":"https:\/\/i0.wp.com\/noticiasribeiraopreto.com.br\/wp-content\/uploads\/2023\/11\/1701088625_istock-1158702105-e1688579646196.jpg?fit=1200%2C638&ssl=1&resize=350%2C200 1x, https:\/\/i0.wp.com\/noticiasribeiraopreto.com.br\/wp-content\/uploads\/2023\/11\/1701088625_istock-1158702105-e1688579646196.jpg?fit=1200%2C638&ssl=1&resize=525%2C300 1.5x, https:\/\/i0.wp.com\/noticiasribeiraopreto.com.br\/wp-content\/uploads\/2023\/11\/1701088625_istock-1158702105-e1688579646196.jpg?fit=1200%2C638&ssl=1&resize=700%2C400 2x, https:\/\/i0.wp.com\/noticiasribeiraopreto.com.br\/wp-content\/uploads\/2023\/11\/1701088625_istock-1158702105-e1688579646196.jpg?fit=1200%2C638&ssl=1&resize=1050%2C600 3x"},"classes":[]}],"jetpack_sharing_enabled":true,"jetpack_shortlink":"https:\/\/wp.me\/peQAOb-nCd","jetpack_featured_media_url":"https:\/\/i0.wp.com\/noticiasribeiraopreto.com.br\/wp-content\/uploads\/2026\/08\/desenrola.jpg?fit=1200%2C675&ssl=1","_links":{"self":[{"href":"https:\/\/noticiasribeiraopreto.com.br\/index.php\/wp-json\/wp\/v2\/posts\/90781","targetHints":{"allow":["GET"]}}],"collection":[{"href":"https:\/\/noticiasribeiraopreto.com.br\/index.php\/wp-json\/wp\/v2\/posts"}],"about":[{"href":"https:\/\/noticiasribeiraopreto.com.br\/index.php\/wp-json\/wp\/v2\/types\/post"}],"author":[{"embeddable":true,"href":"https:\/\/noticiasribeiraopreto.com.br\/index.php\/wp-json\/wp\/v2\/users\/1"}],"replies":[{"embeddable":true,"href":"https:\/\/noticiasribeiraopreto.com.br\/index.php\/wp-json\/wp\/v2\/comments?post=90781"}],"version-history":[{"count":0,"href":"https:\/\/noticiasribeiraopreto.com.br\/index.php\/wp-json\/wp\/v2\/posts\/90781\/revisions"}],"wp:featuredmedia":[{"embeddable":true,"href":"https:\/\/noticiasribeiraopreto.com.br\/index.php\/wp-json\/wp\/v2\/media\/90782"}],"wp:attachment":[{"href":"https:\/\/noticiasribeiraopreto.com.br\/index.php\/wp-json\/wp\/v2\/media?parent=90781"}],"wp:term":[{"taxonomy":"category","embeddable":true,"href":"https:\/\/noticiasribeiraopreto.com.br\/index.php\/wp-json\/wp\/v2\/categories?post=90781"},{"taxonomy":"post_tag","embeddable":true,"href":"https:\/\/noticiasribeiraopreto.com.br\/index.php\/wp-json\/wp\/v2\/tags?post=90781"}],"curies":[{"name":"wp","href":"https:\/\/api.w.org\/{rel}","templated":true}]}}