{"id":90783,"date":"2026-08-31T00:58:59","date_gmt":"2026-08-31T03:58:59","guid":{"rendered":"https:\/\/noticiasribeiraopreto.com.br\/index.php\/2026\/08\/31\/populacao-de-rp-cresce-040\/"},"modified":"2026-08-31T00:58:59","modified_gmt":"2026-08-31T03:58:59","slug":"populacao-de-rp-cresce-040","status":"publish","type":"post","link":"https:\/\/noticiasribeiraopreto.com.br\/index.php\/2026\/08\/31\/populacao-de-rp-cresce-040\/","title":{"rendered":"Popula\u00e7\u00e3o de RP cresce 0,40%"},"content":{"rendered":"<div class='code-block code-block-1' style='margin: 8px 0 8px auto; text-align: right; display: block; clear: both;'>\n<p><a href=\"https:\/\/wa.link\/vpicfd\"><img data-recalc-dims=\"1\" class=\"wp-image-4922\" style=\"aspect-ratio: 2.0253164556962027; width: 561px; height: auto;\" src=\"https:\/\/i0.wp.com\/ismaelcolosi.com.br\/wp-content\/uploads\/2023\/11\/grupo-de-empregos-whatsapp-e-facebook-ismael-colosi-vagas.jpg?ssl=1\" alt=\"\" \/><\/a><\/p>\n<!-- \/wp:image -->\n<\/div>\n<p> <br \/>\n<\/p>\n<div>\n<p>Estimativa divulgada pelo Instituto Brasileiro de Geografia e Estat\u00edstica (IBGE), nesta sexta-feira, 28 de agosto, indica que Ribeir\u00e3o Preto tem 734.538 habitantes, crescimento de 0,40% em rela\u00e7\u00e3o aos 731.639 moradores do ano passado, 2.899 a mais, segundo dados publicados no Di\u00e1rio Oficial da Uni\u00e3o que apontam o total de pessoas nos estados e munic\u00edpios at\u00e9 o dia 1\u00ba de julho deste ano.<\/p>\n<p>Com base na m\u00e9dia nacional, Ribeir\u00e3o Preto tem 381.960 mulheres (52%) e 352.578 homens (48%) A regi\u00e3o metropolitana, formada por 34 cidades, \u00e9 a 19\u00aa mais populosa do pa\u00eds e a sexta do estado, com 1.718.227 habitantes, alta de 0,65% em compara\u00e7\u00e3o com os 1.707.166 do ano passado, 11.061 a mais. S\u00e3o 893.478 do sexo feminino (52%) e 824.749 do masculino (48%). <strong><br \/><\/strong><br \/>Santa Cruz da Esperan\u00e7a, com 2.173 habitantes, \u00e9 o munic\u00edpio menos populoso da regi\u00e3o metropolitana. Depois de Ribeir\u00e3o Preto, as duas cidades com mais moradores na RMRP s\u00e3o Sert\u00e3ozinho (132.692) e Jaboticabal (73.479). Na macrorregi\u00e3o, Araraquara tem 254.508, Barretos conta com 127.276, Franca tem 366.534 e S\u00e3o Carlos, 267.441.<\/p>\n<p><strong>Regi\u00e3o \u2013 <\/strong>O levantamento do IBGE tamb\u00e9m aponta crescimento da popula\u00e7\u00e3o nas cinco maiores cidade da regi\u00e3o. Em Barretos, saltou de 126.957 em 2025 para 127.276, aumento de 0,25% e 319 a mais. Em Batatais, passou de 59.939 para 59.999, aporte de 60 moradores e alta de 0,10%.<\/p>\n<p>Em Franca, subiu de 365.494 para 366.534, crescimento de 0,28% e 1.040 habitantes a mais neste ano. Em Jaboticabal, saltou de 73.473 em 2025 para 73.479 em julho de 2026, taxa inferior a 0,1% e seis a mais. Em Sert\u00e3ozinho, subiu de 132.176 para 132.692, alta de 0,39%. S\u00e3o 516 a mais.<\/p>\n<p><strong>Censo \u2013 <\/strong>Em 2023, segundo dados do Censo Demogr\u00e1fico de 2022, ano em que n\u00e3o houve divulga\u00e7\u00e3o, eram 698.642 habitantes em Ribeir\u00e3o Preto. Eram 728.400 em 2024. Em julho de 2021, a cidade tinha 720.116 habitantes. Eram 711.825 pessoas em 2020, contra 703.293 em 2019. Em 2018 o IBGE encontrou 682.302 \u201cribeir\u00e3o-pretanos\u201d na cidade.<\/p>\n<p>A taxa de crescimento da popula\u00e7\u00e3o ribeir\u00e3o-pretana supera a estadual (0,21%) e a nacional (0,37%), mas perde para a regional (0,65%). Ribeir\u00e3o Preto \u00e9 a 29\u00aa cidade mais populosa do Brasil contando com as capitais \u2013 sem \u00e9 a 11\u00aa. \u00c9 a oitava com mais habitantes no Estado de S\u00e3o Paulo, atr\u00e1s da capital (11.911.337), Guarulhos (1.351.284), Campinas (1.189.761), S\u00e3o Bernardo do Campo (842.558), Santo Andr\u00e9 (784.290), Sorocaba (766.390) e Osasco (761.441).<\/p>\n<p>Al\u00e9m de S\u00e3o Paulo, Ribeir\u00e3o Preto est\u00e1 atr\u00e1s de outras 17 capitais de Estado em n\u00famero de habitantes. Perde para Rio de Janeiro (RJ \u2013 6.731.133), Bras\u00edlia (DF \u2013 3.009.996), Fortaleza (CE \u2013 2.582.360), Salvador (BA \u2013 2.559.945), Belo Horizonte (MG \u2013 2.415.451), Manaus (AM \u2013 2.327.101), Curitiba (PR \u2013 1.832.183), Recife (PE \u2013 1. 1.588.983) e Goi\u00e2nia (GO \u2013 1.511.709).<\/p>\n<p>Tamb\u00e9m est\u00e1 atr\u00e1s de Bel\u00e9m (PA \u2013 1.396.157), Porto Alegre (RS \u2013 1.388.791), S\u00e3o Lu\u00eds (MA \u2013 1.090.229), Macei\u00f3 (AL \u2013 995.134), Campo Grande (MS \u2013 970.843), Teresina (PI \u2013 908.012), Jo\u00e3o Pessoa (PB \u2013 906.093) e Natal (RN \u2013 783.196).<\/p>\n<p>Est\u00e1 \u00e0 frente de nove capitais de Estado: Cuiab\u00e1 (MT \u2013 698.917), Aracaj\u00fa (SE \u2013 623.328), Florian\u00f3polis (SC \u2013 598.370), Porto Velho (RO \u2013 520.379), Boa Vista (RR \u2013 500.965), Macap\u00e1 (AP \u2013 491.987), Rio Branco (AC \u2013 390.058), Vit\u00f3ria (ES \u2013 343.935) e Palmas (TO \u2013 333.154). Juntas, as capitais respondem por 23,10% da popula\u00e7\u00e3o brasileira.<\/p>\n<p><strong>Brasil <\/strong><strong>\u2013<\/strong> A popula\u00e7\u00e3o do Brasil \u00e9 estimada em 214.211.951 habitantes , a mais que os 213.421.037 do ano passado, aporrte de 790.914 e crescimento de 0,37%, de acordo com novos dados divulgados pelo IBGE no levantamento Estimativas da Popula\u00e7\u00e3o. Em 2024 eram 212.583.750 pessoas. S\u00e3o 837.287 brasileiros a mais.<br \/><strong><br \/>Estados <\/strong><strong>\u2013<\/strong> Com 46.179.008 moradores estimados, S\u00e3o Paulo continua sendo o Estado com maior n\u00famero de habitantes. O crescimento chega a 0,21%. S\u00e3o 97.207 pessoas a mais que os 46.081.801 paulistas de 2025, segundo o IBGE. Em 2024 eram 45.973.194.<\/p>\n<p>Minas Gerais (21.460.311), Rio de Janeiro (17.225.410), Bahia (14.889.472), Paran\u00e1 (11.952.456), Rio Grande do Sul (11.233.317), Pernambuco (9.583.176), Cear\u00e1 (9.302.211), Par\u00e1 (8.756.324), Santa Catarina (8.312.759), Goi\u00e1s (7.495.033) e Maranh\u00e3o (7.024.557).<\/p>\n<p>A lista ainda traz Amazonas (4.360.926), Para\u00edba (4.182.828), Esp\u00edrito Santo (4.150.692), Mato Grosso (3.950.330), Rio Grande do Norte (3.463.737), Piau\u00ed\u00a0 (3.392.617), Alagoas (3.221.128), Distrito Federal (3.009.996 ), Mato Grosso do Sul (2.946.317), Sergipe (2.307.255), Rond\u00f4nia (1.757.338), Tocantins (1.595.994), Acre (887.794), Amap\u00e1 (809.953) e Roraima (761.012 ).<\/p>\n<p><strong>Recursos \u2013<\/strong> As estimativas populacionais municipais s\u00e3o um dos par\u00e2metros utilizados pelo Tribunal de Contas da Uni\u00e3o (TCU) no c\u00e1lculo do Fundo de Participa\u00e7\u00e3o de Estados e Munic\u00edpios e s\u00e3o refer\u00eancia para v\u00e1rios indicadores sociais, econ\u00f4micos e demogr\u00e1ficos. Esta divulga\u00e7\u00e3o anual obedece ao artigo 102 da lei n\u00ba 8.443\/1992 e \u00e0 lei complementar n\u00ba 143\/2013.<\/p>\n<p>As popula\u00e7\u00f5es dos munic\u00edpios foram estimadas por um procedimento matem\u00e1tico e s\u00e3o o resultado da distribui\u00e7\u00e3o das popula\u00e7\u00f5es dos estados, projetadas por m\u00e9todos demogr\u00e1ficos, entre seus diversos munic\u00edpios. O m\u00e9todo baseia-se na proje\u00e7\u00e3o da popula\u00e7\u00e3o estadual.<\/p>\n<p>Tamb\u00e9m considera a tend\u00eancia de crescimento dos munic\u00edpios, delineada pelas popula\u00e7\u00f5es municipais captadas nos dois \u00faltimos Censos Demogr\u00e1ficos (2010 e 2022). As estimativas municipais tamb\u00e9m incorporam altera\u00e7\u00f5es de limites territoriais municipais ocorridas ap\u00f3s 2010.<\/p>\n<h2><strong>Os n\u00fameros da popula\u00e7\u00e3o 2025<\/strong><\/h2>\n<p><strong>Ribeir\u00e3o Preto<\/strong><br \/>734.538 habitantes<br \/>Ranking nacional: 29\u00aa<br \/>Sem as capitais: 11\u00aa<br \/>Ranking estadual: 8\u00aa<\/p>\n<p><strong>Regi\u00e3o Metropolitana<\/strong><br \/>1.718.227 habitantes<br \/>Ranking nacional: 19\u00aa<br \/>Ranking estadual: 6\u00aa<\/p>\n<p><strong>Estado de S\u00e3o Paulo<\/strong><br \/>46.179.008 habitantes<\/p>\n<p><strong>Brasil<\/strong><br \/>214.211.951 habitantes<\/p>\n<p><strong>Regi\u00e3o Metropolitana<\/strong><br \/>Altin\u00f3polis: 17.234<br \/>Barrinha: 33.414<br \/>Batatais: 59.999<br \/>Brodowski: 26.446<br \/>Cajuru: 24.247<br \/>C\u00e1ssia dos Coqueiros: 2.866<br \/>Cravinhos: 34.356<br \/>Dumont: 9.804<br \/>Guariba: 38.740<br \/>Guatapar\u00e1: 7.485<br \/>Jaboticabal: 73.479<br \/>Jardin\u00f3polis: 44.970<br \/>Luis Ant\u00f4nio: 12.594<br \/>Mococa: 69.415<br \/>Monte Alto: 48.787<br \/>Morro Agudo: 28.485<br \/>Nuporanga: 7.587<br \/>Orl\u00e2ndia: 39.099<br \/>Pitangueiras: 34.311<br \/>Pontal: 38.206<br \/>Prad\u00f3polis: 17.291<br \/>Ribeir\u00e3o Preto: 734.538<br \/>Sales Oliveira: 11.708<br \/>Santa Cruz da Esperan\u00e7a: 2.173<\/p>\n<p>Santa Rita do Passa Quatro: 24.938<br \/>Santa Rosa de Viterbo: 23.697<br \/>Santo Ant\u00f4nio da Alegria: 6.947<br \/>S\u00e3o Sim\u00e3o: 13.533<br \/>Serra Azul: 13.153<br \/>Serrana: 45.734<br \/>Sert\u00e3ozinho: 132.692<br \/>Taiuva: 6.804<br \/>Tamba\u00fa: 21.620<br \/>Taquaral: 11.875<\/p>\n<p><strong>Total 2025:<\/strong> 1.707.166<br \/><strong>Total 2026:<\/strong> 1.718.227<\/p>\n<div style=\"background-color: #f4f4f5; border: 1px solid #d4d4d8; padding: 15px; margin: 20px 0; border-radius: 6px; font-family: sans-serif; line-height: 1.5;\">\n    <span style=\"color: #27272a;\">Inscreva-se em nosso Canal no Whatsapp e fique por dentro de tudo que acontece na regi\u00e3o. <\/span><br \/>\n    <a href=\"https:\/\/whatsapp.com\/channel\/0029VanuE2o7z4kYjo0XVS3u\" target=\"_blank\" rel=\"noopener noreferrer\" style=\"color: #16a34a; font-weight: bold; text-decoration: underline;\">Clique Aqui!<\/a>\n<\/div>\n<\/div>\n<p><br \/>\n<br \/><a href=\"https:\/\/www.tribunaribeirao.com.br\/populacao-de-rp-cresce-040\/\">Texto original daqui <\/a><\/p>\n<!-- CONTENT END 1 -->\n","protected":false},"excerpt":{"rendered":"<p>Estimativa divulgada pelo Instituto Brasileiro de Geografia e Estat\u00edstica (IBGE), nesta sexta-feira, 28 de agosto, indica que Ribeir\u00e3o Preto tem 734.538 habitantes, crescimento de 0,40%&#8230;<\/p>\n","protected":false},"author":1,"featured_media":90784,"comment_status":"","ping_status":"","sticky":false,"template":"","format":"standard","meta":{"advanced_seo_description":"","jetpack_seo_html_title":"","jetpack_seo_noindex":false,"jetpack_seo_schema_type":"","_jetpack_newsletter_access":"","_jetpack_dont_email_post_to_subs":false,"_jetpack_newsletter_tier_id":0,"_jetpack_memberships_contains_paywalled_content":false,"_jetpack_feature_clip_id":0,"_jetpack_memberships_contains_paid_content":false,"footnotes":"","jetpack_publicize_message":"","jetpack_publicize_feature_enabled":true,"jetpack_social_post_already_shared":true,"jetpack_social_options":{"image_generator_settings":{"template":"highway","default_image_id":0,"font":"","enabled":false},"version":2},"jetpack_post_was_ever_published":false},"categories":[11],"tags":[1088,1525],"class_list":["post-90783","post","type-post","status-publish","format-standard","has-post-thumbnail","hentry","category-noticias-de-ribeirao-preto-sp-e-regiao-ismael-colosi","tag-cresce","tag-populacao"],"jetpack_publicize_connections":[],"jetpack-related-posts":[{"id":76395,"url":"https:\/\/noticiasribeiraopreto.com.br\/index.php\/2025\/08\/28\/ribeirao-preto-chega-a-731-639-habitantes\/","url_meta":{"origin":90783,"position":0},"title":"Ribeir\u00e3o Preto chega a 731.639 habitantes","author":"noticiasribeiraopreto.com.br","date":"28 de August de 2025","format":false,"excerpt":"Estimativa divulgada pelo Instituto Brasileiro de Geografia e Estat\u00edstica (IBGE), nesta quinta-feira, 28 de agosto, indica que Ribeir\u00e3o Preto tem 731.639 habitantes, crescimento de 0,44% em rela\u00e7\u00e3o aos 728.400 moradores do ano passado, 3.239 a mais, segundo dados publicados no Di\u00e1rio Oficial da Uni\u00e3o que apontam o total de pessoas\u2026","rel":"","context":"In &quot;Not\u00edcias de Ribeir\u00e3o Preto-SP e Regi\u00e3o&quot;","block_context":{"text":"Not\u00edcias de Ribeir\u00e3o Preto-SP e Regi\u00e3o","link":"https:\/\/noticiasribeiraopreto.com.br\/index.php\/category\/noticias-de-ribeirao-preto-sp-e-regiao-ismael-colosi\/"},"img":{"alt_text":"","src":"https:\/\/i0.wp.com\/noticiasribeiraopreto.com.br\/wp-content\/uploads\/2025\/08\/1-RiberPOP-Alfredo-Risk-scaled.jpg?fit=1170%2C780&ssl=1&resize=350%2C200","width":350,"height":200,"srcset":"https:\/\/i0.wp.com\/noticiasribeiraopreto.com.br\/wp-content\/uploads\/2025\/08\/1-RiberPOP-Alfredo-Risk-scaled.jpg?fit=1170%2C780&ssl=1&resize=350%2C200 1x, https:\/\/i0.wp.com\/noticiasribeiraopreto.com.br\/wp-content\/uploads\/2025\/08\/1-RiberPOP-Alfredo-Risk-scaled.jpg?fit=1170%2C780&ssl=1&resize=525%2C300 1.5x, https:\/\/i0.wp.com\/noticiasribeiraopreto.com.br\/wp-content\/uploads\/2025\/08\/1-RiberPOP-Alfredo-Risk-scaled.jpg?fit=1170%2C780&ssl=1&resize=700%2C400 2x, https:\/\/i0.wp.com\/noticiasribeiraopreto.com.br\/wp-content\/uploads\/2025\/08\/1-RiberPOP-Alfredo-Risk-scaled.jpg?fit=1170%2C780&ssl=1&resize=1050%2C600 3x"},"classes":[]},{"id":76398,"url":"https:\/\/noticiasribeiraopreto.com.br\/index.php\/2025\/08\/28\/qual-a-populacao-de-ribeirao-preto-ibge-atualiza-estimativa-de-moradores\/","url_meta":{"origin":90783,"position":1},"title":"Qual a popula\u00e7\u00e3o de Ribeir\u00e3o Preto? IBGE atualiza estimativa de moradores","author":"noticiasribeiraopreto.com.br","date":"28 de August de 2025","format":false,"excerpt":"O IBGE (Instituto Brasileiro de Geografia e Estat\u00edstica) divulgou nesta quinta-feira (28) a estimativa populacional. Segundo o \u00f3rg\u00e3o, Ribeir\u00e3o Preto tem, em 2025, 731.639 habitantes, um aumento de 0,4% no tamanho da popula\u00e7\u00e3o, em rela\u00e7\u00e3o ao ano passado \u2013 quando eram 728.400 moradores. De acordo com o IBGE, a popula\u00e7\u00e3o\u2026","rel":"","context":"In &quot;Not\u00edcias de Ribeir\u00e3o Preto-SP e Regi\u00e3o&quot;","block_context":{"text":"Not\u00edcias de Ribeir\u00e3o Preto-SP e Regi\u00e3o","link":"https:\/\/noticiasribeiraopreto.com.br\/index.php\/category\/noticias-de-ribeirao-preto-sp-e-regiao-ismael-colosi\/"},"img":{"alt_text":"","src":"https:\/\/i0.wp.com\/noticiasribeiraopreto.com.br\/wp-content\/uploads\/2025\/08\/ribeirao-preto.jpg?fit=1200%2C900&ssl=1&resize=350%2C200","width":350,"height":200,"srcset":"https:\/\/i0.wp.com\/noticiasribeiraopreto.com.br\/wp-content\/uploads\/2025\/08\/ribeirao-preto.jpg?fit=1200%2C900&ssl=1&resize=350%2C200 1x, https:\/\/i0.wp.com\/noticiasribeiraopreto.com.br\/wp-content\/uploads\/2025\/08\/ribeirao-preto.jpg?fit=1200%2C900&ssl=1&resize=525%2C300 1.5x, https:\/\/i0.wp.com\/noticiasribeiraopreto.com.br\/wp-content\/uploads\/2025\/08\/ribeirao-preto.jpg?fit=1200%2C900&ssl=1&resize=700%2C400 2x, https:\/\/i0.wp.com\/noticiasribeiraopreto.com.br\/wp-content\/uploads\/2025\/08\/ribeirao-preto.jpg?fit=1200%2C900&ssl=1&resize=1050%2C600 3x"},"classes":[]},{"id":76397,"url":"https:\/\/noticiasribeiraopreto.com.br\/index.php\/2025\/08\/28\/veja-a-populacao-de-cada-cidade-do-estado-de-sp-segundo-o-ibge\/","url_meta":{"origin":90783,"position":2},"title":"Veja a popula\u00e7\u00e3o de cada cidade do estado de SP, segundo o IBGE","author":"noticiasribeiraopreto.com.br","date":"28 de August de 2025","format":false,"excerpt":"O IBGE (Instituto Brasileiro de Geografia e Estat\u00edstica) divulgou nesta quinta-feira (28) a estimativa populacional das cidades brasileiras. O estado de S\u00e3o Paulo chegou a 46 milh\u00f5es de habitantes \u2013 veja abaixo quantos moradores tem em cada cidade paulista. Veja a popula\u00e7\u00e3o nas cidades de SP O crescimento \u00e9 de\u2026","rel":"","context":"In &quot;Not\u00edcias de Ribeir\u00e3o Preto-SP e Regi\u00e3o&quot;","block_context":{"text":"Not\u00edcias de Ribeir\u00e3o Preto-SP e Regi\u00e3o","link":"https:\/\/noticiasribeiraopreto.com.br\/index.php\/category\/noticias-de-ribeirao-preto-sp-e-regiao-ismael-colosi\/"},"img":{"alt_text":"","src":"https:\/\/i0.wp.com\/noticiasribeiraopreto.com.br\/wp-content\/uploads\/2025\/08\/trevao-ribeirao-preto_2024-09-12_17-08-13_jpeg_2024-09-12_17-08-13.webp.webp?fit=1200%2C652&ssl=1&resize=350%2C200","width":350,"height":200,"srcset":"https:\/\/i0.wp.com\/noticiasribeiraopreto.com.br\/wp-content\/uploads\/2025\/08\/trevao-ribeirao-preto_2024-09-12_17-08-13_jpeg_2024-09-12_17-08-13.webp.webp?fit=1200%2C652&ssl=1&resize=350%2C200 1x, https:\/\/i0.wp.com\/noticiasribeiraopreto.com.br\/wp-content\/uploads\/2025\/08\/trevao-ribeirao-preto_2024-09-12_17-08-13_jpeg_2024-09-12_17-08-13.webp.webp?fit=1200%2C652&ssl=1&resize=525%2C300 1.5x, https:\/\/i0.wp.com\/noticiasribeiraopreto.com.br\/wp-content\/uploads\/2025\/08\/trevao-ribeirao-preto_2024-09-12_17-08-13_jpeg_2024-09-12_17-08-13.webp.webp?fit=1200%2C652&ssl=1&resize=700%2C400 2x, https:\/\/i0.wp.com\/noticiasribeiraopreto.com.br\/wp-content\/uploads\/2025\/08\/trevao-ribeirao-preto_2024-09-12_17-08-13_jpeg_2024-09-12_17-08-13.webp.webp?fit=1200%2C652&ssl=1&resize=1050%2C600 3x"},"classes":[]},{"id":72422,"url":"https:\/\/noticiasribeiraopreto.com.br\/index.php\/2025\/06\/17\/camara-custa-r-7021-por-habitante\/","url_meta":{"origin":90783,"position":3},"title":"C\u00e2mara custa R$ 70,21 por habitante","author":"noticiasribeiraopreto.com.br","date":"17 de June de 2025","format":false,"excerpt":"Valor \u00e9 referente ao ano passado; despesa total passa de R$ 51 milh\u00f5es, segundo o Tribunal de Contas do Estado O custo per capta da C\u00e2mara de Vereadores de Ribeir\u00e3o Preto, entre janeiro e dezembro do ano passado, foi de R$ 70,21, segundo levantamento divulgado nesta segunda-feira, 16 de junho,\u2026","rel":"","context":"In &quot;Not\u00edcias de Ribeir\u00e3o Preto-SP e Regi\u00e3o&quot;","block_context":{"text":"Not\u00edcias de Ribeir\u00e3o Preto-SP e Regi\u00e3o","link":"https:\/\/noticiasribeiraopreto.com.br\/index.php\/category\/noticias-de-ribeirao-preto-sp-e-regiao-ismael-colosi\/"},"img":{"alt_text":"","src":"https:\/\/i0.wp.com\/noticiasribeiraopreto.com.br\/wp-content\/uploads\/2025\/06\/CamaraTCE-Alfredo-Risk-scaled.jpg?fit=750%2C500&ssl=1&resize=350%2C200","width":350,"height":200,"srcset":"https:\/\/i0.wp.com\/noticiasribeiraopreto.com.br\/wp-content\/uploads\/2025\/06\/CamaraTCE-Alfredo-Risk-scaled.jpg?fit=750%2C500&ssl=1&resize=350%2C200 1x, https:\/\/i0.wp.com\/noticiasribeiraopreto.com.br\/wp-content\/uploads\/2025\/06\/CamaraTCE-Alfredo-Risk-scaled.jpg?fit=750%2C500&ssl=1&resize=525%2C300 1.5x, https:\/\/i0.wp.com\/noticiasribeiraopreto.com.br\/wp-content\/uploads\/2025\/06\/CamaraTCE-Alfredo-Risk-scaled.jpg?fit=750%2C500&ssl=1&resize=700%2C400 2x"},"classes":[]},{"id":57348,"url":"https:\/\/noticiasribeiraopreto.com.br\/index.php\/2024\/08\/29\/veja-qual-a-populacao-de-ribeirao-preto-segundo-o-ibge\/","url_meta":{"origin":90783,"position":4},"title":"Veja qual a popula\u00e7\u00e3o de Ribeir\u00e3o Preto, segundo o IBGE","author":"noticiasribeiraopreto.com.br","date":"29 de August de 2024","format":false,"excerpt":"O IBGE (Instituto Brasileiro de Geografia e Estat\u00edstica) divulgou nesta quinta-feira (29) a popula\u00e7\u00e3o estimada do Brasil. Segundo o \u00f3rg\u00e3o, em 1\u00ba de julho de 2024 o pa\u00eds tinha uma popula\u00e7\u00e3o de 212,6 milh\u00f5es de habitantes. Ribeir\u00e3o Preto aparece em 11\u00ba entre os munic\u00edpios com mais de 500 mil habitantes,\u2026","rel":"","context":"In &quot;Not\u00edcias de Ribeir\u00e3o Preto-SP e Regi\u00e3o&quot;","block_context":{"text":"Not\u00edcias de Ribeir\u00e3o Preto-SP e Regi\u00e3o","link":"https:\/\/noticiasribeiraopreto.com.br\/index.php\/category\/noticias-de-ribeirao-preto-sp-e-regiao-ismael-colosi\/"},"img":{"alt_text":"","src":"https:\/\/i0.wp.com\/noticiasribeiraopreto.com.br\/wp-content\/uploads\/2024\/08\/PORTICO-FERNANDO-GONZAGA_2024-07-05_14-45-59_jpeg_2024-07-05_14-45-59.webp.webp?fit=1200%2C800&ssl=1&resize=350%2C200","width":350,"height":200,"srcset":"https:\/\/i0.wp.com\/noticiasribeiraopreto.com.br\/wp-content\/uploads\/2024\/08\/PORTICO-FERNANDO-GONZAGA_2024-07-05_14-45-59_jpeg_2024-07-05_14-45-59.webp.webp?fit=1200%2C800&ssl=1&resize=350%2C200 1x, https:\/\/i0.wp.com\/noticiasribeiraopreto.com.br\/wp-content\/uploads\/2024\/08\/PORTICO-FERNANDO-GONZAGA_2024-07-05_14-45-59_jpeg_2024-07-05_14-45-59.webp.webp?fit=1200%2C800&ssl=1&resize=525%2C300 1.5x, https:\/\/i0.wp.com\/noticiasribeiraopreto.com.br\/wp-content\/uploads\/2024\/08\/PORTICO-FERNANDO-GONZAGA_2024-07-05_14-45-59_jpeg_2024-07-05_14-45-59.webp.webp?fit=1200%2C800&ssl=1&resize=700%2C400 2x, https:\/\/i0.wp.com\/noticiasribeiraopreto.com.br\/wp-content\/uploads\/2024\/08\/PORTICO-FERNANDO-GONZAGA_2024-07-05_14-45-59_jpeg_2024-07-05_14-45-59.webp.webp?fit=1200%2C800&ssl=1&resize=1050%2C600 3x"},"classes":[]},{"id":55026,"url":"https:\/\/noticiasribeiraopreto.com.br\/index.php\/2024\/07\/27\/saiba-qual-a-cidade-da-regiao-de-ribeirao-preto-que-tera-mais-vereadores-por-habitantes\/","url_meta":{"origin":90783,"position":5},"title":"Saiba qual a cidade da regi\u00e3o de Ribeir\u00e3o Preto que ter\u00e1 mais vereadores por habitantes","author":"noticiasribeiraopreto.com.br","date":"27 de July de 2024","format":false,"excerpt":"Um levantamento feito pela EPTV apontou que Sert\u00e3ozinho, na regi\u00e3o de Ribeir\u00e3o Preto, ter\u00e1 um vereador para cada 6.678 habitantes, com isso, a cidade \u00e9 a que mais ter\u00e1 representantes no Legislativo, em compara\u00e7\u00e3o a outros munic\u00edpios com mais de 100 mil pessoas. Com 126.887 habitantes, de acordo como IBGE,\u2026","rel":"","context":"In &quot;Not\u00edcias de Ribeir\u00e3o Preto-SP e Regi\u00e3o&quot;","block_context":{"text":"Not\u00edcias de Ribeir\u00e3o Preto-SP e Regi\u00e3o","link":"https:\/\/noticiasribeiraopreto.com.br\/index.php\/category\/noticias-de-ribeirao-preto-sp-e-regiao-ismael-colosi\/"},"img":{"alt_text":"","src":"https:\/\/i0.wp.com\/noticiasribeiraopreto.com.br\/wp-content\/uploads\/2024\/07\/Copia-de-Copia-de-TAMANHO-EXATO-PARA-FOTOS-NO-SISTEMA-NOVO_2024-07-27_13-21-44_jpg_2024-07-27_13-21-44.webp.webp?fit=1200%2C675&ssl=1&resize=350%2C200","width":350,"height":200,"srcset":"https:\/\/i0.wp.com\/noticiasribeiraopreto.com.br\/wp-content\/uploads\/2024\/07\/Copia-de-Copia-de-TAMANHO-EXATO-PARA-FOTOS-NO-SISTEMA-NOVO_2024-07-27_13-21-44_jpg_2024-07-27_13-21-44.webp.webp?fit=1200%2C675&ssl=1&resize=350%2C200 1x, https:\/\/i0.wp.com\/noticiasribeiraopreto.com.br\/wp-content\/uploads\/2024\/07\/Copia-de-Copia-de-TAMANHO-EXATO-PARA-FOTOS-NO-SISTEMA-NOVO_2024-07-27_13-21-44_jpg_2024-07-27_13-21-44.webp.webp?fit=1200%2C675&ssl=1&resize=525%2C300 1.5x, https:\/\/i0.wp.com\/noticiasribeiraopreto.com.br\/wp-content\/uploads\/2024\/07\/Copia-de-Copia-de-TAMANHO-EXATO-PARA-FOTOS-NO-SISTEMA-NOVO_2024-07-27_13-21-44_jpg_2024-07-27_13-21-44.webp.webp?fit=1200%2C675&ssl=1&resize=700%2C400 2x, https:\/\/i0.wp.com\/noticiasribeiraopreto.com.br\/wp-content\/uploads\/2024\/07\/Copia-de-Copia-de-TAMANHO-EXATO-PARA-FOTOS-NO-SISTEMA-NOVO_2024-07-27_13-21-44_jpg_2024-07-27_13-21-44.webp.webp?fit=1200%2C675&ssl=1&resize=1050%2C600 3x"},"classes":[]}],"jetpack_sharing_enabled":true,"jetpack_shortlink":"https:\/\/wp.me\/peQAOb-nCf","jetpack_featured_media_url":"https:\/\/i0.wp.com\/noticiasribeiraopreto.com.br\/wp-content\/uploads\/2026\/08\/RiberPOP-Alfredo-Risk-scaled.jpg?fit=1170%2C780&ssl=1","_links":{"self":[{"href":"https:\/\/noticiasribeiraopreto.com.br\/index.php\/wp-json\/wp\/v2\/posts\/90783","targetHints":{"allow":["GET"]}}],"collection":[{"href":"https:\/\/noticiasribeiraopreto.com.br\/index.php\/wp-json\/wp\/v2\/posts"}],"about":[{"href":"https:\/\/noticiasribeiraopreto.com.br\/index.php\/wp-json\/wp\/v2\/types\/post"}],"author":[{"embeddable":true,"href":"https:\/\/noticiasribeiraopreto.com.br\/index.php\/wp-json\/wp\/v2\/users\/1"}],"replies":[{"embeddable":true,"href":"https:\/\/noticiasribeiraopreto.com.br\/index.php\/wp-json\/wp\/v2\/comments?post=90783"}],"version-history":[{"count":0,"href":"https:\/\/noticiasribeiraopreto.com.br\/index.php\/wp-json\/wp\/v2\/posts\/90783\/revisions"}],"wp:featuredmedia":[{"embeddable":true,"href":"https:\/\/noticiasribeiraopreto.com.br\/index.php\/wp-json\/wp\/v2\/media\/90784"}],"wp:attachment":[{"href":"https:\/\/noticiasribeiraopreto.com.br\/index.php\/wp-json\/wp\/v2\/media?parent=90783"}],"wp:term":[{"taxonomy":"category","embeddable":true,"href":"https:\/\/noticiasribeiraopreto.com.br\/index.php\/wp-json\/wp\/v2\/categories?post=90783"},{"taxonomy":"post_tag","embeddable":true,"href":"https:\/\/noticiasribeiraopreto.com.br\/index.php\/wp-json\/wp\/v2\/tags?post=90783"}],"curies":[{"name":"wp","href":"https:\/\/api.w.org\/{rel}","templated":true}]}}