{"id":90785,"date":"2026-08-31T01:00:56","date_gmt":"2026-08-31T04:00:56","guid":{"rendered":"https:\/\/noticiasribeiraopreto.com.br\/index.php\/2026\/08\/31\/fotos-ultimo-sabado-de-barretos-tem-gusttavo-lima-no-palco-ate-as-9h-da-manha\/"},"modified":"2026-08-31T01:00:56","modified_gmt":"2026-08-31T04:00:56","slug":"fotos-ultimo-sabado-de-barretos-tem-gusttavo-lima-no-palco-ate-as-9h-da-manha","status":"publish","type":"post","link":"https:\/\/noticiasribeiraopreto.com.br\/index.php\/2026\/08\/31\/fotos-ultimo-sabado-de-barretos-tem-gusttavo-lima-no-palco-ate-as-9h-da-manha\/","title":{"rendered":"FOTOS: \u00daltimo s\u00e1bado de Barretos tem Gusttavo Lima no palco at\u00e9 as 9h da manh\u00e3"},"content":{"rendered":"<div class='code-block code-block-1' style='margin: 8px 0 8px auto; text-align: right; display: block; clear: both;'>\n<p><a href=\"https:\/\/wa.link\/vpicfd\"><img data-recalc-dims=\"1\" class=\"wp-image-4922\" style=\"aspect-ratio: 2.0253164556962027; width: 561px; height: auto;\" src=\"https:\/\/i0.wp.com\/ismaelcolosi.com.br\/wp-content\/uploads\/2023\/11\/grupo-de-empregos-whatsapp-e-facebook-ismael-colosi-vagas.jpg?ssl=1\" alt=\"\" \/><\/a><\/p>\n<!-- \/wp:image -->\n<\/div>\n<p> <br \/>\n<\/p>\n<p>Com ingressos do Palco Est\u00e1dio esgotados, o \u00faltimo s\u00e1bado da 71\u00aa Festa do Pe\u00e3o de Barretos, 29 de agosto, foi marcado por encontros, grandes sucessos e momentos especiais.<\/p>\n<p>Leonardo abriu as apresenta\u00e7\u00f5es no Est\u00e1dio e fez o p\u00fablico cantar m\u00fasicas que atravessaram gera\u00e7\u00f5es. Com mais de quatro d\u00e9cadas de carreira, o artista apresentou sucessos como \u201cCora\u00e7\u00e3o Bandido\u201d, \u201cEu Juro\u201d e \u201cHorizonte Azul\u201d.<\/p>\n<div class=\"wp-block-rank-math-toc-block\" id=\"rank-math-toc\">\n<h2>Barret\u00e3o<\/h2>\n<nav>\n<ul>\n<li class=\"\">Embaixador encerra programa\u00e7\u00e3o do Est\u00e1dio<\/li>\n<li class=\"\">Palco Amanhecer atravessa a madrugada<\/li>\n<li class=\"\">Barret\u00e3o El\u00e9trico em ritmo de Carnaval<\/li>\n<\/ul>\n<\/nav>\n<\/div>\n<p>O cantor destacou a import\u00e2ncia de retornar \u00e0 Festa do Pe\u00e3o de Barretos e a rela\u00e7\u00e3o constru\u00edda com o evento ao longo de sua carreira.<\/p>\n<blockquote class=\"wp-block-quote is-layout-flow wp-block-quote-is-layout-flow\">\n<p><em>\u201cNingu\u00e9m est\u00e1 acostumado a cantar em Barretos. \u00c9 a maior festa de rodeio do Brasil, da Am\u00e9rica Latina e uma das maiores do mundo. Para n\u00f3s, que temos mais de 40 anos de carreira, \u00e9 uma alegria e gratid\u00e3o muito grande poder voltar praticamente todos os anos a Barretos\u201d, <\/em>afirmou<em>.<\/em><\/p>\n<\/blockquote>\n<div class=\"wp-block-image\">\n<figure class=\"aligncenter size-large\"><figcaption class=\"wp-element-caption\">Legenda: Leonardo apresentou sucessos que marcaram suas mais de quatro d\u00e9cadas de carreira no Palco Est\u00e1dio (Foto: Thais Ministro)<\/figcaption><\/figure>\n<\/div>\n<p class=\"has-text-align-center has-small-font-size\"><em>Receba not\u00edcias do\u00a0<strong>acidade on Ribeir\u00e3o\u00a0<\/strong>no WhatsApp e fique por dentro de tudo! Basta acessar o link<a href=\"https:\/\/chat.whatsapp.com\/DfXwcjKVIddHUT3BvnQuPZ?mode=hqctshi\" target=\"_blank\" rel=\"noreferrer noopener\">\u00a0aqui<\/a>!<\/em><\/p>\n<p>Na sequ\u00eancia, Jo\u00e3o Bosco &amp; Vin\u00edcius levaram ao Est\u00e1dio can\u00e7\u00f5es que ajudaram a construir a hist\u00f3ria do sertanejo universit\u00e1rio. A apresenta\u00e7\u00e3o teve um significado especial para os artistas, que completaram 19 anos de participa\u00e7\u00e3o na Festa e escolheram Barretos para a grava\u00e7\u00e3o do projeto audiovisual \u201cJo\u00e3o Bosco &amp; Vin\u00edcius \u2014 Ao Vivo em Barretos: A Voz de uma Gera\u00e7\u00e3o\u201d.<\/p>\n<blockquote class=\"wp-block-quote is-layout-flow wp-block-quote-is-layout-flow\">\n<p><em>\u201cHoje \u00e9 uma data muito especial para n\u00f3s. Este \u00e9 o nosso 19\u00ba ano na Festa do Pe\u00e3o de Barretos, sendo 15 deles dentro da arena. Depois de tantas experi\u00eancias e momentos que vivemos aqui, estar novamente no palco, ao lado de Gusttavo Lima e Leonardo, \u00e9 uma verdadeira coroa\u00e7\u00e3o da nossa trajet\u00f3ria. Por isso, decidimos registrar esse momento e transformar o show de hoje nesse projeto. \u00c9 algo que vai ficar para o resto das nossas vidas\u201d, <\/em>destacou a dupla.<\/p>\n<\/blockquote>\n<h2 class=\"wp-block-heading\" id=\"embaixador-encerra-programacao-do-estadio\">Embaixador encerra programa\u00e7\u00e3o do Est\u00e1dio<\/h2>\n<p>Gusttavo Lima, Embaixador da 71\u00aa edi\u00e7\u00e3o da Festa do Pe\u00e3o de Barretos, encerrou a programa\u00e7\u00e3o do Palco Est\u00e1dio com sua segunda apresenta\u00e7\u00e3o no evento neste ano.<\/p>\n<p>Com um repert\u00f3rio repleto de hits, o cantor fez cinco horas de show na arena e seguiu at\u00e9 as 9h da manh\u00e3, quando encerrou a apresenta\u00e7\u00e3o. O artista tamb\u00e9m falou sobre o significado de Barretos em sua carreira.<\/p>\n<blockquote class=\"wp-block-quote is-layout-flow wp-block-quote-is-layout-flow\">\n<p><em>\u201cEu acho que o sonho de qualquer artista \u00e9 pisar nesse palco, estar dentro dessa festa que \u00e9 refer\u00eancia mundial. A gente sabe o tamanho que Barretos tem no nosso segmento, no sertanejo, no agro. E eu sou mais um desses artistas que Barretos fez ser m\u00e1gico\u201d<\/em>, afirmou.<\/p>\n<\/blockquote>\n<div class=\"wp-block-image\">\n<figure class=\"aligncenter size-large\"><img data-recalc-dims=\"1\" loading=\"lazy\" decoding=\"async\" width=\"1024\" height=\"684\" src=\"https:\/\/i0.wp.com\/www.acidadeon.com\/ribeiraopreto\/wp-content\/uploads\/sites\/3\/2026\/08\/WhatsApp-Image-2026-08-30-at-09.48.54-1024x684.jpeg?resize=1024%2C684&#038;ssl=1\" alt=\"WhatsApp Image 2026 08 30 at 09.48.54\" class=\"wp-image-172954\" title=\"FOTOS: \u00daltimo s\u00e1bado de Barretos tem Gusttavo Lima no palco at\u00e9 as 9h da manh\u00e3 29\"><figcaption class=\"wp-element-caption\">Gusttavo Lima fez seu segundo show na 71\u00aa Festa do Pe\u00e3o de Barretos e levou a apresenta\u00e7\u00e3o at\u00e9 o amanhecer (Foto: Thais Ministro)<\/figcaption><\/figure>\n<\/div>\n<p>O artista tamb\u00e9m relembrou as dificuldades enfrentadas no in\u00edcio da carreira e as mudan\u00e7as vividas ao longo de quase duas d\u00e9cadas de estrada.<\/p>\n<blockquote class=\"wp-block-quote is-layout-flow wp-block-quote-is-layout-flow\">\n<p>\u201c<em>Eu nunca imaginei na minha vida que eu viria a Barretos, quem dir\u00e1 cantando. A gente n\u00e3o tinha condi\u00e7\u00e3o nem de sair da ro\u00e7a. Ent\u00e3o, s\u00e3o essas situa\u00e7\u00f5es que realmente enchem o nosso cora\u00e7\u00e3o de gratid\u00e3o. Quando a gente olha para o retrovisor da gratid\u00e3o, v\u00ea uma caminhada que foi t\u00e3o grande e, ao mesmo tempo, t\u00e3o maravilhosa\u201d<\/em>, contou.<\/p>\n<\/blockquote>\n<p>O segundo show de Gusttavo Lima no Barret\u00e3o teve ainda participa\u00e7\u00f5es especiais de Calcinha Preta, Jo\u00e3o Bosco &amp; Vin\u00edcius, Priscila Senna, Diego &amp; Victor Hugo.<\/p>\n<h2 class=\"wp-block-heading\" id=\"palco-amanhecer-atravessa-a-madrugada\">Palco Amanhecer atravessa a madrugada<\/h2>\n<p>No Palco Amanhecer, a programa\u00e7\u00e3o seguiu madrugada adentro com artistas de diferentes estilos e gera\u00e7\u00f5es.<\/p>\n<p>Michel Tel\u00f3 levou seus grandes sucessos ao p\u00fablico e relembrou uma data especial: h\u00e1 exatamente 17 anos, tamb\u00e9m durante a Festa de Barretos, realizava seu primeiro show em carreira solo.<\/p>\n<blockquote class=\"wp-block-quote is-layout-flow wp-block-quote-is-layout-flow\">\n<p><em>\u201cHoje \u00e9 um dia muito especial para mim. Exatamente nesta data, h\u00e1 17 anos, eu vinha para a Festa de Barretos fazer o meu primeiro show em carreira solo. Ent\u00e3o, hoje foi um show especial, poder relembrar esse primeiro momento, esse recome\u00e7o\u201d, <\/em>destacou<em>.<\/em><\/p>\n<\/blockquote>\n<p>O espa\u00e7o tamb\u00e9m recebeu Danilo &amp; Davi, Luan Pereira, L\u00e9o &amp; Raphael e Fiduma &amp; Jeca.<\/p>\n<p>A programa\u00e7\u00e3o ganhou ainda o forr\u00f3 do Calcinha Preta, que levou ao Barret\u00e3o m\u00fasicas que marcaram a hist\u00f3ria do grupo.<\/p>\n<div class=\"wp-block-image\">\n<figure class=\"aligncenter size-large\"><img data-recalc-dims=\"1\" loading=\"lazy\" decoding=\"async\" width=\"1024\" height=\"683\" src=\"https:\/\/i0.wp.com\/www.acidadeon.com\/ribeiraopreto\/wp-content\/uploads\/sites\/3\/2026\/08\/WhatsApp-Image-2026-08-30-at-09.48.54-2-1024x683.jpeg?resize=1024%2C683&#038;ssl=1\" alt=\"WhatsApp Image 2026 08 30 at 09.48.54 2\" class=\"wp-image-172952\" title=\"FOTOS: \u00daltimo s\u00e1bado de Barretos tem Gusttavo Lima no palco at\u00e9 as 9h da manh\u00e3 30\"><figcaption class=\"wp-element-caption\">Michel Tel\u00f3 cantou sucessos do \u00e1lbum Sertanejinho do Tel\u00f3 durante sua apresenta\u00e7\u00e3o no Palco Amanhecer (Foto: RT_Imagens)<\/figcaption><\/figure>\n<\/div>\n<h2 class=\"wp-block-heading\" id=\"barretao-eletrico-em-ritmo-de-carnaval\"><strong>Barret\u00e3o El\u00e9trico em ritmo de Carnaval<\/strong><\/h2>\n<p>O Chiclete com Banana levou a m\u00fasica para as ruas do Parque do Pe\u00e3o no Barret\u00e3o El\u00e9trico. Ao som de sucessos que atravessam gera\u00e7\u00f5es, o grupo comandou o trio el\u00e9trico e transformou o percurso em uma grande celebra\u00e7\u00e3o a c\u00e9u aberto, em clima de Carnaval.<\/p>\n<p>Programa\u00e7\u00e3o de domingo, 30 de agosto<br \/>O \u00faltimo dia da 71\u00aa Festa do Pe\u00e3o de Barretos ter\u00e1 Queima do Alho e as finais das competi\u00e7\u00f5es esportivas.<\/p>\n<p>A programa\u00e7\u00e3o come\u00e7a \u00e0s 12h, com a Queima do Alho. As disputas esportivas t\u00eam in\u00edcio \u00e0s 14h, com a final do Rodeio Junior, e seguem ao longo do dia. Uma das decis\u00f5es mais aguardadas ser\u00e1 a das montarias em touros pelo Barretos International Rodeo, prevista para come\u00e7ar \u00e0s 21h15.<\/p>\n<p class=\"has-text-align-center has-small-font-size\"><em>Fa\u00e7a uma den\u00fancia ou sugira uma reportagem sobre\u00a0<strong>Ribeir\u00e3o Preto\u00a0<\/strong>e regi\u00e3o por meio do WhatsApp do\u00a0<strong>acidade on Ribeir\u00e3o<\/strong>: (16) 99117-7802.<\/em><\/p>\n<hr class=\"wp-block-separator has-alpha-channel-opacity\">\n<p>O post FOTOS: \u00daltimo s\u00e1bado de Barretos tem Gusttavo Lima no palco at\u00e9 as 9h da manh\u00e3 apareceu primeiro em ACidade ON Ribeir\u00e3o Preto.<\/p>\n<p><br \/>\n<br \/><a href=\"https:\/\/www.acidadeon.com\/ribeiraopreto\/lazer-e-cultura\/festa-do-peao-de-barretos\/fotos-ultimo-sabado-de-barretos-tem-gusttavo-lima-no-palco-ate-as-9h-da-manha\/\">Link para o texto original aqui <\/a><\/p>\n<!-- CONTENT END 1 -->\n","protected":false},"excerpt":{"rendered":"<p>Com ingressos do Palco Est\u00e1dio esgotados, o \u00faltimo s\u00e1bado da 71\u00aa Festa do Pe\u00e3o de Barretos, 29 de agosto, foi marcado por encontros, grandes sucessos&#8230;<\/p>\n","protected":false},"author":1,"featured_media":90786,"comment_status":"","ping_status":"","sticky":false,"template":"","format":"standard","meta":{"advanced_seo_description":"","jetpack_seo_html_title":"","jetpack_seo_noindex":false,"jetpack_seo_schema_type":"","_jetpack_newsletter_access":"","_jetpack_dont_email_post_to_subs":false,"_jetpack_newsletter_tier_id":0,"_jetpack_memberships_contains_paywalled_content":false,"_jetpack_feature_clip_id":0,"_jetpack_memberships_contains_paid_content":false,"footnotes":"","jetpack_publicize_message":"","jetpack_publicize_feature_enabled":true,"jetpack_social_post_already_shared":true,"jetpack_social_options":{"image_generator_settings":{"template":"highway","default_image_id":0,"font":"","enabled":false},"version":2},"jetpack_post_was_ever_published":false},"categories":[11],"tags":[103,3023,1315,5481,3974,6946,2650,264,162,1977],"class_list":["post-90785","post","type-post","status-publish","format-standard","has-post-thumbnail","hentry","category-noticias-de-ribeirao-preto-sp-e-regiao-ismael-colosi","tag-ate","tag-barretos","tag-fotos","tag-gusttavo","tag-lima","tag-manha","tag-palco","tag-sabado","tag-tem","tag-ultimo"],"jetpack_publicize_connections":[],"jetpack-related-posts":[{"id":90458,"url":"https:\/\/noticiasribeiraopreto.com.br\/index.php\/2026\/08\/23\/com-arena-lotada-gusttavo-lima-se-emociona-em-retorno-triunfal-como-embaixador-em-barretos-veja-destaques\/","url_meta":{"origin":90785,"position":0},"title":"Com arena lotada, Gusttavo Lima se emociona em retorno triunfal como embaixador em Barretos; veja destaques","author":"noticiasribeiraopreto.com.br","date":"23 de August de 2026","format":false,"excerpt":"O s\u00e1bado (22) de shows na Festa do Pe\u00e3o de Barretos reservou um dos momentos mais aguardados desta edi\u00e7\u00e3o: o retorno de Gusttavo Lima ao principal palco do sertanejo brasileiro. Embaixador da edi\u00e7\u00e3o de 2026 da festa, o cantor estava ausente desde 2023 e atraiu uma multid\u00e3o na Arena. Al\u00e9m\u2026","rel":"","context":"In &quot;Not\u00edcias de Ribeir\u00e3o Preto-SP e Regi\u00e3o&quot;","block_context":{"text":"Not\u00edcias de Ribeir\u00e3o Preto-SP e Regi\u00e3o","link":"https:\/\/noticiasribeiraopreto.com.br\/index.php\/category\/noticias-de-ribeirao-preto-sp-e-regiao-ismael-colosi\/"},"img":{"alt_text":"","src":"https:\/\/i0.wp.com\/noticiasribeiraopreto.com.br\/wp-content\/uploads\/2026\/08\/WhatsApp-Image-2026-08-23-at-06.18.27.jpeg?fit=1200%2C801&ssl=1&resize=350%2C200","width":350,"height":200,"srcset":"https:\/\/i0.wp.com\/noticiasribeiraopreto.com.br\/wp-content\/uploads\/2026\/08\/WhatsApp-Image-2026-08-23-at-06.18.27.jpeg?fit=1200%2C801&ssl=1&resize=350%2C200 1x, https:\/\/i0.wp.com\/noticiasribeiraopreto.com.br\/wp-content\/uploads\/2026\/08\/WhatsApp-Image-2026-08-23-at-06.18.27.jpeg?fit=1200%2C801&ssl=1&resize=525%2C300 1.5x, https:\/\/i0.wp.com\/noticiasribeiraopreto.com.br\/wp-content\/uploads\/2026\/08\/WhatsApp-Image-2026-08-23-at-06.18.27.jpeg?fit=1200%2C801&ssl=1&resize=700%2C400 2x, https:\/\/i0.wp.com\/noticiasribeiraopreto.com.br\/wp-content\/uploads\/2026\/08\/WhatsApp-Image-2026-08-23-at-06.18.27.jpeg?fit=1200%2C801&ssl=1&resize=1050%2C600 3x"},"classes":[]},{"id":90371,"url":"https:\/\/noticiasribeiraopreto.com.br\/index.php\/2026\/08\/21\/ana-castela-invade-show-de-matheus-kauan-e-canta-no-palco-em-barretos-veja-fotos\/","url_meta":{"origin":90785,"position":1},"title":"Ana Castela invade show de Matheus &amp; Kauan e canta no palco em Barretos; veja fotos","author":"noticiasribeiraopreto.com.br","date":"21 de August de 2026","format":false,"excerpt":"Ana Castela surpreendeu o p\u00fablico da Festa do Pe\u00e3o de Barretos ao invadir o show de Matheus & Kauan na madrugada desta sexta-feira (21). A cantora subiu ao palco do Est\u00e1dio de Rodeios e chegou a cantar deitada durante a participa\u00e7\u00e3o. Al\u00e9m da dupla de irm\u00e3os, Panda tamb\u00e9m se apresentou\u2026","rel":"","context":"In &quot;Not\u00edcias de Ribeir\u00e3o Preto-SP e Regi\u00e3o&quot;","block_context":{"text":"Not\u00edcias de Ribeir\u00e3o Preto-SP e Regi\u00e3o","link":"https:\/\/noticiasribeiraopreto.com.br\/index.php\/category\/noticias-de-ribeirao-preto-sp-e-regiao-ismael-colosi\/"},"img":{"alt_text":"","src":"https:\/\/i0.wp.com\/noticiasribeiraopreto.com.br\/wp-content\/uploads\/2026\/08\/WhatsApp-Image-2026-08-21-at-03.51.23-3.jpeg?fit=1200%2C675&ssl=1&resize=350%2C200","width":350,"height":200,"srcset":"https:\/\/i0.wp.com\/noticiasribeiraopreto.com.br\/wp-content\/uploads\/2026\/08\/WhatsApp-Image-2026-08-21-at-03.51.23-3.jpeg?fit=1200%2C675&ssl=1&resize=350%2C200 1x, https:\/\/i0.wp.com\/noticiasribeiraopreto.com.br\/wp-content\/uploads\/2026\/08\/WhatsApp-Image-2026-08-21-at-03.51.23-3.jpeg?fit=1200%2C675&ssl=1&resize=525%2C300 1.5x, https:\/\/i0.wp.com\/noticiasribeiraopreto.com.br\/wp-content\/uploads\/2026\/08\/WhatsApp-Image-2026-08-21-at-03.51.23-3.jpeg?fit=1200%2C675&ssl=1&resize=700%2C400 2x, https:\/\/i0.wp.com\/noticiasribeiraopreto.com.br\/wp-content\/uploads\/2026\/08\/WhatsApp-Image-2026-08-21-at-03.51.23-3.jpeg?fit=1200%2C675&ssl=1&resize=1050%2C600 3x"},"classes":[]},{"id":90367,"url":"https:\/\/noticiasribeiraopreto.com.br\/index.php\/2026\/08\/21\/panda-e-matheus-kauan-abrem-shows-da-festa-do-peao-de-barretos-com-arena-lotada-e-surpresa-de-ana-castela-veja-destaque\/","url_meta":{"origin":90785,"position":2},"title":"Panda e Matheus &amp; Kauan abrem shows da Festa do Pe\u00e3o de Barretos com arena lotada e surpresa de Ana Castela; veja destaques","author":"noticiasribeiraopreto.com.br","date":"21 de August de 2026","format":false,"excerpt":"Com o Parque do Pe\u00e3o lotado, Panda e Matheus & Kauan abriram, na noite desta quinta-feira (20), a programa\u00e7\u00e3o de shows da 71\u00aa Festa do Pe\u00e3o de Barretos, em Barretos. Panda foi o primeiro a subir ao Palco Est\u00e1dio e fez sua estreia solo na principal arena da festa. Em\u2026","rel":"","context":"In &quot;Not\u00edcias de Ribeir\u00e3o Preto-SP e Regi\u00e3o&quot;","block_context":{"text":"Not\u00edcias de Ribeir\u00e3o Preto-SP e Regi\u00e3o","link":"https:\/\/noticiasribeiraopreto.com.br\/index.php\/category\/noticias-de-ribeirao-preto-sp-e-regiao-ismael-colosi\/"},"img":{"alt_text":"","src":"https:\/\/i0.wp.com\/noticiasribeiraopreto.com.br\/wp-content\/uploads\/2026\/08\/foto-44.png?fit=1200%2C675&ssl=1&resize=350%2C200","width":350,"height":200,"srcset":"https:\/\/i0.wp.com\/noticiasribeiraopreto.com.br\/wp-content\/uploads\/2026\/08\/foto-44.png?fit=1200%2C675&ssl=1&resize=350%2C200 1x, https:\/\/i0.wp.com\/noticiasribeiraopreto.com.br\/wp-content\/uploads\/2026\/08\/foto-44.png?fit=1200%2C675&ssl=1&resize=525%2C300 1.5x, https:\/\/i0.wp.com\/noticiasribeiraopreto.com.br\/wp-content\/uploads\/2026\/08\/foto-44.png?fit=1200%2C675&ssl=1&resize=700%2C400 2x, https:\/\/i0.wp.com\/noticiasribeiraopreto.com.br\/wp-content\/uploads\/2026\/08\/foto-44.png?fit=1200%2C675&ssl=1&resize=1050%2C600 3x"},"classes":[]},{"id":86827,"url":"https:\/\/noticiasribeiraopreto.com.br\/index.php\/2026\/06\/22\/gusttavo-lima-anuncia-cavalgada-durante-a-festa-do-peao-de-barretos\/","url_meta":{"origin":90785,"position":3},"title":"Gusttavo Lima anuncia cavalgada durante a Festa do Pe\u00e3o de Barretos","author":"noticiasribeiraopreto.com.br","date":"22 de June de 2026","format":false,"excerpt":"O cantor Gusttavo Lima, embaixador da 71\u00aa Festa do Pe\u00e3o de Barretos, anunciou mais uma edi\u00e7\u00e3o da \u201cCavalgada do Embaixador\u201d. O evento acontece no dia 25 de agosto, em Barretos, durante a programa\u00e7\u00e3o do maior rodeio da Am\u00e9rica Latina. A primeira edi\u00e7\u00e3o da cavalgada aconteceu em abril deste ano, em\u2026","rel":"","context":"In &quot;Not\u00edcias de Ribeir\u00e3o Preto-SP e Regi\u00e3o&quot;","block_context":{"text":"Not\u00edcias de Ribeir\u00e3o Preto-SP e Regi\u00e3o","link":"https:\/\/noticiasribeiraopreto.com.br\/index.php\/category\/noticias-de-ribeirao-preto-sp-e-regiao-ismael-colosi\/"},"img":{"alt_text":"","src":"https:\/\/i0.wp.com\/noticiasribeiraopreto.com.br\/wp-content\/uploads\/2026\/06\/cavalgada-do-embaixador-2_2026-06-22_14-00-26.webp.webp?fit=1200%2C675&ssl=1&resize=350%2C200","width":350,"height":200,"srcset":"https:\/\/i0.wp.com\/noticiasribeiraopreto.com.br\/wp-content\/uploads\/2026\/06\/cavalgada-do-embaixador-2_2026-06-22_14-00-26.webp.webp?fit=1200%2C675&ssl=1&resize=350%2C200 1x, https:\/\/i0.wp.com\/noticiasribeiraopreto.com.br\/wp-content\/uploads\/2026\/06\/cavalgada-do-embaixador-2_2026-06-22_14-00-26.webp.webp?fit=1200%2C675&ssl=1&resize=525%2C300 1.5x, https:\/\/i0.wp.com\/noticiasribeiraopreto.com.br\/wp-content\/uploads\/2026\/06\/cavalgada-do-embaixador-2_2026-06-22_14-00-26.webp.webp?fit=1200%2C675&ssl=1&resize=700%2C400 2x, https:\/\/i0.wp.com\/noticiasribeiraopreto.com.br\/wp-content\/uploads\/2026\/06\/cavalgada-do-embaixador-2_2026-06-22_14-00-26.webp.webp?fit=1200%2C675&ssl=1&resize=1050%2C600 3x"},"classes":[]},{"id":90742,"url":"https:\/\/noticiasribeiraopreto.com.br\/index.php\/2026\/08\/28\/fotos-bruno-marrone-gustavo-mioto-e-rionegro-solimoes-comandam-a-quinta-feira-na-festa-do-peao-de-barretos\/","url_meta":{"origin":90785,"position":4},"title":"FOTOS: Bruno &amp; Marrone, Gustavo Mioto e Rionegro &amp; Solim\u00f5es comandam a quinta-feira na Festa do Pe\u00e3o de Barretos","author":"noticiasribeiraopreto.com.br","date":"28 de August de 2026","format":false,"excerpt":"A \u00faltima quinta-feira da 71\u00aa edi\u00e7\u00e3o da Festa do Pe\u00e3o de Barretos teve grandes nomes da m\u00fasica sertaneja. Bruno & Marrone, Gustavo Mioto e Rionegro & Solim\u00f5es comandaram os shows no Palco Est\u00e1dio \u2013 veja as fotos abaixo. Veja a galeria de fotos Festa do Pe\u00e3o de Barretos, na noite\u2026","rel":"","context":"In &quot;Not\u00edcias de Ribeir\u00e3o Preto-SP e Regi\u00e3o&quot;","block_context":{"text":"Not\u00edcias de Ribeir\u00e3o Preto-SP e Regi\u00e3o","link":"https:\/\/noticiasribeiraopreto.com.br\/index.php\/category\/noticias-de-ribeirao-preto-sp-e-regiao-ismael-colosi\/"},"img":{"alt_text":"","src":"https:\/\/i0.wp.com\/noticiasribeiraopreto.com.br\/wp-content\/uploads\/2026\/08\/festa-peao-barretos-13.jpeg?fit=1200%2C800&ssl=1&resize=350%2C200","width":350,"height":200,"srcset":"https:\/\/i0.wp.com\/noticiasribeiraopreto.com.br\/wp-content\/uploads\/2026\/08\/festa-peao-barretos-13.jpeg?fit=1200%2C800&ssl=1&resize=350%2C200 1x, https:\/\/i0.wp.com\/noticiasribeiraopreto.com.br\/wp-content\/uploads\/2026\/08\/festa-peao-barretos-13.jpeg?fit=1200%2C800&ssl=1&resize=525%2C300 1.5x, https:\/\/i0.wp.com\/noticiasribeiraopreto.com.br\/wp-content\/uploads\/2026\/08\/festa-peao-barretos-13.jpeg?fit=1200%2C800&ssl=1&resize=700%2C400 2x, https:\/\/i0.wp.com\/noticiasribeiraopreto.com.br\/wp-content\/uploads\/2026\/08\/festa-peao-barretos-13.jpeg?fit=1200%2C800&ssl=1&resize=1050%2C600 3x"},"classes":[]},{"id":90504,"url":"https:\/\/noticiasribeiraopreto.com.br\/index.php\/2026\/08\/24\/sertanejo-romantico-encerra-primeiro-fim-de-semana-da-festa-do-peao-de-barretos-veja-destaques\/","url_meta":{"origin":90785,"position":5},"title":"Sertanejo rom\u00e2ntico encerra primeiro fim de semana da Festa do Pe\u00e3o de Barretos; veja destaques","author":"noticiasribeiraopreto.com.br","date":"24 de August de 2026","format":false,"excerpt":"A programa\u00e7\u00e3o do primeiro fim de semana da Festa do Pe\u00e3o de Barretos terminou neste domingo (23) ao som do sertanejo rom\u00e2ntico. Ap\u00f3s tr\u00eas noites dominadas por artistas da nova gera\u00e7\u00e3o, nomes do forr\u00f3 e fen\u00f4menos da m\u00fasica atual, Matogrosso & Mathias e Edson & Hudson subiram ao palco da\u2026","rel":"","context":"In &quot;Not\u00edcias de Ribeir\u00e3o Preto-SP e Regi\u00e3o&quot;","block_context":{"text":"Not\u00edcias de Ribeir\u00e3o Preto-SP e Regi\u00e3o","link":"https:\/\/noticiasribeiraopreto.com.br\/index.php\/category\/noticias-de-ribeirao-preto-sp-e-regiao-ismael-colosi\/"},"img":{"alt_text":"","src":"https:\/\/i0.wp.com\/noticiasribeiraopreto.com.br\/wp-content\/uploads\/2026\/08\/foto-49.png?fit=1200%2C675&ssl=1&resize=350%2C200","width":350,"height":200,"srcset":"https:\/\/i0.wp.com\/noticiasribeiraopreto.com.br\/wp-content\/uploads\/2026\/08\/foto-49.png?fit=1200%2C675&ssl=1&resize=350%2C200 1x, https:\/\/i0.wp.com\/noticiasribeiraopreto.com.br\/wp-content\/uploads\/2026\/08\/foto-49.png?fit=1200%2C675&ssl=1&resize=525%2C300 1.5x, https:\/\/i0.wp.com\/noticiasribeiraopreto.com.br\/wp-content\/uploads\/2026\/08\/foto-49.png?fit=1200%2C675&ssl=1&resize=700%2C400 2x, https:\/\/i0.wp.com\/noticiasribeiraopreto.com.br\/wp-content\/uploads\/2026\/08\/foto-49.png?fit=1200%2C675&ssl=1&resize=1050%2C600 3x"},"classes":[]}],"jetpack_sharing_enabled":true,"jetpack_shortlink":"https:\/\/wp.me\/peQAOb-nCh","jetpack_featured_media_url":"https:\/\/i0.wp.com\/noticiasribeiraopreto.com.br\/wp-content\/uploads\/2026\/08\/barretao.jpg?fit=1200%2C675&ssl=1","_links":{"self":[{"href":"https:\/\/noticiasribeiraopreto.com.br\/index.php\/wp-json\/wp\/v2\/posts\/90785","targetHints":{"allow":["GET"]}}],"collection":[{"href":"https:\/\/noticiasribeiraopreto.com.br\/index.php\/wp-json\/wp\/v2\/posts"}],"about":[{"href":"https:\/\/noticiasribeiraopreto.com.br\/index.php\/wp-json\/wp\/v2\/types\/post"}],"author":[{"embeddable":true,"href":"https:\/\/noticiasribeiraopreto.com.br\/index.php\/wp-json\/wp\/v2\/users\/1"}],"replies":[{"embeddable":true,"href":"https:\/\/noticiasribeiraopreto.com.br\/index.php\/wp-json\/wp\/v2\/comments?post=90785"}],"version-history":[{"count":0,"href":"https:\/\/noticiasribeiraopreto.com.br\/index.php\/wp-json\/wp\/v2\/posts\/90785\/revisions"}],"wp:featuredmedia":[{"embeddable":true,"href":"https:\/\/noticiasribeiraopreto.com.br\/index.php\/wp-json\/wp\/v2\/media\/90786"}],"wp:attachment":[{"href":"https:\/\/noticiasribeiraopreto.com.br\/index.php\/wp-json\/wp\/v2\/media?parent=90785"}],"wp:term":[{"taxonomy":"category","embeddable":true,"href":"https:\/\/noticiasribeiraopreto.com.br\/index.php\/wp-json\/wp\/v2\/categories?post=90785"},{"taxonomy":"post_tag","embeddable":true,"href":"https:\/\/noticiasribeiraopreto.com.br\/index.php\/wp-json\/wp\/v2\/tags?post=90785"}],"curies":[{"name":"wp","href":"https:\/\/api.w.org\/{rel}","templated":true}]}}