{"id":90787,"date":"2026-08-31T01:05:02","date_gmt":"2026-08-31T04:05:02","guid":{"rendered":"https:\/\/noticiasribeiraopreto.com.br\/index.php\/2026\/08\/31\/ribeirao-preto-tem-domingo-de-calor-de-ate-35c-antes-de-frente-fria-chegar\/"},"modified":"2026-08-31T01:05:02","modified_gmt":"2026-08-31T04:05:02","slug":"ribeirao-preto-tem-domingo-de-calor-de-ate-35c-antes-de-frente-fria-chegar","status":"publish","type":"post","link":"https:\/\/noticiasribeiraopreto.com.br\/index.php\/2026\/08\/31\/ribeirao-preto-tem-domingo-de-calor-de-ate-35c-antes-de-frente-fria-chegar\/","title":{"rendered":"Ribeir\u00e3o Preto tem domingo de calor de at\u00e9 35\u00b0C antes de frente fria chegar"},"content":{"rendered":"<div class='code-block code-block-1' style='margin: 8px 0 8px auto; text-align: right; display: block; clear: both;'>\n<p><a href=\"https:\/\/wa.link\/vpicfd\"><img data-recalc-dims=\"1\" class=\"wp-image-4922\" style=\"aspect-ratio: 2.0253164556962027; width: 561px; height: auto;\" src=\"https:\/\/i0.wp.com\/ismaelcolosi.com.br\/wp-content\/uploads\/2023\/11\/grupo-de-empregos-whatsapp-e-facebook-ismael-colosi-vagas.jpg?ssl=1\" alt=\"\" \/><\/a><\/p>\n<!-- \/wp:image -->\n<\/div>\n<p> <br \/>\n<\/p>\n<p><strong>Ribeir\u00e3o Preto tem um domingo de calor intenso<\/strong>, com <strong>sol predominante e poucas nuvens<\/strong> ao longo de todo o dia. Segundo dados da Climatempo, a temperatura m\u00e1xima chega entre 34\u00b0C e 35\u00b0C, com m\u00ednima em torno de 21\u00b0C, sem previs\u00e3o de chuva.<\/p>\n<p>O tempo permanece est\u00e1vel durante toda a tarde, com predom\u00ednio de sol e nebulosidade baixa. A umidade relativa do ar tende a cair para n\u00edveis moderados a baixos no per\u00edodo mais quente.<\/p>\n<figure class=\"wp-block-gallery has-nested-images columns-default is-cropped wp-block-gallery-5 is-layout-flex wp-block-gallery-is-layout-flex\">\n<figure class=\"wp-block-image size-large\"><figcaption class=\"wp-element-caption\">) (Foto: reprodu\u00e7\u00e3o\/Magnific)<\/figcaption><\/figure>\n<figure class=\"wp-block-image size-large\"><img data-recalc-dims=\"1\" loading=\"lazy\" decoding=\"async\" width=\"1024\" height=\"765\" data-id=\"108077\" src=\"https:\/\/i0.wp.com\/www.acidadeon.com\/ribeiraopreto\/wp-content\/uploads\/sites\/3\/2025\/02\/sol-ribeirao_2025-02-16_12-32-40_jpg_2025-02-16_12-32-40-1024x765.webp?resize=1024%2C765&#038;ssl=1\" alt=\"Calor volta a ganhar for\u00e7a no estado de S\u00e3o Paulo nos pr\u00f3ximos dias - Foto: Leonardo Santos.\" class=\"wp-image-108077\" title=\"Ribeir\u00e3o Preto tem domingo de calor de at\u00e9 35\u00b0C antes de frente fria chegar 32\"><figcaption class=\"wp-element-caption\">Foto: Leonardo Santos.<\/figcaption><\/figure>\n<\/figure>\n<p class=\"has-text-align-center has-small-font-size\"><em>Receba not\u00edcias do\u00a0<strong>acidade on Ribeir\u00e3o\u00a0<\/strong>no WhatsApp e fique por dentro de tudo! Basta acessar o link<a href=\"https:\/\/chat.whatsapp.com\/DfXwcjKVIddHUT3BvnQuPZ?mode=hqctshi\" target=\"_blank\" rel=\"noreferrer noopener\">\u00a0aqui<\/a>!<\/em><\/p>\n<h2 class=\"wp-block-heading\">Frente fria se aproxima de Ribeir\u00e3o <\/h2>\n<p>O calor de hoje tem os dias contados. A previs\u00e3o indica manuten\u00e7\u00e3o das altas temperaturas na segunda-feira, com m\u00e1xima pr\u00f3xima de 34\u00b0C, mas o cen\u00e1rio muda de forma abrupta na ter\u00e7a-feira, quando uma frente fria deve atingir a regi\u00e3o. <\/p>\n<p>A m\u00e1xima despenca para cerca de 22\u00b0C e a probabilidade de chuva sobe para cerca de 75%, tornando a ter\u00e7a o dia mais inst\u00e1vel da semana.<\/p>\n<div class=\"wp-block-image\">\n<figure class=\"aligncenter size-large\"><img data-recalc-dims=\"1\" loading=\"lazy\" decoding=\"async\" width=\"1024\" height=\"576\" src=\"https:\/\/i0.wp.com\/www.acidadeon.com\/ribeiraopreto\/wp-content\/uploads\/sites\/3\/2026\/08\/previsao-do-tempo-ribeirao-preto-1024x576.jpg?resize=1024%2C576&#038;ssl=1\" alt=\"Cavado muda o tempo e aumenta as chances de chuva no interior de SP - Foto: V\u00edtor Neves.\" class=\"wp-image-172406\" title=\"Ribeir\u00e3o Preto tem domingo de calor de at\u00e9 35\u00b0C antes de frente fria chegar 33\"><figcaption class=\"wp-element-caption\"> Foto: V\u00edtor Neves.<\/figcaption><\/figure>\n<\/div>\n<hr class=\"wp-block-separator has-alpha-channel-opacity\">\n<p class=\"has-text-align-center has-small-font-size\"><em>Fa\u00e7a uma den\u00fancia ou sugira uma reportagem sobre\u00a0<strong>Ribeir\u00e3o Preto\u00a0<\/strong>e regi\u00e3o por meio do WhatsApp do\u00a0<strong>acidade on Ribeir\u00e3o<\/strong>: (16) 99117-7802.<\/em><\/p>\n<h2 class=\"wp-block-heading\"><mark class=\"has-inline-color has-white-color\">calor<\/mark><\/h2>\n<p>O post Ribeir\u00e3o Preto tem domingo de calor de at\u00e9 35\u00b0C antes de frente fria chegar apareceu primeiro em ACidade ON Ribeir\u00e3o Preto.<\/p>\n<p><br \/>\n<br \/><a href=\"https:\/\/www.acidadeon.com\/ribeiraopreto\/cotidiano\/ribeirao-preto-tem-domingo-de-calor-de-ate-35c-antes-de-frente-fria-chegar\/\">Link para o texto original aqui <\/a><\/p>\n<!-- CONTENT END 1 -->\n","protected":false},"excerpt":{"rendered":"<p>Ribeir\u00e3o Preto tem um domingo de calor intenso, com sol predominante e poucas nuvens ao longo de todo o dia. Segundo dados da Climatempo, a&#8230;<\/p>\n","protected":false},"author":1,"featured_media":88379,"comment_status":"","ping_status":"","sticky":false,"template":"","format":"standard","meta":{"advanced_seo_description":"","jetpack_seo_html_title":"","jetpack_seo_noindex":false,"jetpack_seo_schema_type":"","_jetpack_newsletter_access":"","_jetpack_dont_email_post_to_subs":false,"_jetpack_newsletter_tier_id":0,"_jetpack_memberships_contains_paywalled_content":false,"_jetpack_feature_clip_id":0,"_jetpack_memberships_contains_paid_content":false,"footnotes":"","jetpack_publicize_message":"","jetpack_publicize_feature_enabled":true,"jetpack_social_post_already_shared":true,"jetpack_social_options":{"image_generator_settings":{"template":"highway","default_image_id":0,"font":"","enabled":false},"version":2},"jetpack_post_was_ever_published":false},"categories":[11],"tags":[8446,6875,103,834,3447,338,490,491,27,26,162],"class_list":["post-90787","post","type-post","status-publish","format-standard","has-post-thumbnail","hentry","category-noticias-de-ribeirao-preto-sp-e-regiao-ismael-colosi","tag-35c","tag-antes","tag-ate","tag-calor","tag-chegar","tag-domingo","tag-frente","tag-fria","tag-preto","tag-ribeirao","tag-tem"],"jetpack_publicize_connections":[],"jetpack-related-posts":[{"id":64353,"url":"https:\/\/noticiasribeiraopreto.com.br\/index.php\/2025\/03\/07\/antes-de-frente-fria-interior-de-sp-tem-fim-de-semana-de-calor-e-chuva-isolada-veja-previsao\/","url_meta":{"origin":90787,"position":0},"title":"Antes de frente fria, interior de SP tem fim de semana de calor e chuva isolada; Veja previs\u00e3o","author":"noticiasribeiraopreto.com.br","date":"7 de March de 2025","format":false,"excerpt":"O fim de semana deve ser com sol e temperaturas elevadas, com possibilidade de pancadas isoladas de chuva nas regi\u00f5es de Ribeir\u00e3o Preto, S\u00e3o Carlos e Campinas. A onda de calor termina no pr\u00f3ximo domingo (9) e uma frente deve avan\u00e7ar pela costa do Sudeste. Segundo a Climatempo, a regi\u00e3o\u2026","rel":"","context":"In &quot;Not\u00edcias de Ribeir\u00e3o Preto-SP e Regi\u00e3o&quot;","block_context":{"text":"Not\u00edcias de Ribeir\u00e3o Preto-SP e Regi\u00e3o","link":"https:\/\/noticiasribeiraopreto.com.br\/index.php\/category\/noticias-de-ribeirao-preto-sp-e-regiao-ismael-colosi\/"},"img":{"alt_text":"","src":"https:\/\/i0.wp.com\/noticiasribeiraopreto.com.br\/wp-content\/uploads\/2025\/03\/WhatsApp-Image-2025-03-06-at-23.39.26_2025-03-07_10-09-54_jpeg_2025-03-07_10-09-54.webp.webp?fit=1200%2C569&ssl=1&resize=350%2C200","width":350,"height":200,"srcset":"https:\/\/i0.wp.com\/noticiasribeiraopreto.com.br\/wp-content\/uploads\/2025\/03\/WhatsApp-Image-2025-03-06-at-23.39.26_2025-03-07_10-09-54_jpeg_2025-03-07_10-09-54.webp.webp?fit=1200%2C569&ssl=1&resize=350%2C200 1x, https:\/\/i0.wp.com\/noticiasribeiraopreto.com.br\/wp-content\/uploads\/2025\/03\/WhatsApp-Image-2025-03-06-at-23.39.26_2025-03-07_10-09-54_jpeg_2025-03-07_10-09-54.webp.webp?fit=1200%2C569&ssl=1&resize=525%2C300 1.5x, https:\/\/i0.wp.com\/noticiasribeiraopreto.com.br\/wp-content\/uploads\/2025\/03\/WhatsApp-Image-2025-03-06-at-23.39.26_2025-03-07_10-09-54_jpeg_2025-03-07_10-09-54.webp.webp?fit=1200%2C569&ssl=1&resize=700%2C400 2x, https:\/\/i0.wp.com\/noticiasribeiraopreto.com.br\/wp-content\/uploads\/2025\/03\/WhatsApp-Image-2025-03-06-at-23.39.26_2025-03-07_10-09-54_jpeg_2025-03-07_10-09-54.webp.webp?fit=1200%2C569&ssl=1&resize=1050%2C600 3x"},"classes":[]},{"id":64181,"url":"https:\/\/noticiasribeiraopreto.com.br\/index.php\/2025\/03\/04\/frente-fria-tem-data-para-chegar-em-sp-veja-previsao\/","url_meta":{"origin":90787,"position":1},"title":"Frente fria tem data para chegar em SP; Veja previs\u00e3o","author":"noticiasribeiraopreto.com.br","date":"4 de March de 2025","format":false,"excerpt":"Em nova atualiza\u00e7\u00e3o, os meteorologistas indicam que a onda de calor que afeta v\u00e1rios estados brasileiros, deve continuar at\u00e9 o pr\u00f3ximo domingo (9). Embora os pr\u00f3ximos dias sejam de temperaturas acima da m\u00e9dia, o Cepagri (Centro de Pesquisas Meteorol\u00f3gicas e Clim\u00e1ticas Aplicadas \u00e0 Agricultura) da Unicamp indica a possibilidade da\u2026","rel":"","context":"In &quot;Not\u00edcias de Ribeir\u00e3o Preto-SP e Regi\u00e3o&quot;","block_context":{"text":"Not\u00edcias de Ribeir\u00e3o Preto-SP e Regi\u00e3o","link":"https:\/\/noticiasribeiraopreto.com.br\/index.php\/category\/noticias-de-ribeirao-preto-sp-e-regiao-ismael-colosi\/"},"img":{"alt_text":"","src":"https:\/\/noticiasribeiraopreto.com.br\/wp-content\/uploads\/2025\/03\/whatsapp_image_2022-08-12_at_06_48_27.jpe","width":350,"height":200,"srcset":"https:\/\/noticiasribeiraopreto.com.br\/wp-content\/uploads\/2025\/03\/whatsapp_image_2022-08-12_at_06_48_27.jpe 1x, https:\/\/noticiasribeiraopreto.com.br\/wp-content\/uploads\/2025\/03\/whatsapp_image_2022-08-12_at_06_48_27.jpe 1.5x, https:\/\/noticiasribeiraopreto.com.br\/wp-content\/uploads\/2025\/03\/whatsapp_image_2022-08-12_at_06_48_27.jpe 2x, https:\/\/noticiasribeiraopreto.com.br\/wp-content\/uploads\/2025\/03\/whatsapp_image_2022-08-12_at_06_48_27.jpe 3x"},"classes":[]},{"id":77549,"url":"https:\/\/noticiasribeiraopreto.com.br\/index.php\/2025\/09\/21\/antes-da-frente-fria-domingo-tem-sol-e-ventania-em-ribeirao-preto-video\/","url_meta":{"origin":90787,"position":2},"title":"Antes da frente fria, domingo tem sol e ventania em Ribeir\u00e3o Preto; V\u00eddeo","author":"noticiasribeiraopreto.com.br","date":"21 de September de 2025","format":false,"excerpt":"O domingo (21), \u00faltimo dia do inverno 2025, tem sol e rajadas de vento em Ribeir\u00e3o Preto. A Climatempo diz que hoje deve ser um dia com muito calor na regi\u00e3o, que tamb\u00e9m est\u00e1 associado ao efeito pr\u00e9-frontal por causa de uma frente fria. Em Ribeir\u00e3o Preto, a m\u00e1xima \u00e9\u2026","rel":"","context":"In &quot;Not\u00edcias de Ribeir\u00e3o Preto-SP e Regi\u00e3o&quot;","block_context":{"text":"Not\u00edcias de Ribeir\u00e3o Preto-SP e Regi\u00e3o","link":"https:\/\/noticiasribeiraopreto.com.br\/index.php\/category\/noticias-de-ribeirao-preto-sp-e-regiao-ismael-colosi\/"},"img":{"alt_text":"","src":"https:\/\/i0.wp.com\/noticiasribeiraopreto.com.br\/wp-content\/uploads\/2025\/09\/WhatsApp-Image-2025-09-21-at-09.53.08_2025-09-21_12-57-20.webp.webp?fit=1200%2C553&ssl=1&resize=350%2C200","width":350,"height":200,"srcset":"https:\/\/i0.wp.com\/noticiasribeiraopreto.com.br\/wp-content\/uploads\/2025\/09\/WhatsApp-Image-2025-09-21-at-09.53.08_2025-09-21_12-57-20.webp.webp?fit=1200%2C553&ssl=1&resize=350%2C200 1x, https:\/\/i0.wp.com\/noticiasribeiraopreto.com.br\/wp-content\/uploads\/2025\/09\/WhatsApp-Image-2025-09-21-at-09.53.08_2025-09-21_12-57-20.webp.webp?fit=1200%2C553&ssl=1&resize=525%2C300 1.5x, https:\/\/i0.wp.com\/noticiasribeiraopreto.com.br\/wp-content\/uploads\/2025\/09\/WhatsApp-Image-2025-09-21-at-09.53.08_2025-09-21_12-57-20.webp.webp?fit=1200%2C553&ssl=1&resize=700%2C400 2x, https:\/\/i0.wp.com\/noticiasribeiraopreto.com.br\/wp-content\/uploads\/2025\/09\/WhatsApp-Image-2025-09-21-at-09.53.08_2025-09-21_12-57-20.webp.webp?fit=1200%2C553&ssl=1&resize=1050%2C600 3x"},"classes":[]},{"id":90733,"url":"https:\/\/noticiasribeiraopreto.com.br\/index.php\/2026\/08\/28\/calorao-com-os-dias-contados-frente-fria-avanca-e-atinge-ribeirao-preto\/","url_meta":{"origin":90787,"position":3},"title":"Calor\u00e3o com os dias contados? Frente fria avan\u00e7a e atinge interior de SP; veja quando","author":"noticiasribeiraopreto.com.br","date":"28 de August de 2026","format":false,"excerpt":"O calor\u00e3o ganha for\u00e7a nesse final de semana, e Ribeir\u00e3o Preto pode se aproximar dos 40\u00baC nos pr\u00f3ximos dias, antes da chegada de uma nova frente fria na pr\u00f3xima semana. Nesta sexta-feira (28), o dia ser\u00e1 de sol, com aumento de nuvens a partir da tarde, mas sem chances de\u2026","rel":"","context":"In &quot;Not\u00edcias de Ribeir\u00e3o Preto-SP e Regi\u00e3o&quot;","block_context":{"text":"Not\u00edcias de Ribeir\u00e3o Preto-SP e Regi\u00e3o","link":"https:\/\/noticiasribeiraopreto.com.br\/index.php\/category\/noticias-de-ribeirao-preto-sp-e-regiao-ismael-colosi\/"},"img":{"alt_text":"","src":"https:\/\/i0.wp.com\/noticiasribeiraopreto.com.br\/wp-content\/uploads\/2026\/06\/previsao-tempo-ceu-azul_2026-05-02_12-14-39.webp.webp?fit=1200%2C900&ssl=1&resize=350%2C200","width":350,"height":200,"srcset":"https:\/\/i0.wp.com\/noticiasribeiraopreto.com.br\/wp-content\/uploads\/2026\/06\/previsao-tempo-ceu-azul_2026-05-02_12-14-39.webp.webp?fit=1200%2C900&ssl=1&resize=350%2C200 1x, https:\/\/i0.wp.com\/noticiasribeiraopreto.com.br\/wp-content\/uploads\/2026\/06\/previsao-tempo-ceu-azul_2026-05-02_12-14-39.webp.webp?fit=1200%2C900&ssl=1&resize=525%2C300 1.5x, https:\/\/i0.wp.com\/noticiasribeiraopreto.com.br\/wp-content\/uploads\/2026\/06\/previsao-tempo-ceu-azul_2026-05-02_12-14-39.webp.webp?fit=1200%2C900&ssl=1&resize=700%2C400 2x, https:\/\/i0.wp.com\/noticiasribeiraopreto.com.br\/wp-content\/uploads\/2026\/06\/previsao-tempo-ceu-azul_2026-05-02_12-14-39.webp.webp?fit=1200%2C900&ssl=1&resize=1050%2C600 3x"},"classes":[]},{"id":47523,"url":"https:\/\/noticiasribeiraopreto.com.br\/index.php\/2024\/04\/26\/frente-fria-chega-ao-litoral-e-interior-de-sp-segue-com-calor-veja-a-previsao\/","url_meta":{"origin":90787,"position":4},"title":"Frente fria chega ao litoral e interior de SP segue com calor; Veja a previs\u00e3o","author":"noticiasribeiraopreto.com.br","date":"26 de April de 2024","format":false,"excerpt":"Uma frente fria chegou ao litoral na \u00faltima quarta-feira (24) e uma nova se aproxima no pr\u00f3ximo final de semana. Contudo, n\u00e3o deve afetar o interior de S\u00e3o Paulo que continua com o calor nos pr\u00f3ximos dias. De acordo com a Climatempo, o ar seco vai predominar sobre o estado\u2026","rel":"","context":"In &quot;Not\u00edcias de Ribeir\u00e3o Preto-SP e Regi\u00e3o&quot;","block_context":{"text":"Not\u00edcias de Ribeir\u00e3o Preto-SP e Regi\u00e3o","link":"https:\/\/noticiasribeiraopreto.com.br\/index.php\/category\/noticias-de-ribeirao-preto-sp-e-regiao-ismael-colosi\/"},"img":{"alt_text":"","src":"https:\/\/i0.wp.com\/noticiasribeiraopreto.com.br\/wp-content\/uploads\/2024\/04\/WhatsApp-Image-2024-02-28-at-08.48.57.jpeg?fit=1200%2C900&ssl=1&resize=350%2C200","width":350,"height":200,"srcset":"https:\/\/i0.wp.com\/noticiasribeiraopreto.com.br\/wp-content\/uploads\/2024\/04\/WhatsApp-Image-2024-02-28-at-08.48.57.jpeg?fit=1200%2C900&ssl=1&resize=350%2C200 1x, https:\/\/i0.wp.com\/noticiasribeiraopreto.com.br\/wp-content\/uploads\/2024\/04\/WhatsApp-Image-2024-02-28-at-08.48.57.jpeg?fit=1200%2C900&ssl=1&resize=525%2C300 1.5x, https:\/\/i0.wp.com\/noticiasribeiraopreto.com.br\/wp-content\/uploads\/2024\/04\/WhatsApp-Image-2024-02-28-at-08.48.57.jpeg?fit=1200%2C900&ssl=1&resize=700%2C400 2x, https:\/\/i0.wp.com\/noticiasribeiraopreto.com.br\/wp-content\/uploads\/2024\/04\/WhatsApp-Image-2024-02-28-at-08.48.57.jpeg?fit=1200%2C900&ssl=1&resize=1050%2C600 3x"},"classes":[]},{"id":57017,"url":"https:\/\/noticiasribeiraopreto.com.br\/index.php\/2024\/08\/21\/antes-de-frente-fria-interior-de-sp-deve-registrar-pico-de-calor-saiba-quando\/","url_meta":{"origin":90787,"position":5},"title":"Antes de\u00a0frente fria, interior de SP deve registrar pico de calor; Saiba quando","author":"noticiasribeiraopreto.com.br","date":"21 de August de 2024","format":false,"excerpt":"As temperaturas seguem extremas antes de uma frente fria prevista para avan\u00e7a pelo Brasil a partir desta quinta-feira (22). Segundo a Climatempo, esta nova frente fria tem caracter\u00edstica continental, est\u00e1 associada a um ciclone extratropical no mar e tem expectativa de trazer chuva e derrubar as temperaturas no Centro-Sul. \u201cA\u2026","rel":"","context":"In &quot;Not\u00edcias de Ribeir\u00e3o Preto-SP e Regi\u00e3o&quot;","block_context":{"text":"Not\u00edcias de Ribeir\u00e3o Preto-SP e Regi\u00e3o","link":"https:\/\/noticiasribeiraopreto.com.br\/index.php\/category\/noticias-de-ribeirao-preto-sp-e-regiao-ismael-colosi\/"},"img":{"alt_text":"","src":"https:\/\/i0.wp.com\/noticiasribeiraopreto.com.br\/wp-content\/uploads\/2024\/08\/WhatsApp-Image-2024-08-21-at-07.21.47_2024-08-21_10-22-33_jpeg_2024-08-21_10-22-34.webp.webp?fit=1200%2C647&ssl=1&resize=350%2C200","width":350,"height":200,"srcset":"https:\/\/i0.wp.com\/noticiasribeiraopreto.com.br\/wp-content\/uploads\/2024\/08\/WhatsApp-Image-2024-08-21-at-07.21.47_2024-08-21_10-22-33_jpeg_2024-08-21_10-22-34.webp.webp?fit=1200%2C647&ssl=1&resize=350%2C200 1x, https:\/\/i0.wp.com\/noticiasribeiraopreto.com.br\/wp-content\/uploads\/2024\/08\/WhatsApp-Image-2024-08-21-at-07.21.47_2024-08-21_10-22-33_jpeg_2024-08-21_10-22-34.webp.webp?fit=1200%2C647&ssl=1&resize=525%2C300 1.5x, https:\/\/i0.wp.com\/noticiasribeiraopreto.com.br\/wp-content\/uploads\/2024\/08\/WhatsApp-Image-2024-08-21-at-07.21.47_2024-08-21_10-22-33_jpeg_2024-08-21_10-22-34.webp.webp?fit=1200%2C647&ssl=1&resize=700%2C400 2x, https:\/\/i0.wp.com\/noticiasribeiraopreto.com.br\/wp-content\/uploads\/2024\/08\/WhatsApp-Image-2024-08-21-at-07.21.47_2024-08-21_10-22-33_jpeg_2024-08-21_10-22-34.webp.webp?fit=1200%2C647&ssl=1&resize=1050%2C600 3x"},"classes":[]}],"jetpack_sharing_enabled":true,"jetpack_shortlink":"https:\/\/wp.me\/peQAOb-nCj","jetpack_featured_media_url":"https:\/\/i0.wp.com\/noticiasribeiraopreto.com.br\/wp-content\/uploads\/2026\/07\/calor-2_2024-10-08_20-08-44_jpeg_2024-10-08_20-08-44-1024x683.webp.webp?fit=1024%2C683&ssl=1","_links":{"self":[{"href":"https:\/\/noticiasribeiraopreto.com.br\/index.php\/wp-json\/wp\/v2\/posts\/90787","targetHints":{"allow":["GET"]}}],"collection":[{"href":"https:\/\/noticiasribeiraopreto.com.br\/index.php\/wp-json\/wp\/v2\/posts"}],"about":[{"href":"https:\/\/noticiasribeiraopreto.com.br\/index.php\/wp-json\/wp\/v2\/types\/post"}],"author":[{"embeddable":true,"href":"https:\/\/noticiasribeiraopreto.com.br\/index.php\/wp-json\/wp\/v2\/users\/1"}],"replies":[{"embeddable":true,"href":"https:\/\/noticiasribeiraopreto.com.br\/index.php\/wp-json\/wp\/v2\/comments?post=90787"}],"version-history":[{"count":0,"href":"https:\/\/noticiasribeiraopreto.com.br\/index.php\/wp-json\/wp\/v2\/posts\/90787\/revisions"}],"wp:featuredmedia":[{"embeddable":true,"href":"https:\/\/noticiasribeiraopreto.com.br\/index.php\/wp-json\/wp\/v2\/media\/88379"}],"wp:attachment":[{"href":"https:\/\/noticiasribeiraopreto.com.br\/index.php\/wp-json\/wp\/v2\/media?parent=90787"}],"wp:term":[{"taxonomy":"category","embeddable":true,"href":"https:\/\/noticiasribeiraopreto.com.br\/index.php\/wp-json\/wp\/v2\/categories?post=90787"},{"taxonomy":"post_tag","embeddable":true,"href":"https:\/\/noticiasribeiraopreto.com.br\/index.php\/wp-json\/wp\/v2\/tags?post=90787"}],"curies":[{"name":"wp","href":"https:\/\/api.w.org\/{rel}","templated":true}]}}