{"id":90788,"date":"2026-08-31T02:23:22","date_gmt":"2026-08-31T05:23:22","guid":{"rendered":"https:\/\/noticiasribeiraopreto.com.br\/index.php\/2026\/08\/31\/neymar-e-decisivo-santos-derrota-o-corinthians-em-itaquera\/"},"modified":"2026-08-31T02:23:22","modified_gmt":"2026-08-31T05:23:22","slug":"neymar-e-decisivo-santos-derrota-o-corinthians-em-itaquera","status":"publish","type":"post","link":"https:\/\/noticiasribeiraopreto.com.br\/index.php\/2026\/08\/31\/neymar-e-decisivo-santos-derrota-o-corinthians-em-itaquera\/","title":{"rendered":"Neymar \u00e9 decisivo, Santos derrota o Corinthians em Itaquera"},"content":{"rendered":"<div class='code-block code-block-1' style='margin: 8px 0 8px auto; text-align: right; display: block; clear: both;'>\n<p><a href=\"https:\/\/wa.link\/vpicfd\"><img data-recalc-dims=\"1\" class=\"wp-image-4922\" style=\"aspect-ratio: 2.0253164556962027; width: 561px; height: auto;\" src=\"https:\/\/i0.wp.com\/ismaelcolosi.com.br\/wp-content\/uploads\/2023\/11\/grupo-de-empregos-whatsapp-e-facebook-ismael-colosi-vagas.jpg?ssl=1\" alt=\"\" \/><\/a><\/p>\n<!-- \/wp:image -->\n<\/div>\n<p> <br \/>\n<\/p>\n<div>\n<p>Por Marcos Antomil<\/p>\n<p>O cl\u00e1ssico entre Corinthians e Santos ganhou um cap\u00edtulo a parte pela presen\u00e7a de Memphis Depay e Neymar em campo. Neste domingo, na Neo Qu\u00edmica Arena, o craque do Santos se deu melhor e foi determinante no lance que garantiu a vit\u00f3ria do time da Baixada por 1 a 0 pela 25\u00aa rodada do Campeonato Brasileiro.<\/p>\n<p>Em uma semana marcada por quadro gripal e pol\u00eamica sobre aus\u00eancia no cl\u00e1ssico com o Palmeiras pela Copa do Brasil, Neymar prevaleceu em campo diante de um recorde de p\u00fablico na temporada na arena corintiana. O camisa 10 santista esteve em campo ao longo dos 90 minutos e cobrou a falta que deu origem ao gol de Oliva. J\u00e1 Memphis desperdi\u00e7ou as chances que teve.<\/p>\n<p>O resultado leva o Santos a uma invencibilidade de tr\u00eas jogos e ao 29\u00ba ponto no Brasileir\u00e3o. A dist\u00e2ncia para a zona de rebaixamento ainda \u00e9 curta e preocupa. O Corinthians fica estagnado com 32 pontos.<\/p>\n<p>O Santos se mostrou combativo na marca\u00e7\u00e3o, buscando recuperar a posse de bola e armar lances ofensivos em velocidade. Foi assim que o placar quase foi aberto. Gabigol chegou a marcar em um contra-ataque, mas o gol foi anulado por impedimento. O Corinthians arriscou finaliza\u00e7\u00f5es de longa dist\u00e2ncia para testar Braz\u00e3o, enquanto mostrava um futebol mais propositivo. Pelas caracter\u00edsticas que o jogo apresentava, se via mais de Memphis do que de Neymar em campo.<\/p>\n<p>At\u00e9 que o Santos transformou um percal\u00e7o em um desfecho positivo Aos 23, Gustavinho sentiu uma les\u00e3o na coxa e teve de ser substitu\u00eddo por Oliva. Dez minutos mais tarde, o Santos conseguiu armar um ataque e Bontempo foi derrubado. O \u00e1rbitro assinalou a falta frontal ao gol. Neymar, ent\u00e3o, partiu para a cobran\u00e7a, acertou a trave e, no rebote, Oliva empurrou para a rede, inaugurando o marcador em favor da equipe da Baixada.<\/p>\n<p>Depois do gol, o Santos se sentiu mais \u00e0 vontade em campo. O Corinthians diminuiu o ritmo e deixou de atacar na mesma frequ\u00eancia.<\/p>\n<p>O primeiro tempo foi tenso. Wilton Pereira Sampaio distribuiu seis amarelos. Os tr\u00eas \u00faltimos vieram ap\u00f3s Neymar sofrer uma falta dura de Rodrigo Garro. Ver\u00edssimo e Raniele armaram uma confus\u00e3o com empurr\u00f5es, e a arbitragem interviu aplicando cart\u00f5es.<\/p>\n<p>Preocupado com o resultado, o Corinthians voltou para o segundo tempo e se postou no campo ofensivo, ensaiando uma blitz. Memphis chegou a ter duas boas chances. Na primeira, foi bloqueado. Na vez seguinte, isolou. O holand\u00eas prop\u00f4s se movimentar por outros setores, se deslocou ora pelas beiradas ora recuando para ajudar a construir os lances, especialmente ap\u00f3s a entrada de Pedro Raul na vaga de Alan.<\/p>\n<p>O n\u00edvel de agressividade das duas equipes tamb\u00e9m diminuiu, mas houve pol\u00eamica na parte final. Primeiramente, uma reclama\u00e7\u00e3o do Santos para um eventual segundo cart\u00e3o amarelo para Raniele em falta cometida em Escobar. O \u00e1rbitro optou por nada marcar. Mais tarde, os torcedores corintianos protestaram ap\u00f3s Kaio C\u00e9sar cruzar, a bola tocar na barriga de Luan Peres e depois no bra\u00e7o do atleta. Novamente, nada foi assinalado.<\/p>\n<p>Na reta final, a pressa corintiana contrastou com a calma santista. Os jogadores do Santos tentaram acelerar os ponteiros do rel\u00f3gio desacelerando o ritmo do duelo, segurando a posse de bola quando poss\u00edvel. O Corinthians abusou das tentativas de cruzamento at\u00e9 o apito final, com frequentemente cinco ou seis jogadores na grande \u00e1rea.<\/p>\n<p>FICHA T\u00c9CNICA<\/p>\n<p>CORINTHIANS 0 x 1 SANTOS<\/p>\n<p>CORINTHIANS \u2013 Hugo Souza; Matheuzinho, Gustavo Henrique, Gabriel Paulista e Matheus Bidu; Raniele (Matheus Pereira), Alan (Pedro Raul) e Rodrigo Garro; Kaio C\u00e9sar, Memphis Depay e Dieguinho (Gui Neg\u00e3o). T\u00e9cnico: Fernando Diniz.<\/p>\n<p>SANTOS \u2013 Gabriel Braz\u00e3o; Igor Vin\u00edcius, Lucas Ver\u00edssimo, Luan Peres e Escobar; Willian Ar\u00e3o, Gustavinho (Oliva) e Gabriel Bontempo (Rony); Barreal (Davizinho), Gabigol (Rollheiser) e Neymar. T\u00e9cnico: Cuca.<\/p>\n<p>GOL \u2013 Oliva, aos 33 minutos do primeiro tempo.<\/p>\n<p>CART\u00d5ES AMARELOS \u2013 Gabriel Paulista, Rodrigo Garro, Raniele, Lucas Ver\u00edssimo, Willian Ar\u00e3o e Barreal.<\/p>\n<p>\u00c1RBITRO \u2013 Wilton Pereira Sampaio (GO).<\/p>\n<p>P\u00daBLICO \u2013 47.496 presentes.<\/p>\n<p>RENDA \u2013 R$ 3.284.703,18.<\/p>\n<p>LOCAL \u2013 Neo Qu\u00edmica Arena, em S\u00e3o Paulo.<\/p>\n<div style=\"background-color: #f4f4f5; border: 1px solid #d4d4d8; padding: 15px; margin: 20px 0; border-radius: 6px; font-family: sans-serif; line-height: 1.5;\">\n    <span style=\"color: #27272a;\">Inscreva-se em nosso Canal no Whatsapp e fique por dentro de tudo que acontece na regi\u00e3o. <\/span><br \/>\n    <a href=\"https:\/\/whatsapp.com\/channel\/0029VanuE2o7z4kYjo0XVS3u\" target=\"_blank\" rel=\"noopener noreferrer\" style=\"color: #16a34a; font-weight: bold; text-decoration: underline;\">Clique Aqui!<\/a>\n<\/div>\n<\/div>\n<p><br \/>\n<br \/><a href=\"https:\/\/www.tribunaribeirao.com.br\/neymar-e-decisivo-santos-derrota-o-corinthians-em-itaquera\/\">Texto original daqui <\/a><\/p>\n<!-- CONTENT END 1 -->\n","protected":false},"excerpt":{"rendered":"<p>Por Marcos Antomil O cl\u00e1ssico entre Corinthians e Santos ganhou um cap\u00edtulo a parte pela presen\u00e7a de Memphis Depay e Neymar em campo. Neste domingo,&#8230;<\/p>\n","protected":false},"author":1,"featured_media":90789,"comment_status":"","ping_status":"","sticky":false,"template":"","format":"standard","meta":{"advanced_seo_description":"","jetpack_seo_html_title":"","jetpack_seo_noindex":false,"jetpack_seo_schema_type":"","_jetpack_newsletter_access":"","_jetpack_dont_email_post_to_subs":false,"_jetpack_newsletter_tier_id":0,"_jetpack_memberships_contains_paywalled_content":false,"_jetpack_feature_clip_id":0,"_jetpack_memberships_contains_paid_content":false,"footnotes":"","jetpack_publicize_message":"","jetpack_publicize_feature_enabled":true,"jetpack_social_post_already_shared":true,"jetpack_social_options":{"image_generator_settings":{"template":"highway","default_image_id":0,"font":"","enabled":false},"version":2},"jetpack_post_was_ever_published":false},"categories":[11],"tags":[1723,8823,2999,5731,4175,1349],"class_list":["post-90788","post","type-post","status-publish","format-standard","has-post-thumbnail","hentry","category-noticias-de-ribeirao-preto-sp-e-regiao-ismael-colosi","tag-corinthians","tag-decisivo","tag-derrota","tag-itaquera","tag-neymar","tag-santos"],"jetpack_publicize_connections":[],"jetpack-related-posts":[{"id":90761,"url":"https:\/\/noticiasribeiraopreto.com.br\/index.php\/2026\/08\/31\/corinthians-encara-santos-pelo-campeonato-brasileiro\/","url_meta":{"origin":90788,"position":0},"title":"Corinthians encara Santos pelo Campeonato Brasileiro","author":"noticiasribeiraopreto.com.br","date":"31 de August de 2026","format":false,"excerpt":"Por Hugo Luque O Corinthians recebe o Santos neste domingo (30), \u00e0s 16h, na Neo Qu\u00edmica Arena, pela 25\u00aa rodada do Campeonato Brasileiro. Na \u201cpausa\u201d dos mata-matas, as equipes voltam a olhar para os pontos corridos, ainda que com metas distintas. O Tim\u00e3o iniciou a rodada na d\u00e9cima coloca\u00e7\u00e3o com\u2026","rel":"","context":"In &quot;Not\u00edcias de Ribeir\u00e3o Preto-SP e Regi\u00e3o&quot;","block_context":{"text":"Not\u00edcias de Ribeir\u00e3o Preto-SP e Regi\u00e3o","link":"https:\/\/noticiasribeiraopreto.com.br\/index.php\/category\/noticias-de-ribeirao-preto-sp-e-regiao-ismael-colosi\/"},"img":{"alt_text":"","src":"https:\/\/i0.wp.com\/noticiasribeiraopreto.com.br\/wp-content\/uploads\/2026\/08\/2-classico-Foto-02-Rodrigo-Coca_Ag.-Corinthians-scaled.jpg?fit=1011%2C780&ssl=1&resize=350%2C200","width":350,"height":200,"srcset":"https:\/\/i0.wp.com\/noticiasribeiraopreto.com.br\/wp-content\/uploads\/2026\/08\/2-classico-Foto-02-Rodrigo-Coca_Ag.-Corinthians-scaled.jpg?fit=1011%2C780&ssl=1&resize=350%2C200 1x, https:\/\/i0.wp.com\/noticiasribeiraopreto.com.br\/wp-content\/uploads\/2026\/08\/2-classico-Foto-02-Rodrigo-Coca_Ag.-Corinthians-scaled.jpg?fit=1011%2C780&ssl=1&resize=525%2C300 1.5x, https:\/\/i0.wp.com\/noticiasribeiraopreto.com.br\/wp-content\/uploads\/2026\/08\/2-classico-Foto-02-Rodrigo-Coca_Ag.-Corinthians-scaled.jpg?fit=1011%2C780&ssl=1&resize=700%2C400 2x"},"classes":[]},{"id":62910,"url":"https:\/\/noticiasribeiraopreto.com.br\/index.php\/2025\/01\/28\/neymar-deve-reestrear-pelo-santos-contra-o-botafogo-entenda\/","url_meta":{"origin":90788,"position":1},"title":"Neymar deve reestrear pelo Santos contra o Botafogo; Entenda","author":"noticiasribeiraopreto.com.br","date":"28 de January de 2025","format":false,"excerpt":"Pr\u00f3ximo de ser anunciado pelo Santos, o craque Neymar deve fazer a reestreia na partida contra o Botafogo, marcada para o est\u00e1dio da Vila Belmiro, em Santos, \u00e0s 19h15, do pr\u00f3ximo dia 5 de fevereiro, data de anivers\u00e1rio do jogador. Na noite da \u00faltima segunda-feira (27), o Al Hilal, da\u2026","rel":"","context":"In &quot;Not\u00edcias de Ribeir\u00e3o Preto-SP e Regi\u00e3o&quot;","block_context":{"text":"Not\u00edcias de Ribeir\u00e3o Preto-SP e Regi\u00e3o","link":"https:\/\/noticiasribeiraopreto.com.br\/index.php\/category\/noticias-de-ribeirao-preto-sp-e-regiao-ismael-colosi\/"},"img":{"alt_text":"","src":"https:\/\/i0.wp.com\/noticiasribeiraopreto.com.br\/wp-content\/uploads\/2025\/01\/neymar.jpg?fit=1200%2C800&ssl=1&resize=350%2C200","width":350,"height":200,"srcset":"https:\/\/i0.wp.com\/noticiasribeiraopreto.com.br\/wp-content\/uploads\/2025\/01\/neymar.jpg?fit=1200%2C800&ssl=1&resize=350%2C200 1x, https:\/\/i0.wp.com\/noticiasribeiraopreto.com.br\/wp-content\/uploads\/2025\/01\/neymar.jpg?fit=1200%2C800&ssl=1&resize=525%2C300 1.5x, https:\/\/i0.wp.com\/noticiasribeiraopreto.com.br\/wp-content\/uploads\/2025\/01\/neymar.jpg?fit=1200%2C800&ssl=1&resize=700%2C400 2x, https:\/\/i0.wp.com\/noticiasribeiraopreto.com.br\/wp-content\/uploads\/2025\/01\/neymar.jpg?fit=1200%2C800&ssl=1&resize=1050%2C600 3x"},"classes":[]},{"id":1593,"url":"https:\/\/noticiasribeiraopreto.com.br\/index.php\/2023\/11\/13\/neymar-pai-e-emerson-sheik-assumem-saf-de-clube-na-regiao-de-ribeirao-preto\/","url_meta":{"origin":90788,"position":2},"title":"Neymar pai e \u00c9merson Sheik assumem SAF de clube na regi\u00e3o de Ribeir\u00e3o Preto","author":"noticiasribeiraopreto.com.br","date":"13 de November de 2023","format":false,"excerpt":"O pai do atacante Neymar e o ex-jogador \u00c9merson Sheik assumiram a SAF (Sociedade An\u00f4nima de Futebol) do Atl\u00e9tico Monte Azul, clube da regi\u00e3o de Ribeir\u00e3o Preto. O an\u00fancio foi realizado pela equipe no \u00faltimo final de semana. A SAF vai ser presidida pelo ex-jogador Jo\u00e3o Celso de Moraes, amigo\u2026","rel":"","context":"In &quot;Not\u00edcias de Ribeir\u00e3o Preto-SP e Regi\u00e3o&quot;","block_context":{"text":"Not\u00edcias de Ribeir\u00e3o Preto-SP e Regi\u00e3o","link":"https:\/\/noticiasribeiraopreto.com.br\/index.php\/category\/noticias-de-ribeirao-preto-sp-e-regiao-ismael-colosi\/"},"img":{"alt_text":"","src":"https:\/\/i0.wp.com\/noticiasribeiraopreto.com.br\/wp-content\/uploads\/2023\/11\/neymar-e-neymar-pai.jpg?fit=1100%2C855&ssl=1&resize=350%2C200","width":350,"height":200,"srcset":"https:\/\/i0.wp.com\/noticiasribeiraopreto.com.br\/wp-content\/uploads\/2023\/11\/neymar-e-neymar-pai.jpg?fit=1100%2C855&ssl=1&resize=350%2C200 1x, https:\/\/i0.wp.com\/noticiasribeiraopreto.com.br\/wp-content\/uploads\/2023\/11\/neymar-e-neymar-pai.jpg?fit=1100%2C855&ssl=1&resize=525%2C300 1.5x, https:\/\/i0.wp.com\/noticiasribeiraopreto.com.br\/wp-content\/uploads\/2023\/11\/neymar-e-neymar-pai.jpg?fit=1100%2C855&ssl=1&resize=700%2C400 2x, https:\/\/i0.wp.com\/noticiasribeiraopreto.com.br\/wp-content\/uploads\/2023\/11\/neymar-e-neymar-pai.jpg?fit=1100%2C855&ssl=1&resize=1050%2C600 3x"},"classes":[]},{"id":85582,"url":"https:\/\/noticiasribeiraopreto.com.br\/index.php\/2026\/05\/11\/corinthians-vence-o-classico-e-mantem-hegemonia-na-arena\/","url_meta":{"origin":90788,"position":3},"title":"Corinthians vence o cl\u00e1ssico e mantem hegemonia na Arena","author":"noticiasribeiraopreto.com.br","date":"11 de May de 2026","format":false,"excerpt":"O\u00a0Corinthians\u00a0entrou em campo neste domingo pela 15\u00aa rodada do\u00a0Campeonato Brasileiro.\u00a0Na\u00a0Neo Qu\u00edmica Arena,\u00a0o Tim\u00e3o venceu o S\u00e3o Paulo, por 3 a 2.\u00a0Os gols da equipe do\u00a0Parque S\u00e3o Jorge\u00a0foram marcados por Raniele, Matheuzinho e Breno Bidon, enquanto Luciano e um gol contra do lateral alvinegro diminu\u00edram a O\u00a0Corinthians\u00a0entrou em campo neste domingo\u2026","rel":"","context":"In &quot;Not\u00edcias de Ribeir\u00e3o Preto-SP e Regi\u00e3o&quot;","block_context":{"text":"Not\u00edcias de Ribeir\u00e3o Preto-SP e Regi\u00e3o","link":"https:\/\/noticiasribeiraopreto.com.br\/index.php\/category\/noticias-de-ribeirao-preto-sp-e-regiao-ismael-colosi\/"},"img":{"alt_text":"","src":"https:\/\/i0.wp.com\/noticiasribeiraopreto.com.br\/wp-content\/uploads\/2026\/05\/corinthians.jpg?fit=941%2C627&ssl=1&resize=350%2C200","width":350,"height":200,"srcset":"https:\/\/i0.wp.com\/noticiasribeiraopreto.com.br\/wp-content\/uploads\/2026\/05\/corinthians.jpg?fit=941%2C627&ssl=1&resize=350%2C200 1x, https:\/\/i0.wp.com\/noticiasribeiraopreto.com.br\/wp-content\/uploads\/2026\/05\/corinthians.jpg?fit=941%2C627&ssl=1&resize=525%2C300 1.5x, https:\/\/i0.wp.com\/noticiasribeiraopreto.com.br\/wp-content\/uploads\/2026\/05\/corinthians.jpg?fit=941%2C627&ssl=1&resize=700%2C400 2x"},"classes":[]},{"id":63033,"url":"https:\/\/noticiasribeiraopreto.com.br\/index.php\/2025\/01\/31\/apresentacao-do-neymar-no-santos-tera-shows-de-mano-brown-projota-e-supla\/","url_meta":{"origin":90788,"position":4},"title":"Apresenta\u00e7\u00e3o do Neymar no Santos ter\u00e1 shows de Mano Brown, Projota e Supla","author":"noticiasribeiraopreto.com.br","date":"31 de January de 2025","format":false,"excerpt":"A apresenta\u00e7\u00e3o do Neymar no Santos, marcada para tarde desta sexta-feira (31), na Vila Belmiro, em Santos, contar\u00e1 com shows de artistas como Mano Brown, Projota e Supla, torcedores do clube do litoral de S\u00e3o Paulo. Neymar j\u00e1 est\u00e1 no Brasil. O \u00eddolo santista desembarcou em solo nacional nesta manh\u00e3\u2026","rel":"","context":"In &quot;Not\u00edcias de Ribeir\u00e3o Preto-SP e Regi\u00e3o&quot;","block_context":{"text":"Not\u00edcias de Ribeir\u00e3o Preto-SP e Regi\u00e3o","link":"https:\/\/noticiasribeiraopreto.com.br\/index.php\/category\/noticias-de-ribeirao-preto-sp-e-regiao-ismael-colosi\/"},"img":{"alt_text":"","src":"https:\/\/i0.wp.com\/noticiasribeiraopreto.com.br\/wp-content\/uploads\/2025\/01\/neymar-mano-brown-projoto-supla_2025-01-31_16-37-18_jpeg_2025-01-31_16-37-18.webp.webp?fit=1200%2C675&ssl=1&resize=350%2C200","width":350,"height":200,"srcset":"https:\/\/i0.wp.com\/noticiasribeiraopreto.com.br\/wp-content\/uploads\/2025\/01\/neymar-mano-brown-projoto-supla_2025-01-31_16-37-18_jpeg_2025-01-31_16-37-18.webp.webp?fit=1200%2C675&ssl=1&resize=350%2C200 1x, https:\/\/i0.wp.com\/noticiasribeiraopreto.com.br\/wp-content\/uploads\/2025\/01\/neymar-mano-brown-projoto-supla_2025-01-31_16-37-18_jpeg_2025-01-31_16-37-18.webp.webp?fit=1200%2C675&ssl=1&resize=525%2C300 1.5x, https:\/\/i0.wp.com\/noticiasribeiraopreto.com.br\/wp-content\/uploads\/2025\/01\/neymar-mano-brown-projoto-supla_2025-01-31_16-37-18_jpeg_2025-01-31_16-37-18.webp.webp?fit=1200%2C675&ssl=1&resize=700%2C400 2x, https:\/\/i0.wp.com\/noticiasribeiraopreto.com.br\/wp-content\/uploads\/2025\/01\/neymar-mano-brown-projoto-supla_2025-01-31_16-37-18_jpeg_2025-01-31_16-37-18.webp.webp?fit=1200%2C675&ssl=1&resize=1050%2C600 3x"},"classes":[]},{"id":68046,"url":"https:\/\/noticiasribeiraopreto.com.br\/index.php\/2025\/04\/21\/sao-paulo-e-santos-fazem-classico-no-morumbis\/","url_meta":{"origin":90788,"position":5},"title":"S\u00e3o Paulo e Santos fazem cl\u00e1ssico no Morumbis\u00a0","author":"noticiasribeiraopreto.com.br","date":"21 de April de 2025","format":false,"excerpt":"Por Hugo Luque\u00a0 Pressionados no in\u00edcio do Campeonato Brasileiro, S\u00e3o Paulo e Santos fazem cl\u00e1ssico neste domingo, \u00e0s 16h, no Morumbis, pela quinta rodada da competi\u00e7\u00e3o nacional. Enquanto o mandante entra em campo com questionamentos sobre seu t\u00e9cnico, o visitante ainda busca, no fechamento desta edi\u00e7\u00e3o, um comandante.\u00a0 O Tricolor\u2026","rel":"","context":"In &quot;Not\u00edcias de Ribeir\u00e3o Preto-SP e Regi\u00e3o&quot;","block_context":{"text":"Not\u00edcias de Ribeir\u00e3o Preto-SP e Regi\u00e3o","link":"https:\/\/noticiasribeiraopreto.com.br\/index.php\/category\/noticias-de-ribeirao-preto-sp-e-regiao-ismael-colosi\/"},"img":{"alt_text":"","src":"https:\/\/i0.wp.com\/noticiasribeiraopreto.com.br\/wp-content\/uploads\/2025\/04\/1-Santos-x-Sao-Paulo-Rubens-Chiri_Sao-Paulo-FC-2.jpg?fit=800%2C631&ssl=1&resize=350%2C200","width":350,"height":200,"srcset":"https:\/\/i0.wp.com\/noticiasribeiraopreto.com.br\/wp-content\/uploads\/2025\/04\/1-Santos-x-Sao-Paulo-Rubens-Chiri_Sao-Paulo-FC-2.jpg?fit=800%2C631&ssl=1&resize=350%2C200 1x, https:\/\/i0.wp.com\/noticiasribeiraopreto.com.br\/wp-content\/uploads\/2025\/04\/1-Santos-x-Sao-Paulo-Rubens-Chiri_Sao-Paulo-FC-2.jpg?fit=800%2C631&ssl=1&resize=525%2C300 1.5x, https:\/\/i0.wp.com\/noticiasribeiraopreto.com.br\/wp-content\/uploads\/2025\/04\/1-Santos-x-Sao-Paulo-Rubens-Chiri_Sao-Paulo-FC-2.jpg?fit=800%2C631&ssl=1&resize=700%2C400 2x"},"classes":[]}],"jetpack_sharing_enabled":true,"jetpack_shortlink":"https:\/\/wp.me\/peQAOb-nCk","jetpack_featured_media_url":"https:\/\/i0.wp.com\/noticiasribeiraopreto.com.br\/wp-content\/uploads\/2026\/08\/neymar-scaled.webp.webp?fit=1200%2C675&ssl=1","_links":{"self":[{"href":"https:\/\/noticiasribeiraopreto.com.br\/index.php\/wp-json\/wp\/v2\/posts\/90788","targetHints":{"allow":["GET"]}}],"collection":[{"href":"https:\/\/noticiasribeiraopreto.com.br\/index.php\/wp-json\/wp\/v2\/posts"}],"about":[{"href":"https:\/\/noticiasribeiraopreto.com.br\/index.php\/wp-json\/wp\/v2\/types\/post"}],"author":[{"embeddable":true,"href":"https:\/\/noticiasribeiraopreto.com.br\/index.php\/wp-json\/wp\/v2\/users\/1"}],"replies":[{"embeddable":true,"href":"https:\/\/noticiasribeiraopreto.com.br\/index.php\/wp-json\/wp\/v2\/comments?post=90788"}],"version-history":[{"count":0,"href":"https:\/\/noticiasribeiraopreto.com.br\/index.php\/wp-json\/wp\/v2\/posts\/90788\/revisions"}],"wp:featuredmedia":[{"embeddable":true,"href":"https:\/\/noticiasribeiraopreto.com.br\/index.php\/wp-json\/wp\/v2\/media\/90789"}],"wp:attachment":[{"href":"https:\/\/noticiasribeiraopreto.com.br\/index.php\/wp-json\/wp\/v2\/media?parent=90788"}],"wp:term":[{"taxonomy":"category","embeddable":true,"href":"https:\/\/noticiasribeiraopreto.com.br\/index.php\/wp-json\/wp\/v2\/categories?post=90788"},{"taxonomy":"post_tag","embeddable":true,"href":"https:\/\/noticiasribeiraopreto.com.br\/index.php\/wp-json\/wp\/v2\/tags?post=90788"}],"curies":[{"name":"wp","href":"https:\/\/api.w.org\/{rel}","templated":true}]}}