{"id":90790,"date":"2026-08-31T05:32:57","date_gmt":"2026-08-31T08:32:57","guid":{"rendered":"https:\/\/noticiasribeiraopreto.com.br\/index.php\/2026\/08\/31\/mega-sena-acumula-para-r-36-milhoes\/"},"modified":"2026-08-31T05:32:57","modified_gmt":"2026-08-31T08:32:57","slug":"mega-sena-acumula-para-r-36-milhoes","status":"publish","type":"post","link":"https:\/\/noticiasribeiraopreto.com.br\/index.php\/2026\/08\/31\/mega-sena-acumula-para-r-36-milhoes\/","title":{"rendered":"Mega-Sena acumula para R$ 36 milh\u00f5es"},"content":{"rendered":"<div class='code-block code-block-1' style='margin: 8px 0 8px auto; text-align: right; display: block; clear: both;'>\n<p><a href=\"https:\/\/wa.link\/vpicfd\"><img data-recalc-dims=\"1\" class=\"wp-image-4922\" style=\"aspect-ratio: 2.0253164556962027; width: 561px; height: auto;\" src=\"https:\/\/i0.wp.com\/ismaelcolosi.com.br\/wp-content\/uploads\/2023\/11\/grupo-de-empregos-whatsapp-e-facebook-ismael-colosi-vagas.jpg?ssl=1\" alt=\"\" \/><\/a><\/p>\n<!-- \/wp:image -->\n<\/div>\n<p> <br \/>\n<\/p>\n<div id=\"post-475529\">&#13;<br \/>\n&#13;<\/p>\n<header class=\"entry-header penci-entry-header penci-title-center\">&#13;<br \/>\n\t\t\t\t\t\t\t\t&#13;<\/p>\n<p>&#13;<br \/>\n\t\t\t\t\t\t\t\t\t<span class=\"entry-meta-item penci-posted-on\"><i class=\"fa fa-clock-o\"\/><time class=\"entry-date published\" datetime=\"2026-08-31T05:32:12-03:00\">31 de agosto de 2026 05:32<\/time><time class=\"updated\" datetime=\"2026-08-31T01:40:48-03:00\">31 de agosto de 2026 01:40<\/time><\/span><span class=\"entry-meta-item penci-post-countview\"\/>\t\t\t\t\t\t\t\t<\/p>\n<p><!-- .entry-meta -->&#13;<br \/>\n\t\t\t\t\t\t\t\t<span class=\"penci-social-buttons penci-social-share-footer\"><span class=\"penci-social-share-text\">Compartilhar<\/span><a href=\"#\" class=\"penci-post-like penci_post-meta_item  single-like-button penci-social-item like\" data-post_id=\"475529\" title=\"Like\" data-like=\"Like\" data-unlike=\"Unlike\"><i class=\"fa fa-thumbs-o-up\"\/><span class=\"penci-share-number\">0<\/span><\/a><i class=\"fa fa-facebook\"\/><a class=\"penci-social-item twitter\" target=\"_blank\" rel=\"noopener\" title=\"\" href=\"https:\/\/twitter.com\/intent\/tweet?text=Mega-Sena%20acumula%20para%20R$%2036%20milh\u00f5es%20-%20https:\/\/www.tribunaribeirao.com.br\/mega-sena-acumula-para-r-36-milhoes\/\"><i class=\"fa fa-twitter\"\/><\/a><i class=\"fa fa-linkedin\"\/><i class=\"fa fa-whatsapp\"\/><i class=\"fa fa-telegram\"\/><i class=\"fa fa-envelope\"\/><\/span>\t\t\t\t\t\t\t<\/header>\n<p><!-- .entry-header -->&#13;<\/p>\n<div class=\"penci-entry-content entry-content\">\n<p>Nenhum apostador acertou as seis dezenas do Concurso 3.051\u00a0da Mega-Sena, realizado neste domingo\u00a0(30). O pr\u00eamio acumulou e est\u00e1 estimado em R$ 36 milh\u00f5es para o pr\u00f3ximo sorteio.<\/p>\n<p>Os n\u00fameros sorteados s\u00e3o: 11 \u2013 15 \u2013 20 \u2013 21 \u2013 38 \u2013 48<\/p>\n<ul>\n<li>35 apostas acertaram cinco dezenas e ir\u00e3o receber R$\u00a055.635,04 cada<\/li>\n<li>2.706\u00a0apostas acertaram quatro dezenas e ir\u00e3o receber R$\u00a01.186,14 cada<\/li>\n<\/ul>\n<h2>Apostas<\/h2>\n<p>O pr\u00f3ximo concurso ser\u00e1 na ter\u00e7a-feira\u00a0(1\u00ba). As apostas podem ser feitas em qualquer lot\u00e9rica do pa\u00eds ou pela internet, no <a href=\"https:\/\/loterias.caixa.gov.br\/Paginas\/Mega-Sena.aspx\" target=\"_blank\" rel=\"noopener\"><em>site<\/em><\/a> ou aplicativo da Caixa.<\/p>\n<p>A aposta simples, com seis dezenas, custa R$ 6.<\/p>\n<div style=\"background-color: #f4f4f5; border: 1px solid #d4d4d8; padding: 15px; margin: 20px 0; border-radius: 6px; font-family: sans-serif; line-height: 1.5;\">\n    <span style=\"color: #27272a;\">Inscreva-se em nosso Canal no Whatsapp e fique por dentro de tudo que acontece na regi\u00e3o. <\/span><br \/>\n    <a href=\"https:\/\/whatsapp.com\/channel\/0029VanuE2o7z4kYjo0XVS3u\" target=\"_blank\" rel=\"noopener noreferrer\" style=\"color: #16a34a; font-weight: bold; text-decoration: underline;\">Clique Aqui!<\/a>\n<\/div>\n<\/div>\n<p><!-- .entry-content -->&#13;<br \/>\n&#13;<\/p>\n<footer class=\"penci-entry-footer\">&#13;<br \/>\n\t\t\t\t\t\t\t\t<span class=\"penci-social-buttons penci-social-share-footer\"><span class=\"penci-social-share-text\">Compartilhar<\/span><a href=\"#\" class=\"penci-post-like penci_post-meta_item  single-like-button penci-social-item like\" data-post_id=\"475529\" title=\"Like\" data-like=\"Like\" data-unlike=\"Unlike\"><i class=\"fa fa-thumbs-o-up\"\/><span class=\"penci-share-number\">0<\/span><\/a><i class=\"fa fa-facebook\"\/><a class=\"penci-social-item twitter\" target=\"_blank\" rel=\"noopener\" title=\"\" href=\"https:\/\/twitter.com\/intent\/tweet?text=Mega-Sena%20acumula%20para%20R$%2036%20milh\u00f5es%20-%20https:\/\/www.tribunaribeirao.com.br\/mega-sena-acumula-para-r-36-milhoes\/\"><i class=\"fa fa-twitter\"\/><\/a><i class=\"fa fa-linkedin\"\/><i class=\"fa fa-whatsapp\"\/><i class=\"fa fa-telegram\"\/><i class=\"fa fa-envelope\"\/><\/span>\t\t\t\t\t\t\t<\/footer>\n<p><!-- .entry-footer -->&#13;\n\t\t\t\t\t\t<\/div>\n<p><script async src=\"\/\/platform.twitter.com\/widgets.js\" charset=\"utf-8\"><\/script><br \/>\n<br \/><br \/>\n<br \/><a href=\"https:\/\/www.tribunaribeirao.com.br\/mega-sena-acumula-para-r-36-milhoes\/\">Texto original daqui <\/a><\/p>\n<!-- CONTENT END 1 -->\n","protected":false},"excerpt":{"rendered":"<p>&#13; &#13; &#13; &#13; &#13; 31 de agosto de 2026 05:3231 de agosto de 2026 01:40 &#13; Compartilhar0 &#13; Nenhum apostador acertou as seis dezenas&#8230;<\/p>\n","protected":false},"author":1,"featured_media":90791,"comment_status":"","ping_status":"","sticky":false,"template":"","format":"standard","meta":{"advanced_seo_description":"","jetpack_seo_html_title":"","jetpack_seo_noindex":false,"jetpack_seo_schema_type":"","_jetpack_newsletter_access":"","_jetpack_dont_email_post_to_subs":false,"_jetpack_newsletter_tier_id":0,"_jetpack_memberships_contains_paywalled_content":false,"_jetpack_feature_clip_id":0,"_jetpack_memberships_contains_paid_content":false,"footnotes":"","jetpack_publicize_message":"","jetpack_publicize_feature_enabled":true,"jetpack_social_post_already_shared":true,"jetpack_social_options":{"image_generator_settings":{"template":"highway","default_image_id":0,"font":"","enabled":false},"version":2},"jetpack_post_was_ever_published":false},"categories":[11],"tags":[813,260,262,71],"class_list":["post-90790","post","type-post","status-publish","format-standard","has-post-thumbnail","hentry","category-noticias-de-ribeirao-preto-sp-e-regiao-ismael-colosi","tag-acumula","tag-megasena","tag-milhoes","tag-para"],"jetpack_publicize_connections":[],"jetpack-related-posts":[{"id":76097,"url":"https:\/\/noticiasribeiraopreto.com.br\/index.php\/2025\/08\/22\/concurso-2-904-da-mega-sena-acumula-confira-os-numeros\/","url_meta":{"origin":90790,"position":0},"title":"Concurso 2.904 da Mega-Sena acumula; confira os n\u00fameros","author":"noticiasribeiraopreto.com.br","date":"22 de August de 2025","format":false,"excerpt":"22 de agosto de 2025 08:4822 de agosto de 2025 08:490 Compartilhar0 Nenhum apostador acertou as seis dezenas do concurso 2.904 da Mega-Sena, realizado nesta quinta-feira (21). O pr\u00eamio acumulou e est\u00e1 estimado em R$ 28 milh\u00f5es para o pr\u00f3ximo sorteio. Os n\u00fameros sorteados foram: 02 \u2013 37 \u2013 38\u2026","rel":"","context":"In &quot;Not\u00edcias de Ribeir\u00e3o Preto-SP e Regi\u00e3o&quot;","block_context":{"text":"Not\u00edcias de Ribeir\u00e3o Preto-SP e Regi\u00e3o","link":"https:\/\/noticiasribeiraopreto.com.br\/index.php\/category\/noticias-de-ribeirao-preto-sp-e-regiao-ismael-colosi\/"},"img":{"alt_text":"","src":"https:\/\/i0.wp.com\/noticiasribeiraopreto.com.br\/wp-content\/uploads\/2025\/08\/mega-sena.jpg?fit=700%2C421&ssl=1&resize=350%2C200","width":350,"height":200,"srcset":"https:\/\/i0.wp.com\/noticiasribeiraopreto.com.br\/wp-content\/uploads\/2025\/08\/mega-sena.jpg?fit=700%2C421&ssl=1&resize=350%2C200 1x, https:\/\/i0.wp.com\/noticiasribeiraopreto.com.br\/wp-content\/uploads\/2025\/08\/mega-sena.jpg?fit=700%2C421&ssl=1&resize=525%2C300 1.5x, https:\/\/i0.wp.com\/noticiasribeiraopreto.com.br\/wp-content\/uploads\/2025\/08\/mega-sena.jpg?fit=700%2C421&ssl=1&resize=700%2C400 2x"},"classes":[]},{"id":9993,"url":"https:\/\/noticiasribeiraopreto.com.br\/index.php\/2023\/12\/03\/mega-sena-acumula-e-premio-sobe-para-r-7-milhoes\/","url_meta":{"origin":90790,"position":1},"title":"Mega-Sena acumula e pr\u00eamio sobe para R$ 7 milh\u00f5es","author":"noticiasribeiraopreto.com.br","date":"3 de December de 2023","format":false,"excerpt":"Ribeir\u00e3o Preto \u00e9 o centro de uma regi\u00e3o com mais de 3 milh\u00f5es de habitantes. O agroneg\u00f3cio, o com\u00e9rcio e a presta\u00e7\u00e3o de servi\u00e7os s\u00e3o os pontos fortes da economia. O jornal Tribuna circula em Ribeir\u00e3o Preto e em outras 10 cidades da regi\u00e3o. Sua linha editorial \u00e9 informativa e\u2026","rel":"","context":"In &quot;Not\u00edcias de Ribeir\u00e3o Preto-SP e Regi\u00e3o&quot;","block_context":{"text":"Not\u00edcias de Ribeir\u00e3o Preto-SP e Regi\u00e3o","link":"https:\/\/noticiasribeiraopreto.com.br\/index.php\/category\/noticias-de-ribeirao-preto-sp-e-regiao-ismael-colosi\/"},"img":{"alt_text":"","src":"https:\/\/i0.wp.com\/noticiasribeiraopreto.com.br\/wp-content\/uploads\/2023\/12\/Mega-Sena.jpg?fit=1200%2C800&ssl=1&resize=350%2C200","width":350,"height":200,"srcset":"https:\/\/i0.wp.com\/noticiasribeiraopreto.com.br\/wp-content\/uploads\/2023\/12\/Mega-Sena.jpg?fit=1200%2C800&ssl=1&resize=350%2C200 1x, https:\/\/i0.wp.com\/noticiasribeiraopreto.com.br\/wp-content\/uploads\/2023\/12\/Mega-Sena.jpg?fit=1200%2C800&ssl=1&resize=525%2C300 1.5x, https:\/\/i0.wp.com\/noticiasribeiraopreto.com.br\/wp-content\/uploads\/2023\/12\/Mega-Sena.jpg?fit=1200%2C800&ssl=1&resize=700%2C400 2x, https:\/\/i0.wp.com\/noticiasribeiraopreto.com.br\/wp-content\/uploads\/2023\/12\/Mega-Sena.jpg?fit=1200%2C800&ssl=1&resize=1050%2C600 3x"},"classes":[]},{"id":32751,"url":"https:\/\/noticiasribeiraopreto.com.br\/index.php\/2024\/01\/26\/mega-sena-acumula-e-premio-sobe-para-r-65-milhoes\/","url_meta":{"origin":90790,"position":2},"title":"Mega Sena acumula e pr\u00eamio sobe para R$ 65 milh\u00f5es","author":"noticiasribeiraopreto.com.br","date":"26 de January de 2024","format":false,"excerpt":"26 de janeiro de 2024 | 11:3026 de janeiro de 2024 | 10:21 0Ningu\u00e9m acertou as seis dezenas da Mega-Sena nesta quinta-feira, 25,\u00a0 e pr\u00eamio acumulou para R$ 65 milh\u00f5es. Os n\u00fameros sorteados foram:\u00a003 \u2013 11 \u2013 42 \u2013 45 \u2013 46 \u2013 57Ao todo, 70 apostas ganharam a quina\u2026","rel":"","context":"In &quot;Not\u00edcias de Ribeir\u00e3o Preto-SP e Regi\u00e3o&quot;","block_context":{"text":"Not\u00edcias de Ribeir\u00e3o Preto-SP e Regi\u00e3o","link":"https:\/\/noticiasribeiraopreto.com.br\/index.php\/category\/noticias-de-ribeirao-preto-sp-e-regiao-ismael-colosi\/"},"img":{"alt_text":"","src":"https:\/\/i0.wp.com\/noticiasribeiraopreto.com.br\/wp-content\/uploads\/2024\/01\/1706280451_mega_sena_mcajr_abr_2904223678.jpg?fit=1170%2C700&ssl=1&resize=350%2C200","width":350,"height":200,"srcset":"https:\/\/i0.wp.com\/noticiasribeiraopreto.com.br\/wp-content\/uploads\/2024\/01\/1706280451_mega_sena_mcajr_abr_2904223678.jpg?fit=1170%2C700&ssl=1&resize=350%2C200 1x, https:\/\/i0.wp.com\/noticiasribeiraopreto.com.br\/wp-content\/uploads\/2024\/01\/1706280451_mega_sena_mcajr_abr_2904223678.jpg?fit=1170%2C700&ssl=1&resize=525%2C300 1.5x, https:\/\/i0.wp.com\/noticiasribeiraopreto.com.br\/wp-content\/uploads\/2024\/01\/1706280451_mega_sena_mcajr_abr_2904223678.jpg?fit=1170%2C700&ssl=1&resize=700%2C400 2x, https:\/\/i0.wp.com\/noticiasribeiraopreto.com.br\/wp-content\/uploads\/2024\/01\/1706280451_mega_sena_mcajr_abr_2904223678.jpg?fit=1170%2C700&ssl=1&resize=1050%2C600 3x"},"classes":[]},{"id":81846,"url":"https:\/\/noticiasribeiraopreto.com.br\/index.php\/2026\/01\/28\/mega-sena-acumula-mais-uma-vez-e-premio-vai-a-r-102-milhoes\/","url_meta":{"origin":90790,"position":3},"title":"Mega-Sena acumula mais uma vez e pr\u00eamio vai a R$ 102 milh\u00f5es","author":"noticiasribeiraopreto.com.br","date":"28 de January de 2026","format":false,"excerpt":"\r \r \r \r \r 28 de janeiro de 2026 08:14 \r Compartilhar0 \r Nenhum apostador acertou as seis dezenas do concurso 2.965\u00a0da Mega-Sena, realizado nesta ter\u00e7a-feira (27). O pr\u00eamio acumulou e est\u00e1 estimado em R$ 102 milh\u00f5es para o pr\u00f3ximo sorteio. Os n\u00fameros sorteados foram:\u00a001 \u2013\u00a020 \u2013\u00a022 \u2013\u00a023 \u2013\u00a035\u2026","rel":"","context":"In &quot;Not\u00edcias de Ribeir\u00e3o Preto-SP e Regi\u00e3o&quot;","block_context":{"text":"Not\u00edcias de Ribeir\u00e3o Preto-SP e Regi\u00e3o","link":"https:\/\/noticiasribeiraopreto.com.br\/index.php\/category\/noticias-de-ribeirao-preto-sp-e-regiao-ismael-colosi\/"},"img":{"alt_text":"","src":"https:\/\/i0.wp.com\/noticiasribeiraopreto.com.br\/wp-content\/uploads\/2026\/01\/mega-sena-Rafa-Neddermeyer.webp.webp?fit=1170%2C700&ssl=1&resize=350%2C200","width":350,"height":200,"srcset":"https:\/\/i0.wp.com\/noticiasribeiraopreto.com.br\/wp-content\/uploads\/2026\/01\/mega-sena-Rafa-Neddermeyer.webp.webp?fit=1170%2C700&ssl=1&resize=350%2C200 1x, https:\/\/i0.wp.com\/noticiasribeiraopreto.com.br\/wp-content\/uploads\/2026\/01\/mega-sena-Rafa-Neddermeyer.webp.webp?fit=1170%2C700&ssl=1&resize=525%2C300 1.5x, https:\/\/i0.wp.com\/noticiasribeiraopreto.com.br\/wp-content\/uploads\/2026\/01\/mega-sena-Rafa-Neddermeyer.webp.webp?fit=1170%2C700&ssl=1&resize=700%2C400 2x, https:\/\/i0.wp.com\/noticiasribeiraopreto.com.br\/wp-content\/uploads\/2026\/01\/mega-sena-Rafa-Neddermeyer.webp.webp?fit=1170%2C700&ssl=1&resize=1050%2C600 3x"},"classes":[]},{"id":36665,"url":"https:\/\/noticiasribeiraopreto.com.br\/index.php\/2024\/02\/11\/mega-sena-acumula-e-proximo-premio-deve-pagar-r-53-milhoes\/","url_meta":{"origin":90790,"position":4},"title":"Mega-Sena acumula e pr\u00f3ximo pr\u00eamio deve pagar R$ 53 milh\u00f5es","author":"noticiasribeiraopreto.com.br","date":"11 de February de 2024","format":false,"excerpt":"11 de fevereiro de 2024 | 10:01 0Ningu\u00e9m acertou as seis dezenas do concurso 2.687 da Mega-Sena, sorteadas na noite deste s\u00e1bado (10). Os n\u00fameros sorteados foram 02, 04, 24, 30, 34 e 50.De acordo com a Caixa, 50 apostas acertaram a quina e ganharam R$ 74.293,74 cada, enquanto 4.178\u2026","rel":"","context":"In &quot;Not\u00edcias de Ribeir\u00e3o Preto-SP e Regi\u00e3o&quot;","block_context":{"text":"Not\u00edcias de Ribeir\u00e3o Preto-SP e Regi\u00e3o","link":"https:\/\/noticiasribeiraopreto.com.br\/index.php\/category\/noticias-de-ribeirao-preto-sp-e-regiao-ismael-colosi\/"},"img":{"alt_text":"","src":"https:\/\/i0.wp.com\/noticiasribeiraopreto.com.br\/wp-content\/uploads\/2024\/02\/1707658407_mega-sena.jpg?fit=672%2C450&ssl=1&resize=350%2C200","width":350,"height":200,"srcset":"https:\/\/i0.wp.com\/noticiasribeiraopreto.com.br\/wp-content\/uploads\/2024\/02\/1707658407_mega-sena.jpg?fit=672%2C450&ssl=1&resize=350%2C200 1x, https:\/\/i0.wp.com\/noticiasribeiraopreto.com.br\/wp-content\/uploads\/2024\/02\/1707658407_mega-sena.jpg?fit=672%2C450&ssl=1&resize=525%2C300 1.5x"},"classes":[]},{"id":37428,"url":"https:\/\/noticiasribeiraopreto.com.br\/index.php\/2024\/02\/16\/mega-sena-acumula-e-tem-premio-estimado-em-r-58-milhoes\/","url_meta":{"origin":90790,"position":5},"title":"Mega-sena acumula e tem pr\u00eamio estimado em R$ 58 milh\u00f5es","author":"noticiasribeiraopreto.com.br","date":"16 de February de 2024","format":false,"excerpt":"16 de fevereiro de 2024 | 7:53 0Ningu\u00e9m acertou as seis dezenas do concurso 2.688 da Mega-Sena, sorteadas na noite desta quinta-feira (15). Os n\u00fameros sorteados foram 12, 17, 33, 41, 46 e 54.O pr\u00eamio para o pr\u00f3ximo sorteio, que acontece no pr\u00f3ximo s\u00e1bado (17), acumulou em R$ 58 milh\u00f5es.De\u2026","rel":"","context":"In &quot;Not\u00edcias de Ribeir\u00e3o Preto-SP e Regi\u00e3o&quot;","block_context":{"text":"Not\u00edcias de Ribeir\u00e3o Preto-SP e Regi\u00e3o","link":"https:\/\/noticiasribeiraopreto.com.br\/index.php\/category\/noticias-de-ribeirao-preto-sp-e-regiao-ismael-colosi\/"},"img":{"alt_text":"","src":"https:\/\/i0.wp.com\/noticiasribeiraopreto.com.br\/wp-content\/uploads\/2024\/02\/1708080879_mega-sena-1-scaled.jpg?fit=1000%2C598&ssl=1&resize=350%2C200","width":350,"height":200,"srcset":"https:\/\/i0.wp.com\/noticiasribeiraopreto.com.br\/wp-content\/uploads\/2024\/02\/1708080879_mega-sena-1-scaled.jpg?fit=1000%2C598&ssl=1&resize=350%2C200 1x, https:\/\/i0.wp.com\/noticiasribeiraopreto.com.br\/wp-content\/uploads\/2024\/02\/1708080879_mega-sena-1-scaled.jpg?fit=1000%2C598&ssl=1&resize=525%2C300 1.5x, https:\/\/i0.wp.com\/noticiasribeiraopreto.com.br\/wp-content\/uploads\/2024\/02\/1708080879_mega-sena-1-scaled.jpg?fit=1000%2C598&ssl=1&resize=700%2C400 2x"},"classes":[]}],"jetpack_sharing_enabled":true,"jetpack_shortlink":"https:\/\/wp.me\/peQAOb-nCm","jetpack_featured_media_url":"https:\/\/i0.wp.com\/noticiasribeiraopreto.com.br\/wp-content\/uploads\/2026\/08\/20230622_183248.jpg?fit=1170%2C700&ssl=1","_links":{"self":[{"href":"https:\/\/noticiasribeiraopreto.com.br\/index.php\/wp-json\/wp\/v2\/posts\/90790","targetHints":{"allow":["GET"]}}],"collection":[{"href":"https:\/\/noticiasribeiraopreto.com.br\/index.php\/wp-json\/wp\/v2\/posts"}],"about":[{"href":"https:\/\/noticiasribeiraopreto.com.br\/index.php\/wp-json\/wp\/v2\/types\/post"}],"author":[{"embeddable":true,"href":"https:\/\/noticiasribeiraopreto.com.br\/index.php\/wp-json\/wp\/v2\/users\/1"}],"replies":[{"embeddable":true,"href":"https:\/\/noticiasribeiraopreto.com.br\/index.php\/wp-json\/wp\/v2\/comments?post=90790"}],"version-history":[{"count":0,"href":"https:\/\/noticiasribeiraopreto.com.br\/index.php\/wp-json\/wp\/v2\/posts\/90790\/revisions"}],"wp:featuredmedia":[{"embeddable":true,"href":"https:\/\/noticiasribeiraopreto.com.br\/index.php\/wp-json\/wp\/v2\/media\/90791"}],"wp:attachment":[{"href":"https:\/\/noticiasribeiraopreto.com.br\/index.php\/wp-json\/wp\/v2\/media?parent=90790"}],"wp:term":[{"taxonomy":"category","embeddable":true,"href":"https:\/\/noticiasribeiraopreto.com.br\/index.php\/wp-json\/wp\/v2\/categories?post=90790"},{"taxonomy":"post_tag","embeddable":true,"href":"https:\/\/noticiasribeiraopreto.com.br\/index.php\/wp-json\/wp\/v2\/tags?post=90790"}],"curies":[{"name":"wp","href":"https:\/\/api.w.org\/{rel}","templated":true}]}}