{"id":90792,"date":"2026-08-31T05:43:02","date_gmt":"2026-08-31T08:43:02","guid":{"rendered":"https:\/\/noticiasribeiraopreto.com.br\/index.php\/2026\/08\/31\/programa-de-renegociacao-de-dividas-termina-nesta-segunda\/"},"modified":"2026-08-31T05:43:02","modified_gmt":"2026-08-31T08:43:02","slug":"programa-de-renegociacao-de-dividas-termina-nesta-segunda","status":"publish","type":"post","link":"https:\/\/noticiasribeiraopreto.com.br\/index.php\/2026\/08\/31\/programa-de-renegociacao-de-dividas-termina-nesta-segunda\/","title":{"rendered":"Programa de renegocia\u00e7\u00e3o de d\u00edvidas termina nesta segunda"},"content":{"rendered":"<div class='code-block code-block-1' style='margin: 8px 0 8px auto; text-align: right; display: block; clear: both;'>\n<p><a href=\"https:\/\/wa.link\/vpicfd\"><img data-recalc-dims=\"1\" class=\"wp-image-4922\" style=\"aspect-ratio: 2.0253164556962027; width: 561px; height: auto;\" src=\"https:\/\/i0.wp.com\/ismaelcolosi.com.br\/wp-content\/uploads\/2023\/11\/grupo-de-empregos-whatsapp-e-facebook-ismael-colosi-vagas.jpg?ssl=1\" alt=\"\" \/><\/a><\/p>\n<!-- \/wp:image -->\n<\/div>\n<p> <br \/>\n<\/p>\n<div>\n<p class=\"p1\"><span class=\"s1\"><a href=\"https:\/\/agenciabrasil.ebc.com.br\/economia\/noticia\/2026-08\/programa-de-renegociacao-de-dividas-e-prorrogado-ate-31-de-agosto\">Prorrogado no in\u00edcio de agosto<\/a><\/span><span class=\"s2\">, o Novo Desenrola Brasil, programa do governo federal voltado \u00e0 renegocia\u00e7\u00e3o de d\u00edvidas banc\u00e1rias, termina na pr\u00f3xima segunda-feira (31). <\/span><\/p>\n<p class=\"p1\"><span class=\"s2\">A iniciativa permite que pessoas f\u00edsicas com d\u00e9bitos em atraso tenham acesso a descontos e condi\u00e7\u00f5es de pagamento diferenciadas para regularizar a situa\u00e7\u00e3o financeira.<\/span><\/p>\n<p class=\"p1\"><span class=\"s2\">O programa atende consumidores com renda mensal de at\u00e9 cinco sal\u00e1rios m\u00ednimos, atualmente equivalente a R$ 8.105, e tenham d\u00edvidas contratadas at\u00e9 31 de janeiro de 2026, com atraso entre 91 dias e dois anos.<\/span><\/p>\n<p class=\"p1\"><span class=\"s2\">O prazo, que terminaria em 2 de agosto, foi prorrogado at\u00e9 o fim deste m\u00eas. N\u00e3o h\u00e1 previs\u00e3o de uma nova extens\u00e3o.<\/span><\/p>\n<p class=\"p1\"><span class=\"s2\">A modalidade voltada \u00e0s fam\u00edlias renegociou, at\u00e9 o in\u00edcio da \u00faltima semana de agosto, cerca de 5,03 milh\u00f5es de d\u00edvidas. Os d\u00e9bitos somavam originalmente R$ 26,33 bilh\u00f5es e, ap\u00f3s os acordos, foram reduzidos para aproximadamente R$ 5,27 bilh\u00f5es.<\/span><\/p>\n<p class=\"p2\"><span class=\"s2\"><b>Quem pode participar<\/b><\/span><\/p>\n<p class=\"p1\"><span class=\"s2\"><b>A modalidade Desenrola Fam\u00edlias \u00e9 destinada a pessoas f\u00edsicas com renda mensal de at\u00e9 cinco sal\u00e1rios m\u00ednimos. <\/b>Al\u00e9m do crit\u00e9rio de renda, a d\u00edvida precisa atender \u00e0s regras do programa.<\/span><\/p>\n<p class=\"p1\"><span class=\"s2\">Podem ser inclu\u00eddos d\u00e9bitos:<\/span><\/p>\n<ul class=\"ul1\">\n<li class=\"li3\"><span class=\"s2\">Contratados at\u00e9 31 de janeiro de 2026;<\/span><\/li>\n<li class=\"li3\"><span class=\"s2\">Com atraso entre 91 dias e dois anos;<\/span><\/li>\n<li class=\"li3\"><span class=\"s2\">Registrados em institui\u00e7\u00e3o financeira participante.<\/span><\/li>\n<\/ul>\n<p class=\"p1\"><span class=\"s2\">A pr\u00f3pria institui\u00e7\u00e3o financeira verifica se o consumidor e a d\u00edvida atendem aos crit\u00e9rios, utilizando informa\u00e7\u00f5es dispon\u00edveis em seus sistemas e no Sistema de Informa\u00e7\u00f5es de Cr\u00e9dito (SCR) do Banco Central.<\/span><\/p>\n<p class=\"p2\"><span class=\"s2\"><b>Quais d\u00edvidas entram<\/b><\/span><\/p>\n<p class=\"p1\"><span class=\"s2\">O programa contempla modalidades de cr\u00e9dito que costumam apresentar taxas de juros elevadas. Entre as opera\u00e7\u00f5es que podem ser renegociadas est\u00e3o:<\/span><\/p>\n<ul class=\"ul1\">\n<li class=\"li3\"><span class=\"s2\">Cart\u00e3o de cr\u00e9dito rotativo ou parcelado;<\/span><\/li>\n<li class=\"li3\"><span class=\"s2\">Cheque especial;<\/span><\/li>\n<li class=\"li3\"><span class=\"s2\">Cr\u00e9dito pessoal sem consigna\u00e7\u00e3o em folha;<\/span><\/li>\n<li class=\"li3\"><span class=\"s2\">Empr\u00e9stimos pessoais utilizados para consolidar outras d\u00edvidas.<\/span><\/li>\n<\/ul>\n<p class=\"p1\"><span class=\"s2\">A inclus\u00e3o do d\u00e9bito, por\u00e9m, depende da an\u00e1lise e da participa\u00e7\u00e3o da institui\u00e7\u00e3o financeira respons\u00e1vel pela opera\u00e7\u00e3o.<\/span><\/p>\n<p class=\"p2\"><span class=\"s2\"><b>Desconto<\/b><\/span><\/p>\n<p class=\"p1\"><span class=\"s2\"><b>O percentual de desconto varia conforme o tipo de cr\u00e9dito e o per\u00edodo de atraso.<\/b> Para d\u00edvidas do rotativo do cart\u00e3o de cr\u00e9dito e do cheque especial, os abatimentos podem chegar a 90%.<\/span><\/p>\n<table class=\"t1\" cellspacing=\"0\" cellpadding=\"0\">\n<tbody>\n<tr>\n<td class=\"td1\" valign=\"middle\">\n<p class=\"p3\"><span class=\"s2\">Tempo de atraso<\/span><span class=\"s3\">\u2002<\/span><span class=\"s2\">\u00a0 \u00a0 \u00a0 \u00a0 \u00a0 \u00a0 \u00a0 \u00a0 \u00a0 \u00a0 \u00a0 \u00a0 \u00a0 \u00a0 \u00a0 \u00a0 \u00a0<\/span><\/p>\n<\/td>\n<td class=\"td2\" valign=\"middle\">\n<p class=\"p3\"><span class=\"s2\">Cart\u00e3o rotativo e cheque especial (desconto)<\/span><span class=\"s3\">\u2002<\/span><\/p>\n<\/td>\n<td class=\"td3\" valign=\"middle\">\n<p class=\"p3\"><span class=\"s2\">Cr\u00e9dito direto ao consumidor e parcelamento do cart\u00e3o (desconto)<\/span><\/p>\n<\/td>\n<\/tr>\n<tr>\n<td class=\"td1\" valign=\"middle\">\n<p class=\"p3\"><span class=\"s2\">91 a 120 dias<\/span><\/p>\n<\/td>\n<td class=\"td2\" valign=\"middle\">\n<p class=\"p3\"><span class=\"s2\">40%<\/span><span class=\"s3\">\u2002<\/span><\/p>\n<\/td>\n<td class=\"td3\" valign=\"middle\">\n<p class=\"p3\"><span class=\"s2\">30%<\/span><\/p>\n<\/td>\n<\/tr>\n<tr>\n<td class=\"td1\" valign=\"middle\">\n<p class=\"p3\"><span class=\"s2\">121 a 150 dias<\/span><span class=\"s3\">\u2002\u2002\u2002\u2002\u2002\u2002<\/span><\/p>\n<\/td>\n<td class=\"td2\" valign=\"middle\">\n<p class=\"p3\"><span class=\"s2\">45%<\/span><\/p>\n<\/td>\n<td class=\"td3\" valign=\"middle\">\n<p class=\"p3\"><span class=\"s2\">35%<\/span><\/p>\n<\/td>\n<\/tr>\n<tr>\n<td class=\"td1\" valign=\"middle\">\n<p class=\"p3\"><span class=\"s2\">151 a 180 dias<\/span><span class=\"s3\">\u2002\u2002\u2002\u2002\u2002\u2002\u2002<\/span><\/p>\n<\/td>\n<td class=\"td2\" valign=\"middle\">\n<p class=\"p3\"><span class=\"s2\">50%<\/span><\/p>\n<\/td>\n<td class=\"td3\" valign=\"middle\">\n<p class=\"p3\"><span class=\"s2\">40%<\/span><\/p>\n<\/td>\n<\/tr>\n<tr>\n<td class=\"td1\" valign=\"middle\">\n<p class=\"p3\"><span class=\"s2\">181 a 240 dias<\/span><span class=\"s3\">\u2002\u2002\u2002\u2002\u2002\u2002\u2002<\/span><\/p>\n<\/td>\n<td class=\"td2\" valign=\"middle\">\n<p class=\"p3\"><span class=\"s2\">55%<\/span><\/p>\n<\/td>\n<td class=\"td3\" valign=\"middle\">\n<p class=\"p3\"><span class=\"s2\">45%<\/span><\/p>\n<\/td>\n<\/tr>\n<tr>\n<td class=\"td1\" valign=\"middle\">\n<p class=\"p3\"><span class=\"s2\">241 a 300 dias<\/span><span class=\"s3\">\u2002\u2002\u2002\u2002\u2002\u2002\u2002<\/span><\/p>\n<\/td>\n<td class=\"td2\" valign=\"middle\">\n<p class=\"p3\"><span class=\"s2\">70%<\/span><\/p>\n<\/td>\n<td class=\"td3\" valign=\"middle\">\n<p class=\"p3\"><span class=\"s2\">60%<\/span><\/p>\n<\/td>\n<\/tr>\n<tr>\n<td class=\"td1\" valign=\"middle\">\n<p class=\"p3\"><span class=\"s2\">301 a 360 dias<\/span><span class=\"s3\">\u2002\u2002\u2002\u2002\u2002\u2002\u2002<\/span><\/p>\n<\/td>\n<td class=\"td2\" valign=\"middle\">\n<p class=\"p3\"><span class=\"s2\">85%<\/span><\/p>\n<\/td>\n<td class=\"td3\" valign=\"middle\">\n<p class=\"p3\"><span class=\"s2\">75%<\/span><\/p>\n<\/td>\n<\/tr>\n<tr>\n<td class=\"td1\" valign=\"middle\">\n<p class=\"p3\"><span class=\"s2\">1 a 2 anos<\/span><span class=\"s3\">\u2002\u2002\u2002\u2002\u2002<\/span><\/p>\n<\/td>\n<td class=\"td2\" valign=\"middle\">\n<p class=\"p3\"><span class=\"s2\">90%<\/span><\/p>\n<\/td>\n<td class=\"td3\" valign=\"middle\">\n<p class=\"p3\"><span class=\"s2\">80%<\/span><\/p>\n<\/td>\n<\/tr>\n<\/tbody>\n<\/table>\n<p class=\"p5\"><span class=\"s2\"><b><i>Fonte: Minist\u00e9rio do Empreendedorismo, da Microempresa e da Empresa de Pequeno Porte<\/i><\/b><\/span><\/p>\n<p class=\"p1\"><span class=\"s2\">O desconto \u00e9 aplicado sobre a d\u00edvida conforme as regras da opera\u00e7\u00e3o. Dessa forma, nem todos os consumidores ter\u00e3o direito ao abatimento de 90%.<\/span><\/p>\n<p class=\"p2\"><span class=\"s2\"><b>Condi\u00e7\u00f5es<\/b><\/span><\/p>\n<p class=\"p1\"><span class=\"s2\">Quando a renegocia\u00e7\u00e3o \u00e9 feita por meio de uma nova opera\u00e7\u00e3o de cr\u00e9dito, o programa estabelece condi\u00e7\u00f5es espec\u00edficas:<\/span><\/p>\n<ul class=\"ul1\">\n<li class=\"li3\"><span class=\"s2\">Juros m\u00e1ximos de 1,99% ao m\u00eas;<\/span><\/li>\n<li class=\"li3\"><span class=\"s2\">Prazo de at\u00e9 48 meses;<\/span><\/li>\n<li class=\"li3\"><span class=\"s2\">Parcela m\u00ednima de R$ 50;<\/span><\/li>\n<li class=\"li3\"><span class=\"s2\">Limite de at\u00e9 R$ 15 mil por benefici\u00e1rio em cada institui\u00e7\u00e3o financeira;<\/span><\/li>\n<li class=\"li3\"><span class=\"s2\">Primeira parcela em at\u00e9 35 dias;<\/span><\/li>\n<li class=\"li3\"><span class=\"s2\">Possibilidade de desconto sobre a d\u00edvida original;<\/span><\/li>\n<li class=\"li3\"><span class=\"s2\">Garantia do Fundo Garantidor de Opera\u00e7\u00f5es (FGO).<\/span><\/li>\n<\/ul>\n<p class=\"p1\"><span class=\"s2\">Na pr\u00e1tica, o novo cr\u00e9dito substitui os d\u00e9bitos eleg\u00edveis por uma opera\u00e7\u00e3o com condi\u00e7\u00f5es definidas dentro dos limites do programa.<\/span><\/p>\n<p class=\"p2\"><span class=\"s2\"><b>Como fazer<\/b><\/span><\/p>\n<p class=\"p1\"><span class=\"s2\">N\u00e3o existe uma plataforma \u00fanica do governo para formalizar a renegocia\u00e7\u00e3o. <b>O consumidor deve procurar diretamente a institui\u00e7\u00e3o financeira onde a d\u00edvida est\u00e1 registrada.<\/b><\/span><\/p>\n<p class=\"p1\"><span class=\"s2\">O atendimento pode ser feito, conforme os canais disponibilizados por cada banco, pelo aplicativo, <i>internet banking<\/i>, site, telefone, WhatsApp ou ag\u00eancia f\u00edsica.<\/span><\/p>\n<p class=\"p1\"><span class=\"s2\"><b>Durante a negocia\u00e7\u00e3o, a institui\u00e7\u00e3o informa se o d\u00e9bito \u00e9 eleg\u00edvel e apresenta as condi\u00e7\u00f5es dispon\u00edveis.<\/b><\/span><\/p>\n<p class=\"p1\"><span class=\"s2\">Entre as institui\u00e7\u00f5es que participam da iniciativa est\u00e3o Caixa Econ\u00f4mica Federal, Banco do Brasil, Ita\u00fa, Bradesco, Santander e Nubank.<\/span><\/p>\n<p class=\"p2\"><span class=\"s2\">Nome sai do cadastro<\/span><\/p>\n<p class=\"p1\"><span class=\"s2\">A retirada da d\u00edvida dos cadastros de inadimplentes n\u00e3o ocorre simplesmente com a assinatura do acordo.<\/span><\/p>\n<p class=\"p1\"><span class=\"s2\">Nas renegocia\u00e7\u00f5es realizadas por meio da nova opera\u00e7\u00e3o de cr\u00e9dito, a institui\u00e7\u00e3o financeira deve providenciar a retirada da d\u00edvida ap\u00f3s o pagamento da primeira parcela.<\/span><\/p>\n<p class=\"p1\"><span class=\"s2\">O consumidor, portanto, precisa cumprir as condi\u00e7\u00f5es previstas no contrato para manter a regulariza\u00e7\u00e3o.<\/span><\/p>\n<p class=\"p2\"><span class=\"s2\">FGTS pode ser usado<\/span><\/p>\n<p class=\"p1\"><span class=\"s2\">Uma das possibilidades previstas no programa \u00e9 usar recursos do Fundo de Garantia do Tempo de Servi\u00e7o (FGTS) para amortizar ou quitar a d\u00edvida renegociada.<\/span><\/p>\n<p class=\"p1\"><span class=\"s2\">Podem ser usados recursos de contas ativas e inativas, com prioridade para as contas inativas. O trabalhador pode utilizar o valor que for maior entre:<\/span><\/p>\n<ul class=\"ul1\">\n<li class=\"li3\"><span class=\"s2\">At\u00e9 R$ 1 mil; ou<\/span><\/li>\n<li class=\"li3\"><span class=\"s2\">At\u00e9 20% do saldo dispon\u00edvel no FGTS.<\/span><\/li>\n<\/ul>\n<p class=\"p1\"><span class=\"s2\">A utiliza\u00e7\u00e3o depende da contrata\u00e7\u00e3o da opera\u00e7\u00e3o e da autoriza\u00e7\u00e3o do trabalhador, al\u00e9m dos procedimentos com a institui\u00e7\u00e3o financeira.<\/span><\/p>\n<p class=\"p1\"><span class=\"s2\">Para autorizar o uso do saldo, o trabalhador deve acessar o aplicativo FGTS, consultar o valor dispon\u00edvel e permitir o compartilhamento da quantia com o banco respons\u00e1vel pela d\u00edvida.<\/span><\/p>\n<p class=\"p1\"><span class=\"s2\">Depois da autoriza\u00e7\u00e3o, os bancos t\u00eam prazo de at\u00e9 30 dias para formalizar o contrato com a Caixa Econ\u00f4mica Federal, que far\u00e1 a transfer\u00eancia do valor diretamente \u00e0 institui\u00e7\u00e3o financeira.<\/span><\/p>\n<p class=\"p2\"><span class=\"s2\"><b>Banco \u00e9 obrigado a renegociar?<\/b><\/span><\/p>\n<p class=\"p1\"><span class=\"s2\">N\u00e3o. <b>A participa\u00e7\u00e3o das institui\u00e7\u00f5es financeiras \u00e9 volunt\u00e1ria.<\/b><\/span><\/p>\n<p class=\"p1\"><span class=\"s2\">Mesmo quem atende aos crit\u00e9rios de renda e tem uma d\u00edvida que se enquadra nas regras s\u00f3 poder\u00e1 renegoci\u00e1-la pelo programa se o banco ou financeira respons\u00e1vel tiver aderido \u00e0 iniciativa e oferecer a opera\u00e7\u00e3o.<\/span><\/p>\n<p class=\"p2\"><span class=\"s2\"><b>E quem est\u00e1 em dia?<\/b><\/span><\/p>\n<p class=\"p1\"><span class=\"s2\"><b>O Novo Desenrola tamb\u00e9m possui uma modalidade diferente para consumidores que n\u00e3o est\u00e3o inadimplentes.<\/b><\/span><\/p>\n<p class=\"p1\"><span class=\"s2\">O Desenrola Adimplente \u00e9 destinado a pessoas que mant\u00eam os pagamentos em dia, mas desejam reduzir o custo de empr\u00e9stimos j\u00e1 contratados. A proposta \u00e9 substituir opera\u00e7\u00f5es mais caras por um novo cr\u00e9dito com condi\u00e7\u00f5es mais favor\u00e1veis antes que o consumidor entre em atraso.<\/span><\/p>\n<p class=\"p1\"><span class=\"s2\">O programa tamb\u00e9m contempla regras espec\u00edficas para outros p\u00fablicos, como estudantes com d\u00edvidas do Fundo de Financiamento Estudantil (Fies), produtores rurais e micro e pequenas empresas.<\/span><\/p>\n<p class=\"p2\"><span class=\"s2\"><b>Formaliza\u00e7\u00e3o<\/b><\/span><\/p>\n<p class=\"p1\"><span class=\"s2\"><b>O prazo de 31 de agosto vale para a formaliza\u00e7\u00e3o do acordo, n\u00e3o para a entrada do pedido.<\/b><\/span><\/p>\n<p class=\"p1\"><span class=\"s2\">Como a institui\u00e7\u00e3o financeira precisa verificar a elegibilidade da d\u00edvida e apresentar as condi\u00e7\u00f5es da opera\u00e7\u00e3o, a recomenda\u00e7\u00e3o \u00e9 iniciar o atendimento antes do \u00faltimo dia do prazo.<\/span><\/p>\n<p class=\"p1\"><span class=\"s2\">O consumidor tamb\u00e9m deve comparar as condi\u00e7\u00f5es oferecidas, conferir o valor total a ser pago, a taxa de juros, o n\u00famero de parcelas e as consequ\u00eancias de eventual novo atraso antes de concluir a renegocia\u00e7\u00e3o.<\/span><\/p>\n<div style=\"background-color: #f4f4f5; border: 1px solid #d4d4d8; padding: 15px; margin: 20px 0; border-radius: 6px; font-family: sans-serif; line-height: 1.5;\">\n    <span style=\"color: #27272a;\">Inscreva-se em nosso Canal no Whatsapp e fique por dentro de tudo que acontece na regi\u00e3o. <\/span><br \/>\n    <a href=\"https:\/\/whatsapp.com\/channel\/0029VanuE2o7z4kYjo0XVS3u\" target=\"_blank\" rel=\"noopener noreferrer\" style=\"color: #16a34a; font-weight: bold; text-decoration: underline;\">Clique Aqui!<\/a>\n<\/div>\n<\/div>\n<p><br \/>\n<br \/><a href=\"https:\/\/www.tribunaribeirao.com.br\/programa-de-renegociacao-de-dividas-termina-nesta-segunda\/\">Texto original daqui <\/a><\/p>\n<!-- CONTENT END 1 -->\n","protected":false},"excerpt":{"rendered":"<p>Prorrogado no in\u00edcio de agosto, o Novo Desenrola Brasil, programa do governo federal voltado \u00e0 renegocia\u00e7\u00e3o de d\u00edvidas banc\u00e1rias, termina na pr\u00f3xima segunda-feira (31). A&#8230;<\/p>\n","protected":false},"author":1,"featured_media":90793,"comment_status":"","ping_status":"","sticky":false,"template":"","format":"standard","meta":{"advanced_seo_description":"","jetpack_seo_html_title":"","jetpack_seo_noindex":false,"jetpack_seo_schema_type":"","_jetpack_newsletter_access":"","_jetpack_dont_email_post_to_subs":false,"_jetpack_newsletter_tier_id":0,"_jetpack_memberships_contains_paywalled_content":false,"_jetpack_feature_clip_id":0,"_jetpack_memberships_contains_paid_content":false,"footnotes":"","jetpack_publicize_message":"","jetpack_publicize_feature_enabled":true,"jetpack_social_post_already_shared":true,"jetpack_social_options":{"image_generator_settings":{"template":"highway","default_image_id":0,"font":"","enabled":false},"version":2},"jetpack_post_was_ever_published":false},"categories":[11],"tags":[2899,207,1071,8192,839,186],"class_list":["post-90792","post","type-post","status-publish","format-standard","has-post-thumbnail","hentry","category-noticias-de-ribeirao-preto-sp-e-regiao-ismael-colosi","tag-dividas","tag-nesta","tag-programa","tag-renegociacao","tag-segunda","tag-termina"],"jetpack_publicize_connections":[],"jetpack-related-posts":[{"id":89281,"url":"https:\/\/noticiasribeiraopreto.com.br\/index.php\/2026\/08\/02\/desenrola-brasil-2-0-e-prorrogado-ate-31-de-agosto-para-renegociacao-de-dividas\/","url_meta":{"origin":90792,"position":0},"title":"Desenrola Brasil 2.0 \u00e9 prorrogado at\u00e9 31 de agosto para renegocia\u00e7\u00e3o de d\u00edvidas","author":"noticiasribeiraopreto.com.br","date":"2 de August de 2026","format":false,"excerpt":"O governo federal prorrogou o prazo do programa Desenrola Brasil 2.0 para renegocia\u00e7\u00e3o de d\u00edvidas banc\u00e1rias. A decis\u00e3o foi oficializada neste s\u00e1bado (1\u00ba), por meio de portaria do Minist\u00e9rio da Fazenda publicada no Di\u00e1rio Oficial da Uni\u00e3o. Com a mudan\u00e7a, os consumidores poder\u00e3o renegociar os d\u00e9bitos com institui\u00e7\u00f5es financeiras at\u00e9\u2026","rel":"","context":"In &quot;Not\u00edcias de Ribeir\u00e3o Preto-SP e Regi\u00e3o&quot;","block_context":{"text":"Not\u00edcias de Ribeir\u00e3o Preto-SP e Regi\u00e3o","link":"https:\/\/noticiasribeiraopreto.com.br\/index.php\/category\/noticias-de-ribeirao-preto-sp-e-regiao-ismael-colosi\/"},"img":{"alt_text":"","src":"https:\/\/i0.wp.com\/noticiasribeiraopreto.com.br\/wp-content\/uploads\/2026\/08\/AGIOTA_2026-05-12_18-01-11.webp.webp?fit=1200%2C675&ssl=1&resize=350%2C200","width":350,"height":200,"srcset":"https:\/\/i0.wp.com\/noticiasribeiraopreto.com.br\/wp-content\/uploads\/2026\/08\/AGIOTA_2026-05-12_18-01-11.webp.webp?fit=1200%2C675&ssl=1&resize=350%2C200 1x, https:\/\/i0.wp.com\/noticiasribeiraopreto.com.br\/wp-content\/uploads\/2026\/08\/AGIOTA_2026-05-12_18-01-11.webp.webp?fit=1200%2C675&ssl=1&resize=525%2C300 1.5x, https:\/\/i0.wp.com\/noticiasribeiraopreto.com.br\/wp-content\/uploads\/2026\/08\/AGIOTA_2026-05-12_18-01-11.webp.webp?fit=1200%2C675&ssl=1&resize=700%2C400 2x, https:\/\/i0.wp.com\/noticiasribeiraopreto.com.br\/wp-content\/uploads\/2026\/08\/AGIOTA_2026-05-12_18-01-11.webp.webp?fit=1200%2C675&ssl=1&resize=1050%2C600 3x"},"classes":[]},{"id":90781,"url":"https:\/\/noticiasribeiraopreto.com.br\/index.php\/2026\/08\/31\/novo-desenrola-brasil-chega-a-29-mil-acordos-na-regiao-de-ribeirao-preto\/","url_meta":{"origin":90792,"position":1},"title":"Novo Desenrola Brasil chega a 29 mil acordos na regi\u00e3o de Ribeir\u00e3o Preto","author":"noticiasribeiraopreto.com.br","date":"31 de August de 2026","format":false,"excerpt":"O Novo Desenrola Brasil chegou a 29.228 acordos de renegocia\u00e7\u00e3o de d\u00edvidas na regi\u00e3o de Ribeir\u00e3o Preto at\u00e9 18 de agosto. O n\u00famero representa um crescimento de 32,6% em compara\u00e7\u00e3o com o fim de julho, quando o programa contabilizava 22.039 acordos. O prazo para aderir ao programa termina nesta segunda-feira,\u2026","rel":"","context":"In &quot;Not\u00edcias de Ribeir\u00e3o Preto-SP e Regi\u00e3o&quot;","block_context":{"text":"Not\u00edcias de Ribeir\u00e3o Preto-SP e Regi\u00e3o","link":"https:\/\/noticiasribeiraopreto.com.br\/index.php\/category\/noticias-de-ribeirao-preto-sp-e-regiao-ismael-colosi\/"},"img":{"alt_text":"","src":"https:\/\/i0.wp.com\/noticiasribeiraopreto.com.br\/wp-content\/uploads\/2026\/08\/desenrola.jpg?fit=1200%2C675&ssl=1&resize=350%2C200","width":350,"height":200,"srcset":"https:\/\/i0.wp.com\/noticiasribeiraopreto.com.br\/wp-content\/uploads\/2026\/08\/desenrola.jpg?fit=1200%2C675&ssl=1&resize=350%2C200 1x, https:\/\/i0.wp.com\/noticiasribeiraopreto.com.br\/wp-content\/uploads\/2026\/08\/desenrola.jpg?fit=1200%2C675&ssl=1&resize=525%2C300 1.5x, https:\/\/i0.wp.com\/noticiasribeiraopreto.com.br\/wp-content\/uploads\/2026\/08\/desenrola.jpg?fit=1200%2C675&ssl=1&resize=700%2C400 2x, https:\/\/i0.wp.com\/noticiasribeiraopreto.com.br\/wp-content\/uploads\/2026\/08\/desenrola.jpg?fit=1200%2C675&ssl=1&resize=1050%2C600 3x"},"classes":[]},{"id":49769,"url":"https:\/\/noticiasribeiraopreto.com.br\/index.php\/2024\/05\/13\/veja-como-participar-do-desenrola-para-meis-e-micro-e-pequenas-empresas\/","url_meta":{"origin":90792,"position":2},"title":"Veja como participar do Desenrola para MEIs e micro e pequenas empresas","author":"noticiasribeiraopreto.com.br","date":"13 de May de 2024","format":false,"excerpt":"Os bancos come\u00e7am a oferecer, a partir desta segunda-feira (13), uma alternativa para renegocia\u00e7\u00e3o de d\u00edvidas banc\u00e1rias de MEI (Microempreendedores Individuais) e micro e pequenas empresas que faturem at\u00e9 R$ 4,8 milh\u00f5es anuais. Ser\u00e3o renegociadas d\u00edvidas n\u00e3o pagas at\u00e9 23 de janeiro de 2024. Essa renegocia\u00e7\u00e3o \u00e9 importante para o\u2026","rel":"","context":"In &quot;Not\u00edcias de Ribeir\u00e3o Preto-SP e Regi\u00e3o&quot;","block_context":{"text":"Not\u00edcias de Ribeir\u00e3o Preto-SP e Regi\u00e3o","link":"https:\/\/noticiasribeiraopreto.com.br\/index.php\/category\/noticias-de-ribeirao-preto-sp-e-regiao-ismael-colosi\/"},"img":{"alt_text":"","src":"https:\/\/i0.wp.com\/noticiasribeiraopreto.com.br\/wp-content\/uploads\/2024\/05\/AnyConv.com__desenrola_2024-05-13_14-03-37.webp.webp?fit=1159%2C691&ssl=1&resize=350%2C200","width":350,"height":200,"srcset":"https:\/\/i0.wp.com\/noticiasribeiraopreto.com.br\/wp-content\/uploads\/2024\/05\/AnyConv.com__desenrola_2024-05-13_14-03-37.webp.webp?fit=1159%2C691&ssl=1&resize=350%2C200 1x, https:\/\/i0.wp.com\/noticiasribeiraopreto.com.br\/wp-content\/uploads\/2024\/05\/AnyConv.com__desenrola_2024-05-13_14-03-37.webp.webp?fit=1159%2C691&ssl=1&resize=525%2C300 1.5x, https:\/\/i0.wp.com\/noticiasribeiraopreto.com.br\/wp-content\/uploads\/2024\/05\/AnyConv.com__desenrola_2024-05-13_14-03-37.webp.webp?fit=1159%2C691&ssl=1&resize=700%2C400 2x, https:\/\/i0.wp.com\/noticiasribeiraopreto.com.br\/wp-content\/uploads\/2024\/05\/AnyConv.com__desenrola_2024-05-13_14-03-37.webp.webp?fit=1159%2C691&ssl=1&resize=1050%2C600 3x"},"classes":[]},{"id":90561,"url":"https:\/\/noticiasribeiraopreto.com.br\/index.php\/2026\/08\/25\/regiao-de-rp-negocia-29-228-dividas\/","url_meta":{"origin":90792,"position":3},"title":"Regi\u00e3o de RP negocia 29.228 d\u00edvidas","author":"noticiasribeiraopreto.com.br","date":"25 de August de 2026","format":false,"excerpt":"\r \r \r 25 de agosto de 2026 06:5825 de agosto de 2026 06:55 \r Compartilhar0 Novo Desenrola entra na \u00faltima semana com mais de 29 mil acordos na regi\u00e3o de Ribeir\u00e3o Preto A uma semana do fim do Novo Desenrola Brasil, a regi\u00e3o de Ribeir\u00e3o Preto ultrapassou a marca\u2026","rel":"","context":"In &quot;Not\u00edcias de Ribeir\u00e3o Preto-SP e Regi\u00e3o&quot;","block_context":{"text":"Not\u00edcias de Ribeir\u00e3o Preto-SP e Regi\u00e3o","link":"https:\/\/noticiasribeiraopreto.com.br\/index.php\/category\/noticias-de-ribeirao-preto-sp-e-regiao-ismael-colosi\/"},"img":{"alt_text":"","src":"https:\/\/i0.wp.com\/noticiasribeiraopreto.com.br\/wp-content\/uploads\/2026\/08\/Desenrola-Joedson-Alves-Ag.Br_.jpg?fit=1170%2C700&ssl=1&resize=350%2C200","width":350,"height":200,"srcset":"https:\/\/i0.wp.com\/noticiasribeiraopreto.com.br\/wp-content\/uploads\/2026\/08\/Desenrola-Joedson-Alves-Ag.Br_.jpg?fit=1170%2C700&ssl=1&resize=350%2C200 1x, https:\/\/i0.wp.com\/noticiasribeiraopreto.com.br\/wp-content\/uploads\/2026\/08\/Desenrola-Joedson-Alves-Ag.Br_.jpg?fit=1170%2C700&ssl=1&resize=525%2C300 1.5x, https:\/\/i0.wp.com\/noticiasribeiraopreto.com.br\/wp-content\/uploads\/2026\/08\/Desenrola-Joedson-Alves-Ag.Br_.jpg?fit=1170%2C700&ssl=1&resize=700%2C400 2x, https:\/\/i0.wp.com\/noticiasribeiraopreto.com.br\/wp-content\/uploads\/2026\/08\/Desenrola-Joedson-Alves-Ag.Br_.jpg?fit=1170%2C700&ssl=1&resize=1050%2C600 3x"},"classes":[]},{"id":60802,"url":"https:\/\/noticiasribeiraopreto.com.br\/index.php\/2024\/11\/26\/ribeirao-preto-recebe-mutirao-de-renegociacao-de-dividas-do-ipva-nesta-terca\/","url_meta":{"origin":90792,"position":4},"title":"Ribeir\u00e3o Preto recebe mutir\u00e3o de renegocia\u00e7\u00e3o de d\u00edvidas do IPVA nesta ter\u00e7a","author":"noticiasribeiraopreto.com.br","date":"26 de November de 2024","format":false,"excerpt":"Ribeir\u00e3o Preto recebe, nesta ter\u00e7a-feira (26), o programa Acordo Paulista para a renegocia\u00e7\u00e3o de d\u00edvidas com mais de dois anos de atraso, principalmente do IPVA (Imposto sobre a Propriedade de Ve\u00edculos Automotores). A a\u00e7\u00e3o ser\u00e1 realizada no Poupatempo, das 13h \u00e0s 17h, na avenida Presidente Kennedy, 1.500, no bairro Ribeir\u00e2nia.\u2026","rel":"","context":"In &quot;Not\u00edcias de Ribeir\u00e3o Preto-SP e Regi\u00e3o&quot;","block_context":{"text":"Not\u00edcias de Ribeir\u00e3o Preto-SP e Regi\u00e3o","link":"https:\/\/noticiasribeiraopreto.com.br\/index.php\/category\/noticias-de-ribeirao-preto-sp-e-regiao-ismael-colosi\/"},"img":{"alt_text":"","src":"https:\/\/i0.wp.com\/noticiasribeiraopreto.com.br\/wp-content\/uploads\/2024\/11\/ipva_podera_1200x675_14122021113202.jpg?fit=1200%2C675&ssl=1&resize=350%2C200","width":350,"height":200,"srcset":"https:\/\/i0.wp.com\/noticiasribeiraopreto.com.br\/wp-content\/uploads\/2024\/11\/ipva_podera_1200x675_14122021113202.jpg?fit=1200%2C675&ssl=1&resize=350%2C200 1x, https:\/\/i0.wp.com\/noticiasribeiraopreto.com.br\/wp-content\/uploads\/2024\/11\/ipva_podera_1200x675_14122021113202.jpg?fit=1200%2C675&ssl=1&resize=525%2C300 1.5x, https:\/\/i0.wp.com\/noticiasribeiraopreto.com.br\/wp-content\/uploads\/2024\/11\/ipva_podera_1200x675_14122021113202.jpg?fit=1200%2C675&ssl=1&resize=700%2C400 2x, https:\/\/i0.wp.com\/noticiasribeiraopreto.com.br\/wp-content\/uploads\/2024\/11\/ipva_podera_1200x675_14122021113202.jpg?fit=1200%2C675&ssl=1&resize=1050%2C600 3x"},"classes":[]},{"id":33382,"url":"https:\/\/noticiasribeiraopreto.com.br\/index.php\/2024\/01\/29\/fazenda-define-procedimentos-para-casos-de-inadimplencia-e-facilita-acesso-ao-desenrola\/","url_meta":{"origin":90792,"position":5},"title":"Fazenda define procedimentos para casos de inadimpl\u00eancia e facilita acesso ao Desenrola","author":"noticiasribeiraopreto.com.br","date":"29 de January de 2024","format":false,"excerpt":"29 de janeiro de 2024 | 13:0029 de janeiro de 2024 | 10:08 0O Minist\u00e9rio da Fazenda publicou nesta segunda-feira, 29, no Di\u00e1rio Oficial da Uni\u00e3o (DOU)\u00a0nova portaria sobre o Desenrola Brasil, que foi prorrogado at\u00e9 mar\u00e7o deste ano. O ato traz procedimentos a serem adotados pelos agentes financeiros no\u2026","rel":"","context":"In &quot;Not\u00edcias de Ribeir\u00e3o Preto-SP e Regi\u00e3o&quot;","block_context":{"text":"Not\u00edcias de Ribeir\u00e3o Preto-SP e Regi\u00e3o","link":"https:\/\/noticiasribeiraopreto.com.br\/index.php\/category\/noticias-de-ribeirao-preto-sp-e-regiao-ismael-colosi\/"},"img":{"alt_text":"","src":"https:\/\/i0.wp.com\/noticiasribeiraopreto.com.br\/wp-content\/uploads\/2024\/01\/shutterstock_2338507547-scaled.jpg?fit=1000%2C563&ssl=1&resize=350%2C200","width":350,"height":200,"srcset":"https:\/\/i0.wp.com\/noticiasribeiraopreto.com.br\/wp-content\/uploads\/2024\/01\/shutterstock_2338507547-scaled.jpg?fit=1000%2C563&ssl=1&resize=350%2C200 1x, https:\/\/i0.wp.com\/noticiasribeiraopreto.com.br\/wp-content\/uploads\/2024\/01\/shutterstock_2338507547-scaled.jpg?fit=1000%2C563&ssl=1&resize=525%2C300 1.5x, https:\/\/i0.wp.com\/noticiasribeiraopreto.com.br\/wp-content\/uploads\/2024\/01\/shutterstock_2338507547-scaled.jpg?fit=1000%2C563&ssl=1&resize=700%2C400 2x"},"classes":[]}],"jetpack_sharing_enabled":true,"jetpack_shortlink":"https:\/\/wp.me\/peQAOb-nCo","jetpack_featured_media_url":"https:\/\/i0.wp.com\/noticiasribeiraopreto.com.br\/wp-content\/uploads\/2026\/08\/real_moeda_dinheiro_mcajr_2904223671.webp.webp?fit=1170%2C700&ssl=1","_links":{"self":[{"href":"https:\/\/noticiasribeiraopreto.com.br\/index.php\/wp-json\/wp\/v2\/posts\/90792","targetHints":{"allow":["GET"]}}],"collection":[{"href":"https:\/\/noticiasribeiraopreto.com.br\/index.php\/wp-json\/wp\/v2\/posts"}],"about":[{"href":"https:\/\/noticiasribeiraopreto.com.br\/index.php\/wp-json\/wp\/v2\/types\/post"}],"author":[{"embeddable":true,"href":"https:\/\/noticiasribeiraopreto.com.br\/index.php\/wp-json\/wp\/v2\/users\/1"}],"replies":[{"embeddable":true,"href":"https:\/\/noticiasribeiraopreto.com.br\/index.php\/wp-json\/wp\/v2\/comments?post=90792"}],"version-history":[{"count":0,"href":"https:\/\/noticiasribeiraopreto.com.br\/index.php\/wp-json\/wp\/v2\/posts\/90792\/revisions"}],"wp:featuredmedia":[{"embeddable":true,"href":"https:\/\/noticiasribeiraopreto.com.br\/index.php\/wp-json\/wp\/v2\/media\/90793"}],"wp:attachment":[{"href":"https:\/\/noticiasribeiraopreto.com.br\/index.php\/wp-json\/wp\/v2\/media?parent=90792"}],"wp:term":[{"taxonomy":"category","embeddable":true,"href":"https:\/\/noticiasribeiraopreto.com.br\/index.php\/wp-json\/wp\/v2\/categories?post=90792"},{"taxonomy":"post_tag","embeddable":true,"href":"https:\/\/noticiasribeiraopreto.com.br\/index.php\/wp-json\/wp\/v2\/tags?post=90792"}],"curies":[{"name":"wp","href":"https:\/\/api.w.org\/{rel}","templated":true}]}}