{"id":90794,"date":"2026-08-31T06:51:25","date_gmt":"2026-08-31T09:51:25","guid":{"rendered":"https:\/\/noticiasribeiraopreto.com.br\/index.php\/2026\/08\/31\/rascunho-automatico\/"},"modified":"2026-08-31T06:51:25","modified_gmt":"2026-08-31T09:51:25","slug":"rascunho-automatico","status":"publish","type":"post","link":"https:\/\/noticiasribeiraopreto.com.br\/index.php\/2026\/08\/31\/rascunho-automatico\/","title":{"rendered":"Cantor sertanejo morre aos 54 anos em Ribeir\u00e3o Preto"},"content":{"rendered":"<div class='code-block code-block-1' style='margin: 8px 0 8px auto; text-align: right; display: block; clear: both;'>\n<p><a href=\"https:\/\/wa.link\/vpicfd\"><img data-recalc-dims=\"1\" class=\"wp-image-4922\" style=\"aspect-ratio: 2.0253164556962027; width: 561px; height: auto;\" src=\"https:\/\/i0.wp.com\/ismaelcolosi.com.br\/wp-content\/uploads\/2023\/11\/grupo-de-empregos-whatsapp-e-facebook-ismael-colosi-vagas.jpg?ssl=1\" alt=\"\" \/><\/a><\/p>\n<!-- \/wp:image -->\n<\/div>\n<p> <br \/>\n<\/p>\n<p>Morreu na madrugada desta segunda-feira (31), aos 54 anos, o cantor sertanejo Marcelo Gasparini. O artista havia sido diagnosticado com com\u00a0<strong>leucemia mieloide aguda (LMA) no dia 17 de mar\u00e7o de 2026.<\/strong><\/p>\n<p>O artista \u00e9 irm\u00e3o do\u00a0<a href=\"https:\/\/www.camararibeiraopreto.sp.gov.br\/vereadores\" target=\"_blank\" rel=\"noopener\"><strong>vereador Maur\u00edcio Gasparini (Uni\u00e3o)<\/strong><\/a>\u00a0e\u00a0<strong>filho do ex-prefeito Welson Gasparini<\/strong>, nomes conhecidos na\u00a0<strong>pol\u00edtica de Ribeir\u00e3o Preto<\/strong>.<\/p>\n<p>As homenagens ao artista ser\u00e3o realizadas a partir das 9h,\u00a0\u00a0no vel\u00f3rio da Paz, localizado na avenida das L\u00e1grimas, 245, no Jardim Zara, zona Leste do munic\u00edpio.<\/p>\n<p>O sepultamento est\u00e1 previsto para acontecer \u00e0s 15, no Cemit\u00e9rio Bom Pastor.<\/p>\n<p><em>*Mat\u00e9ria em atualiza\u00e7\u00e3o <\/em><\/p>\n<p>O post Cantor sertanejo morre aos 54 anos em Ribeir\u00e3o Preto apareceu primeiro em ACidade ON Ribeir\u00e3o Preto.<\/p>\n<p><br \/>\n<br \/><a href=\"https:\/\/www.acidadeon.com\/ribeiraopreto\/cotidiano\/rascunho-automatico\/\">Link para o texto original aqui <\/a><\/p>\n<!-- CONTENT END 1 -->\n","protected":false},"excerpt":{"rendered":"<p>Morreu na madrugada desta segunda-feira (31), aos 54 anos, o cantor sertanejo Marcelo Gasparini. O artista havia sido diagnosticado com com\u00a0leucemia mieloide aguda (LMA) no&#8230;<\/p>\n","protected":false},"author":1,"featured_media":90795,"comment_status":"","ping_status":"","sticky":false,"template":"","format":"standard","meta":{"advanced_seo_description":"","jetpack_seo_html_title":"","jetpack_seo_noindex":false,"jetpack_seo_schema_type":"","_jetpack_newsletter_access":"","_jetpack_dont_email_post_to_subs":false,"_jetpack_newsletter_tier_id":0,"_jetpack_memberships_contains_paywalled_content":false,"_jetpack_feature_clip_id":0,"_jetpack_memberships_contains_paid_content":false,"footnotes":"","jetpack_publicize_message":"","jetpack_publicize_feature_enabled":true,"jetpack_social_post_already_shared":true,"jetpack_social_options":{"image_generator_settings":{"template":"highway","default_image_id":0,"font":"","enabled":false},"version":2},"jetpack_post_was_ever_published":false},"categories":[11],"tags":[84,1428,53,271,27,26,2993],"class_list":["post-90794","post","type-post","status-publish","format-standard","has-post-thumbnail","hentry","category-noticias-de-ribeirao-preto-sp-e-regiao-ismael-colosi","tag-anos","tag-aos","tag-cantor","tag-morre","tag-preto","tag-ribeirao","tag-sertanejo"],"jetpack_publicize_connections":[],"jetpack-related-posts":[{"id":24312,"url":"https:\/\/noticiasribeiraopreto.com.br\/index.php\/2024\/01\/04\/morre-aos-41-anos-o-cantor-sertanejo-joao-carreiro\/","url_meta":{"origin":90794,"position":0},"title":"Morre, aos 41 anos, o cantor sertanejo Jo\u00e3o Carreiro","author":"noticiasribeiraopreto.com.br","date":"4 de January de 2024","format":false,"excerpt":"O cantor sertanejo Jo\u00e3o Carreiro morreu, aos 41 anos, na noite desta quarta-feira (3). Ele n\u00e3o resistiu a uma cirurgia feita para colocar uma v\u00e1lvula no cora\u00e7\u00e3o.\u00a0 A informa\u00e7\u00e3o foi confirmada\u00a0pelo empres\u00e1rio do artista. Jo\u00e3o Carreiro se apresentou em Franca, na regi\u00e3o de Ribeir\u00e3o Preto, em dezembro de 2023.\u00a0 O\u2026","rel":"","context":"In &quot;Not\u00edcias de Ribeir\u00e3o Preto-SP e Regi\u00e3o&quot;","block_context":{"text":"Not\u00edcias de Ribeir\u00e3o Preto-SP e Regi\u00e3o","link":"https:\/\/noticiasribeiraopreto.com.br\/index.php\/category\/noticias-de-ribeirao-preto-sp-e-regiao-ismael-colosi\/"},"img":{"alt_text":"","src":"https:\/\/i0.wp.com\/noticiasribeiraopreto.com.br\/wp-content\/uploads\/2024\/01\/photo-output-1024x683.png?fit=1024%2C683&ssl=1&resize=350%2C200","width":350,"height":200,"srcset":"https:\/\/i0.wp.com\/noticiasribeiraopreto.com.br\/wp-content\/uploads\/2024\/01\/photo-output-1024x683.png?fit=1024%2C683&ssl=1&resize=350%2C200 1x, https:\/\/i0.wp.com\/noticiasribeiraopreto.com.br\/wp-content\/uploads\/2024\/01\/photo-output-1024x683.png?fit=1024%2C683&ssl=1&resize=525%2C300 1.5x, https:\/\/i0.wp.com\/noticiasribeiraopreto.com.br\/wp-content\/uploads\/2024\/01\/photo-output-1024x683.png?fit=1024%2C683&ssl=1&resize=700%2C400 2x"},"classes":[]},{"id":62623,"url":"https:\/\/noticiasribeiraopreto.com.br\/index.php\/2025\/01\/19\/cantor-sertanejo-morre-aos-33-anos-no-interior-de-sp\/","url_meta":{"origin":90794,"position":1},"title":"Cantor sertanejo morre aos 33 anos no interior de SP","author":"noticiasribeiraopreto.com.br","date":"19 de January de 2025","format":false,"excerpt":"Morreu neste s\u00e1bado (18), o cantor sertanejo Rodolfo F\u00e1vero, de 33 anos, natural de Guariba, cidade na regi\u00e3o de Ribeir\u00e3o Preto. A informa\u00e7\u00e3o foi confirmada atrav\u00e9s de uma nota nas redes sociais do artista, que era conhecido como \u201ca voz bruta do sertanejo\u201d. \u201c\u00c9 com pesar que comunicamos o falecimento\u2026","rel":"","context":"In &quot;Not\u00edcias de Ribeir\u00e3o Preto-SP e Regi\u00e3o&quot;","block_context":{"text":"Not\u00edcias de Ribeir\u00e3o Preto-SP e Regi\u00e3o","link":"https:\/\/noticiasribeiraopreto.com.br\/index.php\/category\/noticias-de-ribeirao-preto-sp-e-regiao-ismael-colosi\/"},"img":{"alt_text":"","src":"https:\/\/i0.wp.com\/noticiasribeiraopreto.com.br\/wp-content\/uploads\/2025\/01\/Copia-de-Copia-de-Copia-de-TAMANHO-EXATO-PARA-FOTOS-NO-SISTEMA-NOVO-2025-01-19T172611.150_2025-01-19_20-26-36_png_2025-01-19_20-26-36.webp.webp?fit=1200%2C675&ssl=1&resize=350%2C200","width":350,"height":200,"srcset":"https:\/\/i0.wp.com\/noticiasribeiraopreto.com.br\/wp-content\/uploads\/2025\/01\/Copia-de-Copia-de-Copia-de-TAMANHO-EXATO-PARA-FOTOS-NO-SISTEMA-NOVO-2025-01-19T172611.150_2025-01-19_20-26-36_png_2025-01-19_20-26-36.webp.webp?fit=1200%2C675&ssl=1&resize=350%2C200 1x, https:\/\/i0.wp.com\/noticiasribeiraopreto.com.br\/wp-content\/uploads\/2025\/01\/Copia-de-Copia-de-Copia-de-TAMANHO-EXATO-PARA-FOTOS-NO-SISTEMA-NOVO-2025-01-19T172611.150_2025-01-19_20-26-36_png_2025-01-19_20-26-36.webp.webp?fit=1200%2C675&ssl=1&resize=525%2C300 1.5x, https:\/\/i0.wp.com\/noticiasribeiraopreto.com.br\/wp-content\/uploads\/2025\/01\/Copia-de-Copia-de-Copia-de-TAMANHO-EXATO-PARA-FOTOS-NO-SISTEMA-NOVO-2025-01-19T172611.150_2025-01-19_20-26-36_png_2025-01-19_20-26-36.webp.webp?fit=1200%2C675&ssl=1&resize=700%2C400 2x, https:\/\/i0.wp.com\/noticiasribeiraopreto.com.br\/wp-content\/uploads\/2025\/01\/Copia-de-Copia-de-Copia-de-TAMANHO-EXATO-PARA-FOTOS-NO-SISTEMA-NOVO-2025-01-19T172611.150_2025-01-19_20-26-36_png_2025-01-19_20-26-36.webp.webp?fit=1200%2C675&ssl=1&resize=1050%2C600 3x"},"classes":[]},{"id":90798,"url":"https:\/\/noticiasribeiraopreto.com.br\/index.php\/2026\/08\/31\/morre-cantor-marcelo-gasparini-apos-luta-contra-o-cancer\/","url_meta":{"origin":90794,"position":2},"title":"Morre cantor Marcelo Gasparini ap\u00f3s luta contra o c\u00e2ncer","author":"noticiasribeiraopreto.com.br","date":"31 de August de 2026","format":false,"excerpt":"O cantor sertanejo Marcelo Gasparini, integrante da dupla Maur\u00edcio e Marcelo, morreu, nesta segunfa-feira (31), aos 54 anos.Marcelo lutava contra um c\u00e2ncer e havia sido diagnosticado, em fevereiro deste ano, com Leucemia Mieloide Aguda (LMA).Ao lado do irm\u00e3o g\u00eameo, Maur\u00edcio Gasparini, Marcelo construiu uma trajet\u00f3ria marcada pela m\u00fasica, pela alegria\u2026","rel":"","context":"In &quot;Not\u00edcias de Ribeir\u00e3o Preto-SP e Regi\u00e3o&quot;","block_context":{"text":"Not\u00edcias de Ribeir\u00e3o Preto-SP e Regi\u00e3o","link":"https:\/\/noticiasribeiraopreto.com.br\/index.php\/category\/noticias-de-ribeirao-preto-sp-e-regiao-ismael-colosi\/"},"img":{"alt_text":"","src":"https:\/\/i0.wp.com\/noticiasribeiraopreto.com.br\/wp-content\/uploads\/2026\/08\/WhatsApp-Image-2026-08-31-at-06.25.58-1-e1788171077509.jpeg?fit=1075%2C850&ssl=1&resize=350%2C200","width":350,"height":200,"srcset":"https:\/\/i0.wp.com\/noticiasribeiraopreto.com.br\/wp-content\/uploads\/2026\/08\/WhatsApp-Image-2026-08-31-at-06.25.58-1-e1788171077509.jpeg?fit=1075%2C850&ssl=1&resize=350%2C200 1x, https:\/\/i0.wp.com\/noticiasribeiraopreto.com.br\/wp-content\/uploads\/2026\/08\/WhatsApp-Image-2026-08-31-at-06.25.58-1-e1788171077509.jpeg?fit=1075%2C850&ssl=1&resize=525%2C300 1.5x, https:\/\/i0.wp.com\/noticiasribeiraopreto.com.br\/wp-content\/uploads\/2026\/08\/WhatsApp-Image-2026-08-31-at-06.25.58-1-e1788171077509.jpeg?fit=1075%2C850&ssl=1&resize=700%2C400 2x, https:\/\/i0.wp.com\/noticiasribeiraopreto.com.br\/wp-content\/uploads\/2026\/08\/WhatsApp-Image-2026-08-31-at-06.25.58-1-e1788171077509.jpeg?fit=1075%2C850&ssl=1&resize=1050%2C600 3x"},"classes":[]},{"id":90802,"url":"https:\/\/noticiasribeiraopreto.com.br\/index.php\/2026\/08\/31\/morre-marcelo-gasparini-da-dupla-sertaneja-mauricio-e-marcelo\/","url_meta":{"origin":90794,"position":3},"title":"Morre Marcelo Gasparini, da dupla sertaneja Maur\u00edcio e Marcelo","author":"noticiasribeiraopreto.com.br","date":"31 de August de 2026","format":false,"excerpt":"\r \r \r 31 de agosto de 2026 08:15 \r Compartilhar0 Faleceu nesta segunda-feira (31), aos 54 anos, o cantor sertanejo Marcelo Gasparini, integrante da dupla Maur\u00edcio e Marcelo.\u00a0Marcelo lutava contra um c\u00e2ncer e havia sido diagnosticado, em fevereiro deste ano, com Leucemia Miel\u00f3ide Aguda (LMA). Ao lado do irm\u00e3o\u2026","rel":"","context":"In &quot;Not\u00edcias de Ribeir\u00e3o Preto-SP e Regi\u00e3o&quot;","block_context":{"text":"Not\u00edcias de Ribeir\u00e3o Preto-SP e Regi\u00e3o","link":"https:\/\/noticiasribeiraopreto.com.br\/index.php\/category\/noticias-de-ribeirao-preto-sp-e-regiao-ismael-colosi\/"},"img":{"alt_text":"","src":"https:\/\/i0.wp.com\/noticiasribeiraopreto.com.br\/wp-content\/uploads\/2026\/08\/m-gasparini.jpeg?fit=599%2C469&ssl=1&resize=350%2C200","width":350,"height":200,"srcset":"https:\/\/i0.wp.com\/noticiasribeiraopreto.com.br\/wp-content\/uploads\/2026\/08\/m-gasparini.jpeg?fit=599%2C469&ssl=1&resize=350%2C200 1x, https:\/\/i0.wp.com\/noticiasribeiraopreto.com.br\/wp-content\/uploads\/2026\/08\/m-gasparini.jpeg?fit=599%2C469&ssl=1&resize=525%2C300 1.5x"},"classes":[]},{"id":62647,"url":"https:\/\/noticiasribeiraopreto.com.br\/index.php\/2025\/01\/20\/quem-era-o-cantor-sertanejo-que-morreu-aos-33-anos-no-interior-de-sp\/","url_meta":{"origin":90794,"position":4},"title":"Quem era o cantor sertanejo que morreu aos 33 anos no interior de SP","author":"noticiasribeiraopreto.com.br","date":"20 de January de 2025","format":false,"excerpt":"O cantor sertanejo Rodolfo Favero morreu no \u00faltimo s\u00e1bado (18), v\u00edtima de uma parada card\u00edaca. Ele tinha 33 anos e era natural de Guariba, cidade na regi\u00e3o de Ribeir\u00e3o Preto. O artista chegou a ser internado no Hospital das Cl\u00ednicas de Ribeir\u00e3o Preto, contudo, o \u00f3bito foi confirmado no final\u2026","rel":"","context":"In &quot;Not\u00edcias de Ribeir\u00e3o Preto-SP e Regi\u00e3o&quot;","block_context":{"text":"Not\u00edcias de Ribeir\u00e3o Preto-SP e Regi\u00e3o","link":"https:\/\/noticiasribeiraopreto.com.br\/index.php\/category\/noticias-de-ribeirao-preto-sp-e-regiao-ismael-colosi\/"},"img":{"alt_text":"","src":"https:\/\/i0.wp.com\/noticiasribeiraopreto.com.br\/wp-content\/uploads\/2025\/01\/Copia-de-Copia-de-Copia-de-TAMANHO-EXATO-PARA-FOTOS-NO-SISTEMA-NOVO-2025-01-20T184145.876_2025-01-20_21-41-51_png_2025-01-20_21-41-51.webp.webp?fit=1200%2C675&ssl=1&resize=350%2C200","width":350,"height":200,"srcset":"https:\/\/i0.wp.com\/noticiasribeiraopreto.com.br\/wp-content\/uploads\/2025\/01\/Copia-de-Copia-de-Copia-de-TAMANHO-EXATO-PARA-FOTOS-NO-SISTEMA-NOVO-2025-01-20T184145.876_2025-01-20_21-41-51_png_2025-01-20_21-41-51.webp.webp?fit=1200%2C675&ssl=1&resize=350%2C200 1x, https:\/\/i0.wp.com\/noticiasribeiraopreto.com.br\/wp-content\/uploads\/2025\/01\/Copia-de-Copia-de-Copia-de-TAMANHO-EXATO-PARA-FOTOS-NO-SISTEMA-NOVO-2025-01-20T184145.876_2025-01-20_21-41-51_png_2025-01-20_21-41-51.webp.webp?fit=1200%2C675&ssl=1&resize=525%2C300 1.5x, https:\/\/i0.wp.com\/noticiasribeiraopreto.com.br\/wp-content\/uploads\/2025\/01\/Copia-de-Copia-de-Copia-de-TAMANHO-EXATO-PARA-FOTOS-NO-SISTEMA-NOVO-2025-01-20T184145.876_2025-01-20_21-41-51_png_2025-01-20_21-41-51.webp.webp?fit=1200%2C675&ssl=1&resize=700%2C400 2x, https:\/\/i0.wp.com\/noticiasribeiraopreto.com.br\/wp-content\/uploads\/2025\/01\/Copia-de-Copia-de-Copia-de-TAMANHO-EXATO-PARA-FOTOS-NO-SISTEMA-NOVO-2025-01-20T184145.876_2025-01-20_21-41-51_png_2025-01-20_21-41-51.webp.webp?fit=1200%2C675&ssl=1&resize=1050%2C600 3x"},"classes":[]},{"id":47901,"url":"https:\/\/noticiasribeiraopreto.com.br\/index.php\/2024\/04\/29\/chitaozinho-xororo-sao-os-primeiros-artistas-sertanejos-no-rock-in-rio\/","url_meta":{"origin":90794,"position":5},"title":"Chit\u00e3ozinho &#038; Xoror\u00f3 s\u00e3o os primeiros artistas sertanejos no Rock in Rio","author":"noticiasribeiraopreto.com.br","date":"29 de April de 2024","format":false,"excerpt":"A dupla Chit\u00e3ozinho & Xoror\u00f3 ser\u00e1 a primeira atra\u00e7\u00e3o sertaneja da hist\u00f3ria a se apresentar no Rock in Rio. O evento acontece em setembro, no Rio de Janeiro. A informa\u00e7\u00e3o foi confirmada ao Estad\u00e3o pela assessoria dos cantores. \u201cChit\u00e3ozinho & Xoror\u00f3 s\u00e3o os primeiros artistas sertanejos a capitanear um show\u2026","rel":"","context":"In &quot;Not\u00edcias de Ribeir\u00e3o Preto-SP e Regi\u00e3o&quot;","block_context":{"text":"Not\u00edcias de Ribeir\u00e3o Preto-SP e Regi\u00e3o","link":"https:\/\/noticiasribeiraopreto.com.br\/index.php\/category\/noticias-de-ribeirao-preto-sp-e-regiao-ismael-colosi\/"},"img":{"alt_text":"","src":"https:\/\/i0.wp.com\/noticiasribeiraopreto.com.br\/wp-content\/uploads\/2024\/04\/chitaozinho-xororo_2024-04-29_16-49-14_jpg.webp.webp?fit=1024%2C797&ssl=1&resize=350%2C200","width":350,"height":200,"srcset":"https:\/\/i0.wp.com\/noticiasribeiraopreto.com.br\/wp-content\/uploads\/2024\/04\/chitaozinho-xororo_2024-04-29_16-49-14_jpg.webp.webp?fit=1024%2C797&ssl=1&resize=350%2C200 1x, https:\/\/i0.wp.com\/noticiasribeiraopreto.com.br\/wp-content\/uploads\/2024\/04\/chitaozinho-xororo_2024-04-29_16-49-14_jpg.webp.webp?fit=1024%2C797&ssl=1&resize=525%2C300 1.5x, https:\/\/i0.wp.com\/noticiasribeiraopreto.com.br\/wp-content\/uploads\/2024\/04\/chitaozinho-xororo_2024-04-29_16-49-14_jpg.webp.webp?fit=1024%2C797&ssl=1&resize=700%2C400 2x"},"classes":[]}],"jetpack_sharing_enabled":true,"jetpack_shortlink":"https:\/\/wp.me\/peQAOb-nCq","jetpack_featured_media_url":"https:\/\/i0.wp.com\/noticiasribeiraopreto.com.br\/wp-content\/uploads\/2026\/08\/gasparini-morte-ribeirao.jpeg?fit=1200%2C675&ssl=1","_links":{"self":[{"href":"https:\/\/noticiasribeiraopreto.com.br\/index.php\/wp-json\/wp\/v2\/posts\/90794","targetHints":{"allow":["GET"]}}],"collection":[{"href":"https:\/\/noticiasribeiraopreto.com.br\/index.php\/wp-json\/wp\/v2\/posts"}],"about":[{"href":"https:\/\/noticiasribeiraopreto.com.br\/index.php\/wp-json\/wp\/v2\/types\/post"}],"author":[{"embeddable":true,"href":"https:\/\/noticiasribeiraopreto.com.br\/index.php\/wp-json\/wp\/v2\/users\/1"}],"replies":[{"embeddable":true,"href":"https:\/\/noticiasribeiraopreto.com.br\/index.php\/wp-json\/wp\/v2\/comments?post=90794"}],"version-history":[{"count":0,"href":"https:\/\/noticiasribeiraopreto.com.br\/index.php\/wp-json\/wp\/v2\/posts\/90794\/revisions"}],"wp:featuredmedia":[{"embeddable":true,"href":"https:\/\/noticiasribeiraopreto.com.br\/index.php\/wp-json\/wp\/v2\/media\/90795"}],"wp:attachment":[{"href":"https:\/\/noticiasribeiraopreto.com.br\/index.php\/wp-json\/wp\/v2\/media?parent=90794"}],"wp:term":[{"taxonomy":"category","embeddable":true,"href":"https:\/\/noticiasribeiraopreto.com.br\/index.php\/wp-json\/wp\/v2\/categories?post=90794"},{"taxonomy":"post_tag","embeddable":true,"href":"https:\/\/noticiasribeiraopreto.com.br\/index.php\/wp-json\/wp\/v2\/tags?post=90794"}],"curies":[{"name":"wp","href":"https:\/\/api.w.org\/{rel}","templated":true}]}}