{"id":90796,"date":"2026-08-31T07:06:06","date_gmt":"2026-08-31T10:06:06","guid":{"rendered":"https:\/\/noticiasribeiraopreto.com.br\/index.php\/2026\/08\/31\/feira-do-livro-inicia-a-semana-com-atracoes-permanentes-e-atividades-confira-a-programacao\/"},"modified":"2026-08-31T07:06:06","modified_gmt":"2026-08-31T10:06:06","slug":"feira-do-livro-inicia-a-semana-com-atracoes-permanentes-e-atividades-confira-a-programacao","status":"publish","type":"post","link":"https:\/\/noticiasribeiraopreto.com.br\/index.php\/2026\/08\/31\/feira-do-livro-inicia-a-semana-com-atracoes-permanentes-e-atividades-confira-a-programacao\/","title":{"rendered":"Feira do Livro inicia a semana com atra\u00e7\u00f5es permanentes e atividades; confira a programa\u00e7\u00e3o"},"content":{"rendered":"<div class='code-block code-block-1' style='margin: 8px 0 8px auto; text-align: right; display: block; clear: both;'>\n<p><a href=\"https:\/\/wa.link\/vpicfd\"><img data-recalc-dims=\"1\" class=\"wp-image-4922\" style=\"aspect-ratio: 2.0253164556962027; width: 561px; height: auto;\" src=\"https:\/\/i0.wp.com\/ismaelcolosi.com.br\/wp-content\/uploads\/2023\/11\/grupo-de-empregos-whatsapp-e-facebook-ismael-colosi-vagas.jpg?ssl=1\" alt=\"\" \/><\/a><\/p>\n<!-- \/wp:image -->\n<\/div>\n<p> <br \/>\n<\/p>\n<p><strong>A 25\u00aa Feira Internacional do Livro de Ribeir\u00e3o Preto d\u00e1 in\u00edcio \u00e0 semana com uma programa\u00e7\u00e3o diversificada nesta segunda-feira (31) que inclui espa\u00e7os interativos, exposi\u00e7\u00f5es sensoriais, oficinas e conta\u00e7\u00f5es de hist\u00f3ria abertas ao p\u00fablico. <\/strong><\/p>\n<p><mark class=\"has-inline-color\">Entre os destaques da programa\u00e7\u00e3o est\u00e3o a apresenta\u00e7\u00e3o da cantora Ti\u00ea celebrando os 15 anos de carreira e a palestra de Rita Von Hunty com media\u00e7\u00e3o de Renan Quinalha sobre homossexualidades e pol\u00edticas.<\/mark><\/p>\n<figure class=\"wp-block-gallery has-nested-images columns-default is-cropped wp-block-gallery-1 is-layout-flex wp-block-gallery-is-layout-flex\">\n<figure class=\"wp-block-image size-large\"><figcaption class=\"wp-element-caption\">Foto: Rhuan Miranda<\/figcaption><\/figure>\n<figure class=\"wp-block-image size-large\"><img data-recalc-dims=\"1\" loading=\"lazy\" decoding=\"async\" width=\"819\" height=\"1024\" data-id=\"172998\" src=\"https:\/\/i0.wp.com\/www.acidadeon.com\/ribeiraopreto\/wp-content\/uploads\/sites\/3\/2026\/08\/Domingos-Martins-%E2%9D%A4%F0%9F%93%B8-%40visual.elevate-819x1024.jpg?resize=819%2C1024&#038;ssl=1\" alt=\"Domingos Martins &#x2764;&#x1f4f8; @visual.elevate\" class=\"wp-image-172998\" title=\"Feira do Livro inicia a semana com atra\u00e7\u00f5es permanentes e atividades; confira a programa\u00e7\u00e3o 2\"><figcaption class=\"wp-element-caption\">Foto: Rhuan Miranda<\/figcaption><\/figure>\n<\/figure>\n<h2 class=\"wp-block-heading\"><strong>Confira a programa\u00e7\u00e3o desta segunda-feira (31)<\/strong><\/h2>\n<p><strong>8h:<\/strong> Viv\u00eancia Jornal do Corassol + Escrita Criativa \u2014 Participantes da produ\u00e7\u00e3o do jornal explicam a escolha dos temas, o processo de pesquisa, constru\u00e7\u00e3o de entrevistas, escrita, grava\u00e7\u00f5es, leituras e apresenta\u00e7\u00f5es (atividade previamente agendada). Local: Espa\u00e7o Favela (Coreto \u2013 Pra\u00e7a XV de Novembro).<\/p>\n<p><strong>8h30:<\/strong> Oficina Livro sensorial \u2014 Promovida pelo Projeto Brincares Vivos (Instituto Estre) em parceria com a Secretaria Municipal de Meio Ambiente, integrando o l\u00fadico e a conex\u00e3o com a natureza (atividade previamente agendada). Local: Pra\u00e7a XV de Novembro \u2013 Estande Prefeitura Municipal de Ribeir\u00e3o Preto.<\/p>\n<p><strong>8h30:<\/strong> Teatro educativo: Os combinados do tr\u00e2nsito \u2014 A\u00e7\u00e3o educativa e interativa com a RP Mobi voltada \u00e0 conscientiza\u00e7\u00e3o e seguran\u00e7a vi\u00e1ria para o p\u00fablico infantojuvenil (atividade previamente agendada). Local: Pra\u00e7a XV de Novembro \u2013 Estande Prefeitura Municipal de Ribeir\u00e3o Preto.<\/p>\n<p><strong>9h:<\/strong> Palestra: O abastecimento de \u00e1gua em Ribeir\u00e3o Preto \u2014 Apresenta\u00e7\u00e3o da equipe t\u00e9cnica da SAERP sobre o funcionamento do sistema de abastecimento, tratamento de esgoto e preserva\u00e7\u00e3o ambiental (atividade previamente agendada). Local: Pra\u00e7a XV de Novembro \u2013 Estande Prefeitura Municipal de Ribeir\u00e3o Preto.<\/p>\n<p><strong>9h: <\/strong>Oficina Bichos da Amaz\u00f4nia: sucata viva \u2014 Intera\u00e7\u00e3o po\u00e9tica com a cole\u00e7\u00e3o de esculturas em metal com Bete Sposito e demonstra\u00e7\u00e3o de reaproveitamento de materiais com o escultor Elson Sposito (atividade previamente agendada). Local: Pra\u00e7a XV de Novembro \u2013 Usina do Saber.<\/p>\n<p><strong>9h:<\/strong> Conta\u00e7\u00e3o de hist\u00f3rias: Cole\u00e7\u00e3o Financinhas \u2014 Hist\u00f3rias do Instituto Sicoob (Sicoob Cooperac) abordando sonhos, escolhas e planejamento financeiro (atividade previamente agendada). Local: Centro Cultural Palace \u2013 Audit\u00f3rio Pedro Paulo.<\/p>\n<p><strong>9h: <\/strong>Conta\u00e7\u00e3o de hist\u00f3ria: Cordel do Brasil: verso, som e tradi\u00e7\u00e3o \u2014 Percurso po\u00e9tico por diferentes regi\u00f5es do Brasil com altera\u00e7\u00f5es de ritmo e melodia musical (atividade previamente agendada). Local: Esplanada Theatro Pedro II \u2013 Ambient de Leitura.<\/p>\n<p><strong>9h:<\/strong> Interven\u00e7\u00e3o: Mundos habit\u00e1veis: a literatura fora das p\u00e1ginas \u2014 Apresenta\u00e7\u00e3o de imagens em 360\u00ba em \u00f3culos de realidade virtual desenvolvidas por alunos de Design de Interiores do Senac. Local: Pra\u00e7a XV de Novembro \u2013 Espa\u00e7o Oficinas Sesc Senac.<\/p>\n<p><strong>9h30:<\/strong> Palestra: 170 anos de hist\u00f3ria, caf\u00e9 e inova\u00e7\u00e3o \u2014 Passeio pela hist\u00f3ria de crescimento e desenvolvimento urbano de Ribeir\u00e3o Preto pela Secretaria Municipal de Educa\u00e7\u00e3o (atividade previamente agendada). Local: Pra\u00e7a XV de Novembro \u2013 Estande Prefeitura Municipal de Ribeir\u00e3o Preto.<\/p>\n<p><strong>10h: <\/strong>Oficina Projeto Semeando Trovas \u2014 Workshop da Uni\u00e3o Brasileira dos Trovadores (UBT) apresentando a tradi\u00e7\u00e3o das trovas e estimulando a cria\u00e7\u00e3o po\u00e9tica (atividade previamente agendada). Local: Biblioteca Sinh\u00e1 Junqueira \u2013 Audit\u00f3rio.<\/p>\n<p><strong>10h<\/strong>: Conta\u00e7\u00e3o de hist\u00f3ria: A saga da Cambaxirra \u2014 Apresenta\u00e7\u00e3o teatralizada inspirada na obra de Ana Maria Machado com Gracyela Gitirana e T\u00e2nia Alonso (atividade previamente agendada). Local: Esplanada Theatro Pedro II \u2013 Tenda Sesc Senac.<\/p>\n<p><strong>10h<\/strong>: Interven\u00e7\u00e3o: Automassagem facial \u2014 Momento de autocuidado e relaxamento com a equipe t\u00e9cnica (atividade di\u00e1ria\/aberta). Local: Pra\u00e7a XV de Novembro \u2013 Espa\u00e7o Oficinas Sesc Senac.<\/p>\n<p><strong>10h15<\/strong>: Conta\u00e7\u00e3o de hist\u00f3rias: Cole\u00e7\u00e3o Financinhas \u2014 Atividade do Sicoob Cooperac (atividade previamente agendada). Local: Pra\u00e7a XV de Novembro \u2013 Usina do Saber.<\/p>\n<p><strong>10h15<\/strong>: Apresenta\u00e7\u00e3o musical: Capoeira na Feira \u2014 Manifesta\u00e7\u00e3o cultural com foco na dimens\u00e3o educativa realizada pela Secretaria Municipal de Educa\u00e7\u00e3o (atividade previamente agendada). Local: Pra\u00e7a XV de Novembro \u2013 Estande Prefeitura Municipal de Ribeir\u00e3o Preto.<\/p>\n<p><strong>10h30<\/strong>: Interven\u00e7\u00e3o: Lembr\u00e1rio \u2014 Experi\u00eancia interativa com gaveteiro itinerante trazendo mensagens multigeracionais por Monalisa Machado. Local: Esplanada Theatro Pedro II.<\/p>\n<p><em>Receba not\u00edcias do\u00a0<strong>acidade on Ribeir\u00e3o\u00a0<\/strong>no WhatsApp e fique por dentro de tudo! Basta acessar o link<a href=\"https:\/\/chat.whatsapp.com\/DfXwcjKVIddHUT3BvnQuPZ?mode=hqctshi\" target=\"_blank\" rel=\"noreferrer noopener\">\u00a0aqui<\/a>!<\/em><\/p>\n<p><strong>12h<\/strong>: Sarau Futuro ancestral \u2014 Literatura oral, rap e m\u00fasica celebrando a palavra falada com Vin\u00edcius Preto e convidados. Local: Esplanada Theatro Pedro II \u2013 Tenda Sesc Senac.<\/p>\n<p><strong>13h<\/strong>: Gest\u00e3o em Jogo \u2013 Vencer Juntos \u00e9 a melhor estrat\u00e9gia! \u2014 Simula\u00e7\u00e3o de desafios de gest\u00e3o para desenvolver trabalho em equipe e tomada de decis\u00e3o. Local: Pra\u00e7a XV de Novembro \u2013 Espa\u00e7o Oficinas Sesc Senac.<\/p>\n<p><strong>13h30<\/strong>: Interven\u00e7\u00e3o: Direitos da inf\u00e2ncia \u2014 A\u00e7\u00f5es interativas e recreativas sobre a preven\u00e7\u00e3o ao trabalho infantil pela Secretaria Municipal de Assist\u00eancia Social. Local: Pra\u00e7a XV de Novembro \u2013 Estande Prefeitura Municipal de Ribeir\u00e3o Preto.<\/p>\n<p><strong>13h30<\/strong>: Conta\u00e7\u00e3o de hist\u00f3ria: Cole\u00e7\u00e3o Financinhas \u2014 Atividade l\u00fadica de educa\u00e7\u00e3o financeira pelo Sicoob Cooperac (atividade previamente agendada). Local: Centro Cultural Palace \u2013 Audit\u00f3rio Pedro Paulo.<\/p>\n<p><strong>14h<\/strong>: Palestra: Detetives da \u00c1gua: quem est\u00e1 poluindo os rios sem perceber? \u2014 Conscientiza\u00e7\u00e3o ambiental e investiga\u00e7\u00e3o de polui\u00e7\u00e3o dos rios com Maria Carolina Gameiro (atividade previamente agendada). Local: Esplanada Theatro Pedro II \u2013 Ambient de Leitura.<\/p>\n<p><strong>14h<\/strong>: Visita mediada \u00e0 Biblioteca Sinh\u00e1 Junqueira \u2014 Roteiro hist\u00f3rico pelos espa\u00e7os e pela trajet\u00f3ria de Theolina Junqueira (atividade previamente agendada). Local: Biblioteca Sinh\u00e1 Junqueira.<\/p>\n<p><strong>14h<\/strong>: Conta\u00e7\u00e3o de hist\u00f3ria: A saga da Cambaxirra \u2014 Apresenta\u00e7\u00e3o de Gracyela Gitirana e T\u00e2nia Alonso (atividade previamente agendada). Local: Esplanada Theatro Pedro II \u2013 Tenda Sesc Senac.<\/p>\n<p><strong>14h<\/strong>: Interven\u00e7\u00e3o: Mundos habit\u00e1veis: a literatura fora das p\u00e1ginas \u2014 Tour em realidade virtual com alunos do Senac. Local: Pra\u00e7a XV de Novembro \u2013 Espa\u00e7o Oficinas Sesc Senac.<\/p>\n<p><strong>14h<\/strong>: Oficina: Autocuidado: autodepila\u00e7\u00e3o de bu\u00e7o \u2014 Ensino de t\u00e9cnicas de depila\u00e7\u00e3o com linha para promo\u00e7\u00e3o de autonomia e bem-estar. Local: Pra\u00e7a XV de Novembro \u2013 Espa\u00e7o Oficinas Sesc Senac.<\/p>\n<p><strong>14h<\/strong>: Oficina Artesanato afro e empreendedorismo \u2014 Express\u00e3o de ancestralidade e identidade atrav\u00e9s da cria\u00e7\u00e3o de pe\u00e7as autorais com Maly e Adriana Dias. Local: Coreto Pra\u00e7a XV de Novembro \u2013 Espa\u00e7o Favela.<\/p>\n<p><strong>14h<\/strong>: Gest\u00e3o em Jogo \u2013 Vencer Juntos \u00e9 a melhor estrat\u00e9gia! \u2014 Jogos interativos de simula\u00e7\u00e3o corporativa. Local: Pra\u00e7a XV de Novembro \u2013 Espa\u00e7o Oficinas Sesc Senac.<\/p>\n<p><strong>14h<\/strong>: Conta\u00e7\u00e3o de hist\u00f3ria: A bicicleteca chegou \u2014 Roda de conta\u00e7\u00e3o com distribui\u00e7\u00e3o de livros e presen\u00e7a de escritores. Local: Centro Cultural Palace \u2013 Audit\u00f3rio Pedro Paulo.<\/p>\n<p><strong>14h30<\/strong>: Oficina Livro sensorial \u2014 Pr\u00e1tica ao ar livre com o Projeto Brincares Vivos (Instituto Estre) (atividade previamente agendada). Local: Pra\u00e7a XV de Novembro \u2013 Estande Prefeitura Municipal de Ribeir\u00e3o Preto.<\/p>\n<p><strong>14h30<\/strong>: Oficina Bichos da Amaz\u00f4nia: sucata viva \u2014 Reaproveitamento criativo de materiais com Elson Sposito e Bete Sposito (atividade previamente agendada). Local: Pra\u00e7a XV de Novembro \u2013 Usina do Saber.<\/p>\n<p><strong>14h45<\/strong>: Conta\u00e7\u00e3o de hist\u00f3rias: Cole\u00e7\u00e3o Financinhas \u2014 Atividade interativa do Sicoob Cooperac (atividade previamente agendada). Local: Pra\u00e7a XV de Novembro \u2013 Usina do Saber.<\/p>\n<p><strong>15h<\/strong>: Bate-papo: Tri\u00e2ngulo Cultural: interc\u00e2mbio cultural entre cidades \u2014 Di\u00e1logo e coopera\u00e7\u00e3o entre Mococa, Casa Branca e S\u00e3o Jos\u00e9 do Rio Pardo com S\u00e9rgio Scacabarrozzi, Marcos de Martini, Leonardo Falarini Belotti e Jos\u00e9 C\u00e2ndido Carvalho. Local: Museu Casa da Mem\u00f3ria Italiana.<\/p>\n<p><strong>15h<\/strong>: Interven\u00e7\u00e3o: Lembr\u00e1rio \u2014 Viv\u00eancia po\u00e9tica com gaveteiro itinerante por Monalisa Machado. Local: Esplanada Theatro Pedro II.<\/p>\n<p><strong>15h<\/strong>: Interven\u00e7\u00e3o: Automassagem facial \u2014 Pr\u00e1tica de autocuidado. Local: Pra\u00e7a XV de Novembro \u2013 Espa\u00e7o Oficinas Sesc Senac.<\/p>\n<p><strong>15h<\/strong>: Gest\u00e3o em Jogo \u2013 Vencer Juntos \u00e9 a melhor estrat\u00e9gia! \u2014 Din\u00e2mica coletiva de resolu\u00e7\u00e3o de problemas. Local: Pra\u00e7a XV de Novembro \u2013 Espa\u00e7o Oficinas Sesc Senac.<\/p>\n<p><strong>15h30<\/strong>: Conta\u00e7\u00e3o de hist\u00f3ria e brincadeiras: Direitos e deveres das crian\u00e7as \u2014 Abordagem l\u00fadica promovida pela Secretaria Municipal da Cidadania, Pessoa com Defici\u00eancia e Inclus\u00e3o Social em parceria com o Instituto do Livro. Local: Pra\u00e7a XV de Novembro \u2013 Estande Prefeitura Municipal de Ribeir\u00e3o Preto.<\/p>\n<p><strong>16h:<\/strong> Visita mediada ao Centro Cultural Palace \u2014 Conhecimento das instala\u00e7\u00f5es do pr\u00e9dio hist\u00f3rico integrante do Quarteir\u00e3o Paulista. Local: Centro Cultural Palace.<\/p>\n<p><strong>16h \/ 17h \/ 18h \/ 19h:<\/strong> Gest\u00e3o em Jogo \u2013 Vencer Juntos \u00e9 a melhor estrat\u00e9gia! \u2014 Sess\u00f5es cont\u00ednuas de jogos interativos de gest\u00e3o. Local: Pra\u00e7a XV de Novembro \u2013 Espa\u00e7o Oficinas Sesc Senac.<\/p>\n<p><strong>17h<\/strong>: Bate-papo: P\u00fablicos em emerg\u00eancia \u2014 Conversa sobre media\u00e7\u00e3o cultural e observa\u00e7\u00e3o ativa de espectadores com Diogo de Moraes Silva e Nilton Campos, com media\u00e7\u00e3o de Adriana Terra. Local: Esplanada Theatro Pedro II \u2013 Tenda Sesc Senac.<\/p>\n<p><strong>17h<\/strong>: Apresenta\u00e7\u00e3o art\u00edstica: Canto, dan\u00e7a e circo \u2014 Acrobacias e n\u00fameros art\u00edsticos apresentados por estudantes do Marista Escola Social Ir. Rui. Local: Esplanada Theatro Pedro II \u2013 Ambient de Leitura.<\/p>\n<p><strong>18h:<\/strong> Bate-papo: Entre telas e gera\u00e7\u00f5es: como a revolu\u00e7\u00e3o digital est\u00e1 transformando a forma como vivemos, aprendemos e nos relacionamos \u2014 Reflex\u00e3o sobre os impactos da revolu\u00e7\u00e3o digital com C\u00e9lia Felipe Silva. Local: Centro Cultural Palace \u2013 Audit\u00f3rio Pedro Paulo.<\/p>\n<p><strong>18h30<\/strong>: Oficina Laborat\u00f3rio de graffiti \u2014 Viv\u00eancia pr\u00e1tica com t\u00e9cnicas de arte urbana ministrada por Luiz Carlos (Karij\u00f3). Local: Pra\u00e7a XV de Novembro \u2013 Estande Prefeitura Municipal de Ribeir\u00e3o Preto.<\/p>\n<p><strong>19h:<\/strong> Oficina: Fotoliteratura e a narratividade das imagens t\u00e9cnicas \u2014 Investiga\u00e7\u00e3o das fronteiras entre imagem fotogr\u00e1fica e produ\u00e7\u00e3o textual com Jonas Golfeto. Local: Biblioteca Sinh\u00e1 Junqueira \u2013 Audit\u00f3rio.<\/p>\n<p><strong>19h:<\/strong> Palestra: Conex\u00e3o, cuidado e sa\u00fade mental: juventudes, escuta e os desafios emocionais do nosso tempo \u2014 Debate sobre ansiedade, sofrimento emocional juvenil, racismo estrutural e escuta coletiva. Local: Coreto Pra\u00e7a XV de Novembro \u2013 Espa\u00e7o Favela.<\/p>\n<p><strong>19h:<\/strong> Palestra Sess\u00e3o Editora Rocco: Gera\u00e7\u00f5es jovens que escrevem \u2014 Di\u00e1logo com novas vozes da literatura brasileira com Ariani Castelo e Giu Murakami. Local: Theatro Pedro II \u2013 Audit\u00f3rio Meira Junior.<\/p>\n<p><mark class=\"has-inline-color\"><strong>19h:<\/strong> Show musical: Ti\u00ea \u2014 Apresenta\u00e7\u00e3o comemorativa dos 15 anos de carreira da cantora. Local: Esplanada Theatro Pedro II \u2013 Tenda Sesc Senac.<\/mark><\/p>\n<p><strong>19h: <\/strong>Interven\u00e7\u00e3o: Cinco pontos de equil\u00edbrio para corpo e mente \u2014 Pausa para ativa\u00e7\u00e3o de pontos corporais de relaxamento. Local: Pra\u00e7a XV de Novembro \u2013 Espa\u00e7o Oficinas Sesc Senac.<\/p>\n<p><strong>19h<\/strong>: Cinema Document\u00e1rio: A Joia do Rec\u00f4ncavo \u2014 Exibi\u00e7\u00e3o de produ\u00e7\u00e3o do Instituto Plural sobre as tradi\u00e7\u00f5es e identidades do Rec\u00f4ncavo Baiano. Local: Cineclube Cauim.<\/p>\n<p>20h30: Apresenta\u00e7\u00e3o musical: Roda de choro \u2014 Celebra\u00e7\u00e3o do chorinho brasileiro com o grupo Choro da Casa. Local: Esplanada Theatro Pedro II \u2013 Ambient de Leitura.<\/p>\n<p><mark class=\"has-inline-color\">20h30: Confer\u00eancia: Desejos em revolu\u00e7\u00e3o: homossexualidades e mudan\u00e7as pol\u00edticas \u2014 Abordagem hist\u00f3rica da homossexualidade sob regimes pol\u00edticos com Rita Von Hunty e media\u00e7\u00e3o de Renan Quinalha. Local: Theatro Pedro II \u2013 Sala Principal.<\/mark><\/p>\n<div class=\"wp-block-image\">\n<figure class=\"aligncenter size-large\"><img data-recalc-dims=\"1\" loading=\"lazy\" decoding=\"async\" width=\"1024\" height=\"576\" src=\"https:\/\/i0.wp.com\/www.acidadeon.com\/ribeiraopreto\/wp-content\/uploads\/sites\/3\/2026\/08\/feira-do-livro-6-1024x576.jpg?resize=1024%2C576&#038;ssl=1\" alt=\"Feira Internacional do Livro em Ribeir\u00e3o - Foto: ilustrativa\" class=\"wp-image-172097\" title=\"Feira do Livro inicia a semana com atra\u00e7\u00f5es permanentes e atividades; confira a programa\u00e7\u00e3o 3\"><figcaption class=\"wp-element-caption\">Foto: ilustrativa <\/figcaption><\/figure>\n<\/div>\n<h2 class=\"wp-block-heading\"><strong>Programa\u00e7\u00e3o Permanente<\/strong><\/h2>\n<p><strong>(Todos os dias, das 8h \u00e0s 20h, exceto onde indicado o contr\u00e1rio)<\/strong><\/p>\n<p>R\u00e1dio Unaerp (Todos os dias, das 9h \u00e0s 20h): Estudantes de jornalismo realizam cobertura ao vivo com entrevistas, not\u00edcias e reportagens especiais dispon\u00edveis no Facebook, YouTube e site da Unaerp. (Local: Pra\u00e7a XV de Novembro)\u00a0<\/p>\n<p>Exposi\u00e7\u00e3o Educativa Preven\u00e7\u00e3o: escorpi\u00f5es, roedores, morcegos e dengue: Promovida pela Secretaria da Sa\u00fade para orientar o p\u00fablico sobre cuidados e medidas de preven\u00e7\u00e3o no ambiente urbano. (Local: Pra\u00e7a XV de Novembro \u2013 Estande Prefeitura Municipal de Ribeir\u00e3o Preto)\u00a0<\/p>\n<p>Usina do Saber: Ambiente de aprendizado assinado pela Usina Alta Mogiana, com oficinas voltadas a diferentes p\u00fablicos e faixas et\u00e1rias. (Local: Pra\u00e7a XV de Novembro)\u00a0<\/p>\n<p>Exposi\u00e7\u00e3o Palavras que florescem: mem\u00f3rias de afetos e resist\u00eancias (Por ONG Arco-\u00cdris, todos os dias das 9h \u00e0s 18h): Instala\u00e7\u00e3o sensorial com cartazes po\u00e9ticos, fotografias e cores sobre mem\u00f3rias, afetos e resist\u00eancias da comunidade LGBTQIAPN+. (Local: Biblioteca Sinh\u00e1 Junqueira \u2013 Quintal)\u00a0<\/p>\n<p>Exposi\u00e7\u00e3o Asteroide B-612 onde mora o essencial (Por ALARP, todos os dias das 9h \u00e0s 20h): Mostra inspirada em O Pequeno Pr\u00edncipe, explorando sentimentos e v\u00ednculos por meio de linguagem autoral. (Local: Centro Cultural Palace)\u00a0<\/p>\n<p>Painel Interativo: O que \u00e9 inclus\u00e3o para voc\u00ea?: Promovido pela Secretaria da Cidadania, Pessoa com Defici\u00eancia e Inclus\u00e3o Social, convidando o p\u00fablico a fixar post-its em um mural coletivo. (Local: Pra\u00e7a XV de Novembro \u2013 Estande Prefeitura Municipal de Ribeir\u00e3o Preto)\u00a0<\/p>\n<p>Bibliocasa: Espa\u00e7o de doa\u00e7\u00e3o de livros (exceto t\u00e9cnicas, did\u00e1ticas, apostilas e enciclop\u00e9dias) em parceria com a Necta G\u00e1s Natural. (Local: Pra\u00e7a XV de Novembro)\u00a0<\/p>\n<p>Laborat\u00f3rio de Ideias: Espa\u00e7o assinado pela Necta G\u00e1s Natural onde as Dras. Bio e Gia recebem visitantes para experi\u00eancias voltadas \u00e0 sustentabilidade e literatura. (Local: Pra\u00e7a XV de Novembro | Aberto todos os dias das 8h \u00e0s 20h, com hor\u00e1rios espec\u00edficos de segunda a sexta para agendamento escolar)\u00a0<\/p>\n<p>\u00d4nibus Livro Vivo: \u00d4nibus itinerante com acervo de mais de mil t\u00edtulos e atividades culturais para crian\u00e7as. (Local: Pra\u00e7a XV de Novembro)\u00a0<\/p>\n<p>Espa\u00e7o Mude um H\u00e1bito: Ambiente de troca de livros, descanso e leitura assinado pela Unimed Ribeir\u00e3o Preto. (Local: Pra\u00e7a XV de Novembro)\u00a0<\/p>\n<p>Atividades de racioc\u00ednio (Jogos interativos: xadrez e damas): Promovido pela Secretaria de Esportes para incentivar o racioc\u00ednio l\u00f3gico e a conviv\u00eancia. (Local: Pra\u00e7a XV de Novembro \u2013 Estande Prefeitura Municipal de Ribeir\u00e3o Preto)\u00a0<\/p>\n<p>Espa\u00e7o Autores da Casa: Estande de lan\u00e7amentos, sess\u00f5es de aut\u00f3grafos e circula\u00e7\u00e3o de escritores independentes, com comercializa\u00e7\u00e3o em parceria com a livraria A Degustadora de Hist\u00f3rias. (Local: Pra\u00e7a XV de Novembro)\u00a0<\/p>\n<p>Espa\u00e7o Autores Locais (Ribeir\u00e3o em Letras): Ponto de encontro tradicional para autores de Ribeir\u00e3o Preto com apoio de entidades liter\u00e1rias locais (CPERP, UEI, Casa do Poeta, Ordem dos Trovadores e ALARP). (Local: Centro Cultural Palace)\u00a0<\/p>\n<p>Estande da Prefeitura de Ribeir\u00e3o Preto: Espa\u00e7o dedicado \u00e0 valoriza\u00e7\u00e3o da cultura local com programa\u00e7\u00e3o di\u00e1ria de apresenta\u00e7\u00f5es art\u00edsticas. (Local: Pra\u00e7a XV de Novembro)\u00a0<\/p>\n<p>Espa\u00e7o Oficinas Sesc Senac: Oficinas variadas para todas as idades (necess\u00e1ria retirada de senha 30 minutos antes). (Local: Pra\u00e7a XV de Novembro)\u00a0<\/p>\n<p>Ambient de Leitura: Espa\u00e7o da GS Inima Ambient com conta\u00e7\u00f5es de hist\u00f3rias, apresenta\u00e7\u00f5es circenses e shows musicais. (Local: Pra\u00e7a XV de Novembro)\u00a0<\/p>\n<p>Espa\u00e7o Favela: Organizado pela CUFA-RP no Coreto, reunindo exposi\u00e7\u00f5es, debates, rodas de conversa e apresenta\u00e7\u00f5es da cultura perif\u00e9rica. (Local: Pra\u00e7a XV de Novembro)\u00a0<\/p>\n<p>Tenda Sesc Senac: Espa\u00e7o em frente ao Theatro Pedro II com lan\u00e7amentos, conta\u00e7\u00f5es de hist\u00f3ria, bate-papos, debates, apresenta\u00e7\u00f5es musicais e livraria das Edi\u00e7\u00f5es Sesc (com tradu\u00e7\u00e3o em Libras e distribui\u00e7\u00e3o de abafadores). (Local: Pra\u00e7a XV de Novembro)\u00a0<\/p>\n<p>Instala\u00e7\u00e3o M\u00e1quina do Tempo: Uma viagem pela FIL: Percurso interativo pela hist\u00f3ria dos 25 anos da feira (segunda a sexta com hor\u00e1rios espec\u00edficos para agendamento escolar). (Local: Pra\u00e7a XV de Novembro)\u00a0<\/p>\n<p>Oficina IA na pr\u00e1tica: crie personagens de obras liter\u00e1rias com intelig\u00eancia artificial (Com Funtec, dias 30 de agosto e 5 de setembro \u00e0s 18h): Atividade pr\u00e1tica de cria\u00e7\u00e3o de imagens digitais via celular. (Local: Pra\u00e7a XV de Novembro \u2013 Estande Prefeitura Municipal)\u00a0<\/p>\n<p>Feira Coisa Boa (Dias 30 de agosto e 5 de setembro, das 10h \u00e0s 20h): Ocupa\u00e7\u00e3o dedicada \u00e0 economia criativa, produ\u00e7\u00e3o independente e oficinas. (Local: Pra\u00e7a XV de Novembro)<\/p>\n<h2 class=\"wp-block-heading\"><strong>Servi\u00e7o<\/strong><\/h2>\n<p><strong>25\u00aa Feira Internacional do Livro de Ribeir\u00e3o Preto<\/strong><\/p>\n<p><strong>Onde:\u00a0<\/strong>Esplanada do Theatro Pedro II, Pra\u00e7a XV de Novembro e diversos pontos culturais de Ribeir\u00e3o Preto (SP).<br \/><strong>Quando:\u00a0<\/strong>Todos os dias at\u00e9 5 de setembro.<br \/><strong>Quanto:\u00a0<\/strong>Entrada gratuita em toda a programa\u00e7\u00e3o.<br \/><strong>Informa\u00e7\u00f5es:\u00a0<\/strong>Retirada de senhas para atividades espec\u00edficas com uma hora de anteced\u00eancia na Central de Informa\u00e7\u00f5es (Esplanada do Theatro Pedro II). Programa\u00e7\u00e3o completa e agendamento escolar no\u00a0<a href=\"https:\/\/www.fundacaodolivroeleiturarp.com\/\" target=\"_blank\" rel=\"noreferrer noopener\">site oficial da Funda\u00e7\u00e3o do Livro e Leitura de Ribeir\u00e3o Preto<\/a>.<\/p>\n<p><em>Fa\u00e7a uma den\u00fancia ou sugira uma reportagem sobre\u00a0<strong>Ribeir\u00e3o Preto\u00a0<\/strong>e regi\u00e3o por meio do WhatsApp do\u00a0<strong>acidade on Ribeir\u00e3o<\/strong>: (16) 99117-7802.<\/em><\/p>\n<p><mark class=\"has-inline-color has-white-color\">feira<\/mark><\/p>\n<\/p>\n<p>O post Feira do Livro inicia a semana com atra\u00e7\u00f5es permanentes e atividades; confira a programa\u00e7\u00e3o apareceu primeiro em ACidade ON Ribeir\u00e3o Preto.<\/p>\n<p><br \/>\n<br \/><a href=\"https:\/\/www.acidadeon.com\/ribeiraopreto\/lazer-e-cultura\/feira-do-livro-inicia-a-semana-com-atracoes-permanentes-e-atividades-confira-a-programacao\/\">Link para o texto original aqui <\/a><\/p>\n<!-- CONTENT END 1 -->\n","protected":false},"excerpt":{"rendered":"<p>A 25\u00aa Feira Internacional do Livro de Ribeir\u00e3o Preto d\u00e1 in\u00edcio \u00e0 semana com uma programa\u00e7\u00e3o diversificada nesta segunda-feira (31) que inclui espa\u00e7os interativos, exposi\u00e7\u00f5es&#8230;<\/p>\n","protected":false},"author":1,"featured_media":90797,"comment_status":"","ping_status":"","sticky":false,"template":"","format":"standard","meta":{"advanced_seo_description":"","jetpack_seo_html_title":"","jetpack_seo_noindex":false,"jetpack_seo_schema_type":"","_jetpack_newsletter_access":"","_jetpack_dont_email_post_to_subs":false,"_jetpack_newsletter_tier_id":0,"_jetpack_memberships_contains_paywalled_content":false,"_jetpack_feature_clip_id":0,"_jetpack_memberships_contains_paid_content":false,"footnotes":"","jetpack_publicize_message":"","jetpack_publicize_feature_enabled":true,"jetpack_social_post_already_shared":true,"jetpack_social_options":{"image_generator_settings":{"template":"highway","default_image_id":0,"font":"","enabled":false},"version":2},"jetpack_post_was_ever_published":false},"categories":[11],"tags":[1174,1677,269,202,1951,508,1575,70,126],"class_list":["post-90796","post","type-post","status-publish","format-standard","has-post-thumbnail","hentry","category-noticias-de-ribeirao-preto-sp-e-regiao-ismael-colosi","tag-atividades","tag-atracoes","tag-confira","tag-feira","tag-inicia","tag-livro","tag-permanentes","tag-programacao","tag-semana"],"jetpack_publicize_connections":[],"jetpack-related-posts":[{"id":89373,"url":"https:\/\/noticiasribeiraopreto.com.br\/index.php\/2026\/08\/04\/programacao-da-feira-internacional-do-livro-de-ribeirao-preto-tem-data-marcada-para-ser-apresentada-veja-quando\/","url_meta":{"origin":90796,"position":0},"title":"Programa\u00e7\u00e3o da Feira Internacional do Livro de Ribeir\u00e3o Preto tem data marcada para ser apresentada; Veja quando","author":"noticiasribeiraopreto.com.br","date":"4 de August de 2026","format":false,"excerpt":"A Funda\u00e7\u00e3o do Livro e Leitura de Ribeir\u00e3o Preto apresenta a programa\u00e7\u00e3o oficial da 25\u00aa edi\u00e7\u00e3o da FIL (Feira Internacional do Livro), que tem como tema central \u201cX, Y, Z, Alpha, Beta \u2013 Gera\u00e7\u00f5es Liter\u00e1rias\u201d. O evento acontece nesta sexta-feira (7), \u00e0s 9h, no Stream Hot\u00e9is e re\u00fane imprensa, patrocinadores,\u2026","rel":"","context":"In &quot;Not\u00edcias de Ribeir\u00e3o Preto-SP e Regi\u00e3o&quot;","block_context":{"text":"Not\u00edcias de Ribeir\u00e3o Preto-SP e Regi\u00e3o","link":"https:\/\/noticiasribeiraopreto.com.br\/index.php\/category\/noticias-de-ribeirao-preto-sp-e-regiao-ismael-colosi\/"},"img":{"alt_text":"","src":"https:\/\/i0.wp.com\/noticiasribeiraopreto.com.br\/wp-content\/uploads\/2026\/08\/Lancamento-Oficial-da-Programacao-acontece-07-de-agosto-de-2026-sexta-feira-as-9h.jpeg?fit=960%2C461&ssl=1&resize=350%2C200","width":350,"height":200,"srcset":"https:\/\/i0.wp.com\/noticiasribeiraopreto.com.br\/wp-content\/uploads\/2026\/08\/Lancamento-Oficial-da-Programacao-acontece-07-de-agosto-de-2026-sexta-feira-as-9h.jpeg?fit=960%2C461&ssl=1&resize=350%2C200 1x, https:\/\/i0.wp.com\/noticiasribeiraopreto.com.br\/wp-content\/uploads\/2026\/08\/Lancamento-Oficial-da-Programacao-acontece-07-de-agosto-de-2026-sexta-feira-as-9h.jpeg?fit=960%2C461&ssl=1&resize=525%2C300 1.5x, https:\/\/i0.wp.com\/noticiasribeiraopreto.com.br\/wp-content\/uploads\/2026\/08\/Lancamento-Oficial-da-Programacao-acontece-07-de-agosto-de-2026-sexta-feira-as-9h.jpeg?fit=960%2C461&ssl=1&resize=700%2C400 2x"},"classes":[]},{"id":54274,"url":"https:\/\/noticiasribeiraopreto.com.br\/index.php\/2024\/07\/05\/confira-a-programacao-da-feira-internacional-do-livro-de-ribeirao-preto-2024\/","url_meta":{"origin":90796,"position":1},"title":"Confira a programa\u00e7\u00e3o da Feira Internacional do Livro de Ribeir\u00e3o Preto 2024","author":"noticiasribeiraopreto.com.br","date":"5 de July de 2024","format":false,"excerpt":"A 23\u00aa edi\u00e7\u00e3o da FIL (Feira Internacional do Livro de Ribeir\u00e3o Preto) come\u00e7a no pr\u00f3ximo dia 1\u00ba de agosto. O tema central deste ano \u00e9: \u201cCotidianos po\u00e9ticos: Do \u00e9pico de Cam\u00f5es \u00e0s batalhas de rua\u201d. A programa\u00e7\u00e3o completa da feira foi divulgada nesta sexta-feira (5). Nesta edi\u00e7\u00e3o, cinco autores s\u00e3o\u2026","rel":"","context":"In &quot;Not\u00edcias de Ribeir\u00e3o Preto-SP e Regi\u00e3o&quot;","block_context":{"text":"Not\u00edcias de Ribeir\u00e3o Preto-SP e Regi\u00e3o","link":"https:\/\/noticiasribeiraopreto.com.br\/index.php\/category\/noticias-de-ribeirao-preto-sp-e-regiao-ismael-colosi\/"},"img":{"alt_text":"","src":"https:\/\/i0.wp.com\/noticiasribeiraopreto.com.br\/wp-content\/uploads\/2024\/07\/WhatsApp-Image-2024-07-05-at-11.23.19_2024-07-05_15-02-58_jpeg_2024-07-05_15-02-58.webp.webp?fit=1200%2C675&ssl=1&resize=350%2C200","width":350,"height":200,"srcset":"https:\/\/i0.wp.com\/noticiasribeiraopreto.com.br\/wp-content\/uploads\/2024\/07\/WhatsApp-Image-2024-07-05-at-11.23.19_2024-07-05_15-02-58_jpeg_2024-07-05_15-02-58.webp.webp?fit=1200%2C675&ssl=1&resize=350%2C200 1x, https:\/\/i0.wp.com\/noticiasribeiraopreto.com.br\/wp-content\/uploads\/2024\/07\/WhatsApp-Image-2024-07-05-at-11.23.19_2024-07-05_15-02-58_jpeg_2024-07-05_15-02-58.webp.webp?fit=1200%2C675&ssl=1&resize=525%2C300 1.5x, https:\/\/i0.wp.com\/noticiasribeiraopreto.com.br\/wp-content\/uploads\/2024\/07\/WhatsApp-Image-2024-07-05-at-11.23.19_2024-07-05_15-02-58_jpeg_2024-07-05_15-02-58.webp.webp?fit=1200%2C675&ssl=1&resize=700%2C400 2x, https:\/\/i0.wp.com\/noticiasribeiraopreto.com.br\/wp-content\/uploads\/2024\/07\/WhatsApp-Image-2024-07-05-at-11.23.19_2024-07-05_15-02-58_jpeg_2024-07-05_15-02-58.webp.webp?fit=1200%2C675&ssl=1&resize=1050%2C600 3x"},"classes":[]},{"id":44239,"url":"https:\/\/noticiasribeiraopreto.com.br\/index.php\/2024\/03\/26\/musica-teatro-e-troca-de-livros-confira-a-programacao-do-sesi-ribeirao-preto\/","url_meta":{"origin":90796,"position":2},"title":"M\u00fasica, teatro e troca de livros: Confira a programa\u00e7\u00e3o do Sesi Ribeir\u00e3o Preto","author":"noticiasribeiraopreto.com.br","date":"26 de March de 2024","format":false,"excerpt":"Neste fim de semana, o Sesi Ribeir\u00e3o Preto conta com uma programa\u00e7\u00e3o para toda fam\u00edlia. Entre as atra\u00e7\u00f5es est\u00e3o m\u00fasica, teatro \u201clambe-lambe\u201d, feira de troca de livros e at\u00e9 hora do lanche para o p\u00fablico. No s\u00e1bado (30), das 9h \u00e0s 16h acontece \u00e0 quarta edi\u00e7\u00e3o da \u201cLivro por Livro\u201d\u2026","rel":"","context":"In &quot;Not\u00edcias de Ribeir\u00e3o Preto-SP e Regi\u00e3o&quot;","block_context":{"text":"Not\u00edcias de Ribeir\u00e3o Preto-SP e Regi\u00e3o","link":"https:\/\/noticiasribeiraopreto.com.br\/index.php\/category\/noticias-de-ribeirao-preto-sp-e-regiao-ismael-colosi\/"},"img":{"alt_text":"","src":"https:\/\/i0.wp.com\/noticiasribeiraopreto.com.br\/wp-content\/uploads\/2024\/03\/Copia-de-Copia-de-TAMANHO-EXATO-PARA-FOTOS-NO-SISTEMA-NOVO-5-1.jpg?fit=1200%2C675&ssl=1&resize=350%2C200","width":350,"height":200,"srcset":"https:\/\/i0.wp.com\/noticiasribeiraopreto.com.br\/wp-content\/uploads\/2024\/03\/Copia-de-Copia-de-TAMANHO-EXATO-PARA-FOTOS-NO-SISTEMA-NOVO-5-1.jpg?fit=1200%2C675&ssl=1&resize=350%2C200 1x, https:\/\/i0.wp.com\/noticiasribeiraopreto.com.br\/wp-content\/uploads\/2024\/03\/Copia-de-Copia-de-TAMANHO-EXATO-PARA-FOTOS-NO-SISTEMA-NOVO-5-1.jpg?fit=1200%2C675&ssl=1&resize=525%2C300 1.5x, https:\/\/i0.wp.com\/noticiasribeiraopreto.com.br\/wp-content\/uploads\/2024\/03\/Copia-de-Copia-de-TAMANHO-EXATO-PARA-FOTOS-NO-SISTEMA-NOVO-5-1.jpg?fit=1200%2C675&ssl=1&resize=700%2C400 2x, https:\/\/i0.wp.com\/noticiasribeiraopreto.com.br\/wp-content\/uploads\/2024\/03\/Copia-de-Copia-de-TAMANHO-EXATO-PARA-FOTOS-NO-SISTEMA-NOVO-5-1.jpg?fit=1200%2C675&ssl=1&resize=1050%2C600 3x"},"classes":[]},{"id":55352,"url":"https:\/\/noticiasribeiraopreto.com.br\/index.php\/2024\/08\/01\/veja-a-programacao-do-primeiro-dia-da-feira-do-livro-de-ribeirao-preto\/","url_meta":{"origin":90796,"position":3},"title":"Veja a programa\u00e7\u00e3o do primeiro dia da Feira do Livro de Ribeir\u00e3o Preto","author":"noticiasribeiraopreto.com.br","date":"1 de August de 2024","format":false,"excerpt":"A 23\u00aa edi\u00e7\u00e3o da Feira Internacional do Livro de Ribeir\u00e3o Preto inicia nesta quinta-feira (1\u00ba de agosto) e segue at\u00e9 o dia 11 de agosto, com uma programa\u00e7\u00e3o com mais de 400 atividades gratuitas que acontecem principalmente na Pra\u00e7a XV, Esplanada do Theatro Pedro II e o no Theatro Pedro\u2026","rel":"","context":"In &quot;Not\u00edcias de Ribeir\u00e3o Preto-SP e Regi\u00e3o&quot;","block_context":{"text":"Not\u00edcias de Ribeir\u00e3o Preto-SP e Regi\u00e3o","link":"https:\/\/noticiasribeiraopreto.com.br\/index.php\/category\/noticias-de-ribeirao-preto-sp-e-regiao-ismael-colosi\/"},"img":{"alt_text":"","src":"https:\/\/i0.wp.com\/noticiasribeiraopreto.com.br\/wp-content\/uploads\/2024\/08\/Copia-de-Copia-de-TAMANHO-EXATO-PARA-FOTOS-NO-SISTEMA-NOVO-20_2024-07-31_11-31-49_jpg_2024-07-31_11-31-49.webp.webp?fit=1200%2C675&ssl=1&resize=350%2C200","width":350,"height":200,"srcset":"https:\/\/i0.wp.com\/noticiasribeiraopreto.com.br\/wp-content\/uploads\/2024\/08\/Copia-de-Copia-de-TAMANHO-EXATO-PARA-FOTOS-NO-SISTEMA-NOVO-20_2024-07-31_11-31-49_jpg_2024-07-31_11-31-49.webp.webp?fit=1200%2C675&ssl=1&resize=350%2C200 1x, https:\/\/i0.wp.com\/noticiasribeiraopreto.com.br\/wp-content\/uploads\/2024\/08\/Copia-de-Copia-de-TAMANHO-EXATO-PARA-FOTOS-NO-SISTEMA-NOVO-20_2024-07-31_11-31-49_jpg_2024-07-31_11-31-49.webp.webp?fit=1200%2C675&ssl=1&resize=525%2C300 1.5x, https:\/\/i0.wp.com\/noticiasribeiraopreto.com.br\/wp-content\/uploads\/2024\/08\/Copia-de-Copia-de-TAMANHO-EXATO-PARA-FOTOS-NO-SISTEMA-NOVO-20_2024-07-31_11-31-49_jpg_2024-07-31_11-31-49.webp.webp?fit=1200%2C675&ssl=1&resize=700%2C400 2x, https:\/\/i0.wp.com\/noticiasribeiraopreto.com.br\/wp-content\/uploads\/2024\/08\/Copia-de-Copia-de-TAMANHO-EXATO-PARA-FOTOS-NO-SISTEMA-NOVO-20_2024-07-31_11-31-49_jpg_2024-07-31_11-31-49.webp.webp?fit=1200%2C675&ssl=1&resize=1050%2C600 3x"},"classes":[]},{"id":89447,"url":"https:\/\/noticiasribeiraopreto.com.br\/index.php\/2026\/08\/05\/17a-feira-do-livro-de-sao-joaquim-da-barra-comeca-nesta-semana-com-homenagem-a-ruth-rocha-e-programacao-gratuita\/","url_meta":{"origin":90796,"position":4},"title":"17\u00aa Feira do Livro de S\u00e3o Joaquim da Barra come\u00e7a nesta semana com homenagem a Ruth Rocha e programa\u00e7\u00e3o gratuita","author":"noticiasribeiraopreto.com.br","date":"5 de August de 2026","format":false,"excerpt":"A 17\u00aa Feira do Livro de S\u00e3o Joaquim da Barra come\u00e7a nesta quinta-feira (6), no Parque de Exposi\u00e7\u00f5es Tancredo Neves. A edi\u00e7\u00e3o deste ano presta uma homenagem \u00e0 escritora infantil Ruth Rocha, celebrando a trajet\u00f3ria liter\u00e1ria e o impacto das obras de Ruth na forma\u00e7\u00e3o de leitores de diferentes gera\u00e7\u00f5es.\u2026","rel":"","context":"In &quot;Not\u00edcias de Ribeir\u00e3o Preto-SP e Regi\u00e3o&quot;","block_context":{"text":"Not\u00edcias de Ribeir\u00e3o Preto-SP e Regi\u00e3o","link":"https:\/\/noticiasribeiraopreto.com.br\/index.php\/category\/noticias-de-ribeirao-preto-sp-e-regiao-ismael-colosi\/"},"img":{"alt_text":"","src":"https:\/\/i0.wp.com\/noticiasribeiraopreto.com.br\/wp-content\/uploads\/2026\/08\/Feira-do-Livro-de-Sao-Joaquim-da-Barra-3.jpeg?fit=1200%2C660&ssl=1&resize=350%2C200","width":350,"height":200,"srcset":"https:\/\/i0.wp.com\/noticiasribeiraopreto.com.br\/wp-content\/uploads\/2026\/08\/Feira-do-Livro-de-Sao-Joaquim-da-Barra-3.jpeg?fit=1200%2C660&ssl=1&resize=350%2C200 1x, https:\/\/i0.wp.com\/noticiasribeiraopreto.com.br\/wp-content\/uploads\/2026\/08\/Feira-do-Livro-de-Sao-Joaquim-da-Barra-3.jpeg?fit=1200%2C660&ssl=1&resize=525%2C300 1.5x, https:\/\/i0.wp.com\/noticiasribeiraopreto.com.br\/wp-content\/uploads\/2026\/08\/Feira-do-Livro-de-Sao-Joaquim-da-Barra-3.jpeg?fit=1200%2C660&ssl=1&resize=700%2C400 2x, https:\/\/i0.wp.com\/noticiasribeiraopreto.com.br\/wp-content\/uploads\/2026\/08\/Feira-do-Livro-de-Sao-Joaquim-da-Barra-3.jpeg?fit=1200%2C660&ssl=1&resize=1050%2C600 3x"},"classes":[]},{"id":89559,"url":"https:\/\/noticiasribeiraopreto.com.br\/index.php\/2026\/08\/07\/feira-do-livro-anuncia-programacao-da-25a-edicao-com-mais-de-350-atividades-gratuitas-em-ribeirao\/","url_meta":{"origin":90796,"position":5},"title":"Feira do Livro anuncia programa\u00e7\u00e3o da 25\u00aa edi\u00e7\u00e3o com mais de 350 atividades gratuitas em Ribeir\u00e3o","author":"noticiasribeiraopreto.com.br","date":"7 de August de 2026","format":false,"excerpt":"O lan\u00e7amento oficial da programa\u00e7\u00e3o da 25\u00aa edi\u00e7\u00e3o da Feira Internacional do Livro (FIL) de Ribeir\u00e3o Preto aconteceu nesta quinta-feira (7), em um hotel no Centro da cidade, e reuniu autoridades, organizadores e convidados. Neste ano, o evento ter\u00e1 mais de 350 atividades gratuitas, distribu\u00eddas em 20 espa\u00e7os culturais, entre\u2026","rel":"","context":"In &quot;Not\u00edcias de Ribeir\u00e3o Preto-SP e Regi\u00e3o&quot;","block_context":{"text":"Not\u00edcias de Ribeir\u00e3o Preto-SP e Regi\u00e3o","link":"https:\/\/noticiasribeiraopreto.com.br\/index.php\/category\/noticias-de-ribeirao-preto-sp-e-regiao-ismael-colosi\/"},"img":{"alt_text":"","src":"https:\/\/i0.wp.com\/noticiasribeiraopreto.com.br\/wp-content\/uploads\/2026\/08\/feira-do-livro.jpg?fit=1200%2C675&ssl=1&resize=350%2C200","width":350,"height":200,"srcset":"https:\/\/i0.wp.com\/noticiasribeiraopreto.com.br\/wp-content\/uploads\/2026\/08\/feira-do-livro.jpg?fit=1200%2C675&ssl=1&resize=350%2C200 1x, https:\/\/i0.wp.com\/noticiasribeiraopreto.com.br\/wp-content\/uploads\/2026\/08\/feira-do-livro.jpg?fit=1200%2C675&ssl=1&resize=525%2C300 1.5x, https:\/\/i0.wp.com\/noticiasribeiraopreto.com.br\/wp-content\/uploads\/2026\/08\/feira-do-livro.jpg?fit=1200%2C675&ssl=1&resize=700%2C400 2x, https:\/\/i0.wp.com\/noticiasribeiraopreto.com.br\/wp-content\/uploads\/2026\/08\/feira-do-livro.jpg?fit=1200%2C675&ssl=1&resize=1050%2C600 3x"},"classes":[]}],"jetpack_sharing_enabled":true,"jetpack_shortlink":"https:\/\/wp.me\/peQAOb-nCs","jetpack_featured_media_url":"https:\/\/i0.wp.com\/noticiasribeiraopreto.com.br\/wp-content\/uploads\/2026\/08\/feira-do-livro-1-1.jpg?fit=1200%2C675&ssl=1","_links":{"self":[{"href":"https:\/\/noticiasribeiraopreto.com.br\/index.php\/wp-json\/wp\/v2\/posts\/90796","targetHints":{"allow":["GET"]}}],"collection":[{"href":"https:\/\/noticiasribeiraopreto.com.br\/index.php\/wp-json\/wp\/v2\/posts"}],"about":[{"href":"https:\/\/noticiasribeiraopreto.com.br\/index.php\/wp-json\/wp\/v2\/types\/post"}],"author":[{"embeddable":true,"href":"https:\/\/noticiasribeiraopreto.com.br\/index.php\/wp-json\/wp\/v2\/users\/1"}],"replies":[{"embeddable":true,"href":"https:\/\/noticiasribeiraopreto.com.br\/index.php\/wp-json\/wp\/v2\/comments?post=90796"}],"version-history":[{"count":0,"href":"https:\/\/noticiasribeiraopreto.com.br\/index.php\/wp-json\/wp\/v2\/posts\/90796\/revisions"}],"wp:featuredmedia":[{"embeddable":true,"href":"https:\/\/noticiasribeiraopreto.com.br\/index.php\/wp-json\/wp\/v2\/media\/90797"}],"wp:attachment":[{"href":"https:\/\/noticiasribeiraopreto.com.br\/index.php\/wp-json\/wp\/v2\/media?parent=90796"}],"wp:term":[{"taxonomy":"category","embeddable":true,"href":"https:\/\/noticiasribeiraopreto.com.br\/index.php\/wp-json\/wp\/v2\/categories?post=90796"},{"taxonomy":"post_tag","embeddable":true,"href":"https:\/\/noticiasribeiraopreto.com.br\/index.php\/wp-json\/wp\/v2\/tags?post=90796"}],"curies":[{"name":"wp","href":"https:\/\/api.w.org\/{rel}","templated":true}]}}