{"id":90798,"date":"2026-08-31T07:28:02","date_gmt":"2026-08-31T10:28:02","guid":{"rendered":"https:\/\/noticiasribeiraopreto.com.br\/index.php\/2026\/08\/31\/morre-cantor-marcelo-gasparini-apos-luta-contra-o-cancer\/"},"modified":"2026-08-31T07:28:02","modified_gmt":"2026-08-31T10:28:02","slug":"morre-cantor-marcelo-gasparini-apos-luta-contra-o-cancer","status":"publish","type":"post","link":"https:\/\/noticiasribeiraopreto.com.br\/index.php\/2026\/08\/31\/morre-cantor-marcelo-gasparini-apos-luta-contra-o-cancer\/","title":{"rendered":"Morre cantor Marcelo Gasparini ap\u00f3s luta contra o c\u00e2ncer"},"content":{"rendered":"<div class='code-block code-block-1' style='margin: 8px 0 8px auto; text-align: right; display: block; clear: both;'>\n<p><a href=\"https:\/\/wa.link\/vpicfd\"><img data-recalc-dims=\"1\" class=\"wp-image-4922\" style=\"aspect-ratio: 2.0253164556962027; width: 561px; height: auto;\" src=\"https:\/\/i0.wp.com\/ismaelcolosi.com.br\/wp-content\/uploads\/2023\/11\/grupo-de-empregos-whatsapp-e-facebook-ismael-colosi-vagas.jpg?ssl=1\" alt=\"\" \/><\/a><\/p>\n<!-- \/wp:image -->\n<\/div>\n<p> <br \/>\n<\/p>\n<div>\n<p class=\"wp-block-paragraph\">O cantor sertanejo <strong>Marcelo Gasparini<\/strong>, integrante da dupla Maur\u00edcio e Marcelo, morreu, nesta segunfa-feira (31), aos 54 anos.<\/p>\n<p class=\"wp-block-paragraph\">Marcelo <strong>lutava contra um c\u00e2ncer<\/strong> e havia sido diagnosticado, em fevereiro deste ano, com<strong> Leucemia Mieloide Aguda<\/strong> (LMA).<\/p>\n<p class=\"wp-block-paragraph\">Ao lado do irm\u00e3o g\u00eameo, Maur\u00edcio Gasparini, Marcelo construiu uma <strong>trajet\u00f3ria marcada pela m\u00fasica, pela alegria e pela simpatia,<\/strong> conquistando o carinho do p\u00fablico desde o in\u00edcio da carreira. Os dois come\u00e7aram a cantar ainda jovens e, juntos, levaram a m\u00fasica sertaneja a diferentes p\u00fablicos e palcos.<\/p>\n<p class=\"wp-block-paragraph\">Em entrevista ao programa Larga Brasa, apresentado por Antonio Carlos Morandini, do Grupo Thathi de Ribeir\u00e3o,<strong> na semana passada<\/strong>, Maur\u00edcio havia informado que o irm\u00e3o apresentava uma <strong>melhora no quadro da doen\u00e7a. <\/strong><\/p>\n<p class=\"wp-block-paragraph\">A fam\u00edlia tamb\u00e9m relaziou forte <strong>campanha para doa\u00e7\u00e3o de sangue<\/strong>, j\u00e1 que Marcelo precisava receber transfuns\u00e3o de sangue com frequ\u00eancia. O enjamento durante a campanha foi grande.<\/p>\n<p class=\"wp-block-paragraph\">O cantor tamb\u00e9m integrava o projeto <strong>Clube da Viola,<\/strong> que atualmente celebrava uma importante marca: 30 anos de estrada, em uma turn\u00ea que reunia grandes nomes da m\u00fasica sertaneja e valorizava a cultura e a tradi\u00e7\u00e3o da viola.<\/p>\n<p class=\"wp-block-paragraph\">F<strong>ilho do ex-prefeito de Ribeir\u00e3o Preto e ex-deputado estadual Welson Gasparini<\/strong>, que faleceu em 04 de mar\u00e7o de 2024, Marcelo deixa a esposa e um filho, al\u00e9m de familiares, amigos e uma legi\u00e3o de admiradores que acompanharam sua hist\u00f3ria.<\/p>\n<p class=\"wp-block-paragraph\">Neste momento de luto, a fam\u00edlia Gasparini agradece todas as manifesta\u00e7\u00f5es de carinho, solidariedade e ora\u00e7\u00f5es recebidas e pede respeito \u00e0 privacidade dos familiares.<\/p>\n<p class=\"wp-block-paragraph\">Marcelo deixa como legado a m\u00fasica, a alegria e as mem\u00f3rias de uma vida dedicada \u00e0 fam\u00edlia, aos amigos e aos palcos.<\/p>\n<h2 class=\"wp-block-heading\">Vel\u00f3rio<\/h2>\n<p class=\"wp-block-paragraph\">O <strong>vel\u00f3rio acontece hoje, \u00e0s 9h<\/strong>, no Vel\u00f3rio da Paz, localizado na Avenida das L\u00e1grimas, 245.<\/p>\n<p class=\"wp-block-paragraph\">Em seguida, o <strong>sepultamento ser\u00e1 \u00e0s 15h<\/strong>, no Cemit\u00e9rio Bom Pastor.<\/p>\n<\/div>\n<p><br \/>\n<br \/><a href=\"https:\/\/thmais.com.br\/cidades\/ribeirao-preto\/morre-cantor-marcelo-gasparini-apos-luta-contra-o-cancer\/\">Link para o texto original aqui <\/a><\/p>\n<!-- CONTENT END 1 -->\n","protected":false},"excerpt":{"rendered":"<p>O cantor sertanejo Marcelo Gasparini, integrante da dupla Maur\u00edcio e Marcelo, morreu, nesta segunfa-feira (31), aos 54 anos. Marcelo lutava contra um c\u00e2ncer e havia&#8230;<\/p>\n","protected":false},"author":1,"featured_media":90799,"comment_status":"","ping_status":"","sticky":false,"template":"","format":"standard","meta":{"advanced_seo_description":"","jetpack_seo_html_title":"","jetpack_seo_noindex":false,"jetpack_seo_schema_type":"","_jetpack_newsletter_access":"","_jetpack_dont_email_post_to_subs":false,"_jetpack_newsletter_tier_id":0,"_jetpack_memberships_contains_paywalled_content":false,"_jetpack_feature_clip_id":0,"_jetpack_memberships_contains_paid_content":false,"footnotes":"","jetpack_publicize_message":"","jetpack_publicize_feature_enabled":true,"jetpack_social_post_already_shared":true,"jetpack_social_options":{"image_generator_settings":{"template":"highway","default_image_id":0,"font":"","enabled":false},"version":2},"jetpack_post_was_ever_published":false},"categories":[11],"tags":[37,3174,53,109,4730,4877,1583,271],"class_list":["post-90798","post","type-post","status-publish","format-standard","has-post-thumbnail","hentry","category-noticias-de-ribeirao-preto-sp-e-regiao-ismael-colosi","tag-apos","tag-cancer","tag-cantor","tag-contra","tag-gasparini","tag-luta","tag-marcelo","tag-morre"],"jetpack_publicize_connections":[],"jetpack-related-posts":[{"id":90802,"url":"https:\/\/noticiasribeiraopreto.com.br\/index.php\/2026\/08\/31\/morre-marcelo-gasparini-da-dupla-sertaneja-mauricio-e-marcelo\/","url_meta":{"origin":90798,"position":0},"title":"Morre Marcelo Gasparini, da dupla sertaneja Maur\u00edcio e Marcelo","author":"noticiasribeiraopreto.com.br","date":"31 de August de 2026","format":false,"excerpt":"\r \r \r 31 de agosto de 2026 08:15 \r Compartilhar0 Faleceu nesta segunda-feira (31), aos 54 anos, o cantor sertanejo Marcelo Gasparini, integrante da dupla Maur\u00edcio e Marcelo.\u00a0Marcelo lutava contra um c\u00e2ncer e havia sido diagnosticado, em fevereiro deste ano, com Leucemia Miel\u00f3ide Aguda (LMA). Ao lado do irm\u00e3o\u2026","rel":"","context":"In &quot;Not\u00edcias de Ribeir\u00e3o Preto-SP e Regi\u00e3o&quot;","block_context":{"text":"Not\u00edcias de Ribeir\u00e3o Preto-SP e Regi\u00e3o","link":"https:\/\/noticiasribeiraopreto.com.br\/index.php\/category\/noticias-de-ribeirao-preto-sp-e-regiao-ismael-colosi\/"},"img":{"alt_text":"","src":"https:\/\/i0.wp.com\/noticiasribeiraopreto.com.br\/wp-content\/uploads\/2026\/08\/m-gasparini.jpeg?fit=599%2C469&ssl=1&resize=350%2C200","width":350,"height":200,"srcset":"https:\/\/i0.wp.com\/noticiasribeiraopreto.com.br\/wp-content\/uploads\/2026\/08\/m-gasparini.jpeg?fit=599%2C469&ssl=1&resize=350%2C200 1x, https:\/\/i0.wp.com\/noticiasribeiraopreto.com.br\/wp-content\/uploads\/2026\/08\/m-gasparini.jpeg?fit=599%2C469&ssl=1&resize=525%2C300 1.5x"},"classes":[]},{"id":90794,"url":"https:\/\/noticiasribeiraopreto.com.br\/index.php\/2026\/08\/31\/rascunho-automatico\/","url_meta":{"origin":90798,"position":1},"title":"Cantor sertanejo morre aos 54 anos em Ribeir\u00e3o Preto","author":"noticiasribeiraopreto.com.br","date":"31 de August de 2026","format":false,"excerpt":"Morreu na madrugada desta segunda-feira (31), aos 54 anos, o cantor sertanejo Marcelo Gasparini. O artista havia sido diagnosticado com com\u00a0leucemia mieloide aguda (LMA) no dia 17 de mar\u00e7o de 2026. O artista \u00e9 irm\u00e3o do\u00a0vereador Maur\u00edcio Gasparini (Uni\u00e3o)\u00a0e\u00a0filho do ex-prefeito Welson Gasparini, nomes conhecidos na\u00a0pol\u00edtica de Ribeir\u00e3o Preto. As\u2026","rel":"","context":"In &quot;Not\u00edcias de Ribeir\u00e3o Preto-SP e Regi\u00e3o&quot;","block_context":{"text":"Not\u00edcias de Ribeir\u00e3o Preto-SP e Regi\u00e3o","link":"https:\/\/noticiasribeiraopreto.com.br\/index.php\/category\/noticias-de-ribeirao-preto-sp-e-regiao-ismael-colosi\/"},"img":{"alt_text":"","src":"https:\/\/i0.wp.com\/noticiasribeiraopreto.com.br\/wp-content\/uploads\/2026\/08\/gasparini-morte-ribeirao.jpeg?fit=1200%2C675&ssl=1&resize=350%2C200","width":350,"height":200,"srcset":"https:\/\/i0.wp.com\/noticiasribeiraopreto.com.br\/wp-content\/uploads\/2026\/08\/gasparini-morte-ribeirao.jpeg?fit=1200%2C675&ssl=1&resize=350%2C200 1x, https:\/\/i0.wp.com\/noticiasribeiraopreto.com.br\/wp-content\/uploads\/2026\/08\/gasparini-morte-ribeirao.jpeg?fit=1200%2C675&ssl=1&resize=525%2C300 1.5x, https:\/\/i0.wp.com\/noticiasribeiraopreto.com.br\/wp-content\/uploads\/2026\/08\/gasparini-morte-ribeirao.jpeg?fit=1200%2C675&ssl=1&resize=700%2C400 2x, https:\/\/i0.wp.com\/noticiasribeiraopreto.com.br\/wp-content\/uploads\/2026\/08\/gasparini-morte-ribeirao.jpeg?fit=1200%2C675&ssl=1&resize=1050%2C600 3x"},"classes":[]},{"id":83486,"url":"https:\/\/noticiasribeiraopreto.com.br\/index.php\/2026\/03\/19\/cantor-sertanejo-de-ribeirao-preto-e-diagnosticado-com-leucemia-mieloide-aguda\/","url_meta":{"origin":90798,"position":2},"title":"Cantor sertanejo de Ribeir\u00e3o Preto \u00e9 diagnosticado com leucemia mieloide aguda","author":"noticiasribeiraopreto.com.br","date":"19 de March de 2026","format":false,"excerpt":"O cantor sertanejo Marcelo Gasparini revelou nas redes sociais que foi diagnosticado com leucemia mieloide aguda (LMA), nesta ter\u00e7a-feira (17). Ele \u00e9 irm\u00e3o do vereador Maur\u00edcio Gasparini (Uni\u00e3o) e filho do ex-prefeito Welson Gasparini, nomes conhecidos na pol\u00edtica de Ribeir\u00e3o Preto. Em v\u00eddeo publicado em suas redes sociais, o cantor\u2026","rel":"","context":"In &quot;Not\u00edcias de Ribeir\u00e3o Preto-SP e Regi\u00e3o&quot;","block_context":{"text":"Not\u00edcias de Ribeir\u00e3o Preto-SP e Regi\u00e3o","link":"https:\/\/noticiasribeiraopreto.com.br\/index.php\/category\/noticias-de-ribeirao-preto-sp-e-regiao-ismael-colosi\/"},"img":{"alt_text":"","src":"https:\/\/i0.wp.com\/noticiasribeiraopreto.com.br\/wp-content\/uploads\/2026\/03\/domingo-1_2026-03-19_14-52-09.webp.webp?fit=1200%2C675&ssl=1&resize=350%2C200","width":350,"height":200,"srcset":"https:\/\/i0.wp.com\/noticiasribeiraopreto.com.br\/wp-content\/uploads\/2026\/03\/domingo-1_2026-03-19_14-52-09.webp.webp?fit=1200%2C675&ssl=1&resize=350%2C200 1x, https:\/\/i0.wp.com\/noticiasribeiraopreto.com.br\/wp-content\/uploads\/2026\/03\/domingo-1_2026-03-19_14-52-09.webp.webp?fit=1200%2C675&ssl=1&resize=525%2C300 1.5x, https:\/\/i0.wp.com\/noticiasribeiraopreto.com.br\/wp-content\/uploads\/2026\/03\/domingo-1_2026-03-19_14-52-09.webp.webp?fit=1200%2C675&ssl=1&resize=700%2C400 2x, https:\/\/i0.wp.com\/noticiasribeiraopreto.com.br\/wp-content\/uploads\/2026\/03\/domingo-1_2026-03-19_14-52-09.webp.webp?fit=1200%2C675&ssl=1&resize=1050%2C600 3x"},"classes":[]},{"id":68620,"url":"https:\/\/noticiasribeiraopreto.com.br\/index.php\/2025\/04\/27\/pelos-palcos-da-vida-tribuna-ribeirao\/","url_meta":{"origin":90798,"position":3},"title":"Pelos palcos da vida\u00a0 &#8211; Tribuna Ribeir\u00e3o","author":"noticiasribeiraopreto.com.br","date":"27 de April de 2025","format":false,"excerpt":"Reeleito no ano passado com 3.380 votos e em seu quarto mandato parlamentar, o vereador Maur\u00edcio Gasparini (Uni\u00e3o Brasil), afirma que atualmente a pol\u00edtica ficou mais din\u00e2mica, com maior participa\u00e7\u00e3o popular e uma cobran\u00e7a mais intensa por parte da sociedade, o que ele considera extremamente positivo.\u00a0 Filho do ex-prefeito \u2013\u2026","rel":"","context":"In &quot;Not\u00edcias de Ribeir\u00e3o Preto-SP e Regi\u00e3o&quot;","block_context":{"text":"Not\u00edcias de Ribeir\u00e3o Preto-SP e Regi\u00e3o","link":"https:\/\/noticiasribeiraopreto.com.br\/index.php\/category\/noticias-de-ribeirao-preto-sp-e-regiao-ismael-colosi\/"},"img":{"alt_text":"","src":"https:\/\/i0.wp.com\/noticiasribeiraopreto.com.br\/wp-content\/uploads\/2025\/04\/1-mauricio-gasparini_alfredo_risk-4-scaled.jpg?fit=750%2C500&ssl=1&resize=350%2C200","width":350,"height":200,"srcset":"https:\/\/i0.wp.com\/noticiasribeiraopreto.com.br\/wp-content\/uploads\/2025\/04\/1-mauricio-gasparini_alfredo_risk-4-scaled.jpg?fit=750%2C500&ssl=1&resize=350%2C200 1x, https:\/\/i0.wp.com\/noticiasribeiraopreto.com.br\/wp-content\/uploads\/2025\/04\/1-mauricio-gasparini_alfredo_risk-4-scaled.jpg?fit=750%2C500&ssl=1&resize=525%2C300 1.5x, https:\/\/i0.wp.com\/noticiasribeiraopreto.com.br\/wp-content\/uploads\/2025\/04\/1-mauricio-gasparini_alfredo_risk-4-scaled.jpg?fit=750%2C500&ssl=1&resize=700%2C400 2x"},"classes":[]},{"id":40526,"url":"https:\/\/noticiasribeiraopreto.com.br\/index.php\/2024\/03\/04\/relembre-a-trajetoria-do-ex-prefeito-de-ribeirao-preto-welson-gasparini\/","url_meta":{"origin":90798,"position":4},"title":"Relembre a trajet\u00f3ria do ex-prefeito de Ribeir\u00e3o Preto Welson Gasparini","author":"noticiasribeiraopreto.com.br","date":"4 de March de 2024","format":false,"excerpt":"O ex-prefeito de Ribeir\u00e3o Preto Welson Gasparini morreu nesta segunda-feira (4), aos 87 anos. Gasparini nasceu em Batatais em 1\u00ba de dezembro de 1937, filho de Vict\u00f3rio Gasparini e Deolinda Breguerilli. Al\u00e9m de pol\u00edtico, tamb\u00e9m foi jornalista, radialista, professor e advogado. De acordo com a Unimed Ribeir\u00e3o Preto, o ex-prefeito\u2026","rel":"","context":"In &quot;Not\u00edcias de Ribeir\u00e3o Preto-SP e Regi\u00e3o&quot;","block_context":{"text":"Not\u00edcias de Ribeir\u00e3o Preto-SP e Regi\u00e3o","link":"https:\/\/noticiasribeiraopreto.com.br\/index.php\/category\/noticias-de-ribeirao-preto-sp-e-regiao-ismael-colosi\/"},"img":{"alt_text":"","src":"https:\/\/i0.wp.com\/noticiasribeiraopreto.com.br\/wp-content\/uploads\/2024\/03\/AnyConv.com__gasparini-scaled.webp.webp?fit=1200%2C798&ssl=1&resize=350%2C200","width":350,"height":200,"srcset":"https:\/\/i0.wp.com\/noticiasribeiraopreto.com.br\/wp-content\/uploads\/2024\/03\/AnyConv.com__gasparini-scaled.webp.webp?fit=1200%2C798&ssl=1&resize=350%2C200 1x, https:\/\/i0.wp.com\/noticiasribeiraopreto.com.br\/wp-content\/uploads\/2024\/03\/AnyConv.com__gasparini-scaled.webp.webp?fit=1200%2C798&ssl=1&resize=525%2C300 1.5x, https:\/\/i0.wp.com\/noticiasribeiraopreto.com.br\/wp-content\/uploads\/2024\/03\/AnyConv.com__gasparini-scaled.webp.webp?fit=1200%2C798&ssl=1&resize=700%2C400 2x, https:\/\/i0.wp.com\/noticiasribeiraopreto.com.br\/wp-content\/uploads\/2024\/03\/AnyConv.com__gasparini-scaled.webp.webp?fit=1200%2C798&ssl=1&resize=1050%2C600 3x"},"classes":[]},{"id":26388,"url":"https:\/\/noticiasribeiraopreto.com.br\/index.php\/2024\/01\/09\/querido-ator-da-serie-designated-survivor-morre-aos-42-anos-apos-luta-contra-o-cancer\/","url_meta":{"origin":90798,"position":5},"title":"Querido ator da s\u00e9rie &#8216;Designated Survivor&#8217;, morre aos 42 anos ap\u00f3s luta contra o c\u00e2ncer","author":"noticiasribeiraopreto.com.br","date":"9 de January de 2024","format":false,"excerpt":"O mundo do entretenimento est\u00e1 de luto com a partida precoce do querido ator Adan Canto, conhecido por seus pap\u00e9is em s\u00e9ries de sucesso como \u201cDesignated Survivor\u201d e \u201cThe Following\u201d.Aos 42 anos, o ator perdeu a dura batalha contra um c\u00e2ncer de ap\u00eandice, deixando um legado de talento e carisma.\u2026","rel":"","context":"In &quot;Blog&quot;","block_context":{"text":"Blog","link":"https:\/\/noticiasribeiraopreto.com.br\/index.php\/category\/blog\/"},"img":{"alt_text":"","src":"https:\/\/i0.wp.com\/noticiasribeiraopreto.com.br\/wp-content\/uploads\/2024\/01\/postimg-659dc98202c098195.jpg?fit=1200%2C628&ssl=1&resize=350%2C200","width":350,"height":200,"srcset":"https:\/\/i0.wp.com\/noticiasribeiraopreto.com.br\/wp-content\/uploads\/2024\/01\/postimg-659dc98202c098195.jpg?fit=1200%2C628&ssl=1&resize=350%2C200 1x, https:\/\/i0.wp.com\/noticiasribeiraopreto.com.br\/wp-content\/uploads\/2024\/01\/postimg-659dc98202c098195.jpg?fit=1200%2C628&ssl=1&resize=525%2C300 1.5x, https:\/\/i0.wp.com\/noticiasribeiraopreto.com.br\/wp-content\/uploads\/2024\/01\/postimg-659dc98202c098195.jpg?fit=1200%2C628&ssl=1&resize=700%2C400 2x, https:\/\/i0.wp.com\/noticiasribeiraopreto.com.br\/wp-content\/uploads\/2024\/01\/postimg-659dc98202c098195.jpg?fit=1200%2C628&ssl=1&resize=1050%2C600 3x"},"classes":[]}],"jetpack_sharing_enabled":true,"jetpack_shortlink":"https:\/\/wp.me\/peQAOb-nCu","jetpack_featured_media_url":"https:\/\/i0.wp.com\/noticiasribeiraopreto.com.br\/wp-content\/uploads\/2026\/08\/WhatsApp-Image-2026-08-31-at-06.25.58-1-e1788171077509.jpeg?fit=1075%2C850&ssl=1","_links":{"self":[{"href":"https:\/\/noticiasribeiraopreto.com.br\/index.php\/wp-json\/wp\/v2\/posts\/90798","targetHints":{"allow":["GET"]}}],"collection":[{"href":"https:\/\/noticiasribeiraopreto.com.br\/index.php\/wp-json\/wp\/v2\/posts"}],"about":[{"href":"https:\/\/noticiasribeiraopreto.com.br\/index.php\/wp-json\/wp\/v2\/types\/post"}],"author":[{"embeddable":true,"href":"https:\/\/noticiasribeiraopreto.com.br\/index.php\/wp-json\/wp\/v2\/users\/1"}],"replies":[{"embeddable":true,"href":"https:\/\/noticiasribeiraopreto.com.br\/index.php\/wp-json\/wp\/v2\/comments?post=90798"}],"version-history":[{"count":0,"href":"https:\/\/noticiasribeiraopreto.com.br\/index.php\/wp-json\/wp\/v2\/posts\/90798\/revisions"}],"wp:featuredmedia":[{"embeddable":true,"href":"https:\/\/noticiasribeiraopreto.com.br\/index.php\/wp-json\/wp\/v2\/media\/90799"}],"wp:attachment":[{"href":"https:\/\/noticiasribeiraopreto.com.br\/index.php\/wp-json\/wp\/v2\/media?parent=90798"}],"wp:term":[{"taxonomy":"category","embeddable":true,"href":"https:\/\/noticiasribeiraopreto.com.br\/index.php\/wp-json\/wp\/v2\/categories?post=90798"},{"taxonomy":"post_tag","embeddable":true,"href":"https:\/\/noticiasribeiraopreto.com.br\/index.php\/wp-json\/wp\/v2\/tags?post=90798"}],"curies":[{"name":"wp","href":"https:\/\/api.w.org\/{rel}","templated":true}]}}