{"id":90800,"date":"2026-08-31T07:52:07","date_gmt":"2026-08-31T10:52:07","guid":{"rendered":"https:\/\/noticiasribeiraopreto.com.br\/index.php\/2026\/08\/31\/ribeirao-preto-tera-virada-no-tempo-com-chuva-e-queda-nas-temperaturas\/"},"modified":"2026-08-31T07:52:07","modified_gmt":"2026-08-31T10:52:07","slug":"ribeirao-preto-tera-virada-no-tempo-com-chuva-e-queda-nas-temperaturas","status":"publish","type":"post","link":"https:\/\/noticiasribeiraopreto.com.br\/index.php\/2026\/08\/31\/ribeirao-preto-tera-virada-no-tempo-com-chuva-e-queda-nas-temperaturas\/","title":{"rendered":"Ribeir\u00e3o Preto ter\u00e1 virada no tempo com chuva e queda nas temperaturas"},"content":{"rendered":"<div class='code-block code-block-1' style='margin: 8px 0 8px auto; text-align: right; display: block; clear: both;'>\n<p><a href=\"https:\/\/wa.link\/vpicfd\"><img data-recalc-dims=\"1\" class=\"wp-image-4922\" style=\"aspect-ratio: 2.0253164556962027; width: 561px; height: auto;\" src=\"https:\/\/i0.wp.com\/ismaelcolosi.com.br\/wp-content\/uploads\/2023\/11\/grupo-de-empregos-whatsapp-e-facebook-ismael-colosi-vagas.jpg?ssl=1\" alt=\"\" \/><\/a><\/p>\n<!-- \/wp:image -->\n<\/div>\n<p> <br \/>\n<\/p>\n<p>A previs\u00e3o para <strong>Ribeir\u00e3o Preto<\/strong> nesta segunda-feira (31) indica uma manh\u00e3 com sol entre muitas nuvens e <strong>possibilidade de pancadas de chuva<\/strong>. As temperaturas na cidade variam entre <strong>22\u00b0C <\/strong>e <strong>36\u00b0C<\/strong>.<\/p>\n<p>Apesar do cen\u00e1rio, uma nova frente fria deve atuar sobre o Sul do Brasil e o Paraguai nesta segunda-feira (31), e, j\u00e1 na ter\u00e7a-feira (1\u00ba de setembro), <strong>esse sistema avan\u00e7a sobre o Sudeste, inclusive para o Estado de S\u00e3o Paulo.<\/strong><\/p>\n<p>O fen\u00f4meno deve provocar <strong>aumento de nebulosidade<\/strong> <strong>e pancadas de chuva <\/strong>em v\u00e1rias \u00e1reas que estiveram muito quentes no fim de semana \u2013 saiba mais logo abaixo.<\/p>\n<figure class=\"wp-block-image size-large\"><figcaption class=\"wp-element-caption\">Previs\u00e3o para Ribeir\u00e3o Preto indica pancadas de chuva nesta segunda-feira (31) \u2013 Foto: Leonardo Santos<\/figcaption><\/figure>\n<p class=\"has-text-align-center has-cyan-bluish-gray-background-color has-background\"><em>Receba not\u00edcias do\u00a0<strong>acidade on Ribeir\u00e3o\u00a0<\/strong>no WhatsApp e fique por dentro de tudo! Basta acessar o link<a href=\"https:\/\/chat.whatsapp.com\/DfXwcjKVIddHUT3BvnQuPZ?mode=hqctshi\" target=\"_blank\" rel=\"noreferrer noopener\">\u00a0aqui<\/a>!<\/em><\/p>\n<h2 class=\"wp-block-heading\"><strong>Frente fria traz chuva e ventos de at\u00e9 70 km\/h<\/strong><\/h2>\n<p>Um <strong>ciclone extratropical<\/strong> ser\u00e1 o respons\u00e1vel por formar essa <strong>nova frente fria <\/strong>que avan\u00e7a sobre S\u00e3o Paulo logo no come\u00e7o desta semana.<\/p>\n<p>O sistema provoca <strong>temporais<\/strong>, <strong>descargas el\u00e9tricas<\/strong> e<strong> rajadas de vento que podem atingir 70 km\/h<\/strong>, encerrando um per\u00edodo de calor intenso que elevou as temperaturas em algumas regi\u00f5es do estado no fim de semana.<\/p>\n<p><mark class=\"has-inline-color\">Conforme o servi\u00e7o de meteorologia, a probabilidade de chuva em <strong>Ribeir\u00e3o Preto<\/strong> chega a 80%, com nuvens carregadas e pancadas ao longo do dia.<\/mark> Na quarta-feira (2), a chuva perde for\u00e7a, mas a probabilidade ainda fica em 55%.<\/p>\n<p>A chuva retoma a umidade da regi\u00e3o, que enfrenta longo per\u00edodo de tempo seco t\u00edpico do inverno no interior paulista.<\/p>\n<figure class=\"wp-block-gallery has-nested-images columns-default is-cropped wp-block-gallery-1 is-layout-flex wp-block-gallery-is-layout-flex\">\n<figure class=\"wp-block-image size-large\"><img data-recalc-dims=\"1\" loading=\"lazy\" decoding=\"async\" width=\"1024\" height=\"768\" data-id=\"122379\" src=\"https:\/\/i0.wp.com\/www.acidadeon.com\/ribeiraopreto\/wp-content\/uploads\/sites\/3\/2025\/07\/nuvens-ribeirao-preto_2025-07-13_12-33-16-1024x768.webp?resize=1024%2C768&#038;ssl=1\" alt=\"Pancadas de chuva atingem Ribeir\u00e3o Preto - Foto: Leonardo Santos.\" class=\"wp-image-122379\" title=\"Ribeir\u00e3o Preto ter\u00e1 virada no tempo com chuva e queda nas temperaturas 2\"><figcaption class=\"wp-element-caption\">Pancadas de chuva atingem Ribeir\u00e3o Preto \u2013 Foto: Leonardo Santos.<\/figcaption><\/figure>\n<figure class=\"wp-block-image size-large\"><img data-recalc-dims=\"1\" loading=\"lazy\" decoding=\"async\" width=\"1024\" height=\"461\" data-id=\"70401\" src=\"https:\/\/i0.wp.com\/www.acidadeon.com\/ribeiraopreto\/wp-content\/uploads\/sites\/3\/2024\/02\/WhatsApp-Image-2024-02-16-at-11.24.48-1024x461.jpeg?resize=1024%2C461&#038;ssl=1\" alt=\"Ribeir\u00e3o Preto tem previs\u00e3o de chuva nesta segunda - Foto de arquivo: Ricardo Canaveze \/ acidade on\" class=\"wp-image-70401\" title=\"Ribeir\u00e3o Preto ter\u00e1 virada no tempo com chuva e queda nas temperaturas 3\"><figcaption class=\"wp-element-caption\">Ribeir\u00e3o Preto tem previs\u00e3o de chuva nesta segunda \u2013 Foto de arquivo: Ricardo Canaveze \/ acidade on<\/figcaption><\/figure>\n<\/figure>\n<h2 class=\"wp-block-heading\"><strong>Temperaturas despencam a partir de ter\u00e7a-feira<\/strong><\/h2>\n<p>Ainda de acordo com os especialistas, o impacto da <strong>frente fri<\/strong>a nos term\u00f4metros \u00e9 imediato.<strong> A m\u00e1xima despenca dos 35\u00b0C de segunda-feira para 29\u00b0C na ter\u00e7a-feira (1\u00ba), com m\u00ednima de 19\u00b0C.<\/strong><\/p>\n<p>J\u00e1 na quarta-feira (2), o recuo continua: a m\u00e1xima cai para 26\u00b0C e a m\u00ednima chega a 15\u00b0C. O ar frio se estende at\u00e9 o fim da semana, com m\u00ednimas de 13\u00b0C na quinta-feira (3).<\/p>\n<h2 class=\"wp-block-heading\"><strong>Confira a previs\u00e3o para a semana em Ribeir\u00e3o Preto<\/strong><\/h2>\n<ul class=\"wp-block-list\">\n<li><strong>Segunda-feira (31):<\/strong> Sol e aumento de nuvens de manh\u00e3. Pancadas de chuva \u00e0 tarde. \u00c0 noite o tempo fica aberto. M\u00ednima de 22\u00baC e m\u00e1xima de 36\u00baC;<\/li>\n<\/ul>\n<ul class=\"wp-block-list\">\n<li><strong>Ter\u00e7a-feira (1\u00ba):<\/strong> Sol com muitas nuvens e pancadas de chuva \u00e0 tarde. \u00c0 noite ocorre temporal. M\u00ednima de 20\u00baC e m\u00e1xima de 29\u00baC;<\/li>\n<\/ul>\n<ul class=\"wp-block-list\">\n<li><strong>Quarta-feira (2):<\/strong> Sol, com chuva de manh\u00e3 e diminui\u00e7\u00e3o de nuvens \u00e0 tarde. Noite de c\u00e9u limpo. M\u00ednima de 15\u00baC e m\u00e1xima de 25\u00baC.<\/li>\n<\/ul>\n<ul class=\"wp-block-list\">\n<li><strong>Quinta-feira (3):<\/strong> Sol o dia todo sem nuvens no c\u00e9u. Noite de tempo aberto ainda sem nuvens. M\u00ednima de 12\u00baC e m\u00e1xima de 29\u00baC;<\/li>\n<\/ul>\n<ul class=\"wp-block-list\">\n<li><strong>Sexta-feira (4):<\/strong> Dia de sol, com nevoeiro ao amanhecer. As nuvens aumentam \u00e0 tarde. Muitas nuvens \u00e0 noite. M\u00ednima de 15\u00baC e m\u00e1xima de 33\u00baC.<\/li>\n<\/ul>\n<p><strong><em>Fonte:<\/em><\/strong><em> Climatempo<\/em><\/p>\n<p class=\"has-text-align-center has-cyan-bluish-gray-background-color has-background\"><em>Fa\u00e7a uma den\u00fancia ou sugira uma reportagem sobre\u00a0<strong>Ribeir\u00e3o Preto\u00a0<\/strong>e regi\u00e3o por meio do WhatsApp do\u00a0<strong>acidade on Ribeir\u00e3o<\/strong>: (16) 99117-7802.<\/em><\/p>\n<\/p>\n<p>O post Ribeir\u00e3o Preto ter\u00e1 virada no tempo com chuva e queda nas temperaturas apareceu primeiro em ACidade ON Ribeir\u00e3o Preto.<\/p>\n<p><br \/>\n<br \/><a href=\"https:\/\/www.acidadeon.com\/ribeiraopreto\/cotidiano\/ribeirao-preto-tera-virada-no-tempo-com-chuva-e-queda-nas-temperaturas\/\">Link para o texto original aqui <\/a><\/p>\n<!-- CONTENT END 1 -->\n","protected":false},"excerpt":{"rendered":"<p>A previs\u00e3o para Ribeir\u00e3o Preto nesta segunda-feira (31) indica uma manh\u00e3 com sol entre muitas nuvens e possibilidade de pancadas de chuva. As temperaturas na&#8230;<\/p>\n","protected":false},"author":1,"featured_media":90801,"comment_status":"","ping_status":"","sticky":false,"template":"","format":"standard","meta":{"advanced_seo_description":"","jetpack_seo_html_title":"","jetpack_seo_noindex":false,"jetpack_seo_schema_type":"","_jetpack_newsletter_access":"","_jetpack_dont_email_post_to_subs":false,"_jetpack_newsletter_tier_id":0,"_jetpack_memberships_contains_paywalled_content":false,"_jetpack_feature_clip_id":0,"_jetpack_memberships_contains_paid_content":false,"footnotes":"","jetpack_publicize_message":"","jetpack_publicize_feature_enabled":true,"jetpack_social_post_already_shared":true,"jetpack_social_options":{"image_generator_settings":{"template":"highway","default_image_id":0,"font":"","enabled":false},"version":2},"jetpack_post_was_ever_published":false},"categories":[11],"tags":[224,104,27,2588,26,6456,2047,351,679,2307],"class_list":["post-90800","post","type-post","status-publish","format-standard","has-post-thumbnail","hentry","category-noticias-de-ribeirao-preto-sp-e-regiao-ismael-colosi","tag-chuva","tag-nas","tag-preto","tag-queda","tag-ribeirao","tag-ribeirao-preto","tag-temperaturas","tag-tempo","tag-tera","tag-virada"],"jetpack_publicize_connections":[],"jetpack-related-posts":[{"id":6727,"url":"https:\/\/noticiasribeiraopreto.com.br\/index.php\/2023\/11\/26\/chuva-ou-calor-veja-a-previsao-do-tempo-para-os-proximos-cinco-dias\/","url_meta":{"origin":90800,"position":0},"title":"Chuva ou calor? Veja a previs\u00e3o do tempo para os pr\u00f3ximos cinco dias","author":"noticiasribeiraopreto.com.br","date":"26 de November de 2023","format":false,"excerpt":"Ribeir\u00e3o Preto deve ter uma semana t\u00edpica de Ver\u00e3o, aponta a previs\u00e3o da plataforma Climatempo. As temperaturas m\u00e1ximas v\u00e3o estar girando pouco acima dos 30\u00b0C e h\u00e1 boa possibilidade de pancadas de chuva \u00e0 tarde. Nesta segunda-feira (27), a temperatura em Ribeir\u00e3o Preto fica entre 21\u00baC e 31\u00baC, com boa\u2026","rel":"","context":"In &quot;Not\u00edcias de Ribeir\u00e3o Preto-SP e Regi\u00e3o&quot;","block_context":{"text":"Not\u00edcias de Ribeir\u00e3o Preto-SP e Regi\u00e3o","link":"https:\/\/noticiasribeiraopreto.com.br\/index.php\/category\/noticias-de-ribeirao-preto-sp-e-regiao-ismael-colosi\/"},"img":{"alt_text":"","src":"https:\/\/i0.wp.com\/noticiasribeiraopreto.com.br\/wp-content\/uploads\/2023\/11\/WhatsApp-Image-2023-11-26-at-17.35.53.jpeg?fit=1200%2C675&ssl=1&resize=350%2C200","width":350,"height":200,"srcset":"https:\/\/i0.wp.com\/noticiasribeiraopreto.com.br\/wp-content\/uploads\/2023\/11\/WhatsApp-Image-2023-11-26-at-17.35.53.jpeg?fit=1200%2C675&ssl=1&resize=350%2C200 1x, https:\/\/i0.wp.com\/noticiasribeiraopreto.com.br\/wp-content\/uploads\/2023\/11\/WhatsApp-Image-2023-11-26-at-17.35.53.jpeg?fit=1200%2C675&ssl=1&resize=525%2C300 1.5x, https:\/\/i0.wp.com\/noticiasribeiraopreto.com.br\/wp-content\/uploads\/2023\/11\/WhatsApp-Image-2023-11-26-at-17.35.53.jpeg?fit=1200%2C675&ssl=1&resize=700%2C400 2x, https:\/\/i0.wp.com\/noticiasribeiraopreto.com.br\/wp-content\/uploads\/2023\/11\/WhatsApp-Image-2023-11-26-at-17.35.53.jpeg?fit=1200%2C675&ssl=1&resize=1050%2C600 3x"},"classes":[]},{"id":88506,"url":"https:\/\/noticiasribeiraopreto.com.br\/index.php\/2026\/07\/21\/frente-fria-provoca-virada-no-tempo-nesta-semana-veja-previsao-no-estado-de-sp\/","url_meta":{"origin":90800,"position":1},"title":"Frente fria provoca virada no tempo nesta semana; Veja previs\u00e3o no estado de SP","author":"noticiasribeiraopreto.com.br","date":"21 de July de 2026","format":false,"excerpt":"Uma nova frente fria est\u00e1 prevista para avan\u00e7ar pelo estado de S\u00e3o Paulo a partir da pr\u00f3xima quinta-feira (23). Receba not\u00edcias do\u00a0acidade on Ribeir\u00e3o\u00a0no WhatsApp e fique por dentro de tudo! Basta acessar o link\u00a0aqui! Segundo a Meteored, esse sistema, associado a um ciclone extratropical, tem potencial para provocar pancadas\u2026","rel":"","context":"In &quot;Not\u00edcias de Ribeir\u00e3o Preto-SP e Regi\u00e3o&quot;","block_context":{"text":"Not\u00edcias de Ribeir\u00e3o Preto-SP e Regi\u00e3o","link":"https:\/\/noticiasribeiraopreto.com.br\/index.php\/category\/noticias-de-ribeirao-preto-sp-e-regiao-ismael-colosi\/"},"img":{"alt_text":"","src":"https:\/\/i0.wp.com\/noticiasribeiraopreto.com.br\/wp-content\/uploads\/2026\/07\/virada-no-tempo-em-sp-temporais-e-queda-de-ate-10-c-deixam-estado-em-alerta-1784560645899_1024.webp.webp?fit=1024%2C760&ssl=1&resize=350%2C200","width":350,"height":200,"srcset":"https:\/\/i0.wp.com\/noticiasribeiraopreto.com.br\/wp-content\/uploads\/2026\/07\/virada-no-tempo-em-sp-temporais-e-queda-de-ate-10-c-deixam-estado-em-alerta-1784560645899_1024.webp.webp?fit=1024%2C760&ssl=1&resize=350%2C200 1x, https:\/\/i0.wp.com\/noticiasribeiraopreto.com.br\/wp-content\/uploads\/2026\/07\/virada-no-tempo-em-sp-temporais-e-queda-de-ate-10-c-deixam-estado-em-alerta-1784560645899_1024.webp.webp?fit=1024%2C760&ssl=1&resize=525%2C300 1.5x, https:\/\/i0.wp.com\/noticiasribeiraopreto.com.br\/wp-content\/uploads\/2026\/07\/virada-no-tempo-em-sp-temporais-e-queda-de-ate-10-c-deixam-estado-em-alerta-1784560645899_1024.webp.webp?fit=1024%2C760&ssl=1&resize=700%2C400 2x"},"classes":[]},{"id":64761,"url":"https:\/\/noticiasribeiraopreto.com.br\/index.php\/2025\/03\/12\/nova-frente-fria-traz-chuva-e-queda-de-temperatura-para-o-estado-de-sp-veja-quando\/","url_meta":{"origin":90800,"position":2},"title":"Nova frente fria traz chuva e queda de temperatura para o estado de SP; Veja quando","author":"noticiasribeiraopreto.com.br","date":"12 de March de 2025","format":false,"excerpt":"Uma nova frente fria dever\u00e1 trazer pancadas de chuva e provocar a queda da temperatura em grande parte do estado de S\u00e3o Paulo nos pr\u00f3ximos dias. Segundo a Meteored, entre o s\u00e1bado (15) e o domingo (16), a frente fria ser\u00e1 impulsionada por um ciclone e ir\u00e1 reorganizar o tempo\u2026","rel":"","context":"In &quot;Not\u00edcias de Ribeir\u00e3o Preto-SP e Regi\u00e3o&quot;","block_context":{"text":"Not\u00edcias de Ribeir\u00e3o Preto-SP e Regi\u00e3o","link":"https:\/\/noticiasribeiraopreto.com.br\/index.php\/category\/noticias-de-ribeirao-preto-sp-e-regiao-ismael-colosi\/"},"img":{"alt_text":"","src":"https:\/\/i0.wp.com\/noticiasribeiraopreto.com.br\/wp-content\/uploads\/2024\/08\/WhatsApp-Image-2024-07-13-at-19.42.17_2024-07-13_22-42-51_jpeg_2024-07-13_22-42-51.webp.webp?fit=1200%2C553&ssl=1&resize=350%2C200","width":350,"height":200,"srcset":"https:\/\/i0.wp.com\/noticiasribeiraopreto.com.br\/wp-content\/uploads\/2024\/08\/WhatsApp-Image-2024-07-13-at-19.42.17_2024-07-13_22-42-51_jpeg_2024-07-13_22-42-51.webp.webp?fit=1200%2C553&ssl=1&resize=350%2C200 1x, https:\/\/i0.wp.com\/noticiasribeiraopreto.com.br\/wp-content\/uploads\/2024\/08\/WhatsApp-Image-2024-07-13-at-19.42.17_2024-07-13_22-42-51_jpeg_2024-07-13_22-42-51.webp.webp?fit=1200%2C553&ssl=1&resize=525%2C300 1.5x, https:\/\/i0.wp.com\/noticiasribeiraopreto.com.br\/wp-content\/uploads\/2024\/08\/WhatsApp-Image-2024-07-13-at-19.42.17_2024-07-13_22-42-51_jpeg_2024-07-13_22-42-51.webp.webp?fit=1200%2C553&ssl=1&resize=700%2C400 2x, https:\/\/i0.wp.com\/noticiasribeiraopreto.com.br\/wp-content\/uploads\/2024\/08\/WhatsApp-Image-2024-07-13-at-19.42.17_2024-07-13_22-42-51_jpeg_2024-07-13_22-42-51.webp.webp?fit=1200%2C553&ssl=1&resize=1050%2C600 3x"},"classes":[]},{"id":22854,"url":"https:\/\/noticiasribeiraopreto.com.br\/index.php\/2023\/12\/31\/veja-como-fica-o-tempo-em-ribeirao-no-ultimo-dia-de-2023-e-na-hora-da-virada\/","url_meta":{"origin":90800,"position":3},"title":"Veja como fica o tempo em Ribeir\u00e3o no \u00faltimo dia de 2023 e na hora da virada","author":"noticiasribeiraopreto.com.br","date":"31 de December de 2023","format":false,"excerpt":"O \u00faltimo dia de 2023 em Ribeir\u00e3o Preto deve ser de Sol, com temperaturas na casa dos 30\u00b0C e possibilidade de chuva, segundo a Climatempo. Na hora da virada do ano para 2024, o tempo deve permanecer firme, mas h\u00e1 chances de chuva em pontos isolados. Os meteorologistas apontam que\u2026","rel":"","context":"In &quot;Not\u00edcias de Ribeir\u00e3o Preto-SP e Regi\u00e3o&quot;","block_context":{"text":"Not\u00edcias de Ribeir\u00e3o Preto-SP e Regi\u00e3o","link":"https:\/\/noticiasribeiraopreto.com.br\/index.php\/category\/noticias-de-ribeirao-preto-sp-e-regiao-ismael-colosi\/"},"img":{"alt_text":"","src":"https:\/\/i0.wp.com\/noticiasribeiraopreto.com.br\/wp-content\/uploads\/2023\/12\/WhatsApp-Image-2023-10-16-at-09.45.38.jpeg?fit=1200%2C704&ssl=1&resize=350%2C200","width":350,"height":200,"srcset":"https:\/\/i0.wp.com\/noticiasribeiraopreto.com.br\/wp-content\/uploads\/2023\/12\/WhatsApp-Image-2023-10-16-at-09.45.38.jpeg?fit=1200%2C704&ssl=1&resize=350%2C200 1x, https:\/\/i0.wp.com\/noticiasribeiraopreto.com.br\/wp-content\/uploads\/2023\/12\/WhatsApp-Image-2023-10-16-at-09.45.38.jpeg?fit=1200%2C704&ssl=1&resize=525%2C300 1.5x, https:\/\/i0.wp.com\/noticiasribeiraopreto.com.br\/wp-content\/uploads\/2023\/12\/WhatsApp-Image-2023-10-16-at-09.45.38.jpeg?fit=1200%2C704&ssl=1&resize=700%2C400 2x, https:\/\/i0.wp.com\/noticiasribeiraopreto.com.br\/wp-content\/uploads\/2023\/12\/WhatsApp-Image-2023-10-16-at-09.45.38.jpeg?fit=1200%2C704&ssl=1&resize=1050%2C600 3x"},"classes":[]},{"id":74596,"url":"https:\/\/noticiasribeiraopreto.com.br\/index.php\/2025\/07\/25\/vem-chuva-veja-previsao-no-ultimo-fim-de-semana-de-julho-em-ribeirao-preto\/","url_meta":{"origin":90800,"position":4},"title":"Vem chuva? Veja previs\u00e3o no \u00faltimo fim de semana de julho em Ribeir\u00e3o Preto","author":"noticiasribeiraopreto.com.br","date":"25 de July de 2025","format":false,"excerpt":"A semana termina com previs\u00e3o de virada no tempo na regi\u00e3o de Ribeir\u00e3o Preto. Segundo a Climatempo, o avan\u00e7o de um cavado meteorol\u00f3gico pode causar chuva fraca e isolada em munic\u00edpios da regi\u00e3o nesta sexta-feira (25). Mesmo com a previs\u00e3o de chuva, h\u00e1 risco de baixa umidade relativa do ar,\u2026","rel":"","context":"In &quot;Not\u00edcias de Ribeir\u00e3o Preto-SP e Regi\u00e3o&quot;","block_context":{"text":"Not\u00edcias de Ribeir\u00e3o Preto-SP e Regi\u00e3o","link":"https:\/\/noticiasribeiraopreto.com.br\/index.php\/category\/noticias-de-ribeirao-preto-sp-e-regiao-ismael-colosi\/"},"img":{"alt_text":"","src":"https:\/\/i0.wp.com\/noticiasribeiraopreto.com.br\/wp-content\/uploads\/2025\/06\/WhatsApp-Image-2025-06-27-at-07.57.23_2025-06-27_10-59-33.webp.webp?fit=1200%2C553&ssl=1&resize=350%2C200","width":350,"height":200,"srcset":"https:\/\/i0.wp.com\/noticiasribeiraopreto.com.br\/wp-content\/uploads\/2025\/06\/WhatsApp-Image-2025-06-27-at-07.57.23_2025-06-27_10-59-33.webp.webp?fit=1200%2C553&ssl=1&resize=350%2C200 1x, https:\/\/i0.wp.com\/noticiasribeiraopreto.com.br\/wp-content\/uploads\/2025\/06\/WhatsApp-Image-2025-06-27-at-07.57.23_2025-06-27_10-59-33.webp.webp?fit=1200%2C553&ssl=1&resize=525%2C300 1.5x, https:\/\/i0.wp.com\/noticiasribeiraopreto.com.br\/wp-content\/uploads\/2025\/06\/WhatsApp-Image-2025-06-27-at-07.57.23_2025-06-27_10-59-33.webp.webp?fit=1200%2C553&ssl=1&resize=700%2C400 2x, https:\/\/i0.wp.com\/noticiasribeiraopreto.com.br\/wp-content\/uploads\/2025\/06\/WhatsApp-Image-2025-06-27-at-07.57.23_2025-06-27_10-59-33.webp.webp?fit=1200%2C553&ssl=1&resize=1050%2C600 3x"},"classes":[]},{"id":86889,"url":"https:\/\/noticiasribeiraopreto.com.br\/index.php\/2026\/06\/23\/frente-fria-em-sp-veja-as-cidades-sob-alerta-e-previsoes-de-frio-intenso\/","url_meta":{"origin":90800,"position":5},"title":"Frente fria em SP: veja as cidades sob alerta e previs\u00f5es de frio intenso","author":"noticiasribeiraopreto.com.br","date":"23 de June de 2026","format":false,"excerpt":"Uma frente fria avan\u00e7a sobre o Brasil e leva chuva para v\u00e1rias \u00e1reas do Sudeste, incluindo o interior de S\u00e3o Paulo. Por esse motivo, diversas regi\u00f5es receberam alerta da Defesa Civil para chuva, ventos e queda de temperatura \u2013 veja abaixo. Segundo os meteorologistas, junho de 2026 tem registrado um\u2026","rel":"","context":"In &quot;Not\u00edcias de Ribeir\u00e3o Preto-SP e Regi\u00e3o&quot;","block_context":{"text":"Not\u00edcias de Ribeir\u00e3o Preto-SP e Regi\u00e3o","link":"https:\/\/noticiasribeiraopreto.com.br\/index.php\/category\/noticias-de-ribeirao-preto-sp-e-regiao-ismael-colosi\/"},"img":{"alt_text":"","src":"https:\/\/i0.wp.com\/noticiasribeiraopreto.com.br\/wp-content\/uploads\/2025\/04\/1084146-img_5934-1_2025-04-15_20-49-49_jpg_2025-04-15_20-49-51-scaled-e1744750229879.webp.webp?fit=1200%2C933&ssl=1&resize=350%2C200","width":350,"height":200,"srcset":"https:\/\/i0.wp.com\/noticiasribeiraopreto.com.br\/wp-content\/uploads\/2025\/04\/1084146-img_5934-1_2025-04-15_20-49-49_jpg_2025-04-15_20-49-51-scaled-e1744750229879.webp.webp?fit=1200%2C933&ssl=1&resize=350%2C200 1x, https:\/\/i0.wp.com\/noticiasribeiraopreto.com.br\/wp-content\/uploads\/2025\/04\/1084146-img_5934-1_2025-04-15_20-49-49_jpg_2025-04-15_20-49-51-scaled-e1744750229879.webp.webp?fit=1200%2C933&ssl=1&resize=525%2C300 1.5x, https:\/\/i0.wp.com\/noticiasribeiraopreto.com.br\/wp-content\/uploads\/2025\/04\/1084146-img_5934-1_2025-04-15_20-49-49_jpg_2025-04-15_20-49-51-scaled-e1744750229879.webp.webp?fit=1200%2C933&ssl=1&resize=700%2C400 2x, https:\/\/i0.wp.com\/noticiasribeiraopreto.com.br\/wp-content\/uploads\/2025\/04\/1084146-img_5934-1_2025-04-15_20-49-49_jpg_2025-04-15_20-49-51-scaled-e1744750229879.webp.webp?fit=1200%2C933&ssl=1&resize=1050%2C600 3x"},"classes":[]}],"jetpack_sharing_enabled":true,"jetpack_shortlink":"https:\/\/wp.me\/peQAOb-nCw","jetpack_featured_media_url":"https:\/\/i0.wp.com\/noticiasribeiraopreto.com.br\/wp-content\/uploads\/2026\/08\/1788173527_Previsao-do-tempo.jpg?fit=1200%2C675&ssl=1","_links":{"self":[{"href":"https:\/\/noticiasribeiraopreto.com.br\/index.php\/wp-json\/wp\/v2\/posts\/90800","targetHints":{"allow":["GET"]}}],"collection":[{"href":"https:\/\/noticiasribeiraopreto.com.br\/index.php\/wp-json\/wp\/v2\/posts"}],"about":[{"href":"https:\/\/noticiasribeiraopreto.com.br\/index.php\/wp-json\/wp\/v2\/types\/post"}],"author":[{"embeddable":true,"href":"https:\/\/noticiasribeiraopreto.com.br\/index.php\/wp-json\/wp\/v2\/users\/1"}],"replies":[{"embeddable":true,"href":"https:\/\/noticiasribeiraopreto.com.br\/index.php\/wp-json\/wp\/v2\/comments?post=90800"}],"version-history":[{"count":0,"href":"https:\/\/noticiasribeiraopreto.com.br\/index.php\/wp-json\/wp\/v2\/posts\/90800\/revisions"}],"wp:featuredmedia":[{"embeddable":true,"href":"https:\/\/noticiasribeiraopreto.com.br\/index.php\/wp-json\/wp\/v2\/media\/90801"}],"wp:attachment":[{"href":"https:\/\/noticiasribeiraopreto.com.br\/index.php\/wp-json\/wp\/v2\/media?parent=90800"}],"wp:term":[{"taxonomy":"category","embeddable":true,"href":"https:\/\/noticiasribeiraopreto.com.br\/index.php\/wp-json\/wp\/v2\/categories?post=90800"},{"taxonomy":"post_tag","embeddable":true,"href":"https:\/\/noticiasribeiraopreto.com.br\/index.php\/wp-json\/wp\/v2\/tags?post=90800"}],"curies":[{"name":"wp","href":"https:\/\/api.w.org\/{rel}","templated":true}]}}